{"id":46175,"date":"2024-03-02T14:34:02","date_gmt":"2024-03-02T13:34:02","guid":{"rendered":"https:\/\/progettotouring.it\/radiotouring104\/?p=46175"},"modified":"2024-03-02T14:56:40","modified_gmt":"2024-03-02T13:56:40","slug":"tariffe-ridotte-per-lutilizzo-del-granillo-e-del-palacalfiore-la-soddisfazione-di-latella","status":"publish","type":"post","link":"https:\/\/progettotouring.it\/radiotouring104\/2024\/03\/02\/tariffe-ridotte-per-lutilizzo-del-granillo-e-del-palacalfiore-la-soddisfazione-di-latella\/","title":{"rendered":"Tariffe ridotte per l&#8217;utilizzo del Granillo e del PalaCalfiore: la soddisfazione di Latella"},"content":{"rendered":"<p style=\"text-align: justify\">Tariffe ridotte per gli impianti sportivi pi\u00f9 prestigiosi della citt\u00e0. \u00c8 stata la giunta comunale a stabilirlo con una delibera approvata nei giorni scorsi per la \u201cDeterminazione tariffe impianti sportivi-anno 2024\u201d che ha riguardato \u201cIl regime di contribuzione per l\u2019uso temporaneo degli impianti sportivi e palestre scolastiche del comune di Reggio Calabria\u201d. In particolare con la determina \u00e8 stata approvata la riduzione tariffe del <strong>PalaCalafiore e dello stadio \u201cOreste Granillo\u201d<\/strong> nel caso di utilizzo da parte di societ\u00e0 sportive, da un lato <strong>Pallacanestro Viola Reggio Calabria e dall&#8217;altro la Lfa Reggio Calabria.<\/strong> Per il palazzetto di <strong>Pentimele<\/strong> si passa da 500 a 300 euro di tariffa per gara, anche di campionato, con o senza pubblico. Per lo stadio <strong>Granillo<\/strong> la tariffa per gara, con o senza pubblico, del campionato serie D \u00e8 di 1.600 euro, rispetto alla precedente di circa 5.000 euro.<\/p>\n<p style=\"text-align: justify\"><em>&#8220;Un cambiamento necessario <\/em>\u2013 ha chiarito Giovanni Latella, consigliere comunale con la delega allo Sport \u2013 <em>dovuto al fatto che le societ\u00e0 militano in categorie dilettantistiche e allora ci ha portato ad un abbassamento delle tariffe, rispetto a quella unica precedente molto elevata. Basti pensare che quella del <strong>Granillo era di 4.500 euro pi\u00f9 il 5% degli incassi.<\/strong> Sempre al Granillo abbiamo previsto degli scaglioni: 3.000 euro per il campionato di calcio di serie C, e 4.500 euro dalla serie B in su. In questo momento la <strong>Reggina milita in serie D<\/strong> e non pu\u00f2 pagare quanto paga una societ\u00e0 di <strong>serie B o di serie A.<\/strong> Lo stesso dicasi per il <strong>PalaCalafiore<\/strong> che, in questo momento, viene utilizzato da societ\u00e0 dilettantistiche e allora anche in questo caso abbiamo cercato di andare incontro alle nostre societ\u00e0 che lo utilizzano per le attivit\u00e0 sportive&#8221;.<\/em><\/p>\n<p style=\"text-align: justify\">Ma non solo. Si stanno valutando nuove soluzioni. <strong>&#8220;<em>Per gli altri impianti <\/em>\u2013<\/strong> ha aggiunto Latella \u2013<em><strong> abbiamo cercato di mantenere le tariffe inalterate.<\/strong> Per il futuro, considerando l&#8217;uscita dal piano di rientro, stiamo lavorando con l&#8217;assessore al Bilancio e il dirigente del settore per pianificare un ritocco al ribasso delle tariffe per gli altri impianti. La valorizzazione delle strutture esistenti e la creazione di nuove, per dare sempre a pi\u00f9 cittadini la possibilit\u00e0 di fare sport, rientra tra gli obiettivi del sindaco Giuseppe Falcomat\u00e0, stando sempre vicini alle tante societ\u00e0 sportive di base che, con sacrifici e passione, operano nella nostra citt\u00e0 mantenendo vive tante discipline&#8221;.<\/em><\/p>\n","protected":false},"excerpt":{"rendered":"<p>Tariffe ridotte per gli impianti sportivi pi\u00f9 prestigiosi della citt\u00e0. \u00c8 stata la giunta comunale a stabilirlo con una delibera approvata nei giorni scorsi per la \u201cDeterminazione tariffe impianti sportivi-anno&hellip;<\/p>\n","protected":false},"author":8,"featured_media":45896,"comment_status":"closed","ping_status":"open","sticky":false,"template":"","format":"standard","meta":{"_jetpack_memberships_contains_paid_content":false,"footnotes":"","jetpack_publicize_message":"","jetpack_publicize_feature_enabled":true,"jetpack_social_post_already_shared":false,"jetpack_social_options":{"image_generator_settings":{"template":"highway","default_image_id":0,"font":"","enabled":false},"version":2}},"categories":[196,140,144],"tags":[214,3817,21478,384,21733],"class_list":["post-46175","post","type-post","status-publish","format-standard","has-post-thumbnail","hentry","category-news","category-reggio-calabria","category-sport","tag-granillo","tag-latella","tag-lfa-reggio-calabria","tag-palacalafiore","tag-pallacanestro-viola-reggio-calabria"],"yoast_head":"<!-- This site is optimized with the Yoast SEO plugin v27.2 - https:\/\/yoast.com\/product\/yoast-seo-wordpress\/ -->\n<title>Tariffe ridotte per l&#039;utilizzo del Granillo e del PalaCalfiore: la soddisfazione di Latella - Radio Touring 104<\/title>\n<meta name=\"description\" content=\"Sono state ridotte le tasse per l&#039;uso degli impianti reggini: il consigliere comunale con la delega allo Sport, Latella soddisfatto\" \/>\n<meta name=\"robots\" content=\"index, follow, max-snippet:-1, max-image-preview:large, max-video-preview:-1\" \/>\n<link rel=\"canonical\" href=\"https:\/\/progettotouring.it\/radiotouring104\/2024\/03\/02\/tariffe-ridotte-per-lutilizzo-del-granillo-e-del-palacalfiore-la-soddisfazione-di-latella\/\" \/>\n<meta property=\"og:locale\" content=\"it_IT\" \/>\n<meta property=\"og:type\" content=\"article\" \/>\n<meta property=\"og:title\" content=\"Tariffe ridotte per l&#039;utilizzo del Granillo e del PalaCalfiore: la soddisfazione di Latella - Radio Touring 104\" \/>\n<meta property=\"og:description\" content=\"Sono state ridotte le tasse per l&#039;uso degli impianti reggini: il consigliere comunale con la delega allo Sport, Latella soddisfatto\" \/>\n<meta property=\"og:url\" content=\"https:\/\/progettotouring.it\/radiotouring104\/2024\/03\/02\/tariffe-ridotte-per-lutilizzo-del-granillo-e-del-palacalfiore-la-soddisfazione-di-latella\/\" \/>\n<meta property=\"og:site_name\" content=\"Radio Touring 104\" \/>\n<meta property=\"article:published_time\" content=\"2024-03-02T13:34:02+00:00\" \/>\n<meta property=\"article:modified_time\" content=\"2024-03-02T13:56:40+00:00\" \/>\n<meta property=\"og:image\" content=\"https:\/\/progettotouring.it\/radiotouring104\/wp-content\/uploads\/sites\/6\/2024\/02\/giovanni-latella.jpg\" \/>\n\t<meta property=\"og:image:width\" content=\"469\" \/>\n\t<meta property=\"og:image:height\" content=\"403\" \/>\n\t<meta property=\"og:image:type\" content=\"image\/jpeg\" \/>\n<meta name=\"author\" content=\"Filippo Francesco Idone\" \/>\n<meta name=\"twitter:card\" content=\"summary_large_image\" \/>\n<meta name=\"twitter:label1\" content=\"Scritto da\" \/>\n\t<meta name=\"twitter:data1\" content=\"Filippo Francesco Idone\" \/>\n\t<meta name=\"twitter:label2\" content=\"Tempo di lettura stimato\" \/>\n\t<meta name=\"twitter:data2\" content=\"2 minuti\" \/>\n<script type=\"application\/ld+json\" class=\"yoast-schema-graph\">{\"@context\":\"https:\/\/schema.org\",\"@graph\":[{\"@type\":\"Article\",\"@id\":\"https:\/\/progettotouring.it\/radiotouring104\/2024\/03\/02\/tariffe-ridotte-per-lutilizzo-del-granillo-e-del-palacalfiore-la-soddisfazione-di-latella\/#article\",\"isPartOf\":{\"@id\":\"https:\/\/progettotouring.it\/radiotouring104\/2024\/03\/02\/tariffe-ridotte-per-lutilizzo-del-granillo-e-del-palacalfiore-la-soddisfazione-di-latella\/\"},\"author\":{\"name\":\"Filippo Francesco Idone\",\"@id\":\"https:\/\/progettotouring.it\/radiotouring104\/#\/schema\/person\/4a82259ca52ac8702ad1a8f9e5a3120b\"},\"headline\":\"Tariffe ridotte per l&#8217;utilizzo del Granillo e del PalaCalfiore: la soddisfazione di Latella\",\"datePublished\":\"2024-03-02T13:34:02+00:00\",\"dateModified\":\"2024-03-02T13:56:40+00:00\",\"mainEntityOfPage\":{\"@id\":\"https:\/\/progettotouring.it\/radiotouring104\/2024\/03\/02\/tariffe-ridotte-per-lutilizzo-del-granillo-e-del-palacalfiore-la-soddisfazione-di-latella\/\"},\"wordCount\":390,\"publisher\":{\"@id\":\"https:\/\/progettotouring.it\/radiotouring104\/#organization\"},\"image\":{\"@id\":\"https:\/\/progettotouring.it\/radiotouring104\/2024\/03\/02\/tariffe-ridotte-per-lutilizzo-del-granillo-e-del-palacalfiore-la-soddisfazione-di-latella\/#primaryimage\"},\"thumbnailUrl\":\"https:\/\/progettotouring.it\/radiotouring104\/wp-content\/uploads\/sites\/6\/2024\/02\/giovanni-latella.jpg\",\"keywords\":[\"granillo\",\"Latella\",\"LFA Reggio Calabria\",\"Palacalafiore\",\"Pallacanestro Viola Reggio Calabria\"],\"articleSection\":[\"News\",\"Reggio Calabria\",\"Sport\"],\"inLanguage\":\"it-IT\"},{\"@type\":\"WebPage\",\"@id\":\"https:\/\/progettotouring.it\/radiotouring104\/2024\/03\/02\/tariffe-ridotte-per-lutilizzo-del-granillo-e-del-palacalfiore-la-soddisfazione-di-latella\/\",\"url\":\"https:\/\/progettotouring.it\/radiotouring104\/2024\/03\/02\/tariffe-ridotte-per-lutilizzo-del-granillo-e-del-palacalfiore-la-soddisfazione-di-latella\/\",\"name\":\"Tariffe ridotte per l'utilizzo del Granillo e del PalaCalfiore: la soddisfazione di Latella - Radio Touring 104\",\"isPartOf\":{\"@id\":\"https:\/\/progettotouring.it\/radiotouring104\/#website\"},\"primaryImageOfPage\":{\"@id\":\"https:\/\/progettotouring.it\/radiotouring104\/2024\/03\/02\/tariffe-ridotte-per-lutilizzo-del-granillo-e-del-palacalfiore-la-soddisfazione-di-latella\/#primaryimage\"},\"image\":{\"@id\":\"https:\/\/progettotouring.it\/radiotouring104\/2024\/03\/02\/tariffe-ridotte-per-lutilizzo-del-granillo-e-del-palacalfiore-la-soddisfazione-di-latella\/#primaryimage\"},\"thumbnailUrl\":\"https:\/\/progettotouring.it\/radiotouring104\/wp-content\/uploads\/sites\/6\/2024\/02\/giovanni-latella.jpg\",\"datePublished\":\"2024-03-02T13:34:02+00:00\",\"dateModified\":\"2024-03-02T13:56:40+00:00\",\"description\":\"Sono state ridotte le tasse per l'uso degli impianti reggini: il consigliere comunale con la delega allo Sport, Latella soddisfatto\",\"breadcrumb\":{\"@id\":\"https:\/\/progettotouring.it\/radiotouring104\/2024\/03\/02\/tariffe-ridotte-per-lutilizzo-del-granillo-e-del-palacalfiore-la-soddisfazione-di-latella\/#breadcrumb\"},\"inLanguage\":\"it-IT\",\"potentialAction\":[{\"@type\":\"ReadAction\",\"target\":[\"https:\/\/progettotouring.it\/radiotouring104\/2024\/03\/02\/tariffe-ridotte-per-lutilizzo-del-granillo-e-del-palacalfiore-la-soddisfazione-di-latella\/\"]}]},{\"@type\":\"ImageObject\",\"inLanguage\":\"it-IT\",\"@id\":\"https:\/\/progettotouring.it\/radiotouring104\/2024\/03\/02\/tariffe-ridotte-per-lutilizzo-del-granillo-e-del-palacalfiore-la-soddisfazione-di-latella\/#primaryimage\",\"url\":\"https:\/\/progettotouring.it\/radiotouring104\/wp-content\/uploads\/sites\/6\/2024\/02\/giovanni-latella.jpg\",\"contentUrl\":\"https:\/\/progettotouring.it\/radiotouring104\/wp-content\/uploads\/sites\/6\/2024\/02\/giovanni-latella.jpg\",\"width\":469,\"height\":403},{\"@type\":\"BreadcrumbList\",\"@id\":\"https:\/\/progettotouring.it\/radiotouring104\/2024\/03\/02\/tariffe-ridotte-per-lutilizzo-del-granillo-e-del-palacalfiore-la-soddisfazione-di-latella\/#breadcrumb\",\"itemListElement\":[{\"@type\":\"ListItem\",\"position\":1,\"name\":\"Home\",\"item\":\"https:\/\/progettotouring.it\/radiotouring104\/\"},{\"@type\":\"ListItem\",\"position\":2,\"name\":\"Tariffe ridotte per l&#8217;utilizzo del Granillo e del PalaCalfiore: la soddisfazione di Latella\"}]},{\"@type\":\"WebSite\",\"@id\":\"https:\/\/progettotouring.it\/radiotouring104\/#website\",\"url\":\"https:\/\/progettotouring.it\/radiotouring104\/\",\"name\":\"Radio Touring 104\",\"description\":\"La prima radio Reggina\",\"publisher\":{\"@id\":\"https:\/\/progettotouring.it\/radiotouring104\/#organization\"},\"potentialAction\":[{\"@type\":\"SearchAction\",\"target\":{\"@type\":\"EntryPoint\",\"urlTemplate\":\"https:\/\/progettotouring.it\/radiotouring104\/?s={search_term_string}\"},\"query-input\":{\"@type\":\"PropertyValueSpecification\",\"valueRequired\":true,\"valueName\":\"search_term_string\"}}],\"inLanguage\":\"it-IT\"},{\"@type\":\"Organization\",\"@id\":\"https:\/\/progettotouring.it\/radiotouring104\/#organization\",\"name\":\"Radio Touring 104\",\"url\":\"https:\/\/progettotouring.it\/radiotouring104\/\",\"logo\":{\"@type\":\"ImageObject\",\"inLanguage\":\"it-IT\",\"@id\":\"https:\/\/progettotouring.it\/radiotouring104\/#\/schema\/logo\/image\/\",\"url\":\"https:\/\/progettotouring.it\/radiotouring104\/wp-content\/uploads\/sites\/6\/2022\/02\/cropped-logo-radio-touring-104.png\",\"contentUrl\":\"https:\/\/progettotouring.it\/radiotouring104\/wp-content\/uploads\/sites\/6\/2022\/02\/cropped-logo-radio-touring-104.png\",\"width\":377,\"height\":182,\"caption\":\"Radio Touring 104\"},\"image\":{\"@id\":\"https:\/\/progettotouring.it\/radiotouring104\/#\/schema\/logo\/image\/\"}},{\"@type\":\"Person\",\"@id\":\"https:\/\/progettotouring.it\/radiotouring104\/#\/schema\/person\/4a82259ca52ac8702ad1a8f9e5a3120b\",\"name\":\"Filippo Francesco Idone\",\"image\":{\"@type\":\"ImageObject\",\"inLanguage\":\"it-IT\",\"@id\":\"https:\/\/secure.gravatar.com\/avatar\/7268715d2366395c3dd314385670e6484117d44f5c442e61e230f7008b7b62d3?s=96&d=mm&r=g\",\"url\":\"https:\/\/secure.gravatar.com\/avatar\/7268715d2366395c3dd314385670e6484117d44f5c442e61e230f7008b7b62d3?s=96&d=mm&r=g\",\"contentUrl\":\"https:\/\/secure.gravatar.com\/avatar\/7268715d2366395c3dd314385670e6484117d44f5c442e61e230f7008b7b62d3?s=96&d=mm&r=g\",\"caption\":\"Filippo Francesco Idone\"},\"url\":\"https:\/\/progettotouring.it\/radiotouring104\/author\/filippoidone\/\"}]}<\/script>\n<!-- \/ Yoast SEO plugin. -->","yoast_head_json":{"title":"Tariffe ridotte per l'utilizzo del Granillo e del PalaCalfiore: la soddisfazione di Latella - Radio Touring 104","description":"Sono state ridotte le tasse per l'uso degli impianti reggini: il consigliere comunale con la delega allo Sport, Latella soddisfatto","robots":{"index":"index","follow":"follow","max-snippet":"max-snippet:-1","max-image-preview":"max-image-preview:large","max-video-preview":"max-video-preview:-1"},"canonical":"https:\/\/progettotouring.it\/radiotouring104\/2024\/03\/02\/tariffe-ridotte-per-lutilizzo-del-granillo-e-del-palacalfiore-la-soddisfazione-di-latella\/","og_locale":"it_IT","og_type":"article","og_title":"Tariffe ridotte per l'utilizzo del Granillo e del PalaCalfiore: la soddisfazione di Latella - Radio Touring 104","og_description":"Sono state ridotte le tasse per l'uso degli impianti reggini: il consigliere comunale con la delega allo Sport, Latella soddisfatto","og_url":"https:\/\/progettotouring.it\/radiotouring104\/2024\/03\/02\/tariffe-ridotte-per-lutilizzo-del-granillo-e-del-palacalfiore-la-soddisfazione-di-latella\/","og_site_name":"Radio Touring 104","article_published_time":"2024-03-02T13:34:02+00:00","article_modified_time":"2024-03-02T13:56:40+00:00","og_image":[{"width":469,"height":403,"url":"https:\/\/progettotouring.it\/radiotouring104\/wp-content\/uploads\/sites\/6\/2024\/02\/giovanni-latella.jpg","type":"image\/jpeg"}],"author":"Filippo Francesco Idone","twitter_card":"summary_large_image","twitter_misc":{"Scritto da":"Filippo Francesco Idone","Tempo di lettura stimato":"2 minuti"},"schema":{"@context":"https:\/\/schema.org","@graph":[{"@type":"Article","@id":"https:\/\/progettotouring.it\/radiotouring104\/2024\/03\/02\/tariffe-ridotte-per-lutilizzo-del-granillo-e-del-palacalfiore-la-soddisfazione-di-latella\/#article","isPartOf":{"@id":"https:\/\/progettotouring.it\/radiotouring104\/2024\/03\/02\/tariffe-ridotte-per-lutilizzo-del-granillo-e-del-palacalfiore-la-soddisfazione-di-latella\/"},"author":{"name":"Filippo Francesco Idone","@id":"https:\/\/progettotouring.it\/radiotouring104\/#\/schema\/person\/4a82259ca52ac8702ad1a8f9e5a3120b"},"headline":"Tariffe ridotte per l&#8217;utilizzo del Granillo e del PalaCalfiore: la soddisfazione di Latella","datePublished":"2024-03-02T13:34:02+00:00","dateModified":"2024-03-02T13:56:40+00:00","mainEntityOfPage":{"@id":"https:\/\/progettotouring.it\/radiotouring104\/2024\/03\/02\/tariffe-ridotte-per-lutilizzo-del-granillo-e-del-palacalfiore-la-soddisfazione-di-latella\/"},"wordCount":390,"publisher":{"@id":"https:\/\/progettotouring.it\/radiotouring104\/#organization"},"image":{"@id":"https:\/\/progettotouring.it\/radiotouring104\/2024\/03\/02\/tariffe-ridotte-per-lutilizzo-del-granillo-e-del-palacalfiore-la-soddisfazione-di-latella\/#primaryimage"},"thumbnailUrl":"https:\/\/progettotouring.it\/radiotouring104\/wp-content\/uploads\/sites\/6\/2024\/02\/giovanni-latella.jpg","keywords":["granillo","Latella","LFA Reggio Calabria","Palacalafiore","Pallacanestro Viola Reggio Calabria"],"articleSection":["News","Reggio Calabria","Sport"],"inLanguage":"it-IT"},{"@type":"WebPage","@id":"https:\/\/progettotouring.it\/radiotouring104\/2024\/03\/02\/tariffe-ridotte-per-lutilizzo-del-granillo-e-del-palacalfiore-la-soddisfazione-di-latella\/","url":"https:\/\/progettotouring.it\/radiotouring104\/2024\/03\/02\/tariffe-ridotte-per-lutilizzo-del-granillo-e-del-palacalfiore-la-soddisfazione-di-latella\/","name":"Tariffe ridotte per l'utilizzo del Granillo e del PalaCalfiore: la soddisfazione di Latella - Radio Touring 104","isPartOf":{"@id":"https:\/\/progettotouring.it\/radiotouring104\/#website"},"primaryImageOfPage":{"@id":"https:\/\/progettotouring.it\/radiotouring104\/2024\/03\/02\/tariffe-ridotte-per-lutilizzo-del-granillo-e-del-palacalfiore-la-soddisfazione-di-latella\/#primaryimage"},"image":{"@id":"https:\/\/progettotouring.it\/radiotouring104\/2024\/03\/02\/tariffe-ridotte-per-lutilizzo-del-granillo-e-del-palacalfiore-la-soddisfazione-di-latella\/#primaryimage"},"thumbnailUrl":"https:\/\/progettotouring.it\/radiotouring104\/wp-content\/uploads\/sites\/6\/2024\/02\/giovanni-latella.jpg","datePublished":"2024-03-02T13:34:02+00:00","dateModified":"2024-03-02T13:56:40+00:00","description":"Sono state ridotte le tasse per l'uso degli impianti reggini: il consigliere comunale con la delega allo Sport, Latella soddisfatto","breadcrumb":{"@id":"https:\/\/progettotouring.it\/radiotouring104\/2024\/03\/02\/tariffe-ridotte-per-lutilizzo-del-granillo-e-del-palacalfiore-la-soddisfazione-di-latella\/#breadcrumb"},"inLanguage":"it-IT","potentialAction":[{"@type":"ReadAction","target":["https:\/\/progettotouring.it\/radiotouring104\/2024\/03\/02\/tariffe-ridotte-per-lutilizzo-del-granillo-e-del-palacalfiore-la-soddisfazione-di-latella\/"]}]},{"@type":"ImageObject","inLanguage":"it-IT","@id":"https:\/\/progettotouring.it\/radiotouring104\/2024\/03\/02\/tariffe-ridotte-per-lutilizzo-del-granillo-e-del-palacalfiore-la-soddisfazione-di-latella\/#primaryimage","url":"https:\/\/progettotouring.it\/radiotouring104\/wp-content\/uploads\/sites\/6\/2024\/02\/giovanni-latella.jpg","contentUrl":"https:\/\/progettotouring.it\/radiotouring104\/wp-content\/uploads\/sites\/6\/2024\/02\/giovanni-latella.jpg","width":469,"height":403},{"@type":"BreadcrumbList","@id":"https:\/\/progettotouring.it\/radiotouring104\/2024\/03\/02\/tariffe-ridotte-per-lutilizzo-del-granillo-e-del-palacalfiore-la-soddisfazione-di-latella\/#breadcrumb","itemListElement":[{"@type":"ListItem","position":1,"name":"Home","item":"https:\/\/progettotouring.it\/radiotouring104\/"},{"@type":"ListItem","position":2,"name":"Tariffe ridotte per l&#8217;utilizzo del Granillo e del PalaCalfiore: la soddisfazione di Latella"}]},{"@type":"WebSite","@id":"https:\/\/progettotouring.it\/radiotouring104\/#website","url":"https:\/\/progettotouring.it\/radiotouring104\/","name":"Radio Touring 104","description":"La prima radio Reggina","publisher":{"@id":"https:\/\/progettotouring.it\/radiotouring104\/#organization"},"potentialAction":[{"@type":"SearchAction","target":{"@type":"EntryPoint","urlTemplate":"https:\/\/progettotouring.it\/radiotouring104\/?s={search_term_string}"},"query-input":{"@type":"PropertyValueSpecification","valueRequired":true,"valueName":"search_term_string"}}],"inLanguage":"it-IT"},{"@type":"Organization","@id":"https:\/\/progettotouring.it\/radiotouring104\/#organization","name":"Radio Touring 104","url":"https:\/\/progettotouring.it\/radiotouring104\/","logo":{"@type":"ImageObject","inLanguage":"it-IT","@id":"https:\/\/progettotouring.it\/radiotouring104\/#\/schema\/logo\/image\/","url":"https:\/\/progettotouring.it\/radiotouring104\/wp-content\/uploads\/sites\/6\/2022\/02\/cropped-logo-radio-touring-104.png","contentUrl":"https:\/\/progettotouring.it\/radiotouring104\/wp-content\/uploads\/sites\/6\/2022\/02\/cropped-logo-radio-touring-104.png","width":377,"height":182,"caption":"Radio Touring 104"},"image":{"@id":"https:\/\/progettotouring.it\/radiotouring104\/#\/schema\/logo\/image\/"}},{"@type":"Person","@id":"https:\/\/progettotouring.it\/radiotouring104\/#\/schema\/person\/4a82259ca52ac8702ad1a8f9e5a3120b","name":"Filippo Francesco Idone","image":{"@type":"ImageObject","inLanguage":"it-IT","@id":"https:\/\/secure.gravatar.com\/avatar\/7268715d2366395c3dd314385670e6484117d44f5c442e61e230f7008b7b62d3?s=96&d=mm&r=g","url":"https:\/\/secure.gravatar.com\/avatar\/7268715d2366395c3dd314385670e6484117d44f5c442e61e230f7008b7b62d3?s=96&d=mm&r=g","contentUrl":"https:\/\/secure.gravatar.com\/avatar\/7268715d2366395c3dd314385670e6484117d44f5c442e61e230f7008b7b62d3?s=96&d=mm&r=g","caption":"Filippo Francesco Idone"},"url":"https:\/\/progettotouring.it\/radiotouring104\/author\/filippoidone\/"}]}},"jetpack_publicize_connections":[],"jetpack_featured_media_url":"https:\/\/progettotouring.it\/radiotouring104\/wp-content\/uploads\/sites\/6\/2024\/02\/giovanni-latella.jpg","jetpack_sharing_enabled":true,"_links":{"self":[{"href":"https:\/\/progettotouring.it\/radiotouring104\/wp-json\/wp\/v2\/posts\/46175","targetHints":{"allow":["GET"]}}],"collection":[{"href":"https:\/\/progettotouring.it\/radiotouring104\/wp-json\/wp\/v2\/posts"}],"about":[{"href":"https:\/\/progettotouring.it\/radiotouring104\/wp-json\/wp\/v2\/types\/post"}],"author":[{"embeddable":true,"href":"https:\/\/progettotouring.it\/radiotouring104\/wp-json\/wp\/v2\/users\/8"}],"replies":[{"embeddable":true,"href":"https:\/\/progettotouring.it\/radiotouring104\/wp-json\/wp\/v2\/comments?post=46175"}],"version-history":[{"count":1,"href":"https:\/\/progettotouring.it\/radiotouring104\/wp-json\/wp\/v2\/posts\/46175\/revisions"}],"predecessor-version":[{"id":46176,"href":"https:\/\/progettotouring.it\/radiotouring104\/wp-json\/wp\/v2\/posts\/46175\/revisions\/46176"}],"wp:featuredmedia":[{"embeddable":true,"href":"https:\/\/progettotouring.it\/radiotouring104\/wp-json\/wp\/v2\/media\/45896"}],"wp:attachment":[{"href":"https:\/\/progettotouring.it\/radiotouring104\/wp-json\/wp\/v2\/media?parent=46175"}],"wp:term":[{"taxonomy":"category","embeddable":true,"href":"https:\/\/progettotouring.it\/radiotouring104\/wp-json\/wp\/v2\/categories?post=46175"},{"taxonomy":"post_tag","embeddable":true,"href":"https:\/\/progettotouring.it\/radiotouring104\/wp-json\/wp\/v2\/tags?post=46175"}],"curies":[{"name":"wp","href":"https:\/\/api.w.org\/{rel}","templated":true}]}}