{"id":46180,"date":"2024-03-02T14:57:22","date_gmt":"2024-03-02T13:57:22","guid":{"rendered":"https:\/\/progettotouring.it\/radiotouring104\/?p=46180"},"modified":"2024-03-02T15:15:27","modified_gmt":"2024-03-02T14:15:27","slug":"corigliano-rossano-rapani-visita-la-stazione-dei-carabinieri-e-della-polizia","status":"publish","type":"post","link":"https:\/\/progettotouring.it\/radiotouring104\/2024\/03\/02\/corigliano-rossano-rapani-visita-la-stazione-dei-carabinieri-e-della-polizia\/","title":{"rendered":"Corigliano Rossano: Rapani visita la stazione dei Carabinieri e della Polizia"},"content":{"rendered":"<p style=\"text-align: justify\">In un gesto di sostegno e vicinanza alle autorit\u00e0 preposte all\u2019ordine e alla sicurezza pubblica, il <strong>Senatore Ernesto Rapani<\/strong> ha compiuto questa mattina significativi incontri presso il <strong>Reparto Territoriale di Corigliano Rossano<\/strong> e il Commissariato di <strong>Pubblica Sicurezza<\/strong>. L&#8217;iniziativa si inserisce in risposta agli attacchi subiti di recente, sia fisici che mediatici, che hanno sollevato l&#8217;allarme su un potenziale clima di ostilit\u00e0.<\/p>\n<p style=\"text-align: justify\">Accolto dal Tenente Colonnello Marco Filippi, il <strong>Senatore Rapani<\/strong> ha scambiato cordiali saluti e discusso vari aspetti riguardanti l&#8217;attivit\u00e0 delle forze dell&#8217;ordine nel territorio dello jonio cosentino. Durante l&#8217;incontro, \u00e8 emersa la volont\u00e0 di ottimizzare le risorse umane ed economiche, con la proposta di realizzare una struttura baricentrica tra Corigliano e Rossano. Successivamente, il Senatore si \u00e8 recato presso gli uffici del commissariato di pubblica sicurezza, dove ha incontrato il commissario capo Antonio Lavorato Nobile, in sostituzione del dirigente Giuseppe Zanfini, fuori sede per impegni istituzionale.<\/p>\n<p style=\"text-align: justify\">Anche qui, il parlamentare ha espresso interesse circa il sottodimensionamento dell&#8217;organico, chiedendo una relazione dettagliata sulla situazione attuale. L&#8217;iniziativa del <strong>Senatore Rapani<\/strong> rappresenta un importante segnale di solidariet\u00e0 e impegno nel garantire la sicurezza e il benessere della comunit\u00e0, ponendo l&#8217;attenzione sulle necessit\u00e0 e le sfide affrontate dalle forze dell&#8217;ordine sul territorio. Nei prossimi giorni si recher\u00e0 presso gli uffici della <strong>Guardia di Finanza<\/strong><\/p>\n","protected":false},"excerpt":{"rendered":"<p>In un gesto di sostegno e vicinanza alle autorit\u00e0 preposte all\u2019ordine e alla sicurezza pubblica, il Senatore Ernesto Rapani ha compiuto questa mattina significativi incontri presso il Reparto Territoriale di&hellip;<\/p>\n","protected":false},"author":8,"featured_media":31205,"comment_status":"closed","ping_status":"open","sticky":false,"template":"","format":"standard","meta":{"_jetpack_memberships_contains_paid_content":false,"footnotes":"","jetpack_publicize_message":"","jetpack_publicize_feature_enabled":true,"jetpack_social_post_already_shared":false,"jetpack_social_options":{"image_generator_settings":{"template":"highway","default_image_id":0,"font":"","enabled":false},"version":2}},"categories":[142,921,196,195],"tags":[511,5576,362,16764],"class_list":["post-46180","post","type-post","status-publish","format-standard","has-post-thumbnail","hentry","category-calabria","category-home","category-news","category-politica","tag-carabinieri","tag-corigliano-rossano","tag-polizia","tag-rapani"],"yoast_head":"<!-- This site is optimized with the Yoast SEO plugin v27.2 - https:\/\/yoast.com\/product\/yoast-seo-wordpress\/ -->\n<title>Corigliano Rossano: Rapani visita la stazione dei Carabinieri e della Polizia - Radio Touring 104<\/title>\n<meta name=\"description\" content=\"Rapani ha compiuto significativi incontri presso il Reparto Territoriale di Corigliano Rossano e il Commissariato di Pubblica Sicurezza\" \/>\n<meta name=\"robots\" content=\"index, follow, max-snippet:-1, max-image-preview:large, max-video-preview:-1\" \/>\n<link rel=\"canonical\" href=\"https:\/\/progettotouring.it\/radiotouring104\/2024\/03\/02\/corigliano-rossano-rapani-visita-la-stazione-dei-carabinieri-e-della-polizia\/\" \/>\n<meta property=\"og:locale\" content=\"it_IT\" \/>\n<meta property=\"og:type\" content=\"article\" \/>\n<meta property=\"og:title\" content=\"Corigliano Rossano: Rapani visita la stazione dei Carabinieri e della Polizia - Radio Touring 104\" \/>\n<meta property=\"og:description\" content=\"Rapani ha compiuto significativi incontri presso il Reparto Territoriale di Corigliano Rossano e il Commissariato di Pubblica Sicurezza\" \/>\n<meta property=\"og:url\" content=\"https:\/\/progettotouring.it\/radiotouring104\/2024\/03\/02\/corigliano-rossano-rapani-visita-la-stazione-dei-carabinieri-e-della-polizia\/\" \/>\n<meta property=\"og:site_name\" content=\"Radio Touring 104\" \/>\n<meta property=\"article:published_time\" content=\"2024-03-02T13:57:22+00:00\" \/>\n<meta property=\"article:modified_time\" content=\"2024-03-02T14:15:27+00:00\" \/>\n<meta property=\"og:image\" content=\"https:\/\/progettotouring.it\/radiotouring104\/wp-content\/uploads\/sites\/6\/2023\/07\/ernesto-rapani-6.jpeg\" \/>\n\t<meta property=\"og:image:width\" content=\"2048\" \/>\n\t<meta property=\"og:image:height\" content=\"1152\" \/>\n\t<meta property=\"og:image:type\" content=\"image\/jpeg\" \/>\n<meta name=\"author\" content=\"Filippo Francesco Idone\" \/>\n<meta name=\"twitter:card\" content=\"summary_large_image\" \/>\n<meta name=\"twitter:label1\" content=\"Scritto da\" \/>\n\t<meta name=\"twitter:data1\" content=\"Filippo Francesco Idone\" \/>\n\t<meta name=\"twitter:label2\" content=\"Tempo di lettura stimato\" \/>\n\t<meta name=\"twitter:data2\" content=\"1 minuto\" \/>\n<script type=\"application\/ld+json\" class=\"yoast-schema-graph\">{\"@context\":\"https:\/\/schema.org\",\"@graph\":[{\"@type\":\"Article\",\"@id\":\"https:\/\/progettotouring.it\/radiotouring104\/2024\/03\/02\/corigliano-rossano-rapani-visita-la-stazione-dei-carabinieri-e-della-polizia\/#article\",\"isPartOf\":{\"@id\":\"https:\/\/progettotouring.it\/radiotouring104\/2024\/03\/02\/corigliano-rossano-rapani-visita-la-stazione-dei-carabinieri-e-della-polizia\/\"},\"author\":{\"name\":\"Filippo Francesco Idone\",\"@id\":\"https:\/\/progettotouring.it\/radiotouring104\/#\/schema\/person\/4a82259ca52ac8702ad1a8f9e5a3120b\"},\"headline\":\"Corigliano Rossano: Rapani visita la stazione dei Carabinieri e della Polizia\",\"datePublished\":\"2024-03-02T13:57:22+00:00\",\"dateModified\":\"2024-03-02T14:15:27+00:00\",\"mainEntityOfPage\":{\"@id\":\"https:\/\/progettotouring.it\/radiotouring104\/2024\/03\/02\/corigliano-rossano-rapani-visita-la-stazione-dei-carabinieri-e-della-polizia\/\"},\"wordCount\":222,\"publisher\":{\"@id\":\"https:\/\/progettotouring.it\/radiotouring104\/#organization\"},\"image\":{\"@id\":\"https:\/\/progettotouring.it\/radiotouring104\/2024\/03\/02\/corigliano-rossano-rapani-visita-la-stazione-dei-carabinieri-e-della-polizia\/#primaryimage\"},\"thumbnailUrl\":\"https:\/\/progettotouring.it\/radiotouring104\/wp-content\/uploads\/sites\/6\/2023\/07\/ernesto-rapani-6.jpeg\",\"keywords\":[\"carabinieri\",\"Corigliano Rossano\",\"polizia\",\"rapani\"],\"articleSection\":[\"Calabria\",\"Home\",\"News\",\"Politica\"],\"inLanguage\":\"it-IT\"},{\"@type\":\"WebPage\",\"@id\":\"https:\/\/progettotouring.it\/radiotouring104\/2024\/03\/02\/corigliano-rossano-rapani-visita-la-stazione-dei-carabinieri-e-della-polizia\/\",\"url\":\"https:\/\/progettotouring.it\/radiotouring104\/2024\/03\/02\/corigliano-rossano-rapani-visita-la-stazione-dei-carabinieri-e-della-polizia\/\",\"name\":\"Corigliano Rossano: Rapani visita la stazione dei Carabinieri e della Polizia - Radio Touring 104\",\"isPartOf\":{\"@id\":\"https:\/\/progettotouring.it\/radiotouring104\/#website\"},\"primaryImageOfPage\":{\"@id\":\"https:\/\/progettotouring.it\/radiotouring104\/2024\/03\/02\/corigliano-rossano-rapani-visita-la-stazione-dei-carabinieri-e-della-polizia\/#primaryimage\"},\"image\":{\"@id\":\"https:\/\/progettotouring.it\/radiotouring104\/2024\/03\/02\/corigliano-rossano-rapani-visita-la-stazione-dei-carabinieri-e-della-polizia\/#primaryimage\"},\"thumbnailUrl\":\"https:\/\/progettotouring.it\/radiotouring104\/wp-content\/uploads\/sites\/6\/2023\/07\/ernesto-rapani-6.jpeg\",\"datePublished\":\"2024-03-02T13:57:22+00:00\",\"dateModified\":\"2024-03-02T14:15:27+00:00\",\"description\":\"Rapani ha compiuto significativi incontri presso il Reparto Territoriale di Corigliano Rossano e il Commissariato di Pubblica Sicurezza\",\"breadcrumb\":{\"@id\":\"https:\/\/progettotouring.it\/radiotouring104\/2024\/03\/02\/corigliano-rossano-rapani-visita-la-stazione-dei-carabinieri-e-della-polizia\/#breadcrumb\"},\"inLanguage\":\"it-IT\",\"potentialAction\":[{\"@type\":\"ReadAction\",\"target\":[\"https:\/\/progettotouring.it\/radiotouring104\/2024\/03\/02\/corigliano-rossano-rapani-visita-la-stazione-dei-carabinieri-e-della-polizia\/\"]}]},{\"@type\":\"ImageObject\",\"inLanguage\":\"it-IT\",\"@id\":\"https:\/\/progettotouring.it\/radiotouring104\/2024\/03\/02\/corigliano-rossano-rapani-visita-la-stazione-dei-carabinieri-e-della-polizia\/#primaryimage\",\"url\":\"https:\/\/progettotouring.it\/radiotouring104\/wp-content\/uploads\/sites\/6\/2023\/07\/ernesto-rapani-6.jpeg\",\"contentUrl\":\"https:\/\/progettotouring.it\/radiotouring104\/wp-content\/uploads\/sites\/6\/2023\/07\/ernesto-rapani-6.jpeg\",\"width\":2048,\"height\":1152},{\"@type\":\"BreadcrumbList\",\"@id\":\"https:\/\/progettotouring.it\/radiotouring104\/2024\/03\/02\/corigliano-rossano-rapani-visita-la-stazione-dei-carabinieri-e-della-polizia\/#breadcrumb\",\"itemListElement\":[{\"@type\":\"ListItem\",\"position\":1,\"name\":\"Home\",\"item\":\"https:\/\/progettotouring.it\/radiotouring104\/\"},{\"@type\":\"ListItem\",\"position\":2,\"name\":\"Corigliano Rossano: Rapani visita la stazione dei Carabinieri e della Polizia\"}]},{\"@type\":\"WebSite\",\"@id\":\"https:\/\/progettotouring.it\/radiotouring104\/#website\",\"url\":\"https:\/\/progettotouring.it\/radiotouring104\/\",\"name\":\"Radio Touring 104\",\"description\":\"La prima radio Reggina\",\"publisher\":{\"@id\":\"https:\/\/progettotouring.it\/radiotouring104\/#organization\"},\"potentialAction\":[{\"@type\":\"SearchAction\",\"target\":{\"@type\":\"EntryPoint\",\"urlTemplate\":\"https:\/\/progettotouring.it\/radiotouring104\/?s={search_term_string}\"},\"query-input\":{\"@type\":\"PropertyValueSpecification\",\"valueRequired\":true,\"valueName\":\"search_term_string\"}}],\"inLanguage\":\"it-IT\"},{\"@type\":\"Organization\",\"@id\":\"https:\/\/progettotouring.it\/radiotouring104\/#organization\",\"name\":\"Radio Touring 104\",\"url\":\"https:\/\/progettotouring.it\/radiotouring104\/\",\"logo\":{\"@type\":\"ImageObject\",\"inLanguage\":\"it-IT\",\"@id\":\"https:\/\/progettotouring.it\/radiotouring104\/#\/schema\/logo\/image\/\",\"url\":\"https:\/\/progettotouring.it\/radiotouring104\/wp-content\/uploads\/sites\/6\/2022\/02\/cropped-logo-radio-touring-104.png\",\"contentUrl\":\"https:\/\/progettotouring.it\/radiotouring104\/wp-content\/uploads\/sites\/6\/2022\/02\/cropped-logo-radio-touring-104.png\",\"width\":377,\"height\":182,\"caption\":\"Radio Touring 104\"},\"image\":{\"@id\":\"https:\/\/progettotouring.it\/radiotouring104\/#\/schema\/logo\/image\/\"}},{\"@type\":\"Person\",\"@id\":\"https:\/\/progettotouring.it\/radiotouring104\/#\/schema\/person\/4a82259ca52ac8702ad1a8f9e5a3120b\",\"name\":\"Filippo Francesco Idone\",\"image\":{\"@type\":\"ImageObject\",\"inLanguage\":\"it-IT\",\"@id\":\"https:\/\/secure.gravatar.com\/avatar\/7268715d2366395c3dd314385670e6484117d44f5c442e61e230f7008b7b62d3?s=96&d=mm&r=g\",\"url\":\"https:\/\/secure.gravatar.com\/avatar\/7268715d2366395c3dd314385670e6484117d44f5c442e61e230f7008b7b62d3?s=96&d=mm&r=g\",\"contentUrl\":\"https:\/\/secure.gravatar.com\/avatar\/7268715d2366395c3dd314385670e6484117d44f5c442e61e230f7008b7b62d3?s=96&d=mm&r=g\",\"caption\":\"Filippo Francesco Idone\"},\"url\":\"https:\/\/progettotouring.it\/radiotouring104\/author\/filippoidone\/\"}]}<\/script>\n<!-- \/ Yoast SEO plugin. -->","yoast_head_json":{"title":"Corigliano Rossano: Rapani visita la stazione dei Carabinieri e della Polizia - Radio Touring 104","description":"Rapani ha compiuto significativi incontri presso il Reparto Territoriale di Corigliano Rossano e il Commissariato di Pubblica Sicurezza","robots":{"index":"index","follow":"follow","max-snippet":"max-snippet:-1","max-image-preview":"max-image-preview:large","max-video-preview":"max-video-preview:-1"},"canonical":"https:\/\/progettotouring.it\/radiotouring104\/2024\/03\/02\/corigliano-rossano-rapani-visita-la-stazione-dei-carabinieri-e-della-polizia\/","og_locale":"it_IT","og_type":"article","og_title":"Corigliano Rossano: Rapani visita la stazione dei Carabinieri e della Polizia - Radio Touring 104","og_description":"Rapani ha compiuto significativi incontri presso il Reparto Territoriale di Corigliano Rossano e il Commissariato di Pubblica Sicurezza","og_url":"https:\/\/progettotouring.it\/radiotouring104\/2024\/03\/02\/corigliano-rossano-rapani-visita-la-stazione-dei-carabinieri-e-della-polizia\/","og_site_name":"Radio Touring 104","article_published_time":"2024-03-02T13:57:22+00:00","article_modified_time":"2024-03-02T14:15:27+00:00","og_image":[{"width":2048,"height":1152,"url":"https:\/\/progettotouring.it\/radiotouring104\/wp-content\/uploads\/sites\/6\/2023\/07\/ernesto-rapani-6.jpeg","type":"image\/jpeg"}],"author":"Filippo Francesco Idone","twitter_card":"summary_large_image","twitter_misc":{"Scritto da":"Filippo Francesco Idone","Tempo di lettura stimato":"1 minuto"},"schema":{"@context":"https:\/\/schema.org","@graph":[{"@type":"Article","@id":"https:\/\/progettotouring.it\/radiotouring104\/2024\/03\/02\/corigliano-rossano-rapani-visita-la-stazione-dei-carabinieri-e-della-polizia\/#article","isPartOf":{"@id":"https:\/\/progettotouring.it\/radiotouring104\/2024\/03\/02\/corigliano-rossano-rapani-visita-la-stazione-dei-carabinieri-e-della-polizia\/"},"author":{"name":"Filippo Francesco Idone","@id":"https:\/\/progettotouring.it\/radiotouring104\/#\/schema\/person\/4a82259ca52ac8702ad1a8f9e5a3120b"},"headline":"Corigliano Rossano: Rapani visita la stazione dei Carabinieri e della Polizia","datePublished":"2024-03-02T13:57:22+00:00","dateModified":"2024-03-02T14:15:27+00:00","mainEntityOfPage":{"@id":"https:\/\/progettotouring.it\/radiotouring104\/2024\/03\/02\/corigliano-rossano-rapani-visita-la-stazione-dei-carabinieri-e-della-polizia\/"},"wordCount":222,"publisher":{"@id":"https:\/\/progettotouring.it\/radiotouring104\/#organization"},"image":{"@id":"https:\/\/progettotouring.it\/radiotouring104\/2024\/03\/02\/corigliano-rossano-rapani-visita-la-stazione-dei-carabinieri-e-della-polizia\/#primaryimage"},"thumbnailUrl":"https:\/\/progettotouring.it\/radiotouring104\/wp-content\/uploads\/sites\/6\/2023\/07\/ernesto-rapani-6.jpeg","keywords":["carabinieri","Corigliano Rossano","polizia","rapani"],"articleSection":["Calabria","Home","News","Politica"],"inLanguage":"it-IT"},{"@type":"WebPage","@id":"https:\/\/progettotouring.it\/radiotouring104\/2024\/03\/02\/corigliano-rossano-rapani-visita-la-stazione-dei-carabinieri-e-della-polizia\/","url":"https:\/\/progettotouring.it\/radiotouring104\/2024\/03\/02\/corigliano-rossano-rapani-visita-la-stazione-dei-carabinieri-e-della-polizia\/","name":"Corigliano Rossano: Rapani visita la stazione dei Carabinieri e della Polizia - Radio Touring 104","isPartOf":{"@id":"https:\/\/progettotouring.it\/radiotouring104\/#website"},"primaryImageOfPage":{"@id":"https:\/\/progettotouring.it\/radiotouring104\/2024\/03\/02\/corigliano-rossano-rapani-visita-la-stazione-dei-carabinieri-e-della-polizia\/#primaryimage"},"image":{"@id":"https:\/\/progettotouring.it\/radiotouring104\/2024\/03\/02\/corigliano-rossano-rapani-visita-la-stazione-dei-carabinieri-e-della-polizia\/#primaryimage"},"thumbnailUrl":"https:\/\/progettotouring.it\/radiotouring104\/wp-content\/uploads\/sites\/6\/2023\/07\/ernesto-rapani-6.jpeg","datePublished":"2024-03-02T13:57:22+00:00","dateModified":"2024-03-02T14:15:27+00:00","description":"Rapani ha compiuto significativi incontri presso il Reparto Territoriale di Corigliano Rossano e il Commissariato di Pubblica Sicurezza","breadcrumb":{"@id":"https:\/\/progettotouring.it\/radiotouring104\/2024\/03\/02\/corigliano-rossano-rapani-visita-la-stazione-dei-carabinieri-e-della-polizia\/#breadcrumb"},"inLanguage":"it-IT","potentialAction":[{"@type":"ReadAction","target":["https:\/\/progettotouring.it\/radiotouring104\/2024\/03\/02\/corigliano-rossano-rapani-visita-la-stazione-dei-carabinieri-e-della-polizia\/"]}]},{"@type":"ImageObject","inLanguage":"it-IT","@id":"https:\/\/progettotouring.it\/radiotouring104\/2024\/03\/02\/corigliano-rossano-rapani-visita-la-stazione-dei-carabinieri-e-della-polizia\/#primaryimage","url":"https:\/\/progettotouring.it\/radiotouring104\/wp-content\/uploads\/sites\/6\/2023\/07\/ernesto-rapani-6.jpeg","contentUrl":"https:\/\/progettotouring.it\/radiotouring104\/wp-content\/uploads\/sites\/6\/2023\/07\/ernesto-rapani-6.jpeg","width":2048,"height":1152},{"@type":"BreadcrumbList","@id":"https:\/\/progettotouring.it\/radiotouring104\/2024\/03\/02\/corigliano-rossano-rapani-visita-la-stazione-dei-carabinieri-e-della-polizia\/#breadcrumb","itemListElement":[{"@type":"ListItem","position":1,"name":"Home","item":"https:\/\/progettotouring.it\/radiotouring104\/"},{"@type":"ListItem","position":2,"name":"Corigliano Rossano: Rapani visita la stazione dei Carabinieri e della Polizia"}]},{"@type":"WebSite","@id":"https:\/\/progettotouring.it\/radiotouring104\/#website","url":"https:\/\/progettotouring.it\/radiotouring104\/","name":"Radio Touring 104","description":"La prima radio Reggina","publisher":{"@id":"https:\/\/progettotouring.it\/radiotouring104\/#organization"},"potentialAction":[{"@type":"SearchAction","target":{"@type":"EntryPoint","urlTemplate":"https:\/\/progettotouring.it\/radiotouring104\/?s={search_term_string}"},"query-input":{"@type":"PropertyValueSpecification","valueRequired":true,"valueName":"search_term_string"}}],"inLanguage":"it-IT"},{"@type":"Organization","@id":"https:\/\/progettotouring.it\/radiotouring104\/#organization","name":"Radio Touring 104","url":"https:\/\/progettotouring.it\/radiotouring104\/","logo":{"@type":"ImageObject","inLanguage":"it-IT","@id":"https:\/\/progettotouring.it\/radiotouring104\/#\/schema\/logo\/image\/","url":"https:\/\/progettotouring.it\/radiotouring104\/wp-content\/uploads\/sites\/6\/2022\/02\/cropped-logo-radio-touring-104.png","contentUrl":"https:\/\/progettotouring.it\/radiotouring104\/wp-content\/uploads\/sites\/6\/2022\/02\/cropped-logo-radio-touring-104.png","width":377,"height":182,"caption":"Radio Touring 104"},"image":{"@id":"https:\/\/progettotouring.it\/radiotouring104\/#\/schema\/logo\/image\/"}},{"@type":"Person","@id":"https:\/\/progettotouring.it\/radiotouring104\/#\/schema\/person\/4a82259ca52ac8702ad1a8f9e5a3120b","name":"Filippo Francesco Idone","image":{"@type":"ImageObject","inLanguage":"it-IT","@id":"https:\/\/secure.gravatar.com\/avatar\/7268715d2366395c3dd314385670e6484117d44f5c442e61e230f7008b7b62d3?s=96&d=mm&r=g","url":"https:\/\/secure.gravatar.com\/avatar\/7268715d2366395c3dd314385670e6484117d44f5c442e61e230f7008b7b62d3?s=96&d=mm&r=g","contentUrl":"https:\/\/secure.gravatar.com\/avatar\/7268715d2366395c3dd314385670e6484117d44f5c442e61e230f7008b7b62d3?s=96&d=mm&r=g","caption":"Filippo Francesco Idone"},"url":"https:\/\/progettotouring.it\/radiotouring104\/author\/filippoidone\/"}]}},"jetpack_publicize_connections":[],"jetpack_featured_media_url":"https:\/\/progettotouring.it\/radiotouring104\/wp-content\/uploads\/sites\/6\/2023\/07\/ernesto-rapani-6.jpeg","jetpack_sharing_enabled":true,"_links":{"self":[{"href":"https:\/\/progettotouring.it\/radiotouring104\/wp-json\/wp\/v2\/posts\/46180","targetHints":{"allow":["GET"]}}],"collection":[{"href":"https:\/\/progettotouring.it\/radiotouring104\/wp-json\/wp\/v2\/posts"}],"about":[{"href":"https:\/\/progettotouring.it\/radiotouring104\/wp-json\/wp\/v2\/types\/post"}],"author":[{"embeddable":true,"href":"https:\/\/progettotouring.it\/radiotouring104\/wp-json\/wp\/v2\/users\/8"}],"replies":[{"embeddable":true,"href":"https:\/\/progettotouring.it\/radiotouring104\/wp-json\/wp\/v2\/comments?post=46180"}],"version-history":[{"count":1,"href":"https:\/\/progettotouring.it\/radiotouring104\/wp-json\/wp\/v2\/posts\/46180\/revisions"}],"predecessor-version":[{"id":46181,"href":"https:\/\/progettotouring.it\/radiotouring104\/wp-json\/wp\/v2\/posts\/46180\/revisions\/46181"}],"wp:featuredmedia":[{"embeddable":true,"href":"https:\/\/progettotouring.it\/radiotouring104\/wp-json\/wp\/v2\/media\/31205"}],"wp:attachment":[{"href":"https:\/\/progettotouring.it\/radiotouring104\/wp-json\/wp\/v2\/media?parent=46180"}],"wp:term":[{"taxonomy":"category","embeddable":true,"href":"https:\/\/progettotouring.it\/radiotouring104\/wp-json\/wp\/v2\/categories?post=46180"},{"taxonomy":"post_tag","embeddable":true,"href":"https:\/\/progettotouring.it\/radiotouring104\/wp-json\/wp\/v2\/tags?post=46180"}],"curies":[{"name":"wp","href":"https:\/\/api.w.org\/{rel}","templated":true}]}}