{"id":46186,"date":"2024-03-02T16:07:27","date_gmt":"2024-03-02T15:07:27","guid":{"rendered":"https:\/\/progettotouring.it\/radiotouring104\/?p=46186"},"modified":"2024-03-02T17:58:16","modified_gmt":"2024-03-02T16:58:16","slug":"reggio-calabria-aperte-le-porte-a-la-via-crucis-di-serafino-valla","status":"publish","type":"post","link":"https:\/\/progettotouring.it\/radiotouring104\/2024\/03\/02\/reggio-calabria-aperte-le-porte-a-la-via-crucis-di-serafino-valla\/","title":{"rendered":"Reggio Calabria: aperte le porte a &#8220;La Via Crucis di Serafino Valla&#8221;"},"content":{"rendered":"<p style=\"text-align: justify\">Le porte del <strong>Palazzo della Cultura \u201cPasquino Crupi\u201d<\/strong> si sono aperte sulla mostr<strong>a \u201cLa Via Crucis di Serafino Valla\u201d.<\/strong> La personale del maestro Serafino Valla, curata dal professor Giammarco Puntelli in collaborazione con Giuseppina Valla, \u00e8 stata inaugurata dal sindaco metropolitano, Giuseppe Falcomat\u00e0, dal vicesindaco Carmelo Versace e dal consigliere delegato alla Cultura, Filippo Quartuccio, alla presenza, fra gli altri, dei consiglieri comunali reggini Giovanni Latella e Franco Barreca. La mostra, che rimarr\u00e0 visitabile fino al prossimo 5 maggio, presenta in totale quindici nuove opere, ovvero le quattordici stazioni della Via Crucis e una quindicesima stazione che il maestro ha rappresentato come la Risurrezione. Il nuovo percorso espositivo si affianca a quello gi\u00e0 disponibile dallo scorso 11 novembre, dal titolo \u201c<strong>L\u2019arte gentile di Serafino Valla<\/strong>\u201d, visitabile anch&#8217;esso fino al prossimo 5 maggio al Palazzo della Cultura.<\/p>\n<p style=\"text-align: justify\"><em><strong>\u201cE\u2019 un onore<\/strong> &#8211;<\/em> ha detto Falcomat\u00e0 &#8211; <strong>o<\/strong><em><strong>spitare, ampliandone la prospettiva,<\/strong> un grandissimo artista come Valla. La mostra dedicata alla passione di Cristo, ricca di colori e dei tratti naif del maestro di Luzzara, ci accompagna al periodo Pasquale sotto un profilo artistico, oltre che spirituale\u201d. \u201cSerafino Valla<\/em> &#8211; ha aggiunto il sindaco &#8211; <em>manca ormai da 10 anni, ma le sue splendide opere lo hanno reso immortale di fronte ai nostri occhi mai sazi di arte, cultura e bellezza\u201d.<\/em><\/p>\n<p style=\"text-align: justify\">Per il consigliere<strong> Filippo Quartuccio, quella di Serafino Valla<\/strong> \u00e8 \u201cun\u2019arte gentile\u201d. \u201c<em>Questo importante progetto &#8211; ha spiegato &#8211; rappresenta il percorso doloroso vissuto da Ges\u00f9. In questa occasione, quindi, la <strong>Citt\u00e0 Metropolitana<\/strong> ha voluto donare alla comunit\u00e0 un vero e proprio intreccio d\u2019arte e spiritualit\u00e0 lungo il cammino che ci accompagner\u00e0 verso la Quaresima. Palazzo \u201c<strong>Crupi<\/strong>\u201d, in questo senso, si conferma luogo culturale per eccellenza, aperto ad ogni realt\u00e0 per qualificare e diversificare l\u2019offerta artistica presente sul nostro territorio\u201d.<\/em><\/p>\n<p style=\"text-align: justify\">Un territorio, quello reggino, che consolida il suo rapporto con il maestro Serafino Valla, come confermato dalla figlia Giuseppina: <em>\u201cSono grata alle istituzioni ed al sindaco <strong>Giuseppe Falcomat\u00e0<\/strong> perch\u00e9 hanno accolto le opere di mio padre con grande interesse e professionalit\u00e0. Il che mi riempie il cuore perch\u00e9 ritengo importante diffondere il pensiero universale dell\u2019artista Serafino Valla\u201d. \u201c<strong>La mostra dedicata alla via Cruci<\/strong>s<\/em> &#8211; ha affermato la curatrice &#8211; <em>fa conoscere l&#8217;aspetto spirituale dell\u2019opera del maestro Valla. A distanza di un anno dal grande successo riscosso al Santuario del Verna, luogo delle stimmate di <strong>San Francesco d&#8217;Assisi,<\/strong> questa esposizione davvero significativa riempie le sale di uno dei pi\u00f9 importanti siti culturali della regione <strong>Calabria<\/strong>\u201d.<\/em><\/p>\n","protected":false},"excerpt":{"rendered":"<p>Le porte del Palazzo della Cultura \u201cPasquino Crupi\u201d si sono aperte sulla mostra \u201cLa Via Crucis di Serafino Valla\u201d. La personale del maestro Serafino Valla, curata dal professor Giammarco Puntelli&hellip;<\/p>\n","protected":false},"author":8,"featured_media":46187,"comment_status":"closed","ping_status":"open","sticky":false,"template":"","format":"standard","meta":{"_jetpack_memberships_contains_paid_content":false,"footnotes":"","jetpack_publicize_message":"","jetpack_publicize_feature_enabled":true,"jetpack_social_post_already_shared":false,"jetpack_social_options":{"image_generator_settings":{"template":"highway","default_image_id":0,"font":"","enabled":false},"version":2}},"categories":[921,196,140],"tags":[743,28419,20303,28418,10922],"class_list":["post-46186","post","type-post","status-publish","format-standard","has-post-thumbnail","hentry","category-home","category-news","category-reggio-calabria","tag-citta-metropolitana","tag-la-via-crucis-di-serafino-valla","tag-reggio-calaria","tag-serafino-valla","tag-via-crucis"],"yoast_head":"<!-- This site is optimized with the Yoast SEO plugin v27.2 - https:\/\/yoast.com\/product\/yoast-seo-wordpress\/ -->\n<title>Reggio Calabria: aperte le porte a &quot;La Via Crucis di Serafino Valla&quot; - Radio Touring 104<\/title>\n<meta name=\"description\" content=\"Il Palazzo della Cultura &quot;Pasquino Crupi&quot; ha aperto le porte per la mostra intitolata &quot;La Via Crucis di Serafino Valla&quot;\" \/>\n<meta name=\"robots\" content=\"index, follow, max-snippet:-1, max-image-preview:large, max-video-preview:-1\" \/>\n<link rel=\"canonical\" href=\"https:\/\/progettotouring.it\/radiotouring104\/2024\/03\/02\/reggio-calabria-aperte-le-porte-a-la-via-crucis-di-serafino-valla\/\" \/>\n<meta property=\"og:locale\" content=\"it_IT\" \/>\n<meta property=\"og:type\" content=\"article\" \/>\n<meta property=\"og:title\" content=\"Reggio Calabria: aperte le porte a &quot;La Via Crucis di Serafino Valla&quot; - Radio Touring 104\" \/>\n<meta property=\"og:description\" content=\"Il Palazzo della Cultura &quot;Pasquino Crupi&quot; ha aperto le porte per la mostra intitolata &quot;La Via Crucis di Serafino Valla&quot;\" \/>\n<meta property=\"og:url\" content=\"https:\/\/progettotouring.it\/radiotouring104\/2024\/03\/02\/reggio-calabria-aperte-le-porte-a-la-via-crucis-di-serafino-valla\/\" \/>\n<meta property=\"og:site_name\" content=\"Radio Touring 104\" \/>\n<meta property=\"article:published_time\" content=\"2024-03-02T15:07:27+00:00\" \/>\n<meta property=\"article:modified_time\" content=\"2024-03-02T16:58:16+00:00\" \/>\n<meta property=\"og:image\" content=\"https:\/\/progettotouring.it\/radiotouring104\/wp-content\/uploads\/sites\/6\/2024\/03\/La-Via-Crucis-di-Serafino-Valla.jpeg\" \/>\n\t<meta property=\"og:image:width\" content=\"1600\" \/>\n\t<meta property=\"og:image:height\" content=\"900\" \/>\n\t<meta property=\"og:image:type\" content=\"image\/jpeg\" \/>\n<meta name=\"author\" content=\"Filippo Francesco Idone\" \/>\n<meta name=\"twitter:card\" content=\"summary_large_image\" \/>\n<meta name=\"twitter:label1\" content=\"Scritto da\" \/>\n\t<meta name=\"twitter:data1\" content=\"Filippo Francesco Idone\" \/>\n\t<meta name=\"twitter:label2\" content=\"Tempo di lettura stimato\" \/>\n\t<meta name=\"twitter:data2\" content=\"2 minuti\" \/>\n<script type=\"application\/ld+json\" class=\"yoast-schema-graph\">{\"@context\":\"https:\/\/schema.org\",\"@graph\":[{\"@type\":\"Article\",\"@id\":\"https:\/\/progettotouring.it\/radiotouring104\/2024\/03\/02\/reggio-calabria-aperte-le-porte-a-la-via-crucis-di-serafino-valla\/#article\",\"isPartOf\":{\"@id\":\"https:\/\/progettotouring.it\/radiotouring104\/2024\/03\/02\/reggio-calabria-aperte-le-porte-a-la-via-crucis-di-serafino-valla\/\"},\"author\":{\"name\":\"Filippo Francesco Idone\",\"@id\":\"https:\/\/progettotouring.it\/radiotouring104\/#\/schema\/person\/4a82259ca52ac8702ad1a8f9e5a3120b\"},\"headline\":\"Reggio Calabria: aperte le porte a &#8220;La Via Crucis di Serafino Valla&#8221;\",\"datePublished\":\"2024-03-02T15:07:27+00:00\",\"dateModified\":\"2024-03-02T16:58:16+00:00\",\"mainEntityOfPage\":{\"@id\":\"https:\/\/progettotouring.it\/radiotouring104\/2024\/03\/02\/reggio-calabria-aperte-le-porte-a-la-via-crucis-di-serafino-valla\/\"},\"wordCount\":424,\"publisher\":{\"@id\":\"https:\/\/progettotouring.it\/radiotouring104\/#organization\"},\"image\":{\"@id\":\"https:\/\/progettotouring.it\/radiotouring104\/2024\/03\/02\/reggio-calabria-aperte-le-porte-a-la-via-crucis-di-serafino-valla\/#primaryimage\"},\"thumbnailUrl\":\"https:\/\/progettotouring.it\/radiotouring104\/wp-content\/uploads\/sites\/6\/2024\/03\/La-Via-Crucis-di-Serafino-Valla.jpeg\",\"keywords\":[\"Citt\u00e0 metropolitana\",\"La Via Crucis di Serafino Valla\",\"reggio calaria\",\"Serafino Valla\",\"Via Crucis\"],\"articleSection\":[\"Home\",\"News\",\"Reggio Calabria\"],\"inLanguage\":\"it-IT\"},{\"@type\":\"WebPage\",\"@id\":\"https:\/\/progettotouring.it\/radiotouring104\/2024\/03\/02\/reggio-calabria-aperte-le-porte-a-la-via-crucis-di-serafino-valla\/\",\"url\":\"https:\/\/progettotouring.it\/radiotouring104\/2024\/03\/02\/reggio-calabria-aperte-le-porte-a-la-via-crucis-di-serafino-valla\/\",\"name\":\"Reggio Calabria: aperte le porte a \\\"La Via Crucis di Serafino Valla\\\" - Radio Touring 104\",\"isPartOf\":{\"@id\":\"https:\/\/progettotouring.it\/radiotouring104\/#website\"},\"primaryImageOfPage\":{\"@id\":\"https:\/\/progettotouring.it\/radiotouring104\/2024\/03\/02\/reggio-calabria-aperte-le-porte-a-la-via-crucis-di-serafino-valla\/#primaryimage\"},\"image\":{\"@id\":\"https:\/\/progettotouring.it\/radiotouring104\/2024\/03\/02\/reggio-calabria-aperte-le-porte-a-la-via-crucis-di-serafino-valla\/#primaryimage\"},\"thumbnailUrl\":\"https:\/\/progettotouring.it\/radiotouring104\/wp-content\/uploads\/sites\/6\/2024\/03\/La-Via-Crucis-di-Serafino-Valla.jpeg\",\"datePublished\":\"2024-03-02T15:07:27+00:00\",\"dateModified\":\"2024-03-02T16:58:16+00:00\",\"description\":\"Il Palazzo della Cultura \\\"Pasquino Crupi\\\" ha aperto le porte per la mostra intitolata \\\"La Via Crucis di Serafino Valla\\\"\",\"breadcrumb\":{\"@id\":\"https:\/\/progettotouring.it\/radiotouring104\/2024\/03\/02\/reggio-calabria-aperte-le-porte-a-la-via-crucis-di-serafino-valla\/#breadcrumb\"},\"inLanguage\":\"it-IT\",\"potentialAction\":[{\"@type\":\"ReadAction\",\"target\":[\"https:\/\/progettotouring.it\/radiotouring104\/2024\/03\/02\/reggio-calabria-aperte-le-porte-a-la-via-crucis-di-serafino-valla\/\"]}]},{\"@type\":\"ImageObject\",\"inLanguage\":\"it-IT\",\"@id\":\"https:\/\/progettotouring.it\/radiotouring104\/2024\/03\/02\/reggio-calabria-aperte-le-porte-a-la-via-crucis-di-serafino-valla\/#primaryimage\",\"url\":\"https:\/\/progettotouring.it\/radiotouring104\/wp-content\/uploads\/sites\/6\/2024\/03\/La-Via-Crucis-di-Serafino-Valla.jpeg\",\"contentUrl\":\"https:\/\/progettotouring.it\/radiotouring104\/wp-content\/uploads\/sites\/6\/2024\/03\/La-Via-Crucis-di-Serafino-Valla.jpeg\",\"width\":1600,\"height\":900},{\"@type\":\"BreadcrumbList\",\"@id\":\"https:\/\/progettotouring.it\/radiotouring104\/2024\/03\/02\/reggio-calabria-aperte-le-porte-a-la-via-crucis-di-serafino-valla\/#breadcrumb\",\"itemListElement\":[{\"@type\":\"ListItem\",\"position\":1,\"name\":\"Home\",\"item\":\"https:\/\/progettotouring.it\/radiotouring104\/\"},{\"@type\":\"ListItem\",\"position\":2,\"name\":\"Reggio Calabria: aperte le porte a &#8220;La Via Crucis di Serafino Valla&#8221;\"}]},{\"@type\":\"WebSite\",\"@id\":\"https:\/\/progettotouring.it\/radiotouring104\/#website\",\"url\":\"https:\/\/progettotouring.it\/radiotouring104\/\",\"name\":\"Radio Touring 104\",\"description\":\"La prima radio Reggina\",\"publisher\":{\"@id\":\"https:\/\/progettotouring.it\/radiotouring104\/#organization\"},\"potentialAction\":[{\"@type\":\"SearchAction\",\"target\":{\"@type\":\"EntryPoint\",\"urlTemplate\":\"https:\/\/progettotouring.it\/radiotouring104\/?s={search_term_string}\"},\"query-input\":{\"@type\":\"PropertyValueSpecification\",\"valueRequired\":true,\"valueName\":\"search_term_string\"}}],\"inLanguage\":\"it-IT\"},{\"@type\":\"Organization\",\"@id\":\"https:\/\/progettotouring.it\/radiotouring104\/#organization\",\"name\":\"Radio Touring 104\",\"url\":\"https:\/\/progettotouring.it\/radiotouring104\/\",\"logo\":{\"@type\":\"ImageObject\",\"inLanguage\":\"it-IT\",\"@id\":\"https:\/\/progettotouring.it\/radiotouring104\/#\/schema\/logo\/image\/\",\"url\":\"https:\/\/progettotouring.it\/radiotouring104\/wp-content\/uploads\/sites\/6\/2022\/02\/cropped-logo-radio-touring-104.png\",\"contentUrl\":\"https:\/\/progettotouring.it\/radiotouring104\/wp-content\/uploads\/sites\/6\/2022\/02\/cropped-logo-radio-touring-104.png\",\"width\":377,\"height\":182,\"caption\":\"Radio Touring 104\"},\"image\":{\"@id\":\"https:\/\/progettotouring.it\/radiotouring104\/#\/schema\/logo\/image\/\"}},{\"@type\":\"Person\",\"@id\":\"https:\/\/progettotouring.it\/radiotouring104\/#\/schema\/person\/4a82259ca52ac8702ad1a8f9e5a3120b\",\"name\":\"Filippo Francesco Idone\",\"image\":{\"@type\":\"ImageObject\",\"inLanguage\":\"it-IT\",\"@id\":\"https:\/\/secure.gravatar.com\/avatar\/7268715d2366395c3dd314385670e6484117d44f5c442e61e230f7008b7b62d3?s=96&d=mm&r=g\",\"url\":\"https:\/\/secure.gravatar.com\/avatar\/7268715d2366395c3dd314385670e6484117d44f5c442e61e230f7008b7b62d3?s=96&d=mm&r=g\",\"contentUrl\":\"https:\/\/secure.gravatar.com\/avatar\/7268715d2366395c3dd314385670e6484117d44f5c442e61e230f7008b7b62d3?s=96&d=mm&r=g\",\"caption\":\"Filippo Francesco Idone\"},\"url\":\"https:\/\/progettotouring.it\/radiotouring104\/author\/filippoidone\/\"}]}<\/script>\n<!-- \/ Yoast SEO plugin. -->","yoast_head_json":{"title":"Reggio Calabria: aperte le porte a \"La Via Crucis di Serafino Valla\" - Radio Touring 104","description":"Il Palazzo della Cultura \"Pasquino Crupi\" ha aperto le porte per la mostra intitolata \"La Via Crucis di Serafino Valla\"","robots":{"index":"index","follow":"follow","max-snippet":"max-snippet:-1","max-image-preview":"max-image-preview:large","max-video-preview":"max-video-preview:-1"},"canonical":"https:\/\/progettotouring.it\/radiotouring104\/2024\/03\/02\/reggio-calabria-aperte-le-porte-a-la-via-crucis-di-serafino-valla\/","og_locale":"it_IT","og_type":"article","og_title":"Reggio Calabria: aperte le porte a \"La Via Crucis di Serafino Valla\" - Radio Touring 104","og_description":"Il Palazzo della Cultura \"Pasquino Crupi\" ha aperto le porte per la mostra intitolata \"La Via Crucis di Serafino Valla\"","og_url":"https:\/\/progettotouring.it\/radiotouring104\/2024\/03\/02\/reggio-calabria-aperte-le-porte-a-la-via-crucis-di-serafino-valla\/","og_site_name":"Radio Touring 104","article_published_time":"2024-03-02T15:07:27+00:00","article_modified_time":"2024-03-02T16:58:16+00:00","og_image":[{"width":1600,"height":900,"url":"https:\/\/progettotouring.it\/radiotouring104\/wp-content\/uploads\/sites\/6\/2024\/03\/La-Via-Crucis-di-Serafino-Valla.jpeg","type":"image\/jpeg"}],"author":"Filippo Francesco Idone","twitter_card":"summary_large_image","twitter_misc":{"Scritto da":"Filippo Francesco Idone","Tempo di lettura stimato":"2 minuti"},"schema":{"@context":"https:\/\/schema.org","@graph":[{"@type":"Article","@id":"https:\/\/progettotouring.it\/radiotouring104\/2024\/03\/02\/reggio-calabria-aperte-le-porte-a-la-via-crucis-di-serafino-valla\/#article","isPartOf":{"@id":"https:\/\/progettotouring.it\/radiotouring104\/2024\/03\/02\/reggio-calabria-aperte-le-porte-a-la-via-crucis-di-serafino-valla\/"},"author":{"name":"Filippo Francesco Idone","@id":"https:\/\/progettotouring.it\/radiotouring104\/#\/schema\/person\/4a82259ca52ac8702ad1a8f9e5a3120b"},"headline":"Reggio Calabria: aperte le porte a &#8220;La Via Crucis di Serafino Valla&#8221;","datePublished":"2024-03-02T15:07:27+00:00","dateModified":"2024-03-02T16:58:16+00:00","mainEntityOfPage":{"@id":"https:\/\/progettotouring.it\/radiotouring104\/2024\/03\/02\/reggio-calabria-aperte-le-porte-a-la-via-crucis-di-serafino-valla\/"},"wordCount":424,"publisher":{"@id":"https:\/\/progettotouring.it\/radiotouring104\/#organization"},"image":{"@id":"https:\/\/progettotouring.it\/radiotouring104\/2024\/03\/02\/reggio-calabria-aperte-le-porte-a-la-via-crucis-di-serafino-valla\/#primaryimage"},"thumbnailUrl":"https:\/\/progettotouring.it\/radiotouring104\/wp-content\/uploads\/sites\/6\/2024\/03\/La-Via-Crucis-di-Serafino-Valla.jpeg","keywords":["Citt\u00e0 metropolitana","La Via Crucis di Serafino Valla","reggio calaria","Serafino Valla","Via Crucis"],"articleSection":["Home","News","Reggio Calabria"],"inLanguage":"it-IT"},{"@type":"WebPage","@id":"https:\/\/progettotouring.it\/radiotouring104\/2024\/03\/02\/reggio-calabria-aperte-le-porte-a-la-via-crucis-di-serafino-valla\/","url":"https:\/\/progettotouring.it\/radiotouring104\/2024\/03\/02\/reggio-calabria-aperte-le-porte-a-la-via-crucis-di-serafino-valla\/","name":"Reggio Calabria: aperte le porte a \"La Via Crucis di Serafino Valla\" - Radio Touring 104","isPartOf":{"@id":"https:\/\/progettotouring.it\/radiotouring104\/#website"},"primaryImageOfPage":{"@id":"https:\/\/progettotouring.it\/radiotouring104\/2024\/03\/02\/reggio-calabria-aperte-le-porte-a-la-via-crucis-di-serafino-valla\/#primaryimage"},"image":{"@id":"https:\/\/progettotouring.it\/radiotouring104\/2024\/03\/02\/reggio-calabria-aperte-le-porte-a-la-via-crucis-di-serafino-valla\/#primaryimage"},"thumbnailUrl":"https:\/\/progettotouring.it\/radiotouring104\/wp-content\/uploads\/sites\/6\/2024\/03\/La-Via-Crucis-di-Serafino-Valla.jpeg","datePublished":"2024-03-02T15:07:27+00:00","dateModified":"2024-03-02T16:58:16+00:00","description":"Il Palazzo della Cultura \"Pasquino Crupi\" ha aperto le porte per la mostra intitolata \"La Via Crucis di Serafino Valla\"","breadcrumb":{"@id":"https:\/\/progettotouring.it\/radiotouring104\/2024\/03\/02\/reggio-calabria-aperte-le-porte-a-la-via-crucis-di-serafino-valla\/#breadcrumb"},"inLanguage":"it-IT","potentialAction":[{"@type":"ReadAction","target":["https:\/\/progettotouring.it\/radiotouring104\/2024\/03\/02\/reggio-calabria-aperte-le-porte-a-la-via-crucis-di-serafino-valla\/"]}]},{"@type":"ImageObject","inLanguage":"it-IT","@id":"https:\/\/progettotouring.it\/radiotouring104\/2024\/03\/02\/reggio-calabria-aperte-le-porte-a-la-via-crucis-di-serafino-valla\/#primaryimage","url":"https:\/\/progettotouring.it\/radiotouring104\/wp-content\/uploads\/sites\/6\/2024\/03\/La-Via-Crucis-di-Serafino-Valla.jpeg","contentUrl":"https:\/\/progettotouring.it\/radiotouring104\/wp-content\/uploads\/sites\/6\/2024\/03\/La-Via-Crucis-di-Serafino-Valla.jpeg","width":1600,"height":900},{"@type":"BreadcrumbList","@id":"https:\/\/progettotouring.it\/radiotouring104\/2024\/03\/02\/reggio-calabria-aperte-le-porte-a-la-via-crucis-di-serafino-valla\/#breadcrumb","itemListElement":[{"@type":"ListItem","position":1,"name":"Home","item":"https:\/\/progettotouring.it\/radiotouring104\/"},{"@type":"ListItem","position":2,"name":"Reggio Calabria: aperte le porte a &#8220;La Via Crucis di Serafino Valla&#8221;"}]},{"@type":"WebSite","@id":"https:\/\/progettotouring.it\/radiotouring104\/#website","url":"https:\/\/progettotouring.it\/radiotouring104\/","name":"Radio Touring 104","description":"La prima radio Reggina","publisher":{"@id":"https:\/\/progettotouring.it\/radiotouring104\/#organization"},"potentialAction":[{"@type":"SearchAction","target":{"@type":"EntryPoint","urlTemplate":"https:\/\/progettotouring.it\/radiotouring104\/?s={search_term_string}"},"query-input":{"@type":"PropertyValueSpecification","valueRequired":true,"valueName":"search_term_string"}}],"inLanguage":"it-IT"},{"@type":"Organization","@id":"https:\/\/progettotouring.it\/radiotouring104\/#organization","name":"Radio Touring 104","url":"https:\/\/progettotouring.it\/radiotouring104\/","logo":{"@type":"ImageObject","inLanguage":"it-IT","@id":"https:\/\/progettotouring.it\/radiotouring104\/#\/schema\/logo\/image\/","url":"https:\/\/progettotouring.it\/radiotouring104\/wp-content\/uploads\/sites\/6\/2022\/02\/cropped-logo-radio-touring-104.png","contentUrl":"https:\/\/progettotouring.it\/radiotouring104\/wp-content\/uploads\/sites\/6\/2022\/02\/cropped-logo-radio-touring-104.png","width":377,"height":182,"caption":"Radio Touring 104"},"image":{"@id":"https:\/\/progettotouring.it\/radiotouring104\/#\/schema\/logo\/image\/"}},{"@type":"Person","@id":"https:\/\/progettotouring.it\/radiotouring104\/#\/schema\/person\/4a82259ca52ac8702ad1a8f9e5a3120b","name":"Filippo Francesco Idone","image":{"@type":"ImageObject","inLanguage":"it-IT","@id":"https:\/\/secure.gravatar.com\/avatar\/7268715d2366395c3dd314385670e6484117d44f5c442e61e230f7008b7b62d3?s=96&d=mm&r=g","url":"https:\/\/secure.gravatar.com\/avatar\/7268715d2366395c3dd314385670e6484117d44f5c442e61e230f7008b7b62d3?s=96&d=mm&r=g","contentUrl":"https:\/\/secure.gravatar.com\/avatar\/7268715d2366395c3dd314385670e6484117d44f5c442e61e230f7008b7b62d3?s=96&d=mm&r=g","caption":"Filippo Francesco Idone"},"url":"https:\/\/progettotouring.it\/radiotouring104\/author\/filippoidone\/"}]}},"jetpack_publicize_connections":[],"jetpack_featured_media_url":"https:\/\/progettotouring.it\/radiotouring104\/wp-content\/uploads\/sites\/6\/2024\/03\/La-Via-Crucis-di-Serafino-Valla.jpeg","jetpack_sharing_enabled":true,"_links":{"self":[{"href":"https:\/\/progettotouring.it\/radiotouring104\/wp-json\/wp\/v2\/posts\/46186","targetHints":{"allow":["GET"]}}],"collection":[{"href":"https:\/\/progettotouring.it\/radiotouring104\/wp-json\/wp\/v2\/posts"}],"about":[{"href":"https:\/\/progettotouring.it\/radiotouring104\/wp-json\/wp\/v2\/types\/post"}],"author":[{"embeddable":true,"href":"https:\/\/progettotouring.it\/radiotouring104\/wp-json\/wp\/v2\/users\/8"}],"replies":[{"embeddable":true,"href":"https:\/\/progettotouring.it\/radiotouring104\/wp-json\/wp\/v2\/comments?post=46186"}],"version-history":[{"count":1,"href":"https:\/\/progettotouring.it\/radiotouring104\/wp-json\/wp\/v2\/posts\/46186\/revisions"}],"predecessor-version":[{"id":46188,"href":"https:\/\/progettotouring.it\/radiotouring104\/wp-json\/wp\/v2\/posts\/46186\/revisions\/46188"}],"wp:featuredmedia":[{"embeddable":true,"href":"https:\/\/progettotouring.it\/radiotouring104\/wp-json\/wp\/v2\/media\/46187"}],"wp:attachment":[{"href":"https:\/\/progettotouring.it\/radiotouring104\/wp-json\/wp\/v2\/media?parent=46186"}],"wp:term":[{"taxonomy":"category","embeddable":true,"href":"https:\/\/progettotouring.it\/radiotouring104\/wp-json\/wp\/v2\/categories?post=46186"},{"taxonomy":"post_tag","embeddable":true,"href":"https:\/\/progettotouring.it\/radiotouring104\/wp-json\/wp\/v2\/tags?post=46186"}],"curies":[{"name":"wp","href":"https:\/\/api.w.org\/{rel}","templated":true}]}}