{"id":46195,"date":"2024-03-02T17:22:59","date_gmt":"2024-03-02T16:22:59","guid":{"rendered":"https:\/\/progettotouring.it\/radiotouring104\/?p=46195"},"modified":"2024-03-02T18:13:36","modified_gmt":"2024-03-02T17:13:36","slug":"reggio-calabria-falcomata-parla-del-ponte-sullo-stretto","status":"publish","type":"post","link":"https:\/\/progettotouring.it\/radiotouring104\/2024\/03\/02\/reggio-calabria-falcomata-parla-del-ponte-sullo-stretto\/","title":{"rendered":"Reggio Calabria: Falcomat\u00e0 parla del Ponte sullo Stretto"},"content":{"rendered":"<p style=\"text-align: justify\"><em>&#8220;Un consiglio comunale aperto dedicato all&#8217;attraversamento stabile dello Stretto, un momento di riflessione da condividere con tutte le forze politiche e sociali, i sindacati, le associazioni di categoria, i corpi intermedi, i singoli cittadini ed i movimenti che vogliono vederci chiaro sul <strong>Ponte tra Reggio e Messina&#8221;<\/strong>.<\/em> \u00c8 l&#8217;invito del sindaco <strong>Giuseppe Falcomat\u00e0,<\/strong> intervenuto al convegno sulla mega opera programmata dal Governo e che ha raccolto, nell&#8217;aula consiliare di Palazzo San Giorgio, tutte le espressioni del \u201cno\u201d alla sua realizzazione.<\/p>\n<p style=\"text-align: justify\"><em>&#8220;Non possiamo essere soggetti passivi rispetto ad un progetto che modificher\u00e0 radicalmente i nostri luoghi e le nostre abitudini&#8221;, ha detto Falcomat\u00e0 sostenendo, con forza, che \u00abgli enti territoriali, in primis la <strong>Citt\u00e0 Metropolitana di Reggio Calabria,<\/strong> devono comportarsi da istituzioni e governare questi processi, non subirli&#8221;. &#8220;<\/em><em>Se il <strong>Governo<\/strong> vuole usare i fondi della coesione per costruire il Ponte <\/em>&#8211; ha aggiunto Falcomat\u00e0 &#8211;<em> si dovr\u00e0 scontrare con la netta opposizione del C<strong>omune e della Citt\u00e0 Metropolitana di Reggio Calabria.<\/strong> Non consentiremo, infatti, che ingenti risorse riservate a colmare il gap fra il Nord ed il Sud del Paese attraverso investimenti su welfare, servizi pubblici essenziali, riqualificazione degli spazi pubblici o trasporto pubblico locale possano essere trasferiti sulla realizzazione del Ponte&#8221;. Un\u2019infrastruttura che, secondo il sindaco Falcomat\u00e0, deve essere intesa come \u00abun pezzo di un puzzle pi\u00f9 grande, dove ci stanno l\u2019alta velocit\u00e0, la riqualificazione delle arterie stradali come la Statale 106 e le vie di collegamento alle aree intere, lo sviluppo dei porti e dell\u2019aeroporto&#8221;.<\/em><\/p>\n<p style=\"text-align: justify\"><em>&#8220;<strong>Il Ponte inteso cos\u00ec com\u2019\u00e8, da solo <\/strong><\/em>&#8211; ha spiegato &#8211;<em><strong> sarebbe solo un\u2019inutile cattedrale nel deserto.<\/strong> Serve un coinvolgimento reale del territorio, attraverso le istituzioni ed in generale con la comunit\u00e0 di chi questi luoghi li vive da sempre. Tutti questi concetti li ho ribaditi nel corso dell\u2019incontro richiesto da Pietro Ciucci, amministratore delegato della societ\u00e0 <strong>Stretto di Messina&#8221;.<\/strong><\/em><\/p>\n<p style=\"text-align: justify\"><strong><em>&#8220;Il Governo <\/em>&#8211;<\/strong> ha proseguito Falcomat\u00e0 &#8211;<em> ha deciso di andare avanti su questo progetto e non possiamo fare finta di niente. Dobbiamo essere protagonisti e non comparse. L\u2019unit\u00e0 dei sindaci, espressa in questo contesto anche dai primi cittadini di <strong>Villa San Giovanni e Campo Calabro, Giusy Caminiti e Sandro Repaci, ma anche da quello di Messina Federico Basile, \u00e8<\/strong> l\u2019unico modo possibile per poter incidere rispetto a questo progetto. Noi, infatti, vogliamo dimostrarci istituzioni serie e ci deve essere data la possibilit\u00e0 di farlo nei contesti, nei modi opportuni e degni di chi ha l\u2019onore di rappresentare una comunit\u00e0 di quasi 600 mila abitanti\u00bb. \u00abSu questi temi cos\u00ec importanti &#8211; ha concluso il sindaco &#8211; i cittadini vanno ascoltati ed il dibattito deve essere costante e sempre pi\u00f9 animato. Proprio per questo, si \u00e8 valutata la possibilit\u00e0 di discuterne a fondo in un consiglio comunale aperto da convocare nelle prossime settimane&#8221;.<\/em><\/p>\n","protected":false},"excerpt":{"rendered":"<p>&#8220;Un consiglio comunale aperto dedicato all&#8217;attraversamento stabile dello Stretto, un momento di riflessione da condividere con tutte le forze politiche e sociali, i sindacati, le associazioni di categoria, i corpi&hellip;<\/p>\n","protected":false},"author":8,"featured_media":46196,"comment_status":"closed","ping_status":"open","sticky":false,"template":"","format":"standard","meta":{"_jetpack_memberships_contains_paid_content":false,"footnotes":"","jetpack_publicize_message":"","jetpack_publicize_feature_enabled":true,"jetpack_social_post_already_shared":false,"jetpack_social_options":{"image_generator_settings":{"template":"highway","default_image_id":0,"font":"","enabled":false},"version":2}},"categories":[921,196,195,140],"tags":[743,1770,5738,236,942],"class_list":["post-46195","post","type-post","status-publish","format-standard","has-post-thumbnail","hentry","category-home","category-news","category-politica","category-reggio-calabria","tag-citta-metropolitana","tag-falcomata","tag-ponte-stretto","tag-reggio-calabria","tag-stretto-di-messina"],"yoast_head":"<!-- This site is optimized with the Yoast SEO plugin v27.2 - https:\/\/yoast.com\/product\/yoast-seo-wordpress\/ -->\n<title>Reggio Calabria: Falcomat\u00e0 parla del Ponte sullo Stretto - Radio Touring 104<\/title>\n<meta name=\"description\" content=\"Il sindaco di Reggio Calabria \u00e8 intervenuto sulla questione Ponte sullo Stretto in conclusione del convegno\" \/>\n<meta name=\"robots\" content=\"index, follow, max-snippet:-1, max-image-preview:large, max-video-preview:-1\" \/>\n<link rel=\"canonical\" href=\"https:\/\/progettotouring.it\/radiotouring104\/2024\/03\/02\/reggio-calabria-falcomata-parla-del-ponte-sullo-stretto\/\" \/>\n<meta property=\"og:locale\" content=\"it_IT\" \/>\n<meta property=\"og:type\" content=\"article\" \/>\n<meta property=\"og:title\" content=\"Reggio Calabria: Falcomat\u00e0 parla del Ponte sullo Stretto - Radio Touring 104\" \/>\n<meta property=\"og:description\" content=\"Il sindaco di Reggio Calabria \u00e8 intervenuto sulla questione Ponte sullo Stretto in conclusione del convegno\" \/>\n<meta property=\"og:url\" content=\"https:\/\/progettotouring.it\/radiotouring104\/2024\/03\/02\/reggio-calabria-falcomata-parla-del-ponte-sullo-stretto\/\" \/>\n<meta property=\"og:site_name\" content=\"Radio Touring 104\" \/>\n<meta property=\"article:published_time\" content=\"2024-03-02T16:22:59+00:00\" \/>\n<meta property=\"article:modified_time\" content=\"2024-03-02T17:13:36+00:00\" \/>\n<meta property=\"og:image\" content=\"https:\/\/progettotouring.it\/radiotouring104\/wp-content\/uploads\/sites\/6\/2024\/03\/sindaco-falcomata.jpeg\" \/>\n\t<meta property=\"og:image:width\" content=\"2000\" \/>\n\t<meta property=\"og:image:height\" content=\"1500\" \/>\n\t<meta property=\"og:image:type\" content=\"image\/jpeg\" \/>\n<meta name=\"author\" content=\"Filippo Francesco Idone\" \/>\n<meta name=\"twitter:card\" content=\"summary_large_image\" \/>\n<meta name=\"twitter:label1\" content=\"Scritto da\" \/>\n\t<meta name=\"twitter:data1\" content=\"Filippo Francesco Idone\" \/>\n\t<meta name=\"twitter:label2\" content=\"Tempo di lettura stimato\" \/>\n\t<meta name=\"twitter:data2\" content=\"2 minuti\" \/>\n<script type=\"application\/ld+json\" class=\"yoast-schema-graph\">{\"@context\":\"https:\/\/schema.org\",\"@graph\":[{\"@type\":\"Article\",\"@id\":\"https:\/\/progettotouring.it\/radiotouring104\/2024\/03\/02\/reggio-calabria-falcomata-parla-del-ponte-sullo-stretto\/#article\",\"isPartOf\":{\"@id\":\"https:\/\/progettotouring.it\/radiotouring104\/2024\/03\/02\/reggio-calabria-falcomata-parla-del-ponte-sullo-stretto\/\"},\"author\":{\"name\":\"Filippo Francesco Idone\",\"@id\":\"https:\/\/progettotouring.it\/radiotouring104\/#\/schema\/person\/4a82259ca52ac8702ad1a8f9e5a3120b\"},\"headline\":\"Reggio Calabria: Falcomat\u00e0 parla del Ponte sullo Stretto\",\"datePublished\":\"2024-03-02T16:22:59+00:00\",\"dateModified\":\"2024-03-02T17:13:36+00:00\",\"mainEntityOfPage\":{\"@id\":\"https:\/\/progettotouring.it\/radiotouring104\/2024\/03\/02\/reggio-calabria-falcomata-parla-del-ponte-sullo-stretto\/\"},\"wordCount\":470,\"publisher\":{\"@id\":\"https:\/\/progettotouring.it\/radiotouring104\/#organization\"},\"image\":{\"@id\":\"https:\/\/progettotouring.it\/radiotouring104\/2024\/03\/02\/reggio-calabria-falcomata-parla-del-ponte-sullo-stretto\/#primaryimage\"},\"thumbnailUrl\":\"https:\/\/progettotouring.it\/radiotouring104\/wp-content\/uploads\/sites\/6\/2024\/03\/sindaco-falcomata.jpeg\",\"keywords\":[\"Citt\u00e0 metropolitana\",\"Falcomat\u00e0\",\"ponte stretto\",\"reggio calabria\",\"Stretto di Messina\"],\"articleSection\":[\"Home\",\"News\",\"Politica\",\"Reggio Calabria\"],\"inLanguage\":\"it-IT\"},{\"@type\":\"WebPage\",\"@id\":\"https:\/\/progettotouring.it\/radiotouring104\/2024\/03\/02\/reggio-calabria-falcomata-parla-del-ponte-sullo-stretto\/\",\"url\":\"https:\/\/progettotouring.it\/radiotouring104\/2024\/03\/02\/reggio-calabria-falcomata-parla-del-ponte-sullo-stretto\/\",\"name\":\"Reggio Calabria: Falcomat\u00e0 parla del Ponte sullo Stretto - Radio Touring 104\",\"isPartOf\":{\"@id\":\"https:\/\/progettotouring.it\/radiotouring104\/#website\"},\"primaryImageOfPage\":{\"@id\":\"https:\/\/progettotouring.it\/radiotouring104\/2024\/03\/02\/reggio-calabria-falcomata-parla-del-ponte-sullo-stretto\/#primaryimage\"},\"image\":{\"@id\":\"https:\/\/progettotouring.it\/radiotouring104\/2024\/03\/02\/reggio-calabria-falcomata-parla-del-ponte-sullo-stretto\/#primaryimage\"},\"thumbnailUrl\":\"https:\/\/progettotouring.it\/radiotouring104\/wp-content\/uploads\/sites\/6\/2024\/03\/sindaco-falcomata.jpeg\",\"datePublished\":\"2024-03-02T16:22:59+00:00\",\"dateModified\":\"2024-03-02T17:13:36+00:00\",\"description\":\"Il sindaco di Reggio Calabria \u00e8 intervenuto sulla questione Ponte sullo Stretto in conclusione del convegno\",\"breadcrumb\":{\"@id\":\"https:\/\/progettotouring.it\/radiotouring104\/2024\/03\/02\/reggio-calabria-falcomata-parla-del-ponte-sullo-stretto\/#breadcrumb\"},\"inLanguage\":\"it-IT\",\"potentialAction\":[{\"@type\":\"ReadAction\",\"target\":[\"https:\/\/progettotouring.it\/radiotouring104\/2024\/03\/02\/reggio-calabria-falcomata-parla-del-ponte-sullo-stretto\/\"]}]},{\"@type\":\"ImageObject\",\"inLanguage\":\"it-IT\",\"@id\":\"https:\/\/progettotouring.it\/radiotouring104\/2024\/03\/02\/reggio-calabria-falcomata-parla-del-ponte-sullo-stretto\/#primaryimage\",\"url\":\"https:\/\/progettotouring.it\/radiotouring104\/wp-content\/uploads\/sites\/6\/2024\/03\/sindaco-falcomata.jpeg\",\"contentUrl\":\"https:\/\/progettotouring.it\/radiotouring104\/wp-content\/uploads\/sites\/6\/2024\/03\/sindaco-falcomata.jpeg\",\"width\":2000,\"height\":1500},{\"@type\":\"BreadcrumbList\",\"@id\":\"https:\/\/progettotouring.it\/radiotouring104\/2024\/03\/02\/reggio-calabria-falcomata-parla-del-ponte-sullo-stretto\/#breadcrumb\",\"itemListElement\":[{\"@type\":\"ListItem\",\"position\":1,\"name\":\"Home\",\"item\":\"https:\/\/progettotouring.it\/radiotouring104\/\"},{\"@type\":\"ListItem\",\"position\":2,\"name\":\"Reggio Calabria: Falcomat\u00e0 parla del Ponte sullo Stretto\"}]},{\"@type\":\"WebSite\",\"@id\":\"https:\/\/progettotouring.it\/radiotouring104\/#website\",\"url\":\"https:\/\/progettotouring.it\/radiotouring104\/\",\"name\":\"Radio Touring 104\",\"description\":\"La prima radio Reggina\",\"publisher\":{\"@id\":\"https:\/\/progettotouring.it\/radiotouring104\/#organization\"},\"potentialAction\":[{\"@type\":\"SearchAction\",\"target\":{\"@type\":\"EntryPoint\",\"urlTemplate\":\"https:\/\/progettotouring.it\/radiotouring104\/?s={search_term_string}\"},\"query-input\":{\"@type\":\"PropertyValueSpecification\",\"valueRequired\":true,\"valueName\":\"search_term_string\"}}],\"inLanguage\":\"it-IT\"},{\"@type\":\"Organization\",\"@id\":\"https:\/\/progettotouring.it\/radiotouring104\/#organization\",\"name\":\"Radio Touring 104\",\"url\":\"https:\/\/progettotouring.it\/radiotouring104\/\",\"logo\":{\"@type\":\"ImageObject\",\"inLanguage\":\"it-IT\",\"@id\":\"https:\/\/progettotouring.it\/radiotouring104\/#\/schema\/logo\/image\/\",\"url\":\"https:\/\/progettotouring.it\/radiotouring104\/wp-content\/uploads\/sites\/6\/2022\/02\/cropped-logo-radio-touring-104.png\",\"contentUrl\":\"https:\/\/progettotouring.it\/radiotouring104\/wp-content\/uploads\/sites\/6\/2022\/02\/cropped-logo-radio-touring-104.png\",\"width\":377,\"height\":182,\"caption\":\"Radio Touring 104\"},\"image\":{\"@id\":\"https:\/\/progettotouring.it\/radiotouring104\/#\/schema\/logo\/image\/\"}},{\"@type\":\"Person\",\"@id\":\"https:\/\/progettotouring.it\/radiotouring104\/#\/schema\/person\/4a82259ca52ac8702ad1a8f9e5a3120b\",\"name\":\"Filippo Francesco Idone\",\"image\":{\"@type\":\"ImageObject\",\"inLanguage\":\"it-IT\",\"@id\":\"https:\/\/secure.gravatar.com\/avatar\/7268715d2366395c3dd314385670e6484117d44f5c442e61e230f7008b7b62d3?s=96&d=mm&r=g\",\"url\":\"https:\/\/secure.gravatar.com\/avatar\/7268715d2366395c3dd314385670e6484117d44f5c442e61e230f7008b7b62d3?s=96&d=mm&r=g\",\"contentUrl\":\"https:\/\/secure.gravatar.com\/avatar\/7268715d2366395c3dd314385670e6484117d44f5c442e61e230f7008b7b62d3?s=96&d=mm&r=g\",\"caption\":\"Filippo Francesco Idone\"},\"url\":\"https:\/\/progettotouring.it\/radiotouring104\/author\/filippoidone\/\"}]}<\/script>\n<!-- \/ Yoast SEO plugin. -->","yoast_head_json":{"title":"Reggio Calabria: Falcomat\u00e0 parla del Ponte sullo Stretto - Radio Touring 104","description":"Il sindaco di Reggio Calabria \u00e8 intervenuto sulla questione Ponte sullo Stretto in conclusione del convegno","robots":{"index":"index","follow":"follow","max-snippet":"max-snippet:-1","max-image-preview":"max-image-preview:large","max-video-preview":"max-video-preview:-1"},"canonical":"https:\/\/progettotouring.it\/radiotouring104\/2024\/03\/02\/reggio-calabria-falcomata-parla-del-ponte-sullo-stretto\/","og_locale":"it_IT","og_type":"article","og_title":"Reggio Calabria: Falcomat\u00e0 parla del Ponte sullo Stretto - Radio Touring 104","og_description":"Il sindaco di Reggio Calabria \u00e8 intervenuto sulla questione Ponte sullo Stretto in conclusione del convegno","og_url":"https:\/\/progettotouring.it\/radiotouring104\/2024\/03\/02\/reggio-calabria-falcomata-parla-del-ponte-sullo-stretto\/","og_site_name":"Radio Touring 104","article_published_time":"2024-03-02T16:22:59+00:00","article_modified_time":"2024-03-02T17:13:36+00:00","og_image":[{"width":2000,"height":1500,"url":"https:\/\/progettotouring.it\/radiotouring104\/wp-content\/uploads\/sites\/6\/2024\/03\/sindaco-falcomata.jpeg","type":"image\/jpeg"}],"author":"Filippo Francesco Idone","twitter_card":"summary_large_image","twitter_misc":{"Scritto da":"Filippo Francesco Idone","Tempo di lettura stimato":"2 minuti"},"schema":{"@context":"https:\/\/schema.org","@graph":[{"@type":"Article","@id":"https:\/\/progettotouring.it\/radiotouring104\/2024\/03\/02\/reggio-calabria-falcomata-parla-del-ponte-sullo-stretto\/#article","isPartOf":{"@id":"https:\/\/progettotouring.it\/radiotouring104\/2024\/03\/02\/reggio-calabria-falcomata-parla-del-ponte-sullo-stretto\/"},"author":{"name":"Filippo Francesco Idone","@id":"https:\/\/progettotouring.it\/radiotouring104\/#\/schema\/person\/4a82259ca52ac8702ad1a8f9e5a3120b"},"headline":"Reggio Calabria: Falcomat\u00e0 parla del Ponte sullo Stretto","datePublished":"2024-03-02T16:22:59+00:00","dateModified":"2024-03-02T17:13:36+00:00","mainEntityOfPage":{"@id":"https:\/\/progettotouring.it\/radiotouring104\/2024\/03\/02\/reggio-calabria-falcomata-parla-del-ponte-sullo-stretto\/"},"wordCount":470,"publisher":{"@id":"https:\/\/progettotouring.it\/radiotouring104\/#organization"},"image":{"@id":"https:\/\/progettotouring.it\/radiotouring104\/2024\/03\/02\/reggio-calabria-falcomata-parla-del-ponte-sullo-stretto\/#primaryimage"},"thumbnailUrl":"https:\/\/progettotouring.it\/radiotouring104\/wp-content\/uploads\/sites\/6\/2024\/03\/sindaco-falcomata.jpeg","keywords":["Citt\u00e0 metropolitana","Falcomat\u00e0","ponte stretto","reggio calabria","Stretto di Messina"],"articleSection":["Home","News","Politica","Reggio Calabria"],"inLanguage":"it-IT"},{"@type":"WebPage","@id":"https:\/\/progettotouring.it\/radiotouring104\/2024\/03\/02\/reggio-calabria-falcomata-parla-del-ponte-sullo-stretto\/","url":"https:\/\/progettotouring.it\/radiotouring104\/2024\/03\/02\/reggio-calabria-falcomata-parla-del-ponte-sullo-stretto\/","name":"Reggio Calabria: Falcomat\u00e0 parla del Ponte sullo Stretto - Radio Touring 104","isPartOf":{"@id":"https:\/\/progettotouring.it\/radiotouring104\/#website"},"primaryImageOfPage":{"@id":"https:\/\/progettotouring.it\/radiotouring104\/2024\/03\/02\/reggio-calabria-falcomata-parla-del-ponte-sullo-stretto\/#primaryimage"},"image":{"@id":"https:\/\/progettotouring.it\/radiotouring104\/2024\/03\/02\/reggio-calabria-falcomata-parla-del-ponte-sullo-stretto\/#primaryimage"},"thumbnailUrl":"https:\/\/progettotouring.it\/radiotouring104\/wp-content\/uploads\/sites\/6\/2024\/03\/sindaco-falcomata.jpeg","datePublished":"2024-03-02T16:22:59+00:00","dateModified":"2024-03-02T17:13:36+00:00","description":"Il sindaco di Reggio Calabria \u00e8 intervenuto sulla questione Ponte sullo Stretto in conclusione del convegno","breadcrumb":{"@id":"https:\/\/progettotouring.it\/radiotouring104\/2024\/03\/02\/reggio-calabria-falcomata-parla-del-ponte-sullo-stretto\/#breadcrumb"},"inLanguage":"it-IT","potentialAction":[{"@type":"ReadAction","target":["https:\/\/progettotouring.it\/radiotouring104\/2024\/03\/02\/reggio-calabria-falcomata-parla-del-ponte-sullo-stretto\/"]}]},{"@type":"ImageObject","inLanguage":"it-IT","@id":"https:\/\/progettotouring.it\/radiotouring104\/2024\/03\/02\/reggio-calabria-falcomata-parla-del-ponte-sullo-stretto\/#primaryimage","url":"https:\/\/progettotouring.it\/radiotouring104\/wp-content\/uploads\/sites\/6\/2024\/03\/sindaco-falcomata.jpeg","contentUrl":"https:\/\/progettotouring.it\/radiotouring104\/wp-content\/uploads\/sites\/6\/2024\/03\/sindaco-falcomata.jpeg","width":2000,"height":1500},{"@type":"BreadcrumbList","@id":"https:\/\/progettotouring.it\/radiotouring104\/2024\/03\/02\/reggio-calabria-falcomata-parla-del-ponte-sullo-stretto\/#breadcrumb","itemListElement":[{"@type":"ListItem","position":1,"name":"Home","item":"https:\/\/progettotouring.it\/radiotouring104\/"},{"@type":"ListItem","position":2,"name":"Reggio Calabria: Falcomat\u00e0 parla del Ponte sullo Stretto"}]},{"@type":"WebSite","@id":"https:\/\/progettotouring.it\/radiotouring104\/#website","url":"https:\/\/progettotouring.it\/radiotouring104\/","name":"Radio Touring 104","description":"La prima radio Reggina","publisher":{"@id":"https:\/\/progettotouring.it\/radiotouring104\/#organization"},"potentialAction":[{"@type":"SearchAction","target":{"@type":"EntryPoint","urlTemplate":"https:\/\/progettotouring.it\/radiotouring104\/?s={search_term_string}"},"query-input":{"@type":"PropertyValueSpecification","valueRequired":true,"valueName":"search_term_string"}}],"inLanguage":"it-IT"},{"@type":"Organization","@id":"https:\/\/progettotouring.it\/radiotouring104\/#organization","name":"Radio Touring 104","url":"https:\/\/progettotouring.it\/radiotouring104\/","logo":{"@type":"ImageObject","inLanguage":"it-IT","@id":"https:\/\/progettotouring.it\/radiotouring104\/#\/schema\/logo\/image\/","url":"https:\/\/progettotouring.it\/radiotouring104\/wp-content\/uploads\/sites\/6\/2022\/02\/cropped-logo-radio-touring-104.png","contentUrl":"https:\/\/progettotouring.it\/radiotouring104\/wp-content\/uploads\/sites\/6\/2022\/02\/cropped-logo-radio-touring-104.png","width":377,"height":182,"caption":"Radio Touring 104"},"image":{"@id":"https:\/\/progettotouring.it\/radiotouring104\/#\/schema\/logo\/image\/"}},{"@type":"Person","@id":"https:\/\/progettotouring.it\/radiotouring104\/#\/schema\/person\/4a82259ca52ac8702ad1a8f9e5a3120b","name":"Filippo Francesco Idone","image":{"@type":"ImageObject","inLanguage":"it-IT","@id":"https:\/\/secure.gravatar.com\/avatar\/7268715d2366395c3dd314385670e6484117d44f5c442e61e230f7008b7b62d3?s=96&d=mm&r=g","url":"https:\/\/secure.gravatar.com\/avatar\/7268715d2366395c3dd314385670e6484117d44f5c442e61e230f7008b7b62d3?s=96&d=mm&r=g","contentUrl":"https:\/\/secure.gravatar.com\/avatar\/7268715d2366395c3dd314385670e6484117d44f5c442e61e230f7008b7b62d3?s=96&d=mm&r=g","caption":"Filippo Francesco Idone"},"url":"https:\/\/progettotouring.it\/radiotouring104\/author\/filippoidone\/"}]}},"jetpack_publicize_connections":[],"jetpack_featured_media_url":"https:\/\/progettotouring.it\/radiotouring104\/wp-content\/uploads\/sites\/6\/2024\/03\/sindaco-falcomata.jpeg","jetpack_sharing_enabled":true,"_links":{"self":[{"href":"https:\/\/progettotouring.it\/radiotouring104\/wp-json\/wp\/v2\/posts\/46195","targetHints":{"allow":["GET"]}}],"collection":[{"href":"https:\/\/progettotouring.it\/radiotouring104\/wp-json\/wp\/v2\/posts"}],"about":[{"href":"https:\/\/progettotouring.it\/radiotouring104\/wp-json\/wp\/v2\/types\/post"}],"author":[{"embeddable":true,"href":"https:\/\/progettotouring.it\/radiotouring104\/wp-json\/wp\/v2\/users\/8"}],"replies":[{"embeddable":true,"href":"https:\/\/progettotouring.it\/radiotouring104\/wp-json\/wp\/v2\/comments?post=46195"}],"version-history":[{"count":1,"href":"https:\/\/progettotouring.it\/radiotouring104\/wp-json\/wp\/v2\/posts\/46195\/revisions"}],"predecessor-version":[{"id":46197,"href":"https:\/\/progettotouring.it\/radiotouring104\/wp-json\/wp\/v2\/posts\/46195\/revisions\/46197"}],"wp:featuredmedia":[{"embeddable":true,"href":"https:\/\/progettotouring.it\/radiotouring104\/wp-json\/wp\/v2\/media\/46196"}],"wp:attachment":[{"href":"https:\/\/progettotouring.it\/radiotouring104\/wp-json\/wp\/v2\/media?parent=46195"}],"wp:term":[{"taxonomy":"category","embeddable":true,"href":"https:\/\/progettotouring.it\/radiotouring104\/wp-json\/wp\/v2\/categories?post=46195"},{"taxonomy":"post_tag","embeddable":true,"href":"https:\/\/progettotouring.it\/radiotouring104\/wp-json\/wp\/v2\/tags?post=46195"}],"curies":[{"name":"wp","href":"https:\/\/api.w.org\/{rel}","templated":true}]}}