{"id":46204,"date":"2024-03-02T18:31:11","date_gmt":"2024-03-02T17:31:11","guid":{"rendered":"https:\/\/progettotouring.it\/radiotouring104\/?p=46204"},"modified":"2024-03-02T18:31:11","modified_gmt":"2024-03-02T17:31:11","slug":"autonomia-differenziata-per-il-prof-leone-seppellira-la-scuola","status":"publish","type":"post","link":"https:\/\/progettotouring.it\/radiotouring104\/2024\/03\/02\/autonomia-differenziata-per-il-prof-leone-seppellira-la-scuola\/","title":{"rendered":"Autonomia Differenziata: per il prof. Leone seppellir\u00e0 la scuola"},"content":{"rendered":"<p style=\"text-align: justify\">La domanda che ci dobbiamo porre \u00e8 la seguente: nei molti divari che sono tornati a separare la societ\u00e0 meridionale dai livelli economici ,sociali, culturali raggiunti in questi anni dall\u2019Italia del Nord la scuola c\u2019entra qualcosa? Esiste una questione meridionale e se s\u00ec, quali sono i suoi tratti distintivi? E in quali termini si presenta la questione scolastica nelle regioni del Mezzogiorno d\u2019Italia? Se il grande analfabetismo di massa, il mero saper leggere scrivere e far di conto \u00e8 stato sconfitto si pu\u00f2 ignorare il fatto che da Napoli in gi\u00f9 i tassi di abbandono scolastico, di evasione dell\u2019obbligo sono tra i pi\u00f9 elevati? Si pu\u00f2 ignorare che in <strong>Campania, Calabria, Sicilia, Sardegna<\/strong> pi\u00f9 della met\u00e0 degli studenti sono ad un livello inferiore a quello richiesto dalle indicazioni nazionali e si registrano, cosa ancora pi\u00f9 inquietante, differenze fortissime fra scuola e scuola? Si pu\u00f2 ignorare che da queste parti il 40% per cento degli studenti \u00e8 al di sotto della sufficienza, in italiano e in matematica .<\/p>\n<p style=\"text-align: justify\"><strong>Campania, Calabria, Sicilia, Puglia<\/strong> occupano i primi posti della triste classifica della povert\u00e0 educativa in Italia. Regioni in cui bambini e ragazzi sono maggiormente privati delle opportunit\u00e0 necessarie per superare ostacoli e condizioni di svantaggio iniziali. L&#8217;abbandono scolastico nella maggior parte delle regioni del sud va ben oltre la media nazionale (12,7%), con le punte di Sicilia (21,1%) e Puglia (17,6%), e valori decisamente pi\u00f9 alti rispetto a Centro e Nord anche in Campania (16,4%) e Calabria (14%). Non sembrano esserci soluzioni a portata di mano per pareggiare i conti col Nord e dunque per arrivare ad una equa spartizione di risultati; ma questi numeri avrebbero dovuto mettere da tempo in allarme, serio , innanzitutto i governatori e le loro giunte regionali, subito dopo il Ministero dell\u2019Istruzione e quindi i Governi che in questi anni si sono avvicendati.<\/p>\n<p style=\"text-align: justify\">E invece lo smantellamento progressivo dell\u2019istruzione pubblica rischia di farle perdere il suo carattere nazionale. La regionalizzazione sta compiendo il suo percorso che porter\u00e0 cambiamenti sostanziali. Per capire la posta in gioco basta considerare uno tra gli effetti pi\u00f9 importanti di una simile manovra sulla scuola. Non avremmo pi\u00f9 un unico sistema nazionale di istruzione, ma tanti sistemi regionali. L\u2019autonomia differenziata sancir\u00e0 gli squilibri che gi\u00e0 esistono e li render\u00e0 definiti e insuperabili. Il gap di servizi, nella scuola, nella sanit\u00e0, negli asili diventer\u00e0 \u2018 legittimo, un privilegio etnico- territoriale immodificabile. Insomma chi all\u2019interno della stessa nazione abita in territori particolari e benestanti ha pi\u00f9 diritti di chi invece ha avuto la ventura di abitare in territori disgraziati.<\/p>\n<p style=\"text-align: justify\">L&#8217;istruzione deve rimanere statale e nazionale con pari livelli delle prestazioni, senza condizionamenti di natura politica e quindi fuori da qualunque percorso di autonomia differenziata. C<strong>\u2019era una volta un Paese dove la scuola era pubblica<\/strong> e le finalit\u00e0 e gli obiettivi li decideva lo Stato nell\u2019interesse di tutti. Quella scuola rischia di non esserci mai pi\u00f9. Certa politica non ha cambiato verso alla scuola pubblica. L\u2019ha semplicemente piegata, immiserita. Il Mezzogiorno ha bisogno sul piano sociale, oltre che economico, di eserciti di maestri e professori. Di buone scuole e buone universit\u00e0. Di baluardi della conoscenza che siano, al di l\u00e0 di tutto il resto, il simbolo della presenza dello Stato unitario sul territorio. Questo in una nota scritta dal professore Guido Leone, Dirigente tecnico U.S.R. Calabria.<\/p>\n","protected":false},"excerpt":{"rendered":"<p>La domanda che ci dobbiamo porre \u00e8 la seguente: nei molti divari che sono tornati a separare la societ\u00e0 meridionale dai livelli economici ,sociali, culturali raggiunti in questi anni dall\u2019Italia&hellip;<\/p>\n","protected":false},"author":8,"featured_media":3540,"comment_status":"closed","ping_status":"open","sticky":false,"template":"","format":"standard","meta":{"_jetpack_memberships_contains_paid_content":false,"footnotes":"","jetpack_publicize_message":"","jetpack_publicize_feature_enabled":true,"jetpack_social_post_already_shared":false,"jetpack_social_options":{"image_generator_settings":{"template":"highway","default_image_id":0,"font":"","enabled":false},"version":2}},"categories":[142,921,196,195],"tags":[6518,28421,493],"class_list":["post-46204","post","type-post","status-publish","format-standard","has-post-thumbnail","hentry","category-calabria","category-home","category-news","category-politica","tag-autonomia-differenziata","tag-leone","tag-scuola"],"yoast_head":"<!-- This site is optimized with the Yoast SEO plugin v27.2 - https:\/\/yoast.com\/product\/yoast-seo-wordpress\/ -->\n<title>Autonomia Differenziata: per il prof. Leone seppellir\u00e0 la scuola - Radio Touring 104<\/title>\n<meta name=\"description\" content=\"Il professore Guido Leone, Dirigente tecnico U.S.R. Calabria, ha scritto una nota riguardante l&#039;autonomia differenziata\" \/>\n<meta name=\"robots\" content=\"index, follow, max-snippet:-1, max-image-preview:large, max-video-preview:-1\" \/>\n<link rel=\"canonical\" href=\"https:\/\/progettotouring.it\/radiotouring104\/2024\/03\/02\/autonomia-differenziata-per-il-prof-leone-seppellira-la-scuola\/\" \/>\n<meta property=\"og:locale\" content=\"it_IT\" \/>\n<meta property=\"og:type\" content=\"article\" \/>\n<meta property=\"og:title\" content=\"Autonomia Differenziata: per il prof. Leone seppellir\u00e0 la scuola - Radio Touring 104\" \/>\n<meta property=\"og:description\" content=\"Il professore Guido Leone, Dirigente tecnico U.S.R. Calabria, ha scritto una nota riguardante l&#039;autonomia differenziata\" \/>\n<meta property=\"og:url\" content=\"https:\/\/progettotouring.it\/radiotouring104\/2024\/03\/02\/autonomia-differenziata-per-il-prof-leone-seppellira-la-scuola\/\" \/>\n<meta property=\"og:site_name\" content=\"Radio Touring 104\" \/>\n<meta property=\"article:published_time\" content=\"2024-03-02T17:31:11+00:00\" \/>\n<meta property=\"og:image\" content=\"https:\/\/progettotouring.it\/radiotouring104\/wp-content\/uploads\/sites\/6\/2022\/03\/scuola.jpg\" \/>\n\t<meta property=\"og:image:width\" content=\"1259\" \/>\n\t<meta property=\"og:image:height\" content=\"676\" \/>\n\t<meta property=\"og:image:type\" content=\"image\/jpeg\" \/>\n<meta name=\"author\" content=\"Filippo Francesco Idone\" \/>\n<meta name=\"twitter:card\" content=\"summary_large_image\" \/>\n<meta name=\"twitter:label1\" content=\"Scritto da\" \/>\n\t<meta name=\"twitter:data1\" content=\"Filippo Francesco Idone\" \/>\n\t<meta name=\"twitter:label2\" content=\"Tempo di lettura stimato\" \/>\n\t<meta name=\"twitter:data2\" content=\"3 minuti\" \/>\n<script type=\"application\/ld+json\" class=\"yoast-schema-graph\">{\"@context\":\"https:\/\/schema.org\",\"@graph\":[{\"@type\":\"Article\",\"@id\":\"https:\/\/progettotouring.it\/radiotouring104\/2024\/03\/02\/autonomia-differenziata-per-il-prof-leone-seppellira-la-scuola\/#article\",\"isPartOf\":{\"@id\":\"https:\/\/progettotouring.it\/radiotouring104\/2024\/03\/02\/autonomia-differenziata-per-il-prof-leone-seppellira-la-scuola\/\"},\"author\":{\"name\":\"Filippo Francesco Idone\",\"@id\":\"https:\/\/progettotouring.it\/radiotouring104\/#\/schema\/person\/4a82259ca52ac8702ad1a8f9e5a3120b\"},\"headline\":\"Autonomia Differenziata: per il prof. Leone seppellir\u00e0 la scuola\",\"datePublished\":\"2024-03-02T17:31:11+00:00\",\"mainEntityOfPage\":{\"@id\":\"https:\/\/progettotouring.it\/radiotouring104\/2024\/03\/02\/autonomia-differenziata-per-il-prof-leone-seppellira-la-scuola\/\"},\"wordCount\":559,\"publisher\":{\"@id\":\"https:\/\/progettotouring.it\/radiotouring104\/#organization\"},\"image\":{\"@id\":\"https:\/\/progettotouring.it\/radiotouring104\/2024\/03\/02\/autonomia-differenziata-per-il-prof-leone-seppellira-la-scuola\/#primaryimage\"},\"thumbnailUrl\":\"https:\/\/progettotouring.it\/radiotouring104\/wp-content\/uploads\/sites\/6\/2022\/03\/scuola.jpg\",\"keywords\":[\"autonomia differenziata\",\"leone\",\"scuola\"],\"articleSection\":[\"Calabria\",\"Home\",\"News\",\"Politica\"],\"inLanguage\":\"it-IT\"},{\"@type\":\"WebPage\",\"@id\":\"https:\/\/progettotouring.it\/radiotouring104\/2024\/03\/02\/autonomia-differenziata-per-il-prof-leone-seppellira-la-scuola\/\",\"url\":\"https:\/\/progettotouring.it\/radiotouring104\/2024\/03\/02\/autonomia-differenziata-per-il-prof-leone-seppellira-la-scuola\/\",\"name\":\"Autonomia Differenziata: per il prof. Leone seppellir\u00e0 la scuola - Radio Touring 104\",\"isPartOf\":{\"@id\":\"https:\/\/progettotouring.it\/radiotouring104\/#website\"},\"primaryImageOfPage\":{\"@id\":\"https:\/\/progettotouring.it\/radiotouring104\/2024\/03\/02\/autonomia-differenziata-per-il-prof-leone-seppellira-la-scuola\/#primaryimage\"},\"image\":{\"@id\":\"https:\/\/progettotouring.it\/radiotouring104\/2024\/03\/02\/autonomia-differenziata-per-il-prof-leone-seppellira-la-scuola\/#primaryimage\"},\"thumbnailUrl\":\"https:\/\/progettotouring.it\/radiotouring104\/wp-content\/uploads\/sites\/6\/2022\/03\/scuola.jpg\",\"datePublished\":\"2024-03-02T17:31:11+00:00\",\"description\":\"Il professore Guido Leone, Dirigente tecnico U.S.R. Calabria, ha scritto una nota riguardante l'autonomia differenziata\",\"breadcrumb\":{\"@id\":\"https:\/\/progettotouring.it\/radiotouring104\/2024\/03\/02\/autonomia-differenziata-per-il-prof-leone-seppellira-la-scuola\/#breadcrumb\"},\"inLanguage\":\"it-IT\",\"potentialAction\":[{\"@type\":\"ReadAction\",\"target\":[\"https:\/\/progettotouring.it\/radiotouring104\/2024\/03\/02\/autonomia-differenziata-per-il-prof-leone-seppellira-la-scuola\/\"]}]},{\"@type\":\"ImageObject\",\"inLanguage\":\"it-IT\",\"@id\":\"https:\/\/progettotouring.it\/radiotouring104\/2024\/03\/02\/autonomia-differenziata-per-il-prof-leone-seppellira-la-scuola\/#primaryimage\",\"url\":\"https:\/\/progettotouring.it\/radiotouring104\/wp-content\/uploads\/sites\/6\/2022\/03\/scuola.jpg\",\"contentUrl\":\"https:\/\/progettotouring.it\/radiotouring104\/wp-content\/uploads\/sites\/6\/2022\/03\/scuola.jpg\",\"width\":1259,\"height\":676},{\"@type\":\"BreadcrumbList\",\"@id\":\"https:\/\/progettotouring.it\/radiotouring104\/2024\/03\/02\/autonomia-differenziata-per-il-prof-leone-seppellira-la-scuola\/#breadcrumb\",\"itemListElement\":[{\"@type\":\"ListItem\",\"position\":1,\"name\":\"Home\",\"item\":\"https:\/\/progettotouring.it\/radiotouring104\/\"},{\"@type\":\"ListItem\",\"position\":2,\"name\":\"Autonomia Differenziata: per il prof. Leone seppellir\u00e0 la scuola\"}]},{\"@type\":\"WebSite\",\"@id\":\"https:\/\/progettotouring.it\/radiotouring104\/#website\",\"url\":\"https:\/\/progettotouring.it\/radiotouring104\/\",\"name\":\"Radio Touring 104\",\"description\":\"La prima radio Reggina\",\"publisher\":{\"@id\":\"https:\/\/progettotouring.it\/radiotouring104\/#organization\"},\"potentialAction\":[{\"@type\":\"SearchAction\",\"target\":{\"@type\":\"EntryPoint\",\"urlTemplate\":\"https:\/\/progettotouring.it\/radiotouring104\/?s={search_term_string}\"},\"query-input\":{\"@type\":\"PropertyValueSpecification\",\"valueRequired\":true,\"valueName\":\"search_term_string\"}}],\"inLanguage\":\"it-IT\"},{\"@type\":\"Organization\",\"@id\":\"https:\/\/progettotouring.it\/radiotouring104\/#organization\",\"name\":\"Radio Touring 104\",\"url\":\"https:\/\/progettotouring.it\/radiotouring104\/\",\"logo\":{\"@type\":\"ImageObject\",\"inLanguage\":\"it-IT\",\"@id\":\"https:\/\/progettotouring.it\/radiotouring104\/#\/schema\/logo\/image\/\",\"url\":\"https:\/\/progettotouring.it\/radiotouring104\/wp-content\/uploads\/sites\/6\/2022\/02\/cropped-logo-radio-touring-104.png\",\"contentUrl\":\"https:\/\/progettotouring.it\/radiotouring104\/wp-content\/uploads\/sites\/6\/2022\/02\/cropped-logo-radio-touring-104.png\",\"width\":377,\"height\":182,\"caption\":\"Radio Touring 104\"},\"image\":{\"@id\":\"https:\/\/progettotouring.it\/radiotouring104\/#\/schema\/logo\/image\/\"}},{\"@type\":\"Person\",\"@id\":\"https:\/\/progettotouring.it\/radiotouring104\/#\/schema\/person\/4a82259ca52ac8702ad1a8f9e5a3120b\",\"name\":\"Filippo Francesco Idone\",\"image\":{\"@type\":\"ImageObject\",\"inLanguage\":\"it-IT\",\"@id\":\"https:\/\/secure.gravatar.com\/avatar\/7268715d2366395c3dd314385670e6484117d44f5c442e61e230f7008b7b62d3?s=96&d=mm&r=g\",\"url\":\"https:\/\/secure.gravatar.com\/avatar\/7268715d2366395c3dd314385670e6484117d44f5c442e61e230f7008b7b62d3?s=96&d=mm&r=g\",\"contentUrl\":\"https:\/\/secure.gravatar.com\/avatar\/7268715d2366395c3dd314385670e6484117d44f5c442e61e230f7008b7b62d3?s=96&d=mm&r=g\",\"caption\":\"Filippo Francesco Idone\"},\"url\":\"https:\/\/progettotouring.it\/radiotouring104\/author\/filippoidone\/\"}]}<\/script>\n<!-- \/ Yoast SEO plugin. -->","yoast_head_json":{"title":"Autonomia Differenziata: per il prof. Leone seppellir\u00e0 la scuola - Radio Touring 104","description":"Il professore Guido Leone, Dirigente tecnico U.S.R. Calabria, ha scritto una nota riguardante l'autonomia differenziata","robots":{"index":"index","follow":"follow","max-snippet":"max-snippet:-1","max-image-preview":"max-image-preview:large","max-video-preview":"max-video-preview:-1"},"canonical":"https:\/\/progettotouring.it\/radiotouring104\/2024\/03\/02\/autonomia-differenziata-per-il-prof-leone-seppellira-la-scuola\/","og_locale":"it_IT","og_type":"article","og_title":"Autonomia Differenziata: per il prof. Leone seppellir\u00e0 la scuola - Radio Touring 104","og_description":"Il professore Guido Leone, Dirigente tecnico U.S.R. Calabria, ha scritto una nota riguardante l'autonomia differenziata","og_url":"https:\/\/progettotouring.it\/radiotouring104\/2024\/03\/02\/autonomia-differenziata-per-il-prof-leone-seppellira-la-scuola\/","og_site_name":"Radio Touring 104","article_published_time":"2024-03-02T17:31:11+00:00","og_image":[{"width":1259,"height":676,"url":"https:\/\/progettotouring.it\/radiotouring104\/wp-content\/uploads\/sites\/6\/2022\/03\/scuola.jpg","type":"image\/jpeg"}],"author":"Filippo Francesco Idone","twitter_card":"summary_large_image","twitter_misc":{"Scritto da":"Filippo Francesco Idone","Tempo di lettura stimato":"3 minuti"},"schema":{"@context":"https:\/\/schema.org","@graph":[{"@type":"Article","@id":"https:\/\/progettotouring.it\/radiotouring104\/2024\/03\/02\/autonomia-differenziata-per-il-prof-leone-seppellira-la-scuola\/#article","isPartOf":{"@id":"https:\/\/progettotouring.it\/radiotouring104\/2024\/03\/02\/autonomia-differenziata-per-il-prof-leone-seppellira-la-scuola\/"},"author":{"name":"Filippo Francesco Idone","@id":"https:\/\/progettotouring.it\/radiotouring104\/#\/schema\/person\/4a82259ca52ac8702ad1a8f9e5a3120b"},"headline":"Autonomia Differenziata: per il prof. Leone seppellir\u00e0 la scuola","datePublished":"2024-03-02T17:31:11+00:00","mainEntityOfPage":{"@id":"https:\/\/progettotouring.it\/radiotouring104\/2024\/03\/02\/autonomia-differenziata-per-il-prof-leone-seppellira-la-scuola\/"},"wordCount":559,"publisher":{"@id":"https:\/\/progettotouring.it\/radiotouring104\/#organization"},"image":{"@id":"https:\/\/progettotouring.it\/radiotouring104\/2024\/03\/02\/autonomia-differenziata-per-il-prof-leone-seppellira-la-scuola\/#primaryimage"},"thumbnailUrl":"https:\/\/progettotouring.it\/radiotouring104\/wp-content\/uploads\/sites\/6\/2022\/03\/scuola.jpg","keywords":["autonomia differenziata","leone","scuola"],"articleSection":["Calabria","Home","News","Politica"],"inLanguage":"it-IT"},{"@type":"WebPage","@id":"https:\/\/progettotouring.it\/radiotouring104\/2024\/03\/02\/autonomia-differenziata-per-il-prof-leone-seppellira-la-scuola\/","url":"https:\/\/progettotouring.it\/radiotouring104\/2024\/03\/02\/autonomia-differenziata-per-il-prof-leone-seppellira-la-scuola\/","name":"Autonomia Differenziata: per il prof. Leone seppellir\u00e0 la scuola - Radio Touring 104","isPartOf":{"@id":"https:\/\/progettotouring.it\/radiotouring104\/#website"},"primaryImageOfPage":{"@id":"https:\/\/progettotouring.it\/radiotouring104\/2024\/03\/02\/autonomia-differenziata-per-il-prof-leone-seppellira-la-scuola\/#primaryimage"},"image":{"@id":"https:\/\/progettotouring.it\/radiotouring104\/2024\/03\/02\/autonomia-differenziata-per-il-prof-leone-seppellira-la-scuola\/#primaryimage"},"thumbnailUrl":"https:\/\/progettotouring.it\/radiotouring104\/wp-content\/uploads\/sites\/6\/2022\/03\/scuola.jpg","datePublished":"2024-03-02T17:31:11+00:00","description":"Il professore Guido Leone, Dirigente tecnico U.S.R. Calabria, ha scritto una nota riguardante l'autonomia differenziata","breadcrumb":{"@id":"https:\/\/progettotouring.it\/radiotouring104\/2024\/03\/02\/autonomia-differenziata-per-il-prof-leone-seppellira-la-scuola\/#breadcrumb"},"inLanguage":"it-IT","potentialAction":[{"@type":"ReadAction","target":["https:\/\/progettotouring.it\/radiotouring104\/2024\/03\/02\/autonomia-differenziata-per-il-prof-leone-seppellira-la-scuola\/"]}]},{"@type":"ImageObject","inLanguage":"it-IT","@id":"https:\/\/progettotouring.it\/radiotouring104\/2024\/03\/02\/autonomia-differenziata-per-il-prof-leone-seppellira-la-scuola\/#primaryimage","url":"https:\/\/progettotouring.it\/radiotouring104\/wp-content\/uploads\/sites\/6\/2022\/03\/scuola.jpg","contentUrl":"https:\/\/progettotouring.it\/radiotouring104\/wp-content\/uploads\/sites\/6\/2022\/03\/scuola.jpg","width":1259,"height":676},{"@type":"BreadcrumbList","@id":"https:\/\/progettotouring.it\/radiotouring104\/2024\/03\/02\/autonomia-differenziata-per-il-prof-leone-seppellira-la-scuola\/#breadcrumb","itemListElement":[{"@type":"ListItem","position":1,"name":"Home","item":"https:\/\/progettotouring.it\/radiotouring104\/"},{"@type":"ListItem","position":2,"name":"Autonomia Differenziata: per il prof. Leone seppellir\u00e0 la scuola"}]},{"@type":"WebSite","@id":"https:\/\/progettotouring.it\/radiotouring104\/#website","url":"https:\/\/progettotouring.it\/radiotouring104\/","name":"Radio Touring 104","description":"La prima radio Reggina","publisher":{"@id":"https:\/\/progettotouring.it\/radiotouring104\/#organization"},"potentialAction":[{"@type":"SearchAction","target":{"@type":"EntryPoint","urlTemplate":"https:\/\/progettotouring.it\/radiotouring104\/?s={search_term_string}"},"query-input":{"@type":"PropertyValueSpecification","valueRequired":true,"valueName":"search_term_string"}}],"inLanguage":"it-IT"},{"@type":"Organization","@id":"https:\/\/progettotouring.it\/radiotouring104\/#organization","name":"Radio Touring 104","url":"https:\/\/progettotouring.it\/radiotouring104\/","logo":{"@type":"ImageObject","inLanguage":"it-IT","@id":"https:\/\/progettotouring.it\/radiotouring104\/#\/schema\/logo\/image\/","url":"https:\/\/progettotouring.it\/radiotouring104\/wp-content\/uploads\/sites\/6\/2022\/02\/cropped-logo-radio-touring-104.png","contentUrl":"https:\/\/progettotouring.it\/radiotouring104\/wp-content\/uploads\/sites\/6\/2022\/02\/cropped-logo-radio-touring-104.png","width":377,"height":182,"caption":"Radio Touring 104"},"image":{"@id":"https:\/\/progettotouring.it\/radiotouring104\/#\/schema\/logo\/image\/"}},{"@type":"Person","@id":"https:\/\/progettotouring.it\/radiotouring104\/#\/schema\/person\/4a82259ca52ac8702ad1a8f9e5a3120b","name":"Filippo Francesco Idone","image":{"@type":"ImageObject","inLanguage":"it-IT","@id":"https:\/\/secure.gravatar.com\/avatar\/7268715d2366395c3dd314385670e6484117d44f5c442e61e230f7008b7b62d3?s=96&d=mm&r=g","url":"https:\/\/secure.gravatar.com\/avatar\/7268715d2366395c3dd314385670e6484117d44f5c442e61e230f7008b7b62d3?s=96&d=mm&r=g","contentUrl":"https:\/\/secure.gravatar.com\/avatar\/7268715d2366395c3dd314385670e6484117d44f5c442e61e230f7008b7b62d3?s=96&d=mm&r=g","caption":"Filippo Francesco Idone"},"url":"https:\/\/progettotouring.it\/radiotouring104\/author\/filippoidone\/"}]}},"jetpack_publicize_connections":[],"jetpack_featured_media_url":"https:\/\/progettotouring.it\/radiotouring104\/wp-content\/uploads\/sites\/6\/2022\/03\/scuola.jpg","jetpack_sharing_enabled":true,"_links":{"self":[{"href":"https:\/\/progettotouring.it\/radiotouring104\/wp-json\/wp\/v2\/posts\/46204","targetHints":{"allow":["GET"]}}],"collection":[{"href":"https:\/\/progettotouring.it\/radiotouring104\/wp-json\/wp\/v2\/posts"}],"about":[{"href":"https:\/\/progettotouring.it\/radiotouring104\/wp-json\/wp\/v2\/types\/post"}],"author":[{"embeddable":true,"href":"https:\/\/progettotouring.it\/radiotouring104\/wp-json\/wp\/v2\/users\/8"}],"replies":[{"embeddable":true,"href":"https:\/\/progettotouring.it\/radiotouring104\/wp-json\/wp\/v2\/comments?post=46204"}],"version-history":[{"count":1,"href":"https:\/\/progettotouring.it\/radiotouring104\/wp-json\/wp\/v2\/posts\/46204\/revisions"}],"predecessor-version":[{"id":46205,"href":"https:\/\/progettotouring.it\/radiotouring104\/wp-json\/wp\/v2\/posts\/46204\/revisions\/46205"}],"wp:featuredmedia":[{"embeddable":true,"href":"https:\/\/progettotouring.it\/radiotouring104\/wp-json\/wp\/v2\/media\/3540"}],"wp:attachment":[{"href":"https:\/\/progettotouring.it\/radiotouring104\/wp-json\/wp\/v2\/media?parent=46204"}],"wp:term":[{"taxonomy":"category","embeddable":true,"href":"https:\/\/progettotouring.it\/radiotouring104\/wp-json\/wp\/v2\/categories?post=46204"},{"taxonomy":"post_tag","embeddable":true,"href":"https:\/\/progettotouring.it\/radiotouring104\/wp-json\/wp\/v2\/tags?post=46204"}],"curies":[{"name":"wp","href":"https:\/\/api.w.org\/{rel}","templated":true}]}}