{"id":46206,"date":"2024-03-02T18:36:17","date_gmt":"2024-03-02T17:36:17","guid":{"rendered":"https:\/\/progettotouring.it\/radiotouring104\/?p=46206"},"modified":"2024-03-02T18:36:17","modified_gmt":"2024-03-02T17:36:17","slug":"isola-capo-rizzuto-il-sindaco-dona-10-mila-euro-allassociazione-valentia","status":"publish","type":"post","link":"https:\/\/progettotouring.it\/radiotouring104\/2024\/03\/02\/isola-capo-rizzuto-il-sindaco-dona-10-mila-euro-allassociazione-valentia\/","title":{"rendered":"Isola Capo Rizzuto: il sindaco dona 10 mila euro all&#8217;associazione Valentia"},"content":{"rendered":"<p style=\"text-align: justify\"><em>\u201cE\u2019 bello vedere cosi tanti giovani far parte di un\u2019associazione che si impegna, con tanto coraggio, nel mondo del sociale e della legalit\u00e0, \u00e8 dai giovani che bisogna partire per creare una generazione sana che faccia cambiare volto alla nostra Regione\u201d.<\/em> Queste alcune delle parole che la <strong>Sindaca Maria Grazia Vittimberga<\/strong> ha rivolto oggi durante la consegna formale del contributo du 10.000 euro, donato dal Comune di Isola di Capo Rizzuto, all&#8217;associazione &#8220;Valentia&#8221; per il ripristino della Casa della legalit\u00e0 Piersanti Mattarella&#8221; di Capo Rizzuto, un immobile confiscato ed assegnato dall&#8217;Agenzia nazionale dei beni sequestrati e confiscati alla criminalit\u00e0 all&#8217;associazione presieduta da Antony Lo Bianco.<\/p>\n<p style=\"text-align: justify\">Come noto, nei mesi scorsi, l&#8217;edificio \u00e8 stato oggetto di furti e distruzione, con danni significativi agli infissi, bagni e impianti, causando un grave danno economico alla struttura ma anche morale per l\u2019intero territorio. L&#8217;intento dell&#8217;associazione, e a questo punto anche quello dell\u2019Amministrazione Comunale guidata dalla Sindaca Maria Grazia Vittimberga, \u00e8 quello di restituire l&#8217;edificio alla comunit\u00e0 e renderlo fruibile nel minor tempo possibile. La consegna del contributo \u00e8 avvenuto all\u2019interno della stessa struttura alla presenza della Sindaca <strong>Maria Grazia Vittimberga,<\/strong> del consigliere Carlo Cassano e del Responsabile del Settore Francesco Notaro per l&#8217;ente comunale; per l\u2019associazione sono stati presenti il Presidente Antony Lo Bianco, la segretaria Valentina Fusca e la delegata provinciale Margherita Pittella; presenti anche le istituzioni militari con il Tenente Comandate dell\u2019Arma dei Carabinieri Emanuele Stefano e comandante della Polizia Locale Giuseppe Pirr\u00f2. A questo punto, con qualche mese di ritardo, pu\u00f2 ripartire il progetto dell\u2019associazione che prevede, tra le altre cose, l&#8217;attivazione di bandi Erasmus e servizio civile, l&#8217;apertura di sportelli informativi rivolti ai giovani, una web radio e tanto altro.<\/p>\n<p>&nbsp;<\/p>\n","protected":false},"excerpt":{"rendered":"<p>\u201cE\u2019 bello vedere cosi tanti giovani far parte di un\u2019associazione che si impegna, con tanto coraggio, nel mondo del sociale e della legalit\u00e0, \u00e8 dai giovani che bisogna partire per&hellip;<\/p>\n","protected":false},"author":8,"featured_media":46207,"comment_status":"closed","ping_status":"open","sticky":false,"template":"","format":"standard","meta":{"_jetpack_memberships_contains_paid_content":false,"footnotes":"","jetpack_publicize_message":"","jetpack_publicize_feature_enabled":true,"jetpack_social_post_already_shared":false,"jetpack_social_options":{"image_generator_settings":{"template":"highway","default_image_id":0,"font":"","enabled":false},"version":2}},"categories":[142,921,196,195],"tags":[28422,2355,2358],"class_list":["post-46206","post","type-post","status-publish","format-standard","has-post-thumbnail","hentry","category-calabria","category-home","category-news","category-politica","tag-casa-della-legalita","tag-isola-capo-rizzuto","tag-maria-grazia-vittimberga"],"yoast_head":"<!-- This site is optimized with the Yoast SEO plugin v27.2 - https:\/\/yoast.com\/product\/yoast-seo-wordpress\/ -->\n<title>Isola Capo Rizzuto: il sindaco dona 10 mila euro all&#039;associazione Valentia - Radio Touring 104<\/title>\n<meta name=\"description\" content=\"La Sindaca Vittimberga ha donato 10.000 euro all&#039;associazione &quot;Valentia&quot; per il ripristino della &quot;Casa della legalit\u00e0 Piersanti Mattarella&quot;\" \/>\n<meta name=\"robots\" content=\"index, follow, max-snippet:-1, max-image-preview:large, max-video-preview:-1\" \/>\n<link rel=\"canonical\" href=\"https:\/\/progettotouring.it\/radiotouring104\/2024\/03\/02\/isola-capo-rizzuto-il-sindaco-dona-10-mila-euro-allassociazione-valentia\/\" \/>\n<meta property=\"og:locale\" content=\"it_IT\" \/>\n<meta property=\"og:type\" content=\"article\" \/>\n<meta property=\"og:title\" content=\"Isola Capo Rizzuto: il sindaco dona 10 mila euro all&#039;associazione Valentia - Radio Touring 104\" \/>\n<meta property=\"og:description\" content=\"La Sindaca Vittimberga ha donato 10.000 euro all&#039;associazione &quot;Valentia&quot; per il ripristino della &quot;Casa della legalit\u00e0 Piersanti Mattarella&quot;\" \/>\n<meta property=\"og:url\" content=\"https:\/\/progettotouring.it\/radiotouring104\/2024\/03\/02\/isola-capo-rizzuto-il-sindaco-dona-10-mila-euro-allassociazione-valentia\/\" \/>\n<meta property=\"og:site_name\" content=\"Radio Touring 104\" \/>\n<meta property=\"article:published_time\" content=\"2024-03-02T17:36:17+00:00\" \/>\n<meta property=\"og:image\" content=\"https:\/\/progettotouring.it\/radiotouring104\/wp-content\/uploads\/sites\/6\/2024\/03\/casa-della-legalita.jpeg\" \/>\n\t<meta property=\"og:image:width\" content=\"1600\" \/>\n\t<meta property=\"og:image:height\" content=\"747\" \/>\n\t<meta property=\"og:image:type\" content=\"image\/jpeg\" \/>\n<meta name=\"author\" content=\"Filippo Francesco Idone\" \/>\n<meta name=\"twitter:card\" content=\"summary_large_image\" \/>\n<meta name=\"twitter:label1\" content=\"Scritto da\" \/>\n\t<meta name=\"twitter:data1\" content=\"Filippo Francesco Idone\" \/>\n\t<meta name=\"twitter:label2\" content=\"Tempo di lettura stimato\" \/>\n\t<meta name=\"twitter:data2\" content=\"1 minuto\" \/>\n<script type=\"application\/ld+json\" class=\"yoast-schema-graph\">{\"@context\":\"https:\/\/schema.org\",\"@graph\":[{\"@type\":\"Article\",\"@id\":\"https:\/\/progettotouring.it\/radiotouring104\/2024\/03\/02\/isola-capo-rizzuto-il-sindaco-dona-10-mila-euro-allassociazione-valentia\/#article\",\"isPartOf\":{\"@id\":\"https:\/\/progettotouring.it\/radiotouring104\/2024\/03\/02\/isola-capo-rizzuto-il-sindaco-dona-10-mila-euro-allassociazione-valentia\/\"},\"author\":{\"name\":\"Filippo Francesco Idone\",\"@id\":\"https:\/\/progettotouring.it\/radiotouring104\/#\/schema\/person\/4a82259ca52ac8702ad1a8f9e5a3120b\"},\"headline\":\"Isola Capo Rizzuto: il sindaco dona 10 mila euro all&#8217;associazione Valentia\",\"datePublished\":\"2024-03-02T17:36:17+00:00\",\"mainEntityOfPage\":{\"@id\":\"https:\/\/progettotouring.it\/radiotouring104\/2024\/03\/02\/isola-capo-rizzuto-il-sindaco-dona-10-mila-euro-allassociazione-valentia\/\"},\"wordCount\":293,\"publisher\":{\"@id\":\"https:\/\/progettotouring.it\/radiotouring104\/#organization\"},\"image\":{\"@id\":\"https:\/\/progettotouring.it\/radiotouring104\/2024\/03\/02\/isola-capo-rizzuto-il-sindaco-dona-10-mila-euro-allassociazione-valentia\/#primaryimage\"},\"thumbnailUrl\":\"https:\/\/progettotouring.it\/radiotouring104\/wp-content\/uploads\/sites\/6\/2024\/03\/casa-della-legalita.jpeg\",\"keywords\":[\"casa della legalit\u00e0\",\"isola capo rizzuto\",\"Maria Grazia Vittimberga\"],\"articleSection\":[\"Calabria\",\"Home\",\"News\",\"Politica\"],\"inLanguage\":\"it-IT\"},{\"@type\":\"WebPage\",\"@id\":\"https:\/\/progettotouring.it\/radiotouring104\/2024\/03\/02\/isola-capo-rizzuto-il-sindaco-dona-10-mila-euro-allassociazione-valentia\/\",\"url\":\"https:\/\/progettotouring.it\/radiotouring104\/2024\/03\/02\/isola-capo-rizzuto-il-sindaco-dona-10-mila-euro-allassociazione-valentia\/\",\"name\":\"Isola Capo Rizzuto: il sindaco dona 10 mila euro all'associazione Valentia - Radio Touring 104\",\"isPartOf\":{\"@id\":\"https:\/\/progettotouring.it\/radiotouring104\/#website\"},\"primaryImageOfPage\":{\"@id\":\"https:\/\/progettotouring.it\/radiotouring104\/2024\/03\/02\/isola-capo-rizzuto-il-sindaco-dona-10-mila-euro-allassociazione-valentia\/#primaryimage\"},\"image\":{\"@id\":\"https:\/\/progettotouring.it\/radiotouring104\/2024\/03\/02\/isola-capo-rizzuto-il-sindaco-dona-10-mila-euro-allassociazione-valentia\/#primaryimage\"},\"thumbnailUrl\":\"https:\/\/progettotouring.it\/radiotouring104\/wp-content\/uploads\/sites\/6\/2024\/03\/casa-della-legalita.jpeg\",\"datePublished\":\"2024-03-02T17:36:17+00:00\",\"description\":\"La Sindaca Vittimberga ha donato 10.000 euro all'associazione \\\"Valentia\\\" per il ripristino della \\\"Casa della legalit\u00e0 Piersanti Mattarella\\\"\",\"breadcrumb\":{\"@id\":\"https:\/\/progettotouring.it\/radiotouring104\/2024\/03\/02\/isola-capo-rizzuto-il-sindaco-dona-10-mila-euro-allassociazione-valentia\/#breadcrumb\"},\"inLanguage\":\"it-IT\",\"potentialAction\":[{\"@type\":\"ReadAction\",\"target\":[\"https:\/\/progettotouring.it\/radiotouring104\/2024\/03\/02\/isola-capo-rizzuto-il-sindaco-dona-10-mila-euro-allassociazione-valentia\/\"]}]},{\"@type\":\"ImageObject\",\"inLanguage\":\"it-IT\",\"@id\":\"https:\/\/progettotouring.it\/radiotouring104\/2024\/03\/02\/isola-capo-rizzuto-il-sindaco-dona-10-mila-euro-allassociazione-valentia\/#primaryimage\",\"url\":\"https:\/\/progettotouring.it\/radiotouring104\/wp-content\/uploads\/sites\/6\/2024\/03\/casa-della-legalita.jpeg\",\"contentUrl\":\"https:\/\/progettotouring.it\/radiotouring104\/wp-content\/uploads\/sites\/6\/2024\/03\/casa-della-legalita.jpeg\",\"width\":1600,\"height\":747},{\"@type\":\"BreadcrumbList\",\"@id\":\"https:\/\/progettotouring.it\/radiotouring104\/2024\/03\/02\/isola-capo-rizzuto-il-sindaco-dona-10-mila-euro-allassociazione-valentia\/#breadcrumb\",\"itemListElement\":[{\"@type\":\"ListItem\",\"position\":1,\"name\":\"Home\",\"item\":\"https:\/\/progettotouring.it\/radiotouring104\/\"},{\"@type\":\"ListItem\",\"position\":2,\"name\":\"Isola Capo Rizzuto: il sindaco dona 10 mila euro all&#8217;associazione Valentia\"}]},{\"@type\":\"WebSite\",\"@id\":\"https:\/\/progettotouring.it\/radiotouring104\/#website\",\"url\":\"https:\/\/progettotouring.it\/radiotouring104\/\",\"name\":\"Radio Touring 104\",\"description\":\"La prima radio Reggina\",\"publisher\":{\"@id\":\"https:\/\/progettotouring.it\/radiotouring104\/#organization\"},\"potentialAction\":[{\"@type\":\"SearchAction\",\"target\":{\"@type\":\"EntryPoint\",\"urlTemplate\":\"https:\/\/progettotouring.it\/radiotouring104\/?s={search_term_string}\"},\"query-input\":{\"@type\":\"PropertyValueSpecification\",\"valueRequired\":true,\"valueName\":\"search_term_string\"}}],\"inLanguage\":\"it-IT\"},{\"@type\":\"Organization\",\"@id\":\"https:\/\/progettotouring.it\/radiotouring104\/#organization\",\"name\":\"Radio Touring 104\",\"url\":\"https:\/\/progettotouring.it\/radiotouring104\/\",\"logo\":{\"@type\":\"ImageObject\",\"inLanguage\":\"it-IT\",\"@id\":\"https:\/\/progettotouring.it\/radiotouring104\/#\/schema\/logo\/image\/\",\"url\":\"https:\/\/progettotouring.it\/radiotouring104\/wp-content\/uploads\/sites\/6\/2022\/02\/cropped-logo-radio-touring-104.png\",\"contentUrl\":\"https:\/\/progettotouring.it\/radiotouring104\/wp-content\/uploads\/sites\/6\/2022\/02\/cropped-logo-radio-touring-104.png\",\"width\":377,\"height\":182,\"caption\":\"Radio Touring 104\"},\"image\":{\"@id\":\"https:\/\/progettotouring.it\/radiotouring104\/#\/schema\/logo\/image\/\"}},{\"@type\":\"Person\",\"@id\":\"https:\/\/progettotouring.it\/radiotouring104\/#\/schema\/person\/4a82259ca52ac8702ad1a8f9e5a3120b\",\"name\":\"Filippo Francesco Idone\",\"image\":{\"@type\":\"ImageObject\",\"inLanguage\":\"it-IT\",\"@id\":\"https:\/\/secure.gravatar.com\/avatar\/7268715d2366395c3dd314385670e6484117d44f5c442e61e230f7008b7b62d3?s=96&d=mm&r=g\",\"url\":\"https:\/\/secure.gravatar.com\/avatar\/7268715d2366395c3dd314385670e6484117d44f5c442e61e230f7008b7b62d3?s=96&d=mm&r=g\",\"contentUrl\":\"https:\/\/secure.gravatar.com\/avatar\/7268715d2366395c3dd314385670e6484117d44f5c442e61e230f7008b7b62d3?s=96&d=mm&r=g\",\"caption\":\"Filippo Francesco Idone\"},\"url\":\"https:\/\/progettotouring.it\/radiotouring104\/author\/filippoidone\/\"}]}<\/script>\n<!-- \/ Yoast SEO plugin. -->","yoast_head_json":{"title":"Isola Capo Rizzuto: il sindaco dona 10 mila euro all'associazione Valentia - Radio Touring 104","description":"La Sindaca Vittimberga ha donato 10.000 euro all'associazione \"Valentia\" per il ripristino della \"Casa della legalit\u00e0 Piersanti Mattarella\"","robots":{"index":"index","follow":"follow","max-snippet":"max-snippet:-1","max-image-preview":"max-image-preview:large","max-video-preview":"max-video-preview:-1"},"canonical":"https:\/\/progettotouring.it\/radiotouring104\/2024\/03\/02\/isola-capo-rizzuto-il-sindaco-dona-10-mila-euro-allassociazione-valentia\/","og_locale":"it_IT","og_type":"article","og_title":"Isola Capo Rizzuto: il sindaco dona 10 mila euro all'associazione Valentia - Radio Touring 104","og_description":"La Sindaca Vittimberga ha donato 10.000 euro all'associazione \"Valentia\" per il ripristino della \"Casa della legalit\u00e0 Piersanti Mattarella\"","og_url":"https:\/\/progettotouring.it\/radiotouring104\/2024\/03\/02\/isola-capo-rizzuto-il-sindaco-dona-10-mila-euro-allassociazione-valentia\/","og_site_name":"Radio Touring 104","article_published_time":"2024-03-02T17:36:17+00:00","og_image":[{"width":1600,"height":747,"url":"https:\/\/progettotouring.it\/radiotouring104\/wp-content\/uploads\/sites\/6\/2024\/03\/casa-della-legalita.jpeg","type":"image\/jpeg"}],"author":"Filippo Francesco Idone","twitter_card":"summary_large_image","twitter_misc":{"Scritto da":"Filippo Francesco Idone","Tempo di lettura stimato":"1 minuto"},"schema":{"@context":"https:\/\/schema.org","@graph":[{"@type":"Article","@id":"https:\/\/progettotouring.it\/radiotouring104\/2024\/03\/02\/isola-capo-rizzuto-il-sindaco-dona-10-mila-euro-allassociazione-valentia\/#article","isPartOf":{"@id":"https:\/\/progettotouring.it\/radiotouring104\/2024\/03\/02\/isola-capo-rizzuto-il-sindaco-dona-10-mila-euro-allassociazione-valentia\/"},"author":{"name":"Filippo Francesco Idone","@id":"https:\/\/progettotouring.it\/radiotouring104\/#\/schema\/person\/4a82259ca52ac8702ad1a8f9e5a3120b"},"headline":"Isola Capo Rizzuto: il sindaco dona 10 mila euro all&#8217;associazione Valentia","datePublished":"2024-03-02T17:36:17+00:00","mainEntityOfPage":{"@id":"https:\/\/progettotouring.it\/radiotouring104\/2024\/03\/02\/isola-capo-rizzuto-il-sindaco-dona-10-mila-euro-allassociazione-valentia\/"},"wordCount":293,"publisher":{"@id":"https:\/\/progettotouring.it\/radiotouring104\/#organization"},"image":{"@id":"https:\/\/progettotouring.it\/radiotouring104\/2024\/03\/02\/isola-capo-rizzuto-il-sindaco-dona-10-mila-euro-allassociazione-valentia\/#primaryimage"},"thumbnailUrl":"https:\/\/progettotouring.it\/radiotouring104\/wp-content\/uploads\/sites\/6\/2024\/03\/casa-della-legalita.jpeg","keywords":["casa della legalit\u00e0","isola capo rizzuto","Maria Grazia Vittimberga"],"articleSection":["Calabria","Home","News","Politica"],"inLanguage":"it-IT"},{"@type":"WebPage","@id":"https:\/\/progettotouring.it\/radiotouring104\/2024\/03\/02\/isola-capo-rizzuto-il-sindaco-dona-10-mila-euro-allassociazione-valentia\/","url":"https:\/\/progettotouring.it\/radiotouring104\/2024\/03\/02\/isola-capo-rizzuto-il-sindaco-dona-10-mila-euro-allassociazione-valentia\/","name":"Isola Capo Rizzuto: il sindaco dona 10 mila euro all'associazione Valentia - Radio Touring 104","isPartOf":{"@id":"https:\/\/progettotouring.it\/radiotouring104\/#website"},"primaryImageOfPage":{"@id":"https:\/\/progettotouring.it\/radiotouring104\/2024\/03\/02\/isola-capo-rizzuto-il-sindaco-dona-10-mila-euro-allassociazione-valentia\/#primaryimage"},"image":{"@id":"https:\/\/progettotouring.it\/radiotouring104\/2024\/03\/02\/isola-capo-rizzuto-il-sindaco-dona-10-mila-euro-allassociazione-valentia\/#primaryimage"},"thumbnailUrl":"https:\/\/progettotouring.it\/radiotouring104\/wp-content\/uploads\/sites\/6\/2024\/03\/casa-della-legalita.jpeg","datePublished":"2024-03-02T17:36:17+00:00","description":"La Sindaca Vittimberga ha donato 10.000 euro all'associazione \"Valentia\" per il ripristino della \"Casa della legalit\u00e0 Piersanti Mattarella\"","breadcrumb":{"@id":"https:\/\/progettotouring.it\/radiotouring104\/2024\/03\/02\/isola-capo-rizzuto-il-sindaco-dona-10-mila-euro-allassociazione-valentia\/#breadcrumb"},"inLanguage":"it-IT","potentialAction":[{"@type":"ReadAction","target":["https:\/\/progettotouring.it\/radiotouring104\/2024\/03\/02\/isola-capo-rizzuto-il-sindaco-dona-10-mila-euro-allassociazione-valentia\/"]}]},{"@type":"ImageObject","inLanguage":"it-IT","@id":"https:\/\/progettotouring.it\/radiotouring104\/2024\/03\/02\/isola-capo-rizzuto-il-sindaco-dona-10-mila-euro-allassociazione-valentia\/#primaryimage","url":"https:\/\/progettotouring.it\/radiotouring104\/wp-content\/uploads\/sites\/6\/2024\/03\/casa-della-legalita.jpeg","contentUrl":"https:\/\/progettotouring.it\/radiotouring104\/wp-content\/uploads\/sites\/6\/2024\/03\/casa-della-legalita.jpeg","width":1600,"height":747},{"@type":"BreadcrumbList","@id":"https:\/\/progettotouring.it\/radiotouring104\/2024\/03\/02\/isola-capo-rizzuto-il-sindaco-dona-10-mila-euro-allassociazione-valentia\/#breadcrumb","itemListElement":[{"@type":"ListItem","position":1,"name":"Home","item":"https:\/\/progettotouring.it\/radiotouring104\/"},{"@type":"ListItem","position":2,"name":"Isola Capo Rizzuto: il sindaco dona 10 mila euro all&#8217;associazione Valentia"}]},{"@type":"WebSite","@id":"https:\/\/progettotouring.it\/radiotouring104\/#website","url":"https:\/\/progettotouring.it\/radiotouring104\/","name":"Radio Touring 104","description":"La prima radio Reggina","publisher":{"@id":"https:\/\/progettotouring.it\/radiotouring104\/#organization"},"potentialAction":[{"@type":"SearchAction","target":{"@type":"EntryPoint","urlTemplate":"https:\/\/progettotouring.it\/radiotouring104\/?s={search_term_string}"},"query-input":{"@type":"PropertyValueSpecification","valueRequired":true,"valueName":"search_term_string"}}],"inLanguage":"it-IT"},{"@type":"Organization","@id":"https:\/\/progettotouring.it\/radiotouring104\/#organization","name":"Radio Touring 104","url":"https:\/\/progettotouring.it\/radiotouring104\/","logo":{"@type":"ImageObject","inLanguage":"it-IT","@id":"https:\/\/progettotouring.it\/radiotouring104\/#\/schema\/logo\/image\/","url":"https:\/\/progettotouring.it\/radiotouring104\/wp-content\/uploads\/sites\/6\/2022\/02\/cropped-logo-radio-touring-104.png","contentUrl":"https:\/\/progettotouring.it\/radiotouring104\/wp-content\/uploads\/sites\/6\/2022\/02\/cropped-logo-radio-touring-104.png","width":377,"height":182,"caption":"Radio Touring 104"},"image":{"@id":"https:\/\/progettotouring.it\/radiotouring104\/#\/schema\/logo\/image\/"}},{"@type":"Person","@id":"https:\/\/progettotouring.it\/radiotouring104\/#\/schema\/person\/4a82259ca52ac8702ad1a8f9e5a3120b","name":"Filippo Francesco Idone","image":{"@type":"ImageObject","inLanguage":"it-IT","@id":"https:\/\/secure.gravatar.com\/avatar\/7268715d2366395c3dd314385670e6484117d44f5c442e61e230f7008b7b62d3?s=96&d=mm&r=g","url":"https:\/\/secure.gravatar.com\/avatar\/7268715d2366395c3dd314385670e6484117d44f5c442e61e230f7008b7b62d3?s=96&d=mm&r=g","contentUrl":"https:\/\/secure.gravatar.com\/avatar\/7268715d2366395c3dd314385670e6484117d44f5c442e61e230f7008b7b62d3?s=96&d=mm&r=g","caption":"Filippo Francesco Idone"},"url":"https:\/\/progettotouring.it\/radiotouring104\/author\/filippoidone\/"}]}},"jetpack_publicize_connections":[],"jetpack_featured_media_url":"https:\/\/progettotouring.it\/radiotouring104\/wp-content\/uploads\/sites\/6\/2024\/03\/casa-della-legalita.jpeg","jetpack_sharing_enabled":true,"_links":{"self":[{"href":"https:\/\/progettotouring.it\/radiotouring104\/wp-json\/wp\/v2\/posts\/46206","targetHints":{"allow":["GET"]}}],"collection":[{"href":"https:\/\/progettotouring.it\/radiotouring104\/wp-json\/wp\/v2\/posts"}],"about":[{"href":"https:\/\/progettotouring.it\/radiotouring104\/wp-json\/wp\/v2\/types\/post"}],"author":[{"embeddable":true,"href":"https:\/\/progettotouring.it\/radiotouring104\/wp-json\/wp\/v2\/users\/8"}],"replies":[{"embeddable":true,"href":"https:\/\/progettotouring.it\/radiotouring104\/wp-json\/wp\/v2\/comments?post=46206"}],"version-history":[{"count":1,"href":"https:\/\/progettotouring.it\/radiotouring104\/wp-json\/wp\/v2\/posts\/46206\/revisions"}],"predecessor-version":[{"id":46209,"href":"https:\/\/progettotouring.it\/radiotouring104\/wp-json\/wp\/v2\/posts\/46206\/revisions\/46209"}],"wp:featuredmedia":[{"embeddable":true,"href":"https:\/\/progettotouring.it\/radiotouring104\/wp-json\/wp\/v2\/media\/46207"}],"wp:attachment":[{"href":"https:\/\/progettotouring.it\/radiotouring104\/wp-json\/wp\/v2\/media?parent=46206"}],"wp:term":[{"taxonomy":"category","embeddable":true,"href":"https:\/\/progettotouring.it\/radiotouring104\/wp-json\/wp\/v2\/categories?post=46206"},{"taxonomy":"post_tag","embeddable":true,"href":"https:\/\/progettotouring.it\/radiotouring104\/wp-json\/wp\/v2\/tags?post=46206"}],"curies":[{"name":"wp","href":"https:\/\/api.w.org\/{rel}","templated":true}]}}