{"id":46213,"date":"2024-03-02T19:56:49","date_gmt":"2024-03-02T18:56:49","guid":{"rendered":"https:\/\/progettotouring.it\/radiotouring104\/?p=46213"},"modified":"2024-03-03T09:43:47","modified_gmt":"2024-03-03T08:43:47","slug":"reggio-calabria-svolto-levento-mosorrofa-al-tempo-dei-bizantini","status":"publish","type":"post","link":"https:\/\/progettotouring.it\/radiotouring104\/2024\/03\/02\/reggio-calabria-svolto-levento-mosorrofa-al-tempo-dei-bizantini\/","title":{"rendered":"Reggio Calabria: svolto l&#8217;evento &#8220;Mosorrofa al Tempo dei Bizantini&#8221;"},"content":{"rendered":"<p style=\"text-align: justify\">Si \u00e8 tenuto presso la<strong> Chiesa parrocchiale San Demetrio a Mosorrofa<\/strong> (RC) il 1 marzo c.a. il convegno <strong>Mosorrofa al Tempo dei Bizantini<\/strong>. <em>\u201cLa grecanicit\u00e0 del borgo e di tutta la Calabria Ulteriore non \u00e8 sicuramente una novit\u00e0 ma non \u00e8 mai stata pubblicizzata a dovere per farne volano di sviluppo culturale e anche economico<\/em>\u201d dice il Presidente dell\u2019Azione Cattolica <strong>Andidero Pasquale<\/strong> nell\u2019introduzione. La presenza di San Demetrio a Mosorrofa e l\u2019origine greca di molti cognomi, ad esempio Andidero dal greco Antidorom significa \u201cpane benedetto\u201d, ne sono segni evidenti. Nel desiderio di conoscere meglio questa storia, l\u2019AC e la Parrocchia hanno chiesto al Prof.<strong> Daniele Castrizio,<\/strong> Professore Ordinario di Numismatica all\u2019Universit\u00e0 degli Studi di Messina e Direttore del Polo museale di Bova di mettere sotto la lente la nascita di questo paese.<br \/>\nUn canto, Invocazione a San Demetrio, magistralmente interpretato da Demetrio Russo alla chitarra e Alessia Brancati voce, ha aperto i lavori. Il testo \u00e8 stato scritto da <strong>Paolo Cotrupi<\/strong> (giovane e promettente studioso laureato in lettere classiche) nell\u2019occasione della messa in scena della IIa edizione della Rievocazione storica di Mosorrofa nel 2022 appena usciti dalla crisi pandemica da covid19. Il riferimento alla guerra e alla pandemia era ed \u00e8 tutt\u2019 ora di pungente attualit\u00e0. In quella rappresentazione il paese di Mosorrofa ha rievocato una delle pi\u00f9 famose leggende legate al culto del martire Demetrio, secondo la quale durante una delle ultime pestilenze il Santo in persona avrebbe protetto Mosorrofa dalla \u201cmorte nera\u201d personificata in una vecchia strega. Il testo \u00e8 scritto e cantato in dialetto ed in greco, le due lingue di origine del borgo, ed \u00e8 un\u2019invocazione per chiedere a San Demetrio aiuto e protezione dal morbo in arrivo.<\/p>\n<p style=\"text-align: justify\">Il Prof. <strong>Castrizio<\/strong> ha incantato l\u2019uditorio con il suo racconto del come si \u00e8 arrivati, presumibilmente nel 7\u00b0 secolo, alla nascita di Mosorrofa. Ha prima fatto un excursus storico sulla presenza greca nella Calabria Ulteriore che si era sviluppata soprattutto nelle fasce costiere. Molto interessante \u00e8 la notizia che lo sviluppo in \u201cRhegium\u201d di questa civilt\u00e0 era dovuto soprattutto al fatto che Reggio per la sua posizione al centro del Mediterraneo era punto focale di \u201ctranshipment\u201d e questo ha portato un enorme ricchezza alla citt\u00e0. Un \u201cBollo con REGINVM VINVM su anfore Dressel 1, trovate a Roma, databili tra la fine del II e gli inizi del I sec. a.C.\u201d e la scoperta che <strong>\u201cla Calabria \u00e8 tra le prime e pi\u00f9 grosse produttrici di anfore Dressel 1, che si trovano in tutto il bacino occidentale del mediterraneo e in Inghilterra\u201d<\/strong>, ci fa capire come la produzione di vino era fonte di enorme ricchezza. In particolare si fa menzione al Bianco Passito greco.<\/p>\n<p style=\"text-align: justify\">Ha poi sottolineato come, nel momento in cui le aree costiere non erano pi\u00f9 sicure per le incursioni di conquistatori, la popolazione \u00e8 stata spostata verso le aree collinari-montane. Nasce cos\u00ec l\u2019insediamento a Mosorrofa. Il prof. fa risalire il nome da Mess\u00f2chora, paese di mezzo, al fatto che, presumibilmente, stava tra altri due insediamenti che si ipotizza potrebbero essere Cataforio (pi\u00f9 in basso) e Cardeto (pi\u00f9 in alto). Si svilupp\u00f2 enormemente la produzione di seta, la coltura dei gelsi bianchi per l\u2019allevamento del baco da seta, che era la vera ricchezza di quel tempo, crescevano rigogliosi solo in queste zone. Nacquero fortificazioni per difendere questa ricchezza e, verosimilmente, Mosorrofa era una di queste. Il nucleo originario, Strapunti, si trova proprio su un promontorio roccioso da dove si dominava tutta la vallata fino al mare, adatto per una fortificazione. Per avere conferma bisognerebbe trovare il forte, i resti, per poter fare uno studio adeguato.<br \/>\nDal presumere che erano fortificazioni di guerrieri per difendere la ricchezza che si produceva si fa anche risalire la presenza di San Demetrio. San Demetrio era un guerriero ed \u00e8 stato martirizzato perch\u00e9, avendo abbracciato la fede in Dio, si rifiutava di uccidere, come San Giorgio ed altri santi guerrieri del tempo. Verosimilmente \u00e8 stato indicato Santo protettore dei guerrieri che si trovavano a <strong>Mosorrofa<\/strong>.<\/p>\n<p style=\"text-align: justify\">Molti e qualificati sono stati gli interventi. Dal Prof. <strong>Agostino Sorgon\u00e0,<\/strong> Professore Associato Dipartimento di Agraria Universit\u00e0 Mediterranea di RC, al Prof. <strong>Orlando Sorgon\u00e0<\/strong>, storico, studioso, tra i massimi esperti della storia di Motta Sant\u2019Agata; da <strong>Demetrio Sorgon\u00e0,<\/strong> Capo redattore dell\u2019ECO di Mosorrofa, giornale parrocchiale con oltre 50 anni di attivit\u00e0, a Giuseppe Marino, Consigliere comunale da poco nominato Presidente della IIa commissione, Affari Istituzionali; da Carmelo Nucera, gi\u00e0 Sindaco del comune di Bova e, oggi, Presidente del Circolo culturale Apodiaf\u00e0zzi, che ha attivato gli sportelli linguistici per la promozione e la valorizzazione della lingua e della cultura dei greci di Calabria, al Prof. Pasquale Nucara, autore di diversi libri, ultima sua fatica, che presenter\u00e0 il 9 c.m., \u201cDizionario Bibliografico degli sportivi eccellenti di RC e della sua provincia\u201d. Dagli interventi \u00e8 emersa la corale voglia e necessit\u00e0 di continuare gli studi su quel periodo e approfondire le tematiche. Gli intervenuti spaziavano tra la necessit\u00e0 di capire se c\u2019\u00e8 la possibilit\u00e0 di estrarre il DNA dalle antiche colture di vino a quella di valorizzare la cultura greco bizantina che ci contraddistingue a quella di dare certezza alle tante ipotesi, seppur molto verosimili, sulle nostre origini.<\/p>\n<p style=\"text-align: justify\">Il Presidente <strong>Andidero<\/strong>, anche a nome del parroco della Parrocchia di San Demetrio, sac.<strong> Domenico Labella<\/strong>, assente per impegni di salute, ha tenuto a sottolineare che questo convegno non vuole essere un momento isolato, che non ci si fermer\u00e0 qui. Ci saranno altri appuntamenti, altri studiosi, tra i quali sicuramente anche i nostri compaesani <strong>Orlando Sorgon\u00e0<\/strong> e <strong>Paolo Cotrupi,<\/strong> si continuer\u00e0 ad approfondire l\u2019argomento attraverso l\u2019aiuto di tutte le competenze che saranno disponibili creando rete. Il Prof. <strong>Daniele Castrizio,<\/strong> tirando un po&#8217; le somme, ha sottolineato che le verit\u00e0 possono essere certificate solo attraverso l\u2019archeologia, che vanno ricercati i siti e, attraverso gli scavi, vanno indagati. Ha confessato che il suo impegno nella ricerca della conoscenza del passato non \u00e8 fine a s\u00e9 stesso, per solo amore di cultura, ma soprattutto perch\u00e9 attraverso questa conoscenza si possa progettare il futuro. Se la Calabria, Reggio in particolare, \u00e8 stata per lunghissimi secoli tra le terre pi\u00f9 ricche e rigogliose dell\u2019intero pianeta, il conoscere quel periodo ci pu\u00f2 aiutare a capire qual \u00e8 la sua vocazione di sviluppo.<\/p>\n<p style=\"text-align: justify\">Il Prof. <strong>Castrizio<\/strong> nella sua relazione ha indicato Platone come il primo turista della storia. Si era spostato perch\u00e9 aveva trovato da \u201cmangiare bene\u201d e, anche, per godere della vista dell\u2019Etna e di Stromboli. Oggi, questa nostra terra \u00e8 di nuovo punto focale di transhipment, pensiamo al porto di Gioia Tauro; \u00e8 il luogo, pressoch\u00e9 esclusivo, della produzione di Bergamotto; offre sicuramente paesaggi ineguagliabili; \u00e8 tra le migliori cucine al mondo, pensiamo alla dieta mediterranea; \u00e8, in aggiunta, un tesoro di storia e cultura di cui i Bronzi di Riace sono solo l\u2019apice. Questo dovrebbe far arrivare a Reggio tutto il mondo. Dobbiamo lavorare affinch\u00e9 ci\u00f2 si avveri.<\/p>\n","protected":false},"excerpt":{"rendered":"<p>Si \u00e8 tenuto presso la Chiesa parrocchiale San Demetrio a Mosorrofa (RC) il 1 marzo c.a. il convegno Mosorrofa al Tempo dei Bizantini. \u201cLa grecanicit\u00e0 del borgo e di tutta&hellip;<\/p>\n","protected":false},"author":8,"featured_media":46214,"comment_status":"closed","ping_status":"open","sticky":false,"template":"","format":"standard","meta":{"_jetpack_memberships_contains_paid_content":false,"footnotes":"","jetpack_publicize_message":"","jetpack_publicize_feature_enabled":true,"jetpack_social_post_already_shared":false,"jetpack_social_options":{"image_generator_settings":{"template":"highway","default_image_id":0,"font":"","enabled":false},"version":2}},"categories":[921,196,140],"tags":[7917,1234,28423],"class_list":["post-46213","post","type-post","status-publish","format-standard","has-post-thumbnail","hentry","category-home","category-news","category-reggio-calabria","tag-chiesa-di-san-demetrio","tag-daniele-castrizio","tag-mosorrofa-al-tempo-dei-bizantini"],"yoast_head":"<!-- This site is optimized with the Yoast SEO plugin v27.2 - https:\/\/yoast.com\/product\/yoast-seo-wordpress\/ -->\n<title>Reggio Calabria: svolto l&#039;evento &quot;Mosorrofa al Tempo dei Bizantini&quot; - Radio Touring 104<\/title>\n<meta name=\"description\" content=\"Si \u00e8 svolto alla Chiesa di San Demetrio il convegno Mosorrofa al Tempo dei Bizantini. Presente il professor Daniele Castrizio\" \/>\n<meta name=\"robots\" content=\"index, follow, max-snippet:-1, max-image-preview:large, max-video-preview:-1\" \/>\n<link rel=\"canonical\" href=\"https:\/\/progettotouring.it\/radiotouring104\/2024\/03\/02\/reggio-calabria-svolto-levento-mosorrofa-al-tempo-dei-bizantini\/\" \/>\n<meta property=\"og:locale\" content=\"it_IT\" \/>\n<meta property=\"og:type\" content=\"article\" \/>\n<meta property=\"og:title\" content=\"Reggio Calabria: svolto l&#039;evento &quot;Mosorrofa al Tempo dei Bizantini&quot; - Radio Touring 104\" \/>\n<meta property=\"og:description\" content=\"Si \u00e8 svolto alla Chiesa di San Demetrio il convegno Mosorrofa al Tempo dei Bizantini. Presente il professor Daniele Castrizio\" \/>\n<meta property=\"og:url\" content=\"https:\/\/progettotouring.it\/radiotouring104\/2024\/03\/02\/reggio-calabria-svolto-levento-mosorrofa-al-tempo-dei-bizantini\/\" \/>\n<meta property=\"og:site_name\" content=\"Radio Touring 104\" \/>\n<meta property=\"article:published_time\" content=\"2024-03-02T18:56:49+00:00\" \/>\n<meta property=\"article:modified_time\" content=\"2024-03-03T08:43:47+00:00\" \/>\n<meta property=\"og:image\" content=\"https:\/\/progettotouring.it\/radiotouring104\/wp-content\/uploads\/sites\/6\/2024\/03\/Convegno-mosorrofa.jpg\" \/>\n\t<meta property=\"og:image:width\" content=\"1600\" \/>\n\t<meta property=\"og:image:height\" content=\"1200\" \/>\n\t<meta property=\"og:image:type\" content=\"image\/jpeg\" \/>\n<meta name=\"author\" content=\"Filippo Francesco Idone\" \/>\n<meta name=\"twitter:card\" content=\"summary_large_image\" \/>\n<meta name=\"twitter:label1\" content=\"Scritto da\" \/>\n\t<meta name=\"twitter:data1\" content=\"Filippo Francesco Idone\" \/>\n\t<meta name=\"twitter:label2\" content=\"Tempo di lettura stimato\" \/>\n\t<meta name=\"twitter:data2\" content=\"6 minuti\" \/>\n<script type=\"application\/ld+json\" class=\"yoast-schema-graph\">{\"@context\":\"https:\/\/schema.org\",\"@graph\":[{\"@type\":\"Article\",\"@id\":\"https:\/\/progettotouring.it\/radiotouring104\/2024\/03\/02\/reggio-calabria-svolto-levento-mosorrofa-al-tempo-dei-bizantini\/#article\",\"isPartOf\":{\"@id\":\"https:\/\/progettotouring.it\/radiotouring104\/2024\/03\/02\/reggio-calabria-svolto-levento-mosorrofa-al-tempo-dei-bizantini\/\"},\"author\":{\"name\":\"Filippo Francesco Idone\",\"@id\":\"https:\/\/progettotouring.it\/radiotouring104\/#\/schema\/person\/4a82259ca52ac8702ad1a8f9e5a3120b\"},\"headline\":\"Reggio Calabria: svolto l&#8217;evento &#8220;Mosorrofa al Tempo dei Bizantini&#8221;\",\"datePublished\":\"2024-03-02T18:56:49+00:00\",\"dateModified\":\"2024-03-03T08:43:47+00:00\",\"mainEntityOfPage\":{\"@id\":\"https:\/\/progettotouring.it\/radiotouring104\/2024\/03\/02\/reggio-calabria-svolto-levento-mosorrofa-al-tempo-dei-bizantini\/\"},\"wordCount\":1146,\"publisher\":{\"@id\":\"https:\/\/progettotouring.it\/radiotouring104\/#organization\"},\"image\":{\"@id\":\"https:\/\/progettotouring.it\/radiotouring104\/2024\/03\/02\/reggio-calabria-svolto-levento-mosorrofa-al-tempo-dei-bizantini\/#primaryimage\"},\"thumbnailUrl\":\"https:\/\/progettotouring.it\/radiotouring104\/wp-content\/uploads\/sites\/6\/2024\/03\/Convegno-mosorrofa.jpg\",\"keywords\":[\"Chiesa di San Demetrio\",\"daniele castrizio\",\"Mosorrofa al Tempo dei Bizantini\"],\"articleSection\":[\"Home\",\"News\",\"Reggio Calabria\"],\"inLanguage\":\"it-IT\"},{\"@type\":\"WebPage\",\"@id\":\"https:\/\/progettotouring.it\/radiotouring104\/2024\/03\/02\/reggio-calabria-svolto-levento-mosorrofa-al-tempo-dei-bizantini\/\",\"url\":\"https:\/\/progettotouring.it\/radiotouring104\/2024\/03\/02\/reggio-calabria-svolto-levento-mosorrofa-al-tempo-dei-bizantini\/\",\"name\":\"Reggio Calabria: svolto l'evento \\\"Mosorrofa al Tempo dei Bizantini\\\" - Radio Touring 104\",\"isPartOf\":{\"@id\":\"https:\/\/progettotouring.it\/radiotouring104\/#website\"},\"primaryImageOfPage\":{\"@id\":\"https:\/\/progettotouring.it\/radiotouring104\/2024\/03\/02\/reggio-calabria-svolto-levento-mosorrofa-al-tempo-dei-bizantini\/#primaryimage\"},\"image\":{\"@id\":\"https:\/\/progettotouring.it\/radiotouring104\/2024\/03\/02\/reggio-calabria-svolto-levento-mosorrofa-al-tempo-dei-bizantini\/#primaryimage\"},\"thumbnailUrl\":\"https:\/\/progettotouring.it\/radiotouring104\/wp-content\/uploads\/sites\/6\/2024\/03\/Convegno-mosorrofa.jpg\",\"datePublished\":\"2024-03-02T18:56:49+00:00\",\"dateModified\":\"2024-03-03T08:43:47+00:00\",\"description\":\"Si \u00e8 svolto alla Chiesa di San Demetrio il convegno Mosorrofa al Tempo dei Bizantini. Presente il professor Daniele Castrizio\",\"breadcrumb\":{\"@id\":\"https:\/\/progettotouring.it\/radiotouring104\/2024\/03\/02\/reggio-calabria-svolto-levento-mosorrofa-al-tempo-dei-bizantini\/#breadcrumb\"},\"inLanguage\":\"it-IT\",\"potentialAction\":[{\"@type\":\"ReadAction\",\"target\":[\"https:\/\/progettotouring.it\/radiotouring104\/2024\/03\/02\/reggio-calabria-svolto-levento-mosorrofa-al-tempo-dei-bizantini\/\"]}]},{\"@type\":\"ImageObject\",\"inLanguage\":\"it-IT\",\"@id\":\"https:\/\/progettotouring.it\/radiotouring104\/2024\/03\/02\/reggio-calabria-svolto-levento-mosorrofa-al-tempo-dei-bizantini\/#primaryimage\",\"url\":\"https:\/\/progettotouring.it\/radiotouring104\/wp-content\/uploads\/sites\/6\/2024\/03\/Convegno-mosorrofa.jpg\",\"contentUrl\":\"https:\/\/progettotouring.it\/radiotouring104\/wp-content\/uploads\/sites\/6\/2024\/03\/Convegno-mosorrofa.jpg\",\"width\":1600,\"height\":1200},{\"@type\":\"BreadcrumbList\",\"@id\":\"https:\/\/progettotouring.it\/radiotouring104\/2024\/03\/02\/reggio-calabria-svolto-levento-mosorrofa-al-tempo-dei-bizantini\/#breadcrumb\",\"itemListElement\":[{\"@type\":\"ListItem\",\"position\":1,\"name\":\"Home\",\"item\":\"https:\/\/progettotouring.it\/radiotouring104\/\"},{\"@type\":\"ListItem\",\"position\":2,\"name\":\"Reggio Calabria: svolto l&#8217;evento &#8220;Mosorrofa al Tempo dei Bizantini&#8221;\"}]},{\"@type\":\"WebSite\",\"@id\":\"https:\/\/progettotouring.it\/radiotouring104\/#website\",\"url\":\"https:\/\/progettotouring.it\/radiotouring104\/\",\"name\":\"Radio Touring 104\",\"description\":\"La prima radio Reggina\",\"publisher\":{\"@id\":\"https:\/\/progettotouring.it\/radiotouring104\/#organization\"},\"potentialAction\":[{\"@type\":\"SearchAction\",\"target\":{\"@type\":\"EntryPoint\",\"urlTemplate\":\"https:\/\/progettotouring.it\/radiotouring104\/?s={search_term_string}\"},\"query-input\":{\"@type\":\"PropertyValueSpecification\",\"valueRequired\":true,\"valueName\":\"search_term_string\"}}],\"inLanguage\":\"it-IT\"},{\"@type\":\"Organization\",\"@id\":\"https:\/\/progettotouring.it\/radiotouring104\/#organization\",\"name\":\"Radio Touring 104\",\"url\":\"https:\/\/progettotouring.it\/radiotouring104\/\",\"logo\":{\"@type\":\"ImageObject\",\"inLanguage\":\"it-IT\",\"@id\":\"https:\/\/progettotouring.it\/radiotouring104\/#\/schema\/logo\/image\/\",\"url\":\"https:\/\/progettotouring.it\/radiotouring104\/wp-content\/uploads\/sites\/6\/2022\/02\/cropped-logo-radio-touring-104.png\",\"contentUrl\":\"https:\/\/progettotouring.it\/radiotouring104\/wp-content\/uploads\/sites\/6\/2022\/02\/cropped-logo-radio-touring-104.png\",\"width\":377,\"height\":182,\"caption\":\"Radio Touring 104\"},\"image\":{\"@id\":\"https:\/\/progettotouring.it\/radiotouring104\/#\/schema\/logo\/image\/\"}},{\"@type\":\"Person\",\"@id\":\"https:\/\/progettotouring.it\/radiotouring104\/#\/schema\/person\/4a82259ca52ac8702ad1a8f9e5a3120b\",\"name\":\"Filippo Francesco Idone\",\"image\":{\"@type\":\"ImageObject\",\"inLanguage\":\"it-IT\",\"@id\":\"https:\/\/secure.gravatar.com\/avatar\/7268715d2366395c3dd314385670e6484117d44f5c442e61e230f7008b7b62d3?s=96&d=mm&r=g\",\"url\":\"https:\/\/secure.gravatar.com\/avatar\/7268715d2366395c3dd314385670e6484117d44f5c442e61e230f7008b7b62d3?s=96&d=mm&r=g\",\"contentUrl\":\"https:\/\/secure.gravatar.com\/avatar\/7268715d2366395c3dd314385670e6484117d44f5c442e61e230f7008b7b62d3?s=96&d=mm&r=g\",\"caption\":\"Filippo Francesco Idone\"},\"url\":\"https:\/\/progettotouring.it\/radiotouring104\/author\/filippoidone\/\"}]}<\/script>\n<!-- \/ Yoast SEO plugin. -->","yoast_head_json":{"title":"Reggio Calabria: svolto l'evento \"Mosorrofa al Tempo dei Bizantini\" - Radio Touring 104","description":"Si \u00e8 svolto alla Chiesa di San Demetrio il convegno Mosorrofa al Tempo dei Bizantini. Presente il professor Daniele Castrizio","robots":{"index":"index","follow":"follow","max-snippet":"max-snippet:-1","max-image-preview":"max-image-preview:large","max-video-preview":"max-video-preview:-1"},"canonical":"https:\/\/progettotouring.it\/radiotouring104\/2024\/03\/02\/reggio-calabria-svolto-levento-mosorrofa-al-tempo-dei-bizantini\/","og_locale":"it_IT","og_type":"article","og_title":"Reggio Calabria: svolto l'evento \"Mosorrofa al Tempo dei Bizantini\" - Radio Touring 104","og_description":"Si \u00e8 svolto alla Chiesa di San Demetrio il convegno Mosorrofa al Tempo dei Bizantini. Presente il professor Daniele Castrizio","og_url":"https:\/\/progettotouring.it\/radiotouring104\/2024\/03\/02\/reggio-calabria-svolto-levento-mosorrofa-al-tempo-dei-bizantini\/","og_site_name":"Radio Touring 104","article_published_time":"2024-03-02T18:56:49+00:00","article_modified_time":"2024-03-03T08:43:47+00:00","og_image":[{"width":1600,"height":1200,"url":"https:\/\/progettotouring.it\/radiotouring104\/wp-content\/uploads\/sites\/6\/2024\/03\/Convegno-mosorrofa.jpg","type":"image\/jpeg"}],"author":"Filippo Francesco Idone","twitter_card":"summary_large_image","twitter_misc":{"Scritto da":"Filippo Francesco Idone","Tempo di lettura stimato":"6 minuti"},"schema":{"@context":"https:\/\/schema.org","@graph":[{"@type":"Article","@id":"https:\/\/progettotouring.it\/radiotouring104\/2024\/03\/02\/reggio-calabria-svolto-levento-mosorrofa-al-tempo-dei-bizantini\/#article","isPartOf":{"@id":"https:\/\/progettotouring.it\/radiotouring104\/2024\/03\/02\/reggio-calabria-svolto-levento-mosorrofa-al-tempo-dei-bizantini\/"},"author":{"name":"Filippo Francesco Idone","@id":"https:\/\/progettotouring.it\/radiotouring104\/#\/schema\/person\/4a82259ca52ac8702ad1a8f9e5a3120b"},"headline":"Reggio Calabria: svolto l&#8217;evento &#8220;Mosorrofa al Tempo dei Bizantini&#8221;","datePublished":"2024-03-02T18:56:49+00:00","dateModified":"2024-03-03T08:43:47+00:00","mainEntityOfPage":{"@id":"https:\/\/progettotouring.it\/radiotouring104\/2024\/03\/02\/reggio-calabria-svolto-levento-mosorrofa-al-tempo-dei-bizantini\/"},"wordCount":1146,"publisher":{"@id":"https:\/\/progettotouring.it\/radiotouring104\/#organization"},"image":{"@id":"https:\/\/progettotouring.it\/radiotouring104\/2024\/03\/02\/reggio-calabria-svolto-levento-mosorrofa-al-tempo-dei-bizantini\/#primaryimage"},"thumbnailUrl":"https:\/\/progettotouring.it\/radiotouring104\/wp-content\/uploads\/sites\/6\/2024\/03\/Convegno-mosorrofa.jpg","keywords":["Chiesa di San Demetrio","daniele castrizio","Mosorrofa al Tempo dei Bizantini"],"articleSection":["Home","News","Reggio Calabria"],"inLanguage":"it-IT"},{"@type":"WebPage","@id":"https:\/\/progettotouring.it\/radiotouring104\/2024\/03\/02\/reggio-calabria-svolto-levento-mosorrofa-al-tempo-dei-bizantini\/","url":"https:\/\/progettotouring.it\/radiotouring104\/2024\/03\/02\/reggio-calabria-svolto-levento-mosorrofa-al-tempo-dei-bizantini\/","name":"Reggio Calabria: svolto l'evento \"Mosorrofa al Tempo dei Bizantini\" - Radio Touring 104","isPartOf":{"@id":"https:\/\/progettotouring.it\/radiotouring104\/#website"},"primaryImageOfPage":{"@id":"https:\/\/progettotouring.it\/radiotouring104\/2024\/03\/02\/reggio-calabria-svolto-levento-mosorrofa-al-tempo-dei-bizantini\/#primaryimage"},"image":{"@id":"https:\/\/progettotouring.it\/radiotouring104\/2024\/03\/02\/reggio-calabria-svolto-levento-mosorrofa-al-tempo-dei-bizantini\/#primaryimage"},"thumbnailUrl":"https:\/\/progettotouring.it\/radiotouring104\/wp-content\/uploads\/sites\/6\/2024\/03\/Convegno-mosorrofa.jpg","datePublished":"2024-03-02T18:56:49+00:00","dateModified":"2024-03-03T08:43:47+00:00","description":"Si \u00e8 svolto alla Chiesa di San Demetrio il convegno Mosorrofa al Tempo dei Bizantini. Presente il professor Daniele Castrizio","breadcrumb":{"@id":"https:\/\/progettotouring.it\/radiotouring104\/2024\/03\/02\/reggio-calabria-svolto-levento-mosorrofa-al-tempo-dei-bizantini\/#breadcrumb"},"inLanguage":"it-IT","potentialAction":[{"@type":"ReadAction","target":["https:\/\/progettotouring.it\/radiotouring104\/2024\/03\/02\/reggio-calabria-svolto-levento-mosorrofa-al-tempo-dei-bizantini\/"]}]},{"@type":"ImageObject","inLanguage":"it-IT","@id":"https:\/\/progettotouring.it\/radiotouring104\/2024\/03\/02\/reggio-calabria-svolto-levento-mosorrofa-al-tempo-dei-bizantini\/#primaryimage","url":"https:\/\/progettotouring.it\/radiotouring104\/wp-content\/uploads\/sites\/6\/2024\/03\/Convegno-mosorrofa.jpg","contentUrl":"https:\/\/progettotouring.it\/radiotouring104\/wp-content\/uploads\/sites\/6\/2024\/03\/Convegno-mosorrofa.jpg","width":1600,"height":1200},{"@type":"BreadcrumbList","@id":"https:\/\/progettotouring.it\/radiotouring104\/2024\/03\/02\/reggio-calabria-svolto-levento-mosorrofa-al-tempo-dei-bizantini\/#breadcrumb","itemListElement":[{"@type":"ListItem","position":1,"name":"Home","item":"https:\/\/progettotouring.it\/radiotouring104\/"},{"@type":"ListItem","position":2,"name":"Reggio Calabria: svolto l&#8217;evento &#8220;Mosorrofa al Tempo dei Bizantini&#8221;"}]},{"@type":"WebSite","@id":"https:\/\/progettotouring.it\/radiotouring104\/#website","url":"https:\/\/progettotouring.it\/radiotouring104\/","name":"Radio Touring 104","description":"La prima radio Reggina","publisher":{"@id":"https:\/\/progettotouring.it\/radiotouring104\/#organization"},"potentialAction":[{"@type":"SearchAction","target":{"@type":"EntryPoint","urlTemplate":"https:\/\/progettotouring.it\/radiotouring104\/?s={search_term_string}"},"query-input":{"@type":"PropertyValueSpecification","valueRequired":true,"valueName":"search_term_string"}}],"inLanguage":"it-IT"},{"@type":"Organization","@id":"https:\/\/progettotouring.it\/radiotouring104\/#organization","name":"Radio Touring 104","url":"https:\/\/progettotouring.it\/radiotouring104\/","logo":{"@type":"ImageObject","inLanguage":"it-IT","@id":"https:\/\/progettotouring.it\/radiotouring104\/#\/schema\/logo\/image\/","url":"https:\/\/progettotouring.it\/radiotouring104\/wp-content\/uploads\/sites\/6\/2022\/02\/cropped-logo-radio-touring-104.png","contentUrl":"https:\/\/progettotouring.it\/radiotouring104\/wp-content\/uploads\/sites\/6\/2022\/02\/cropped-logo-radio-touring-104.png","width":377,"height":182,"caption":"Radio Touring 104"},"image":{"@id":"https:\/\/progettotouring.it\/radiotouring104\/#\/schema\/logo\/image\/"}},{"@type":"Person","@id":"https:\/\/progettotouring.it\/radiotouring104\/#\/schema\/person\/4a82259ca52ac8702ad1a8f9e5a3120b","name":"Filippo Francesco Idone","image":{"@type":"ImageObject","inLanguage":"it-IT","@id":"https:\/\/secure.gravatar.com\/avatar\/7268715d2366395c3dd314385670e6484117d44f5c442e61e230f7008b7b62d3?s=96&d=mm&r=g","url":"https:\/\/secure.gravatar.com\/avatar\/7268715d2366395c3dd314385670e6484117d44f5c442e61e230f7008b7b62d3?s=96&d=mm&r=g","contentUrl":"https:\/\/secure.gravatar.com\/avatar\/7268715d2366395c3dd314385670e6484117d44f5c442e61e230f7008b7b62d3?s=96&d=mm&r=g","caption":"Filippo Francesco Idone"},"url":"https:\/\/progettotouring.it\/radiotouring104\/author\/filippoidone\/"}]}},"jetpack_publicize_connections":[],"jetpack_featured_media_url":"https:\/\/progettotouring.it\/radiotouring104\/wp-content\/uploads\/sites\/6\/2024\/03\/Convegno-mosorrofa.jpg","jetpack_sharing_enabled":true,"_links":{"self":[{"href":"https:\/\/progettotouring.it\/radiotouring104\/wp-json\/wp\/v2\/posts\/46213","targetHints":{"allow":["GET"]}}],"collection":[{"href":"https:\/\/progettotouring.it\/radiotouring104\/wp-json\/wp\/v2\/posts"}],"about":[{"href":"https:\/\/progettotouring.it\/radiotouring104\/wp-json\/wp\/v2\/types\/post"}],"author":[{"embeddable":true,"href":"https:\/\/progettotouring.it\/radiotouring104\/wp-json\/wp\/v2\/users\/8"}],"replies":[{"embeddable":true,"href":"https:\/\/progettotouring.it\/radiotouring104\/wp-json\/wp\/v2\/comments?post=46213"}],"version-history":[{"count":1,"href":"https:\/\/progettotouring.it\/radiotouring104\/wp-json\/wp\/v2\/posts\/46213\/revisions"}],"predecessor-version":[{"id":46215,"href":"https:\/\/progettotouring.it\/radiotouring104\/wp-json\/wp\/v2\/posts\/46213\/revisions\/46215"}],"wp:featuredmedia":[{"embeddable":true,"href":"https:\/\/progettotouring.it\/radiotouring104\/wp-json\/wp\/v2\/media\/46214"}],"wp:attachment":[{"href":"https:\/\/progettotouring.it\/radiotouring104\/wp-json\/wp\/v2\/media?parent=46213"}],"wp:term":[{"taxonomy":"category","embeddable":true,"href":"https:\/\/progettotouring.it\/radiotouring104\/wp-json\/wp\/v2\/categories?post=46213"},{"taxonomy":"post_tag","embeddable":true,"href":"https:\/\/progettotouring.it\/radiotouring104\/wp-json\/wp\/v2\/tags?post=46213"}],"curies":[{"name":"wp","href":"https:\/\/api.w.org\/{rel}","templated":true}]}}