{"id":46362,"date":"2024-03-05T12:57:25","date_gmt":"2024-03-05T11:57:25","guid":{"rendered":"https:\/\/progettotouring.it\/radiotouring104\/?p=46362"},"modified":"2024-03-05T12:57:25","modified_gmt":"2024-03-05T11:57:25","slug":"alta-velocita-cigl-calabria-regione-chieda-al-governo-potenziamento-degli-interventi-di-rfi","status":"publish","type":"post","link":"https:\/\/progettotouring.it\/radiotouring104\/2024\/03\/05\/alta-velocita-cigl-calabria-regione-chieda-al-governo-potenziamento-degli-interventi-di-rfi\/","title":{"rendered":"Alta Velocit\u00e0, Cigl Calabria: &#8220;Regione chieda al Governo potenziamento degli interventi di RFI&#8221;"},"content":{"rendered":"<p class=\"xmprfx_MsoNormal\" style=\"text-align: justify\">Non \u00e8 una novit\u00e0 per nessuno che lo sviluppo di un\u2019area, di una regione, passa ineludibilmente anche dalle infrastrutture ferroviarie. E tra queste un posto in prima linea lo guadagna l\u2019Alta velocit\u00e0 SA \/ RC. Nel Mezzogiorno ci sono 4 delle 12 linee ferroviarie peggiori d\u2019Italia, tra queste la tratta Jonica, il collegamento Taranto\/ Reggio Calabria.<\/p>\n<p class=\"xmprfx_MsoNormal\" style=\"text-align: justify\">In Calabria l\u2019et\u00e0 media dei convogli \u00e8 di 21 anni e 4 mesi, peggio di noi solo il Molise, contro l\u2019et\u00e0 media dell\u2019intero Paese che \u00e8 di solo 15 anni.<\/p>\n<p class=\"xmprfx_MsoNormal\" style=\"text-align: justify\">In Calabria ci sono solo 294 corse giornaliere, in Lombardia sono quasi 2200 considerato che questa regione ha solo 5 volte il numero degli abitanti, mentre il numero delle corse e di quasi 7 volte, il 70 % delle linee ferroviarie calabresi \u00e8 a binario unico e pi\u00f9 del 50 % ancora non \u00e8 elettrificato. Con questi dati ci chiediamo quale sia il senso di dare priorit\u00e0 alla realizzazione del Ponte sullo Stretto, un\u2019opera molto impattante economicamente, circa 11 miliardi, che non sposter\u00e0 per nulla la qualit\u00e0 di vita dei cittadini calabresi e siciliani, sapendo che non ci sono tante risorse da investire nel sistema dei trasporti. Noi, come Fillea, riteniamo che il rilancio della mobilit\u00e0 su ferro e la condizione che vivono i nostri pendolari debbano diventare e una priorit\u00e0 dell\u2019agenda politica nazionale e regionale.<\/p>\n<p class=\"xmprfx_MsoNormal\" style=\"text-align: justify\">Perci\u00f2 ribadiamo l\u2019importanza che l\u2019Alta Velocit\u00e0 arrivi anche nel Sud Italia e che attraversi l\u2019intera regione Calabria. Non accettiamo che si fermi a Romagnano. Come Fillea Cgil Calabria, purtroppo per\u00f2, siamo molto preoccupati dal fatto che, a oggi, non ci sono finanziamenti per la sua realizzazione. Dal confronto avuto con il presidente della Regione Calabria, Roberto Occhiuto, e i vertici di Rfi, \u00e8 emerso, infatti, un dato incontrovertibile: i tempi per la concreta infrastrutturazione ferroviaria della Calabria non sono ancora maturi.<\/p>\n<p class=\"xmprfx_MsoNormal\" style=\"text-align: justify\">Se, infatti, Rete ferroviaria italiana prevede di investire in Calabria oltre 36 miliardi di euro, la messa a terra di questa ingente mole di finanziamenti rimane sulla carta per quanto riguarda i primi interventi per la realizzazione dell\u2019Alta velocit\u00e0 ferroviaria. Per il momento l\u2019unico intervento che pare avere un\u2019accelerazione \u00e8 quello relativo al raddoppio della galleria Santomarco.<\/p>\n<p class=\"xmprfx_MsoNormal\" style=\"text-align: justify\">Per l\u2019elettrificazione, la messa in sicurezza e il potenziamento della linea ionica, poi, i tempi appaiono ancora pi\u00f9 dilatati. Alcuni interventi sono in fase di progettazione, per altri lo stato di avanzamento si ferma all\u2019iter autorizzativo, per altri ancora non si va oltre quella che viene definita \u201cattivit\u00e0 negoziale\u201d.<\/p>\n<p class=\"xmprfx_MsoNormal\" style=\"text-align: justify\">Alla luce di quanto appreso durante l\u2019incontro, pur non sottraendoci all\u2019impegno di affrontare ulteriori confronti per esercitare il giusto controllo sociale sull\u2019operato di Rete ferroviaria italiana, chiediamo ai vertici dell\u2019amministrazione regionale di sollecitare, anche per tramite del Governo, il potenziamento dell\u2019intervento infrastrutturale di Rfi in Calabria e l\u2019accelerazione delle procedure di progettazione e dell\u2019iter burocratico al fine di consentire al territorio regionale di registrare, in tempi contingentati, il giusto ed atteso potenziamento della rete infrastrutturale ferroviaria. Non vorremmo che si verifichi quello che \u00e8 sempre avvenuto qui in Calabria e cio\u00e8 solo tante belle promesse, ma poi gli interventi sono sempre risultati molto limitati sia in termini di impatto e sia in termini di risorse. Bisogna garantire ai calabresi, oltre all\u2019Alta Velocit\u00e0, pi\u00f9 linee ferroviarie a doppio binario, elettrificate, con pi\u00f9 treni moderni, puntuali perch\u00e9 altrimenti continueremo ad assistere a una situazione in cui i cittadini calabresi non avranno la possibilit\u00e0 di scegliere, in quanto costretti a spostarsi con i mezzi privati, scelta invece garantita nelle altre regioni. Purtroppo, a oggi, siamo costretti a constatare che il nostro Paese corre a diverse velocit\u00e0 anche tra regioni del Sud.<\/p>\n","protected":false},"excerpt":{"rendered":"<p>Non \u00e8 una novit\u00e0 per nessuno che lo sviluppo di un\u2019area, di una regione, passa ineludibilmente anche dalle infrastrutture ferroviarie. E tra queste un posto in prima linea lo guadagna&hellip;<\/p>\n","protected":false},"author":12,"featured_media":46363,"comment_status":"closed","ping_status":"open","sticky":false,"template":"","format":"standard","meta":{"_jetpack_memberships_contains_paid_content":false,"footnotes":"","jetpack_publicize_message":"","jetpack_publicize_feature_enabled":true,"jetpack_social_post_already_shared":false,"jetpack_social_options":{"image_generator_settings":{"template":"highway","default_image_id":0,"font":"","enabled":false},"version":2}},"categories":[142,921,196],"tags":[24962,28535,219,28536,2459],"class_list":["post-46362","post","type-post","status-publish","format-standard","has-post-thumbnail","hentry","category-calabria","category-home","category-news","tag-cigl-calabria","tag-ferrovie-treni","tag-regione-calabria","tag-regione-chieda-a-governo-interventi-rfi","tag-rfi"],"yoast_head":"<!-- This site is optimized with the Yoast SEO plugin v27.2 - https:\/\/yoast.com\/product\/yoast-seo-wordpress\/ -->\n<title>Cigl Calabria: &quot;Regione chieda potenziamento interventi RFI&quot;<\/title>\n<meta name=\"description\" content=\"In Calabria l\u2019et\u00e0 media dei convogli \u00e8 di 21 anni e 4 mesi, peggio di noi solo il Molise, contro quella del Paese che \u00e8 di solo 15 anni.\" \/>\n<meta name=\"robots\" content=\"index, follow, max-snippet:-1, max-image-preview:large, max-video-preview:-1\" \/>\n<link rel=\"canonical\" href=\"https:\/\/progettotouring.it\/radiotouring104\/2024\/03\/05\/alta-velocita-cigl-calabria-regione-chieda-al-governo-potenziamento-degli-interventi-di-rfi\/\" \/>\n<meta property=\"og:locale\" content=\"it_IT\" \/>\n<meta property=\"og:type\" content=\"article\" \/>\n<meta property=\"og:title\" content=\"Cigl Calabria: &quot;Regione chieda potenziamento interventi RFI&quot;\" \/>\n<meta property=\"og:description\" content=\"In Calabria l\u2019et\u00e0 media dei convogli \u00e8 di 21 anni e 4 mesi, peggio di noi solo il Molise, contro quella del Paese che \u00e8 di solo 15 anni.\" \/>\n<meta property=\"og:url\" content=\"https:\/\/progettotouring.it\/radiotouring104\/2024\/03\/05\/alta-velocita-cigl-calabria-regione-chieda-al-governo-potenziamento-degli-interventi-di-rfi\/\" \/>\n<meta property=\"og:site_name\" content=\"Radio Touring 104\" \/>\n<meta property=\"article:published_time\" content=\"2024-03-05T11:57:25+00:00\" \/>\n<meta property=\"og:image\" content=\"https:\/\/progettotouring.it\/radiotouring104\/wp-content\/uploads\/sites\/6\/2024\/03\/Simone-Celebre-Cigl-Calabria-scaled.jpg\" \/>\n\t<meta property=\"og:image:width\" content=\"1920\" \/>\n\t<meta property=\"og:image:height\" content=\"2560\" \/>\n\t<meta property=\"og:image:type\" content=\"image\/jpeg\" \/>\n<meta name=\"author\" content=\"Sebastiano Plutino\" \/>\n<meta name=\"twitter:card\" content=\"summary_large_image\" \/>\n<meta name=\"twitter:label1\" content=\"Scritto da\" \/>\n\t<meta name=\"twitter:data1\" content=\"Sebastiano Plutino\" \/>\n\t<meta name=\"twitter:label2\" content=\"Tempo di lettura stimato\" \/>\n\t<meta name=\"twitter:data2\" content=\"3 minuti\" \/>\n<script type=\"application\/ld+json\" class=\"yoast-schema-graph\">{\"@context\":\"https:\/\/schema.org\",\"@graph\":[{\"@type\":\"Article\",\"@id\":\"https:\/\/progettotouring.it\/radiotouring104\/2024\/03\/05\/alta-velocita-cigl-calabria-regione-chieda-al-governo-potenziamento-degli-interventi-di-rfi\/#article\",\"isPartOf\":{\"@id\":\"https:\/\/progettotouring.it\/radiotouring104\/2024\/03\/05\/alta-velocita-cigl-calabria-regione-chieda-al-governo-potenziamento-degli-interventi-di-rfi\/\"},\"author\":{\"name\":\"Sebastiano Plutino\",\"@id\":\"https:\/\/progettotouring.it\/radiotouring104\/#\/schema\/person\/78613917f1851f041f7483f5af1d422e\"},\"headline\":\"Alta Velocit\u00e0, Cigl Calabria: &#8220;Regione chieda al Governo potenziamento degli interventi di RFI&#8221;\",\"datePublished\":\"2024-03-05T11:57:25+00:00\",\"mainEntityOfPage\":{\"@id\":\"https:\/\/progettotouring.it\/radiotouring104\/2024\/03\/05\/alta-velocita-cigl-calabria-regione-chieda-al-governo-potenziamento-degli-interventi-di-rfi\/\"},\"wordCount\":610,\"publisher\":{\"@id\":\"https:\/\/progettotouring.it\/radiotouring104\/#organization\"},\"image\":{\"@id\":\"https:\/\/progettotouring.it\/radiotouring104\/2024\/03\/05\/alta-velocita-cigl-calabria-regione-chieda-al-governo-potenziamento-degli-interventi-di-rfi\/#primaryimage\"},\"thumbnailUrl\":\"https:\/\/progettotouring.it\/radiotouring104\/wp-content\/uploads\/sites\/6\/2024\/03\/Simone-Celebre-Cigl-Calabria-scaled.jpg\",\"keywords\":[\"Cigl Calabria\",\"Ferrovie treni\",\"regione calabria\",\"Regione chieda a Governo interventi Rfi\",\"RFI\"],\"articleSection\":[\"Calabria\",\"Home\",\"News\"],\"inLanguage\":\"it-IT\"},{\"@type\":\"WebPage\",\"@id\":\"https:\/\/progettotouring.it\/radiotouring104\/2024\/03\/05\/alta-velocita-cigl-calabria-regione-chieda-al-governo-potenziamento-degli-interventi-di-rfi\/\",\"url\":\"https:\/\/progettotouring.it\/radiotouring104\/2024\/03\/05\/alta-velocita-cigl-calabria-regione-chieda-al-governo-potenziamento-degli-interventi-di-rfi\/\",\"name\":\"Cigl Calabria: \\\"Regione chieda potenziamento interventi RFI\\\"\",\"isPartOf\":{\"@id\":\"https:\/\/progettotouring.it\/radiotouring104\/#website\"},\"primaryImageOfPage\":{\"@id\":\"https:\/\/progettotouring.it\/radiotouring104\/2024\/03\/05\/alta-velocita-cigl-calabria-regione-chieda-al-governo-potenziamento-degli-interventi-di-rfi\/#primaryimage\"},\"image\":{\"@id\":\"https:\/\/progettotouring.it\/radiotouring104\/2024\/03\/05\/alta-velocita-cigl-calabria-regione-chieda-al-governo-potenziamento-degli-interventi-di-rfi\/#primaryimage\"},\"thumbnailUrl\":\"https:\/\/progettotouring.it\/radiotouring104\/wp-content\/uploads\/sites\/6\/2024\/03\/Simone-Celebre-Cigl-Calabria-scaled.jpg\",\"datePublished\":\"2024-03-05T11:57:25+00:00\",\"description\":\"In Calabria l\u2019et\u00e0 media dei convogli \u00e8 di 21 anni e 4 mesi, peggio di noi solo il Molise, contro quella del Paese che \u00e8 di solo 15 anni.\",\"breadcrumb\":{\"@id\":\"https:\/\/progettotouring.it\/radiotouring104\/2024\/03\/05\/alta-velocita-cigl-calabria-regione-chieda-al-governo-potenziamento-degli-interventi-di-rfi\/#breadcrumb\"},\"inLanguage\":\"it-IT\",\"potentialAction\":[{\"@type\":\"ReadAction\",\"target\":[\"https:\/\/progettotouring.it\/radiotouring104\/2024\/03\/05\/alta-velocita-cigl-calabria-regione-chieda-al-governo-potenziamento-degli-interventi-di-rfi\/\"]}]},{\"@type\":\"ImageObject\",\"inLanguage\":\"it-IT\",\"@id\":\"https:\/\/progettotouring.it\/radiotouring104\/2024\/03\/05\/alta-velocita-cigl-calabria-regione-chieda-al-governo-potenziamento-degli-interventi-di-rfi\/#primaryimage\",\"url\":\"https:\/\/progettotouring.it\/radiotouring104\/wp-content\/uploads\/sites\/6\/2024\/03\/Simone-Celebre-Cigl-Calabria-scaled.jpg\",\"contentUrl\":\"https:\/\/progettotouring.it\/radiotouring104\/wp-content\/uploads\/sites\/6\/2024\/03\/Simone-Celebre-Cigl-Calabria-scaled.jpg\",\"width\":1920,\"height\":2560},{\"@type\":\"BreadcrumbList\",\"@id\":\"https:\/\/progettotouring.it\/radiotouring104\/2024\/03\/05\/alta-velocita-cigl-calabria-regione-chieda-al-governo-potenziamento-degli-interventi-di-rfi\/#breadcrumb\",\"itemListElement\":[{\"@type\":\"ListItem\",\"position\":1,\"name\":\"Home\",\"item\":\"https:\/\/progettotouring.it\/radiotouring104\/\"},{\"@type\":\"ListItem\",\"position\":2,\"name\":\"Alta Velocit\u00e0, Cigl Calabria: &#8220;Regione chieda al Governo potenziamento degli interventi di RFI&#8221;\"}]},{\"@type\":\"WebSite\",\"@id\":\"https:\/\/progettotouring.it\/radiotouring104\/#website\",\"url\":\"https:\/\/progettotouring.it\/radiotouring104\/\",\"name\":\"Radio Touring 104\",\"description\":\"La prima radio Reggina\",\"publisher\":{\"@id\":\"https:\/\/progettotouring.it\/radiotouring104\/#organization\"},\"potentialAction\":[{\"@type\":\"SearchAction\",\"target\":{\"@type\":\"EntryPoint\",\"urlTemplate\":\"https:\/\/progettotouring.it\/radiotouring104\/?s={search_term_string}\"},\"query-input\":{\"@type\":\"PropertyValueSpecification\",\"valueRequired\":true,\"valueName\":\"search_term_string\"}}],\"inLanguage\":\"it-IT\"},{\"@type\":\"Organization\",\"@id\":\"https:\/\/progettotouring.it\/radiotouring104\/#organization\",\"name\":\"Radio Touring 104\",\"url\":\"https:\/\/progettotouring.it\/radiotouring104\/\",\"logo\":{\"@type\":\"ImageObject\",\"inLanguage\":\"it-IT\",\"@id\":\"https:\/\/progettotouring.it\/radiotouring104\/#\/schema\/logo\/image\/\",\"url\":\"https:\/\/progettotouring.it\/radiotouring104\/wp-content\/uploads\/sites\/6\/2022\/02\/cropped-logo-radio-touring-104.png\",\"contentUrl\":\"https:\/\/progettotouring.it\/radiotouring104\/wp-content\/uploads\/sites\/6\/2022\/02\/cropped-logo-radio-touring-104.png\",\"width\":377,\"height\":182,\"caption\":\"Radio Touring 104\"},\"image\":{\"@id\":\"https:\/\/progettotouring.it\/radiotouring104\/#\/schema\/logo\/image\/\"}},{\"@type\":\"Person\",\"@id\":\"https:\/\/progettotouring.it\/radiotouring104\/#\/schema\/person\/78613917f1851f041f7483f5af1d422e\",\"name\":\"Sebastiano Plutino\",\"image\":{\"@type\":\"ImageObject\",\"inLanguage\":\"it-IT\",\"@id\":\"https:\/\/secure.gravatar.com\/avatar\/0546ffaa9b79224faf9f2a156b67a529ae861d3287c66c1d8ccfdf909bcba78d?s=96&d=mm&r=g\",\"url\":\"https:\/\/secure.gravatar.com\/avatar\/0546ffaa9b79224faf9f2a156b67a529ae861d3287c66c1d8ccfdf909bcba78d?s=96&d=mm&r=g\",\"contentUrl\":\"https:\/\/secure.gravatar.com\/avatar\/0546ffaa9b79224faf9f2a156b67a529ae861d3287c66c1d8ccfdf909bcba78d?s=96&d=mm&r=g\",\"caption\":\"Sebastiano Plutino\"},\"url\":\"https:\/\/progettotouring.it\/radiotouring104\/author\/sebastiano\/\"}]}<\/script>\n<!-- \/ Yoast SEO plugin. -->","yoast_head_json":{"title":"Cigl Calabria: \"Regione chieda potenziamento interventi RFI\"","description":"In Calabria l\u2019et\u00e0 media dei convogli \u00e8 di 21 anni e 4 mesi, peggio di noi solo il Molise, contro quella del Paese che \u00e8 di solo 15 anni.","robots":{"index":"index","follow":"follow","max-snippet":"max-snippet:-1","max-image-preview":"max-image-preview:large","max-video-preview":"max-video-preview:-1"},"canonical":"https:\/\/progettotouring.it\/radiotouring104\/2024\/03\/05\/alta-velocita-cigl-calabria-regione-chieda-al-governo-potenziamento-degli-interventi-di-rfi\/","og_locale":"it_IT","og_type":"article","og_title":"Cigl Calabria: \"Regione chieda potenziamento interventi RFI\"","og_description":"In Calabria l\u2019et\u00e0 media dei convogli \u00e8 di 21 anni e 4 mesi, peggio di noi solo il Molise, contro quella del Paese che \u00e8 di solo 15 anni.","og_url":"https:\/\/progettotouring.it\/radiotouring104\/2024\/03\/05\/alta-velocita-cigl-calabria-regione-chieda-al-governo-potenziamento-degli-interventi-di-rfi\/","og_site_name":"Radio Touring 104","article_published_time":"2024-03-05T11:57:25+00:00","og_image":[{"width":1920,"height":2560,"url":"https:\/\/progettotouring.it\/radiotouring104\/wp-content\/uploads\/sites\/6\/2024\/03\/Simone-Celebre-Cigl-Calabria-scaled.jpg","type":"image\/jpeg"}],"author":"Sebastiano Plutino","twitter_card":"summary_large_image","twitter_misc":{"Scritto da":"Sebastiano Plutino","Tempo di lettura stimato":"3 minuti"},"schema":{"@context":"https:\/\/schema.org","@graph":[{"@type":"Article","@id":"https:\/\/progettotouring.it\/radiotouring104\/2024\/03\/05\/alta-velocita-cigl-calabria-regione-chieda-al-governo-potenziamento-degli-interventi-di-rfi\/#article","isPartOf":{"@id":"https:\/\/progettotouring.it\/radiotouring104\/2024\/03\/05\/alta-velocita-cigl-calabria-regione-chieda-al-governo-potenziamento-degli-interventi-di-rfi\/"},"author":{"name":"Sebastiano Plutino","@id":"https:\/\/progettotouring.it\/radiotouring104\/#\/schema\/person\/78613917f1851f041f7483f5af1d422e"},"headline":"Alta Velocit\u00e0, Cigl Calabria: &#8220;Regione chieda al Governo potenziamento degli interventi di RFI&#8221;","datePublished":"2024-03-05T11:57:25+00:00","mainEntityOfPage":{"@id":"https:\/\/progettotouring.it\/radiotouring104\/2024\/03\/05\/alta-velocita-cigl-calabria-regione-chieda-al-governo-potenziamento-degli-interventi-di-rfi\/"},"wordCount":610,"publisher":{"@id":"https:\/\/progettotouring.it\/radiotouring104\/#organization"},"image":{"@id":"https:\/\/progettotouring.it\/radiotouring104\/2024\/03\/05\/alta-velocita-cigl-calabria-regione-chieda-al-governo-potenziamento-degli-interventi-di-rfi\/#primaryimage"},"thumbnailUrl":"https:\/\/progettotouring.it\/radiotouring104\/wp-content\/uploads\/sites\/6\/2024\/03\/Simone-Celebre-Cigl-Calabria-scaled.jpg","keywords":["Cigl Calabria","Ferrovie treni","regione calabria","Regione chieda a Governo interventi Rfi","RFI"],"articleSection":["Calabria","Home","News"],"inLanguage":"it-IT"},{"@type":"WebPage","@id":"https:\/\/progettotouring.it\/radiotouring104\/2024\/03\/05\/alta-velocita-cigl-calabria-regione-chieda-al-governo-potenziamento-degli-interventi-di-rfi\/","url":"https:\/\/progettotouring.it\/radiotouring104\/2024\/03\/05\/alta-velocita-cigl-calabria-regione-chieda-al-governo-potenziamento-degli-interventi-di-rfi\/","name":"Cigl Calabria: \"Regione chieda potenziamento interventi RFI\"","isPartOf":{"@id":"https:\/\/progettotouring.it\/radiotouring104\/#website"},"primaryImageOfPage":{"@id":"https:\/\/progettotouring.it\/radiotouring104\/2024\/03\/05\/alta-velocita-cigl-calabria-regione-chieda-al-governo-potenziamento-degli-interventi-di-rfi\/#primaryimage"},"image":{"@id":"https:\/\/progettotouring.it\/radiotouring104\/2024\/03\/05\/alta-velocita-cigl-calabria-regione-chieda-al-governo-potenziamento-degli-interventi-di-rfi\/#primaryimage"},"thumbnailUrl":"https:\/\/progettotouring.it\/radiotouring104\/wp-content\/uploads\/sites\/6\/2024\/03\/Simone-Celebre-Cigl-Calabria-scaled.jpg","datePublished":"2024-03-05T11:57:25+00:00","description":"In Calabria l\u2019et\u00e0 media dei convogli \u00e8 di 21 anni e 4 mesi, peggio di noi solo il Molise, contro quella del Paese che \u00e8 di solo 15 anni.","breadcrumb":{"@id":"https:\/\/progettotouring.it\/radiotouring104\/2024\/03\/05\/alta-velocita-cigl-calabria-regione-chieda-al-governo-potenziamento-degli-interventi-di-rfi\/#breadcrumb"},"inLanguage":"it-IT","potentialAction":[{"@type":"ReadAction","target":["https:\/\/progettotouring.it\/radiotouring104\/2024\/03\/05\/alta-velocita-cigl-calabria-regione-chieda-al-governo-potenziamento-degli-interventi-di-rfi\/"]}]},{"@type":"ImageObject","inLanguage":"it-IT","@id":"https:\/\/progettotouring.it\/radiotouring104\/2024\/03\/05\/alta-velocita-cigl-calabria-regione-chieda-al-governo-potenziamento-degli-interventi-di-rfi\/#primaryimage","url":"https:\/\/progettotouring.it\/radiotouring104\/wp-content\/uploads\/sites\/6\/2024\/03\/Simone-Celebre-Cigl-Calabria-scaled.jpg","contentUrl":"https:\/\/progettotouring.it\/radiotouring104\/wp-content\/uploads\/sites\/6\/2024\/03\/Simone-Celebre-Cigl-Calabria-scaled.jpg","width":1920,"height":2560},{"@type":"BreadcrumbList","@id":"https:\/\/progettotouring.it\/radiotouring104\/2024\/03\/05\/alta-velocita-cigl-calabria-regione-chieda-al-governo-potenziamento-degli-interventi-di-rfi\/#breadcrumb","itemListElement":[{"@type":"ListItem","position":1,"name":"Home","item":"https:\/\/progettotouring.it\/radiotouring104\/"},{"@type":"ListItem","position":2,"name":"Alta Velocit\u00e0, Cigl Calabria: &#8220;Regione chieda al Governo potenziamento degli interventi di RFI&#8221;"}]},{"@type":"WebSite","@id":"https:\/\/progettotouring.it\/radiotouring104\/#website","url":"https:\/\/progettotouring.it\/radiotouring104\/","name":"Radio Touring 104","description":"La prima radio Reggina","publisher":{"@id":"https:\/\/progettotouring.it\/radiotouring104\/#organization"},"potentialAction":[{"@type":"SearchAction","target":{"@type":"EntryPoint","urlTemplate":"https:\/\/progettotouring.it\/radiotouring104\/?s={search_term_string}"},"query-input":{"@type":"PropertyValueSpecification","valueRequired":true,"valueName":"search_term_string"}}],"inLanguage":"it-IT"},{"@type":"Organization","@id":"https:\/\/progettotouring.it\/radiotouring104\/#organization","name":"Radio Touring 104","url":"https:\/\/progettotouring.it\/radiotouring104\/","logo":{"@type":"ImageObject","inLanguage":"it-IT","@id":"https:\/\/progettotouring.it\/radiotouring104\/#\/schema\/logo\/image\/","url":"https:\/\/progettotouring.it\/radiotouring104\/wp-content\/uploads\/sites\/6\/2022\/02\/cropped-logo-radio-touring-104.png","contentUrl":"https:\/\/progettotouring.it\/radiotouring104\/wp-content\/uploads\/sites\/6\/2022\/02\/cropped-logo-radio-touring-104.png","width":377,"height":182,"caption":"Radio Touring 104"},"image":{"@id":"https:\/\/progettotouring.it\/radiotouring104\/#\/schema\/logo\/image\/"}},{"@type":"Person","@id":"https:\/\/progettotouring.it\/radiotouring104\/#\/schema\/person\/78613917f1851f041f7483f5af1d422e","name":"Sebastiano Plutino","image":{"@type":"ImageObject","inLanguage":"it-IT","@id":"https:\/\/secure.gravatar.com\/avatar\/0546ffaa9b79224faf9f2a156b67a529ae861d3287c66c1d8ccfdf909bcba78d?s=96&d=mm&r=g","url":"https:\/\/secure.gravatar.com\/avatar\/0546ffaa9b79224faf9f2a156b67a529ae861d3287c66c1d8ccfdf909bcba78d?s=96&d=mm&r=g","contentUrl":"https:\/\/secure.gravatar.com\/avatar\/0546ffaa9b79224faf9f2a156b67a529ae861d3287c66c1d8ccfdf909bcba78d?s=96&d=mm&r=g","caption":"Sebastiano Plutino"},"url":"https:\/\/progettotouring.it\/radiotouring104\/author\/sebastiano\/"}]}},"jetpack_publicize_connections":[],"jetpack_featured_media_url":"https:\/\/progettotouring.it\/radiotouring104\/wp-content\/uploads\/sites\/6\/2024\/03\/Simone-Celebre-Cigl-Calabria-scaled.jpg","jetpack_sharing_enabled":true,"_links":{"self":[{"href":"https:\/\/progettotouring.it\/radiotouring104\/wp-json\/wp\/v2\/posts\/46362","targetHints":{"allow":["GET"]}}],"collection":[{"href":"https:\/\/progettotouring.it\/radiotouring104\/wp-json\/wp\/v2\/posts"}],"about":[{"href":"https:\/\/progettotouring.it\/radiotouring104\/wp-json\/wp\/v2\/types\/post"}],"author":[{"embeddable":true,"href":"https:\/\/progettotouring.it\/radiotouring104\/wp-json\/wp\/v2\/users\/12"}],"replies":[{"embeddable":true,"href":"https:\/\/progettotouring.it\/radiotouring104\/wp-json\/wp\/v2\/comments?post=46362"}],"version-history":[{"count":1,"href":"https:\/\/progettotouring.it\/radiotouring104\/wp-json\/wp\/v2\/posts\/46362\/revisions"}],"predecessor-version":[{"id":46366,"href":"https:\/\/progettotouring.it\/radiotouring104\/wp-json\/wp\/v2\/posts\/46362\/revisions\/46366"}],"wp:featuredmedia":[{"embeddable":true,"href":"https:\/\/progettotouring.it\/radiotouring104\/wp-json\/wp\/v2\/media\/46363"}],"wp:attachment":[{"href":"https:\/\/progettotouring.it\/radiotouring104\/wp-json\/wp\/v2\/media?parent=46362"}],"wp:term":[{"taxonomy":"category","embeddable":true,"href":"https:\/\/progettotouring.it\/radiotouring104\/wp-json\/wp\/v2\/categories?post=46362"},{"taxonomy":"post_tag","embeddable":true,"href":"https:\/\/progettotouring.it\/radiotouring104\/wp-json\/wp\/v2\/tags?post=46362"}],"curies":[{"name":"wp","href":"https:\/\/api.w.org\/{rel}","templated":true}]}}