{"id":46368,"date":"2024-03-05T13:03:50","date_gmt":"2024-03-05T12:03:50","guid":{"rendered":"https:\/\/progettotouring.it\/radiotouring104\/?p=46368"},"modified":"2024-03-05T13:03:50","modified_gmt":"2024-03-05T12:03:50","slug":"lamezia-il-segretario-nazionale-cgil-landini-presente-al-convegno-del-sindacato","status":"publish","type":"post","link":"https:\/\/progettotouring.it\/radiotouring104\/2024\/03\/05\/lamezia-il-segretario-nazionale-cgil-landini-presente-al-convegno-del-sindacato\/","title":{"rendered":"Lamezia: Il segretario nazionale Cgil Landini presente al Convegno del Sindacato"},"content":{"rendered":"<p class=\"xmprfx_MsoNormal\" style=\"text-align: justify\">\u00a0Si apre con un minuto di silenzio per tutti i lavoratori e le lavoratrici che hanno perso la vita che hanno perso la vita sui luoghi di lavoro, l\u2019iniziativa a pi\u00f9 voci sul tema dello sviluppo per il Mezzogiorno e per la Calabria, alla presenza del segretario nazionale della Cgil Maurizio Landini. E\u2019 toccato\u00a0<b>al segretario generale della Cgil Area Vasta Catanzaro-Crotone-Vibo, Enzo Scalese<\/b>, aprire i lavori del panel che si \u00e8 svolto al Teatro Grandinetti Comunale di Lamezia Terme.<\/p>\n<p class=\"xmprfx_MsoNormal\" style=\"text-align: justify\">\u201cL\u2019iniziativa che teniamo oggi in questo teatro per noi \u00e8 molto importante, per quello che rappresenta e a rappresentato per questa citt\u00e0, un luogo di storia, arte e cultura, riconsegnato dopo tanti anni alla comunit\u00e0 \u2013 ha affermato Scalese -. Siamo convinti che bisogna valorizzare e promuovere il patrimonio culturale, promuovendone le potenzialit\u00e0, migliorandone le condizioni di conoscenza. Per questo ringraziamo la segreteria regionale della Cgil Calabria di aver voluto tenere questa iniziativa proprio qui. Abbiamo voluto aprire i lavori di questa giornata, ricordando tutte le lavoratrici e i lavoratori che hanno perso la vita sui luoghi di lavoro. Queste morti rappresentano la tragica condizione del lavoro nel nostro paese, una strage continua che ormai ha raggiunto livelli intollerabili per un paese civile come dovrebbe essere il nostro, che ormai ne registriamo pi\u00f9 di mille all\u2019anno. Di bianco in queste morti non c\u2019\u00e8 nulla, bisogna agire subito e cambiare quelle leggi che sono state a partire dal sub-appalto a cascata. Solo un lavoro con diritti garantiti offre la possibilit\u00e0 a chi lavora di rivendicare sicurezza. Lavoro, istruzione, sanit\u00e0, ambiente e infrastrutture sono per noi temi prioritari\u201d.<\/p>\n<p class=\"xmprfx_MsoNormal\" style=\"text-align: justify\">Il segretario generale della Cgil Scalese, infine, ha voluto porre l\u2019attenzione su alcune vertenze aperte come quelle che riguardano i lavoratori Enel, e i tirocinanti d\u2019inclusione, Vertenza della Abramo Customer Care che a livello territoriale e non solo, in questo momento e nei prossimi giorni avr\u00e0 un impatto preoccupante in termini di tenuta occupazionale qualora non si trovasse una soluzione. \u201cParliamo di un call-center dove operano 1000 lavoratrici e lavoratori, che ha come unico committente ha la TIM \u2013 spiega ancora Scalese -. Un\u2019Azienda in amministrazione controllata, dove il 31 marzo scade la proroga della commessa Tim che riguarder\u00e0 500 lavoratori il 30 giugno in scadenza per altri 500 lavoratori in gran parte sul sito di Crotone. Una situazione \u2013<strong> conclude Scalese<\/strong> &#8211; aggravata dal fatto che i lavoratori gi\u00e0 usufruiscono di cassa integrazione straordinaria anticipata dall\u2019azienda che nei giorni scorsi a comunicato di non anticiparla pi\u00f9. Bisogna mettere in campo a partire dell\u2019apertura di un tavolo a livello ministeriale con tutte le parti interessate alla committenza, azienda, regione, organizzazioni sindacali tutte quelle iniziative atte a salvaguardare i livelli occupazionali attuali\u201d.<\/p>\n<h4 style=\"text-align: justify\">Il segretario generale Scalese ha anche anticipato che la Cgil Area Vasta aderisce all\u2019intera giornata di\u00a0sciopero generale dei lavoratori di Enel.<\/h4>\n<p class=\"xmprfx_gmail-MsoListParagraphCxSpFirst\">\n","protected":false},"excerpt":{"rendered":"<p>\u00a0Si apre con un minuto di silenzio per tutti i lavoratori e le lavoratrici che hanno perso la vita che hanno perso la vita sui luoghi di lavoro, l\u2019iniziativa a&hellip;<\/p>\n","protected":false},"author":12,"featured_media":46369,"comment_status":"closed","ping_status":"open","sticky":false,"template":"","format":"standard","meta":{"_jetpack_memberships_contains_paid_content":false,"footnotes":"","jetpack_publicize_message":"","jetpack_publicize_feature_enabled":true,"jetpack_social_post_already_shared":false,"jetpack_social_options":{"image_generator_settings":{"template":"highway","default_image_id":0,"font":"","enabled":false},"version":2}},"categories":[142,921,196],"tags":[28487,7059,28537],"class_list":["post-46368","post","type-post","status-publish","format-standard","has-post-thumbnail","hentry","category-calabria","category-home","category-news","tag-convegno-cigl","tag-enzo-scalese","tag-landini-a-lamezia"],"yoast_head":"<!-- This site is optimized with the Yoast SEO plugin v27.2 - https:\/\/yoast.com\/product\/yoast-seo-wordpress\/ -->\n<title>Lamezia: Landini presente al Convegno del Sindacato<\/title>\n<meta name=\"description\" content=\"Scalese (Cigl Vasta Area): \u201cSolo un lavoro con diritti garantiti offre la possibilit\u00e0 a chi lavora di rivendicare sicurezza\u201d\" \/>\n<meta name=\"robots\" content=\"index, follow, max-snippet:-1, max-image-preview:large, max-video-preview:-1\" \/>\n<link rel=\"canonical\" href=\"https:\/\/progettotouring.it\/radiotouring104\/2024\/03\/05\/lamezia-il-segretario-nazionale-cgil-landini-presente-al-convegno-del-sindacato\/\" \/>\n<meta property=\"og:locale\" content=\"it_IT\" \/>\n<meta property=\"og:type\" content=\"article\" \/>\n<meta property=\"og:title\" content=\"Lamezia: Landini presente al Convegno del Sindacato\" \/>\n<meta property=\"og:description\" content=\"Scalese (Cigl Vasta Area): \u201cSolo un lavoro con diritti garantiti offre la possibilit\u00e0 a chi lavora di rivendicare sicurezza\u201d\" \/>\n<meta property=\"og:url\" content=\"https:\/\/progettotouring.it\/radiotouring104\/2024\/03\/05\/lamezia-il-segretario-nazionale-cgil-landini-presente-al-convegno-del-sindacato\/\" \/>\n<meta property=\"og:site_name\" content=\"Radio Touring 104\" \/>\n<meta property=\"article:published_time\" content=\"2024-03-05T12:03:50+00:00\" \/>\n<meta property=\"og:image\" content=\"https:\/\/progettotouring.it\/radiotouring104\/wp-content\/uploads\/sites\/6\/2024\/03\/Locandina-8-marzo-Roccella-1.png\" \/>\n\t<meta property=\"og:image:width\" content=\"1080\" \/>\n\t<meta property=\"og:image:height\" content=\"1350\" \/>\n\t<meta property=\"og:image:type\" content=\"image\/png\" \/>\n<meta name=\"author\" content=\"Sebastiano Plutino\" \/>\n<meta name=\"twitter:card\" content=\"summary_large_image\" \/>\n<meta name=\"twitter:label1\" content=\"Scritto da\" \/>\n\t<meta name=\"twitter:data1\" content=\"Sebastiano Plutino\" \/>\n\t<meta name=\"twitter:label2\" content=\"Tempo di lettura stimato\" \/>\n\t<meta name=\"twitter:data2\" content=\"2 minuti\" \/>\n<script type=\"application\/ld+json\" class=\"yoast-schema-graph\">{\"@context\":\"https:\/\/schema.org\",\"@graph\":[{\"@type\":\"Article\",\"@id\":\"https:\/\/progettotouring.it\/radiotouring104\/2024\/03\/05\/lamezia-il-segretario-nazionale-cgil-landini-presente-al-convegno-del-sindacato\/#article\",\"isPartOf\":{\"@id\":\"https:\/\/progettotouring.it\/radiotouring104\/2024\/03\/05\/lamezia-il-segretario-nazionale-cgil-landini-presente-al-convegno-del-sindacato\/\"},\"author\":{\"name\":\"Sebastiano Plutino\",\"@id\":\"https:\/\/progettotouring.it\/radiotouring104\/#\/schema\/person\/78613917f1851f041f7483f5af1d422e\"},\"headline\":\"Lamezia: Il segretario nazionale Cgil Landini presente al Convegno del Sindacato\",\"datePublished\":\"2024-03-05T12:03:50+00:00\",\"mainEntityOfPage\":{\"@id\":\"https:\/\/progettotouring.it\/radiotouring104\/2024\/03\/05\/lamezia-il-segretario-nazionale-cgil-landini-presente-al-convegno-del-sindacato\/\"},\"wordCount\":479,\"publisher\":{\"@id\":\"https:\/\/progettotouring.it\/radiotouring104\/#organization\"},\"image\":{\"@id\":\"https:\/\/progettotouring.it\/radiotouring104\/2024\/03\/05\/lamezia-il-segretario-nazionale-cgil-landini-presente-al-convegno-del-sindacato\/#primaryimage\"},\"thumbnailUrl\":\"https:\/\/progettotouring.it\/radiotouring104\/wp-content\/uploads\/sites\/6\/2024\/03\/Locandina-8-marzo-Roccella-1.png\",\"keywords\":[\"convegno Cigl\",\"Enzo Scalese\",\"Landini a Lamezia\"],\"articleSection\":[\"Calabria\",\"Home\",\"News\"],\"inLanguage\":\"it-IT\"},{\"@type\":\"WebPage\",\"@id\":\"https:\/\/progettotouring.it\/radiotouring104\/2024\/03\/05\/lamezia-il-segretario-nazionale-cgil-landini-presente-al-convegno-del-sindacato\/\",\"url\":\"https:\/\/progettotouring.it\/radiotouring104\/2024\/03\/05\/lamezia-il-segretario-nazionale-cgil-landini-presente-al-convegno-del-sindacato\/\",\"name\":\"Lamezia: Landini presente al Convegno del Sindacato\",\"isPartOf\":{\"@id\":\"https:\/\/progettotouring.it\/radiotouring104\/#website\"},\"primaryImageOfPage\":{\"@id\":\"https:\/\/progettotouring.it\/radiotouring104\/2024\/03\/05\/lamezia-il-segretario-nazionale-cgil-landini-presente-al-convegno-del-sindacato\/#primaryimage\"},\"image\":{\"@id\":\"https:\/\/progettotouring.it\/radiotouring104\/2024\/03\/05\/lamezia-il-segretario-nazionale-cgil-landini-presente-al-convegno-del-sindacato\/#primaryimage\"},\"thumbnailUrl\":\"https:\/\/progettotouring.it\/radiotouring104\/wp-content\/uploads\/sites\/6\/2024\/03\/Locandina-8-marzo-Roccella-1.png\",\"datePublished\":\"2024-03-05T12:03:50+00:00\",\"description\":\"Scalese (Cigl Vasta Area): \u201cSolo un lavoro con diritti garantiti offre la possibilit\u00e0 a chi lavora di rivendicare sicurezza\u201d\",\"breadcrumb\":{\"@id\":\"https:\/\/progettotouring.it\/radiotouring104\/2024\/03\/05\/lamezia-il-segretario-nazionale-cgil-landini-presente-al-convegno-del-sindacato\/#breadcrumb\"},\"inLanguage\":\"it-IT\",\"potentialAction\":[{\"@type\":\"ReadAction\",\"target\":[\"https:\/\/progettotouring.it\/radiotouring104\/2024\/03\/05\/lamezia-il-segretario-nazionale-cgil-landini-presente-al-convegno-del-sindacato\/\"]}]},{\"@type\":\"ImageObject\",\"inLanguage\":\"it-IT\",\"@id\":\"https:\/\/progettotouring.it\/radiotouring104\/2024\/03\/05\/lamezia-il-segretario-nazionale-cgil-landini-presente-al-convegno-del-sindacato\/#primaryimage\",\"url\":\"https:\/\/progettotouring.it\/radiotouring104\/wp-content\/uploads\/sites\/6\/2024\/03\/Locandina-8-marzo-Roccella-1.png\",\"contentUrl\":\"https:\/\/progettotouring.it\/radiotouring104\/wp-content\/uploads\/sites\/6\/2024\/03\/Locandina-8-marzo-Roccella-1.png\",\"width\":1080,\"height\":1350},{\"@type\":\"BreadcrumbList\",\"@id\":\"https:\/\/progettotouring.it\/radiotouring104\/2024\/03\/05\/lamezia-il-segretario-nazionale-cgil-landini-presente-al-convegno-del-sindacato\/#breadcrumb\",\"itemListElement\":[{\"@type\":\"ListItem\",\"position\":1,\"name\":\"Home\",\"item\":\"https:\/\/progettotouring.it\/radiotouring104\/\"},{\"@type\":\"ListItem\",\"position\":2,\"name\":\"Lamezia: Il segretario nazionale Cgil Landini presente al Convegno del Sindacato\"}]},{\"@type\":\"WebSite\",\"@id\":\"https:\/\/progettotouring.it\/radiotouring104\/#website\",\"url\":\"https:\/\/progettotouring.it\/radiotouring104\/\",\"name\":\"Radio Touring 104\",\"description\":\"La prima radio Reggina\",\"publisher\":{\"@id\":\"https:\/\/progettotouring.it\/radiotouring104\/#organization\"},\"potentialAction\":[{\"@type\":\"SearchAction\",\"target\":{\"@type\":\"EntryPoint\",\"urlTemplate\":\"https:\/\/progettotouring.it\/radiotouring104\/?s={search_term_string}\"},\"query-input\":{\"@type\":\"PropertyValueSpecification\",\"valueRequired\":true,\"valueName\":\"search_term_string\"}}],\"inLanguage\":\"it-IT\"},{\"@type\":\"Organization\",\"@id\":\"https:\/\/progettotouring.it\/radiotouring104\/#organization\",\"name\":\"Radio Touring 104\",\"url\":\"https:\/\/progettotouring.it\/radiotouring104\/\",\"logo\":{\"@type\":\"ImageObject\",\"inLanguage\":\"it-IT\",\"@id\":\"https:\/\/progettotouring.it\/radiotouring104\/#\/schema\/logo\/image\/\",\"url\":\"https:\/\/progettotouring.it\/radiotouring104\/wp-content\/uploads\/sites\/6\/2022\/02\/cropped-logo-radio-touring-104.png\",\"contentUrl\":\"https:\/\/progettotouring.it\/radiotouring104\/wp-content\/uploads\/sites\/6\/2022\/02\/cropped-logo-radio-touring-104.png\",\"width\":377,\"height\":182,\"caption\":\"Radio Touring 104\"},\"image\":{\"@id\":\"https:\/\/progettotouring.it\/radiotouring104\/#\/schema\/logo\/image\/\"}},{\"@type\":\"Person\",\"@id\":\"https:\/\/progettotouring.it\/radiotouring104\/#\/schema\/person\/78613917f1851f041f7483f5af1d422e\",\"name\":\"Sebastiano Plutino\",\"image\":{\"@type\":\"ImageObject\",\"inLanguage\":\"it-IT\",\"@id\":\"https:\/\/secure.gravatar.com\/avatar\/0546ffaa9b79224faf9f2a156b67a529ae861d3287c66c1d8ccfdf909bcba78d?s=96&d=mm&r=g\",\"url\":\"https:\/\/secure.gravatar.com\/avatar\/0546ffaa9b79224faf9f2a156b67a529ae861d3287c66c1d8ccfdf909bcba78d?s=96&d=mm&r=g\",\"contentUrl\":\"https:\/\/secure.gravatar.com\/avatar\/0546ffaa9b79224faf9f2a156b67a529ae861d3287c66c1d8ccfdf909bcba78d?s=96&d=mm&r=g\",\"caption\":\"Sebastiano Plutino\"},\"url\":\"https:\/\/progettotouring.it\/radiotouring104\/author\/sebastiano\/\"}]}<\/script>\n<!-- \/ Yoast SEO plugin. -->","yoast_head_json":{"title":"Lamezia: Landini presente al Convegno del Sindacato","description":"Scalese (Cigl Vasta Area): \u201cSolo un lavoro con diritti garantiti offre la possibilit\u00e0 a chi lavora di rivendicare sicurezza\u201d","robots":{"index":"index","follow":"follow","max-snippet":"max-snippet:-1","max-image-preview":"max-image-preview:large","max-video-preview":"max-video-preview:-1"},"canonical":"https:\/\/progettotouring.it\/radiotouring104\/2024\/03\/05\/lamezia-il-segretario-nazionale-cgil-landini-presente-al-convegno-del-sindacato\/","og_locale":"it_IT","og_type":"article","og_title":"Lamezia: Landini presente al Convegno del Sindacato","og_description":"Scalese (Cigl Vasta Area): \u201cSolo un lavoro con diritti garantiti offre la possibilit\u00e0 a chi lavora di rivendicare sicurezza\u201d","og_url":"https:\/\/progettotouring.it\/radiotouring104\/2024\/03\/05\/lamezia-il-segretario-nazionale-cgil-landini-presente-al-convegno-del-sindacato\/","og_site_name":"Radio Touring 104","article_published_time":"2024-03-05T12:03:50+00:00","og_image":[{"width":1080,"height":1350,"url":"https:\/\/progettotouring.it\/radiotouring104\/wp-content\/uploads\/sites\/6\/2024\/03\/Locandina-8-marzo-Roccella-1.png","type":"image\/png"}],"author":"Sebastiano Plutino","twitter_card":"summary_large_image","twitter_misc":{"Scritto da":"Sebastiano Plutino","Tempo di lettura stimato":"2 minuti"},"schema":{"@context":"https:\/\/schema.org","@graph":[{"@type":"Article","@id":"https:\/\/progettotouring.it\/radiotouring104\/2024\/03\/05\/lamezia-il-segretario-nazionale-cgil-landini-presente-al-convegno-del-sindacato\/#article","isPartOf":{"@id":"https:\/\/progettotouring.it\/radiotouring104\/2024\/03\/05\/lamezia-il-segretario-nazionale-cgil-landini-presente-al-convegno-del-sindacato\/"},"author":{"name":"Sebastiano Plutino","@id":"https:\/\/progettotouring.it\/radiotouring104\/#\/schema\/person\/78613917f1851f041f7483f5af1d422e"},"headline":"Lamezia: Il segretario nazionale Cgil Landini presente al Convegno del Sindacato","datePublished":"2024-03-05T12:03:50+00:00","mainEntityOfPage":{"@id":"https:\/\/progettotouring.it\/radiotouring104\/2024\/03\/05\/lamezia-il-segretario-nazionale-cgil-landini-presente-al-convegno-del-sindacato\/"},"wordCount":479,"publisher":{"@id":"https:\/\/progettotouring.it\/radiotouring104\/#organization"},"image":{"@id":"https:\/\/progettotouring.it\/radiotouring104\/2024\/03\/05\/lamezia-il-segretario-nazionale-cgil-landini-presente-al-convegno-del-sindacato\/#primaryimage"},"thumbnailUrl":"https:\/\/progettotouring.it\/radiotouring104\/wp-content\/uploads\/sites\/6\/2024\/03\/Locandina-8-marzo-Roccella-1.png","keywords":["convegno Cigl","Enzo Scalese","Landini a Lamezia"],"articleSection":["Calabria","Home","News"],"inLanguage":"it-IT"},{"@type":"WebPage","@id":"https:\/\/progettotouring.it\/radiotouring104\/2024\/03\/05\/lamezia-il-segretario-nazionale-cgil-landini-presente-al-convegno-del-sindacato\/","url":"https:\/\/progettotouring.it\/radiotouring104\/2024\/03\/05\/lamezia-il-segretario-nazionale-cgil-landini-presente-al-convegno-del-sindacato\/","name":"Lamezia: Landini presente al Convegno del Sindacato","isPartOf":{"@id":"https:\/\/progettotouring.it\/radiotouring104\/#website"},"primaryImageOfPage":{"@id":"https:\/\/progettotouring.it\/radiotouring104\/2024\/03\/05\/lamezia-il-segretario-nazionale-cgil-landini-presente-al-convegno-del-sindacato\/#primaryimage"},"image":{"@id":"https:\/\/progettotouring.it\/radiotouring104\/2024\/03\/05\/lamezia-il-segretario-nazionale-cgil-landini-presente-al-convegno-del-sindacato\/#primaryimage"},"thumbnailUrl":"https:\/\/progettotouring.it\/radiotouring104\/wp-content\/uploads\/sites\/6\/2024\/03\/Locandina-8-marzo-Roccella-1.png","datePublished":"2024-03-05T12:03:50+00:00","description":"Scalese (Cigl Vasta Area): \u201cSolo un lavoro con diritti garantiti offre la possibilit\u00e0 a chi lavora di rivendicare sicurezza\u201d","breadcrumb":{"@id":"https:\/\/progettotouring.it\/radiotouring104\/2024\/03\/05\/lamezia-il-segretario-nazionale-cgil-landini-presente-al-convegno-del-sindacato\/#breadcrumb"},"inLanguage":"it-IT","potentialAction":[{"@type":"ReadAction","target":["https:\/\/progettotouring.it\/radiotouring104\/2024\/03\/05\/lamezia-il-segretario-nazionale-cgil-landini-presente-al-convegno-del-sindacato\/"]}]},{"@type":"ImageObject","inLanguage":"it-IT","@id":"https:\/\/progettotouring.it\/radiotouring104\/2024\/03\/05\/lamezia-il-segretario-nazionale-cgil-landini-presente-al-convegno-del-sindacato\/#primaryimage","url":"https:\/\/progettotouring.it\/radiotouring104\/wp-content\/uploads\/sites\/6\/2024\/03\/Locandina-8-marzo-Roccella-1.png","contentUrl":"https:\/\/progettotouring.it\/radiotouring104\/wp-content\/uploads\/sites\/6\/2024\/03\/Locandina-8-marzo-Roccella-1.png","width":1080,"height":1350},{"@type":"BreadcrumbList","@id":"https:\/\/progettotouring.it\/radiotouring104\/2024\/03\/05\/lamezia-il-segretario-nazionale-cgil-landini-presente-al-convegno-del-sindacato\/#breadcrumb","itemListElement":[{"@type":"ListItem","position":1,"name":"Home","item":"https:\/\/progettotouring.it\/radiotouring104\/"},{"@type":"ListItem","position":2,"name":"Lamezia: Il segretario nazionale Cgil Landini presente al Convegno del Sindacato"}]},{"@type":"WebSite","@id":"https:\/\/progettotouring.it\/radiotouring104\/#website","url":"https:\/\/progettotouring.it\/radiotouring104\/","name":"Radio Touring 104","description":"La prima radio Reggina","publisher":{"@id":"https:\/\/progettotouring.it\/radiotouring104\/#organization"},"potentialAction":[{"@type":"SearchAction","target":{"@type":"EntryPoint","urlTemplate":"https:\/\/progettotouring.it\/radiotouring104\/?s={search_term_string}"},"query-input":{"@type":"PropertyValueSpecification","valueRequired":true,"valueName":"search_term_string"}}],"inLanguage":"it-IT"},{"@type":"Organization","@id":"https:\/\/progettotouring.it\/radiotouring104\/#organization","name":"Radio Touring 104","url":"https:\/\/progettotouring.it\/radiotouring104\/","logo":{"@type":"ImageObject","inLanguage":"it-IT","@id":"https:\/\/progettotouring.it\/radiotouring104\/#\/schema\/logo\/image\/","url":"https:\/\/progettotouring.it\/radiotouring104\/wp-content\/uploads\/sites\/6\/2022\/02\/cropped-logo-radio-touring-104.png","contentUrl":"https:\/\/progettotouring.it\/radiotouring104\/wp-content\/uploads\/sites\/6\/2022\/02\/cropped-logo-radio-touring-104.png","width":377,"height":182,"caption":"Radio Touring 104"},"image":{"@id":"https:\/\/progettotouring.it\/radiotouring104\/#\/schema\/logo\/image\/"}},{"@type":"Person","@id":"https:\/\/progettotouring.it\/radiotouring104\/#\/schema\/person\/78613917f1851f041f7483f5af1d422e","name":"Sebastiano Plutino","image":{"@type":"ImageObject","inLanguage":"it-IT","@id":"https:\/\/secure.gravatar.com\/avatar\/0546ffaa9b79224faf9f2a156b67a529ae861d3287c66c1d8ccfdf909bcba78d?s=96&d=mm&r=g","url":"https:\/\/secure.gravatar.com\/avatar\/0546ffaa9b79224faf9f2a156b67a529ae861d3287c66c1d8ccfdf909bcba78d?s=96&d=mm&r=g","contentUrl":"https:\/\/secure.gravatar.com\/avatar\/0546ffaa9b79224faf9f2a156b67a529ae861d3287c66c1d8ccfdf909bcba78d?s=96&d=mm&r=g","caption":"Sebastiano Plutino"},"url":"https:\/\/progettotouring.it\/radiotouring104\/author\/sebastiano\/"}]}},"jetpack_publicize_connections":[],"jetpack_featured_media_url":"https:\/\/progettotouring.it\/radiotouring104\/wp-content\/uploads\/sites\/6\/2024\/03\/Locandina-8-marzo-Roccella-1.png","jetpack_sharing_enabled":true,"_links":{"self":[{"href":"https:\/\/progettotouring.it\/radiotouring104\/wp-json\/wp\/v2\/posts\/46368","targetHints":{"allow":["GET"]}}],"collection":[{"href":"https:\/\/progettotouring.it\/radiotouring104\/wp-json\/wp\/v2\/posts"}],"about":[{"href":"https:\/\/progettotouring.it\/radiotouring104\/wp-json\/wp\/v2\/types\/post"}],"author":[{"embeddable":true,"href":"https:\/\/progettotouring.it\/radiotouring104\/wp-json\/wp\/v2\/users\/12"}],"replies":[{"embeddable":true,"href":"https:\/\/progettotouring.it\/radiotouring104\/wp-json\/wp\/v2\/comments?post=46368"}],"version-history":[{"count":1,"href":"https:\/\/progettotouring.it\/radiotouring104\/wp-json\/wp\/v2\/posts\/46368\/revisions"}],"predecessor-version":[{"id":46370,"href":"https:\/\/progettotouring.it\/radiotouring104\/wp-json\/wp\/v2\/posts\/46368\/revisions\/46370"}],"wp:featuredmedia":[{"embeddable":true,"href":"https:\/\/progettotouring.it\/radiotouring104\/wp-json\/wp\/v2\/media\/46369"}],"wp:attachment":[{"href":"https:\/\/progettotouring.it\/radiotouring104\/wp-json\/wp\/v2\/media?parent=46368"}],"wp:term":[{"taxonomy":"category","embeddable":true,"href":"https:\/\/progettotouring.it\/radiotouring104\/wp-json\/wp\/v2\/categories?post=46368"},{"taxonomy":"post_tag","embeddable":true,"href":"https:\/\/progettotouring.it\/radiotouring104\/wp-json\/wp\/v2\/tags?post=46368"}],"curies":[{"name":"wp","href":"https:\/\/api.w.org\/{rel}","templated":true}]}}