{"id":46371,"date":"2024-03-05T13:08:45","date_gmt":"2024-03-05T12:08:45","guid":{"rendered":"https:\/\/progettotouring.it\/radiotouring104\/?p=46371"},"modified":"2024-03-05T13:08:45","modified_gmt":"2024-03-05T12:08:45","slug":"forza-italia-istituita-la-conferenza-dei-delegati-calabresi","status":"publish","type":"post","link":"https:\/\/progettotouring.it\/radiotouring104\/2024\/03\/05\/forza-italia-istituita-la-conferenza-dei-delegati-calabresi\/","title":{"rendered":"Forza Italia: istituita la Conferenza dei Delegati calabresi"},"content":{"rendered":"<p style=\"text-align: justify\">Ieri \u00e8 stata formalmente<strong> istituita la Conferenza dei Delegati calabresi di Forza Italia.<\/strong> <strong>Ideato<\/strong> e fortemente voluto dal Presidente della Regione e Vice Segretario nazionale di Forza Italia,<strong> Roberto Occhiuto, e da<\/strong>l Vice Capogruppo alla Camera dei Deputati e Coordinatore regionale della Calabria<strong>, Francesco Cannizzaro,<\/strong> questo organismo in realt\u00e0 non \u00e8 previsto dallo Statuto del Partito azzurro, ma la Dirigenza politica della Calabria se n&#8217;\u00e8 voluta dotare per dare maggiore forza alla voce del territorio.<\/p>\n<p style=\"text-align: justify\">Oltre ai Coordinatori delle diverse realt\u00e0, alla Componente Giovanile, ai Consiglieri ed agli Assessori regionali, questa Conferenza \u00e8 infatti formata da tutti e 86 i membri della Delegazione Calabria al Congresso nazionale, nominati da ciascun Coordinamento provinciale, quindi rappresentando di fatto ogni area della regione.<\/p>\n<p style=\"text-align: justify\">L&#8217;idea di Occhiuto e Cannizzaro \u00e8 quella di consolidare la dirigenza azzurra ed alimentare il dibattito interno, anche in vista della formazione ufficiale del Coordinamento regionale, altro organismo interno (questo per\u00f2 obbligatorio per statuto di Forza Italia) di cui presto la Calabria si doter\u00e0.<\/p>\n<p style=\"text-align: justify\">In sostanza, ieri sera, \u00e8 stato varato un \u201claboratorio azzurro\u201d. E per l\u2019appunto, dopo una prima fase della riunione aperta agli organi di informazione, si sono susseguiti numerosi interventi dei delegati, sviscerando strategie politiche ed istanze per dare risposte ai problemi dei calabresi. <em>\u201cLa Conferenza dei Delegati \u00e8 un appuntamento che si ripeter\u00e0 spesso\u201d<\/em>\u00a0 hanno infatti tenuto a precisare in chiusura Roberto Occhiuto e Francesco Cannizzaro.<\/p>\n","protected":false},"excerpt":{"rendered":"<p>Ieri \u00e8 stata formalmente istituita la Conferenza dei Delegati calabresi di Forza Italia. Ideato e fortemente voluto dal Presidente della Regione e Vice Segretario nazionale di Forza Italia, Roberto Occhiuto,&hellip;<\/p>\n","protected":false},"author":12,"featured_media":46375,"comment_status":"closed","ping_status":"open","sticky":false,"template":"","format":"standard","meta":{"_jetpack_memberships_contains_paid_content":false,"footnotes":"","jetpack_publicize_message":"","jetpack_publicize_feature_enabled":true,"jetpack_social_post_already_shared":false,"jetpack_social_options":{"image_generator_settings":{"template":"highway","default_image_id":0,"font":"","enabled":false},"version":2}},"categories":[142,921,196],"tags":[26527,28538,18340],"class_list":["post-46371","post","type-post","status-publish","format-standard","has-post-thumbnail","hentry","category-calabria","category-home","category-news","tag-cannizzaro-francesco","tag-istituita-la-conferenza-dei-delegati-calabrese","tag-occhiuto-roberto"],"yoast_head":"<!-- This site is optimized with the Yoast SEO plugin v27.2 - https:\/\/yoast.com\/product\/yoast-seo-wordpress\/ -->\n<title>Forza Italia: istituita la Conferenza dei Delegati calabresi<\/title>\n<meta name=\"description\" content=\"Ieri \u00e8 stata formalmente istituita la Conferenza dei Delegati calabresi di Forza Italia. Ideato dal Vicesegretario del partito, Occhiuto\" \/>\n<meta name=\"robots\" content=\"index, follow, max-snippet:-1, max-image-preview:large, max-video-preview:-1\" \/>\n<link rel=\"canonical\" href=\"https:\/\/progettotouring.it\/radiotouring104\/2024\/03\/05\/forza-italia-istituita-la-conferenza-dei-delegati-calabresi\/\" \/>\n<meta property=\"og:locale\" content=\"it_IT\" \/>\n<meta property=\"og:type\" content=\"article\" \/>\n<meta property=\"og:title\" content=\"Forza Italia: istituita la Conferenza dei Delegati calabresi\" \/>\n<meta property=\"og:description\" content=\"Ieri \u00e8 stata formalmente istituita la Conferenza dei Delegati calabresi di Forza Italia. Ideato dal Vicesegretario del partito, Occhiuto\" \/>\n<meta property=\"og:url\" content=\"https:\/\/progettotouring.it\/radiotouring104\/2024\/03\/05\/forza-italia-istituita-la-conferenza-dei-delegati-calabresi\/\" \/>\n<meta property=\"og:site_name\" content=\"Radio Touring 104\" \/>\n<meta property=\"article:published_time\" content=\"2024-03-05T12:08:45+00:00\" \/>\n<meta property=\"og:image\" content=\"https:\/\/progettotouring.it\/radiotouring104\/wp-content\/uploads\/sites\/6\/2024\/03\/Conferenza-dei-Delegati-Forza-Italia-Calabria-3.jpg\" \/>\n\t<meta property=\"og:image:width\" content=\"981\" \/>\n\t<meta property=\"og:image:height\" content=\"719\" \/>\n\t<meta property=\"og:image:type\" content=\"image\/jpeg\" \/>\n<meta name=\"author\" content=\"Sebastiano Plutino\" \/>\n<meta name=\"twitter:card\" content=\"summary_large_image\" \/>\n<meta name=\"twitter:label1\" content=\"Scritto da\" \/>\n\t<meta name=\"twitter:data1\" content=\"Sebastiano Plutino\" \/>\n\t<meta name=\"twitter:label2\" content=\"Tempo di lettura stimato\" \/>\n\t<meta name=\"twitter:data2\" content=\"1 minuto\" \/>\n<script type=\"application\/ld+json\" class=\"yoast-schema-graph\">{\"@context\":\"https:\/\/schema.org\",\"@graph\":[{\"@type\":\"Article\",\"@id\":\"https:\/\/progettotouring.it\/radiotouring104\/2024\/03\/05\/forza-italia-istituita-la-conferenza-dei-delegati-calabresi\/#article\",\"isPartOf\":{\"@id\":\"https:\/\/progettotouring.it\/radiotouring104\/2024\/03\/05\/forza-italia-istituita-la-conferenza-dei-delegati-calabresi\/\"},\"author\":{\"name\":\"Sebastiano Plutino\",\"@id\":\"https:\/\/progettotouring.it\/radiotouring104\/#\/schema\/person\/78613917f1851f041f7483f5af1d422e\"},\"headline\":\"Forza Italia: istituita la Conferenza dei Delegati calabresi\",\"datePublished\":\"2024-03-05T12:08:45+00:00\",\"mainEntityOfPage\":{\"@id\":\"https:\/\/progettotouring.it\/radiotouring104\/2024\/03\/05\/forza-italia-istituita-la-conferenza-dei-delegati-calabresi\/\"},\"wordCount\":232,\"publisher\":{\"@id\":\"https:\/\/progettotouring.it\/radiotouring104\/#organization\"},\"image\":{\"@id\":\"https:\/\/progettotouring.it\/radiotouring104\/2024\/03\/05\/forza-italia-istituita-la-conferenza-dei-delegati-calabresi\/#primaryimage\"},\"thumbnailUrl\":\"https:\/\/progettotouring.it\/radiotouring104\/wp-content\/uploads\/sites\/6\/2024\/03\/Conferenza-dei-Delegati-Forza-Italia-Calabria-3.jpg\",\"keywords\":[\"cannizzaro francesco\",\"istituita la Conferenza dei Delegati calabrese\",\"Occhiuto Roberto\"],\"articleSection\":[\"Calabria\",\"Home\",\"News\"],\"inLanguage\":\"it-IT\"},{\"@type\":\"WebPage\",\"@id\":\"https:\/\/progettotouring.it\/radiotouring104\/2024\/03\/05\/forza-italia-istituita-la-conferenza-dei-delegati-calabresi\/\",\"url\":\"https:\/\/progettotouring.it\/radiotouring104\/2024\/03\/05\/forza-italia-istituita-la-conferenza-dei-delegati-calabresi\/\",\"name\":\"Forza Italia: istituita la Conferenza dei Delegati calabresi\",\"isPartOf\":{\"@id\":\"https:\/\/progettotouring.it\/radiotouring104\/#website\"},\"primaryImageOfPage\":{\"@id\":\"https:\/\/progettotouring.it\/radiotouring104\/2024\/03\/05\/forza-italia-istituita-la-conferenza-dei-delegati-calabresi\/#primaryimage\"},\"image\":{\"@id\":\"https:\/\/progettotouring.it\/radiotouring104\/2024\/03\/05\/forza-italia-istituita-la-conferenza-dei-delegati-calabresi\/#primaryimage\"},\"thumbnailUrl\":\"https:\/\/progettotouring.it\/radiotouring104\/wp-content\/uploads\/sites\/6\/2024\/03\/Conferenza-dei-Delegati-Forza-Italia-Calabria-3.jpg\",\"datePublished\":\"2024-03-05T12:08:45+00:00\",\"description\":\"Ieri \u00e8 stata formalmente istituita la Conferenza dei Delegati calabresi di Forza Italia. Ideato dal Vicesegretario del partito, Occhiuto\",\"breadcrumb\":{\"@id\":\"https:\/\/progettotouring.it\/radiotouring104\/2024\/03\/05\/forza-italia-istituita-la-conferenza-dei-delegati-calabresi\/#breadcrumb\"},\"inLanguage\":\"it-IT\",\"potentialAction\":[{\"@type\":\"ReadAction\",\"target\":[\"https:\/\/progettotouring.it\/radiotouring104\/2024\/03\/05\/forza-italia-istituita-la-conferenza-dei-delegati-calabresi\/\"]}]},{\"@type\":\"ImageObject\",\"inLanguage\":\"it-IT\",\"@id\":\"https:\/\/progettotouring.it\/radiotouring104\/2024\/03\/05\/forza-italia-istituita-la-conferenza-dei-delegati-calabresi\/#primaryimage\",\"url\":\"https:\/\/progettotouring.it\/radiotouring104\/wp-content\/uploads\/sites\/6\/2024\/03\/Conferenza-dei-Delegati-Forza-Italia-Calabria-3.jpg\",\"contentUrl\":\"https:\/\/progettotouring.it\/radiotouring104\/wp-content\/uploads\/sites\/6\/2024\/03\/Conferenza-dei-Delegati-Forza-Italia-Calabria-3.jpg\",\"width\":981,\"height\":719},{\"@type\":\"BreadcrumbList\",\"@id\":\"https:\/\/progettotouring.it\/radiotouring104\/2024\/03\/05\/forza-italia-istituita-la-conferenza-dei-delegati-calabresi\/#breadcrumb\",\"itemListElement\":[{\"@type\":\"ListItem\",\"position\":1,\"name\":\"Home\",\"item\":\"https:\/\/progettotouring.it\/radiotouring104\/\"},{\"@type\":\"ListItem\",\"position\":2,\"name\":\"Forza Italia: istituita la Conferenza dei Delegati calabresi\"}]},{\"@type\":\"WebSite\",\"@id\":\"https:\/\/progettotouring.it\/radiotouring104\/#website\",\"url\":\"https:\/\/progettotouring.it\/radiotouring104\/\",\"name\":\"Radio Touring 104\",\"description\":\"La prima radio Reggina\",\"publisher\":{\"@id\":\"https:\/\/progettotouring.it\/radiotouring104\/#organization\"},\"potentialAction\":[{\"@type\":\"SearchAction\",\"target\":{\"@type\":\"EntryPoint\",\"urlTemplate\":\"https:\/\/progettotouring.it\/radiotouring104\/?s={search_term_string}\"},\"query-input\":{\"@type\":\"PropertyValueSpecification\",\"valueRequired\":true,\"valueName\":\"search_term_string\"}}],\"inLanguage\":\"it-IT\"},{\"@type\":\"Organization\",\"@id\":\"https:\/\/progettotouring.it\/radiotouring104\/#organization\",\"name\":\"Radio Touring 104\",\"url\":\"https:\/\/progettotouring.it\/radiotouring104\/\",\"logo\":{\"@type\":\"ImageObject\",\"inLanguage\":\"it-IT\",\"@id\":\"https:\/\/progettotouring.it\/radiotouring104\/#\/schema\/logo\/image\/\",\"url\":\"https:\/\/progettotouring.it\/radiotouring104\/wp-content\/uploads\/sites\/6\/2022\/02\/cropped-logo-radio-touring-104.png\",\"contentUrl\":\"https:\/\/progettotouring.it\/radiotouring104\/wp-content\/uploads\/sites\/6\/2022\/02\/cropped-logo-radio-touring-104.png\",\"width\":377,\"height\":182,\"caption\":\"Radio Touring 104\"},\"image\":{\"@id\":\"https:\/\/progettotouring.it\/radiotouring104\/#\/schema\/logo\/image\/\"}},{\"@type\":\"Person\",\"@id\":\"https:\/\/progettotouring.it\/radiotouring104\/#\/schema\/person\/78613917f1851f041f7483f5af1d422e\",\"name\":\"Sebastiano Plutino\",\"image\":{\"@type\":\"ImageObject\",\"inLanguage\":\"it-IT\",\"@id\":\"https:\/\/secure.gravatar.com\/avatar\/0546ffaa9b79224faf9f2a156b67a529ae861d3287c66c1d8ccfdf909bcba78d?s=96&d=mm&r=g\",\"url\":\"https:\/\/secure.gravatar.com\/avatar\/0546ffaa9b79224faf9f2a156b67a529ae861d3287c66c1d8ccfdf909bcba78d?s=96&d=mm&r=g\",\"contentUrl\":\"https:\/\/secure.gravatar.com\/avatar\/0546ffaa9b79224faf9f2a156b67a529ae861d3287c66c1d8ccfdf909bcba78d?s=96&d=mm&r=g\",\"caption\":\"Sebastiano Plutino\"},\"url\":\"https:\/\/progettotouring.it\/radiotouring104\/author\/sebastiano\/\"}]}<\/script>\n<!-- \/ Yoast SEO plugin. -->","yoast_head_json":{"title":"Forza Italia: istituita la Conferenza dei Delegati calabresi","description":"Ieri \u00e8 stata formalmente istituita la Conferenza dei Delegati calabresi di Forza Italia. Ideato dal Vicesegretario del partito, Occhiuto","robots":{"index":"index","follow":"follow","max-snippet":"max-snippet:-1","max-image-preview":"max-image-preview:large","max-video-preview":"max-video-preview:-1"},"canonical":"https:\/\/progettotouring.it\/radiotouring104\/2024\/03\/05\/forza-italia-istituita-la-conferenza-dei-delegati-calabresi\/","og_locale":"it_IT","og_type":"article","og_title":"Forza Italia: istituita la Conferenza dei Delegati calabresi","og_description":"Ieri \u00e8 stata formalmente istituita la Conferenza dei Delegati calabresi di Forza Italia. Ideato dal Vicesegretario del partito, Occhiuto","og_url":"https:\/\/progettotouring.it\/radiotouring104\/2024\/03\/05\/forza-italia-istituita-la-conferenza-dei-delegati-calabresi\/","og_site_name":"Radio Touring 104","article_published_time":"2024-03-05T12:08:45+00:00","og_image":[{"width":981,"height":719,"url":"https:\/\/progettotouring.it\/radiotouring104\/wp-content\/uploads\/sites\/6\/2024\/03\/Conferenza-dei-Delegati-Forza-Italia-Calabria-3.jpg","type":"image\/jpeg"}],"author":"Sebastiano Plutino","twitter_card":"summary_large_image","twitter_misc":{"Scritto da":"Sebastiano Plutino","Tempo di lettura stimato":"1 minuto"},"schema":{"@context":"https:\/\/schema.org","@graph":[{"@type":"Article","@id":"https:\/\/progettotouring.it\/radiotouring104\/2024\/03\/05\/forza-italia-istituita-la-conferenza-dei-delegati-calabresi\/#article","isPartOf":{"@id":"https:\/\/progettotouring.it\/radiotouring104\/2024\/03\/05\/forza-italia-istituita-la-conferenza-dei-delegati-calabresi\/"},"author":{"name":"Sebastiano Plutino","@id":"https:\/\/progettotouring.it\/radiotouring104\/#\/schema\/person\/78613917f1851f041f7483f5af1d422e"},"headline":"Forza Italia: istituita la Conferenza dei Delegati calabresi","datePublished":"2024-03-05T12:08:45+00:00","mainEntityOfPage":{"@id":"https:\/\/progettotouring.it\/radiotouring104\/2024\/03\/05\/forza-italia-istituita-la-conferenza-dei-delegati-calabresi\/"},"wordCount":232,"publisher":{"@id":"https:\/\/progettotouring.it\/radiotouring104\/#organization"},"image":{"@id":"https:\/\/progettotouring.it\/radiotouring104\/2024\/03\/05\/forza-italia-istituita-la-conferenza-dei-delegati-calabresi\/#primaryimage"},"thumbnailUrl":"https:\/\/progettotouring.it\/radiotouring104\/wp-content\/uploads\/sites\/6\/2024\/03\/Conferenza-dei-Delegati-Forza-Italia-Calabria-3.jpg","keywords":["cannizzaro francesco","istituita la Conferenza dei Delegati calabrese","Occhiuto Roberto"],"articleSection":["Calabria","Home","News"],"inLanguage":"it-IT"},{"@type":"WebPage","@id":"https:\/\/progettotouring.it\/radiotouring104\/2024\/03\/05\/forza-italia-istituita-la-conferenza-dei-delegati-calabresi\/","url":"https:\/\/progettotouring.it\/radiotouring104\/2024\/03\/05\/forza-italia-istituita-la-conferenza-dei-delegati-calabresi\/","name":"Forza Italia: istituita la Conferenza dei Delegati calabresi","isPartOf":{"@id":"https:\/\/progettotouring.it\/radiotouring104\/#website"},"primaryImageOfPage":{"@id":"https:\/\/progettotouring.it\/radiotouring104\/2024\/03\/05\/forza-italia-istituita-la-conferenza-dei-delegati-calabresi\/#primaryimage"},"image":{"@id":"https:\/\/progettotouring.it\/radiotouring104\/2024\/03\/05\/forza-italia-istituita-la-conferenza-dei-delegati-calabresi\/#primaryimage"},"thumbnailUrl":"https:\/\/progettotouring.it\/radiotouring104\/wp-content\/uploads\/sites\/6\/2024\/03\/Conferenza-dei-Delegati-Forza-Italia-Calabria-3.jpg","datePublished":"2024-03-05T12:08:45+00:00","description":"Ieri \u00e8 stata formalmente istituita la Conferenza dei Delegati calabresi di Forza Italia. Ideato dal Vicesegretario del partito, Occhiuto","breadcrumb":{"@id":"https:\/\/progettotouring.it\/radiotouring104\/2024\/03\/05\/forza-italia-istituita-la-conferenza-dei-delegati-calabresi\/#breadcrumb"},"inLanguage":"it-IT","potentialAction":[{"@type":"ReadAction","target":["https:\/\/progettotouring.it\/radiotouring104\/2024\/03\/05\/forza-italia-istituita-la-conferenza-dei-delegati-calabresi\/"]}]},{"@type":"ImageObject","inLanguage":"it-IT","@id":"https:\/\/progettotouring.it\/radiotouring104\/2024\/03\/05\/forza-italia-istituita-la-conferenza-dei-delegati-calabresi\/#primaryimage","url":"https:\/\/progettotouring.it\/radiotouring104\/wp-content\/uploads\/sites\/6\/2024\/03\/Conferenza-dei-Delegati-Forza-Italia-Calabria-3.jpg","contentUrl":"https:\/\/progettotouring.it\/radiotouring104\/wp-content\/uploads\/sites\/6\/2024\/03\/Conferenza-dei-Delegati-Forza-Italia-Calabria-3.jpg","width":981,"height":719},{"@type":"BreadcrumbList","@id":"https:\/\/progettotouring.it\/radiotouring104\/2024\/03\/05\/forza-italia-istituita-la-conferenza-dei-delegati-calabresi\/#breadcrumb","itemListElement":[{"@type":"ListItem","position":1,"name":"Home","item":"https:\/\/progettotouring.it\/radiotouring104\/"},{"@type":"ListItem","position":2,"name":"Forza Italia: istituita la Conferenza dei Delegati calabresi"}]},{"@type":"WebSite","@id":"https:\/\/progettotouring.it\/radiotouring104\/#website","url":"https:\/\/progettotouring.it\/radiotouring104\/","name":"Radio Touring 104","description":"La prima radio Reggina","publisher":{"@id":"https:\/\/progettotouring.it\/radiotouring104\/#organization"},"potentialAction":[{"@type":"SearchAction","target":{"@type":"EntryPoint","urlTemplate":"https:\/\/progettotouring.it\/radiotouring104\/?s={search_term_string}"},"query-input":{"@type":"PropertyValueSpecification","valueRequired":true,"valueName":"search_term_string"}}],"inLanguage":"it-IT"},{"@type":"Organization","@id":"https:\/\/progettotouring.it\/radiotouring104\/#organization","name":"Radio Touring 104","url":"https:\/\/progettotouring.it\/radiotouring104\/","logo":{"@type":"ImageObject","inLanguage":"it-IT","@id":"https:\/\/progettotouring.it\/radiotouring104\/#\/schema\/logo\/image\/","url":"https:\/\/progettotouring.it\/radiotouring104\/wp-content\/uploads\/sites\/6\/2022\/02\/cropped-logo-radio-touring-104.png","contentUrl":"https:\/\/progettotouring.it\/radiotouring104\/wp-content\/uploads\/sites\/6\/2022\/02\/cropped-logo-radio-touring-104.png","width":377,"height":182,"caption":"Radio Touring 104"},"image":{"@id":"https:\/\/progettotouring.it\/radiotouring104\/#\/schema\/logo\/image\/"}},{"@type":"Person","@id":"https:\/\/progettotouring.it\/radiotouring104\/#\/schema\/person\/78613917f1851f041f7483f5af1d422e","name":"Sebastiano Plutino","image":{"@type":"ImageObject","inLanguage":"it-IT","@id":"https:\/\/secure.gravatar.com\/avatar\/0546ffaa9b79224faf9f2a156b67a529ae861d3287c66c1d8ccfdf909bcba78d?s=96&d=mm&r=g","url":"https:\/\/secure.gravatar.com\/avatar\/0546ffaa9b79224faf9f2a156b67a529ae861d3287c66c1d8ccfdf909bcba78d?s=96&d=mm&r=g","contentUrl":"https:\/\/secure.gravatar.com\/avatar\/0546ffaa9b79224faf9f2a156b67a529ae861d3287c66c1d8ccfdf909bcba78d?s=96&d=mm&r=g","caption":"Sebastiano Plutino"},"url":"https:\/\/progettotouring.it\/radiotouring104\/author\/sebastiano\/"}]}},"jetpack_publicize_connections":[],"jetpack_featured_media_url":"https:\/\/progettotouring.it\/radiotouring104\/wp-content\/uploads\/sites\/6\/2024\/03\/Conferenza-dei-Delegati-Forza-Italia-Calabria-3.jpg","jetpack_sharing_enabled":true,"_links":{"self":[{"href":"https:\/\/progettotouring.it\/radiotouring104\/wp-json\/wp\/v2\/posts\/46371","targetHints":{"allow":["GET"]}}],"collection":[{"href":"https:\/\/progettotouring.it\/radiotouring104\/wp-json\/wp\/v2\/posts"}],"about":[{"href":"https:\/\/progettotouring.it\/radiotouring104\/wp-json\/wp\/v2\/types\/post"}],"author":[{"embeddable":true,"href":"https:\/\/progettotouring.it\/radiotouring104\/wp-json\/wp\/v2\/users\/12"}],"replies":[{"embeddable":true,"href":"https:\/\/progettotouring.it\/radiotouring104\/wp-json\/wp\/v2\/comments?post=46371"}],"version-history":[{"count":1,"href":"https:\/\/progettotouring.it\/radiotouring104\/wp-json\/wp\/v2\/posts\/46371\/revisions"}],"predecessor-version":[{"id":46376,"href":"https:\/\/progettotouring.it\/radiotouring104\/wp-json\/wp\/v2\/posts\/46371\/revisions\/46376"}],"wp:featuredmedia":[{"embeddable":true,"href":"https:\/\/progettotouring.it\/radiotouring104\/wp-json\/wp\/v2\/media\/46375"}],"wp:attachment":[{"href":"https:\/\/progettotouring.it\/radiotouring104\/wp-json\/wp\/v2\/media?parent=46371"}],"wp:term":[{"taxonomy":"category","embeddable":true,"href":"https:\/\/progettotouring.it\/radiotouring104\/wp-json\/wp\/v2\/categories?post=46371"},{"taxonomy":"post_tag","embeddable":true,"href":"https:\/\/progettotouring.it\/radiotouring104\/wp-json\/wp\/v2\/tags?post=46371"}],"curies":[{"name":"wp","href":"https:\/\/api.w.org\/{rel}","templated":true}]}}