{"id":46387,"date":"2024-03-06T09:19:21","date_gmt":"2024-03-06T08:19:21","guid":{"rendered":"https:\/\/progettotouring.it\/radiotouring104\/?p=46387"},"modified":"2024-03-06T12:56:14","modified_gmt":"2024-03-06T11:56:14","slug":"reggio-nei-prossimi-giorni-la-consegna-della-casa-delle-donne-alla-piccola-opera-papa-giovanni","status":"publish","type":"post","link":"https:\/\/progettotouring.it\/radiotouring104\/2024\/03\/06\/reggio-nei-prossimi-giorni-la-consegna-della-casa-delle-donne-alla-piccola-opera-papa-giovanni\/","title":{"rendered":"Reggio: nei prossimi giorni la consegna della Casa delle Donne, alla &#8220;Piccola Opera Papa Giovanni&#8221;"},"content":{"rendered":"<p style=\"text-align: justify\">E&#8217; stata <strong>aggiudicata nei giorni scorsi la gestione della nuova &#8220;<\/strong><em>Casa delle Donn<strong>e&#8221;<\/strong>,<\/em> <strong>la struttura residenziale polifunzionale dedicata ai diritti di genere realizzata dal Comune<\/strong> di Reggio Calabria <strong>in un bene confiscato alla criminalit\u00e0 organizzata<\/strong> nella zona sud della citt\u00e0.<\/p>\n<p style=\"text-align: justify\"><strong>A darne notizia l&#8217;Assessore<\/strong> con delega al programma Agenda Urbana<strong> Carmelo Romeo<\/strong>, che ha ringraziato gli uffici del Settore impegnato nella realizzazione della struttura e quelli che hanno completato la procedura di selezione tra i soggetti del terzo settore interessati alla gestione. <strong>La nuova Casa delle Donne \u00e8 tra i pochissimi esempi in Italia di strutture destinate alla protezione e alla valorizzazione dei diritti di genere<\/strong> realizzate all&#8217;interno di un bene confiscato.<\/p>\n<p style=\"text-align: justify\"><strong>L&#8217;aggiudicazione della struttura<\/strong> da parte della Commissione di valutazione <strong>all&#8217;Associazione Piccola Opera Papa Giovanni<\/strong> chiude il cerchio rispetto ad un&#8217;attivit\u00e0 portata avanti nell&#8217;ambito della programmazione dell&#8217;Amministrazione comunale guidata dal sindaco<strong> Giuseppe Falcomat\u00e0<\/strong> e seguita personalmente dall&#8217;Assessore Romeo nell&#8217;ambito del Programma Agenda Urbana. L&#8217;intervento, che ha previsto il completamento, gli impianti e gli arredi di un immobile confiscato alla criminalit\u00e0 organizzata, si \u00e8 basato su un investimento di quasi un milione di euro.<\/p>\n<p style=\"text-align: justify\">Il bando per l&#8217;assegnazione era stato preceduto da una serie di incontri propedeutici indetti dall&#8217;Amministrazione comunale con le associazioni impegnate per la difesa e la valorizzazione dei diritti di genere sul territorio cittadino. &#8220;<em>Proprio da questi incontri<\/em><strong>&#8211; spiega Romeo<\/strong><em>&#8211; grazie anche al prezioso supporti di Francesco Gangemi e Angela Martino, allora assessori comunali con delega al Patrimonio e alle Politiche di Genere, era venuta fuori l&#8217;esigenza di completare la struttura affiancando all&#8217;attivit\u00e0 residenziale per le donne vittime di violenza e ai loro figli, in attesa di una destinazione protetta, anche altri servizi di prossimit\u00e0, sempre legati all&#8217;universo dei diritti di genere, come l\u2019ascolto psicologico, il supporto legale e l\u2019orientamento al lavoro&#8221;.<\/em><\/p>\n<p style=\"text-align: justify\"><strong>Nello specifico<\/strong>, come \u00e8 riportato anche nella procedura di selezione curata dal settore Patrimonio, c<strong>he l&#8217;Assessore Romeo ha ringraziato<\/strong><em> &#8220;per la celerit\u00e0 e professionalit\u00e0 con le quali ha curato la procedura&#8221;<\/em>, la struttura ospita un&#8217;ampia zona di accoglienza per il supporto telefonico alle vittime, l&#8217;accoglienza finalizzata alla protezione, con colloqui riservati e strutturati volti ad elaborare un percorso individuale di accompagnamento mediante un progetto personalizzato di uscita dalla violenza, assistenza ginecologica, assistenza psicologica individuale o anche tramite gruppi di auto mutuo aiuto, assistenza legale mediante colloqui di informazione e di orientamento, supporto di carattere legale sia in ambito civile che penale, e informazione e aiuto per l&#8217;accesso al gratuito patrocinio, in tutte le fasi del processo penale e civile, supporto ai minori vittime di violenza assistita, orientamento al lavoro attraverso informazioni e contatti con i Servizi sociali e con i Centri per l&#8217;impiego per individuare un percorso di inclusione lavorativa verso l&#8217;autonomia economica, orientamento all&#8217;autonomia abitativa attraverso convenzioni e protocolli con enti locali e altre agenzie.<\/p>\n<p style=\"text-align: justify\"><em>&#8220;Si tratta certamente di una scommessa vinta &#8211;<\/em> <strong>afferma l&#8217;Assessore Romeo<\/strong> &#8211; <em>un risultato che \u00e8 frutto della buona programmazione voluta dal sindaco Falcomat\u00e0 in questi anni e realizzato grazie ad un proficuo lavoro di squadra. La gestione della casa passer\u00e0 nei prossimi giorni all&#8217;Associazione che ha vinto il bando, che si relazioner\u00e0 con il Settore Welfare del Comune e con tutte le altre autorit\u00e0 territoriali che si occupano di difendere i diritti delle donne. Alla vigilia della giornata internazionale della donna del prossimo 8 marzo &#8211; ha concluso Romeo &#8211; \u00e8 certamente un segnale concreto ed importante che l&#8217;Amministrazione comunale riesce a dare in termini di supporto fattivo e reale alle situazioni di fragilit\u00e0 e nello specifico, in questo caso, nei confronti di persone particolarmente vulnerabili e bisognose di sostegno, come le vittime di violenza e di abusi, spesso anche in ambito domestico&#8221;.<\/em><\/p>\n","protected":false},"excerpt":{"rendered":"<p>E&#8217; stata aggiudicata nei giorni scorsi la gestione della nuova &#8220;Casa delle Donne&#8221;, la struttura residenziale polifunzionale dedicata ai diritti di genere realizzata dal Comune di Reggio Calabria in un&hellip;<\/p>\n","protected":false},"author":12,"featured_media":46388,"comment_status":"closed","ping_status":"open","sticky":false,"template":"","format":"standard","meta":{"_jetpack_memberships_contains_paid_content":false,"footnotes":"","jetpack_publicize_message":"","jetpack_publicize_feature_enabled":true,"jetpack_social_post_already_shared":false,"jetpack_social_options":{"image_generator_settings":{"template":"highway","default_image_id":0,"font":"","enabled":false},"version":2}},"categories":[921,150,196,140],"tags":[28540,16159,812],"class_list":["post-46387","post","type-post","status-publish","format-standard","has-post-thumbnail","hentry","category-home","category-in-primo-piano","category-news","category-reggio-calabria","tag-casa-delle-donne-reggio-calabria","tag-consigliere-carmelo-romeo","tag-giuseppe-falcomata"],"yoast_head":"<!-- This site is optimized with the Yoast SEO plugin v27.2 - https:\/\/yoast.com\/product\/yoast-seo-wordpress\/ -->\n<title>Reggio: la Casa delle Donne sar\u00e0 consegnata nei prossimi giorni<\/title>\n<meta name=\"description\" content=\"L&#039;Assessore Romeo annuncia aggiudicazione struttura all&#039;Associazione. Nei prossimi giorni la consegna dei locali e l&#039;avvio delle attivit\u00e0\" \/>\n<meta name=\"robots\" content=\"index, follow, max-snippet:-1, max-image-preview:large, max-video-preview:-1\" \/>\n<link rel=\"canonical\" href=\"https:\/\/progettotouring.it\/radiotouring104\/2024\/03\/06\/reggio-nei-prossimi-giorni-la-consegna-della-casa-delle-donne-alla-piccola-opera-papa-giovanni\/\" \/>\n<meta property=\"og:locale\" content=\"it_IT\" \/>\n<meta property=\"og:type\" content=\"article\" \/>\n<meta property=\"og:title\" content=\"Reggio: la Casa delle Donne sar\u00e0 consegnata nei prossimi giorni\" \/>\n<meta property=\"og:description\" content=\"L&#039;Assessore Romeo annuncia aggiudicazione struttura all&#039;Associazione. Nei prossimi giorni la consegna dei locali e l&#039;avvio delle attivit\u00e0\" \/>\n<meta property=\"og:url\" content=\"https:\/\/progettotouring.it\/radiotouring104\/2024\/03\/06\/reggio-nei-prossimi-giorni-la-consegna-della-casa-delle-donne-alla-piccola-opera-papa-giovanni\/\" \/>\n<meta property=\"og:site_name\" content=\"Radio Touring 104\" \/>\n<meta property=\"article:published_time\" content=\"2024-03-06T08:19:21+00:00\" \/>\n<meta property=\"article:modified_time\" content=\"2024-03-06T11:56:14+00:00\" \/>\n<meta property=\"og:image\" content=\"https:\/\/progettotouring.it\/radiotouring104\/wp-content\/uploads\/sites\/6\/2024\/03\/Carmelo-Romeo-Brunetti-Falcomata.jpeg\" \/>\n\t<meta property=\"og:image:width\" content=\"1599\" \/>\n\t<meta property=\"og:image:height\" content=\"899\" \/>\n\t<meta property=\"og:image:type\" content=\"image\/jpeg\" \/>\n<meta name=\"author\" content=\"Sebastiano Plutino\" \/>\n<meta name=\"twitter:card\" content=\"summary_large_image\" \/>\n<meta name=\"twitter:label1\" content=\"Scritto da\" \/>\n\t<meta name=\"twitter:data1\" content=\"Sebastiano Plutino\" \/>\n\t<meta name=\"twitter:label2\" content=\"Tempo di lettura stimato\" \/>\n\t<meta name=\"twitter:data2\" content=\"3 minuti\" \/>\n<script type=\"application\/ld+json\" class=\"yoast-schema-graph\">{\"@context\":\"https:\/\/schema.org\",\"@graph\":[{\"@type\":\"Article\",\"@id\":\"https:\/\/progettotouring.it\/radiotouring104\/2024\/03\/06\/reggio-nei-prossimi-giorni-la-consegna-della-casa-delle-donne-alla-piccola-opera-papa-giovanni\/#article\",\"isPartOf\":{\"@id\":\"https:\/\/progettotouring.it\/radiotouring104\/2024\/03\/06\/reggio-nei-prossimi-giorni-la-consegna-della-casa-delle-donne-alla-piccola-opera-papa-giovanni\/\"},\"author\":{\"name\":\"Sebastiano Plutino\",\"@id\":\"https:\/\/progettotouring.it\/radiotouring104\/#\/schema\/person\/78613917f1851f041f7483f5af1d422e\"},\"headline\":\"Reggio: nei prossimi giorni la consegna della Casa delle Donne, alla &#8220;Piccola Opera Papa Giovanni&#8221;\",\"datePublished\":\"2024-03-06T08:19:21+00:00\",\"dateModified\":\"2024-03-06T11:56:14+00:00\",\"mainEntityOfPage\":{\"@id\":\"https:\/\/progettotouring.it\/radiotouring104\/2024\/03\/06\/reggio-nei-prossimi-giorni-la-consegna-della-casa-delle-donne-alla-piccola-opera-papa-giovanni\/\"},\"wordCount\":618,\"publisher\":{\"@id\":\"https:\/\/progettotouring.it\/radiotouring104\/#organization\"},\"image\":{\"@id\":\"https:\/\/progettotouring.it\/radiotouring104\/2024\/03\/06\/reggio-nei-prossimi-giorni-la-consegna-della-casa-delle-donne-alla-piccola-opera-papa-giovanni\/#primaryimage\"},\"thumbnailUrl\":\"https:\/\/progettotouring.it\/radiotouring104\/wp-content\/uploads\/sites\/6\/2024\/03\/Carmelo-Romeo-Brunetti-Falcomata.jpeg\",\"keywords\":[\"casa delle donne Reggio Calabria\",\"consigliere Carmelo Romeo\",\"Giuseppe Falcomat\u00e0\"],\"articleSection\":[\"Home\",\"In primo piano\",\"News\",\"Reggio Calabria\"],\"inLanguage\":\"it-IT\"},{\"@type\":\"WebPage\",\"@id\":\"https:\/\/progettotouring.it\/radiotouring104\/2024\/03\/06\/reggio-nei-prossimi-giorni-la-consegna-della-casa-delle-donne-alla-piccola-opera-papa-giovanni\/\",\"url\":\"https:\/\/progettotouring.it\/radiotouring104\/2024\/03\/06\/reggio-nei-prossimi-giorni-la-consegna-della-casa-delle-donne-alla-piccola-opera-papa-giovanni\/\",\"name\":\"Reggio: la Casa delle Donne sar\u00e0 consegnata nei prossimi giorni\",\"isPartOf\":{\"@id\":\"https:\/\/progettotouring.it\/radiotouring104\/#website\"},\"primaryImageOfPage\":{\"@id\":\"https:\/\/progettotouring.it\/radiotouring104\/2024\/03\/06\/reggio-nei-prossimi-giorni-la-consegna-della-casa-delle-donne-alla-piccola-opera-papa-giovanni\/#primaryimage\"},\"image\":{\"@id\":\"https:\/\/progettotouring.it\/radiotouring104\/2024\/03\/06\/reggio-nei-prossimi-giorni-la-consegna-della-casa-delle-donne-alla-piccola-opera-papa-giovanni\/#primaryimage\"},\"thumbnailUrl\":\"https:\/\/progettotouring.it\/radiotouring104\/wp-content\/uploads\/sites\/6\/2024\/03\/Carmelo-Romeo-Brunetti-Falcomata.jpeg\",\"datePublished\":\"2024-03-06T08:19:21+00:00\",\"dateModified\":\"2024-03-06T11:56:14+00:00\",\"description\":\"L'Assessore Romeo annuncia aggiudicazione struttura all'Associazione. Nei prossimi giorni la consegna dei locali e l'avvio delle attivit\u00e0\",\"breadcrumb\":{\"@id\":\"https:\/\/progettotouring.it\/radiotouring104\/2024\/03\/06\/reggio-nei-prossimi-giorni-la-consegna-della-casa-delle-donne-alla-piccola-opera-papa-giovanni\/#breadcrumb\"},\"inLanguage\":\"it-IT\",\"potentialAction\":[{\"@type\":\"ReadAction\",\"target\":[\"https:\/\/progettotouring.it\/radiotouring104\/2024\/03\/06\/reggio-nei-prossimi-giorni-la-consegna-della-casa-delle-donne-alla-piccola-opera-papa-giovanni\/\"]}]},{\"@type\":\"ImageObject\",\"inLanguage\":\"it-IT\",\"@id\":\"https:\/\/progettotouring.it\/radiotouring104\/2024\/03\/06\/reggio-nei-prossimi-giorni-la-consegna-della-casa-delle-donne-alla-piccola-opera-papa-giovanni\/#primaryimage\",\"url\":\"https:\/\/progettotouring.it\/radiotouring104\/wp-content\/uploads\/sites\/6\/2024\/03\/Carmelo-Romeo-Brunetti-Falcomata.jpeg\",\"contentUrl\":\"https:\/\/progettotouring.it\/radiotouring104\/wp-content\/uploads\/sites\/6\/2024\/03\/Carmelo-Romeo-Brunetti-Falcomata.jpeg\",\"width\":1599,\"height\":899},{\"@type\":\"BreadcrumbList\",\"@id\":\"https:\/\/progettotouring.it\/radiotouring104\/2024\/03\/06\/reggio-nei-prossimi-giorni-la-consegna-della-casa-delle-donne-alla-piccola-opera-papa-giovanni\/#breadcrumb\",\"itemListElement\":[{\"@type\":\"ListItem\",\"position\":1,\"name\":\"Home\",\"item\":\"https:\/\/progettotouring.it\/radiotouring104\/\"},{\"@type\":\"ListItem\",\"position\":2,\"name\":\"Reggio: nei prossimi giorni la consegna della Casa delle Donne, alla &#8220;Piccola Opera Papa Giovanni&#8221;\"}]},{\"@type\":\"WebSite\",\"@id\":\"https:\/\/progettotouring.it\/radiotouring104\/#website\",\"url\":\"https:\/\/progettotouring.it\/radiotouring104\/\",\"name\":\"Radio Touring 104\",\"description\":\"La prima radio Reggina\",\"publisher\":{\"@id\":\"https:\/\/progettotouring.it\/radiotouring104\/#organization\"},\"potentialAction\":[{\"@type\":\"SearchAction\",\"target\":{\"@type\":\"EntryPoint\",\"urlTemplate\":\"https:\/\/progettotouring.it\/radiotouring104\/?s={search_term_string}\"},\"query-input\":{\"@type\":\"PropertyValueSpecification\",\"valueRequired\":true,\"valueName\":\"search_term_string\"}}],\"inLanguage\":\"it-IT\"},{\"@type\":\"Organization\",\"@id\":\"https:\/\/progettotouring.it\/radiotouring104\/#organization\",\"name\":\"Radio Touring 104\",\"url\":\"https:\/\/progettotouring.it\/radiotouring104\/\",\"logo\":{\"@type\":\"ImageObject\",\"inLanguage\":\"it-IT\",\"@id\":\"https:\/\/progettotouring.it\/radiotouring104\/#\/schema\/logo\/image\/\",\"url\":\"https:\/\/progettotouring.it\/radiotouring104\/wp-content\/uploads\/sites\/6\/2022\/02\/cropped-logo-radio-touring-104.png\",\"contentUrl\":\"https:\/\/progettotouring.it\/radiotouring104\/wp-content\/uploads\/sites\/6\/2022\/02\/cropped-logo-radio-touring-104.png\",\"width\":377,\"height\":182,\"caption\":\"Radio Touring 104\"},\"image\":{\"@id\":\"https:\/\/progettotouring.it\/radiotouring104\/#\/schema\/logo\/image\/\"}},{\"@type\":\"Person\",\"@id\":\"https:\/\/progettotouring.it\/radiotouring104\/#\/schema\/person\/78613917f1851f041f7483f5af1d422e\",\"name\":\"Sebastiano Plutino\",\"image\":{\"@type\":\"ImageObject\",\"inLanguage\":\"it-IT\",\"@id\":\"https:\/\/secure.gravatar.com\/avatar\/0546ffaa9b79224faf9f2a156b67a529ae861d3287c66c1d8ccfdf909bcba78d?s=96&d=mm&r=g\",\"url\":\"https:\/\/secure.gravatar.com\/avatar\/0546ffaa9b79224faf9f2a156b67a529ae861d3287c66c1d8ccfdf909bcba78d?s=96&d=mm&r=g\",\"contentUrl\":\"https:\/\/secure.gravatar.com\/avatar\/0546ffaa9b79224faf9f2a156b67a529ae861d3287c66c1d8ccfdf909bcba78d?s=96&d=mm&r=g\",\"caption\":\"Sebastiano Plutino\"},\"url\":\"https:\/\/progettotouring.it\/radiotouring104\/author\/sebastiano\/\"}]}<\/script>\n<!-- \/ Yoast SEO plugin. -->","yoast_head_json":{"title":"Reggio: la Casa delle Donne sar\u00e0 consegnata nei prossimi giorni","description":"L'Assessore Romeo annuncia aggiudicazione struttura all'Associazione. Nei prossimi giorni la consegna dei locali e l'avvio delle attivit\u00e0","robots":{"index":"index","follow":"follow","max-snippet":"max-snippet:-1","max-image-preview":"max-image-preview:large","max-video-preview":"max-video-preview:-1"},"canonical":"https:\/\/progettotouring.it\/radiotouring104\/2024\/03\/06\/reggio-nei-prossimi-giorni-la-consegna-della-casa-delle-donne-alla-piccola-opera-papa-giovanni\/","og_locale":"it_IT","og_type":"article","og_title":"Reggio: la Casa delle Donne sar\u00e0 consegnata nei prossimi giorni","og_description":"L'Assessore Romeo annuncia aggiudicazione struttura all'Associazione. Nei prossimi giorni la consegna dei locali e l'avvio delle attivit\u00e0","og_url":"https:\/\/progettotouring.it\/radiotouring104\/2024\/03\/06\/reggio-nei-prossimi-giorni-la-consegna-della-casa-delle-donne-alla-piccola-opera-papa-giovanni\/","og_site_name":"Radio Touring 104","article_published_time":"2024-03-06T08:19:21+00:00","article_modified_time":"2024-03-06T11:56:14+00:00","og_image":[{"width":1599,"height":899,"url":"https:\/\/progettotouring.it\/radiotouring104\/wp-content\/uploads\/sites\/6\/2024\/03\/Carmelo-Romeo-Brunetti-Falcomata.jpeg","type":"image\/jpeg"}],"author":"Sebastiano Plutino","twitter_card":"summary_large_image","twitter_misc":{"Scritto da":"Sebastiano Plutino","Tempo di lettura stimato":"3 minuti"},"schema":{"@context":"https:\/\/schema.org","@graph":[{"@type":"Article","@id":"https:\/\/progettotouring.it\/radiotouring104\/2024\/03\/06\/reggio-nei-prossimi-giorni-la-consegna-della-casa-delle-donne-alla-piccola-opera-papa-giovanni\/#article","isPartOf":{"@id":"https:\/\/progettotouring.it\/radiotouring104\/2024\/03\/06\/reggio-nei-prossimi-giorni-la-consegna-della-casa-delle-donne-alla-piccola-opera-papa-giovanni\/"},"author":{"name":"Sebastiano Plutino","@id":"https:\/\/progettotouring.it\/radiotouring104\/#\/schema\/person\/78613917f1851f041f7483f5af1d422e"},"headline":"Reggio: nei prossimi giorni la consegna della Casa delle Donne, alla &#8220;Piccola Opera Papa Giovanni&#8221;","datePublished":"2024-03-06T08:19:21+00:00","dateModified":"2024-03-06T11:56:14+00:00","mainEntityOfPage":{"@id":"https:\/\/progettotouring.it\/radiotouring104\/2024\/03\/06\/reggio-nei-prossimi-giorni-la-consegna-della-casa-delle-donne-alla-piccola-opera-papa-giovanni\/"},"wordCount":618,"publisher":{"@id":"https:\/\/progettotouring.it\/radiotouring104\/#organization"},"image":{"@id":"https:\/\/progettotouring.it\/radiotouring104\/2024\/03\/06\/reggio-nei-prossimi-giorni-la-consegna-della-casa-delle-donne-alla-piccola-opera-papa-giovanni\/#primaryimage"},"thumbnailUrl":"https:\/\/progettotouring.it\/radiotouring104\/wp-content\/uploads\/sites\/6\/2024\/03\/Carmelo-Romeo-Brunetti-Falcomata.jpeg","keywords":["casa delle donne Reggio Calabria","consigliere Carmelo Romeo","Giuseppe Falcomat\u00e0"],"articleSection":["Home","In primo piano","News","Reggio Calabria"],"inLanguage":"it-IT"},{"@type":"WebPage","@id":"https:\/\/progettotouring.it\/radiotouring104\/2024\/03\/06\/reggio-nei-prossimi-giorni-la-consegna-della-casa-delle-donne-alla-piccola-opera-papa-giovanni\/","url":"https:\/\/progettotouring.it\/radiotouring104\/2024\/03\/06\/reggio-nei-prossimi-giorni-la-consegna-della-casa-delle-donne-alla-piccola-opera-papa-giovanni\/","name":"Reggio: la Casa delle Donne sar\u00e0 consegnata nei prossimi giorni","isPartOf":{"@id":"https:\/\/progettotouring.it\/radiotouring104\/#website"},"primaryImageOfPage":{"@id":"https:\/\/progettotouring.it\/radiotouring104\/2024\/03\/06\/reggio-nei-prossimi-giorni-la-consegna-della-casa-delle-donne-alla-piccola-opera-papa-giovanni\/#primaryimage"},"image":{"@id":"https:\/\/progettotouring.it\/radiotouring104\/2024\/03\/06\/reggio-nei-prossimi-giorni-la-consegna-della-casa-delle-donne-alla-piccola-opera-papa-giovanni\/#primaryimage"},"thumbnailUrl":"https:\/\/progettotouring.it\/radiotouring104\/wp-content\/uploads\/sites\/6\/2024\/03\/Carmelo-Romeo-Brunetti-Falcomata.jpeg","datePublished":"2024-03-06T08:19:21+00:00","dateModified":"2024-03-06T11:56:14+00:00","description":"L'Assessore Romeo annuncia aggiudicazione struttura all'Associazione. Nei prossimi giorni la consegna dei locali e l'avvio delle attivit\u00e0","breadcrumb":{"@id":"https:\/\/progettotouring.it\/radiotouring104\/2024\/03\/06\/reggio-nei-prossimi-giorni-la-consegna-della-casa-delle-donne-alla-piccola-opera-papa-giovanni\/#breadcrumb"},"inLanguage":"it-IT","potentialAction":[{"@type":"ReadAction","target":["https:\/\/progettotouring.it\/radiotouring104\/2024\/03\/06\/reggio-nei-prossimi-giorni-la-consegna-della-casa-delle-donne-alla-piccola-opera-papa-giovanni\/"]}]},{"@type":"ImageObject","inLanguage":"it-IT","@id":"https:\/\/progettotouring.it\/radiotouring104\/2024\/03\/06\/reggio-nei-prossimi-giorni-la-consegna-della-casa-delle-donne-alla-piccola-opera-papa-giovanni\/#primaryimage","url":"https:\/\/progettotouring.it\/radiotouring104\/wp-content\/uploads\/sites\/6\/2024\/03\/Carmelo-Romeo-Brunetti-Falcomata.jpeg","contentUrl":"https:\/\/progettotouring.it\/radiotouring104\/wp-content\/uploads\/sites\/6\/2024\/03\/Carmelo-Romeo-Brunetti-Falcomata.jpeg","width":1599,"height":899},{"@type":"BreadcrumbList","@id":"https:\/\/progettotouring.it\/radiotouring104\/2024\/03\/06\/reggio-nei-prossimi-giorni-la-consegna-della-casa-delle-donne-alla-piccola-opera-papa-giovanni\/#breadcrumb","itemListElement":[{"@type":"ListItem","position":1,"name":"Home","item":"https:\/\/progettotouring.it\/radiotouring104\/"},{"@type":"ListItem","position":2,"name":"Reggio: nei prossimi giorni la consegna della Casa delle Donne, alla &#8220;Piccola Opera Papa Giovanni&#8221;"}]},{"@type":"WebSite","@id":"https:\/\/progettotouring.it\/radiotouring104\/#website","url":"https:\/\/progettotouring.it\/radiotouring104\/","name":"Radio Touring 104","description":"La prima radio Reggina","publisher":{"@id":"https:\/\/progettotouring.it\/radiotouring104\/#organization"},"potentialAction":[{"@type":"SearchAction","target":{"@type":"EntryPoint","urlTemplate":"https:\/\/progettotouring.it\/radiotouring104\/?s={search_term_string}"},"query-input":{"@type":"PropertyValueSpecification","valueRequired":true,"valueName":"search_term_string"}}],"inLanguage":"it-IT"},{"@type":"Organization","@id":"https:\/\/progettotouring.it\/radiotouring104\/#organization","name":"Radio Touring 104","url":"https:\/\/progettotouring.it\/radiotouring104\/","logo":{"@type":"ImageObject","inLanguage":"it-IT","@id":"https:\/\/progettotouring.it\/radiotouring104\/#\/schema\/logo\/image\/","url":"https:\/\/progettotouring.it\/radiotouring104\/wp-content\/uploads\/sites\/6\/2022\/02\/cropped-logo-radio-touring-104.png","contentUrl":"https:\/\/progettotouring.it\/radiotouring104\/wp-content\/uploads\/sites\/6\/2022\/02\/cropped-logo-radio-touring-104.png","width":377,"height":182,"caption":"Radio Touring 104"},"image":{"@id":"https:\/\/progettotouring.it\/radiotouring104\/#\/schema\/logo\/image\/"}},{"@type":"Person","@id":"https:\/\/progettotouring.it\/radiotouring104\/#\/schema\/person\/78613917f1851f041f7483f5af1d422e","name":"Sebastiano Plutino","image":{"@type":"ImageObject","inLanguage":"it-IT","@id":"https:\/\/secure.gravatar.com\/avatar\/0546ffaa9b79224faf9f2a156b67a529ae861d3287c66c1d8ccfdf909bcba78d?s=96&d=mm&r=g","url":"https:\/\/secure.gravatar.com\/avatar\/0546ffaa9b79224faf9f2a156b67a529ae861d3287c66c1d8ccfdf909bcba78d?s=96&d=mm&r=g","contentUrl":"https:\/\/secure.gravatar.com\/avatar\/0546ffaa9b79224faf9f2a156b67a529ae861d3287c66c1d8ccfdf909bcba78d?s=96&d=mm&r=g","caption":"Sebastiano Plutino"},"url":"https:\/\/progettotouring.it\/radiotouring104\/author\/sebastiano\/"}]}},"jetpack_publicize_connections":[],"jetpack_featured_media_url":"https:\/\/progettotouring.it\/radiotouring104\/wp-content\/uploads\/sites\/6\/2024\/03\/Carmelo-Romeo-Brunetti-Falcomata.jpeg","jetpack_sharing_enabled":true,"_links":{"self":[{"href":"https:\/\/progettotouring.it\/radiotouring104\/wp-json\/wp\/v2\/posts\/46387","targetHints":{"allow":["GET"]}}],"collection":[{"href":"https:\/\/progettotouring.it\/radiotouring104\/wp-json\/wp\/v2\/posts"}],"about":[{"href":"https:\/\/progettotouring.it\/radiotouring104\/wp-json\/wp\/v2\/types\/post"}],"author":[{"embeddable":true,"href":"https:\/\/progettotouring.it\/radiotouring104\/wp-json\/wp\/v2\/users\/12"}],"replies":[{"embeddable":true,"href":"https:\/\/progettotouring.it\/radiotouring104\/wp-json\/wp\/v2\/comments?post=46387"}],"version-history":[{"count":3,"href":"https:\/\/progettotouring.it\/radiotouring104\/wp-json\/wp\/v2\/posts\/46387\/revisions"}],"predecessor-version":[{"id":46391,"href":"https:\/\/progettotouring.it\/radiotouring104\/wp-json\/wp\/v2\/posts\/46387\/revisions\/46391"}],"wp:featuredmedia":[{"embeddable":true,"href":"https:\/\/progettotouring.it\/radiotouring104\/wp-json\/wp\/v2\/media\/46388"}],"wp:attachment":[{"href":"https:\/\/progettotouring.it\/radiotouring104\/wp-json\/wp\/v2\/media?parent=46387"}],"wp:term":[{"taxonomy":"category","embeddable":true,"href":"https:\/\/progettotouring.it\/radiotouring104\/wp-json\/wp\/v2\/categories?post=46387"},{"taxonomy":"post_tag","embeddable":true,"href":"https:\/\/progettotouring.it\/radiotouring104\/wp-json\/wp\/v2\/tags?post=46387"}],"curies":[{"name":"wp","href":"https:\/\/api.w.org\/{rel}","templated":true}]}}