{"id":46399,"date":"2024-03-06T10:00:36","date_gmt":"2024-03-06T09:00:36","guid":{"rendered":"https:\/\/progettotouring.it\/radiotouring104\/?p=46399"},"modified":"2024-03-06T10:00:36","modified_gmt":"2024-03-06T09:00:36","slug":"reggio-incontro-dellassessore-nucera-con-editore-e-direttore-di-reggioinforma-it-su-valorizzazione-della-lingua-greca-di-calabria","status":"publish","type":"post","link":"https:\/\/progettotouring.it\/radiotouring104\/2024\/03\/06\/reggio-incontro-dellassessore-nucera-con-editore-e-direttore-di-reggioinforma-it-su-valorizzazione-della-lingua-greca-di-calabria\/","title":{"rendered":"Reggio: incontro dell\u2019assessore Nucera con editore e direttore di\u00a0ReggioInforma.it su valorizzazione della lingua greca di Calabria\u00bb"},"content":{"rendered":"<div style=\"text-align: justify\"><b>L\u2019assessore Nucera incontra editore e direttore di<a href=\"http:\/\/reggioinforma.it\/\" target=\"_blank\" rel=\"noopener noreferrer\">\u00a0ReggioInforma.it<\/a>: \u00abBene la valorizzazione della lingua greca di Calabria\u00bb<br \/>\n<\/b><br \/>\n<strong>L\u2019assessore alle politiche sociali<\/strong> del Comune di Reggio Calabria, <strong>Lucia Nucera, ha incontrato<\/strong> nei giorni scorsi, a Palazzo San Giorgio, <strong>l\u2019editore di<a href=\"http:\/\/reggioinforma.it\/\" target=\"_blank\" rel=\"noopener noreferrer\">\u00a0ReggioInforma.it<\/a>, Francesco Nicol\u00f2, il direttore responsabile, Elisabetta Marcian\u00f2 e lo studioso del greco di Calabria, Francesco Marcian\u00f2.<\/strong><\/div>\n<div style=\"text-align: justify\"><\/div>\n<div style=\"text-align: justify\">Nel corso dell\u2019incontro sono state <strong>approfondite le tematiche affrontate dal portale d\u2019informazione<\/strong>, il quale ha deciso di dedicare un\u2019apposita rubrica alla lingua greca di Calabria.<\/div>\n<div style=\"text-align: justify\"><\/div>\n<div style=\"text-align: justify\"><em>\u00abIl fatto che anche la stampa stia dando spazio a questa tematica, mettendo a disposizione rubriche e articolo<\/em> \u2013 <strong>ha affermato l\u2019assessore Nucera \u2013<\/strong><em> significa che il lavoro portato avanti sino a questo momento sta dando i propri frutti. Di questo sono orgogliosa. In particolare, voglio ringraziare il quotidiano<a href=\"http:\/\/reggioinforma.it\/\" target=\"_blank\" rel=\"noopener noreferrer\">\u00a0ReggioInforma.it<\/a>, nato con l&#8217;obiettivo di dare risalto alle eccellenze del territorio reggino con un respiro anche nazionale oltre a raccontare le vicende politiche e di cronaca. Lo scopo \u00e8 soprattutto evidenziare le peculiarit\u00e0 dedicando una rubrica all&#8217;area grecanica con articoli scritti sia in greco di Calabria e italiano, attraverso l&#8217;ausilio di conoscitori della lingua come Francesco Marcian\u00f2, studioso di questa lingua. Ringrazio l&#8217;editore Francesco Nicol\u00f2 e il direttore responsabile Elisabetta Marcian\u00f2\u00bb.<\/em><\/div>\n<div style=\"text-align: justify\">\n\u00c8 ormai unanimemente <strong>riconosciuta l\u2019attenzione dell\u2019assessore Nucera nei riguardi della lingua greca e della sua valorizzazione in terra di Calabria:<\/strong> <em>\u00abDa persona che parla tale lingua e che ha origini greche <strong>\u2013<\/strong><\/em><strong> ha proseguito l\u2019esponente dell\u2019esecutivo di Palazzo San Giorgio<\/strong> \u2013<em> ho sempre diretto il mio impegno affinch\u00e9 le minoranze linguistiche siano tutelate difendendole da leggi assurde che, al contrario, ne decreterebbero la scomparsa. In questi anni, sono state tante le iniziative che ho intrapreso per la valorizzazione la lingua greca di Calabria. L&#8217; ultimo in ordine di tempo \u00e8 il progetto Pame Ambro, che ha coinvolto le scuole del territorio e i ragazzi in incontri che si sono tenuti in orario curriculare come prevede la legge 482\/99 per le ore di approfondimento della cultura locale. A questo aggiungo lo sportello per le minoranze linguistiche promosso di recente, e ancora gli incontri tematici in diversi enti, progetti, corsi e iniziative dirette a diffondere la nostra cultura tra la cittadinanza. \u00c8 importante continuare a valorizzare la lingua greca di Calabria, quale patrimonio di cultura, storia e tradizioni del nostro territorio. Da sempre, ho cercato di porre l&#8217;attenzione sulle minoranze linguistiche con progetti, corsi, interventi soprattutto nelle scuole al fine di diffondere e incentivare l&#8217;uso della lingua greca, ma anche tramandarne la storia e le tradizioni attraverso le giovani generazioni\u00bb ha concluso Nucera.<\/em><\/div>\n","protected":false},"excerpt":{"rendered":"<p>L\u2019assessore Nucera incontra editore e direttore di\u00a0ReggioInforma.it: \u00abBene la valorizzazione della lingua greca di Calabria\u00bb L\u2019assessore alle politiche sociali del Comune di Reggio Calabria, Lucia Nucera, ha incontrato nei giorni&hellip;<\/p>\n","protected":false},"author":12,"featured_media":46400,"comment_status":"closed","ping_status":"open","sticky":false,"template":"","format":"standard","meta":{"_jetpack_memberships_contains_paid_content":false,"footnotes":"","jetpack_publicize_message":"","jetpack_publicize_feature_enabled":true,"jetpack_social_post_already_shared":false,"jetpack_social_options":{"image_generator_settings":{"template":"highway","default_image_id":0,"font":"","enabled":false},"version":2}},"categories":[921,196,140],"tags":[25630,28544,4800,28545,659,19561,28546],"class_list":["post-46399","post","type-post","status-publish","format-standard","has-post-thumbnail","hentry","category-home","category-news","category-reggio-calabria","tag-elisabetta-marciano","tag-francesco-marciano","tag-francesco-nicolo","tag-lingua-greca-in-calabria","tag-palazzo-san-giorgio","tag-prof-ssa-lucia-nucera","tag-reggioinforma"],"yoast_head":"<!-- This site is optimized with the Yoast SEO plugin v27.2 - https:\/\/yoast.com\/product\/yoast-seo-wordpress\/ -->\n<title>Reggio: Nucera incontra editore e direttore di\u00a0ReggioInforma.it<\/title>\n<meta name=\"description\" content=\"L&#039;Assessore Nucera ha incontrato l&#039;editore e direttore responsabile di ReggioInforma Nicol\u00f2 ed lo studioso del greco di Calabria, Marcian\u00f2.\" \/>\n<meta name=\"robots\" content=\"index, follow, max-snippet:-1, max-image-preview:large, max-video-preview:-1\" \/>\n<link rel=\"canonical\" href=\"https:\/\/progettotouring.it\/radiotouring104\/2024\/03\/06\/reggio-incontro-dellassessore-nucera-con-editore-e-direttore-di-reggioinforma-it-su-valorizzazione-della-lingua-greca-di-calabria\/\" \/>\n<meta property=\"og:locale\" content=\"it_IT\" \/>\n<meta property=\"og:type\" content=\"article\" \/>\n<meta property=\"og:title\" content=\"Reggio: Nucera incontra editore e direttore di\u00a0ReggioInforma.it\" \/>\n<meta property=\"og:description\" content=\"L&#039;Assessore Nucera ha incontrato l&#039;editore e direttore responsabile di ReggioInforma Nicol\u00f2 ed lo studioso del greco di Calabria, Marcian\u00f2.\" \/>\n<meta property=\"og:url\" content=\"https:\/\/progettotouring.it\/radiotouring104\/2024\/03\/06\/reggio-incontro-dellassessore-nucera-con-editore-e-direttore-di-reggioinforma-it-su-valorizzazione-della-lingua-greca-di-calabria\/\" \/>\n<meta property=\"og:site_name\" content=\"Radio Touring 104\" \/>\n<meta property=\"article:published_time\" content=\"2024-03-06T09:00:36+00:00\" \/>\n<meta property=\"og:image\" content=\"https:\/\/progettotouring.it\/radiotouring104\/wp-content\/uploads\/sites\/6\/2024\/03\/lucia-nucera-incontro-lingua-greca.jpeg\" \/>\n\t<meta property=\"og:image:width\" content=\"1600\" \/>\n\t<meta property=\"og:image:height\" content=\"1200\" \/>\n\t<meta property=\"og:image:type\" content=\"image\/jpeg\" \/>\n<meta name=\"author\" content=\"Sebastiano Plutino\" \/>\n<meta name=\"twitter:card\" content=\"summary_large_image\" \/>\n<meta name=\"twitter:label1\" content=\"Scritto da\" \/>\n\t<meta name=\"twitter:data1\" content=\"Sebastiano Plutino\" \/>\n\t<meta name=\"twitter:label2\" content=\"Tempo di lettura stimato\" \/>\n\t<meta name=\"twitter:data2\" content=\"2 minuti\" \/>\n<script type=\"application\/ld+json\" class=\"yoast-schema-graph\">{\"@context\":\"https:\/\/schema.org\",\"@graph\":[{\"@type\":\"Article\",\"@id\":\"https:\/\/progettotouring.it\/radiotouring104\/2024\/03\/06\/reggio-incontro-dellassessore-nucera-con-editore-e-direttore-di-reggioinforma-it-su-valorizzazione-della-lingua-greca-di-calabria\/#article\",\"isPartOf\":{\"@id\":\"https:\/\/progettotouring.it\/radiotouring104\/2024\/03\/06\/reggio-incontro-dellassessore-nucera-con-editore-e-direttore-di-reggioinforma-it-su-valorizzazione-della-lingua-greca-di-calabria\/\"},\"author\":{\"name\":\"Sebastiano Plutino\",\"@id\":\"https:\/\/progettotouring.it\/radiotouring104\/#\/schema\/person\/78613917f1851f041f7483f5af1d422e\"},\"headline\":\"Reggio: incontro dell\u2019assessore Nucera con editore e direttore di\u00a0ReggioInforma.it su valorizzazione della lingua greca di Calabria\u00bb\",\"datePublished\":\"2024-03-06T09:00:36+00:00\",\"mainEntityOfPage\":{\"@id\":\"https:\/\/progettotouring.it\/radiotouring104\/2024\/03\/06\/reggio-incontro-dellassessore-nucera-con-editore-e-direttore-di-reggioinforma-it-su-valorizzazione-della-lingua-greca-di-calabria\/\"},\"wordCount\":445,\"publisher\":{\"@id\":\"https:\/\/progettotouring.it\/radiotouring104\/#organization\"},\"image\":{\"@id\":\"https:\/\/progettotouring.it\/radiotouring104\/2024\/03\/06\/reggio-incontro-dellassessore-nucera-con-editore-e-direttore-di-reggioinforma-it-su-valorizzazione-della-lingua-greca-di-calabria\/#primaryimage\"},\"thumbnailUrl\":\"https:\/\/progettotouring.it\/radiotouring104\/wp-content\/uploads\/sites\/6\/2024\/03\/lucia-nucera-incontro-lingua-greca.jpeg\",\"keywords\":[\"Elisabetta Marcian\u00f2\",\"Francesco Marcian\u00f2.\",\"Francesco Nicol\u00f2\",\"lingua greca in Calabria\",\"palazzo san giorgio\",\"Prof.ssa Lucia Nucera\",\"ReggioInforma\"],\"articleSection\":[\"Home\",\"News\",\"Reggio Calabria\"],\"inLanguage\":\"it-IT\"},{\"@type\":\"WebPage\",\"@id\":\"https:\/\/progettotouring.it\/radiotouring104\/2024\/03\/06\/reggio-incontro-dellassessore-nucera-con-editore-e-direttore-di-reggioinforma-it-su-valorizzazione-della-lingua-greca-di-calabria\/\",\"url\":\"https:\/\/progettotouring.it\/radiotouring104\/2024\/03\/06\/reggio-incontro-dellassessore-nucera-con-editore-e-direttore-di-reggioinforma-it-su-valorizzazione-della-lingua-greca-di-calabria\/\",\"name\":\"Reggio: Nucera incontra editore e direttore di\u00a0ReggioInforma.it\",\"isPartOf\":{\"@id\":\"https:\/\/progettotouring.it\/radiotouring104\/#website\"},\"primaryImageOfPage\":{\"@id\":\"https:\/\/progettotouring.it\/radiotouring104\/2024\/03\/06\/reggio-incontro-dellassessore-nucera-con-editore-e-direttore-di-reggioinforma-it-su-valorizzazione-della-lingua-greca-di-calabria\/#primaryimage\"},\"image\":{\"@id\":\"https:\/\/progettotouring.it\/radiotouring104\/2024\/03\/06\/reggio-incontro-dellassessore-nucera-con-editore-e-direttore-di-reggioinforma-it-su-valorizzazione-della-lingua-greca-di-calabria\/#primaryimage\"},\"thumbnailUrl\":\"https:\/\/progettotouring.it\/radiotouring104\/wp-content\/uploads\/sites\/6\/2024\/03\/lucia-nucera-incontro-lingua-greca.jpeg\",\"datePublished\":\"2024-03-06T09:00:36+00:00\",\"description\":\"L'Assessore Nucera ha incontrato l'editore e direttore responsabile di ReggioInforma Nicol\u00f2 ed lo studioso del greco di Calabria, Marcian\u00f2.\",\"breadcrumb\":{\"@id\":\"https:\/\/progettotouring.it\/radiotouring104\/2024\/03\/06\/reggio-incontro-dellassessore-nucera-con-editore-e-direttore-di-reggioinforma-it-su-valorizzazione-della-lingua-greca-di-calabria\/#breadcrumb\"},\"inLanguage\":\"it-IT\",\"potentialAction\":[{\"@type\":\"ReadAction\",\"target\":[\"https:\/\/progettotouring.it\/radiotouring104\/2024\/03\/06\/reggio-incontro-dellassessore-nucera-con-editore-e-direttore-di-reggioinforma-it-su-valorizzazione-della-lingua-greca-di-calabria\/\"]}]},{\"@type\":\"ImageObject\",\"inLanguage\":\"it-IT\",\"@id\":\"https:\/\/progettotouring.it\/radiotouring104\/2024\/03\/06\/reggio-incontro-dellassessore-nucera-con-editore-e-direttore-di-reggioinforma-it-su-valorizzazione-della-lingua-greca-di-calabria\/#primaryimage\",\"url\":\"https:\/\/progettotouring.it\/radiotouring104\/wp-content\/uploads\/sites\/6\/2024\/03\/lucia-nucera-incontro-lingua-greca.jpeg\",\"contentUrl\":\"https:\/\/progettotouring.it\/radiotouring104\/wp-content\/uploads\/sites\/6\/2024\/03\/lucia-nucera-incontro-lingua-greca.jpeg\",\"width\":1600,\"height\":1200},{\"@type\":\"BreadcrumbList\",\"@id\":\"https:\/\/progettotouring.it\/radiotouring104\/2024\/03\/06\/reggio-incontro-dellassessore-nucera-con-editore-e-direttore-di-reggioinforma-it-su-valorizzazione-della-lingua-greca-di-calabria\/#breadcrumb\",\"itemListElement\":[{\"@type\":\"ListItem\",\"position\":1,\"name\":\"Home\",\"item\":\"https:\/\/progettotouring.it\/radiotouring104\/\"},{\"@type\":\"ListItem\",\"position\":2,\"name\":\"Reggio: incontro dell\u2019assessore Nucera con editore e direttore di\u00a0ReggioInforma.it su valorizzazione della lingua greca di Calabria\u00bb\"}]},{\"@type\":\"WebSite\",\"@id\":\"https:\/\/progettotouring.it\/radiotouring104\/#website\",\"url\":\"https:\/\/progettotouring.it\/radiotouring104\/\",\"name\":\"Radio Touring 104\",\"description\":\"La prima radio Reggina\",\"publisher\":{\"@id\":\"https:\/\/progettotouring.it\/radiotouring104\/#organization\"},\"potentialAction\":[{\"@type\":\"SearchAction\",\"target\":{\"@type\":\"EntryPoint\",\"urlTemplate\":\"https:\/\/progettotouring.it\/radiotouring104\/?s={search_term_string}\"},\"query-input\":{\"@type\":\"PropertyValueSpecification\",\"valueRequired\":true,\"valueName\":\"search_term_string\"}}],\"inLanguage\":\"it-IT\"},{\"@type\":\"Organization\",\"@id\":\"https:\/\/progettotouring.it\/radiotouring104\/#organization\",\"name\":\"Radio Touring 104\",\"url\":\"https:\/\/progettotouring.it\/radiotouring104\/\",\"logo\":{\"@type\":\"ImageObject\",\"inLanguage\":\"it-IT\",\"@id\":\"https:\/\/progettotouring.it\/radiotouring104\/#\/schema\/logo\/image\/\",\"url\":\"https:\/\/progettotouring.it\/radiotouring104\/wp-content\/uploads\/sites\/6\/2022\/02\/cropped-logo-radio-touring-104.png\",\"contentUrl\":\"https:\/\/progettotouring.it\/radiotouring104\/wp-content\/uploads\/sites\/6\/2022\/02\/cropped-logo-radio-touring-104.png\",\"width\":377,\"height\":182,\"caption\":\"Radio Touring 104\"},\"image\":{\"@id\":\"https:\/\/progettotouring.it\/radiotouring104\/#\/schema\/logo\/image\/\"}},{\"@type\":\"Person\",\"@id\":\"https:\/\/progettotouring.it\/radiotouring104\/#\/schema\/person\/78613917f1851f041f7483f5af1d422e\",\"name\":\"Sebastiano Plutino\",\"image\":{\"@type\":\"ImageObject\",\"inLanguage\":\"it-IT\",\"@id\":\"https:\/\/secure.gravatar.com\/avatar\/0546ffaa9b79224faf9f2a156b67a529ae861d3287c66c1d8ccfdf909bcba78d?s=96&d=mm&r=g\",\"url\":\"https:\/\/secure.gravatar.com\/avatar\/0546ffaa9b79224faf9f2a156b67a529ae861d3287c66c1d8ccfdf909bcba78d?s=96&d=mm&r=g\",\"contentUrl\":\"https:\/\/secure.gravatar.com\/avatar\/0546ffaa9b79224faf9f2a156b67a529ae861d3287c66c1d8ccfdf909bcba78d?s=96&d=mm&r=g\",\"caption\":\"Sebastiano Plutino\"},\"url\":\"https:\/\/progettotouring.it\/radiotouring104\/author\/sebastiano\/\"}]}<\/script>\n<!-- \/ Yoast SEO plugin. -->","yoast_head_json":{"title":"Reggio: Nucera incontra editore e direttore di\u00a0ReggioInforma.it","description":"L'Assessore Nucera ha incontrato l'editore e direttore responsabile di ReggioInforma Nicol\u00f2 ed lo studioso del greco di Calabria, Marcian\u00f2.","robots":{"index":"index","follow":"follow","max-snippet":"max-snippet:-1","max-image-preview":"max-image-preview:large","max-video-preview":"max-video-preview:-1"},"canonical":"https:\/\/progettotouring.it\/radiotouring104\/2024\/03\/06\/reggio-incontro-dellassessore-nucera-con-editore-e-direttore-di-reggioinforma-it-su-valorizzazione-della-lingua-greca-di-calabria\/","og_locale":"it_IT","og_type":"article","og_title":"Reggio: Nucera incontra editore e direttore di\u00a0ReggioInforma.it","og_description":"L'Assessore Nucera ha incontrato l'editore e direttore responsabile di ReggioInforma Nicol\u00f2 ed lo studioso del greco di Calabria, Marcian\u00f2.","og_url":"https:\/\/progettotouring.it\/radiotouring104\/2024\/03\/06\/reggio-incontro-dellassessore-nucera-con-editore-e-direttore-di-reggioinforma-it-su-valorizzazione-della-lingua-greca-di-calabria\/","og_site_name":"Radio Touring 104","article_published_time":"2024-03-06T09:00:36+00:00","og_image":[{"width":1600,"height":1200,"url":"https:\/\/progettotouring.it\/radiotouring104\/wp-content\/uploads\/sites\/6\/2024\/03\/lucia-nucera-incontro-lingua-greca.jpeg","type":"image\/jpeg"}],"author":"Sebastiano Plutino","twitter_card":"summary_large_image","twitter_misc":{"Scritto da":"Sebastiano Plutino","Tempo di lettura stimato":"2 minuti"},"schema":{"@context":"https:\/\/schema.org","@graph":[{"@type":"Article","@id":"https:\/\/progettotouring.it\/radiotouring104\/2024\/03\/06\/reggio-incontro-dellassessore-nucera-con-editore-e-direttore-di-reggioinforma-it-su-valorizzazione-della-lingua-greca-di-calabria\/#article","isPartOf":{"@id":"https:\/\/progettotouring.it\/radiotouring104\/2024\/03\/06\/reggio-incontro-dellassessore-nucera-con-editore-e-direttore-di-reggioinforma-it-su-valorizzazione-della-lingua-greca-di-calabria\/"},"author":{"name":"Sebastiano Plutino","@id":"https:\/\/progettotouring.it\/radiotouring104\/#\/schema\/person\/78613917f1851f041f7483f5af1d422e"},"headline":"Reggio: incontro dell\u2019assessore Nucera con editore e direttore di\u00a0ReggioInforma.it su valorizzazione della lingua greca di Calabria\u00bb","datePublished":"2024-03-06T09:00:36+00:00","mainEntityOfPage":{"@id":"https:\/\/progettotouring.it\/radiotouring104\/2024\/03\/06\/reggio-incontro-dellassessore-nucera-con-editore-e-direttore-di-reggioinforma-it-su-valorizzazione-della-lingua-greca-di-calabria\/"},"wordCount":445,"publisher":{"@id":"https:\/\/progettotouring.it\/radiotouring104\/#organization"},"image":{"@id":"https:\/\/progettotouring.it\/radiotouring104\/2024\/03\/06\/reggio-incontro-dellassessore-nucera-con-editore-e-direttore-di-reggioinforma-it-su-valorizzazione-della-lingua-greca-di-calabria\/#primaryimage"},"thumbnailUrl":"https:\/\/progettotouring.it\/radiotouring104\/wp-content\/uploads\/sites\/6\/2024\/03\/lucia-nucera-incontro-lingua-greca.jpeg","keywords":["Elisabetta Marcian\u00f2","Francesco Marcian\u00f2.","Francesco Nicol\u00f2","lingua greca in Calabria","palazzo san giorgio","Prof.ssa Lucia Nucera","ReggioInforma"],"articleSection":["Home","News","Reggio Calabria"],"inLanguage":"it-IT"},{"@type":"WebPage","@id":"https:\/\/progettotouring.it\/radiotouring104\/2024\/03\/06\/reggio-incontro-dellassessore-nucera-con-editore-e-direttore-di-reggioinforma-it-su-valorizzazione-della-lingua-greca-di-calabria\/","url":"https:\/\/progettotouring.it\/radiotouring104\/2024\/03\/06\/reggio-incontro-dellassessore-nucera-con-editore-e-direttore-di-reggioinforma-it-su-valorizzazione-della-lingua-greca-di-calabria\/","name":"Reggio: Nucera incontra editore e direttore di\u00a0ReggioInforma.it","isPartOf":{"@id":"https:\/\/progettotouring.it\/radiotouring104\/#website"},"primaryImageOfPage":{"@id":"https:\/\/progettotouring.it\/radiotouring104\/2024\/03\/06\/reggio-incontro-dellassessore-nucera-con-editore-e-direttore-di-reggioinforma-it-su-valorizzazione-della-lingua-greca-di-calabria\/#primaryimage"},"image":{"@id":"https:\/\/progettotouring.it\/radiotouring104\/2024\/03\/06\/reggio-incontro-dellassessore-nucera-con-editore-e-direttore-di-reggioinforma-it-su-valorizzazione-della-lingua-greca-di-calabria\/#primaryimage"},"thumbnailUrl":"https:\/\/progettotouring.it\/radiotouring104\/wp-content\/uploads\/sites\/6\/2024\/03\/lucia-nucera-incontro-lingua-greca.jpeg","datePublished":"2024-03-06T09:00:36+00:00","description":"L'Assessore Nucera ha incontrato l'editore e direttore responsabile di ReggioInforma Nicol\u00f2 ed lo studioso del greco di Calabria, Marcian\u00f2.","breadcrumb":{"@id":"https:\/\/progettotouring.it\/radiotouring104\/2024\/03\/06\/reggio-incontro-dellassessore-nucera-con-editore-e-direttore-di-reggioinforma-it-su-valorizzazione-della-lingua-greca-di-calabria\/#breadcrumb"},"inLanguage":"it-IT","potentialAction":[{"@type":"ReadAction","target":["https:\/\/progettotouring.it\/radiotouring104\/2024\/03\/06\/reggio-incontro-dellassessore-nucera-con-editore-e-direttore-di-reggioinforma-it-su-valorizzazione-della-lingua-greca-di-calabria\/"]}]},{"@type":"ImageObject","inLanguage":"it-IT","@id":"https:\/\/progettotouring.it\/radiotouring104\/2024\/03\/06\/reggio-incontro-dellassessore-nucera-con-editore-e-direttore-di-reggioinforma-it-su-valorizzazione-della-lingua-greca-di-calabria\/#primaryimage","url":"https:\/\/progettotouring.it\/radiotouring104\/wp-content\/uploads\/sites\/6\/2024\/03\/lucia-nucera-incontro-lingua-greca.jpeg","contentUrl":"https:\/\/progettotouring.it\/radiotouring104\/wp-content\/uploads\/sites\/6\/2024\/03\/lucia-nucera-incontro-lingua-greca.jpeg","width":1600,"height":1200},{"@type":"BreadcrumbList","@id":"https:\/\/progettotouring.it\/radiotouring104\/2024\/03\/06\/reggio-incontro-dellassessore-nucera-con-editore-e-direttore-di-reggioinforma-it-su-valorizzazione-della-lingua-greca-di-calabria\/#breadcrumb","itemListElement":[{"@type":"ListItem","position":1,"name":"Home","item":"https:\/\/progettotouring.it\/radiotouring104\/"},{"@type":"ListItem","position":2,"name":"Reggio: incontro dell\u2019assessore Nucera con editore e direttore di\u00a0ReggioInforma.it su valorizzazione della lingua greca di Calabria\u00bb"}]},{"@type":"WebSite","@id":"https:\/\/progettotouring.it\/radiotouring104\/#website","url":"https:\/\/progettotouring.it\/radiotouring104\/","name":"Radio Touring 104","description":"La prima radio Reggina","publisher":{"@id":"https:\/\/progettotouring.it\/radiotouring104\/#organization"},"potentialAction":[{"@type":"SearchAction","target":{"@type":"EntryPoint","urlTemplate":"https:\/\/progettotouring.it\/radiotouring104\/?s={search_term_string}"},"query-input":{"@type":"PropertyValueSpecification","valueRequired":true,"valueName":"search_term_string"}}],"inLanguage":"it-IT"},{"@type":"Organization","@id":"https:\/\/progettotouring.it\/radiotouring104\/#organization","name":"Radio Touring 104","url":"https:\/\/progettotouring.it\/radiotouring104\/","logo":{"@type":"ImageObject","inLanguage":"it-IT","@id":"https:\/\/progettotouring.it\/radiotouring104\/#\/schema\/logo\/image\/","url":"https:\/\/progettotouring.it\/radiotouring104\/wp-content\/uploads\/sites\/6\/2022\/02\/cropped-logo-radio-touring-104.png","contentUrl":"https:\/\/progettotouring.it\/radiotouring104\/wp-content\/uploads\/sites\/6\/2022\/02\/cropped-logo-radio-touring-104.png","width":377,"height":182,"caption":"Radio Touring 104"},"image":{"@id":"https:\/\/progettotouring.it\/radiotouring104\/#\/schema\/logo\/image\/"}},{"@type":"Person","@id":"https:\/\/progettotouring.it\/radiotouring104\/#\/schema\/person\/78613917f1851f041f7483f5af1d422e","name":"Sebastiano Plutino","image":{"@type":"ImageObject","inLanguage":"it-IT","@id":"https:\/\/secure.gravatar.com\/avatar\/0546ffaa9b79224faf9f2a156b67a529ae861d3287c66c1d8ccfdf909bcba78d?s=96&d=mm&r=g","url":"https:\/\/secure.gravatar.com\/avatar\/0546ffaa9b79224faf9f2a156b67a529ae861d3287c66c1d8ccfdf909bcba78d?s=96&d=mm&r=g","contentUrl":"https:\/\/secure.gravatar.com\/avatar\/0546ffaa9b79224faf9f2a156b67a529ae861d3287c66c1d8ccfdf909bcba78d?s=96&d=mm&r=g","caption":"Sebastiano Plutino"},"url":"https:\/\/progettotouring.it\/radiotouring104\/author\/sebastiano\/"}]}},"jetpack_publicize_connections":[],"jetpack_featured_media_url":"https:\/\/progettotouring.it\/radiotouring104\/wp-content\/uploads\/sites\/6\/2024\/03\/lucia-nucera-incontro-lingua-greca.jpeg","jetpack_sharing_enabled":true,"_links":{"self":[{"href":"https:\/\/progettotouring.it\/radiotouring104\/wp-json\/wp\/v2\/posts\/46399","targetHints":{"allow":["GET"]}}],"collection":[{"href":"https:\/\/progettotouring.it\/radiotouring104\/wp-json\/wp\/v2\/posts"}],"about":[{"href":"https:\/\/progettotouring.it\/radiotouring104\/wp-json\/wp\/v2\/types\/post"}],"author":[{"embeddable":true,"href":"https:\/\/progettotouring.it\/radiotouring104\/wp-json\/wp\/v2\/users\/12"}],"replies":[{"embeddable":true,"href":"https:\/\/progettotouring.it\/radiotouring104\/wp-json\/wp\/v2\/comments?post=46399"}],"version-history":[{"count":1,"href":"https:\/\/progettotouring.it\/radiotouring104\/wp-json\/wp\/v2\/posts\/46399\/revisions"}],"predecessor-version":[{"id":46401,"href":"https:\/\/progettotouring.it\/radiotouring104\/wp-json\/wp\/v2\/posts\/46399\/revisions\/46401"}],"wp:featuredmedia":[{"embeddable":true,"href":"https:\/\/progettotouring.it\/radiotouring104\/wp-json\/wp\/v2\/media\/46400"}],"wp:attachment":[{"href":"https:\/\/progettotouring.it\/radiotouring104\/wp-json\/wp\/v2\/media?parent=46399"}],"wp:term":[{"taxonomy":"category","embeddable":true,"href":"https:\/\/progettotouring.it\/radiotouring104\/wp-json\/wp\/v2\/categories?post=46399"},{"taxonomy":"post_tag","embeddable":true,"href":"https:\/\/progettotouring.it\/radiotouring104\/wp-json\/wp\/v2\/tags?post=46399"}],"curies":[{"name":"wp","href":"https:\/\/api.w.org\/{rel}","templated":true}]}}