{"id":46402,"date":"2024-03-06T10:13:20","date_gmt":"2024-03-06T09:13:20","guid":{"rendered":"https:\/\/progettotouring.it\/radiotouring104\/?p=46402"},"modified":"2024-03-06T12:57:36","modified_gmt":"2024-03-06T11:57:36","slug":"reggio-prorogato-di-un-anno-il-contratto-ai-39-lavoratori-dellex-consorzio-di-bonifica-basso-ionio","status":"publish","type":"post","link":"https:\/\/progettotouring.it\/radiotouring104\/2024\/03\/06\/reggio-prorogato-di-un-anno-il-contratto-ai-39-lavoratori-dellex-consorzio-di-bonifica-basso-ionio\/","title":{"rendered":"Reggio: prorogato di un anno il contratto ai 39 lavoratori dell&#8217;ex Consorzio di Bonifica Basso Ionio"},"content":{"rendered":"<p style=\"text-align: justify\"><em>\u00abOggi \u00e8 una bellissima giornata per i lavoratori ed il territorio reggino<strong>\u00bb<\/strong><\/em> <strong>esulta il Segretario Generale della Fai Cisl<\/strong> Reggio Calabria <strong>Antonino Zema alla notizia della prosecuzione dei progetti Riforest@1 e Riforest@2 della Citt\u00e0 Metropolitana<\/strong> di Reggio Calabria,<strong> che garantir\u00e0 a 39 operai dell\u2019ex Consorzio di Bonifica del Basso Ionio Reggino, di essere assunti a tempo determinato, almeno fino al 31 dicembre 2024, al Consorzio di Bonifica<\/strong> Unico della Calabria.<\/p>\n<p style=\"text-align: justify\"><em>\u00abNon abbiamo lasciato soli, nemmeno per un istante, questi lavoratori<\/em> \u2013 continua Zema \u2013 <em>attraverso un incessante impegno per portare avanti questa vertenza sindacale, a tutela dei posti di lavoro.<\/em><\/p>\n<p style=\"text-align: justify\">Ci stiamo inoltre confrontando con i vertici del Consorzio Unico per arrivare, in tempi brevi, all\u2019erogazione delle mensilit\u00e0 pregresse ai lavoratori, da novembre senza stipendio.<\/p>\n<p style=\"text-align: justify\"><strong>\u00c8 per\u00f2 importante ribadire l\u2019esito positivo di questa vertenza. Ringraziamo per il grande impegno profuso<\/strong> e senso di responsabilit\u00e0 al servizio della comunit\u00e0, S.E. il Prefetto, dott.ssa<strong> Clara Vaccaro<\/strong>, e tutto il suo staff, senza i quali non si sarebbe arrivati in tempi cos\u00ec stretti ad un tavolo di chiarimento e risolutivo, cos\u00ec come i reparti di Digos, Carabinieri e Polizia per il supporto datoci, la citt\u00e0 Metropolitana di Reggio Calabria, rappresentata dal Vicesindaco <strong>Carmelo Versace,<\/strong> da subito vicino alla problematica ed ai lavoratori, i Consiglieri regionali <strong>Matteani Giuseppe e Muraca Giovanni<\/strong> sensibili a questa problematica del territorio, il Commissario del Consorzio Unico, l\u2019Assessorato e Dipartimento regionale all\u2019Agricoltura, per aver trovato giuste soluzioni al tavolo delle trattive.<\/p>\n<p style=\"text-align: justify\"><strong>Oggi \u00e8 una giornata di impegno sindacale importante,<\/strong> dove l&#8217;unit\u00e0 di intenti, la responsabilit\u00e0 e la volont\u00e0 dei soggetti di pervenire tutti allo stesso risultato, ha dimostrato che, attraverso il confronto, le proposte e la capacit\u00e0 di creare sinergie \u00e8 possibile risolvere anche le vertenze pi\u00f9 spinose\u00bb.<\/p>\n","protected":false},"excerpt":{"rendered":"<p>\u00abOggi \u00e8 una bellissima giornata per i lavoratori ed il territorio reggino\u00bb esulta il Segretario Generale della Fai Cisl Reggio Calabria Antonino Zema alla notizia della prosecuzione dei progetti Riforest@1&hellip;<\/p>\n","protected":false},"author":12,"featured_media":46403,"comment_status":"closed","ping_status":"open","sticky":false,"template":"","format":"standard","meta":{"_jetpack_memberships_contains_paid_content":false,"footnotes":"","jetpack_publicize_message":"","jetpack_publicize_feature_enabled":true,"jetpack_social_post_already_shared":false,"jetpack_social_options":{"image_generator_settings":{"template":"highway","default_image_id":0,"font":"","enabled":false},"version":2}},"categories":[921,150,196,140],"tags":[7499,19271,23993,16591,9368,28548,531,28547,28549],"class_list":["post-46402","post","type-post","status-publish","format-standard","has-post-thumbnail","hentry","category-home","category-in-primo-piano","category-news","category-reggio-calabria","tag-antonino-zema","tag-cisl-e-fai-cisl","tag-clara-vaccaro","tag-consorzio-basso-jonio","tag-fai-cisl-calabria","tag-matteani-giuseppe","tag-metrocity","tag-muraca-giovanni","tag-proroga-contratto-a-39-lavoratori"],"yoast_head":"<!-- This site is optimized with the Yoast SEO plugin v27.2 - https:\/\/yoast.com\/product\/yoast-seo-wordpress\/ -->\n<title>Reggio: ex Consorzio di Bonifica, ripartono progetti di riforestazione<\/title>\n<meta name=\"description\" content=\"Esulta Zema (Fai Cisl RC): &quot;Risultato importante che rid\u00e0 serenit\u00e0 ai 39 lavoratori. Grazie a chi ha contribuito a risoluzione vertenza&quot;\" \/>\n<meta name=\"robots\" content=\"index, follow, max-snippet:-1, max-image-preview:large, max-video-preview:-1\" \/>\n<link rel=\"canonical\" href=\"https:\/\/progettotouring.it\/radiotouring104\/2024\/03\/06\/reggio-prorogato-di-un-anno-il-contratto-ai-39-lavoratori-dellex-consorzio-di-bonifica-basso-ionio\/\" \/>\n<meta property=\"og:locale\" content=\"it_IT\" \/>\n<meta property=\"og:type\" content=\"article\" \/>\n<meta property=\"og:title\" content=\"Reggio: ex Consorzio di Bonifica, ripartono progetti di riforestazione\" \/>\n<meta property=\"og:description\" content=\"Esulta Zema (Fai Cisl RC): &quot;Risultato importante che rid\u00e0 serenit\u00e0 ai 39 lavoratori. Grazie a chi ha contribuito a risoluzione vertenza&quot;\" \/>\n<meta property=\"og:url\" content=\"https:\/\/progettotouring.it\/radiotouring104\/2024\/03\/06\/reggio-prorogato-di-un-anno-il-contratto-ai-39-lavoratori-dellex-consorzio-di-bonifica-basso-ionio\/\" \/>\n<meta property=\"og:site_name\" content=\"Radio Touring 104\" \/>\n<meta property=\"article:published_time\" content=\"2024-03-06T09:13:20+00:00\" \/>\n<meta property=\"article:modified_time\" content=\"2024-03-06T11:57:36+00:00\" \/>\n<meta property=\"og:image\" content=\"https:\/\/progettotouring.it\/radiotouring104\/wp-content\/uploads\/sites\/6\/2024\/03\/ex-consorzio-di-bonifica-basso-jonio.jpg\" \/>\n\t<meta property=\"og:image:width\" content=\"1200\" \/>\n\t<meta property=\"og:image:height\" content=\"800\" \/>\n\t<meta property=\"og:image:type\" content=\"image\/jpeg\" \/>\n<meta name=\"author\" content=\"Sebastiano Plutino\" \/>\n<meta name=\"twitter:card\" content=\"summary_large_image\" \/>\n<meta name=\"twitter:label1\" content=\"Scritto da\" \/>\n\t<meta name=\"twitter:data1\" content=\"Sebastiano Plutino\" \/>\n\t<meta name=\"twitter:label2\" content=\"Tempo di lettura stimato\" \/>\n\t<meta name=\"twitter:data2\" content=\"1 minuto\" \/>\n<script type=\"application\/ld+json\" class=\"yoast-schema-graph\">{\"@context\":\"https:\/\/schema.org\",\"@graph\":[{\"@type\":\"Article\",\"@id\":\"https:\/\/progettotouring.it\/radiotouring104\/2024\/03\/06\/reggio-prorogato-di-un-anno-il-contratto-ai-39-lavoratori-dellex-consorzio-di-bonifica-basso-ionio\/#article\",\"isPartOf\":{\"@id\":\"https:\/\/progettotouring.it\/radiotouring104\/2024\/03\/06\/reggio-prorogato-di-un-anno-il-contratto-ai-39-lavoratori-dellex-consorzio-di-bonifica-basso-ionio\/\"},\"author\":{\"name\":\"Sebastiano Plutino\",\"@id\":\"https:\/\/progettotouring.it\/radiotouring104\/#\/schema\/person\/78613917f1851f041f7483f5af1d422e\"},\"headline\":\"Reggio: prorogato di un anno il contratto ai 39 lavoratori dell&#8217;ex Consorzio di Bonifica Basso Ionio\",\"datePublished\":\"2024-03-06T09:13:20+00:00\",\"dateModified\":\"2024-03-06T11:57:36+00:00\",\"mainEntityOfPage\":{\"@id\":\"https:\/\/progettotouring.it\/radiotouring104\/2024\/03\/06\/reggio-prorogato-di-un-anno-il-contratto-ai-39-lavoratori-dellex-consorzio-di-bonifica-basso-ionio\/\"},\"wordCount\":302,\"publisher\":{\"@id\":\"https:\/\/progettotouring.it\/radiotouring104\/#organization\"},\"image\":{\"@id\":\"https:\/\/progettotouring.it\/radiotouring104\/2024\/03\/06\/reggio-prorogato-di-un-anno-il-contratto-ai-39-lavoratori-dellex-consorzio-di-bonifica-basso-ionio\/#primaryimage\"},\"thumbnailUrl\":\"https:\/\/progettotouring.it\/radiotouring104\/wp-content\/uploads\/sites\/6\/2024\/03\/ex-consorzio-di-bonifica-basso-jonio.jpg\",\"keywords\":[\"Antonino Zema\",\"Cisl e Fai Cisl\",\"Clara Vaccaro\",\"Consorzio Basso Jonio\",\"Fai Cisl Calabria\",\"Matteani Giuseppe\",\"Metrocity\",\"Muraca Giovanni\",\"proroga contratto a 39 lavoratori\"],\"articleSection\":[\"Home\",\"In primo piano\",\"News\",\"Reggio Calabria\"],\"inLanguage\":\"it-IT\"},{\"@type\":\"WebPage\",\"@id\":\"https:\/\/progettotouring.it\/radiotouring104\/2024\/03\/06\/reggio-prorogato-di-un-anno-il-contratto-ai-39-lavoratori-dellex-consorzio-di-bonifica-basso-ionio\/\",\"url\":\"https:\/\/progettotouring.it\/radiotouring104\/2024\/03\/06\/reggio-prorogato-di-un-anno-il-contratto-ai-39-lavoratori-dellex-consorzio-di-bonifica-basso-ionio\/\",\"name\":\"Reggio: ex Consorzio di Bonifica, ripartono progetti di riforestazione\",\"isPartOf\":{\"@id\":\"https:\/\/progettotouring.it\/radiotouring104\/#website\"},\"primaryImageOfPage\":{\"@id\":\"https:\/\/progettotouring.it\/radiotouring104\/2024\/03\/06\/reggio-prorogato-di-un-anno-il-contratto-ai-39-lavoratori-dellex-consorzio-di-bonifica-basso-ionio\/#primaryimage\"},\"image\":{\"@id\":\"https:\/\/progettotouring.it\/radiotouring104\/2024\/03\/06\/reggio-prorogato-di-un-anno-il-contratto-ai-39-lavoratori-dellex-consorzio-di-bonifica-basso-ionio\/#primaryimage\"},\"thumbnailUrl\":\"https:\/\/progettotouring.it\/radiotouring104\/wp-content\/uploads\/sites\/6\/2024\/03\/ex-consorzio-di-bonifica-basso-jonio.jpg\",\"datePublished\":\"2024-03-06T09:13:20+00:00\",\"dateModified\":\"2024-03-06T11:57:36+00:00\",\"description\":\"Esulta Zema (Fai Cisl RC): \\\"Risultato importante che rid\u00e0 serenit\u00e0 ai 39 lavoratori. Grazie a chi ha contribuito a risoluzione vertenza\\\"\",\"breadcrumb\":{\"@id\":\"https:\/\/progettotouring.it\/radiotouring104\/2024\/03\/06\/reggio-prorogato-di-un-anno-il-contratto-ai-39-lavoratori-dellex-consorzio-di-bonifica-basso-ionio\/#breadcrumb\"},\"inLanguage\":\"it-IT\",\"potentialAction\":[{\"@type\":\"ReadAction\",\"target\":[\"https:\/\/progettotouring.it\/radiotouring104\/2024\/03\/06\/reggio-prorogato-di-un-anno-il-contratto-ai-39-lavoratori-dellex-consorzio-di-bonifica-basso-ionio\/\"]}]},{\"@type\":\"ImageObject\",\"inLanguage\":\"it-IT\",\"@id\":\"https:\/\/progettotouring.it\/radiotouring104\/2024\/03\/06\/reggio-prorogato-di-un-anno-il-contratto-ai-39-lavoratori-dellex-consorzio-di-bonifica-basso-ionio\/#primaryimage\",\"url\":\"https:\/\/progettotouring.it\/radiotouring104\/wp-content\/uploads\/sites\/6\/2024\/03\/ex-consorzio-di-bonifica-basso-jonio.jpg\",\"contentUrl\":\"https:\/\/progettotouring.it\/radiotouring104\/wp-content\/uploads\/sites\/6\/2024\/03\/ex-consorzio-di-bonifica-basso-jonio.jpg\",\"width\":1200,\"height\":800},{\"@type\":\"BreadcrumbList\",\"@id\":\"https:\/\/progettotouring.it\/radiotouring104\/2024\/03\/06\/reggio-prorogato-di-un-anno-il-contratto-ai-39-lavoratori-dellex-consorzio-di-bonifica-basso-ionio\/#breadcrumb\",\"itemListElement\":[{\"@type\":\"ListItem\",\"position\":1,\"name\":\"Home\",\"item\":\"https:\/\/progettotouring.it\/radiotouring104\/\"},{\"@type\":\"ListItem\",\"position\":2,\"name\":\"Reggio: prorogato di un anno il contratto ai 39 lavoratori dell&#8217;ex Consorzio di Bonifica Basso Ionio\"}]},{\"@type\":\"WebSite\",\"@id\":\"https:\/\/progettotouring.it\/radiotouring104\/#website\",\"url\":\"https:\/\/progettotouring.it\/radiotouring104\/\",\"name\":\"Radio Touring 104\",\"description\":\"La prima radio Reggina\",\"publisher\":{\"@id\":\"https:\/\/progettotouring.it\/radiotouring104\/#organization\"},\"potentialAction\":[{\"@type\":\"SearchAction\",\"target\":{\"@type\":\"EntryPoint\",\"urlTemplate\":\"https:\/\/progettotouring.it\/radiotouring104\/?s={search_term_string}\"},\"query-input\":{\"@type\":\"PropertyValueSpecification\",\"valueRequired\":true,\"valueName\":\"search_term_string\"}}],\"inLanguage\":\"it-IT\"},{\"@type\":\"Organization\",\"@id\":\"https:\/\/progettotouring.it\/radiotouring104\/#organization\",\"name\":\"Radio Touring 104\",\"url\":\"https:\/\/progettotouring.it\/radiotouring104\/\",\"logo\":{\"@type\":\"ImageObject\",\"inLanguage\":\"it-IT\",\"@id\":\"https:\/\/progettotouring.it\/radiotouring104\/#\/schema\/logo\/image\/\",\"url\":\"https:\/\/progettotouring.it\/radiotouring104\/wp-content\/uploads\/sites\/6\/2022\/02\/cropped-logo-radio-touring-104.png\",\"contentUrl\":\"https:\/\/progettotouring.it\/radiotouring104\/wp-content\/uploads\/sites\/6\/2022\/02\/cropped-logo-radio-touring-104.png\",\"width\":377,\"height\":182,\"caption\":\"Radio Touring 104\"},\"image\":{\"@id\":\"https:\/\/progettotouring.it\/radiotouring104\/#\/schema\/logo\/image\/\"}},{\"@type\":\"Person\",\"@id\":\"https:\/\/progettotouring.it\/radiotouring104\/#\/schema\/person\/78613917f1851f041f7483f5af1d422e\",\"name\":\"Sebastiano Plutino\",\"image\":{\"@type\":\"ImageObject\",\"inLanguage\":\"it-IT\",\"@id\":\"https:\/\/secure.gravatar.com\/avatar\/0546ffaa9b79224faf9f2a156b67a529ae861d3287c66c1d8ccfdf909bcba78d?s=96&d=mm&r=g\",\"url\":\"https:\/\/secure.gravatar.com\/avatar\/0546ffaa9b79224faf9f2a156b67a529ae861d3287c66c1d8ccfdf909bcba78d?s=96&d=mm&r=g\",\"contentUrl\":\"https:\/\/secure.gravatar.com\/avatar\/0546ffaa9b79224faf9f2a156b67a529ae861d3287c66c1d8ccfdf909bcba78d?s=96&d=mm&r=g\",\"caption\":\"Sebastiano Plutino\"},\"url\":\"https:\/\/progettotouring.it\/radiotouring104\/author\/sebastiano\/\"}]}<\/script>\n<!-- \/ Yoast SEO plugin. -->","yoast_head_json":{"title":"Reggio: ex Consorzio di Bonifica, ripartono progetti di riforestazione","description":"Esulta Zema (Fai Cisl RC): \"Risultato importante che rid\u00e0 serenit\u00e0 ai 39 lavoratori. Grazie a chi ha contribuito a risoluzione vertenza\"","robots":{"index":"index","follow":"follow","max-snippet":"max-snippet:-1","max-image-preview":"max-image-preview:large","max-video-preview":"max-video-preview:-1"},"canonical":"https:\/\/progettotouring.it\/radiotouring104\/2024\/03\/06\/reggio-prorogato-di-un-anno-il-contratto-ai-39-lavoratori-dellex-consorzio-di-bonifica-basso-ionio\/","og_locale":"it_IT","og_type":"article","og_title":"Reggio: ex Consorzio di Bonifica, ripartono progetti di riforestazione","og_description":"Esulta Zema (Fai Cisl RC): \"Risultato importante che rid\u00e0 serenit\u00e0 ai 39 lavoratori. Grazie a chi ha contribuito a risoluzione vertenza\"","og_url":"https:\/\/progettotouring.it\/radiotouring104\/2024\/03\/06\/reggio-prorogato-di-un-anno-il-contratto-ai-39-lavoratori-dellex-consorzio-di-bonifica-basso-ionio\/","og_site_name":"Radio Touring 104","article_published_time":"2024-03-06T09:13:20+00:00","article_modified_time":"2024-03-06T11:57:36+00:00","og_image":[{"width":1200,"height":800,"url":"https:\/\/progettotouring.it\/radiotouring104\/wp-content\/uploads\/sites\/6\/2024\/03\/ex-consorzio-di-bonifica-basso-jonio.jpg","type":"image\/jpeg"}],"author":"Sebastiano Plutino","twitter_card":"summary_large_image","twitter_misc":{"Scritto da":"Sebastiano Plutino","Tempo di lettura stimato":"1 minuto"},"schema":{"@context":"https:\/\/schema.org","@graph":[{"@type":"Article","@id":"https:\/\/progettotouring.it\/radiotouring104\/2024\/03\/06\/reggio-prorogato-di-un-anno-il-contratto-ai-39-lavoratori-dellex-consorzio-di-bonifica-basso-ionio\/#article","isPartOf":{"@id":"https:\/\/progettotouring.it\/radiotouring104\/2024\/03\/06\/reggio-prorogato-di-un-anno-il-contratto-ai-39-lavoratori-dellex-consorzio-di-bonifica-basso-ionio\/"},"author":{"name":"Sebastiano Plutino","@id":"https:\/\/progettotouring.it\/radiotouring104\/#\/schema\/person\/78613917f1851f041f7483f5af1d422e"},"headline":"Reggio: prorogato di un anno il contratto ai 39 lavoratori dell&#8217;ex Consorzio di Bonifica Basso Ionio","datePublished":"2024-03-06T09:13:20+00:00","dateModified":"2024-03-06T11:57:36+00:00","mainEntityOfPage":{"@id":"https:\/\/progettotouring.it\/radiotouring104\/2024\/03\/06\/reggio-prorogato-di-un-anno-il-contratto-ai-39-lavoratori-dellex-consorzio-di-bonifica-basso-ionio\/"},"wordCount":302,"publisher":{"@id":"https:\/\/progettotouring.it\/radiotouring104\/#organization"},"image":{"@id":"https:\/\/progettotouring.it\/radiotouring104\/2024\/03\/06\/reggio-prorogato-di-un-anno-il-contratto-ai-39-lavoratori-dellex-consorzio-di-bonifica-basso-ionio\/#primaryimage"},"thumbnailUrl":"https:\/\/progettotouring.it\/radiotouring104\/wp-content\/uploads\/sites\/6\/2024\/03\/ex-consorzio-di-bonifica-basso-jonio.jpg","keywords":["Antonino Zema","Cisl e Fai Cisl","Clara Vaccaro","Consorzio Basso Jonio","Fai Cisl Calabria","Matteani Giuseppe","Metrocity","Muraca Giovanni","proroga contratto a 39 lavoratori"],"articleSection":["Home","In primo piano","News","Reggio Calabria"],"inLanguage":"it-IT"},{"@type":"WebPage","@id":"https:\/\/progettotouring.it\/radiotouring104\/2024\/03\/06\/reggio-prorogato-di-un-anno-il-contratto-ai-39-lavoratori-dellex-consorzio-di-bonifica-basso-ionio\/","url":"https:\/\/progettotouring.it\/radiotouring104\/2024\/03\/06\/reggio-prorogato-di-un-anno-il-contratto-ai-39-lavoratori-dellex-consorzio-di-bonifica-basso-ionio\/","name":"Reggio: ex Consorzio di Bonifica, ripartono progetti di riforestazione","isPartOf":{"@id":"https:\/\/progettotouring.it\/radiotouring104\/#website"},"primaryImageOfPage":{"@id":"https:\/\/progettotouring.it\/radiotouring104\/2024\/03\/06\/reggio-prorogato-di-un-anno-il-contratto-ai-39-lavoratori-dellex-consorzio-di-bonifica-basso-ionio\/#primaryimage"},"image":{"@id":"https:\/\/progettotouring.it\/radiotouring104\/2024\/03\/06\/reggio-prorogato-di-un-anno-il-contratto-ai-39-lavoratori-dellex-consorzio-di-bonifica-basso-ionio\/#primaryimage"},"thumbnailUrl":"https:\/\/progettotouring.it\/radiotouring104\/wp-content\/uploads\/sites\/6\/2024\/03\/ex-consorzio-di-bonifica-basso-jonio.jpg","datePublished":"2024-03-06T09:13:20+00:00","dateModified":"2024-03-06T11:57:36+00:00","description":"Esulta Zema (Fai Cisl RC): \"Risultato importante che rid\u00e0 serenit\u00e0 ai 39 lavoratori. Grazie a chi ha contribuito a risoluzione vertenza\"","breadcrumb":{"@id":"https:\/\/progettotouring.it\/radiotouring104\/2024\/03\/06\/reggio-prorogato-di-un-anno-il-contratto-ai-39-lavoratori-dellex-consorzio-di-bonifica-basso-ionio\/#breadcrumb"},"inLanguage":"it-IT","potentialAction":[{"@type":"ReadAction","target":["https:\/\/progettotouring.it\/radiotouring104\/2024\/03\/06\/reggio-prorogato-di-un-anno-il-contratto-ai-39-lavoratori-dellex-consorzio-di-bonifica-basso-ionio\/"]}]},{"@type":"ImageObject","inLanguage":"it-IT","@id":"https:\/\/progettotouring.it\/radiotouring104\/2024\/03\/06\/reggio-prorogato-di-un-anno-il-contratto-ai-39-lavoratori-dellex-consorzio-di-bonifica-basso-ionio\/#primaryimage","url":"https:\/\/progettotouring.it\/radiotouring104\/wp-content\/uploads\/sites\/6\/2024\/03\/ex-consorzio-di-bonifica-basso-jonio.jpg","contentUrl":"https:\/\/progettotouring.it\/radiotouring104\/wp-content\/uploads\/sites\/6\/2024\/03\/ex-consorzio-di-bonifica-basso-jonio.jpg","width":1200,"height":800},{"@type":"BreadcrumbList","@id":"https:\/\/progettotouring.it\/radiotouring104\/2024\/03\/06\/reggio-prorogato-di-un-anno-il-contratto-ai-39-lavoratori-dellex-consorzio-di-bonifica-basso-ionio\/#breadcrumb","itemListElement":[{"@type":"ListItem","position":1,"name":"Home","item":"https:\/\/progettotouring.it\/radiotouring104\/"},{"@type":"ListItem","position":2,"name":"Reggio: prorogato di un anno il contratto ai 39 lavoratori dell&#8217;ex Consorzio di Bonifica Basso Ionio"}]},{"@type":"WebSite","@id":"https:\/\/progettotouring.it\/radiotouring104\/#website","url":"https:\/\/progettotouring.it\/radiotouring104\/","name":"Radio Touring 104","description":"La prima radio Reggina","publisher":{"@id":"https:\/\/progettotouring.it\/radiotouring104\/#organization"},"potentialAction":[{"@type":"SearchAction","target":{"@type":"EntryPoint","urlTemplate":"https:\/\/progettotouring.it\/radiotouring104\/?s={search_term_string}"},"query-input":{"@type":"PropertyValueSpecification","valueRequired":true,"valueName":"search_term_string"}}],"inLanguage":"it-IT"},{"@type":"Organization","@id":"https:\/\/progettotouring.it\/radiotouring104\/#organization","name":"Radio Touring 104","url":"https:\/\/progettotouring.it\/radiotouring104\/","logo":{"@type":"ImageObject","inLanguage":"it-IT","@id":"https:\/\/progettotouring.it\/radiotouring104\/#\/schema\/logo\/image\/","url":"https:\/\/progettotouring.it\/radiotouring104\/wp-content\/uploads\/sites\/6\/2022\/02\/cropped-logo-radio-touring-104.png","contentUrl":"https:\/\/progettotouring.it\/radiotouring104\/wp-content\/uploads\/sites\/6\/2022\/02\/cropped-logo-radio-touring-104.png","width":377,"height":182,"caption":"Radio Touring 104"},"image":{"@id":"https:\/\/progettotouring.it\/radiotouring104\/#\/schema\/logo\/image\/"}},{"@type":"Person","@id":"https:\/\/progettotouring.it\/radiotouring104\/#\/schema\/person\/78613917f1851f041f7483f5af1d422e","name":"Sebastiano Plutino","image":{"@type":"ImageObject","inLanguage":"it-IT","@id":"https:\/\/secure.gravatar.com\/avatar\/0546ffaa9b79224faf9f2a156b67a529ae861d3287c66c1d8ccfdf909bcba78d?s=96&d=mm&r=g","url":"https:\/\/secure.gravatar.com\/avatar\/0546ffaa9b79224faf9f2a156b67a529ae861d3287c66c1d8ccfdf909bcba78d?s=96&d=mm&r=g","contentUrl":"https:\/\/secure.gravatar.com\/avatar\/0546ffaa9b79224faf9f2a156b67a529ae861d3287c66c1d8ccfdf909bcba78d?s=96&d=mm&r=g","caption":"Sebastiano Plutino"},"url":"https:\/\/progettotouring.it\/radiotouring104\/author\/sebastiano\/"}]}},"jetpack_publicize_connections":[],"jetpack_featured_media_url":"https:\/\/progettotouring.it\/radiotouring104\/wp-content\/uploads\/sites\/6\/2024\/03\/ex-consorzio-di-bonifica-basso-jonio.jpg","jetpack_sharing_enabled":true,"_links":{"self":[{"href":"https:\/\/progettotouring.it\/radiotouring104\/wp-json\/wp\/v2\/posts\/46402","targetHints":{"allow":["GET"]}}],"collection":[{"href":"https:\/\/progettotouring.it\/radiotouring104\/wp-json\/wp\/v2\/posts"}],"about":[{"href":"https:\/\/progettotouring.it\/radiotouring104\/wp-json\/wp\/v2\/types\/post"}],"author":[{"embeddable":true,"href":"https:\/\/progettotouring.it\/radiotouring104\/wp-json\/wp\/v2\/users\/12"}],"replies":[{"embeddable":true,"href":"https:\/\/progettotouring.it\/radiotouring104\/wp-json\/wp\/v2\/comments?post=46402"}],"version-history":[{"count":1,"href":"https:\/\/progettotouring.it\/radiotouring104\/wp-json\/wp\/v2\/posts\/46402\/revisions"}],"predecessor-version":[{"id":46404,"href":"https:\/\/progettotouring.it\/radiotouring104\/wp-json\/wp\/v2\/posts\/46402\/revisions\/46404"}],"wp:featuredmedia":[{"embeddable":true,"href":"https:\/\/progettotouring.it\/radiotouring104\/wp-json\/wp\/v2\/media\/46403"}],"wp:attachment":[{"href":"https:\/\/progettotouring.it\/radiotouring104\/wp-json\/wp\/v2\/media?parent=46402"}],"wp:term":[{"taxonomy":"category","embeddable":true,"href":"https:\/\/progettotouring.it\/radiotouring104\/wp-json\/wp\/v2\/categories?post=46402"},{"taxonomy":"post_tag","embeddable":true,"href":"https:\/\/progettotouring.it\/radiotouring104\/wp-json\/wp\/v2\/tags?post=46402"}],"curies":[{"name":"wp","href":"https:\/\/api.w.org\/{rel}","templated":true}]}}