{"id":46405,"date":"2024-03-06T10:31:00","date_gmt":"2024-03-06T09:31:00","guid":{"rendered":"https:\/\/progettotouring.it\/radiotouring104\/?p=46405"},"modified":"2024-03-06T10:31:00","modified_gmt":"2024-03-06T09:31:00","slug":"legambiente-in-calabria-raccolta-differenziata-al-546-reggio-ultima-in-calabria-brunetti-contesta-dat","status":"publish","type":"post","link":"https:\/\/progettotouring.it\/radiotouring104\/2024\/03\/06\/legambiente-in-calabria-raccolta-differenziata-al-546-reggio-ultima-in-calabria-brunetti-contesta-dat\/","title":{"rendered":"Legambiente: in Calabria raccolta differenziata al 54,6%, Reggio ultima in Calabria. Brunetti contesta dat"},"content":{"rendered":"<p style=\"text-align: justify\"><strong>Presentato alla Cittadella regionale<\/strong> di Catanzaro <em>il Dossier di Legambiente<\/em> &#8220;<em>Comuni ricicloni<\/em>&#8220;<strong> che vede la Calabria,<\/strong> in base ai dati Arpacal e Ispra, <strong>con una percentuale di raccolta differenziata pari al 54,6%, contro una media nazionale del 65,2%,<\/strong> nella classifica italiana \u00e8 terz&#8217;ultima, subito prima del Lazio e della Sicilia.<\/p>\n<p style=\"text-align: justify\"><strong>I comuni rifiuti free in Calabria sono 36. Tutti in provincia di Catanzaro, Cosenza e Vibo Valentia.<\/strong><\/p>\n<p style=\"text-align: justify\"><strong>Al primo posto c&#8217;\u00e8 Soveria Simeri,<\/strong> in provincia di Catanzaro, che ha raggiunto una percentuale di raccolta differenziata pari all&#8217;88,5% e produce solo 35,3 kg di secco residuo pro-capite per abitante all&#8217;anno.<\/p>\n<p style=\"text-align: justify\">Seguono sempre in provincia di Catanzaro, Tiriolo con 86,6% di raccolta differenziata e 42 kg di secco residuo e Frascineto, comune nel parco nazionale del Pollino in provincia di Cosenza, con 86,8% di raccolta differenziata e 42,9 kg di secco residuo.<\/p>\n<p style=\"text-align: justify\"><strong>La citt\u00e0 capoluogo di provincia pi\u00f9 virtuosa per la raccolta differenziata \u00e8 Vibo con il 69,9%<\/strong> (+3%), seguita da Catanzaro con il 69,2% (-0,8%) e Cosenza con il 62,4% (+0,3%). Sulla classifica, che fa riferimento agli ultimi dati disponibili del 2022<strong>, incidono in modo negativo le performance delle citt\u00e0 di Reggio che raggiunge solo il 18,1%<\/strong> (dato ancora inferiore rispetto agli anni precedenti dell&#8217;11%) e di Crotone con il 22% (+4,4%).<\/p>\n<p style=\"text-align: justify\"><em>&#8220;La transizione ecologica in Calabria<\/em> &#8211; ha spiegato Anna Parretta, presidente Legambiente Calabria &#8211;<em> sta procedendo ma a ritmi troppo lenti. Abbiamo un incremento percentuale di 1,52 punti percentuali negli ultimi anni. Registriamo ancora una volta una fortissima disomogeneit\u00e0 territoriale. Delle punte di eccellenza si trovano in comuni come Soveria Simeri, Tiriolo e Frascineto, tutti comuni che alla percentuale altissima di raccolta differenziata sommano una percentuale molto bassa di secco residuo sotto i 75 kg ad abitante pro-capite annui&#8221;.<\/em><\/p>\n<p style=\"text-align: justify\"><i><\/i><br \/>\n<em>&#8220;<strong>I dati relativi alla raccolta differenziata dei Comuni calabresi<\/strong> diffusi quest&#8217;oggi alla Cittadella nel corso della sesta edizione dell&#8217;Ecoforum con la presentazione del report &#8220;Comuni ricicloni&#8221;, <strong>non corrispondono affatto alla realt\u00e0. Reggio Calabria non \u00e8 al 18,1% di differenziata come gli autori del report affermano, ma a pi\u00f9 del 41%.<\/strong> A certificarlo sono i dati dell&#8217;Istituto Superiore per la Protezione e la Ricerca Ambientale per il Sistema Nazionale per la Protezione dell&#8217;Ambiente, organismi scientifici nazionali che indicano, nonostante le difficolt\u00e0, dati di tutto rispetto per la nostra citt\u00e0&#8221;.<\/em> <strong>E&#8217; quanto afferma in una nota il Vicesindaco con delega all&#8217;Ambiente del Comune di Reggio Calabria Paolo Brunetti.<\/strong><\/p>\n<p><em>&#8220;Siamo consapevoli che la raccolta differenziata debba ancora crescere a Reggio Calabria &#8211;<\/em><strong> ha aggiunto Brunetti &#8211;<\/strong> <em>ma ci stupisce l&#8217;assoluta disinformazione diffusa da certe associazioni che rischia di vanificare il lavoro fatto in questi anni. C&#8217;\u00e8 da dire che la nostra citt\u00e0, la pi\u00f9 grande e popolosa della Calabria, incontra certamente maggiori difficolt\u00e0 nella gestione del circuito della differenziata rispetto a Comuni pi\u00f9 piccoli e con una minore densit\u00e0 abitativa, ma il dato ufficiale del 41,2%, peraltro riferito al 2022 e probabilmente cresciuto nel 2023, costituisce un segnale certamente incoraggiante, che deve farci comprendere la necessit\u00e0 di aumentare le quantit\u00e0 di rifiuti differenziati&#8221;.<\/em><\/p>\n<p><em>&#8220;Non ci convincono affatto le modalit\u00e0 con le quali gli organizzatori dell&#8217;Ecoforum abbiano diffuso pubblicamente dati completamente errati. Per quanto ne sappiamo &#8211;<\/em><strong> aggiunge il Vicesindaco<\/strong> <em>&#8211; le percentuali di tanti comuni calabresi, diffuse durante la conferenza stampa odierna, sono state completamente erronee. Grave<\/em> &#8211; ha concluso &#8211;<em> che un istituto che dovrebbe incoraggiare i Comuni nella pratica della raccolta differenziata diffonda dati cos\u00ec macroscopicamente imprecisi&#8221;.<\/em><\/p>\n","protected":false},"excerpt":{"rendered":"<p>Presentato alla Cittadella regionale di Catanzaro il Dossier di Legambiente &#8220;Comuni ricicloni&#8220; che vede la Calabria, in base ai dati Arpacal e Ispra, con una percentuale di raccolta differenziata pari&hellip;<\/p>\n","protected":false},"author":12,"featured_media":39500,"comment_status":"closed","ping_status":"open","sticky":false,"template":"","format":"standard","meta":{"_jetpack_memberships_contains_paid_content":false,"footnotes":"","jetpack_publicize_message":"","jetpack_publicize_feature_enabled":true,"jetpack_social_post_already_shared":false,"jetpack_social_options":{"image_generator_settings":{"template":"highway","default_image_id":0,"font":"","enabled":false},"version":2}},"categories":[921,196,140],"tags":[28551,5375,28550,18604,495,1450,28552],"class_list":["post-46405","post","type-post","status-publish","format-standard","has-post-thumbnail","hentry","category-home","category-news","category-reggio-calabria","tag-brunetti-contesta-dati-differenziata","tag-cittadella-regionale","tag-comuni-ricicloni","tag-legambiente-calabria","tag-paolo-brunetti","tag-raccolta-differenziata","tag-reggio-ultima-per-raccolta-differnziata"],"yoast_head":"<!-- This site is optimized with the Yoast SEO plugin v27.2 - https:\/\/yoast.com\/product\/yoast-seo-wordpress\/ -->\n<title>Legambiente: in Calabria raccolta differenziata al 54,6%, Reggio ultima in Calabria. Brunetti contesta dat - Radio Touring 104<\/title>\n<meta name=\"description\" content=\"Presentato alla Cittadella il Report &quot;Comuni ricicloni&quot;. Brunetti contesta dati su ultima posizione Reggio: &quot;In citt\u00e0 la differenziata cresce&quot;\" \/>\n<meta name=\"robots\" content=\"index, follow, max-snippet:-1, max-image-preview:large, max-video-preview:-1\" \/>\n<link rel=\"canonical\" href=\"https:\/\/progettotouring.it\/radiotouring104\/2024\/03\/06\/legambiente-in-calabria-raccolta-differenziata-al-546-reggio-ultima-in-calabria-brunetti-contesta-dat\/\" \/>\n<meta property=\"og:locale\" content=\"it_IT\" \/>\n<meta property=\"og:type\" content=\"article\" \/>\n<meta property=\"og:title\" content=\"Legambiente: in Calabria raccolta differenziata al 54,6%, Reggio ultima in Calabria. Brunetti contesta dat - Radio Touring 104\" \/>\n<meta property=\"og:description\" content=\"Presentato alla Cittadella il Report &quot;Comuni ricicloni&quot;. Brunetti contesta dati su ultima posizione Reggio: &quot;In citt\u00e0 la differenziata cresce&quot;\" \/>\n<meta property=\"og:url\" content=\"https:\/\/progettotouring.it\/radiotouring104\/2024\/03\/06\/legambiente-in-calabria-raccolta-differenziata-al-546-reggio-ultima-in-calabria-brunetti-contesta-dat\/\" \/>\n<meta property=\"og:site_name\" content=\"Radio Touring 104\" \/>\n<meta property=\"article:published_time\" content=\"2024-03-06T09:31:00+00:00\" \/>\n<meta property=\"og:image\" content=\"https:\/\/progettotouring.it\/radiotouring104\/wp-content\/uploads\/sites\/6\/2023\/11\/isole-ecologiche-rifiuti-domestici.jpeg\" \/>\n\t<meta property=\"og:image:width\" content=\"1599\" \/>\n\t<meta property=\"og:image:height\" content=\"899\" \/>\n\t<meta property=\"og:image:type\" content=\"image\/jpeg\" \/>\n<meta name=\"author\" content=\"Sebastiano Plutino\" \/>\n<meta name=\"twitter:card\" content=\"summary_large_image\" \/>\n<meta name=\"twitter:label1\" content=\"Scritto da\" \/>\n\t<meta name=\"twitter:data1\" content=\"Sebastiano Plutino\" \/>\n\t<meta name=\"twitter:label2\" content=\"Tempo di lettura stimato\" \/>\n\t<meta name=\"twitter:data2\" content=\"3 minuti\" \/>\n<script type=\"application\/ld+json\" class=\"yoast-schema-graph\">{\"@context\":\"https:\/\/schema.org\",\"@graph\":[{\"@type\":\"Article\",\"@id\":\"https:\/\/progettotouring.it\/radiotouring104\/2024\/03\/06\/legambiente-in-calabria-raccolta-differenziata-al-546-reggio-ultima-in-calabria-brunetti-contesta-dat\/#article\",\"isPartOf\":{\"@id\":\"https:\/\/progettotouring.it\/radiotouring104\/2024\/03\/06\/legambiente-in-calabria-raccolta-differenziata-al-546-reggio-ultima-in-calabria-brunetti-contesta-dat\/\"},\"author\":{\"name\":\"Sebastiano Plutino\",\"@id\":\"https:\/\/progettotouring.it\/radiotouring104\/#\/schema\/person\/78613917f1851f041f7483f5af1d422e\"},\"headline\":\"Legambiente: in Calabria raccolta differenziata al 54,6%, Reggio ultima in Calabria. Brunetti contesta dat\",\"datePublished\":\"2024-03-06T09:31:00+00:00\",\"mainEntityOfPage\":{\"@id\":\"https:\/\/progettotouring.it\/radiotouring104\/2024\/03\/06\/legambiente-in-calabria-raccolta-differenziata-al-546-reggio-ultima-in-calabria-brunetti-contesta-dat\/\"},\"wordCount\":552,\"publisher\":{\"@id\":\"https:\/\/progettotouring.it\/radiotouring104\/#organization\"},\"image\":{\"@id\":\"https:\/\/progettotouring.it\/radiotouring104\/2024\/03\/06\/legambiente-in-calabria-raccolta-differenziata-al-546-reggio-ultima-in-calabria-brunetti-contesta-dat\/#primaryimage\"},\"thumbnailUrl\":\"https:\/\/progettotouring.it\/radiotouring104\/wp-content\/uploads\/sites\/6\/2023\/11\/isole-ecologiche-rifiuti-domestici.jpeg\",\"keywords\":[\"Brunetti contesta dati differenziata\",\"Cittadella Regionale\",\"Comuni ricicloni\",\"Legambiente Calabria\",\"Paolo Brunetti\",\"raccolta differenziata\",\"Reggio ultima per raccolta differnziata\"],\"articleSection\":[\"Home\",\"News\",\"Reggio Calabria\"],\"inLanguage\":\"it-IT\"},{\"@type\":\"WebPage\",\"@id\":\"https:\/\/progettotouring.it\/radiotouring104\/2024\/03\/06\/legambiente-in-calabria-raccolta-differenziata-al-546-reggio-ultima-in-calabria-brunetti-contesta-dat\/\",\"url\":\"https:\/\/progettotouring.it\/radiotouring104\/2024\/03\/06\/legambiente-in-calabria-raccolta-differenziata-al-546-reggio-ultima-in-calabria-brunetti-contesta-dat\/\",\"name\":\"Legambiente: in Calabria raccolta differenziata al 54,6%, Reggio ultima in Calabria. Brunetti contesta dat - Radio Touring 104\",\"isPartOf\":{\"@id\":\"https:\/\/progettotouring.it\/radiotouring104\/#website\"},\"primaryImageOfPage\":{\"@id\":\"https:\/\/progettotouring.it\/radiotouring104\/2024\/03\/06\/legambiente-in-calabria-raccolta-differenziata-al-546-reggio-ultima-in-calabria-brunetti-contesta-dat\/#primaryimage\"},\"image\":{\"@id\":\"https:\/\/progettotouring.it\/radiotouring104\/2024\/03\/06\/legambiente-in-calabria-raccolta-differenziata-al-546-reggio-ultima-in-calabria-brunetti-contesta-dat\/#primaryimage\"},\"thumbnailUrl\":\"https:\/\/progettotouring.it\/radiotouring104\/wp-content\/uploads\/sites\/6\/2023\/11\/isole-ecologiche-rifiuti-domestici.jpeg\",\"datePublished\":\"2024-03-06T09:31:00+00:00\",\"description\":\"Presentato alla Cittadella il Report \\\"Comuni ricicloni\\\". Brunetti contesta dati su ultima posizione Reggio: \\\"In citt\u00e0 la differenziata cresce\\\"\",\"breadcrumb\":{\"@id\":\"https:\/\/progettotouring.it\/radiotouring104\/2024\/03\/06\/legambiente-in-calabria-raccolta-differenziata-al-546-reggio-ultima-in-calabria-brunetti-contesta-dat\/#breadcrumb\"},\"inLanguage\":\"it-IT\",\"potentialAction\":[{\"@type\":\"ReadAction\",\"target\":[\"https:\/\/progettotouring.it\/radiotouring104\/2024\/03\/06\/legambiente-in-calabria-raccolta-differenziata-al-546-reggio-ultima-in-calabria-brunetti-contesta-dat\/\"]}]},{\"@type\":\"ImageObject\",\"inLanguage\":\"it-IT\",\"@id\":\"https:\/\/progettotouring.it\/radiotouring104\/2024\/03\/06\/legambiente-in-calabria-raccolta-differenziata-al-546-reggio-ultima-in-calabria-brunetti-contesta-dat\/#primaryimage\",\"url\":\"https:\/\/progettotouring.it\/radiotouring104\/wp-content\/uploads\/sites\/6\/2023\/11\/isole-ecologiche-rifiuti-domestici.jpeg\",\"contentUrl\":\"https:\/\/progettotouring.it\/radiotouring104\/wp-content\/uploads\/sites\/6\/2023\/11\/isole-ecologiche-rifiuti-domestici.jpeg\",\"width\":1599,\"height\":899},{\"@type\":\"BreadcrumbList\",\"@id\":\"https:\/\/progettotouring.it\/radiotouring104\/2024\/03\/06\/legambiente-in-calabria-raccolta-differenziata-al-546-reggio-ultima-in-calabria-brunetti-contesta-dat\/#breadcrumb\",\"itemListElement\":[{\"@type\":\"ListItem\",\"position\":1,\"name\":\"Home\",\"item\":\"https:\/\/progettotouring.it\/radiotouring104\/\"},{\"@type\":\"ListItem\",\"position\":2,\"name\":\"Legambiente: in Calabria raccolta differenziata al 54,6%, Reggio ultima in Calabria. Brunetti contesta dat\"}]},{\"@type\":\"WebSite\",\"@id\":\"https:\/\/progettotouring.it\/radiotouring104\/#website\",\"url\":\"https:\/\/progettotouring.it\/radiotouring104\/\",\"name\":\"Radio Touring 104\",\"description\":\"La prima radio Reggina\",\"publisher\":{\"@id\":\"https:\/\/progettotouring.it\/radiotouring104\/#organization\"},\"potentialAction\":[{\"@type\":\"SearchAction\",\"target\":{\"@type\":\"EntryPoint\",\"urlTemplate\":\"https:\/\/progettotouring.it\/radiotouring104\/?s={search_term_string}\"},\"query-input\":{\"@type\":\"PropertyValueSpecification\",\"valueRequired\":true,\"valueName\":\"search_term_string\"}}],\"inLanguage\":\"it-IT\"},{\"@type\":\"Organization\",\"@id\":\"https:\/\/progettotouring.it\/radiotouring104\/#organization\",\"name\":\"Radio Touring 104\",\"url\":\"https:\/\/progettotouring.it\/radiotouring104\/\",\"logo\":{\"@type\":\"ImageObject\",\"inLanguage\":\"it-IT\",\"@id\":\"https:\/\/progettotouring.it\/radiotouring104\/#\/schema\/logo\/image\/\",\"url\":\"https:\/\/progettotouring.it\/radiotouring104\/wp-content\/uploads\/sites\/6\/2022\/02\/cropped-logo-radio-touring-104.png\",\"contentUrl\":\"https:\/\/progettotouring.it\/radiotouring104\/wp-content\/uploads\/sites\/6\/2022\/02\/cropped-logo-radio-touring-104.png\",\"width\":377,\"height\":182,\"caption\":\"Radio Touring 104\"},\"image\":{\"@id\":\"https:\/\/progettotouring.it\/radiotouring104\/#\/schema\/logo\/image\/\"}},{\"@type\":\"Person\",\"@id\":\"https:\/\/progettotouring.it\/radiotouring104\/#\/schema\/person\/78613917f1851f041f7483f5af1d422e\",\"name\":\"Sebastiano Plutino\",\"image\":{\"@type\":\"ImageObject\",\"inLanguage\":\"it-IT\",\"@id\":\"https:\/\/secure.gravatar.com\/avatar\/0546ffaa9b79224faf9f2a156b67a529ae861d3287c66c1d8ccfdf909bcba78d?s=96&d=mm&r=g\",\"url\":\"https:\/\/secure.gravatar.com\/avatar\/0546ffaa9b79224faf9f2a156b67a529ae861d3287c66c1d8ccfdf909bcba78d?s=96&d=mm&r=g\",\"contentUrl\":\"https:\/\/secure.gravatar.com\/avatar\/0546ffaa9b79224faf9f2a156b67a529ae861d3287c66c1d8ccfdf909bcba78d?s=96&d=mm&r=g\",\"caption\":\"Sebastiano Plutino\"},\"url\":\"https:\/\/progettotouring.it\/radiotouring104\/author\/sebastiano\/\"}]}<\/script>\n<!-- \/ Yoast SEO plugin. -->","yoast_head_json":{"title":"Legambiente: in Calabria raccolta differenziata al 54,6%, Reggio ultima in Calabria. Brunetti contesta dat - Radio Touring 104","description":"Presentato alla Cittadella il Report \"Comuni ricicloni\". Brunetti contesta dati su ultima posizione Reggio: \"In citt\u00e0 la differenziata cresce\"","robots":{"index":"index","follow":"follow","max-snippet":"max-snippet:-1","max-image-preview":"max-image-preview:large","max-video-preview":"max-video-preview:-1"},"canonical":"https:\/\/progettotouring.it\/radiotouring104\/2024\/03\/06\/legambiente-in-calabria-raccolta-differenziata-al-546-reggio-ultima-in-calabria-brunetti-contesta-dat\/","og_locale":"it_IT","og_type":"article","og_title":"Legambiente: in Calabria raccolta differenziata al 54,6%, Reggio ultima in Calabria. Brunetti contesta dat - Radio Touring 104","og_description":"Presentato alla Cittadella il Report \"Comuni ricicloni\". Brunetti contesta dati su ultima posizione Reggio: \"In citt\u00e0 la differenziata cresce\"","og_url":"https:\/\/progettotouring.it\/radiotouring104\/2024\/03\/06\/legambiente-in-calabria-raccolta-differenziata-al-546-reggio-ultima-in-calabria-brunetti-contesta-dat\/","og_site_name":"Radio Touring 104","article_published_time":"2024-03-06T09:31:00+00:00","og_image":[{"width":1599,"height":899,"url":"https:\/\/progettotouring.it\/radiotouring104\/wp-content\/uploads\/sites\/6\/2023\/11\/isole-ecologiche-rifiuti-domestici.jpeg","type":"image\/jpeg"}],"author":"Sebastiano Plutino","twitter_card":"summary_large_image","twitter_misc":{"Scritto da":"Sebastiano Plutino","Tempo di lettura stimato":"3 minuti"},"schema":{"@context":"https:\/\/schema.org","@graph":[{"@type":"Article","@id":"https:\/\/progettotouring.it\/radiotouring104\/2024\/03\/06\/legambiente-in-calabria-raccolta-differenziata-al-546-reggio-ultima-in-calabria-brunetti-contesta-dat\/#article","isPartOf":{"@id":"https:\/\/progettotouring.it\/radiotouring104\/2024\/03\/06\/legambiente-in-calabria-raccolta-differenziata-al-546-reggio-ultima-in-calabria-brunetti-contesta-dat\/"},"author":{"name":"Sebastiano Plutino","@id":"https:\/\/progettotouring.it\/radiotouring104\/#\/schema\/person\/78613917f1851f041f7483f5af1d422e"},"headline":"Legambiente: in Calabria raccolta differenziata al 54,6%, Reggio ultima in Calabria. Brunetti contesta dat","datePublished":"2024-03-06T09:31:00+00:00","mainEntityOfPage":{"@id":"https:\/\/progettotouring.it\/radiotouring104\/2024\/03\/06\/legambiente-in-calabria-raccolta-differenziata-al-546-reggio-ultima-in-calabria-brunetti-contesta-dat\/"},"wordCount":552,"publisher":{"@id":"https:\/\/progettotouring.it\/radiotouring104\/#organization"},"image":{"@id":"https:\/\/progettotouring.it\/radiotouring104\/2024\/03\/06\/legambiente-in-calabria-raccolta-differenziata-al-546-reggio-ultima-in-calabria-brunetti-contesta-dat\/#primaryimage"},"thumbnailUrl":"https:\/\/progettotouring.it\/radiotouring104\/wp-content\/uploads\/sites\/6\/2023\/11\/isole-ecologiche-rifiuti-domestici.jpeg","keywords":["Brunetti contesta dati differenziata","Cittadella Regionale","Comuni ricicloni","Legambiente Calabria","Paolo Brunetti","raccolta differenziata","Reggio ultima per raccolta differnziata"],"articleSection":["Home","News","Reggio Calabria"],"inLanguage":"it-IT"},{"@type":"WebPage","@id":"https:\/\/progettotouring.it\/radiotouring104\/2024\/03\/06\/legambiente-in-calabria-raccolta-differenziata-al-546-reggio-ultima-in-calabria-brunetti-contesta-dat\/","url":"https:\/\/progettotouring.it\/radiotouring104\/2024\/03\/06\/legambiente-in-calabria-raccolta-differenziata-al-546-reggio-ultima-in-calabria-brunetti-contesta-dat\/","name":"Legambiente: in Calabria raccolta differenziata al 54,6%, Reggio ultima in Calabria. Brunetti contesta dat - Radio Touring 104","isPartOf":{"@id":"https:\/\/progettotouring.it\/radiotouring104\/#website"},"primaryImageOfPage":{"@id":"https:\/\/progettotouring.it\/radiotouring104\/2024\/03\/06\/legambiente-in-calabria-raccolta-differenziata-al-546-reggio-ultima-in-calabria-brunetti-contesta-dat\/#primaryimage"},"image":{"@id":"https:\/\/progettotouring.it\/radiotouring104\/2024\/03\/06\/legambiente-in-calabria-raccolta-differenziata-al-546-reggio-ultima-in-calabria-brunetti-contesta-dat\/#primaryimage"},"thumbnailUrl":"https:\/\/progettotouring.it\/radiotouring104\/wp-content\/uploads\/sites\/6\/2023\/11\/isole-ecologiche-rifiuti-domestici.jpeg","datePublished":"2024-03-06T09:31:00+00:00","description":"Presentato alla Cittadella il Report \"Comuni ricicloni\". Brunetti contesta dati su ultima posizione Reggio: \"In citt\u00e0 la differenziata cresce\"","breadcrumb":{"@id":"https:\/\/progettotouring.it\/radiotouring104\/2024\/03\/06\/legambiente-in-calabria-raccolta-differenziata-al-546-reggio-ultima-in-calabria-brunetti-contesta-dat\/#breadcrumb"},"inLanguage":"it-IT","potentialAction":[{"@type":"ReadAction","target":["https:\/\/progettotouring.it\/radiotouring104\/2024\/03\/06\/legambiente-in-calabria-raccolta-differenziata-al-546-reggio-ultima-in-calabria-brunetti-contesta-dat\/"]}]},{"@type":"ImageObject","inLanguage":"it-IT","@id":"https:\/\/progettotouring.it\/radiotouring104\/2024\/03\/06\/legambiente-in-calabria-raccolta-differenziata-al-546-reggio-ultima-in-calabria-brunetti-contesta-dat\/#primaryimage","url":"https:\/\/progettotouring.it\/radiotouring104\/wp-content\/uploads\/sites\/6\/2023\/11\/isole-ecologiche-rifiuti-domestici.jpeg","contentUrl":"https:\/\/progettotouring.it\/radiotouring104\/wp-content\/uploads\/sites\/6\/2023\/11\/isole-ecologiche-rifiuti-domestici.jpeg","width":1599,"height":899},{"@type":"BreadcrumbList","@id":"https:\/\/progettotouring.it\/radiotouring104\/2024\/03\/06\/legambiente-in-calabria-raccolta-differenziata-al-546-reggio-ultima-in-calabria-brunetti-contesta-dat\/#breadcrumb","itemListElement":[{"@type":"ListItem","position":1,"name":"Home","item":"https:\/\/progettotouring.it\/radiotouring104\/"},{"@type":"ListItem","position":2,"name":"Legambiente: in Calabria raccolta differenziata al 54,6%, Reggio ultima in Calabria. Brunetti contesta dat"}]},{"@type":"WebSite","@id":"https:\/\/progettotouring.it\/radiotouring104\/#website","url":"https:\/\/progettotouring.it\/radiotouring104\/","name":"Radio Touring 104","description":"La prima radio Reggina","publisher":{"@id":"https:\/\/progettotouring.it\/radiotouring104\/#organization"},"potentialAction":[{"@type":"SearchAction","target":{"@type":"EntryPoint","urlTemplate":"https:\/\/progettotouring.it\/radiotouring104\/?s={search_term_string}"},"query-input":{"@type":"PropertyValueSpecification","valueRequired":true,"valueName":"search_term_string"}}],"inLanguage":"it-IT"},{"@type":"Organization","@id":"https:\/\/progettotouring.it\/radiotouring104\/#organization","name":"Radio Touring 104","url":"https:\/\/progettotouring.it\/radiotouring104\/","logo":{"@type":"ImageObject","inLanguage":"it-IT","@id":"https:\/\/progettotouring.it\/radiotouring104\/#\/schema\/logo\/image\/","url":"https:\/\/progettotouring.it\/radiotouring104\/wp-content\/uploads\/sites\/6\/2022\/02\/cropped-logo-radio-touring-104.png","contentUrl":"https:\/\/progettotouring.it\/radiotouring104\/wp-content\/uploads\/sites\/6\/2022\/02\/cropped-logo-radio-touring-104.png","width":377,"height":182,"caption":"Radio Touring 104"},"image":{"@id":"https:\/\/progettotouring.it\/radiotouring104\/#\/schema\/logo\/image\/"}},{"@type":"Person","@id":"https:\/\/progettotouring.it\/radiotouring104\/#\/schema\/person\/78613917f1851f041f7483f5af1d422e","name":"Sebastiano Plutino","image":{"@type":"ImageObject","inLanguage":"it-IT","@id":"https:\/\/secure.gravatar.com\/avatar\/0546ffaa9b79224faf9f2a156b67a529ae861d3287c66c1d8ccfdf909bcba78d?s=96&d=mm&r=g","url":"https:\/\/secure.gravatar.com\/avatar\/0546ffaa9b79224faf9f2a156b67a529ae861d3287c66c1d8ccfdf909bcba78d?s=96&d=mm&r=g","contentUrl":"https:\/\/secure.gravatar.com\/avatar\/0546ffaa9b79224faf9f2a156b67a529ae861d3287c66c1d8ccfdf909bcba78d?s=96&d=mm&r=g","caption":"Sebastiano Plutino"},"url":"https:\/\/progettotouring.it\/radiotouring104\/author\/sebastiano\/"}]}},"jetpack_publicize_connections":[],"jetpack_featured_media_url":"https:\/\/progettotouring.it\/radiotouring104\/wp-content\/uploads\/sites\/6\/2023\/11\/isole-ecologiche-rifiuti-domestici.jpeg","jetpack_sharing_enabled":true,"_links":{"self":[{"href":"https:\/\/progettotouring.it\/radiotouring104\/wp-json\/wp\/v2\/posts\/46405","targetHints":{"allow":["GET"]}}],"collection":[{"href":"https:\/\/progettotouring.it\/radiotouring104\/wp-json\/wp\/v2\/posts"}],"about":[{"href":"https:\/\/progettotouring.it\/radiotouring104\/wp-json\/wp\/v2\/types\/post"}],"author":[{"embeddable":true,"href":"https:\/\/progettotouring.it\/radiotouring104\/wp-json\/wp\/v2\/users\/12"}],"replies":[{"embeddable":true,"href":"https:\/\/progettotouring.it\/radiotouring104\/wp-json\/wp\/v2\/comments?post=46405"}],"version-history":[{"count":1,"href":"https:\/\/progettotouring.it\/radiotouring104\/wp-json\/wp\/v2\/posts\/46405\/revisions"}],"predecessor-version":[{"id":46406,"href":"https:\/\/progettotouring.it\/radiotouring104\/wp-json\/wp\/v2\/posts\/46405\/revisions\/46406"}],"wp:featuredmedia":[{"embeddable":true,"href":"https:\/\/progettotouring.it\/radiotouring104\/wp-json\/wp\/v2\/media\/39500"}],"wp:attachment":[{"href":"https:\/\/progettotouring.it\/radiotouring104\/wp-json\/wp\/v2\/media?parent=46405"}],"wp:term":[{"taxonomy":"category","embeddable":true,"href":"https:\/\/progettotouring.it\/radiotouring104\/wp-json\/wp\/v2\/categories?post=46405"},{"taxonomy":"post_tag","embeddable":true,"href":"https:\/\/progettotouring.it\/radiotouring104\/wp-json\/wp\/v2\/tags?post=46405"}],"curies":[{"name":"wp","href":"https:\/\/api.w.org\/{rel}","templated":true}]}}