{"id":46412,"date":"2024-03-06T10:58:53","date_gmt":"2024-03-06T09:58:53","guid":{"rendered":"https:\/\/progettotouring.it\/radiotouring104\/?p=46412"},"modified":"2024-03-06T10:59:20","modified_gmt":"2024-03-06T09:59:20","slug":"acqua-del-nica-e-pulita-precisazioni-del-dirigente-ambiente-della-regione-siviglia-su-prosecuzione-indagini-per-verificare-lo-stato-del-suolo","status":"publish","type":"post","link":"https:\/\/progettotouring.it\/radiotouring104\/2024\/03\/06\/acqua-del-nica-e-pulita-precisazioni-del-dirigente-ambiente-della-regione-siviglia-su-prosecuzione-indagini-per-verificare-lo-stato-del-suolo\/","title":{"rendered":"Acqua del Nica \u00e8 pulita: precisazioni del Dirigente Ambiente della Regione Siviglia su prosecuzione indagini per verificare lo stato del suolo"},"content":{"rendered":"<p class=\"xmprfx_MsoNormal\" style=\"text-align: justify\">Su il \u201c<b>Quotidiano del Sud\u201d di oggi<\/b>\u00a0nell\u2019articolo di Giacinto Carvelli, dal titolo\u00a0<b>\u201c<i>Percolato nel Nic\u00e0, Siviglia: \u00abTorrenti bonificati, verifiche sul suolo\u00bb<\/i>\u201d,<\/b>\u00a0il quotidiano calabrese che meritoriamente informa i cittadini sulle problematiche pi\u00f9 importanti del nostro territorio, riporta le importanti dichiarazioni del\u00a0<b>dirigente all\u2019Ambiente della Regione Calabria Salvatore Siviglia.<\/b><\/p>\n<p class=\"xmprfx_MsoNormal\" style=\"text-align: justify\">A proposito dello stato del fiume Nic\u00e0, il Dirigente Siviglia ha specificato che\u00a0<b>la vicenda \u00ab\u00e8 stata attenzionata da un\u2019indagine molto dettagliata sull\u2019attivit\u00e0<\/b>; la societ\u00e0 \u00e8 stata denunciata per lo sversamento di percolato nel fiume ed ha provveduto alla rimozione complessiva dello stesso presente.\u00a0<b>Tutti i corsi d&#8217;acqua interessati<\/b>, in agro del Comune di Terravecchia, Cariati e Crucoli, ma anche Scala Coeli e Umbriatico, sostanzialmente\u00a0<b>sono stati tutti bonificati, quindi non c&#8217;\u00e8 pi\u00f9 traccia di percolato<\/b>. Quindi, abbiamo fatto le analisi con Arpacal e\u00a0<b>non ci sono tracce di inquinamento<\/b>. Nella matrice ambientale terra, acqua e suolo, la parte dell&#8217;acqua \u00e8 stata sostanzialmente bonificata\u00bb.<\/p>\n<p class=\"xmprfx_MsoNormal\" style=\"text-align: justify\">Il Dirigente Siviglia ha poi aggiunto che \u00ab<b>si stanno avviando indagini per verificare se ci sono contaminazioni a livello di suolo<\/b>. Quindi, abbiamo gi\u00e0 in una prima battuta avviato verifiche e fatto delle indagini sui suoli per capire se sono stati contaminati e al riguardo i dati che ovviamente abbiamo acquisito da parte della ditta che ha realizzato la stessa indagine sono stati messi a disposizione della Procura\u00bb.<\/p>\n<p class=\"xmprfx_MsoNormal\" style=\"text-align: justify\">A tal proposito,\u00a0<b>la Regione ha disposto \u00abulteriori indagini<\/b>\u00a0direttamente da parte di ArpaCal per verificare se i risultati sui valori presentati dalla societ\u00e0 individuata per lo sversamento dei rifiuti, che \u00e8 l\u2019Adieco, sono in linea o meno, facendo delle\u00a0<b>indagini su altri punti di prelievo<\/b>. Abbiamo una parte di dati gi\u00e0 disponibili e stiamo adesso verificando anche quelli regionali. A valle di ci\u00f2 &#8211; continua Siviglia &#8211; verr\u00e0 fatta una conferenza di servizi, a cui saranno presenti tutti gli attori del territorio, per capire se con i dati che abbiamo acquisito sia da parte della societ\u00e0 sia da parte dell\u2019Arpacal, si pu\u00f2 mettere mano ad un\u2019azione di bonifica integrale oppure no\u00bb.<\/p>\n<p class=\"xmprfx_MsoNormal\" style=\"text-align: justify\">Infine, il dirigente regionale all\u2019Ambiente precisa che \u00abper\u00f2, questo scaturisce dal risultato delle indagini che andremo a fare. Come funziona: quando c&#8217;\u00e8 uno sversamento di percolato nel territorio quello che era visibile \u00e8 stato esportato e portato in siti idonei; ma va verificato se \u00e8 inquinato anche da parte del terreno. La discarica \u00e8 attualmente chiusa ed \u00e8 sotto sequestro.\u00a0<b>Se eventualmente il grado di inquinamento del terreno \u00e8 all&#8217;interno dei parametri previsti dalla norma non si fa nulla; se, invece, \u00e8 contaminato va scoticato e portato in siti idonei<\/b>\u00bb.<\/p>\n<p class=\"xmprfx_MsoNormal\" style=\"text-align: justify\">L\u2019Associazione Calabria Excellent ETS accoglie con soddisfazione il fatto che tutti i corsi d\u2019acqua interessati sono stati tutti bonificati e, quindi, non c\u2019\u00e8 pi\u00f9 alcuna traccia di percolato e che nella matrice ambientale terra, acqua e suolo e\u00a0<b>l&#8217;acqua del Nic\u00e0 \u00e8 stata, quindi, sostanzialmente bonificata<\/b>. Mentre restiamo in attesa di capire quali saranno i risultati relativi alle indagini sulle contaminazioni del suolo.<\/p>\n<p class=\"xmprfx_MsoNormal\" style=\"text-align: justify\"><b>L\u2019Associazione Calabria Excellent ETS continuer\u00e0 a seguire con grande attenzione la vicenda<\/b>\u00a0non solo affinch\u00e9 sia garantita verit\u00e0 e trasparenza su fatti che riguardano una problematica d\u2019interesse generale ma anche e, soprattutto,\u00a0<b>per rispetto di quanti hanno subito danni considerevoli a seguito delle informazioni veicolate a fine giugno 2023 su un presunto \u201c<i>disastro ambientale<\/i>\u201d che avrebbe determinato lo \u201c<i>sversamento a mare del percolato\u201d<\/i>.<\/b><\/p>\n","protected":false},"excerpt":{"rendered":"<p>Su il \u201cQuotidiano del Sud\u201d di oggi\u00a0nell\u2019articolo di Giacinto Carvelli, dal titolo\u00a0\u201cPercolato nel Nic\u00e0, Siviglia: \u00abTorrenti bonificati, verifiche sul suolo\u00bb\u201d,\u00a0il quotidiano calabrese che meritoriamente informa i cittadini sulle problematiche pi\u00f9&hellip;<\/p>\n","protected":false},"author":12,"featured_media":46413,"comment_status":"closed","ping_status":"open","sticky":false,"template":"","format":"standard","meta":{"_jetpack_memberships_contains_paid_content":false,"footnotes":"","jetpack_publicize_message":"","jetpack_publicize_feature_enabled":true,"jetpack_social_post_already_shared":false,"jetpack_social_options":{"image_generator_settings":{"template":"highway","default_image_id":0,"font":"","enabled":false},"version":2}},"categories":[142,921,196],"tags":[28556,28555,3620,28557,219,1988],"class_list":["post-46412","post","type-post","status-publish","format-standard","has-post-thumbnail","hentry","category-calabria","category-home","category-news","tag-quotidiano-del-sud","tag-acqua-del-nica","tag-arpacal","tag-giacinto-carvelli","tag-regione-calabria","tag-salvatore-siviglia"],"yoast_head":"<!-- This site is optimized with the Yoast SEO plugin v27.2 - https:\/\/yoast.com\/product\/yoast-seo-wordpress\/ -->\n<title>Acqua del Nica \u00e8 pulita: precisazioni del Dirigente Regione Siviglia<\/title>\n<meta name=\"description\" content=\"Nell&#039;articolo su &quot;Il Quotidiano&quot; di ieri, il Dirigente della Regione precisa: &quot;Fatte analisi con Arpacal e\u00a0non ci sono tracce di inquinamento&quot;\" \/>\n<meta name=\"robots\" content=\"index, follow, max-snippet:-1, max-image-preview:large, max-video-preview:-1\" \/>\n<link rel=\"canonical\" href=\"https:\/\/progettotouring.it\/radiotouring104\/2024\/03\/06\/acqua-del-nica-e-pulita-precisazioni-del-dirigente-ambiente-della-regione-siviglia-su-prosecuzione-indagini-per-verificare-lo-stato-del-suolo\/\" \/>\n<meta property=\"og:locale\" content=\"it_IT\" \/>\n<meta property=\"og:type\" content=\"article\" \/>\n<meta property=\"og:title\" content=\"Acqua del Nica \u00e8 pulita: precisazioni del Dirigente Regione Siviglia\" \/>\n<meta property=\"og:description\" content=\"Nell&#039;articolo su &quot;Il Quotidiano&quot; di ieri, il Dirigente della Regione precisa: &quot;Fatte analisi con Arpacal e\u00a0non ci sono tracce di inquinamento&quot;\" \/>\n<meta property=\"og:url\" content=\"https:\/\/progettotouring.it\/radiotouring104\/2024\/03\/06\/acqua-del-nica-e-pulita-precisazioni-del-dirigente-ambiente-della-regione-siviglia-su-prosecuzione-indagini-per-verificare-lo-stato-del-suolo\/\" \/>\n<meta property=\"og:site_name\" content=\"Radio Touring 104\" \/>\n<meta property=\"article:published_time\" content=\"2024-03-06T09:58:53+00:00\" \/>\n<meta property=\"article:modified_time\" content=\"2024-03-06T09:59:20+00:00\" \/>\n<meta property=\"og:image\" content=\"https:\/\/progettotouring.it\/radiotouring104\/wp-content\/uploads\/sites\/6\/2024\/03\/spiaggia-mare-cariati-Acqua-del-Nica-Arpacal.jpg\" \/>\n\t<meta property=\"og:image:width\" content=\"1920\" \/>\n\t<meta property=\"og:image:height\" content=\"1080\" \/>\n\t<meta property=\"og:image:type\" content=\"image\/jpeg\" \/>\n<meta name=\"author\" content=\"Sebastiano Plutino\" \/>\n<meta name=\"twitter:card\" content=\"summary_large_image\" \/>\n<meta name=\"twitter:label1\" content=\"Scritto da\" \/>\n\t<meta name=\"twitter:data1\" content=\"Sebastiano Plutino\" \/>\n\t<meta name=\"twitter:label2\" content=\"Tempo di lettura stimato\" \/>\n\t<meta name=\"twitter:data2\" content=\"3 minuti\" \/>\n<script type=\"application\/ld+json\" class=\"yoast-schema-graph\">{\"@context\":\"https:\/\/schema.org\",\"@graph\":[{\"@type\":\"Article\",\"@id\":\"https:\/\/progettotouring.it\/radiotouring104\/2024\/03\/06\/acqua-del-nica-e-pulita-precisazioni-del-dirigente-ambiente-della-regione-siviglia-su-prosecuzione-indagini-per-verificare-lo-stato-del-suolo\/#article\",\"isPartOf\":{\"@id\":\"https:\/\/progettotouring.it\/radiotouring104\/2024\/03\/06\/acqua-del-nica-e-pulita-precisazioni-del-dirigente-ambiente-della-regione-siviglia-su-prosecuzione-indagini-per-verificare-lo-stato-del-suolo\/\"},\"author\":{\"name\":\"Sebastiano Plutino\",\"@id\":\"https:\/\/progettotouring.it\/radiotouring104\/#\/schema\/person\/78613917f1851f041f7483f5af1d422e\"},\"headline\":\"Acqua del Nica \u00e8 pulita: precisazioni del Dirigente Ambiente della Regione Siviglia su prosecuzione indagini per verificare lo stato del suolo\",\"datePublished\":\"2024-03-06T09:58:53+00:00\",\"dateModified\":\"2024-03-06T09:59:20+00:00\",\"mainEntityOfPage\":{\"@id\":\"https:\/\/progettotouring.it\/radiotouring104\/2024\/03\/06\/acqua-del-nica-e-pulita-precisazioni-del-dirigente-ambiente-della-regione-siviglia-su-prosecuzione-indagini-per-verificare-lo-stato-del-suolo\/\"},\"wordCount\":569,\"publisher\":{\"@id\":\"https:\/\/progettotouring.it\/radiotouring104\/#organization\"},\"image\":{\"@id\":\"https:\/\/progettotouring.it\/radiotouring104\/2024\/03\/06\/acqua-del-nica-e-pulita-precisazioni-del-dirigente-ambiente-della-regione-siviglia-su-prosecuzione-indagini-per-verificare-lo-stato-del-suolo\/#primaryimage\"},\"thumbnailUrl\":\"https:\/\/progettotouring.it\/radiotouring104\/wp-content\/uploads\/sites\/6\/2024\/03\/spiaggia-mare-cariati-Acqua-del-Nica-Arpacal.jpg\",\"keywords\":[\"\u201cQuotidiano del Sud\u201d\",\"Acqua del Nica\",\"ARPACal\",\"Giacinto Carvelli\",\"regione calabria\",\"salvatore siviglia\"],\"articleSection\":[\"Calabria\",\"Home\",\"News\"],\"inLanguage\":\"it-IT\"},{\"@type\":\"WebPage\",\"@id\":\"https:\/\/progettotouring.it\/radiotouring104\/2024\/03\/06\/acqua-del-nica-e-pulita-precisazioni-del-dirigente-ambiente-della-regione-siviglia-su-prosecuzione-indagini-per-verificare-lo-stato-del-suolo\/\",\"url\":\"https:\/\/progettotouring.it\/radiotouring104\/2024\/03\/06\/acqua-del-nica-e-pulita-precisazioni-del-dirigente-ambiente-della-regione-siviglia-su-prosecuzione-indagini-per-verificare-lo-stato-del-suolo\/\",\"name\":\"Acqua del Nica \u00e8 pulita: precisazioni del Dirigente Regione Siviglia\",\"isPartOf\":{\"@id\":\"https:\/\/progettotouring.it\/radiotouring104\/#website\"},\"primaryImageOfPage\":{\"@id\":\"https:\/\/progettotouring.it\/radiotouring104\/2024\/03\/06\/acqua-del-nica-e-pulita-precisazioni-del-dirigente-ambiente-della-regione-siviglia-su-prosecuzione-indagini-per-verificare-lo-stato-del-suolo\/#primaryimage\"},\"image\":{\"@id\":\"https:\/\/progettotouring.it\/radiotouring104\/2024\/03\/06\/acqua-del-nica-e-pulita-precisazioni-del-dirigente-ambiente-della-regione-siviglia-su-prosecuzione-indagini-per-verificare-lo-stato-del-suolo\/#primaryimage\"},\"thumbnailUrl\":\"https:\/\/progettotouring.it\/radiotouring104\/wp-content\/uploads\/sites\/6\/2024\/03\/spiaggia-mare-cariati-Acqua-del-Nica-Arpacal.jpg\",\"datePublished\":\"2024-03-06T09:58:53+00:00\",\"dateModified\":\"2024-03-06T09:59:20+00:00\",\"description\":\"Nell'articolo su \\\"Il Quotidiano\\\" di ieri, il Dirigente della Regione precisa: \\\"Fatte analisi con Arpacal e\u00a0non ci sono tracce di inquinamento\\\"\",\"breadcrumb\":{\"@id\":\"https:\/\/progettotouring.it\/radiotouring104\/2024\/03\/06\/acqua-del-nica-e-pulita-precisazioni-del-dirigente-ambiente-della-regione-siviglia-su-prosecuzione-indagini-per-verificare-lo-stato-del-suolo\/#breadcrumb\"},\"inLanguage\":\"it-IT\",\"potentialAction\":[{\"@type\":\"ReadAction\",\"target\":[\"https:\/\/progettotouring.it\/radiotouring104\/2024\/03\/06\/acqua-del-nica-e-pulita-precisazioni-del-dirigente-ambiente-della-regione-siviglia-su-prosecuzione-indagini-per-verificare-lo-stato-del-suolo\/\"]}]},{\"@type\":\"ImageObject\",\"inLanguage\":\"it-IT\",\"@id\":\"https:\/\/progettotouring.it\/radiotouring104\/2024\/03\/06\/acqua-del-nica-e-pulita-precisazioni-del-dirigente-ambiente-della-regione-siviglia-su-prosecuzione-indagini-per-verificare-lo-stato-del-suolo\/#primaryimage\",\"url\":\"https:\/\/progettotouring.it\/radiotouring104\/wp-content\/uploads\/sites\/6\/2024\/03\/spiaggia-mare-cariati-Acqua-del-Nica-Arpacal.jpg\",\"contentUrl\":\"https:\/\/progettotouring.it\/radiotouring104\/wp-content\/uploads\/sites\/6\/2024\/03\/spiaggia-mare-cariati-Acqua-del-Nica-Arpacal.jpg\",\"width\":1920,\"height\":1080},{\"@type\":\"BreadcrumbList\",\"@id\":\"https:\/\/progettotouring.it\/radiotouring104\/2024\/03\/06\/acqua-del-nica-e-pulita-precisazioni-del-dirigente-ambiente-della-regione-siviglia-su-prosecuzione-indagini-per-verificare-lo-stato-del-suolo\/#breadcrumb\",\"itemListElement\":[{\"@type\":\"ListItem\",\"position\":1,\"name\":\"Home\",\"item\":\"https:\/\/progettotouring.it\/radiotouring104\/\"},{\"@type\":\"ListItem\",\"position\":2,\"name\":\"Acqua del Nica \u00e8 pulita: precisazioni del Dirigente Ambiente della Regione Siviglia su prosecuzione indagini per verificare lo stato del suolo\"}]},{\"@type\":\"WebSite\",\"@id\":\"https:\/\/progettotouring.it\/radiotouring104\/#website\",\"url\":\"https:\/\/progettotouring.it\/radiotouring104\/\",\"name\":\"Radio Touring 104\",\"description\":\"La prima radio Reggina\",\"publisher\":{\"@id\":\"https:\/\/progettotouring.it\/radiotouring104\/#organization\"},\"potentialAction\":[{\"@type\":\"SearchAction\",\"target\":{\"@type\":\"EntryPoint\",\"urlTemplate\":\"https:\/\/progettotouring.it\/radiotouring104\/?s={search_term_string}\"},\"query-input\":{\"@type\":\"PropertyValueSpecification\",\"valueRequired\":true,\"valueName\":\"search_term_string\"}}],\"inLanguage\":\"it-IT\"},{\"@type\":\"Organization\",\"@id\":\"https:\/\/progettotouring.it\/radiotouring104\/#organization\",\"name\":\"Radio Touring 104\",\"url\":\"https:\/\/progettotouring.it\/radiotouring104\/\",\"logo\":{\"@type\":\"ImageObject\",\"inLanguage\":\"it-IT\",\"@id\":\"https:\/\/progettotouring.it\/radiotouring104\/#\/schema\/logo\/image\/\",\"url\":\"https:\/\/progettotouring.it\/radiotouring104\/wp-content\/uploads\/sites\/6\/2022\/02\/cropped-logo-radio-touring-104.png\",\"contentUrl\":\"https:\/\/progettotouring.it\/radiotouring104\/wp-content\/uploads\/sites\/6\/2022\/02\/cropped-logo-radio-touring-104.png\",\"width\":377,\"height\":182,\"caption\":\"Radio Touring 104\"},\"image\":{\"@id\":\"https:\/\/progettotouring.it\/radiotouring104\/#\/schema\/logo\/image\/\"}},{\"@type\":\"Person\",\"@id\":\"https:\/\/progettotouring.it\/radiotouring104\/#\/schema\/person\/78613917f1851f041f7483f5af1d422e\",\"name\":\"Sebastiano Plutino\",\"image\":{\"@type\":\"ImageObject\",\"inLanguage\":\"it-IT\",\"@id\":\"https:\/\/secure.gravatar.com\/avatar\/0546ffaa9b79224faf9f2a156b67a529ae861d3287c66c1d8ccfdf909bcba78d?s=96&d=mm&r=g\",\"url\":\"https:\/\/secure.gravatar.com\/avatar\/0546ffaa9b79224faf9f2a156b67a529ae861d3287c66c1d8ccfdf909bcba78d?s=96&d=mm&r=g\",\"contentUrl\":\"https:\/\/secure.gravatar.com\/avatar\/0546ffaa9b79224faf9f2a156b67a529ae861d3287c66c1d8ccfdf909bcba78d?s=96&d=mm&r=g\",\"caption\":\"Sebastiano Plutino\"},\"url\":\"https:\/\/progettotouring.it\/radiotouring104\/author\/sebastiano\/\"}]}<\/script>\n<!-- \/ Yoast SEO plugin. -->","yoast_head_json":{"title":"Acqua del Nica \u00e8 pulita: precisazioni del Dirigente Regione Siviglia","description":"Nell'articolo su \"Il Quotidiano\" di ieri, il Dirigente della Regione precisa: \"Fatte analisi con Arpacal e\u00a0non ci sono tracce di inquinamento\"","robots":{"index":"index","follow":"follow","max-snippet":"max-snippet:-1","max-image-preview":"max-image-preview:large","max-video-preview":"max-video-preview:-1"},"canonical":"https:\/\/progettotouring.it\/radiotouring104\/2024\/03\/06\/acqua-del-nica-e-pulita-precisazioni-del-dirigente-ambiente-della-regione-siviglia-su-prosecuzione-indagini-per-verificare-lo-stato-del-suolo\/","og_locale":"it_IT","og_type":"article","og_title":"Acqua del Nica \u00e8 pulita: precisazioni del Dirigente Regione Siviglia","og_description":"Nell'articolo su \"Il Quotidiano\" di ieri, il Dirigente della Regione precisa: \"Fatte analisi con Arpacal e\u00a0non ci sono tracce di inquinamento\"","og_url":"https:\/\/progettotouring.it\/radiotouring104\/2024\/03\/06\/acqua-del-nica-e-pulita-precisazioni-del-dirigente-ambiente-della-regione-siviglia-su-prosecuzione-indagini-per-verificare-lo-stato-del-suolo\/","og_site_name":"Radio Touring 104","article_published_time":"2024-03-06T09:58:53+00:00","article_modified_time":"2024-03-06T09:59:20+00:00","og_image":[{"width":1920,"height":1080,"url":"https:\/\/progettotouring.it\/radiotouring104\/wp-content\/uploads\/sites\/6\/2024\/03\/spiaggia-mare-cariati-Acqua-del-Nica-Arpacal.jpg","type":"image\/jpeg"}],"author":"Sebastiano Plutino","twitter_card":"summary_large_image","twitter_misc":{"Scritto da":"Sebastiano Plutino","Tempo di lettura stimato":"3 minuti"},"schema":{"@context":"https:\/\/schema.org","@graph":[{"@type":"Article","@id":"https:\/\/progettotouring.it\/radiotouring104\/2024\/03\/06\/acqua-del-nica-e-pulita-precisazioni-del-dirigente-ambiente-della-regione-siviglia-su-prosecuzione-indagini-per-verificare-lo-stato-del-suolo\/#article","isPartOf":{"@id":"https:\/\/progettotouring.it\/radiotouring104\/2024\/03\/06\/acqua-del-nica-e-pulita-precisazioni-del-dirigente-ambiente-della-regione-siviglia-su-prosecuzione-indagini-per-verificare-lo-stato-del-suolo\/"},"author":{"name":"Sebastiano Plutino","@id":"https:\/\/progettotouring.it\/radiotouring104\/#\/schema\/person\/78613917f1851f041f7483f5af1d422e"},"headline":"Acqua del Nica \u00e8 pulita: precisazioni del Dirigente Ambiente della Regione Siviglia su prosecuzione indagini per verificare lo stato del suolo","datePublished":"2024-03-06T09:58:53+00:00","dateModified":"2024-03-06T09:59:20+00:00","mainEntityOfPage":{"@id":"https:\/\/progettotouring.it\/radiotouring104\/2024\/03\/06\/acqua-del-nica-e-pulita-precisazioni-del-dirigente-ambiente-della-regione-siviglia-su-prosecuzione-indagini-per-verificare-lo-stato-del-suolo\/"},"wordCount":569,"publisher":{"@id":"https:\/\/progettotouring.it\/radiotouring104\/#organization"},"image":{"@id":"https:\/\/progettotouring.it\/radiotouring104\/2024\/03\/06\/acqua-del-nica-e-pulita-precisazioni-del-dirigente-ambiente-della-regione-siviglia-su-prosecuzione-indagini-per-verificare-lo-stato-del-suolo\/#primaryimage"},"thumbnailUrl":"https:\/\/progettotouring.it\/radiotouring104\/wp-content\/uploads\/sites\/6\/2024\/03\/spiaggia-mare-cariati-Acqua-del-Nica-Arpacal.jpg","keywords":["\u201cQuotidiano del Sud\u201d","Acqua del Nica","ARPACal","Giacinto Carvelli","regione calabria","salvatore siviglia"],"articleSection":["Calabria","Home","News"],"inLanguage":"it-IT"},{"@type":"WebPage","@id":"https:\/\/progettotouring.it\/radiotouring104\/2024\/03\/06\/acqua-del-nica-e-pulita-precisazioni-del-dirigente-ambiente-della-regione-siviglia-su-prosecuzione-indagini-per-verificare-lo-stato-del-suolo\/","url":"https:\/\/progettotouring.it\/radiotouring104\/2024\/03\/06\/acqua-del-nica-e-pulita-precisazioni-del-dirigente-ambiente-della-regione-siviglia-su-prosecuzione-indagini-per-verificare-lo-stato-del-suolo\/","name":"Acqua del Nica \u00e8 pulita: precisazioni del Dirigente Regione Siviglia","isPartOf":{"@id":"https:\/\/progettotouring.it\/radiotouring104\/#website"},"primaryImageOfPage":{"@id":"https:\/\/progettotouring.it\/radiotouring104\/2024\/03\/06\/acqua-del-nica-e-pulita-precisazioni-del-dirigente-ambiente-della-regione-siviglia-su-prosecuzione-indagini-per-verificare-lo-stato-del-suolo\/#primaryimage"},"image":{"@id":"https:\/\/progettotouring.it\/radiotouring104\/2024\/03\/06\/acqua-del-nica-e-pulita-precisazioni-del-dirigente-ambiente-della-regione-siviglia-su-prosecuzione-indagini-per-verificare-lo-stato-del-suolo\/#primaryimage"},"thumbnailUrl":"https:\/\/progettotouring.it\/radiotouring104\/wp-content\/uploads\/sites\/6\/2024\/03\/spiaggia-mare-cariati-Acqua-del-Nica-Arpacal.jpg","datePublished":"2024-03-06T09:58:53+00:00","dateModified":"2024-03-06T09:59:20+00:00","description":"Nell'articolo su \"Il Quotidiano\" di ieri, il Dirigente della Regione precisa: \"Fatte analisi con Arpacal e\u00a0non ci sono tracce di inquinamento\"","breadcrumb":{"@id":"https:\/\/progettotouring.it\/radiotouring104\/2024\/03\/06\/acqua-del-nica-e-pulita-precisazioni-del-dirigente-ambiente-della-regione-siviglia-su-prosecuzione-indagini-per-verificare-lo-stato-del-suolo\/#breadcrumb"},"inLanguage":"it-IT","potentialAction":[{"@type":"ReadAction","target":["https:\/\/progettotouring.it\/radiotouring104\/2024\/03\/06\/acqua-del-nica-e-pulita-precisazioni-del-dirigente-ambiente-della-regione-siviglia-su-prosecuzione-indagini-per-verificare-lo-stato-del-suolo\/"]}]},{"@type":"ImageObject","inLanguage":"it-IT","@id":"https:\/\/progettotouring.it\/radiotouring104\/2024\/03\/06\/acqua-del-nica-e-pulita-precisazioni-del-dirigente-ambiente-della-regione-siviglia-su-prosecuzione-indagini-per-verificare-lo-stato-del-suolo\/#primaryimage","url":"https:\/\/progettotouring.it\/radiotouring104\/wp-content\/uploads\/sites\/6\/2024\/03\/spiaggia-mare-cariati-Acqua-del-Nica-Arpacal.jpg","contentUrl":"https:\/\/progettotouring.it\/radiotouring104\/wp-content\/uploads\/sites\/6\/2024\/03\/spiaggia-mare-cariati-Acqua-del-Nica-Arpacal.jpg","width":1920,"height":1080},{"@type":"BreadcrumbList","@id":"https:\/\/progettotouring.it\/radiotouring104\/2024\/03\/06\/acqua-del-nica-e-pulita-precisazioni-del-dirigente-ambiente-della-regione-siviglia-su-prosecuzione-indagini-per-verificare-lo-stato-del-suolo\/#breadcrumb","itemListElement":[{"@type":"ListItem","position":1,"name":"Home","item":"https:\/\/progettotouring.it\/radiotouring104\/"},{"@type":"ListItem","position":2,"name":"Acqua del Nica \u00e8 pulita: precisazioni del Dirigente Ambiente della Regione Siviglia su prosecuzione indagini per verificare lo stato del suolo"}]},{"@type":"WebSite","@id":"https:\/\/progettotouring.it\/radiotouring104\/#website","url":"https:\/\/progettotouring.it\/radiotouring104\/","name":"Radio Touring 104","description":"La prima radio Reggina","publisher":{"@id":"https:\/\/progettotouring.it\/radiotouring104\/#organization"},"potentialAction":[{"@type":"SearchAction","target":{"@type":"EntryPoint","urlTemplate":"https:\/\/progettotouring.it\/radiotouring104\/?s={search_term_string}"},"query-input":{"@type":"PropertyValueSpecification","valueRequired":true,"valueName":"search_term_string"}}],"inLanguage":"it-IT"},{"@type":"Organization","@id":"https:\/\/progettotouring.it\/radiotouring104\/#organization","name":"Radio Touring 104","url":"https:\/\/progettotouring.it\/radiotouring104\/","logo":{"@type":"ImageObject","inLanguage":"it-IT","@id":"https:\/\/progettotouring.it\/radiotouring104\/#\/schema\/logo\/image\/","url":"https:\/\/progettotouring.it\/radiotouring104\/wp-content\/uploads\/sites\/6\/2022\/02\/cropped-logo-radio-touring-104.png","contentUrl":"https:\/\/progettotouring.it\/radiotouring104\/wp-content\/uploads\/sites\/6\/2022\/02\/cropped-logo-radio-touring-104.png","width":377,"height":182,"caption":"Radio Touring 104"},"image":{"@id":"https:\/\/progettotouring.it\/radiotouring104\/#\/schema\/logo\/image\/"}},{"@type":"Person","@id":"https:\/\/progettotouring.it\/radiotouring104\/#\/schema\/person\/78613917f1851f041f7483f5af1d422e","name":"Sebastiano Plutino","image":{"@type":"ImageObject","inLanguage":"it-IT","@id":"https:\/\/secure.gravatar.com\/avatar\/0546ffaa9b79224faf9f2a156b67a529ae861d3287c66c1d8ccfdf909bcba78d?s=96&d=mm&r=g","url":"https:\/\/secure.gravatar.com\/avatar\/0546ffaa9b79224faf9f2a156b67a529ae861d3287c66c1d8ccfdf909bcba78d?s=96&d=mm&r=g","contentUrl":"https:\/\/secure.gravatar.com\/avatar\/0546ffaa9b79224faf9f2a156b67a529ae861d3287c66c1d8ccfdf909bcba78d?s=96&d=mm&r=g","caption":"Sebastiano Plutino"},"url":"https:\/\/progettotouring.it\/radiotouring104\/author\/sebastiano\/"}]}},"jetpack_publicize_connections":[],"jetpack_featured_media_url":"https:\/\/progettotouring.it\/radiotouring104\/wp-content\/uploads\/sites\/6\/2024\/03\/spiaggia-mare-cariati-Acqua-del-Nica-Arpacal.jpg","jetpack_sharing_enabled":true,"_links":{"self":[{"href":"https:\/\/progettotouring.it\/radiotouring104\/wp-json\/wp\/v2\/posts\/46412","targetHints":{"allow":["GET"]}}],"collection":[{"href":"https:\/\/progettotouring.it\/radiotouring104\/wp-json\/wp\/v2\/posts"}],"about":[{"href":"https:\/\/progettotouring.it\/radiotouring104\/wp-json\/wp\/v2\/types\/post"}],"author":[{"embeddable":true,"href":"https:\/\/progettotouring.it\/radiotouring104\/wp-json\/wp\/v2\/users\/12"}],"replies":[{"embeddable":true,"href":"https:\/\/progettotouring.it\/radiotouring104\/wp-json\/wp\/v2\/comments?post=46412"}],"version-history":[{"count":1,"href":"https:\/\/progettotouring.it\/radiotouring104\/wp-json\/wp\/v2\/posts\/46412\/revisions"}],"predecessor-version":[{"id":46414,"href":"https:\/\/progettotouring.it\/radiotouring104\/wp-json\/wp\/v2\/posts\/46412\/revisions\/46414"}],"wp:featuredmedia":[{"embeddable":true,"href":"https:\/\/progettotouring.it\/radiotouring104\/wp-json\/wp\/v2\/media\/46413"}],"wp:attachment":[{"href":"https:\/\/progettotouring.it\/radiotouring104\/wp-json\/wp\/v2\/media?parent=46412"}],"wp:term":[{"taxonomy":"category","embeddable":true,"href":"https:\/\/progettotouring.it\/radiotouring104\/wp-json\/wp\/v2\/categories?post=46412"},{"taxonomy":"post_tag","embeddable":true,"href":"https:\/\/progettotouring.it\/radiotouring104\/wp-json\/wp\/v2\/tags?post=46412"}],"curies":[{"name":"wp","href":"https:\/\/api.w.org\/{rel}","templated":true}]}}