{"id":46552,"date":"2024-03-08T11:21:55","date_gmt":"2024-03-08T10:21:55","guid":{"rendered":"https:\/\/progettotouring.it\/radiotouring104\/?p=46552"},"modified":"2024-03-08T11:21:55","modified_gmt":"2024-03-08T10:21:55","slug":"giornata-della-donna-cisl-metrocity-per-la-difesa-delle-donne","status":"publish","type":"post","link":"https:\/\/progettotouring.it\/radiotouring104\/2024\/03\/08\/giornata-della-donna-cisl-metrocity-per-la-difesa-delle-donne\/","title":{"rendered":"Giornata della Donna: Cisl Metrocity per la difesa delle Donne"},"content":{"rendered":"<p style=\"text-align: justify\"><strong>In occasione dell&#8217; 8 marzo festa della donna,<\/strong> <strong>siamo a difesa dei valori fondamentali<\/strong> della persona, soprattutto<strong> della donna<\/strong> costretta a subire, pi\u00f9 di chiunque altro, le conseguenze di una comunit\u00e0 frantumata che si sbriciola sotto i colpi di <strong>scelte inappropriate poco adatte a colmare le disparit\u00e0 di genere<\/strong>, le fragilit\u00e0 e la sempre pi\u00f9 invocata qualit\u00e0 del lavoro femminile.<\/p>\n<p style=\"text-align: justify\"><strong>Come Cisl, Citt\u00e0 Metropolitana di Reggio Calabria<\/strong>, insieme al coordinamento donne, siamo costantemente impegnati, attraverso le tante iniziative, nonch\u00e9 una dialettica attiva del tradurre in provvedimenti contrattuali, per poter dare voce agli &#8220;invisibili&#8221;, e a tutte quelle donne costrette a subire abusi e disparit\u00e0 di trattamento, nei luoghi di lavoro.<\/p>\n<p style=\"text-align: justify\"><strong>Su questi argomenti delicati, noi come Cisl, abbiamo un nostro pensiero<\/strong>, carico delle giuste sensibilit\u00e0 e che guarda nel merito delle diverse questioni.<\/p>\n<p style=\"text-align: justify\"><strong>Non significa urlare e non ottenere nulla, ma approfondire e poi confrontarsi con la politica, le istituzioni e gli imprenditori proponendo attenzioni e soluzioni possibili,<\/strong> in ambito di accordi aziendali, contratti e sostegno a promozione normative dedicate.<\/p>\n<p style=\"text-align: justify\">Siamo da sempre impegnati su una lettura genuina di contesto valutando gli sforzi necessari affinch\u00e9 si arrivi a tangibili risultati di salvaguardia e tutela della donna, nel lavoro e nella societ\u00e0.<\/p>\n<p style=\"text-align: justify\">Non ci facciamo incantare dal buonismo, mentre le donne muoiono per mano di scellerati che non si rassegnano al rifiuto.<\/p>\n<p style=\"text-align: justify\">Per garantire maggiore tutela<strong> abbiamo ideato e istituito un apposito ufficio con dei professionisti che si interessi di tutela contro le discriminazioni e le violenze sulle donne questo<\/strong> come buone pratiche a sostegno delle vulnerabilit\u00e0\u00a0 che ruotano intorno al mondo femminile, inoltre siamo\u00a0 impegnati a seguire in maniera minuziosa la <strong>convenzione O.I.L del 2019 contro le violenze sulle donne<\/strong> nella parte che obbliga i datori di lavoro di redigere apposito documento sulla valutazione dei rischi cos\u00ec come previsto ampliando le sensibilit\u00e0 tra le funzioni e competenze delle RLS, RSU, RSA.<\/p>\n","protected":false},"excerpt":{"rendered":"<p>In occasione dell&#8217; 8 marzo festa della donna, siamo a difesa dei valori fondamentali della persona, soprattutto della donna costretta a subire, pi\u00f9 di chiunque altro, le conseguenze di una&hellip;<\/p>\n","protected":false},"author":12,"featured_media":30435,"comment_status":"closed","ping_status":"open","sticky":false,"template":"","format":"standard","meta":{"_jetpack_memberships_contains_paid_content":false,"footnotes":"","jetpack_publicize_message":"","jetpack_publicize_feature_enabled":true,"jetpack_social_post_already_shared":false,"jetpack_social_options":{"image_generator_settings":{"template":"highway","default_image_id":0,"font":"","enabled":false},"version":2}},"categories":[921,196,140],"tags":[28686,28689,28687,28688],"class_list":["post-46552","post","type-post","status-publish","format-standard","has-post-thumbnail","hentry","category-home","category-news","category-reggio-calabria","tag-cisl-metropolitana-di-reggio-calabria","tag-convenzione-o-i-l-del-2019-contro-le-violenze-sulle-donne","tag-giornata-internazionale-dellla-donna","tag-istiituito-ufficio-contro-discriminazioni"],"yoast_head":"<!-- This site is optimized with the Yoast SEO plugin v27.2 - https:\/\/yoast.com\/product\/yoast-seo-wordpress\/ -->\n<title>Giornata della Donna: Cisl Metrocity per la difesa delle Donne<\/title>\n<meta name=\"description\" content=\"Per la Giornata della Donna, Cisl Metrocity sottolinea l&#039;impegno quotidiano del Sindacato, a difesa dei diritti per la parit\u00e0 di genere\" \/>\n<meta name=\"robots\" content=\"index, follow, max-snippet:-1, max-image-preview:large, max-video-preview:-1\" \/>\n<link rel=\"canonical\" href=\"https:\/\/progettotouring.it\/radiotouring104\/2024\/03\/08\/giornata-della-donna-cisl-metrocity-per-la-difesa-delle-donne\/\" \/>\n<meta property=\"og:locale\" content=\"it_IT\" \/>\n<meta property=\"og:type\" content=\"article\" \/>\n<meta property=\"og:title\" content=\"Giornata della Donna: Cisl Metrocity per la difesa delle Donne\" \/>\n<meta property=\"og:description\" content=\"Per la Giornata della Donna, Cisl Metrocity sottolinea l&#039;impegno quotidiano del Sindacato, a difesa dei diritti per la parit\u00e0 di genere\" \/>\n<meta property=\"og:url\" content=\"https:\/\/progettotouring.it\/radiotouring104\/2024\/03\/08\/giornata-della-donna-cisl-metrocity-per-la-difesa-delle-donne\/\" \/>\n<meta property=\"og:site_name\" content=\"Radio Touring 104\" \/>\n<meta property=\"article:published_time\" content=\"2024-03-08T10:21:55+00:00\" \/>\n<meta property=\"og:image\" content=\"https:\/\/progettotouring.it\/radiotouring104\/wp-content\/uploads\/sites\/6\/2023\/07\/CISL-REGGIO-CAL.jpg\" \/>\n\t<meta property=\"og:image:width\" content=\"1280\" \/>\n\t<meta property=\"og:image:height\" content=\"720\" \/>\n\t<meta property=\"og:image:type\" content=\"image\/jpeg\" \/>\n<meta name=\"author\" content=\"Sebastiano Plutino\" \/>\n<meta name=\"twitter:card\" content=\"summary_large_image\" \/>\n<meta name=\"twitter:label1\" content=\"Scritto da\" \/>\n\t<meta name=\"twitter:data1\" content=\"Sebastiano Plutino\" \/>\n\t<meta name=\"twitter:label2\" content=\"Tempo di lettura stimato\" \/>\n\t<meta name=\"twitter:data2\" content=\"2 minuti\" \/>\n<script type=\"application\/ld+json\" class=\"yoast-schema-graph\">{\"@context\":\"https:\/\/schema.org\",\"@graph\":[{\"@type\":\"Article\",\"@id\":\"https:\/\/progettotouring.it\/radiotouring104\/2024\/03\/08\/giornata-della-donna-cisl-metrocity-per-la-difesa-delle-donne\/#article\",\"isPartOf\":{\"@id\":\"https:\/\/progettotouring.it\/radiotouring104\/2024\/03\/08\/giornata-della-donna-cisl-metrocity-per-la-difesa-delle-donne\/\"},\"author\":{\"name\":\"Sebastiano Plutino\",\"@id\":\"https:\/\/progettotouring.it\/radiotouring104\/#\/schema\/person\/78613917f1851f041f7483f5af1d422e\"},\"headline\":\"Giornata della Donna: Cisl Metrocity per la difesa delle Donne\",\"datePublished\":\"2024-03-08T10:21:55+00:00\",\"mainEntityOfPage\":{\"@id\":\"https:\/\/progettotouring.it\/radiotouring104\/2024\/03\/08\/giornata-della-donna-cisl-metrocity-per-la-difesa-delle-donne\/\"},\"wordCount\":321,\"publisher\":{\"@id\":\"https:\/\/progettotouring.it\/radiotouring104\/#organization\"},\"image\":{\"@id\":\"https:\/\/progettotouring.it\/radiotouring104\/2024\/03\/08\/giornata-della-donna-cisl-metrocity-per-la-difesa-delle-donne\/#primaryimage\"},\"thumbnailUrl\":\"https:\/\/progettotouring.it\/radiotouring104\/wp-content\/uploads\/sites\/6\/2023\/07\/CISL-REGGIO-CAL.jpg\",\"keywords\":[\"Cisl Metropolitana di Reggio Calabria\",\"convenzione O.I.L del 2019 contro le violenze sulle donne\",\"Giornata Internazionale dellla Donna\",\"istiituito ufficio contro discriminazioni\"],\"articleSection\":[\"Home\",\"News\",\"Reggio Calabria\"],\"inLanguage\":\"it-IT\"},{\"@type\":\"WebPage\",\"@id\":\"https:\/\/progettotouring.it\/radiotouring104\/2024\/03\/08\/giornata-della-donna-cisl-metrocity-per-la-difesa-delle-donne\/\",\"url\":\"https:\/\/progettotouring.it\/radiotouring104\/2024\/03\/08\/giornata-della-donna-cisl-metrocity-per-la-difesa-delle-donne\/\",\"name\":\"Giornata della Donna: Cisl Metrocity per la difesa delle Donne\",\"isPartOf\":{\"@id\":\"https:\/\/progettotouring.it\/radiotouring104\/#website\"},\"primaryImageOfPage\":{\"@id\":\"https:\/\/progettotouring.it\/radiotouring104\/2024\/03\/08\/giornata-della-donna-cisl-metrocity-per-la-difesa-delle-donne\/#primaryimage\"},\"image\":{\"@id\":\"https:\/\/progettotouring.it\/radiotouring104\/2024\/03\/08\/giornata-della-donna-cisl-metrocity-per-la-difesa-delle-donne\/#primaryimage\"},\"thumbnailUrl\":\"https:\/\/progettotouring.it\/radiotouring104\/wp-content\/uploads\/sites\/6\/2023\/07\/CISL-REGGIO-CAL.jpg\",\"datePublished\":\"2024-03-08T10:21:55+00:00\",\"description\":\"Per la Giornata della Donna, Cisl Metrocity sottolinea l'impegno quotidiano del Sindacato, a difesa dei diritti per la parit\u00e0 di genere\",\"breadcrumb\":{\"@id\":\"https:\/\/progettotouring.it\/radiotouring104\/2024\/03\/08\/giornata-della-donna-cisl-metrocity-per-la-difesa-delle-donne\/#breadcrumb\"},\"inLanguage\":\"it-IT\",\"potentialAction\":[{\"@type\":\"ReadAction\",\"target\":[\"https:\/\/progettotouring.it\/radiotouring104\/2024\/03\/08\/giornata-della-donna-cisl-metrocity-per-la-difesa-delle-donne\/\"]}]},{\"@type\":\"ImageObject\",\"inLanguage\":\"it-IT\",\"@id\":\"https:\/\/progettotouring.it\/radiotouring104\/2024\/03\/08\/giornata-della-donna-cisl-metrocity-per-la-difesa-delle-donne\/#primaryimage\",\"url\":\"https:\/\/progettotouring.it\/radiotouring104\/wp-content\/uploads\/sites\/6\/2023\/07\/CISL-REGGIO-CAL.jpg\",\"contentUrl\":\"https:\/\/progettotouring.it\/radiotouring104\/wp-content\/uploads\/sites\/6\/2023\/07\/CISL-REGGIO-CAL.jpg\",\"width\":1280,\"height\":720},{\"@type\":\"BreadcrumbList\",\"@id\":\"https:\/\/progettotouring.it\/radiotouring104\/2024\/03\/08\/giornata-della-donna-cisl-metrocity-per-la-difesa-delle-donne\/#breadcrumb\",\"itemListElement\":[{\"@type\":\"ListItem\",\"position\":1,\"name\":\"Home\",\"item\":\"https:\/\/progettotouring.it\/radiotouring104\/\"},{\"@type\":\"ListItem\",\"position\":2,\"name\":\"Giornata della Donna: Cisl Metrocity per la difesa delle Donne\"}]},{\"@type\":\"WebSite\",\"@id\":\"https:\/\/progettotouring.it\/radiotouring104\/#website\",\"url\":\"https:\/\/progettotouring.it\/radiotouring104\/\",\"name\":\"Radio Touring 104\",\"description\":\"La prima radio Reggina\",\"publisher\":{\"@id\":\"https:\/\/progettotouring.it\/radiotouring104\/#organization\"},\"potentialAction\":[{\"@type\":\"SearchAction\",\"target\":{\"@type\":\"EntryPoint\",\"urlTemplate\":\"https:\/\/progettotouring.it\/radiotouring104\/?s={search_term_string}\"},\"query-input\":{\"@type\":\"PropertyValueSpecification\",\"valueRequired\":true,\"valueName\":\"search_term_string\"}}],\"inLanguage\":\"it-IT\"},{\"@type\":\"Organization\",\"@id\":\"https:\/\/progettotouring.it\/radiotouring104\/#organization\",\"name\":\"Radio Touring 104\",\"url\":\"https:\/\/progettotouring.it\/radiotouring104\/\",\"logo\":{\"@type\":\"ImageObject\",\"inLanguage\":\"it-IT\",\"@id\":\"https:\/\/progettotouring.it\/radiotouring104\/#\/schema\/logo\/image\/\",\"url\":\"https:\/\/progettotouring.it\/radiotouring104\/wp-content\/uploads\/sites\/6\/2022\/02\/cropped-logo-radio-touring-104.png\",\"contentUrl\":\"https:\/\/progettotouring.it\/radiotouring104\/wp-content\/uploads\/sites\/6\/2022\/02\/cropped-logo-radio-touring-104.png\",\"width\":377,\"height\":182,\"caption\":\"Radio Touring 104\"},\"image\":{\"@id\":\"https:\/\/progettotouring.it\/radiotouring104\/#\/schema\/logo\/image\/\"}},{\"@type\":\"Person\",\"@id\":\"https:\/\/progettotouring.it\/radiotouring104\/#\/schema\/person\/78613917f1851f041f7483f5af1d422e\",\"name\":\"Sebastiano Plutino\",\"image\":{\"@type\":\"ImageObject\",\"inLanguage\":\"it-IT\",\"@id\":\"https:\/\/secure.gravatar.com\/avatar\/0546ffaa9b79224faf9f2a156b67a529ae861d3287c66c1d8ccfdf909bcba78d?s=96&d=mm&r=g\",\"url\":\"https:\/\/secure.gravatar.com\/avatar\/0546ffaa9b79224faf9f2a156b67a529ae861d3287c66c1d8ccfdf909bcba78d?s=96&d=mm&r=g\",\"contentUrl\":\"https:\/\/secure.gravatar.com\/avatar\/0546ffaa9b79224faf9f2a156b67a529ae861d3287c66c1d8ccfdf909bcba78d?s=96&d=mm&r=g\",\"caption\":\"Sebastiano Plutino\"},\"url\":\"https:\/\/progettotouring.it\/radiotouring104\/author\/sebastiano\/\"}]}<\/script>\n<!-- \/ Yoast SEO plugin. -->","yoast_head_json":{"title":"Giornata della Donna: Cisl Metrocity per la difesa delle Donne","description":"Per la Giornata della Donna, Cisl Metrocity sottolinea l'impegno quotidiano del Sindacato, a difesa dei diritti per la parit\u00e0 di genere","robots":{"index":"index","follow":"follow","max-snippet":"max-snippet:-1","max-image-preview":"max-image-preview:large","max-video-preview":"max-video-preview:-1"},"canonical":"https:\/\/progettotouring.it\/radiotouring104\/2024\/03\/08\/giornata-della-donna-cisl-metrocity-per-la-difesa-delle-donne\/","og_locale":"it_IT","og_type":"article","og_title":"Giornata della Donna: Cisl Metrocity per la difesa delle Donne","og_description":"Per la Giornata della Donna, Cisl Metrocity sottolinea l'impegno quotidiano del Sindacato, a difesa dei diritti per la parit\u00e0 di genere","og_url":"https:\/\/progettotouring.it\/radiotouring104\/2024\/03\/08\/giornata-della-donna-cisl-metrocity-per-la-difesa-delle-donne\/","og_site_name":"Radio Touring 104","article_published_time":"2024-03-08T10:21:55+00:00","og_image":[{"width":1280,"height":720,"url":"https:\/\/progettotouring.it\/radiotouring104\/wp-content\/uploads\/sites\/6\/2023\/07\/CISL-REGGIO-CAL.jpg","type":"image\/jpeg"}],"author":"Sebastiano Plutino","twitter_card":"summary_large_image","twitter_misc":{"Scritto da":"Sebastiano Plutino","Tempo di lettura stimato":"2 minuti"},"schema":{"@context":"https:\/\/schema.org","@graph":[{"@type":"Article","@id":"https:\/\/progettotouring.it\/radiotouring104\/2024\/03\/08\/giornata-della-donna-cisl-metrocity-per-la-difesa-delle-donne\/#article","isPartOf":{"@id":"https:\/\/progettotouring.it\/radiotouring104\/2024\/03\/08\/giornata-della-donna-cisl-metrocity-per-la-difesa-delle-donne\/"},"author":{"name":"Sebastiano Plutino","@id":"https:\/\/progettotouring.it\/radiotouring104\/#\/schema\/person\/78613917f1851f041f7483f5af1d422e"},"headline":"Giornata della Donna: Cisl Metrocity per la difesa delle Donne","datePublished":"2024-03-08T10:21:55+00:00","mainEntityOfPage":{"@id":"https:\/\/progettotouring.it\/radiotouring104\/2024\/03\/08\/giornata-della-donna-cisl-metrocity-per-la-difesa-delle-donne\/"},"wordCount":321,"publisher":{"@id":"https:\/\/progettotouring.it\/radiotouring104\/#organization"},"image":{"@id":"https:\/\/progettotouring.it\/radiotouring104\/2024\/03\/08\/giornata-della-donna-cisl-metrocity-per-la-difesa-delle-donne\/#primaryimage"},"thumbnailUrl":"https:\/\/progettotouring.it\/radiotouring104\/wp-content\/uploads\/sites\/6\/2023\/07\/CISL-REGGIO-CAL.jpg","keywords":["Cisl Metropolitana di Reggio Calabria","convenzione O.I.L del 2019 contro le violenze sulle donne","Giornata Internazionale dellla Donna","istiituito ufficio contro discriminazioni"],"articleSection":["Home","News","Reggio Calabria"],"inLanguage":"it-IT"},{"@type":"WebPage","@id":"https:\/\/progettotouring.it\/radiotouring104\/2024\/03\/08\/giornata-della-donna-cisl-metrocity-per-la-difesa-delle-donne\/","url":"https:\/\/progettotouring.it\/radiotouring104\/2024\/03\/08\/giornata-della-donna-cisl-metrocity-per-la-difesa-delle-donne\/","name":"Giornata della Donna: Cisl Metrocity per la difesa delle Donne","isPartOf":{"@id":"https:\/\/progettotouring.it\/radiotouring104\/#website"},"primaryImageOfPage":{"@id":"https:\/\/progettotouring.it\/radiotouring104\/2024\/03\/08\/giornata-della-donna-cisl-metrocity-per-la-difesa-delle-donne\/#primaryimage"},"image":{"@id":"https:\/\/progettotouring.it\/radiotouring104\/2024\/03\/08\/giornata-della-donna-cisl-metrocity-per-la-difesa-delle-donne\/#primaryimage"},"thumbnailUrl":"https:\/\/progettotouring.it\/radiotouring104\/wp-content\/uploads\/sites\/6\/2023\/07\/CISL-REGGIO-CAL.jpg","datePublished":"2024-03-08T10:21:55+00:00","description":"Per la Giornata della Donna, Cisl Metrocity sottolinea l'impegno quotidiano del Sindacato, a difesa dei diritti per la parit\u00e0 di genere","breadcrumb":{"@id":"https:\/\/progettotouring.it\/radiotouring104\/2024\/03\/08\/giornata-della-donna-cisl-metrocity-per-la-difesa-delle-donne\/#breadcrumb"},"inLanguage":"it-IT","potentialAction":[{"@type":"ReadAction","target":["https:\/\/progettotouring.it\/radiotouring104\/2024\/03\/08\/giornata-della-donna-cisl-metrocity-per-la-difesa-delle-donne\/"]}]},{"@type":"ImageObject","inLanguage":"it-IT","@id":"https:\/\/progettotouring.it\/radiotouring104\/2024\/03\/08\/giornata-della-donna-cisl-metrocity-per-la-difesa-delle-donne\/#primaryimage","url":"https:\/\/progettotouring.it\/radiotouring104\/wp-content\/uploads\/sites\/6\/2023\/07\/CISL-REGGIO-CAL.jpg","contentUrl":"https:\/\/progettotouring.it\/radiotouring104\/wp-content\/uploads\/sites\/6\/2023\/07\/CISL-REGGIO-CAL.jpg","width":1280,"height":720},{"@type":"BreadcrumbList","@id":"https:\/\/progettotouring.it\/radiotouring104\/2024\/03\/08\/giornata-della-donna-cisl-metrocity-per-la-difesa-delle-donne\/#breadcrumb","itemListElement":[{"@type":"ListItem","position":1,"name":"Home","item":"https:\/\/progettotouring.it\/radiotouring104\/"},{"@type":"ListItem","position":2,"name":"Giornata della Donna: Cisl Metrocity per la difesa delle Donne"}]},{"@type":"WebSite","@id":"https:\/\/progettotouring.it\/radiotouring104\/#website","url":"https:\/\/progettotouring.it\/radiotouring104\/","name":"Radio Touring 104","description":"La prima radio Reggina","publisher":{"@id":"https:\/\/progettotouring.it\/radiotouring104\/#organization"},"potentialAction":[{"@type":"SearchAction","target":{"@type":"EntryPoint","urlTemplate":"https:\/\/progettotouring.it\/radiotouring104\/?s={search_term_string}"},"query-input":{"@type":"PropertyValueSpecification","valueRequired":true,"valueName":"search_term_string"}}],"inLanguage":"it-IT"},{"@type":"Organization","@id":"https:\/\/progettotouring.it\/radiotouring104\/#organization","name":"Radio Touring 104","url":"https:\/\/progettotouring.it\/radiotouring104\/","logo":{"@type":"ImageObject","inLanguage":"it-IT","@id":"https:\/\/progettotouring.it\/radiotouring104\/#\/schema\/logo\/image\/","url":"https:\/\/progettotouring.it\/radiotouring104\/wp-content\/uploads\/sites\/6\/2022\/02\/cropped-logo-radio-touring-104.png","contentUrl":"https:\/\/progettotouring.it\/radiotouring104\/wp-content\/uploads\/sites\/6\/2022\/02\/cropped-logo-radio-touring-104.png","width":377,"height":182,"caption":"Radio Touring 104"},"image":{"@id":"https:\/\/progettotouring.it\/radiotouring104\/#\/schema\/logo\/image\/"}},{"@type":"Person","@id":"https:\/\/progettotouring.it\/radiotouring104\/#\/schema\/person\/78613917f1851f041f7483f5af1d422e","name":"Sebastiano Plutino","image":{"@type":"ImageObject","inLanguage":"it-IT","@id":"https:\/\/secure.gravatar.com\/avatar\/0546ffaa9b79224faf9f2a156b67a529ae861d3287c66c1d8ccfdf909bcba78d?s=96&d=mm&r=g","url":"https:\/\/secure.gravatar.com\/avatar\/0546ffaa9b79224faf9f2a156b67a529ae861d3287c66c1d8ccfdf909bcba78d?s=96&d=mm&r=g","contentUrl":"https:\/\/secure.gravatar.com\/avatar\/0546ffaa9b79224faf9f2a156b67a529ae861d3287c66c1d8ccfdf909bcba78d?s=96&d=mm&r=g","caption":"Sebastiano Plutino"},"url":"https:\/\/progettotouring.it\/radiotouring104\/author\/sebastiano\/"}]}},"jetpack_publicize_connections":[],"jetpack_featured_media_url":"https:\/\/progettotouring.it\/radiotouring104\/wp-content\/uploads\/sites\/6\/2023\/07\/CISL-REGGIO-CAL.jpg","jetpack_sharing_enabled":true,"_links":{"self":[{"href":"https:\/\/progettotouring.it\/radiotouring104\/wp-json\/wp\/v2\/posts\/46552","targetHints":{"allow":["GET"]}}],"collection":[{"href":"https:\/\/progettotouring.it\/radiotouring104\/wp-json\/wp\/v2\/posts"}],"about":[{"href":"https:\/\/progettotouring.it\/radiotouring104\/wp-json\/wp\/v2\/types\/post"}],"author":[{"embeddable":true,"href":"https:\/\/progettotouring.it\/radiotouring104\/wp-json\/wp\/v2\/users\/12"}],"replies":[{"embeddable":true,"href":"https:\/\/progettotouring.it\/radiotouring104\/wp-json\/wp\/v2\/comments?post=46552"}],"version-history":[{"count":1,"href":"https:\/\/progettotouring.it\/radiotouring104\/wp-json\/wp\/v2\/posts\/46552\/revisions"}],"predecessor-version":[{"id":46553,"href":"https:\/\/progettotouring.it\/radiotouring104\/wp-json\/wp\/v2\/posts\/46552\/revisions\/46553"}],"wp:featuredmedia":[{"embeddable":true,"href":"https:\/\/progettotouring.it\/radiotouring104\/wp-json\/wp\/v2\/media\/30435"}],"wp:attachment":[{"href":"https:\/\/progettotouring.it\/radiotouring104\/wp-json\/wp\/v2\/media?parent=46552"}],"wp:term":[{"taxonomy":"category","embeddable":true,"href":"https:\/\/progettotouring.it\/radiotouring104\/wp-json\/wp\/v2\/categories?post=46552"},{"taxonomy":"post_tag","embeddable":true,"href":"https:\/\/progettotouring.it\/radiotouring104\/wp-json\/wp\/v2\/tags?post=46552"}],"curies":[{"name":"wp","href":"https:\/\/api.w.org\/{rel}","templated":true}]}}