{"id":46969,"date":"2024-03-13T12:42:59","date_gmt":"2024-03-13T11:42:59","guid":{"rendered":"https:\/\/progettotouring.it\/radiotouring104\/?p=46969"},"modified":"2024-03-13T12:42:59","modified_gmt":"2024-03-13T11:42:59","slug":"calabria-per-miguel-svolta-sul-lungomare-lanimata-e-prestigiosa-manifestazione-podistica-dai-fini-sociali","status":"publish","type":"post","link":"https:\/\/progettotouring.it\/radiotouring104\/2024\/03\/13\/calabria-per-miguel-svolta-sul-lungomare-lanimata-e-prestigiosa-manifestazione-podistica-dai-fini-sociali\/","title":{"rendered":"&#8220;Calabria per Miguel&#8221;: svolta sul lungomare l&#8217;animata e prestigiosa manifestazione podistica dai fini sociali"},"content":{"rendered":"<p><strong>Il lungomare Falcomat\u00e0 di Reggio Calabria,<\/strong> questa mattina, <strong>ha ospitato la prestigiosa manifestazione podistica<\/strong> in <strong>ricordo del desaparecido argentino Miguel Sanchez<\/strong>, poeta e grande amante dello sport. La manifestazione, seguita in diretta dalla nostra emittente<strong>, Radio Video Touring, preente in loco<\/strong><\/p>\n<div id=\"penci-post-gallery__36024\" class=\"penci-post-gallery-container justified column-3\" data-height=\"150\" data-margin=\"3\"><a class=\"penci-gallery-ite item-gallery-justified\" href=\"https:\/\/progettotouring.it\/radiotouring104\/wp-content\/uploads\/sites\/6\/2024\/03\/ea35ac2b-89fe-465a-b571-38576bc1c20c.jpg\"><img decoding=\"async\" src=\"https:\/\/progettotouring.it\/radiotouring104\/wp-content\/uploads\/sites\/6\/2024\/03\/ea35ac2b-89fe-465a-b571-38576bc1c20c-585x329.jpg\" alt=\"\" title=\"ea35ac2b-89fe-465a-b571-38576bc1c20c\"><\/a><a class=\"penci-gallery-ite item-gallery-justified\" href=\"https:\/\/progettotouring.it\/radiotouring104\/wp-content\/uploads\/sites\/6\/2024\/03\/WhatsApp-Image-2024-03-13-at-11.07.57.jpeg\"><img decoding=\"async\" src=\"https:\/\/progettotouring.it\/radiotouring104\/wp-content\/uploads\/sites\/6\/2024\/03\/WhatsApp-Image-2024-03-13-at-11.07.57-585x439.jpeg\" alt=\"\" title=\"WhatsApp Image 2024-03-13 at 11.07.57\"><\/a><a class=\"penci-gallery-ite item-gallery-justified\" href=\"https:\/\/progettotouring.it\/radiotouring104\/wp-content\/uploads\/sites\/6\/2024\/03\/WhatsApp-Image-2024-03-13-at-11.07.56-1.jpeg\"><img decoding=\"async\" src=\"https:\/\/progettotouring.it\/radiotouring104\/wp-content\/uploads\/sites\/6\/2024\/03\/WhatsApp-Image-2024-03-13-at-11.07.56-1-585x439.jpeg\" alt=\"\" title=\"WhatsApp Image 2024-03-13 at 11.07.56 (1)\"><\/a><a class=\"penci-gallery-ite item-gallery-justified\" href=\"https:\/\/progettotouring.it\/radiotouring104\/wp-content\/uploads\/sites\/6\/2024\/03\/WhatsApp-Image-2024-03-13-at-11.07.56.jpeg\"><img decoding=\"async\" src=\"https:\/\/progettotouring.it\/radiotouring104\/wp-content\/uploads\/sites\/6\/2024\/03\/WhatsApp-Image-2024-03-13-at-11.07.56-585x439.jpeg\" alt=\"\" title=\"WhatsApp Image 2024-03-13 at 11.07.56\"><\/a><a class=\"penci-gallery-ite item-gallery-justified\" href=\"https:\/\/progettotouring.it\/radiotouring104\/wp-content\/uploads\/sites\/6\/2024\/03\/WhatsApp-Image-2024-03-13-at-11.07.55.jpeg\"><img decoding=\"async\" src=\"https:\/\/progettotouring.it\/radiotouring104\/wp-content\/uploads\/sites\/6\/2024\/03\/WhatsApp-Image-2024-03-13-at-11.07.55-585x439.jpeg\" alt=\"\" title=\"WhatsApp Image 2024-03-13 at 11.07.55\"><\/a><a class=\"penci-gallery-ite item-gallery-justified\" href=\"https:\/\/progettotouring.it\/radiotouring104\/wp-content\/uploads\/sites\/6\/2024\/03\/WhatsApp-Image-2024-03-13-at-11.01.57-1.jpeg\"><img decoding=\"async\" src=\"https:\/\/progettotouring.it\/radiotouring104\/wp-content\/uploads\/sites\/6\/2024\/03\/WhatsApp-Image-2024-03-13-at-11.01.57-1-585x329.jpeg\" alt=\"\" title=\"WhatsApp Image 2024-03-13 at 11.01.57 (1)\"><\/a><a class=\"penci-gallery-ite item-gallery-justified\" href=\"https:\/\/progettotouring.it\/radiotouring104\/wp-content\/uploads\/sites\/6\/2024\/03\/WhatsApp-Image-2024-03-13-at-11.01.57.jpeg\"><img decoding=\"async\" src=\"https:\/\/progettotouring.it\/radiotouring104\/wp-content\/uploads\/sites\/6\/2024\/03\/WhatsApp-Image-2024-03-13-at-11.01.57-585x329.jpeg\" alt=\"\" title=\"WhatsApp Image 2024-03-13 at 11.01.57\"><\/a><a class=\"penci-gallery-ite item-gallery-justified\" href=\"https:\/\/progettotouring.it\/radiotouring104\/wp-content\/uploads\/sites\/6\/2024\/03\/fdc09bab-03ec-435e-844a-3a8776177eb1.jpg\"><img decoding=\"async\" src=\"https:\/\/progettotouring.it\/radiotouring104\/wp-content\/uploads\/sites\/6\/2024\/03\/fdc09bab-03ec-435e-844a-3a8776177eb1-585x329.jpg\" alt=\"\" title=\"fdc09bab-03ec-435e-844a-3a8776177eb1\"><\/a><\/div>\n<p style=\"text-align: justify\"><strong>con la propria stazione walking radio, \u00e8 stata organizzata dall\u2019Unione Stampa Sportiva Italiana e dal Club Atletico Centrale<\/strong> ed ha riscosso un enorme successo per la grande\u00a0 partecipazione sia di atleti, come anche \u00e8 stata nutrita la presenza di numerosi<strong> studenti presenti che hanno fatto proprio il motto della Corsa di Miguel<\/strong>: <em>\u201cSport di tutti, per tutti, con tutti\u201d.<\/em><\/p>\n<p style=\"text-align: justify\"><strong>Gioved\u00ec la manifestazione sdoppier\u00e0 gli appuntamenti a Vibo Valentia:<\/strong> uno a Vibo Marina per le scuole medie e sul corso Vittorio Emanuele III per le scuole superiori, mentre il giorno seguente si terr\u00e0 la tappa di Crotone la tappa, particolarmente attesa perch\u00e9 il Mille di Miguel terr\u00e0 l&#8217;inaugurazione della nuova pista di atletica dell\u2019impianto Settore B.<\/p>\n","protected":false},"excerpt":{"rendered":"<p>Il lungomare Falcomat\u00e0 di Reggio Calabria, questa mattina, ha ospitato la prestigiosa manifestazione podistica in ricordo del desaparecido argentino Miguel Sanchez, poeta e grande amante dello sport. La manifestazione, seguita&hellip;<\/p>\n","protected":false},"author":12,"featured_media":46979,"comment_status":"closed","ping_status":"open","sticky":false,"template":"","format":"standard","meta":{"_jetpack_memberships_contains_paid_content":false,"footnotes":"","jetpack_publicize_message":"","jetpack_publicize_feature_enabled":true,"jetpack_social_post_already_shared":false,"jetpack_social_options":{"image_generator_settings":{"template":"highway","default_image_id":0,"font":"","enabled":false},"version":2}},"categories":[921,150,196,140],"tags":[28898,28896,28895,28894,28897,2289],"class_list":["post-46969","post","type-post","status-publish","format-standard","has-post-thumbnail","hentry","category-home","category-in-primo-piano","category-news","category-reggio-calabria","tag-club-atletico-centrale","tag-desaparecido-argentino-miguel-sanchez","tag-lungomare-falcomata-di-reggio-calabria","tag-una-corsa-per-miguel","tag-unione-stampa-sportiva-italiana","tag-video-touring"],"yoast_head":"<!-- This site is optimized with the Yoast SEO plugin v27.2 - https:\/\/yoast.com\/product\/yoast-seo-wordpress\/ -->\n<title>Reggio: sul Lungomare la manifestazione &quot;Calabria per Miguel&quot;<\/title>\n<meta name=\"description\" content=\"Svolta stamattina sul lungomare, seguita in loco da RadioVideotouring, la manifestazione in ricordo del desaparecido argentino Miguel Sanchez\" \/>\n<meta name=\"robots\" content=\"index, follow, max-snippet:-1, max-image-preview:large, max-video-preview:-1\" \/>\n<link rel=\"canonical\" href=\"https:\/\/progettotouring.it\/radiotouring104\/2024\/03\/13\/calabria-per-miguel-svolta-sul-lungomare-lanimata-e-prestigiosa-manifestazione-podistica-dai-fini-sociali\/\" \/>\n<meta property=\"og:locale\" content=\"it_IT\" \/>\n<meta property=\"og:type\" content=\"article\" \/>\n<meta property=\"og:title\" content=\"Reggio: sul Lungomare la manifestazione &quot;Calabria per Miguel&quot;\" \/>\n<meta property=\"og:description\" content=\"Svolta stamattina sul lungomare, seguita in loco da RadioVideotouring, la manifestazione in ricordo del desaparecido argentino Miguel Sanchez\" \/>\n<meta property=\"og:url\" content=\"https:\/\/progettotouring.it\/radiotouring104\/2024\/03\/13\/calabria-per-miguel-svolta-sul-lungomare-lanimata-e-prestigiosa-manifestazione-podistica-dai-fini-sociali\/\" \/>\n<meta property=\"og:site_name\" content=\"Radio Touring 104\" \/>\n<meta property=\"article:published_time\" content=\"2024-03-13T11:42:59+00:00\" \/>\n<meta property=\"og:image\" content=\"https:\/\/progettotouring.it\/radiotouring104\/wp-content\/uploads\/sites\/6\/2024\/03\/Una-corsa-per-Miguel.jpg\" \/>\n\t<meta property=\"og:image:width\" content=\"2000\" \/>\n\t<meta property=\"og:image:height\" content=\"1500\" \/>\n\t<meta property=\"og:image:type\" content=\"image\/jpeg\" \/>\n<meta name=\"author\" content=\"Sebastiano Plutino\" \/>\n<meta name=\"twitter:card\" content=\"summary_large_image\" \/>\n<meta name=\"twitter:label1\" content=\"Scritto da\" \/>\n\t<meta name=\"twitter:data1\" content=\"Sebastiano Plutino\" \/>\n\t<meta name=\"twitter:label2\" content=\"Tempo di lettura stimato\" \/>\n\t<meta name=\"twitter:data2\" content=\"1 minuto\" \/>\n<script type=\"application\/ld+json\" class=\"yoast-schema-graph\">{\"@context\":\"https:\/\/schema.org\",\"@graph\":[{\"@type\":\"Article\",\"@id\":\"https:\/\/progettotouring.it\/radiotouring104\/2024\/03\/13\/calabria-per-miguel-svolta-sul-lungomare-lanimata-e-prestigiosa-manifestazione-podistica-dai-fini-sociali\/#article\",\"isPartOf\":{\"@id\":\"https:\/\/progettotouring.it\/radiotouring104\/2024\/03\/13\/calabria-per-miguel-svolta-sul-lungomare-lanimata-e-prestigiosa-manifestazione-podistica-dai-fini-sociali\/\"},\"author\":{\"name\":\"Sebastiano Plutino\",\"@id\":\"https:\/\/progettotouring.it\/radiotouring104\/#\/schema\/person\/78613917f1851f041f7483f5af1d422e\"},\"headline\":\"&#8220;Calabria per Miguel&#8221;: svolta sul lungomare l&#8217;animata e prestigiosa manifestazione podistica dai fini sociali\",\"datePublished\":\"2024-03-13T11:42:59+00:00\",\"mainEntityOfPage\":{\"@id\":\"https:\/\/progettotouring.it\/radiotouring104\/2024\/03\/13\/calabria-per-miguel-svolta-sul-lungomare-lanimata-e-prestigiosa-manifestazione-podistica-dai-fini-sociali\/\"},\"wordCount\":172,\"publisher\":{\"@id\":\"https:\/\/progettotouring.it\/radiotouring104\/#organization\"},\"image\":{\"@id\":\"https:\/\/progettotouring.it\/radiotouring104\/2024\/03\/13\/calabria-per-miguel-svolta-sul-lungomare-lanimata-e-prestigiosa-manifestazione-podistica-dai-fini-sociali\/#primaryimage\"},\"thumbnailUrl\":\"https:\/\/progettotouring.it\/radiotouring104\/wp-content\/uploads\/sites\/6\/2024\/03\/Una-corsa-per-Miguel.jpg\",\"keywords\":[\"Club Atletico Centrale\",\"desaparecido argentino Miguel Sanchez\",\"lungomare Falcomat\u00e0 di Reggio Calabria\",\"Una corsa per Miguel\",\"Unione Stampa Sportiva Italiana\",\"video touring\"],\"articleSection\":[\"Home\",\"In primo piano\",\"News\",\"Reggio Calabria\"],\"inLanguage\":\"it-IT\"},{\"@type\":\"WebPage\",\"@id\":\"https:\/\/progettotouring.it\/radiotouring104\/2024\/03\/13\/calabria-per-miguel-svolta-sul-lungomare-lanimata-e-prestigiosa-manifestazione-podistica-dai-fini-sociali\/\",\"url\":\"https:\/\/progettotouring.it\/radiotouring104\/2024\/03\/13\/calabria-per-miguel-svolta-sul-lungomare-lanimata-e-prestigiosa-manifestazione-podistica-dai-fini-sociali\/\",\"name\":\"Reggio: sul Lungomare la manifestazione \\\"Calabria per Miguel\\\"\",\"isPartOf\":{\"@id\":\"https:\/\/progettotouring.it\/radiotouring104\/#website\"},\"primaryImageOfPage\":{\"@id\":\"https:\/\/progettotouring.it\/radiotouring104\/2024\/03\/13\/calabria-per-miguel-svolta-sul-lungomare-lanimata-e-prestigiosa-manifestazione-podistica-dai-fini-sociali\/#primaryimage\"},\"image\":{\"@id\":\"https:\/\/progettotouring.it\/radiotouring104\/2024\/03\/13\/calabria-per-miguel-svolta-sul-lungomare-lanimata-e-prestigiosa-manifestazione-podistica-dai-fini-sociali\/#primaryimage\"},\"thumbnailUrl\":\"https:\/\/progettotouring.it\/radiotouring104\/wp-content\/uploads\/sites\/6\/2024\/03\/Una-corsa-per-Miguel.jpg\",\"datePublished\":\"2024-03-13T11:42:59+00:00\",\"description\":\"Svolta stamattina sul lungomare, seguita in loco da RadioVideotouring, la manifestazione in ricordo del desaparecido argentino Miguel Sanchez\",\"breadcrumb\":{\"@id\":\"https:\/\/progettotouring.it\/radiotouring104\/2024\/03\/13\/calabria-per-miguel-svolta-sul-lungomare-lanimata-e-prestigiosa-manifestazione-podistica-dai-fini-sociali\/#breadcrumb\"},\"inLanguage\":\"it-IT\",\"potentialAction\":[{\"@type\":\"ReadAction\",\"target\":[\"https:\/\/progettotouring.it\/radiotouring104\/2024\/03\/13\/calabria-per-miguel-svolta-sul-lungomare-lanimata-e-prestigiosa-manifestazione-podistica-dai-fini-sociali\/\"]}]},{\"@type\":\"ImageObject\",\"inLanguage\":\"it-IT\",\"@id\":\"https:\/\/progettotouring.it\/radiotouring104\/2024\/03\/13\/calabria-per-miguel-svolta-sul-lungomare-lanimata-e-prestigiosa-manifestazione-podistica-dai-fini-sociali\/#primaryimage\",\"url\":\"https:\/\/progettotouring.it\/radiotouring104\/wp-content\/uploads\/sites\/6\/2024\/03\/Una-corsa-per-Miguel.jpg\",\"contentUrl\":\"https:\/\/progettotouring.it\/radiotouring104\/wp-content\/uploads\/sites\/6\/2024\/03\/Una-corsa-per-Miguel.jpg\",\"width\":2000,\"height\":1500},{\"@type\":\"BreadcrumbList\",\"@id\":\"https:\/\/progettotouring.it\/radiotouring104\/2024\/03\/13\/calabria-per-miguel-svolta-sul-lungomare-lanimata-e-prestigiosa-manifestazione-podistica-dai-fini-sociali\/#breadcrumb\",\"itemListElement\":[{\"@type\":\"ListItem\",\"position\":1,\"name\":\"Home\",\"item\":\"https:\/\/progettotouring.it\/radiotouring104\/\"},{\"@type\":\"ListItem\",\"position\":2,\"name\":\"&#8220;Calabria per Miguel&#8221;: svolta sul lungomare l&#8217;animata e prestigiosa manifestazione podistica dai fini sociali\"}]},{\"@type\":\"WebSite\",\"@id\":\"https:\/\/progettotouring.it\/radiotouring104\/#website\",\"url\":\"https:\/\/progettotouring.it\/radiotouring104\/\",\"name\":\"Radio Touring 104\",\"description\":\"La prima radio Reggina\",\"publisher\":{\"@id\":\"https:\/\/progettotouring.it\/radiotouring104\/#organization\"},\"potentialAction\":[{\"@type\":\"SearchAction\",\"target\":{\"@type\":\"EntryPoint\",\"urlTemplate\":\"https:\/\/progettotouring.it\/radiotouring104\/?s={search_term_string}\"},\"query-input\":{\"@type\":\"PropertyValueSpecification\",\"valueRequired\":true,\"valueName\":\"search_term_string\"}}],\"inLanguage\":\"it-IT\"},{\"@type\":\"Organization\",\"@id\":\"https:\/\/progettotouring.it\/radiotouring104\/#organization\",\"name\":\"Radio Touring 104\",\"url\":\"https:\/\/progettotouring.it\/radiotouring104\/\",\"logo\":{\"@type\":\"ImageObject\",\"inLanguage\":\"it-IT\",\"@id\":\"https:\/\/progettotouring.it\/radiotouring104\/#\/schema\/logo\/image\/\",\"url\":\"https:\/\/progettotouring.it\/radiotouring104\/wp-content\/uploads\/sites\/6\/2022\/02\/cropped-logo-radio-touring-104.png\",\"contentUrl\":\"https:\/\/progettotouring.it\/radiotouring104\/wp-content\/uploads\/sites\/6\/2022\/02\/cropped-logo-radio-touring-104.png\",\"width\":377,\"height\":182,\"caption\":\"Radio Touring 104\"},\"image\":{\"@id\":\"https:\/\/progettotouring.it\/radiotouring104\/#\/schema\/logo\/image\/\"}},{\"@type\":\"Person\",\"@id\":\"https:\/\/progettotouring.it\/radiotouring104\/#\/schema\/person\/78613917f1851f041f7483f5af1d422e\",\"name\":\"Sebastiano Plutino\",\"image\":{\"@type\":\"ImageObject\",\"inLanguage\":\"it-IT\",\"@id\":\"https:\/\/secure.gravatar.com\/avatar\/0546ffaa9b79224faf9f2a156b67a529ae861d3287c66c1d8ccfdf909bcba78d?s=96&d=mm&r=g\",\"url\":\"https:\/\/secure.gravatar.com\/avatar\/0546ffaa9b79224faf9f2a156b67a529ae861d3287c66c1d8ccfdf909bcba78d?s=96&d=mm&r=g\",\"contentUrl\":\"https:\/\/secure.gravatar.com\/avatar\/0546ffaa9b79224faf9f2a156b67a529ae861d3287c66c1d8ccfdf909bcba78d?s=96&d=mm&r=g\",\"caption\":\"Sebastiano Plutino\"},\"url\":\"https:\/\/progettotouring.it\/radiotouring104\/author\/sebastiano\/\"}]}<\/script>\n<!-- \/ Yoast SEO plugin. -->","yoast_head_json":{"title":"Reggio: sul Lungomare la manifestazione \"Calabria per Miguel\"","description":"Svolta stamattina sul lungomare, seguita in loco da RadioVideotouring, la manifestazione in ricordo del desaparecido argentino Miguel Sanchez","robots":{"index":"index","follow":"follow","max-snippet":"max-snippet:-1","max-image-preview":"max-image-preview:large","max-video-preview":"max-video-preview:-1"},"canonical":"https:\/\/progettotouring.it\/radiotouring104\/2024\/03\/13\/calabria-per-miguel-svolta-sul-lungomare-lanimata-e-prestigiosa-manifestazione-podistica-dai-fini-sociali\/","og_locale":"it_IT","og_type":"article","og_title":"Reggio: sul Lungomare la manifestazione \"Calabria per Miguel\"","og_description":"Svolta stamattina sul lungomare, seguita in loco da RadioVideotouring, la manifestazione in ricordo del desaparecido argentino Miguel Sanchez","og_url":"https:\/\/progettotouring.it\/radiotouring104\/2024\/03\/13\/calabria-per-miguel-svolta-sul-lungomare-lanimata-e-prestigiosa-manifestazione-podistica-dai-fini-sociali\/","og_site_name":"Radio Touring 104","article_published_time":"2024-03-13T11:42:59+00:00","og_image":[{"width":2000,"height":1500,"url":"https:\/\/progettotouring.it\/radiotouring104\/wp-content\/uploads\/sites\/6\/2024\/03\/Una-corsa-per-Miguel.jpg","type":"image\/jpeg"}],"author":"Sebastiano Plutino","twitter_card":"summary_large_image","twitter_misc":{"Scritto da":"Sebastiano Plutino","Tempo di lettura stimato":"1 minuto"},"schema":{"@context":"https:\/\/schema.org","@graph":[{"@type":"Article","@id":"https:\/\/progettotouring.it\/radiotouring104\/2024\/03\/13\/calabria-per-miguel-svolta-sul-lungomare-lanimata-e-prestigiosa-manifestazione-podistica-dai-fini-sociali\/#article","isPartOf":{"@id":"https:\/\/progettotouring.it\/radiotouring104\/2024\/03\/13\/calabria-per-miguel-svolta-sul-lungomare-lanimata-e-prestigiosa-manifestazione-podistica-dai-fini-sociali\/"},"author":{"name":"Sebastiano Plutino","@id":"https:\/\/progettotouring.it\/radiotouring104\/#\/schema\/person\/78613917f1851f041f7483f5af1d422e"},"headline":"&#8220;Calabria per Miguel&#8221;: svolta sul lungomare l&#8217;animata e prestigiosa manifestazione podistica dai fini sociali","datePublished":"2024-03-13T11:42:59+00:00","mainEntityOfPage":{"@id":"https:\/\/progettotouring.it\/radiotouring104\/2024\/03\/13\/calabria-per-miguel-svolta-sul-lungomare-lanimata-e-prestigiosa-manifestazione-podistica-dai-fini-sociali\/"},"wordCount":172,"publisher":{"@id":"https:\/\/progettotouring.it\/radiotouring104\/#organization"},"image":{"@id":"https:\/\/progettotouring.it\/radiotouring104\/2024\/03\/13\/calabria-per-miguel-svolta-sul-lungomare-lanimata-e-prestigiosa-manifestazione-podistica-dai-fini-sociali\/#primaryimage"},"thumbnailUrl":"https:\/\/progettotouring.it\/radiotouring104\/wp-content\/uploads\/sites\/6\/2024\/03\/Una-corsa-per-Miguel.jpg","keywords":["Club Atletico Centrale","desaparecido argentino Miguel Sanchez","lungomare Falcomat\u00e0 di Reggio Calabria","Una corsa per Miguel","Unione Stampa Sportiva Italiana","video touring"],"articleSection":["Home","In primo piano","News","Reggio Calabria"],"inLanguage":"it-IT"},{"@type":"WebPage","@id":"https:\/\/progettotouring.it\/radiotouring104\/2024\/03\/13\/calabria-per-miguel-svolta-sul-lungomare-lanimata-e-prestigiosa-manifestazione-podistica-dai-fini-sociali\/","url":"https:\/\/progettotouring.it\/radiotouring104\/2024\/03\/13\/calabria-per-miguel-svolta-sul-lungomare-lanimata-e-prestigiosa-manifestazione-podistica-dai-fini-sociali\/","name":"Reggio: sul Lungomare la manifestazione \"Calabria per Miguel\"","isPartOf":{"@id":"https:\/\/progettotouring.it\/radiotouring104\/#website"},"primaryImageOfPage":{"@id":"https:\/\/progettotouring.it\/radiotouring104\/2024\/03\/13\/calabria-per-miguel-svolta-sul-lungomare-lanimata-e-prestigiosa-manifestazione-podistica-dai-fini-sociali\/#primaryimage"},"image":{"@id":"https:\/\/progettotouring.it\/radiotouring104\/2024\/03\/13\/calabria-per-miguel-svolta-sul-lungomare-lanimata-e-prestigiosa-manifestazione-podistica-dai-fini-sociali\/#primaryimage"},"thumbnailUrl":"https:\/\/progettotouring.it\/radiotouring104\/wp-content\/uploads\/sites\/6\/2024\/03\/Una-corsa-per-Miguel.jpg","datePublished":"2024-03-13T11:42:59+00:00","description":"Svolta stamattina sul lungomare, seguita in loco da RadioVideotouring, la manifestazione in ricordo del desaparecido argentino Miguel Sanchez","breadcrumb":{"@id":"https:\/\/progettotouring.it\/radiotouring104\/2024\/03\/13\/calabria-per-miguel-svolta-sul-lungomare-lanimata-e-prestigiosa-manifestazione-podistica-dai-fini-sociali\/#breadcrumb"},"inLanguage":"it-IT","potentialAction":[{"@type":"ReadAction","target":["https:\/\/progettotouring.it\/radiotouring104\/2024\/03\/13\/calabria-per-miguel-svolta-sul-lungomare-lanimata-e-prestigiosa-manifestazione-podistica-dai-fini-sociali\/"]}]},{"@type":"ImageObject","inLanguage":"it-IT","@id":"https:\/\/progettotouring.it\/radiotouring104\/2024\/03\/13\/calabria-per-miguel-svolta-sul-lungomare-lanimata-e-prestigiosa-manifestazione-podistica-dai-fini-sociali\/#primaryimage","url":"https:\/\/progettotouring.it\/radiotouring104\/wp-content\/uploads\/sites\/6\/2024\/03\/Una-corsa-per-Miguel.jpg","contentUrl":"https:\/\/progettotouring.it\/radiotouring104\/wp-content\/uploads\/sites\/6\/2024\/03\/Una-corsa-per-Miguel.jpg","width":2000,"height":1500},{"@type":"BreadcrumbList","@id":"https:\/\/progettotouring.it\/radiotouring104\/2024\/03\/13\/calabria-per-miguel-svolta-sul-lungomare-lanimata-e-prestigiosa-manifestazione-podistica-dai-fini-sociali\/#breadcrumb","itemListElement":[{"@type":"ListItem","position":1,"name":"Home","item":"https:\/\/progettotouring.it\/radiotouring104\/"},{"@type":"ListItem","position":2,"name":"&#8220;Calabria per Miguel&#8221;: svolta sul lungomare l&#8217;animata e prestigiosa manifestazione podistica dai fini sociali"}]},{"@type":"WebSite","@id":"https:\/\/progettotouring.it\/radiotouring104\/#website","url":"https:\/\/progettotouring.it\/radiotouring104\/","name":"Radio Touring 104","description":"La prima radio Reggina","publisher":{"@id":"https:\/\/progettotouring.it\/radiotouring104\/#organization"},"potentialAction":[{"@type":"SearchAction","target":{"@type":"EntryPoint","urlTemplate":"https:\/\/progettotouring.it\/radiotouring104\/?s={search_term_string}"},"query-input":{"@type":"PropertyValueSpecification","valueRequired":true,"valueName":"search_term_string"}}],"inLanguage":"it-IT"},{"@type":"Organization","@id":"https:\/\/progettotouring.it\/radiotouring104\/#organization","name":"Radio Touring 104","url":"https:\/\/progettotouring.it\/radiotouring104\/","logo":{"@type":"ImageObject","inLanguage":"it-IT","@id":"https:\/\/progettotouring.it\/radiotouring104\/#\/schema\/logo\/image\/","url":"https:\/\/progettotouring.it\/radiotouring104\/wp-content\/uploads\/sites\/6\/2022\/02\/cropped-logo-radio-touring-104.png","contentUrl":"https:\/\/progettotouring.it\/radiotouring104\/wp-content\/uploads\/sites\/6\/2022\/02\/cropped-logo-radio-touring-104.png","width":377,"height":182,"caption":"Radio Touring 104"},"image":{"@id":"https:\/\/progettotouring.it\/radiotouring104\/#\/schema\/logo\/image\/"}},{"@type":"Person","@id":"https:\/\/progettotouring.it\/radiotouring104\/#\/schema\/person\/78613917f1851f041f7483f5af1d422e","name":"Sebastiano Plutino","image":{"@type":"ImageObject","inLanguage":"it-IT","@id":"https:\/\/secure.gravatar.com\/avatar\/0546ffaa9b79224faf9f2a156b67a529ae861d3287c66c1d8ccfdf909bcba78d?s=96&d=mm&r=g","url":"https:\/\/secure.gravatar.com\/avatar\/0546ffaa9b79224faf9f2a156b67a529ae861d3287c66c1d8ccfdf909bcba78d?s=96&d=mm&r=g","contentUrl":"https:\/\/secure.gravatar.com\/avatar\/0546ffaa9b79224faf9f2a156b67a529ae861d3287c66c1d8ccfdf909bcba78d?s=96&d=mm&r=g","caption":"Sebastiano Plutino"},"url":"https:\/\/progettotouring.it\/radiotouring104\/author\/sebastiano\/"}]}},"jetpack_publicize_connections":[],"jetpack_featured_media_url":"https:\/\/progettotouring.it\/radiotouring104\/wp-content\/uploads\/sites\/6\/2024\/03\/Una-corsa-per-Miguel.jpg","jetpack_sharing_enabled":true,"_links":{"self":[{"href":"https:\/\/progettotouring.it\/radiotouring104\/wp-json\/wp\/v2\/posts\/46969","targetHints":{"allow":["GET"]}}],"collection":[{"href":"https:\/\/progettotouring.it\/radiotouring104\/wp-json\/wp\/v2\/posts"}],"about":[{"href":"https:\/\/progettotouring.it\/radiotouring104\/wp-json\/wp\/v2\/types\/post"}],"author":[{"embeddable":true,"href":"https:\/\/progettotouring.it\/radiotouring104\/wp-json\/wp\/v2\/users\/12"}],"replies":[{"embeddable":true,"href":"https:\/\/progettotouring.it\/radiotouring104\/wp-json\/wp\/v2\/comments?post=46969"}],"version-history":[{"count":1,"href":"https:\/\/progettotouring.it\/radiotouring104\/wp-json\/wp\/v2\/posts\/46969\/revisions"}],"predecessor-version":[{"id":46980,"href":"https:\/\/progettotouring.it\/radiotouring104\/wp-json\/wp\/v2\/posts\/46969\/revisions\/46980"}],"wp:featuredmedia":[{"embeddable":true,"href":"https:\/\/progettotouring.it\/radiotouring104\/wp-json\/wp\/v2\/media\/46979"}],"wp:attachment":[{"href":"https:\/\/progettotouring.it\/radiotouring104\/wp-json\/wp\/v2\/media?parent=46969"}],"wp:term":[{"taxonomy":"category","embeddable":true,"href":"https:\/\/progettotouring.it\/radiotouring104\/wp-json\/wp\/v2\/categories?post=46969"},{"taxonomy":"post_tag","embeddable":true,"href":"https:\/\/progettotouring.it\/radiotouring104\/wp-json\/wp\/v2\/tags?post=46969"}],"curies":[{"name":"wp","href":"https:\/\/api.w.org\/{rel}","templated":true}]}}