{"id":47003,"date":"2024-03-14T10:08:00","date_gmt":"2024-03-14T09:08:00","guid":{"rendered":"https:\/\/progettotouring.it\/radiotouring104\/?p=47003"},"modified":"2024-03-14T10:08:00","modified_gmt":"2024-03-14T09:08:00","slug":"palazzo-alvaro-presentati-due-nuovi-presidi-slow-food-pruna-di-frati-di-terranova-e-le-piparelle-di-villa-san-giovanni","status":"publish","type":"post","link":"https:\/\/progettotouring.it\/radiotouring104\/2024\/03\/14\/palazzo-alvaro-presentati-due-nuovi-presidi-slow-food-pruna-di-frati-di-terranova-e-le-piparelle-di-villa-san-giovanni\/","title":{"rendered":"Palazzo Alvaro: presentati due nuovi Pres\u00ecdi Slow Food, &#8220;Pruna di frati di Terranova&#8221; e le &#8220;Piparelle di Villa San Giovanni&#8221;"},"content":{"rendered":"<p style=\"text-align: justify\"><strong>Due nuovi pres\u00ecdi Slow Food:<em> &#8220;<\/em><\/strong><em>Pruna di frati&#8221; di Terranova e &#8220;Piparelle\u201d<\/em> <strong>di Villa San Giovanni<\/strong>,<strong> sono stati presentati a Palazzo Alvaro,<\/strong> sede della Citt\u00e0 Metropolitana di Reggio Calabria.<strong> Si tratta di due prodotti gastronomici identitari del territorio reggino<\/strong>, maggiormente salvaguardati e valorizzati grazie all\u2019impegno dell\u2019Ente, promotore istituzionale che ha affiancato i <strong>produttori coinvolti da Slow Food.<\/strong><\/p>\n<div>\n<div class=\"xmprfx_gmail_signature\" dir=\"ltr\" data-smartmail=\"gmail_signature\">\n<div dir=\"ltr\">\n<div>\n<div style=\"text-align: justify\">\nPer l\u2019occasione erano <strong>presenti il sindaco metropolitano Giuseppe Falcomat\u00e0<\/strong>, il vicesindaco <strong>Carmelo Versace<\/strong> e il gi\u00e0 consigliere metropolitano delegato all\u2019Agricoltura, ora consigliere comunale reggino <strong>Giuseppe Giordano.<\/strong> Per Slow Food erano presenti<strong> Michelangelo D&#8217;Ambrosio,<\/strong> presidente Slow Food Calabria,<strong> Francesco Sacc\u00e0<\/strong>, responsabile Pres\u00ecdi di Slow Food Reggio Calabria, <strong>Francesco Foti<\/strong>, responsabile dei Pres\u00ecdi per la Condotta Slow Food versante dello Stretto e Costa Viola, <strong>Massimo Arena,<\/strong> presidente dell&#8217;associazione dei produttori del Presidio Slow Food &#8220;<em>Piparelle di Villa San Giovanni&#8221;,<\/em> <strong>Valerio Crin\u00f2<\/strong>, rappresentante produttori <em>&#8220;Pruna di frati di Terranova&#8221;,<\/em> oltre ai rappresentanti dei quattro Comuni interessati dai nuovi Presidi, Villa San Giovanni, con il sindaco <strong>Giusy Caminiti,<\/strong> Terranova <strong>Sappo Minulio,<\/strong> con il sindaco <strong>Ettore Tigani,<\/strong> Molochio, con il sindaco <strong>Marco Giuseppe Caruso,<\/strong> e Varapodio, con il sindaco<strong> Orlando Fazzolari.<\/strong> In sala anche i produttori delle aziende coinvolte.<\/p>\n<p><strong>In Calabria, \u00e8 stato detto, sono attivi 12 Pres\u00ecdi Slow Food, di questi cinque sono presenti nell\u2019area metropolitana reggina<\/strong>, si tratta dell\u2019arancia Belladonna di Villa San Giuseppe, il Caciocavallo di Cimin\u00e0, il capicollo Azeanca grecanico e gli ultimi due ingressi: Piparelle e Pruna di frati, che raggruppano complessivamente 25 produttori.<\/p>\n<p><strong>L\u2019impegno di Palazzo Alvaro si \u00e8 profuso per un\u2019attenzione particolare e tutela delle produzioni tipiche che rischiavano di scomparire.<\/strong> L\u2019 affiancamento a Slow Food ha garantito di poterli valorizzare al meglio, sposando i principi etici dei Pres\u00ecdi.<\/p>\n<p><strong>Nel salutare i presenti il sindaco metropolitano Giuseppe Falcomat\u00e0 ha ringraziato il consigliere Giordano<\/strong> <em>&#8220;per la passione e l\u2019impegno che ha dimostrato nel portare avanti questi percorsi di tutela e valorizzazione di produzioni di pregio dell&#8217;area&#8221;. E&#8217; importante evidenziare<\/em> &#8211;<strong> ha aggiunto<\/strong> &#8211; <em>che chi investe sul territorio non si senta solo dal punto di vista istituzionale. Questi riconoscimenti sono solo un primo passo per la Metrocity<\/em><strong> -ha concluso Falcomat\u00e0<\/strong> &#8211; <em>con l\u2019 auspicio che dalla Regione Calabria arrivino presto le deleghe necessarie per poter programmare ulteriori interventi in questo ambito&#8221;.<\/em><\/p>\n<p><em>&#8220;Con Slow Food \u00e8 nata una sinergia che sta dando dei frutti importanti &#8211;<\/em><strong> ha detto il consigliere Giordano <em>&#8211;<\/em><\/strong><em> il percorso che abbiamo gi\u00e0 inaugurato col presidio dell\u2019arancia Belladonna \u00e8 proseguito con la prugna di Terranova e le Piparelle di Villa San Giovanni. Si \u00e8 lavorato sulla qualit\u00e0 offrendo come Ente metropolitano un ruolo di garante istituzionale, che non si limita solo ad investire risorse. Salvaguardare le produzioni di nicchia &#8211; ha concluso &#8211; significa contribuire a dare sviluppo all\u2019economia locale metropolitana&#8221;.<\/em><\/p>\n<p><em>&#8220;Altre due eccellenze del nostro territorio entrano nella rete Slow Food &#8211; <\/em><strong>ha poi evidenziato il vicesindaco Versace<\/strong><em> &#8211; \u00e8 una bella pagina di impegno istituzionale anche perch\u00e8 tuteliamo l\u2019identit\u00e0 delle nostre produzioni, con l\u2019 auspicio che possano incontrare sempre di pi\u00f9 maggiore interesse nei mercati nazionale ed internazionale. Si conclude la prima tappa di un percorso importante<\/em> &#8211; <strong>ha aggiunto il vicesindaco<\/strong> &#8211;<em> e \u00a0speriamo che con l\u2019acquisizione anche delle funzioni della Citt\u00e0 metropolitana si possa \u00a0perfezionare sempre di pi\u00f9 questo progetto di vicinanza accanto al settore produttivo\u00a0agricolo&#8221;.<\/em><\/div>\n<\/div>\n<\/div>\n<\/div>\n<\/div>\n","protected":false},"excerpt":{"rendered":"<p>Due nuovi pres\u00ecdi Slow Food: &#8220;Pruna di frati&#8221; di Terranova e &#8220;Piparelle\u201d di Villa San Giovanni, sono stati presentati a Palazzo Alvaro, sede della Citt\u00e0 Metropolitana di Reggio Calabria. Si&hellip;<\/p>\n","protected":false},"author":12,"featured_media":47004,"comment_status":"closed","ping_status":"open","sticky":false,"template":"","format":"standard","meta":{"_jetpack_memberships_contains_paid_content":false,"footnotes":"","jetpack_publicize_message":"","jetpack_publicize_feature_enabled":true,"jetpack_social_post_already_shared":false,"jetpack_social_options":{"image_generator_settings":{"template":"highway","default_image_id":0,"font":"","enabled":false},"version":2}},"categories":[921,196,140],"tags":[22986,15353,4655,812,1763,28915,16468,26691,28916,26694],"class_list":["post-47003","post","type-post","status-publish","format-standard","has-post-thumbnail","hentry","category-home","category-news","category-reggio-calabria","tag-avv-carmelo-versace","tag-francesco-foti","tag-francesco-sacca","tag-giuseppe-falcomata","tag-giuseppe-giordano","tag-i-pruna-i-frati","tag-palazzo-alvaro-della-citta-metropolitana","tag-piparelle","tag-presentati-due-nuovi-presidi-slow-food","tag-slow-food-villa-san-giovanni"],"yoast_head":"<!-- This site is optimized with the Yoast SEO plugin v27.2 - https:\/\/yoast.com\/product\/yoast-seo-wordpress\/ -->\n<title>Palazzo Alvaro: presentati due nuovi Pres\u00ecdi Slow Food<\/title>\n<meta name=\"description\" content=\"Partecipata conferenza di presentazione &quot;Pruna di frati di Terranova&quot; e le &quot;Piparelle di Villa San Giovanni&quot; dei 2 nuovi prodotti identitari\" \/>\n<meta name=\"robots\" content=\"index, follow, max-snippet:-1, max-image-preview:large, max-video-preview:-1\" \/>\n<link rel=\"canonical\" href=\"https:\/\/progettotouring.it\/radiotouring104\/2024\/03\/14\/palazzo-alvaro-presentati-due-nuovi-presidi-slow-food-pruna-di-frati-di-terranova-e-le-piparelle-di-villa-san-giovanni\/\" \/>\n<meta property=\"og:locale\" content=\"it_IT\" \/>\n<meta property=\"og:type\" content=\"article\" \/>\n<meta property=\"og:title\" content=\"Palazzo Alvaro: presentati due nuovi Pres\u00ecdi Slow Food\" \/>\n<meta property=\"og:description\" content=\"Partecipata conferenza di presentazione &quot;Pruna di frati di Terranova&quot; e le &quot;Piparelle di Villa San Giovanni&quot; dei 2 nuovi prodotti identitari\" \/>\n<meta property=\"og:url\" content=\"https:\/\/progettotouring.it\/radiotouring104\/2024\/03\/14\/palazzo-alvaro-presentati-due-nuovi-presidi-slow-food-pruna-di-frati-di-terranova-e-le-piparelle-di-villa-san-giovanni\/\" \/>\n<meta property=\"og:site_name\" content=\"Radio Touring 104\" \/>\n<meta property=\"article:published_time\" content=\"2024-03-14T09:08:00+00:00\" \/>\n<meta property=\"og:image\" content=\"https:\/\/progettotouring.it\/radiotouring104\/wp-content\/uploads\/sites\/6\/2024\/03\/SLOW-FOOD-Villa-Piparelle-Pruna-i-Frati.jpg\" \/>\n\t<meta property=\"og:image:width\" content=\"1600\" \/>\n\t<meta property=\"og:image:height\" content=\"720\" \/>\n\t<meta property=\"og:image:type\" content=\"image\/jpeg\" \/>\n<meta name=\"author\" content=\"Sebastiano Plutino\" \/>\n<meta name=\"twitter:card\" content=\"summary_large_image\" \/>\n<meta name=\"twitter:label1\" content=\"Scritto da\" \/>\n\t<meta name=\"twitter:data1\" content=\"Sebastiano Plutino\" \/>\n\t<meta name=\"twitter:label2\" content=\"Tempo di lettura stimato\" \/>\n\t<meta name=\"twitter:data2\" content=\"3 minuti\" \/>\n<script type=\"application\/ld+json\" class=\"yoast-schema-graph\">{\"@context\":\"https:\/\/schema.org\",\"@graph\":[{\"@type\":\"Article\",\"@id\":\"https:\/\/progettotouring.it\/radiotouring104\/2024\/03\/14\/palazzo-alvaro-presentati-due-nuovi-presidi-slow-food-pruna-di-frati-di-terranova-e-le-piparelle-di-villa-san-giovanni\/#article\",\"isPartOf\":{\"@id\":\"https:\/\/progettotouring.it\/radiotouring104\/2024\/03\/14\/palazzo-alvaro-presentati-due-nuovi-presidi-slow-food-pruna-di-frati-di-terranova-e-le-piparelle-di-villa-san-giovanni\/\"},\"author\":{\"name\":\"Sebastiano Plutino\",\"@id\":\"https:\/\/progettotouring.it\/radiotouring104\/#\/schema\/person\/78613917f1851f041f7483f5af1d422e\"},\"headline\":\"Palazzo Alvaro: presentati due nuovi Pres\u00ecdi Slow Food, &#8220;Pruna di frati di Terranova&#8221; e le &#8220;Piparelle di Villa San Giovanni&#8221;\",\"datePublished\":\"2024-03-14T09:08:00+00:00\",\"mainEntityOfPage\":{\"@id\":\"https:\/\/progettotouring.it\/radiotouring104\/2024\/03\/14\/palazzo-alvaro-presentati-due-nuovi-presidi-slow-food-pruna-di-frati-di-terranova-e-le-piparelle-di-villa-san-giovanni\/\"},\"wordCount\":573,\"publisher\":{\"@id\":\"https:\/\/progettotouring.it\/radiotouring104\/#organization\"},\"image\":{\"@id\":\"https:\/\/progettotouring.it\/radiotouring104\/2024\/03\/14\/palazzo-alvaro-presentati-due-nuovi-presidi-slow-food-pruna-di-frati-di-terranova-e-le-piparelle-di-villa-san-giovanni\/#primaryimage\"},\"thumbnailUrl\":\"https:\/\/progettotouring.it\/radiotouring104\/wp-content\/uploads\/sites\/6\/2024\/03\/SLOW-FOOD-Villa-Piparelle-Pruna-i-Frati.jpg\",\"keywords\":[\"Avv. Carmelo Versace\",\"Francesco Foti\",\"Francesco Sacc\u00e0\",\"Giuseppe Falcomat\u00e0\",\"Giuseppe Giordano\",\"i pruna i frati\",\"Palazzo Alvaro della Citt\u00e0 Metropolitana\",\"piparelle\",\"presentati due nuovi Pres\u00ecdi Slow Food\",\"Slow Food Villa San Giovanni\"],\"articleSection\":[\"Home\",\"News\",\"Reggio Calabria\"],\"inLanguage\":\"it-IT\"},{\"@type\":\"WebPage\",\"@id\":\"https:\/\/progettotouring.it\/radiotouring104\/2024\/03\/14\/palazzo-alvaro-presentati-due-nuovi-presidi-slow-food-pruna-di-frati-di-terranova-e-le-piparelle-di-villa-san-giovanni\/\",\"url\":\"https:\/\/progettotouring.it\/radiotouring104\/2024\/03\/14\/palazzo-alvaro-presentati-due-nuovi-presidi-slow-food-pruna-di-frati-di-terranova-e-le-piparelle-di-villa-san-giovanni\/\",\"name\":\"Palazzo Alvaro: presentati due nuovi Pres\u00ecdi Slow Food\",\"isPartOf\":{\"@id\":\"https:\/\/progettotouring.it\/radiotouring104\/#website\"},\"primaryImageOfPage\":{\"@id\":\"https:\/\/progettotouring.it\/radiotouring104\/2024\/03\/14\/palazzo-alvaro-presentati-due-nuovi-presidi-slow-food-pruna-di-frati-di-terranova-e-le-piparelle-di-villa-san-giovanni\/#primaryimage\"},\"image\":{\"@id\":\"https:\/\/progettotouring.it\/radiotouring104\/2024\/03\/14\/palazzo-alvaro-presentati-due-nuovi-presidi-slow-food-pruna-di-frati-di-terranova-e-le-piparelle-di-villa-san-giovanni\/#primaryimage\"},\"thumbnailUrl\":\"https:\/\/progettotouring.it\/radiotouring104\/wp-content\/uploads\/sites\/6\/2024\/03\/SLOW-FOOD-Villa-Piparelle-Pruna-i-Frati.jpg\",\"datePublished\":\"2024-03-14T09:08:00+00:00\",\"description\":\"Partecipata conferenza di presentazione \\\"Pruna di frati di Terranova\\\" e le \\\"Piparelle di Villa San Giovanni\\\" dei 2 nuovi prodotti identitari\",\"breadcrumb\":{\"@id\":\"https:\/\/progettotouring.it\/radiotouring104\/2024\/03\/14\/palazzo-alvaro-presentati-due-nuovi-presidi-slow-food-pruna-di-frati-di-terranova-e-le-piparelle-di-villa-san-giovanni\/#breadcrumb\"},\"inLanguage\":\"it-IT\",\"potentialAction\":[{\"@type\":\"ReadAction\",\"target\":[\"https:\/\/progettotouring.it\/radiotouring104\/2024\/03\/14\/palazzo-alvaro-presentati-due-nuovi-presidi-slow-food-pruna-di-frati-di-terranova-e-le-piparelle-di-villa-san-giovanni\/\"]}]},{\"@type\":\"ImageObject\",\"inLanguage\":\"it-IT\",\"@id\":\"https:\/\/progettotouring.it\/radiotouring104\/2024\/03\/14\/palazzo-alvaro-presentati-due-nuovi-presidi-slow-food-pruna-di-frati-di-terranova-e-le-piparelle-di-villa-san-giovanni\/#primaryimage\",\"url\":\"https:\/\/progettotouring.it\/radiotouring104\/wp-content\/uploads\/sites\/6\/2024\/03\/SLOW-FOOD-Villa-Piparelle-Pruna-i-Frati.jpg\",\"contentUrl\":\"https:\/\/progettotouring.it\/radiotouring104\/wp-content\/uploads\/sites\/6\/2024\/03\/SLOW-FOOD-Villa-Piparelle-Pruna-i-Frati.jpg\",\"width\":1600,\"height\":720},{\"@type\":\"BreadcrumbList\",\"@id\":\"https:\/\/progettotouring.it\/radiotouring104\/2024\/03\/14\/palazzo-alvaro-presentati-due-nuovi-presidi-slow-food-pruna-di-frati-di-terranova-e-le-piparelle-di-villa-san-giovanni\/#breadcrumb\",\"itemListElement\":[{\"@type\":\"ListItem\",\"position\":1,\"name\":\"Home\",\"item\":\"https:\/\/progettotouring.it\/radiotouring104\/\"},{\"@type\":\"ListItem\",\"position\":2,\"name\":\"Palazzo Alvaro: presentati due nuovi Pres\u00ecdi Slow Food, &#8220;Pruna di frati di Terranova&#8221; e le &#8220;Piparelle di Villa San Giovanni&#8221;\"}]},{\"@type\":\"WebSite\",\"@id\":\"https:\/\/progettotouring.it\/radiotouring104\/#website\",\"url\":\"https:\/\/progettotouring.it\/radiotouring104\/\",\"name\":\"Radio Touring 104\",\"description\":\"La prima radio Reggina\",\"publisher\":{\"@id\":\"https:\/\/progettotouring.it\/radiotouring104\/#organization\"},\"potentialAction\":[{\"@type\":\"SearchAction\",\"target\":{\"@type\":\"EntryPoint\",\"urlTemplate\":\"https:\/\/progettotouring.it\/radiotouring104\/?s={search_term_string}\"},\"query-input\":{\"@type\":\"PropertyValueSpecification\",\"valueRequired\":true,\"valueName\":\"search_term_string\"}}],\"inLanguage\":\"it-IT\"},{\"@type\":\"Organization\",\"@id\":\"https:\/\/progettotouring.it\/radiotouring104\/#organization\",\"name\":\"Radio Touring 104\",\"url\":\"https:\/\/progettotouring.it\/radiotouring104\/\",\"logo\":{\"@type\":\"ImageObject\",\"inLanguage\":\"it-IT\",\"@id\":\"https:\/\/progettotouring.it\/radiotouring104\/#\/schema\/logo\/image\/\",\"url\":\"https:\/\/progettotouring.it\/radiotouring104\/wp-content\/uploads\/sites\/6\/2022\/02\/cropped-logo-radio-touring-104.png\",\"contentUrl\":\"https:\/\/progettotouring.it\/radiotouring104\/wp-content\/uploads\/sites\/6\/2022\/02\/cropped-logo-radio-touring-104.png\",\"width\":377,\"height\":182,\"caption\":\"Radio Touring 104\"},\"image\":{\"@id\":\"https:\/\/progettotouring.it\/radiotouring104\/#\/schema\/logo\/image\/\"}},{\"@type\":\"Person\",\"@id\":\"https:\/\/progettotouring.it\/radiotouring104\/#\/schema\/person\/78613917f1851f041f7483f5af1d422e\",\"name\":\"Sebastiano Plutino\",\"image\":{\"@type\":\"ImageObject\",\"inLanguage\":\"it-IT\",\"@id\":\"https:\/\/secure.gravatar.com\/avatar\/0546ffaa9b79224faf9f2a156b67a529ae861d3287c66c1d8ccfdf909bcba78d?s=96&d=mm&r=g\",\"url\":\"https:\/\/secure.gravatar.com\/avatar\/0546ffaa9b79224faf9f2a156b67a529ae861d3287c66c1d8ccfdf909bcba78d?s=96&d=mm&r=g\",\"contentUrl\":\"https:\/\/secure.gravatar.com\/avatar\/0546ffaa9b79224faf9f2a156b67a529ae861d3287c66c1d8ccfdf909bcba78d?s=96&d=mm&r=g\",\"caption\":\"Sebastiano Plutino\"},\"url\":\"https:\/\/progettotouring.it\/radiotouring104\/author\/sebastiano\/\"}]}<\/script>\n<!-- \/ Yoast SEO plugin. -->","yoast_head_json":{"title":"Palazzo Alvaro: presentati due nuovi Pres\u00ecdi Slow Food","description":"Partecipata conferenza di presentazione \"Pruna di frati di Terranova\" e le \"Piparelle di Villa San Giovanni\" dei 2 nuovi prodotti identitari","robots":{"index":"index","follow":"follow","max-snippet":"max-snippet:-1","max-image-preview":"max-image-preview:large","max-video-preview":"max-video-preview:-1"},"canonical":"https:\/\/progettotouring.it\/radiotouring104\/2024\/03\/14\/palazzo-alvaro-presentati-due-nuovi-presidi-slow-food-pruna-di-frati-di-terranova-e-le-piparelle-di-villa-san-giovanni\/","og_locale":"it_IT","og_type":"article","og_title":"Palazzo Alvaro: presentati due nuovi Pres\u00ecdi Slow Food","og_description":"Partecipata conferenza di presentazione \"Pruna di frati di Terranova\" e le \"Piparelle di Villa San Giovanni\" dei 2 nuovi prodotti identitari","og_url":"https:\/\/progettotouring.it\/radiotouring104\/2024\/03\/14\/palazzo-alvaro-presentati-due-nuovi-presidi-slow-food-pruna-di-frati-di-terranova-e-le-piparelle-di-villa-san-giovanni\/","og_site_name":"Radio Touring 104","article_published_time":"2024-03-14T09:08:00+00:00","og_image":[{"width":1600,"height":720,"url":"https:\/\/progettotouring.it\/radiotouring104\/wp-content\/uploads\/sites\/6\/2024\/03\/SLOW-FOOD-Villa-Piparelle-Pruna-i-Frati.jpg","type":"image\/jpeg"}],"author":"Sebastiano Plutino","twitter_card":"summary_large_image","twitter_misc":{"Scritto da":"Sebastiano Plutino","Tempo di lettura stimato":"3 minuti"},"schema":{"@context":"https:\/\/schema.org","@graph":[{"@type":"Article","@id":"https:\/\/progettotouring.it\/radiotouring104\/2024\/03\/14\/palazzo-alvaro-presentati-due-nuovi-presidi-slow-food-pruna-di-frati-di-terranova-e-le-piparelle-di-villa-san-giovanni\/#article","isPartOf":{"@id":"https:\/\/progettotouring.it\/radiotouring104\/2024\/03\/14\/palazzo-alvaro-presentati-due-nuovi-presidi-slow-food-pruna-di-frati-di-terranova-e-le-piparelle-di-villa-san-giovanni\/"},"author":{"name":"Sebastiano Plutino","@id":"https:\/\/progettotouring.it\/radiotouring104\/#\/schema\/person\/78613917f1851f041f7483f5af1d422e"},"headline":"Palazzo Alvaro: presentati due nuovi Pres\u00ecdi Slow Food, &#8220;Pruna di frati di Terranova&#8221; e le &#8220;Piparelle di Villa San Giovanni&#8221;","datePublished":"2024-03-14T09:08:00+00:00","mainEntityOfPage":{"@id":"https:\/\/progettotouring.it\/radiotouring104\/2024\/03\/14\/palazzo-alvaro-presentati-due-nuovi-presidi-slow-food-pruna-di-frati-di-terranova-e-le-piparelle-di-villa-san-giovanni\/"},"wordCount":573,"publisher":{"@id":"https:\/\/progettotouring.it\/radiotouring104\/#organization"},"image":{"@id":"https:\/\/progettotouring.it\/radiotouring104\/2024\/03\/14\/palazzo-alvaro-presentati-due-nuovi-presidi-slow-food-pruna-di-frati-di-terranova-e-le-piparelle-di-villa-san-giovanni\/#primaryimage"},"thumbnailUrl":"https:\/\/progettotouring.it\/radiotouring104\/wp-content\/uploads\/sites\/6\/2024\/03\/SLOW-FOOD-Villa-Piparelle-Pruna-i-Frati.jpg","keywords":["Avv. Carmelo Versace","Francesco Foti","Francesco Sacc\u00e0","Giuseppe Falcomat\u00e0","Giuseppe Giordano","i pruna i frati","Palazzo Alvaro della Citt\u00e0 Metropolitana","piparelle","presentati due nuovi Pres\u00ecdi Slow Food","Slow Food Villa San Giovanni"],"articleSection":["Home","News","Reggio Calabria"],"inLanguage":"it-IT"},{"@type":"WebPage","@id":"https:\/\/progettotouring.it\/radiotouring104\/2024\/03\/14\/palazzo-alvaro-presentati-due-nuovi-presidi-slow-food-pruna-di-frati-di-terranova-e-le-piparelle-di-villa-san-giovanni\/","url":"https:\/\/progettotouring.it\/radiotouring104\/2024\/03\/14\/palazzo-alvaro-presentati-due-nuovi-presidi-slow-food-pruna-di-frati-di-terranova-e-le-piparelle-di-villa-san-giovanni\/","name":"Palazzo Alvaro: presentati due nuovi Pres\u00ecdi Slow Food","isPartOf":{"@id":"https:\/\/progettotouring.it\/radiotouring104\/#website"},"primaryImageOfPage":{"@id":"https:\/\/progettotouring.it\/radiotouring104\/2024\/03\/14\/palazzo-alvaro-presentati-due-nuovi-presidi-slow-food-pruna-di-frati-di-terranova-e-le-piparelle-di-villa-san-giovanni\/#primaryimage"},"image":{"@id":"https:\/\/progettotouring.it\/radiotouring104\/2024\/03\/14\/palazzo-alvaro-presentati-due-nuovi-presidi-slow-food-pruna-di-frati-di-terranova-e-le-piparelle-di-villa-san-giovanni\/#primaryimage"},"thumbnailUrl":"https:\/\/progettotouring.it\/radiotouring104\/wp-content\/uploads\/sites\/6\/2024\/03\/SLOW-FOOD-Villa-Piparelle-Pruna-i-Frati.jpg","datePublished":"2024-03-14T09:08:00+00:00","description":"Partecipata conferenza di presentazione \"Pruna di frati di Terranova\" e le \"Piparelle di Villa San Giovanni\" dei 2 nuovi prodotti identitari","breadcrumb":{"@id":"https:\/\/progettotouring.it\/radiotouring104\/2024\/03\/14\/palazzo-alvaro-presentati-due-nuovi-presidi-slow-food-pruna-di-frati-di-terranova-e-le-piparelle-di-villa-san-giovanni\/#breadcrumb"},"inLanguage":"it-IT","potentialAction":[{"@type":"ReadAction","target":["https:\/\/progettotouring.it\/radiotouring104\/2024\/03\/14\/palazzo-alvaro-presentati-due-nuovi-presidi-slow-food-pruna-di-frati-di-terranova-e-le-piparelle-di-villa-san-giovanni\/"]}]},{"@type":"ImageObject","inLanguage":"it-IT","@id":"https:\/\/progettotouring.it\/radiotouring104\/2024\/03\/14\/palazzo-alvaro-presentati-due-nuovi-presidi-slow-food-pruna-di-frati-di-terranova-e-le-piparelle-di-villa-san-giovanni\/#primaryimage","url":"https:\/\/progettotouring.it\/radiotouring104\/wp-content\/uploads\/sites\/6\/2024\/03\/SLOW-FOOD-Villa-Piparelle-Pruna-i-Frati.jpg","contentUrl":"https:\/\/progettotouring.it\/radiotouring104\/wp-content\/uploads\/sites\/6\/2024\/03\/SLOW-FOOD-Villa-Piparelle-Pruna-i-Frati.jpg","width":1600,"height":720},{"@type":"BreadcrumbList","@id":"https:\/\/progettotouring.it\/radiotouring104\/2024\/03\/14\/palazzo-alvaro-presentati-due-nuovi-presidi-slow-food-pruna-di-frati-di-terranova-e-le-piparelle-di-villa-san-giovanni\/#breadcrumb","itemListElement":[{"@type":"ListItem","position":1,"name":"Home","item":"https:\/\/progettotouring.it\/radiotouring104\/"},{"@type":"ListItem","position":2,"name":"Palazzo Alvaro: presentati due nuovi Pres\u00ecdi Slow Food, &#8220;Pruna di frati di Terranova&#8221; e le &#8220;Piparelle di Villa San Giovanni&#8221;"}]},{"@type":"WebSite","@id":"https:\/\/progettotouring.it\/radiotouring104\/#website","url":"https:\/\/progettotouring.it\/radiotouring104\/","name":"Radio Touring 104","description":"La prima radio Reggina","publisher":{"@id":"https:\/\/progettotouring.it\/radiotouring104\/#organization"},"potentialAction":[{"@type":"SearchAction","target":{"@type":"EntryPoint","urlTemplate":"https:\/\/progettotouring.it\/radiotouring104\/?s={search_term_string}"},"query-input":{"@type":"PropertyValueSpecification","valueRequired":true,"valueName":"search_term_string"}}],"inLanguage":"it-IT"},{"@type":"Organization","@id":"https:\/\/progettotouring.it\/radiotouring104\/#organization","name":"Radio Touring 104","url":"https:\/\/progettotouring.it\/radiotouring104\/","logo":{"@type":"ImageObject","inLanguage":"it-IT","@id":"https:\/\/progettotouring.it\/radiotouring104\/#\/schema\/logo\/image\/","url":"https:\/\/progettotouring.it\/radiotouring104\/wp-content\/uploads\/sites\/6\/2022\/02\/cropped-logo-radio-touring-104.png","contentUrl":"https:\/\/progettotouring.it\/radiotouring104\/wp-content\/uploads\/sites\/6\/2022\/02\/cropped-logo-radio-touring-104.png","width":377,"height":182,"caption":"Radio Touring 104"},"image":{"@id":"https:\/\/progettotouring.it\/radiotouring104\/#\/schema\/logo\/image\/"}},{"@type":"Person","@id":"https:\/\/progettotouring.it\/radiotouring104\/#\/schema\/person\/78613917f1851f041f7483f5af1d422e","name":"Sebastiano Plutino","image":{"@type":"ImageObject","inLanguage":"it-IT","@id":"https:\/\/secure.gravatar.com\/avatar\/0546ffaa9b79224faf9f2a156b67a529ae861d3287c66c1d8ccfdf909bcba78d?s=96&d=mm&r=g","url":"https:\/\/secure.gravatar.com\/avatar\/0546ffaa9b79224faf9f2a156b67a529ae861d3287c66c1d8ccfdf909bcba78d?s=96&d=mm&r=g","contentUrl":"https:\/\/secure.gravatar.com\/avatar\/0546ffaa9b79224faf9f2a156b67a529ae861d3287c66c1d8ccfdf909bcba78d?s=96&d=mm&r=g","caption":"Sebastiano Plutino"},"url":"https:\/\/progettotouring.it\/radiotouring104\/author\/sebastiano\/"}]}},"jetpack_publicize_connections":[],"jetpack_featured_media_url":"https:\/\/progettotouring.it\/radiotouring104\/wp-content\/uploads\/sites\/6\/2024\/03\/SLOW-FOOD-Villa-Piparelle-Pruna-i-Frati.jpg","jetpack_sharing_enabled":true,"_links":{"self":[{"href":"https:\/\/progettotouring.it\/radiotouring104\/wp-json\/wp\/v2\/posts\/47003","targetHints":{"allow":["GET"]}}],"collection":[{"href":"https:\/\/progettotouring.it\/radiotouring104\/wp-json\/wp\/v2\/posts"}],"about":[{"href":"https:\/\/progettotouring.it\/radiotouring104\/wp-json\/wp\/v2\/types\/post"}],"author":[{"embeddable":true,"href":"https:\/\/progettotouring.it\/radiotouring104\/wp-json\/wp\/v2\/users\/12"}],"replies":[{"embeddable":true,"href":"https:\/\/progettotouring.it\/radiotouring104\/wp-json\/wp\/v2\/comments?post=47003"}],"version-history":[{"count":1,"href":"https:\/\/progettotouring.it\/radiotouring104\/wp-json\/wp\/v2\/posts\/47003\/revisions"}],"predecessor-version":[{"id":47005,"href":"https:\/\/progettotouring.it\/radiotouring104\/wp-json\/wp\/v2\/posts\/47003\/revisions\/47005"}],"wp:featuredmedia":[{"embeddable":true,"href":"https:\/\/progettotouring.it\/radiotouring104\/wp-json\/wp\/v2\/media\/47004"}],"wp:attachment":[{"href":"https:\/\/progettotouring.it\/radiotouring104\/wp-json\/wp\/v2\/media?parent=47003"}],"wp:term":[{"taxonomy":"category","embeddable":true,"href":"https:\/\/progettotouring.it\/radiotouring104\/wp-json\/wp\/v2\/categories?post=47003"},{"taxonomy":"post_tag","embeddable":true,"href":"https:\/\/progettotouring.it\/radiotouring104\/wp-json\/wp\/v2\/tags?post=47003"}],"curies":[{"name":"wp","href":"https:\/\/api.w.org\/{rel}","templated":true}]}}