{"id":47008,"date":"2024-03-14T10:31:56","date_gmt":"2024-03-14T09:31:56","guid":{"rendered":"https:\/\/progettotouring.it\/radiotouring104\/?p=47008"},"modified":"2024-03-14T10:31:56","modified_gmt":"2024-03-14T09:31:56","slug":"reggio-indignazione-della-senatrice-minasi-per-la-chiusura-del-centro-sociale-a-sbarre","status":"publish","type":"post","link":"https:\/\/progettotouring.it\/radiotouring104\/2024\/03\/14\/reggio-indignazione-della-senatrice-minasi-per-la-chiusura-del-centro-sociale-a-sbarre\/","title":{"rendered":"Reggio: indignazione della Senatrice Minasi per la chiusura del Centro Sociale a Sbarre"},"content":{"rendered":"<div dir=\"auto\"><strong>Dopo la richiesta di convocazione in commissione Politiche Sociali dei rappresentanti del Centro Sociale di Via Graziella,<\/strong> sfrattati senza preavviso, prevista per luned\u00ec,<strong> del Consigliere Comunale reggino, Mario Cardia,\u00a0 il duro comunicato indignato della Senatrice leghista Tilde Minasi:<\/strong><\/div>\n<div><\/div>\n<p class=\"xmprfx_gmail-Corpo\" style=\"text-align: justify\"><em>\u00abE\u2019 con grande sgomento che apprendo la notizia della inopinata chiusura del Centro Sociale di Via Graziella a Reggio. Conosco bene quel Centro, per anni ho avuto l&#8217;onore di prendere parte alle sue attivit\u00e0 e ho potuto toccare con mano il prezioso lavoro che viene portato avanti per gli anziani.<span class=\"xmprfx_gmail-Apple-converted-space\">\u00a0<\/span><\/em><\/p>\n<p class=\"xmprfx_gmail-Corpo\" style=\"text-align: justify\"><em>Ecco perch\u00e9 quel Centro non \u00e8 da considerarsi solo un edificio, ma cuore pulsante della comunit\u00e0 locale, un luogo di valore inestimabile per la socializzazione e il supporto agli anziani che vi partecipano attivamente. La scelta dell\u2019Amministrazione Comunale \u00e8 inaccettabile\u00bb.<\/em><\/p>\n<p class=\"xmprfx_gmail-Corpo\" style=\"text-align: justify\">Inizia cos\u00ec una <strong>nota accorata<\/strong> della Senatrice della Lega, Tilde <strong>Minasi, che commenta la chiusura del Centro Sociale di via Graziella<\/strong> a Reggio Calabria.<span class=\"xmprfx_gmail-Apple-converted-space\">\u00a0<\/span><\/p>\n<p class=\"xmprfx_gmail-Corpo\" style=\"text-align: justify\"><em>\u00abLa decisione di chiuderlo senza nemmeno concedere, a chi lo frequentava e forniva la propria attivit\u00e0, la possibilit\u00e0 di recuperare le proprie cose <\/em>\u2013<strong> dice la Senatrice<\/strong> \u2013<em> \u00e8 un\u2019offesa anche alla dignit\u00e0 umana. Queste persone non sono meri oggetti da spostare, ma individui, a cui si deve rispetto e considerazione.<\/em><\/p>\n<p class=\"xmprfx_gmail-Corpo\" style=\"text-align: justify\"><em>I lavori programmati per il piano superiore<\/em> \u2013 <strong>continua Minasi<\/strong> \u2013<em> avrebbero potuto essere gestiti con accorgimenti diversi, per consentire la compresenza degli anziani durante il periodo di ristrutturazione.<\/em><\/p>\n<p class=\"xmprfx_gmail-Corpo\" style=\"text-align: justify\"><em>Inoltre, non \u00e8 stato fornito loro alcun piano alternativo per garantire un posto dove poter proseguire le attivit\u00e0 e incontrarsi, n\u00e9 i loro appelli sono stati raccolti dal Comune.<span class=\"xmprfx_gmail-Apple-converted-space\">\u00a0<\/span>\u00c8 inconcepibile che, dopo vent&#8217;anni di dedizione e partecipazione attiva, questi anziani vengano trattati con tale disprezzo e indifferenza.<\/em><\/p>\n<p class=\"xmprfx_gmail-Corpo\" style=\"text-align: justify\"><em>Chiedo, quindi, con forza <\/em>\u2013 <strong>prosegue la Senatric<\/strong>e \u2013<em> che venga ripristinata la piena operativit\u00e0 del Centro Sociale e che vengano prese tutte le misure necessarie per garantire agli anziani il diritto di continuare a usufruire dei servizi che il centro offre.<span class=\"xmprfx_gmail-Apple-converted-space\">\u00a0<\/span><\/em><\/p>\n<p class=\"xmprfx_gmail-Corpo\" style=\"text-align: justify\"><em>Il loro benessere deve essere la nostra priorit\u00e0 assoluta, esattamente come lo \u00e8 sempre stata per me, nel mio impegno come Assessore, prima comunale e poi regionale, alle Politiche sociali.<\/em><\/p>\n<p class=\"xmprfx_gmail-Corpo\" style=\"text-align: justify\"><em>Quindi non solo mi unisco alla loro protesta<\/em> <strong>\u2013 conclude \u2013<\/strong><em> ma far\u00f2 tutto ci\u00f2 che \u00e8 nelle mie possibilit\u00e0 perch<span lang=\"FR\">\u00e9<span class=\"xmprfx_gmail-Apple-converted-space\">\u00a0<\/span><\/span>la situazione sia risolta nell<span dir=\"RTL\" lang=\"AR-SA\">\u2019<\/span>immediato\u00bb.<\/em><\/p>\n","protected":false},"excerpt":{"rendered":"<p>Dopo la richiesta di convocazione in commissione Politiche Sociali dei rappresentanti del Centro Sociale di Via Graziella, sfrattati senza preavviso, prevista per luned\u00ec, del Consigliere Comunale reggino, Mario Cardia,\u00a0 il&hellip;<\/p>\n","protected":false},"author":12,"featured_media":10212,"comment_status":"closed","ping_status":"open","sticky":false,"template":"","format":"standard","meta":{"_jetpack_memberships_contains_paid_content":false,"footnotes":"","jetpack_publicize_message":"","jetpack_publicize_feature_enabled":true,"jetpack_social_post_already_shared":false,"jetpack_social_options":{"image_generator_settings":{"template":"highway","default_image_id":0,"font":"","enabled":false},"version":2}},"categories":[921,196,140],"tags":[28919,28920,28921,19538,1412],"class_list":["post-47008","post","type-post","status-publish","format-standard","has-post-thumbnail","hentry","category-home","category-news","category-reggio-calabria","tag-centro-sociale-via-graziella","tag-chiusura-centro-sociale-sbarre","tag-indignazione","tag-mario-cardia","tag-tilde-minasi"],"yoast_head":"<!-- This site is optimized with the Yoast SEO plugin v27.2 - https:\/\/yoast.com\/product\/yoast-seo-wordpress\/ -->\n<title>Reggio: Minasi indignata per chiusura Centro sociale a Sbarre<\/title>\n<meta name=\"description\" content=\"Dopo la richiesta di convocazione in Commissione del Consigliere Cardia. la forte indignazione della Senatrice sulla chiusura\" \/>\n<meta name=\"robots\" content=\"index, follow, max-snippet:-1, max-image-preview:large, max-video-preview:-1\" \/>\n<link rel=\"canonical\" href=\"https:\/\/progettotouring.it\/radiotouring104\/2024\/03\/14\/reggio-indignazione-della-senatrice-minasi-per-la-chiusura-del-centro-sociale-a-sbarre\/\" \/>\n<meta property=\"og:locale\" content=\"it_IT\" \/>\n<meta property=\"og:type\" content=\"article\" \/>\n<meta property=\"og:title\" content=\"Reggio: Minasi indignata per chiusura Centro sociale a Sbarre\" \/>\n<meta property=\"og:description\" content=\"Dopo la richiesta di convocazione in Commissione del Consigliere Cardia. la forte indignazione della Senatrice sulla chiusura\" \/>\n<meta property=\"og:url\" content=\"https:\/\/progettotouring.it\/radiotouring104\/2024\/03\/14\/reggio-indignazione-della-senatrice-minasi-per-la-chiusura-del-centro-sociale-a-sbarre\/\" \/>\n<meta property=\"og:site_name\" content=\"Radio Touring 104\" \/>\n<meta property=\"article:published_time\" content=\"2024-03-14T09:31:56+00:00\" \/>\n<meta property=\"og:image\" content=\"https:\/\/progettotouring.it\/radiotouring104\/wp-content\/uploads\/sites\/6\/2022\/10\/tilde-minasi.jpg\" \/>\n\t<meta property=\"og:image:width\" content=\"932\" \/>\n\t<meta property=\"og:image:height\" content=\"716\" \/>\n\t<meta property=\"og:image:type\" content=\"image\/jpeg\" \/>\n<meta name=\"author\" content=\"Sebastiano Plutino\" \/>\n<meta name=\"twitter:card\" content=\"summary_large_image\" \/>\n<meta name=\"twitter:label1\" content=\"Scritto da\" \/>\n\t<meta name=\"twitter:data1\" content=\"Sebastiano Plutino\" \/>\n\t<meta name=\"twitter:label2\" content=\"Tempo di lettura stimato\" \/>\n\t<meta name=\"twitter:data2\" content=\"2 minuti\" \/>\n<script type=\"application\/ld+json\" class=\"yoast-schema-graph\">{\"@context\":\"https:\/\/schema.org\",\"@graph\":[{\"@type\":\"Article\",\"@id\":\"https:\/\/progettotouring.it\/radiotouring104\/2024\/03\/14\/reggio-indignazione-della-senatrice-minasi-per-la-chiusura-del-centro-sociale-a-sbarre\/#article\",\"isPartOf\":{\"@id\":\"https:\/\/progettotouring.it\/radiotouring104\/2024\/03\/14\/reggio-indignazione-della-senatrice-minasi-per-la-chiusura-del-centro-sociale-a-sbarre\/\"},\"author\":{\"name\":\"Sebastiano Plutino\",\"@id\":\"https:\/\/progettotouring.it\/radiotouring104\/#\/schema\/person\/78613917f1851f041f7483f5af1d422e\"},\"headline\":\"Reggio: indignazione della Senatrice Minasi per la chiusura del Centro Sociale a Sbarre\",\"datePublished\":\"2024-03-14T09:31:56+00:00\",\"mainEntityOfPage\":{\"@id\":\"https:\/\/progettotouring.it\/radiotouring104\/2024\/03\/14\/reggio-indignazione-della-senatrice-minasi-per-la-chiusura-del-centro-sociale-a-sbarre\/\"},\"wordCount\":379,\"publisher\":{\"@id\":\"https:\/\/progettotouring.it\/radiotouring104\/#organization\"},\"image\":{\"@id\":\"https:\/\/progettotouring.it\/radiotouring104\/2024\/03\/14\/reggio-indignazione-della-senatrice-minasi-per-la-chiusura-del-centro-sociale-a-sbarre\/#primaryimage\"},\"thumbnailUrl\":\"https:\/\/progettotouring.it\/radiotouring104\/wp-content\/uploads\/sites\/6\/2022\/10\/tilde-minasi.jpg\",\"keywords\":[\"Centro Sociale Via Graziella\",\"chiusura centro sociale sbarre\",\"indignazione\",\"Mario Cardia\",\"Tilde Minasi\"],\"articleSection\":[\"Home\",\"News\",\"Reggio Calabria\"],\"inLanguage\":\"it-IT\"},{\"@type\":\"WebPage\",\"@id\":\"https:\/\/progettotouring.it\/radiotouring104\/2024\/03\/14\/reggio-indignazione-della-senatrice-minasi-per-la-chiusura-del-centro-sociale-a-sbarre\/\",\"url\":\"https:\/\/progettotouring.it\/radiotouring104\/2024\/03\/14\/reggio-indignazione-della-senatrice-minasi-per-la-chiusura-del-centro-sociale-a-sbarre\/\",\"name\":\"Reggio: Minasi indignata per chiusura Centro sociale a Sbarre\",\"isPartOf\":{\"@id\":\"https:\/\/progettotouring.it\/radiotouring104\/#website\"},\"primaryImageOfPage\":{\"@id\":\"https:\/\/progettotouring.it\/radiotouring104\/2024\/03\/14\/reggio-indignazione-della-senatrice-minasi-per-la-chiusura-del-centro-sociale-a-sbarre\/#primaryimage\"},\"image\":{\"@id\":\"https:\/\/progettotouring.it\/radiotouring104\/2024\/03\/14\/reggio-indignazione-della-senatrice-minasi-per-la-chiusura-del-centro-sociale-a-sbarre\/#primaryimage\"},\"thumbnailUrl\":\"https:\/\/progettotouring.it\/radiotouring104\/wp-content\/uploads\/sites\/6\/2022\/10\/tilde-minasi.jpg\",\"datePublished\":\"2024-03-14T09:31:56+00:00\",\"description\":\"Dopo la richiesta di convocazione in Commissione del Consigliere Cardia. la forte indignazione della Senatrice sulla chiusura\",\"breadcrumb\":{\"@id\":\"https:\/\/progettotouring.it\/radiotouring104\/2024\/03\/14\/reggio-indignazione-della-senatrice-minasi-per-la-chiusura-del-centro-sociale-a-sbarre\/#breadcrumb\"},\"inLanguage\":\"it-IT\",\"potentialAction\":[{\"@type\":\"ReadAction\",\"target\":[\"https:\/\/progettotouring.it\/radiotouring104\/2024\/03\/14\/reggio-indignazione-della-senatrice-minasi-per-la-chiusura-del-centro-sociale-a-sbarre\/\"]}]},{\"@type\":\"ImageObject\",\"inLanguage\":\"it-IT\",\"@id\":\"https:\/\/progettotouring.it\/radiotouring104\/2024\/03\/14\/reggio-indignazione-della-senatrice-minasi-per-la-chiusura-del-centro-sociale-a-sbarre\/#primaryimage\",\"url\":\"https:\/\/progettotouring.it\/radiotouring104\/wp-content\/uploads\/sites\/6\/2022\/10\/tilde-minasi.jpg\",\"contentUrl\":\"https:\/\/progettotouring.it\/radiotouring104\/wp-content\/uploads\/sites\/6\/2022\/10\/tilde-minasi.jpg\",\"width\":932,\"height\":716},{\"@type\":\"BreadcrumbList\",\"@id\":\"https:\/\/progettotouring.it\/radiotouring104\/2024\/03\/14\/reggio-indignazione-della-senatrice-minasi-per-la-chiusura-del-centro-sociale-a-sbarre\/#breadcrumb\",\"itemListElement\":[{\"@type\":\"ListItem\",\"position\":1,\"name\":\"Home\",\"item\":\"https:\/\/progettotouring.it\/radiotouring104\/\"},{\"@type\":\"ListItem\",\"position\":2,\"name\":\"Reggio: indignazione della Senatrice Minasi per la chiusura del Centro Sociale a Sbarre\"}]},{\"@type\":\"WebSite\",\"@id\":\"https:\/\/progettotouring.it\/radiotouring104\/#website\",\"url\":\"https:\/\/progettotouring.it\/radiotouring104\/\",\"name\":\"Radio Touring 104\",\"description\":\"La prima radio Reggina\",\"publisher\":{\"@id\":\"https:\/\/progettotouring.it\/radiotouring104\/#organization\"},\"potentialAction\":[{\"@type\":\"SearchAction\",\"target\":{\"@type\":\"EntryPoint\",\"urlTemplate\":\"https:\/\/progettotouring.it\/radiotouring104\/?s={search_term_string}\"},\"query-input\":{\"@type\":\"PropertyValueSpecification\",\"valueRequired\":true,\"valueName\":\"search_term_string\"}}],\"inLanguage\":\"it-IT\"},{\"@type\":\"Organization\",\"@id\":\"https:\/\/progettotouring.it\/radiotouring104\/#organization\",\"name\":\"Radio Touring 104\",\"url\":\"https:\/\/progettotouring.it\/radiotouring104\/\",\"logo\":{\"@type\":\"ImageObject\",\"inLanguage\":\"it-IT\",\"@id\":\"https:\/\/progettotouring.it\/radiotouring104\/#\/schema\/logo\/image\/\",\"url\":\"https:\/\/progettotouring.it\/radiotouring104\/wp-content\/uploads\/sites\/6\/2022\/02\/cropped-logo-radio-touring-104.png\",\"contentUrl\":\"https:\/\/progettotouring.it\/radiotouring104\/wp-content\/uploads\/sites\/6\/2022\/02\/cropped-logo-radio-touring-104.png\",\"width\":377,\"height\":182,\"caption\":\"Radio Touring 104\"},\"image\":{\"@id\":\"https:\/\/progettotouring.it\/radiotouring104\/#\/schema\/logo\/image\/\"}},{\"@type\":\"Person\",\"@id\":\"https:\/\/progettotouring.it\/radiotouring104\/#\/schema\/person\/78613917f1851f041f7483f5af1d422e\",\"name\":\"Sebastiano Plutino\",\"image\":{\"@type\":\"ImageObject\",\"inLanguage\":\"it-IT\",\"@id\":\"https:\/\/secure.gravatar.com\/avatar\/0546ffaa9b79224faf9f2a156b67a529ae861d3287c66c1d8ccfdf909bcba78d?s=96&d=mm&r=g\",\"url\":\"https:\/\/secure.gravatar.com\/avatar\/0546ffaa9b79224faf9f2a156b67a529ae861d3287c66c1d8ccfdf909bcba78d?s=96&d=mm&r=g\",\"contentUrl\":\"https:\/\/secure.gravatar.com\/avatar\/0546ffaa9b79224faf9f2a156b67a529ae861d3287c66c1d8ccfdf909bcba78d?s=96&d=mm&r=g\",\"caption\":\"Sebastiano Plutino\"},\"url\":\"https:\/\/progettotouring.it\/radiotouring104\/author\/sebastiano\/\"}]}<\/script>\n<!-- \/ Yoast SEO plugin. -->","yoast_head_json":{"title":"Reggio: Minasi indignata per chiusura Centro sociale a Sbarre","description":"Dopo la richiesta di convocazione in Commissione del Consigliere Cardia. la forte indignazione della Senatrice sulla chiusura","robots":{"index":"index","follow":"follow","max-snippet":"max-snippet:-1","max-image-preview":"max-image-preview:large","max-video-preview":"max-video-preview:-1"},"canonical":"https:\/\/progettotouring.it\/radiotouring104\/2024\/03\/14\/reggio-indignazione-della-senatrice-minasi-per-la-chiusura-del-centro-sociale-a-sbarre\/","og_locale":"it_IT","og_type":"article","og_title":"Reggio: Minasi indignata per chiusura Centro sociale a Sbarre","og_description":"Dopo la richiesta di convocazione in Commissione del Consigliere Cardia. la forte indignazione della Senatrice sulla chiusura","og_url":"https:\/\/progettotouring.it\/radiotouring104\/2024\/03\/14\/reggio-indignazione-della-senatrice-minasi-per-la-chiusura-del-centro-sociale-a-sbarre\/","og_site_name":"Radio Touring 104","article_published_time":"2024-03-14T09:31:56+00:00","og_image":[{"width":932,"height":716,"url":"https:\/\/progettotouring.it\/radiotouring104\/wp-content\/uploads\/sites\/6\/2022\/10\/tilde-minasi.jpg","type":"image\/jpeg"}],"author":"Sebastiano Plutino","twitter_card":"summary_large_image","twitter_misc":{"Scritto da":"Sebastiano Plutino","Tempo di lettura stimato":"2 minuti"},"schema":{"@context":"https:\/\/schema.org","@graph":[{"@type":"Article","@id":"https:\/\/progettotouring.it\/radiotouring104\/2024\/03\/14\/reggio-indignazione-della-senatrice-minasi-per-la-chiusura-del-centro-sociale-a-sbarre\/#article","isPartOf":{"@id":"https:\/\/progettotouring.it\/radiotouring104\/2024\/03\/14\/reggio-indignazione-della-senatrice-minasi-per-la-chiusura-del-centro-sociale-a-sbarre\/"},"author":{"name":"Sebastiano Plutino","@id":"https:\/\/progettotouring.it\/radiotouring104\/#\/schema\/person\/78613917f1851f041f7483f5af1d422e"},"headline":"Reggio: indignazione della Senatrice Minasi per la chiusura del Centro Sociale a Sbarre","datePublished":"2024-03-14T09:31:56+00:00","mainEntityOfPage":{"@id":"https:\/\/progettotouring.it\/radiotouring104\/2024\/03\/14\/reggio-indignazione-della-senatrice-minasi-per-la-chiusura-del-centro-sociale-a-sbarre\/"},"wordCount":379,"publisher":{"@id":"https:\/\/progettotouring.it\/radiotouring104\/#organization"},"image":{"@id":"https:\/\/progettotouring.it\/radiotouring104\/2024\/03\/14\/reggio-indignazione-della-senatrice-minasi-per-la-chiusura-del-centro-sociale-a-sbarre\/#primaryimage"},"thumbnailUrl":"https:\/\/progettotouring.it\/radiotouring104\/wp-content\/uploads\/sites\/6\/2022\/10\/tilde-minasi.jpg","keywords":["Centro Sociale Via Graziella","chiusura centro sociale sbarre","indignazione","Mario Cardia","Tilde Minasi"],"articleSection":["Home","News","Reggio Calabria"],"inLanguage":"it-IT"},{"@type":"WebPage","@id":"https:\/\/progettotouring.it\/radiotouring104\/2024\/03\/14\/reggio-indignazione-della-senatrice-minasi-per-la-chiusura-del-centro-sociale-a-sbarre\/","url":"https:\/\/progettotouring.it\/radiotouring104\/2024\/03\/14\/reggio-indignazione-della-senatrice-minasi-per-la-chiusura-del-centro-sociale-a-sbarre\/","name":"Reggio: Minasi indignata per chiusura Centro sociale a Sbarre","isPartOf":{"@id":"https:\/\/progettotouring.it\/radiotouring104\/#website"},"primaryImageOfPage":{"@id":"https:\/\/progettotouring.it\/radiotouring104\/2024\/03\/14\/reggio-indignazione-della-senatrice-minasi-per-la-chiusura-del-centro-sociale-a-sbarre\/#primaryimage"},"image":{"@id":"https:\/\/progettotouring.it\/radiotouring104\/2024\/03\/14\/reggio-indignazione-della-senatrice-minasi-per-la-chiusura-del-centro-sociale-a-sbarre\/#primaryimage"},"thumbnailUrl":"https:\/\/progettotouring.it\/radiotouring104\/wp-content\/uploads\/sites\/6\/2022\/10\/tilde-minasi.jpg","datePublished":"2024-03-14T09:31:56+00:00","description":"Dopo la richiesta di convocazione in Commissione del Consigliere Cardia. la forte indignazione della Senatrice sulla chiusura","breadcrumb":{"@id":"https:\/\/progettotouring.it\/radiotouring104\/2024\/03\/14\/reggio-indignazione-della-senatrice-minasi-per-la-chiusura-del-centro-sociale-a-sbarre\/#breadcrumb"},"inLanguage":"it-IT","potentialAction":[{"@type":"ReadAction","target":["https:\/\/progettotouring.it\/radiotouring104\/2024\/03\/14\/reggio-indignazione-della-senatrice-minasi-per-la-chiusura-del-centro-sociale-a-sbarre\/"]}]},{"@type":"ImageObject","inLanguage":"it-IT","@id":"https:\/\/progettotouring.it\/radiotouring104\/2024\/03\/14\/reggio-indignazione-della-senatrice-minasi-per-la-chiusura-del-centro-sociale-a-sbarre\/#primaryimage","url":"https:\/\/progettotouring.it\/radiotouring104\/wp-content\/uploads\/sites\/6\/2022\/10\/tilde-minasi.jpg","contentUrl":"https:\/\/progettotouring.it\/radiotouring104\/wp-content\/uploads\/sites\/6\/2022\/10\/tilde-minasi.jpg","width":932,"height":716},{"@type":"BreadcrumbList","@id":"https:\/\/progettotouring.it\/radiotouring104\/2024\/03\/14\/reggio-indignazione-della-senatrice-minasi-per-la-chiusura-del-centro-sociale-a-sbarre\/#breadcrumb","itemListElement":[{"@type":"ListItem","position":1,"name":"Home","item":"https:\/\/progettotouring.it\/radiotouring104\/"},{"@type":"ListItem","position":2,"name":"Reggio: indignazione della Senatrice Minasi per la chiusura del Centro Sociale a Sbarre"}]},{"@type":"WebSite","@id":"https:\/\/progettotouring.it\/radiotouring104\/#website","url":"https:\/\/progettotouring.it\/radiotouring104\/","name":"Radio Touring 104","description":"La prima radio Reggina","publisher":{"@id":"https:\/\/progettotouring.it\/radiotouring104\/#organization"},"potentialAction":[{"@type":"SearchAction","target":{"@type":"EntryPoint","urlTemplate":"https:\/\/progettotouring.it\/radiotouring104\/?s={search_term_string}"},"query-input":{"@type":"PropertyValueSpecification","valueRequired":true,"valueName":"search_term_string"}}],"inLanguage":"it-IT"},{"@type":"Organization","@id":"https:\/\/progettotouring.it\/radiotouring104\/#organization","name":"Radio Touring 104","url":"https:\/\/progettotouring.it\/radiotouring104\/","logo":{"@type":"ImageObject","inLanguage":"it-IT","@id":"https:\/\/progettotouring.it\/radiotouring104\/#\/schema\/logo\/image\/","url":"https:\/\/progettotouring.it\/radiotouring104\/wp-content\/uploads\/sites\/6\/2022\/02\/cropped-logo-radio-touring-104.png","contentUrl":"https:\/\/progettotouring.it\/radiotouring104\/wp-content\/uploads\/sites\/6\/2022\/02\/cropped-logo-radio-touring-104.png","width":377,"height":182,"caption":"Radio Touring 104"},"image":{"@id":"https:\/\/progettotouring.it\/radiotouring104\/#\/schema\/logo\/image\/"}},{"@type":"Person","@id":"https:\/\/progettotouring.it\/radiotouring104\/#\/schema\/person\/78613917f1851f041f7483f5af1d422e","name":"Sebastiano Plutino","image":{"@type":"ImageObject","inLanguage":"it-IT","@id":"https:\/\/secure.gravatar.com\/avatar\/0546ffaa9b79224faf9f2a156b67a529ae861d3287c66c1d8ccfdf909bcba78d?s=96&d=mm&r=g","url":"https:\/\/secure.gravatar.com\/avatar\/0546ffaa9b79224faf9f2a156b67a529ae861d3287c66c1d8ccfdf909bcba78d?s=96&d=mm&r=g","contentUrl":"https:\/\/secure.gravatar.com\/avatar\/0546ffaa9b79224faf9f2a156b67a529ae861d3287c66c1d8ccfdf909bcba78d?s=96&d=mm&r=g","caption":"Sebastiano Plutino"},"url":"https:\/\/progettotouring.it\/radiotouring104\/author\/sebastiano\/"}]}},"jetpack_publicize_connections":[],"jetpack_featured_media_url":"https:\/\/progettotouring.it\/radiotouring104\/wp-content\/uploads\/sites\/6\/2022\/10\/tilde-minasi.jpg","jetpack_sharing_enabled":true,"_links":{"self":[{"href":"https:\/\/progettotouring.it\/radiotouring104\/wp-json\/wp\/v2\/posts\/47008","targetHints":{"allow":["GET"]}}],"collection":[{"href":"https:\/\/progettotouring.it\/radiotouring104\/wp-json\/wp\/v2\/posts"}],"about":[{"href":"https:\/\/progettotouring.it\/radiotouring104\/wp-json\/wp\/v2\/types\/post"}],"author":[{"embeddable":true,"href":"https:\/\/progettotouring.it\/radiotouring104\/wp-json\/wp\/v2\/users\/12"}],"replies":[{"embeddable":true,"href":"https:\/\/progettotouring.it\/radiotouring104\/wp-json\/wp\/v2\/comments?post=47008"}],"version-history":[{"count":1,"href":"https:\/\/progettotouring.it\/radiotouring104\/wp-json\/wp\/v2\/posts\/47008\/revisions"}],"predecessor-version":[{"id":47009,"href":"https:\/\/progettotouring.it\/radiotouring104\/wp-json\/wp\/v2\/posts\/47008\/revisions\/47009"}],"wp:featuredmedia":[{"embeddable":true,"href":"https:\/\/progettotouring.it\/radiotouring104\/wp-json\/wp\/v2\/media\/10212"}],"wp:attachment":[{"href":"https:\/\/progettotouring.it\/radiotouring104\/wp-json\/wp\/v2\/media?parent=47008"}],"wp:term":[{"taxonomy":"category","embeddable":true,"href":"https:\/\/progettotouring.it\/radiotouring104\/wp-json\/wp\/v2\/categories?post=47008"},{"taxonomy":"post_tag","embeddable":true,"href":"https:\/\/progettotouring.it\/radiotouring104\/wp-json\/wp\/v2\/tags?post=47008"}],"curies":[{"name":"wp","href":"https:\/\/api.w.org\/{rel}","templated":true}]}}