{"id":47031,"date":"2024-03-14T11:53:12","date_gmt":"2024-03-14T10:53:12","guid":{"rendered":"https:\/\/progettotouring.it\/radiotouring104\/?p=47031"},"modified":"2024-03-14T11:54:46","modified_gmt":"2024-03-14T10:54:46","slug":"palazzo-san-giorgio-aiparc-racconta-i-cento-anni-della-radio","status":"publish","type":"post","link":"https:\/\/progettotouring.it\/radiotouring104\/2024\/03\/14\/palazzo-san-giorgio-aiparc-racconta-i-cento-anni-della-radio\/","title":{"rendered":"Palazzo San Giorgio: AiParC racconta i &#8220;Cento anni della Radio&#8221;"},"content":{"rendered":"<p style=\"text-align: justify\"><strong>Il sindaco Giuseppe Falcomat\u00e0 \u00e8 intervenuto al convegno<\/strong><em> &#8220;Cento anni della Radio, un mito italiano nel mondo&#8221;,<\/em> organizzato a Palazzo San Giorgio dall\u2019Associazione italiana dei Parchi Culturali,<strong> presieduta da Salvatore Timpano,<\/strong> insieme al<strong> giornalista Rai Tonino Raffa<\/strong>, direttore del dipartimento informazione, gi\u00e0 voce storica di <em>\u201cTutto il calcio minuto per minuto\u201d.<\/em><\/p>\n<p style=\"text-align: justify\"><em>\u00abLa radio \u2013<\/em> <strong>ha detto Falcomat\u00e0 \u2013<\/strong> <em>\u00e8 uno strumento straordinario che \u00e8 riuscito a cavalcare l\u2019onda delle trasformazioni sociali e tecnologiche in quest\u2019ultimo secolo. Oggi, la radio, si pu\u00f2 ascoltare e guardare, si pu\u00f2 intercettare dalle frequenze fm e am o su tutte le piattaforme digitali a nostra disposizione. Ringrazio il presidente Timpano per averci dato l\u2019opportunit\u00e0 di celebrare una delle invenzioni che hanno stravolto il modo di comunicare e conoscere il mondo e, ogni volta, mi emoziona ascoltare Tonino Raffa le cui voce ha accompagnato gli anni pi\u00f9 belli ed esaltanti della mia generazione\u00bb.<\/em><\/p>\n<p style=\"text-align: justify\">\u00abDunque \u2013<strong> ha proseguito \u2013<\/strong> siamo molto contenti di ospitare, nel salone dei Lampadari \u201cItalo Falcomat\u00e0\u201d, questo incontro che ci regala un momento di grande riflessione e rappresenta un approfondimento culturale su un anniversario che, in qualche modo, riguarda un po\u2019 tutti\u00bb.<\/p>\n<p style=\"text-align: justify\">Nel corso del suo intervento,<strong> il sindaco ha riflettuto sulle molteplici funzioni della radio che<\/strong> \u00ab<em>\u00e8 uno strumento di informazione, sin dai tempi di Radio Londra, e strumento di compagnia, che aiuta a sviluppare uno straordinario senso di fantasia ed immaginazione\u00bb. \u00abLa radio \u2013<\/em><strong> ha aggiunto<\/strong> &#8211; <em>come tutte le cose proprie dell\u2019uomo, ha avuto un elemento di crescita che le ha permesso di sopravvivere ai cambiamenti. Molto pi\u00f9 della tv tradizionale e dei giornali cartacei, \u00e8 riuscita ad interpretare le evoluzioni del tempo. Ha fatto sua la necessit\u00e0 di adeguarsi ai mutamenti della societ\u00e0 e, per questo, non festeggiamo un centenario guardando al passato, ma rivolti con lo sguardo alle sfide del futuro\u00bb.<\/em><\/p>\n<p style=\"text-align: justify\"><em>\u00abAnche nella nostra citt\u00e0 \u2013<\/em> <strong>ha concluso il sindaco<\/strong> \u2013 <em>la radio \u00e8 stata al centro di importanti processi storici. Diverse emittenti radiofoniche locali, infatti, sono nate dagli esperimenti delle radio libere e, personalmente, ricordo quando mio padre, Italo Falcomat\u00e0, fu fra i promotori di Radio Girasole che trasmetteva dalla zona sud di Reggio. E\u2019 un bene, dunque, che se ne discuta per ci\u00f2 che \u00e8 stata e sar\u00e0 la funzione della radio pure nel nostro territorio\u00bb<\/em><\/p>\n","protected":false},"excerpt":{"rendered":"<p>Il sindaco Giuseppe Falcomat\u00e0 \u00e8 intervenuto al convegno &#8220;Cento anni della Radio, un mito italiano nel mondo&#8221;, organizzato a Palazzo San Giorgio dall\u2019Associazione italiana dei Parchi Culturali, presieduta da Salvatore&hellip;<\/p>\n","protected":false},"author":12,"featured_media":47032,"comment_status":"closed","ping_status":"open","sticky":false,"template":"","format":"standard","meta":{"_jetpack_memberships_contains_paid_content":false,"footnotes":"","jetpack_publicize_message":"","jetpack_publicize_feature_enabled":true,"jetpack_social_post_already_shared":false,"jetpack_social_options":{"image_generator_settings":{"template":"highway","default_image_id":0,"font":"","enabled":false},"version":2}},"categories":[921,196,140],"tags":[28940,28939,659,28938,28937],"class_list":["post-47031","post","type-post","status-publish","format-standard","has-post-thumbnail","hentry","category-home","category-news","category-reggio-calabria","tag-cento-anni-della-radio","tag-associazione-italiana-dei-parchi-culturali","tag-palazzo-san-giorgio","tag-presidente-salvatore-timpano","tag-tonino-raffa"],"yoast_head":"<!-- This site is optimized with the Yoast SEO plugin v27.2 - https:\/\/yoast.com\/product\/yoast-seo-wordpress\/ -->\n<title>Palazzo San Giorgio: AiParC racconta i &quot;Cento anni della Radio&quot;<\/title>\n<meta name=\"description\" content=\"Il sindaco insieme al Presidente Timpano e al giornalista Raffa ha sottolineato l&#039;importanza dello strumento\" \/>\n<meta name=\"robots\" content=\"index, follow, max-snippet:-1, max-image-preview:large, max-video-preview:-1\" \/>\n<link rel=\"canonical\" href=\"https:\/\/progettotouring.it\/radiotouring104\/2024\/03\/14\/palazzo-san-giorgio-aiparc-racconta-i-cento-anni-della-radio\/\" \/>\n<meta property=\"og:locale\" content=\"it_IT\" \/>\n<meta property=\"og:type\" content=\"article\" \/>\n<meta property=\"og:title\" content=\"Palazzo San Giorgio: AiParC racconta i &quot;Cento anni della Radio&quot;\" \/>\n<meta property=\"og:description\" content=\"Il sindaco insieme al Presidente Timpano e al giornalista Raffa ha sottolineato l&#039;importanza dello strumento\" \/>\n<meta property=\"og:url\" content=\"https:\/\/progettotouring.it\/radiotouring104\/2024\/03\/14\/palazzo-san-giorgio-aiparc-racconta-i-cento-anni-della-radio\/\" \/>\n<meta property=\"og:site_name\" content=\"Radio Touring 104\" \/>\n<meta property=\"article:published_time\" content=\"2024-03-14T10:53:12+00:00\" \/>\n<meta property=\"article:modified_time\" content=\"2024-03-14T10:54:46+00:00\" \/>\n<meta property=\"og:image\" content=\"https:\/\/progettotouring.it\/radiotouring104\/wp-content\/uploads\/sites\/6\/2024\/03\/convegno-radio-Falcomata.jpeg\" \/>\n\t<meta property=\"og:image:width\" content=\"1600\" \/>\n\t<meta property=\"og:image:height\" content=\"1200\" \/>\n\t<meta property=\"og:image:type\" content=\"image\/jpeg\" \/>\n<meta name=\"author\" content=\"Sebastiano Plutino\" \/>\n<meta name=\"twitter:card\" content=\"summary_large_image\" \/>\n<meta name=\"twitter:label1\" content=\"Scritto da\" \/>\n\t<meta name=\"twitter:data1\" content=\"Sebastiano Plutino\" \/>\n\t<meta name=\"twitter:label2\" content=\"Tempo di lettura stimato\" \/>\n\t<meta name=\"twitter:data2\" content=\"2 minuti\" \/>\n<script type=\"application\/ld+json\" class=\"yoast-schema-graph\">{\"@context\":\"https:\/\/schema.org\",\"@graph\":[{\"@type\":\"Article\",\"@id\":\"https:\/\/progettotouring.it\/radiotouring104\/2024\/03\/14\/palazzo-san-giorgio-aiparc-racconta-i-cento-anni-della-radio\/#article\",\"isPartOf\":{\"@id\":\"https:\/\/progettotouring.it\/radiotouring104\/2024\/03\/14\/palazzo-san-giorgio-aiparc-racconta-i-cento-anni-della-radio\/\"},\"author\":{\"name\":\"Sebastiano Plutino\",\"@id\":\"https:\/\/progettotouring.it\/radiotouring104\/#\/schema\/person\/78613917f1851f041f7483f5af1d422e\"},\"headline\":\"Palazzo San Giorgio: AiParC racconta i &#8220;Cento anni della Radio&#8221;\",\"datePublished\":\"2024-03-14T10:53:12+00:00\",\"dateModified\":\"2024-03-14T10:54:46+00:00\",\"mainEntityOfPage\":{\"@id\":\"https:\/\/progettotouring.it\/radiotouring104\/2024\/03\/14\/palazzo-san-giorgio-aiparc-racconta-i-cento-anni-della-radio\/\"},\"wordCount\":381,\"publisher\":{\"@id\":\"https:\/\/progettotouring.it\/radiotouring104\/#organization\"},\"image\":{\"@id\":\"https:\/\/progettotouring.it\/radiotouring104\/2024\/03\/14\/palazzo-san-giorgio-aiparc-racconta-i-cento-anni-della-radio\/#primaryimage\"},\"thumbnailUrl\":\"https:\/\/progettotouring.it\/radiotouring104\/wp-content\/uploads\/sites\/6\/2024\/03\/convegno-radio-Falcomata.jpeg\",\"keywords\":[\"\\\"Cento anni della Radio\\\"\",\"Associazione italiana dei Parchi Culturali\",\"palazzo san giorgio\",\"Presidente Salvatore Timpano\",\"Tonino Raffa\"],\"articleSection\":[\"Home\",\"News\",\"Reggio Calabria\"],\"inLanguage\":\"it-IT\"},{\"@type\":\"WebPage\",\"@id\":\"https:\/\/progettotouring.it\/radiotouring104\/2024\/03\/14\/palazzo-san-giorgio-aiparc-racconta-i-cento-anni-della-radio\/\",\"url\":\"https:\/\/progettotouring.it\/radiotouring104\/2024\/03\/14\/palazzo-san-giorgio-aiparc-racconta-i-cento-anni-della-radio\/\",\"name\":\"Palazzo San Giorgio: AiParC racconta i \\\"Cento anni della Radio\\\"\",\"isPartOf\":{\"@id\":\"https:\/\/progettotouring.it\/radiotouring104\/#website\"},\"primaryImageOfPage\":{\"@id\":\"https:\/\/progettotouring.it\/radiotouring104\/2024\/03\/14\/palazzo-san-giorgio-aiparc-racconta-i-cento-anni-della-radio\/#primaryimage\"},\"image\":{\"@id\":\"https:\/\/progettotouring.it\/radiotouring104\/2024\/03\/14\/palazzo-san-giorgio-aiparc-racconta-i-cento-anni-della-radio\/#primaryimage\"},\"thumbnailUrl\":\"https:\/\/progettotouring.it\/radiotouring104\/wp-content\/uploads\/sites\/6\/2024\/03\/convegno-radio-Falcomata.jpeg\",\"datePublished\":\"2024-03-14T10:53:12+00:00\",\"dateModified\":\"2024-03-14T10:54:46+00:00\",\"description\":\"Il sindaco insieme al Presidente Timpano e al giornalista Raffa ha sottolineato l'importanza dello strumento\",\"breadcrumb\":{\"@id\":\"https:\/\/progettotouring.it\/radiotouring104\/2024\/03\/14\/palazzo-san-giorgio-aiparc-racconta-i-cento-anni-della-radio\/#breadcrumb\"},\"inLanguage\":\"it-IT\",\"potentialAction\":[{\"@type\":\"ReadAction\",\"target\":[\"https:\/\/progettotouring.it\/radiotouring104\/2024\/03\/14\/palazzo-san-giorgio-aiparc-racconta-i-cento-anni-della-radio\/\"]}]},{\"@type\":\"ImageObject\",\"inLanguage\":\"it-IT\",\"@id\":\"https:\/\/progettotouring.it\/radiotouring104\/2024\/03\/14\/palazzo-san-giorgio-aiparc-racconta-i-cento-anni-della-radio\/#primaryimage\",\"url\":\"https:\/\/progettotouring.it\/radiotouring104\/wp-content\/uploads\/sites\/6\/2024\/03\/convegno-radio-Falcomata.jpeg\",\"contentUrl\":\"https:\/\/progettotouring.it\/radiotouring104\/wp-content\/uploads\/sites\/6\/2024\/03\/convegno-radio-Falcomata.jpeg\",\"width\":1600,\"height\":1200},{\"@type\":\"BreadcrumbList\",\"@id\":\"https:\/\/progettotouring.it\/radiotouring104\/2024\/03\/14\/palazzo-san-giorgio-aiparc-racconta-i-cento-anni-della-radio\/#breadcrumb\",\"itemListElement\":[{\"@type\":\"ListItem\",\"position\":1,\"name\":\"Home\",\"item\":\"https:\/\/progettotouring.it\/radiotouring104\/\"},{\"@type\":\"ListItem\",\"position\":2,\"name\":\"Palazzo San Giorgio: AiParC racconta i &#8220;Cento anni della Radio&#8221;\"}]},{\"@type\":\"WebSite\",\"@id\":\"https:\/\/progettotouring.it\/radiotouring104\/#website\",\"url\":\"https:\/\/progettotouring.it\/radiotouring104\/\",\"name\":\"Radio Touring 104\",\"description\":\"La prima radio Reggina\",\"publisher\":{\"@id\":\"https:\/\/progettotouring.it\/radiotouring104\/#organization\"},\"potentialAction\":[{\"@type\":\"SearchAction\",\"target\":{\"@type\":\"EntryPoint\",\"urlTemplate\":\"https:\/\/progettotouring.it\/radiotouring104\/?s={search_term_string}\"},\"query-input\":{\"@type\":\"PropertyValueSpecification\",\"valueRequired\":true,\"valueName\":\"search_term_string\"}}],\"inLanguage\":\"it-IT\"},{\"@type\":\"Organization\",\"@id\":\"https:\/\/progettotouring.it\/radiotouring104\/#organization\",\"name\":\"Radio Touring 104\",\"url\":\"https:\/\/progettotouring.it\/radiotouring104\/\",\"logo\":{\"@type\":\"ImageObject\",\"inLanguage\":\"it-IT\",\"@id\":\"https:\/\/progettotouring.it\/radiotouring104\/#\/schema\/logo\/image\/\",\"url\":\"https:\/\/progettotouring.it\/radiotouring104\/wp-content\/uploads\/sites\/6\/2022\/02\/cropped-logo-radio-touring-104.png\",\"contentUrl\":\"https:\/\/progettotouring.it\/radiotouring104\/wp-content\/uploads\/sites\/6\/2022\/02\/cropped-logo-radio-touring-104.png\",\"width\":377,\"height\":182,\"caption\":\"Radio Touring 104\"},\"image\":{\"@id\":\"https:\/\/progettotouring.it\/radiotouring104\/#\/schema\/logo\/image\/\"}},{\"@type\":\"Person\",\"@id\":\"https:\/\/progettotouring.it\/radiotouring104\/#\/schema\/person\/78613917f1851f041f7483f5af1d422e\",\"name\":\"Sebastiano Plutino\",\"image\":{\"@type\":\"ImageObject\",\"inLanguage\":\"it-IT\",\"@id\":\"https:\/\/secure.gravatar.com\/avatar\/0546ffaa9b79224faf9f2a156b67a529ae861d3287c66c1d8ccfdf909bcba78d?s=96&d=mm&r=g\",\"url\":\"https:\/\/secure.gravatar.com\/avatar\/0546ffaa9b79224faf9f2a156b67a529ae861d3287c66c1d8ccfdf909bcba78d?s=96&d=mm&r=g\",\"contentUrl\":\"https:\/\/secure.gravatar.com\/avatar\/0546ffaa9b79224faf9f2a156b67a529ae861d3287c66c1d8ccfdf909bcba78d?s=96&d=mm&r=g\",\"caption\":\"Sebastiano Plutino\"},\"url\":\"https:\/\/progettotouring.it\/radiotouring104\/author\/sebastiano\/\"}]}<\/script>\n<!-- \/ Yoast SEO plugin. -->","yoast_head_json":{"title":"Palazzo San Giorgio: AiParC racconta i \"Cento anni della Radio\"","description":"Il sindaco insieme al Presidente Timpano e al giornalista Raffa ha sottolineato l'importanza dello strumento","robots":{"index":"index","follow":"follow","max-snippet":"max-snippet:-1","max-image-preview":"max-image-preview:large","max-video-preview":"max-video-preview:-1"},"canonical":"https:\/\/progettotouring.it\/radiotouring104\/2024\/03\/14\/palazzo-san-giorgio-aiparc-racconta-i-cento-anni-della-radio\/","og_locale":"it_IT","og_type":"article","og_title":"Palazzo San Giorgio: AiParC racconta i \"Cento anni della Radio\"","og_description":"Il sindaco insieme al Presidente Timpano e al giornalista Raffa ha sottolineato l'importanza dello strumento","og_url":"https:\/\/progettotouring.it\/radiotouring104\/2024\/03\/14\/palazzo-san-giorgio-aiparc-racconta-i-cento-anni-della-radio\/","og_site_name":"Radio Touring 104","article_published_time":"2024-03-14T10:53:12+00:00","article_modified_time":"2024-03-14T10:54:46+00:00","og_image":[{"width":1600,"height":1200,"url":"https:\/\/progettotouring.it\/radiotouring104\/wp-content\/uploads\/sites\/6\/2024\/03\/convegno-radio-Falcomata.jpeg","type":"image\/jpeg"}],"author":"Sebastiano Plutino","twitter_card":"summary_large_image","twitter_misc":{"Scritto da":"Sebastiano Plutino","Tempo di lettura stimato":"2 minuti"},"schema":{"@context":"https:\/\/schema.org","@graph":[{"@type":"Article","@id":"https:\/\/progettotouring.it\/radiotouring104\/2024\/03\/14\/palazzo-san-giorgio-aiparc-racconta-i-cento-anni-della-radio\/#article","isPartOf":{"@id":"https:\/\/progettotouring.it\/radiotouring104\/2024\/03\/14\/palazzo-san-giorgio-aiparc-racconta-i-cento-anni-della-radio\/"},"author":{"name":"Sebastiano Plutino","@id":"https:\/\/progettotouring.it\/radiotouring104\/#\/schema\/person\/78613917f1851f041f7483f5af1d422e"},"headline":"Palazzo San Giorgio: AiParC racconta i &#8220;Cento anni della Radio&#8221;","datePublished":"2024-03-14T10:53:12+00:00","dateModified":"2024-03-14T10:54:46+00:00","mainEntityOfPage":{"@id":"https:\/\/progettotouring.it\/radiotouring104\/2024\/03\/14\/palazzo-san-giorgio-aiparc-racconta-i-cento-anni-della-radio\/"},"wordCount":381,"publisher":{"@id":"https:\/\/progettotouring.it\/radiotouring104\/#organization"},"image":{"@id":"https:\/\/progettotouring.it\/radiotouring104\/2024\/03\/14\/palazzo-san-giorgio-aiparc-racconta-i-cento-anni-della-radio\/#primaryimage"},"thumbnailUrl":"https:\/\/progettotouring.it\/radiotouring104\/wp-content\/uploads\/sites\/6\/2024\/03\/convegno-radio-Falcomata.jpeg","keywords":["\"Cento anni della Radio\"","Associazione italiana dei Parchi Culturali","palazzo san giorgio","Presidente Salvatore Timpano","Tonino Raffa"],"articleSection":["Home","News","Reggio Calabria"],"inLanguage":"it-IT"},{"@type":"WebPage","@id":"https:\/\/progettotouring.it\/radiotouring104\/2024\/03\/14\/palazzo-san-giorgio-aiparc-racconta-i-cento-anni-della-radio\/","url":"https:\/\/progettotouring.it\/radiotouring104\/2024\/03\/14\/palazzo-san-giorgio-aiparc-racconta-i-cento-anni-della-radio\/","name":"Palazzo San Giorgio: AiParC racconta i \"Cento anni della Radio\"","isPartOf":{"@id":"https:\/\/progettotouring.it\/radiotouring104\/#website"},"primaryImageOfPage":{"@id":"https:\/\/progettotouring.it\/radiotouring104\/2024\/03\/14\/palazzo-san-giorgio-aiparc-racconta-i-cento-anni-della-radio\/#primaryimage"},"image":{"@id":"https:\/\/progettotouring.it\/radiotouring104\/2024\/03\/14\/palazzo-san-giorgio-aiparc-racconta-i-cento-anni-della-radio\/#primaryimage"},"thumbnailUrl":"https:\/\/progettotouring.it\/radiotouring104\/wp-content\/uploads\/sites\/6\/2024\/03\/convegno-radio-Falcomata.jpeg","datePublished":"2024-03-14T10:53:12+00:00","dateModified":"2024-03-14T10:54:46+00:00","description":"Il sindaco insieme al Presidente Timpano e al giornalista Raffa ha sottolineato l'importanza dello strumento","breadcrumb":{"@id":"https:\/\/progettotouring.it\/radiotouring104\/2024\/03\/14\/palazzo-san-giorgio-aiparc-racconta-i-cento-anni-della-radio\/#breadcrumb"},"inLanguage":"it-IT","potentialAction":[{"@type":"ReadAction","target":["https:\/\/progettotouring.it\/radiotouring104\/2024\/03\/14\/palazzo-san-giorgio-aiparc-racconta-i-cento-anni-della-radio\/"]}]},{"@type":"ImageObject","inLanguage":"it-IT","@id":"https:\/\/progettotouring.it\/radiotouring104\/2024\/03\/14\/palazzo-san-giorgio-aiparc-racconta-i-cento-anni-della-radio\/#primaryimage","url":"https:\/\/progettotouring.it\/radiotouring104\/wp-content\/uploads\/sites\/6\/2024\/03\/convegno-radio-Falcomata.jpeg","contentUrl":"https:\/\/progettotouring.it\/radiotouring104\/wp-content\/uploads\/sites\/6\/2024\/03\/convegno-radio-Falcomata.jpeg","width":1600,"height":1200},{"@type":"BreadcrumbList","@id":"https:\/\/progettotouring.it\/radiotouring104\/2024\/03\/14\/palazzo-san-giorgio-aiparc-racconta-i-cento-anni-della-radio\/#breadcrumb","itemListElement":[{"@type":"ListItem","position":1,"name":"Home","item":"https:\/\/progettotouring.it\/radiotouring104\/"},{"@type":"ListItem","position":2,"name":"Palazzo San Giorgio: AiParC racconta i &#8220;Cento anni della Radio&#8221;"}]},{"@type":"WebSite","@id":"https:\/\/progettotouring.it\/radiotouring104\/#website","url":"https:\/\/progettotouring.it\/radiotouring104\/","name":"Radio Touring 104","description":"La prima radio Reggina","publisher":{"@id":"https:\/\/progettotouring.it\/radiotouring104\/#organization"},"potentialAction":[{"@type":"SearchAction","target":{"@type":"EntryPoint","urlTemplate":"https:\/\/progettotouring.it\/radiotouring104\/?s={search_term_string}"},"query-input":{"@type":"PropertyValueSpecification","valueRequired":true,"valueName":"search_term_string"}}],"inLanguage":"it-IT"},{"@type":"Organization","@id":"https:\/\/progettotouring.it\/radiotouring104\/#organization","name":"Radio Touring 104","url":"https:\/\/progettotouring.it\/radiotouring104\/","logo":{"@type":"ImageObject","inLanguage":"it-IT","@id":"https:\/\/progettotouring.it\/radiotouring104\/#\/schema\/logo\/image\/","url":"https:\/\/progettotouring.it\/radiotouring104\/wp-content\/uploads\/sites\/6\/2022\/02\/cropped-logo-radio-touring-104.png","contentUrl":"https:\/\/progettotouring.it\/radiotouring104\/wp-content\/uploads\/sites\/6\/2022\/02\/cropped-logo-radio-touring-104.png","width":377,"height":182,"caption":"Radio Touring 104"},"image":{"@id":"https:\/\/progettotouring.it\/radiotouring104\/#\/schema\/logo\/image\/"}},{"@type":"Person","@id":"https:\/\/progettotouring.it\/radiotouring104\/#\/schema\/person\/78613917f1851f041f7483f5af1d422e","name":"Sebastiano Plutino","image":{"@type":"ImageObject","inLanguage":"it-IT","@id":"https:\/\/secure.gravatar.com\/avatar\/0546ffaa9b79224faf9f2a156b67a529ae861d3287c66c1d8ccfdf909bcba78d?s=96&d=mm&r=g","url":"https:\/\/secure.gravatar.com\/avatar\/0546ffaa9b79224faf9f2a156b67a529ae861d3287c66c1d8ccfdf909bcba78d?s=96&d=mm&r=g","contentUrl":"https:\/\/secure.gravatar.com\/avatar\/0546ffaa9b79224faf9f2a156b67a529ae861d3287c66c1d8ccfdf909bcba78d?s=96&d=mm&r=g","caption":"Sebastiano Plutino"},"url":"https:\/\/progettotouring.it\/radiotouring104\/author\/sebastiano\/"}]}},"jetpack_publicize_connections":[],"jetpack_featured_media_url":"https:\/\/progettotouring.it\/radiotouring104\/wp-content\/uploads\/sites\/6\/2024\/03\/convegno-radio-Falcomata.jpeg","jetpack_sharing_enabled":true,"_links":{"self":[{"href":"https:\/\/progettotouring.it\/radiotouring104\/wp-json\/wp\/v2\/posts\/47031","targetHints":{"allow":["GET"]}}],"collection":[{"href":"https:\/\/progettotouring.it\/radiotouring104\/wp-json\/wp\/v2\/posts"}],"about":[{"href":"https:\/\/progettotouring.it\/radiotouring104\/wp-json\/wp\/v2\/types\/post"}],"author":[{"embeddable":true,"href":"https:\/\/progettotouring.it\/radiotouring104\/wp-json\/wp\/v2\/users\/12"}],"replies":[{"embeddable":true,"href":"https:\/\/progettotouring.it\/radiotouring104\/wp-json\/wp\/v2\/comments?post=47031"}],"version-history":[{"count":3,"href":"https:\/\/progettotouring.it\/radiotouring104\/wp-json\/wp\/v2\/posts\/47031\/revisions"}],"predecessor-version":[{"id":47035,"href":"https:\/\/progettotouring.it\/radiotouring104\/wp-json\/wp\/v2\/posts\/47031\/revisions\/47035"}],"wp:featuredmedia":[{"embeddable":true,"href":"https:\/\/progettotouring.it\/radiotouring104\/wp-json\/wp\/v2\/media\/47032"}],"wp:attachment":[{"href":"https:\/\/progettotouring.it\/radiotouring104\/wp-json\/wp\/v2\/media?parent=47031"}],"wp:term":[{"taxonomy":"category","embeddable":true,"href":"https:\/\/progettotouring.it\/radiotouring104\/wp-json\/wp\/v2\/categories?post=47031"},{"taxonomy":"post_tag","embeddable":true,"href":"https:\/\/progettotouring.it\/radiotouring104\/wp-json\/wp\/v2\/tags?post=47031"}],"curies":[{"name":"wp","href":"https:\/\/api.w.org\/{rel}","templated":true}]}}