{"id":47036,"date":"2024-03-14T12:05:00","date_gmt":"2024-03-14T11:05:00","guid":{"rendered":"https:\/\/progettotouring.it\/radiotouring104\/?p=47036"},"modified":"2024-03-14T12:05:00","modified_gmt":"2024-03-14T11:05:00","slug":"roccella-sabato-al-convento-dei-minimi-il-film-cessare-viaggio-nella-locride-degli-anni-70","status":"publish","type":"post","link":"https:\/\/progettotouring.it\/radiotouring104\/2024\/03\/14\/roccella-sabato-al-convento-dei-minimi-il-film-cessare-viaggio-nella-locride-degli-anni-70\/","title":{"rendered":"Roccella: sabato al Convento dei Minimi il film &#8220;Cessar\u00e8- Viaggio nella Locride degli anni \u201970&#8221;"},"content":{"rendered":"<p style=\"text-align: justify\"><strong>A Roccella il 16 marzo un pomeriggio di riflessione sulla nostra Memoria Storica: <em>Cessar\u00e8- Viaggio nella Locride degli anni \u201970,<\/em><\/strong> <strong>un<\/strong> <strong>film documentario di Rina Amato. <\/strong><\/p>\n<p style=\"text-align: justify\"><strong>Uno squarcio sulla storia sommersa della Calabria che presenta un&#8217;umanit\u00e0 resistente e profondamente attiva. La Storia della Locride come metafora del <em>T<\/em><\/strong><strong><em>empo<\/em><\/strong><strong> del mondo.<\/strong><\/p>\n<p style=\"text-align: justify\">Un appuntamento quello previsto <strong>sabato 16 marzo 2024 <\/strong>a Roccella Jonica &#8211; <strong>ore 17.00 all\u2019ex Convento dei Minimi<\/strong> a ingresso gratuito &#8211; che rientra nella I parte del progetto \u201c<strong>La Memoria ci salva la Vita<\/strong>\u201d, fortemente voluto e organizzato dal Comune di Roccella Jonica, amministrato dal sindaco <strong>Vittorio Zito,<\/strong> e dall\u2019Assessorato alla Cultura guidato da<strong> Bruna Falcone.<\/strong><br \/>\nSaranno presenti all\u2019iniziativa, oltre agli amministratori comunali: la regista <strong>Rina Amato,<\/strong> la montatrice cinematografica <strong>Maria Valerio,<\/strong> i protagonisti del documentario e i loro familiari, alti rappresentanti istituzionali e intellettuali. Accompagneranno e guideranno la riflessione su quegli anni di impegno e di intense battaglie civili, in un confronto e dialogo allargati, la giornalista e scrittrice Annarosa Macr\u00ec e il magistrato in pensione, dott. Carlo Macr\u00ec.<\/p>\n<p style=\"text-align: justify\"><em>Cessar\u00e8<\/em> \u00e8 un film sulla storia e la memoria delle lotte per la conquista dei diritti sociali e civili nella Calabria degli anni &#8217;70.<\/p>\n<p style=\"text-align: justify\"><em>Cessar\u00e8 <\/em>\u00e8 la narrazione di un viaggio nel tempo, individuale e collettivo, etico e civile; \u00e8 una riflessione sulla complessit\u00e0 dei processi storici, sulle sue sospensioni e sulla capacit\u00e0 dei movimenti di base, in tutti i Sud del mondo, di liberarsi dai soprusi e dalle ingiustizie e di avviare percorsi per l\u2019acquisizione dei diritti fondamentali dell\u2019uomo e dei principi della giustizia sociale.<\/p>\n<p style=\"text-align: justify\"><em>Cessar\u00e8<\/em> \u00e8 la narrazione di un viaggio nei luoghi, la Locride degli anni \u201970; \u00e8 la narrazione corale di un \u201968 sconosciuto dell\u2019estrema periferia italiana: lo Jonio reggino; \u00e8 il percorso di emancipazione della generazione delle madri e delle figlie; \u00e8 il cammino di liberazione degli indifesi, riuniti nelle comunit\u00e0 cristiane di base, dalle catene oppressive dei poteri tradizionali; \u00e8 la <em>disperata vitalit\u00e0<\/em> dei giovani dei collettivi operai-studenti della zona jonica; \u00e8 la storia del coraggio civile di un piccolo comune, Gioiosa Jonica, che il 27 dicembre 1975 indice il primo sciopero generale contro la mafia in Calabria; \u00e8 il mulino, sono gli orologi di Rocco Gatto, Vittima di mafia, ucciso dalla \u2018ndrangheta il 12 marzo 1977 per aver osato liberarsi e liberare i cittadini onesti dai suoi mille tentacoli; \u00e8 il senso profondo dello Stato incarnato e infuso nella popolazione civile, da un giovane Comandante della Compagnia dei Carabinieri di Roccella Jonica, Gennaro Niglio, il cui impegno e rigore furono indispensabili nella lotta alla \u2018ndrangheta dell\u2019epoca; \u00e8 la determinazione di un sindaco, Francesco Modafferi, che si oppone con passione civile alla \u2018ndrangheta; \u00e8 l\u2019ottimismo di Natale Bianchi, ex prete sospeso a divinis, il suo continuo incitamento ad andare avanti e a prendere in mano il proprio destino per affrancarsi da tutte le forme di oppressione; \u00e8 lo sguardo aperto e luminoso di Ciccio Gatto sul fratello e sul mondo; \u00e8 la testimonianza e il coraggio e impegno civile dei protagonisti di quel decennio di battaglie civili: tre generazioni di donne, educatori, operatori sociali e culturali, magistrati, amministratori, uomini delle forze dell\u2019ordine, sindacalisti, studiosi, giornalisti, uomini di diritto, intellettuali, religiosi\u2026<\/p>\n<p style=\"text-align: justify\">Il nome \u201cCessar\u00e8\u201d \u00e8 proprio di un luogo geografico: una collina nel territorio del comune di Gioiosa Jonica (RC), coperta da vigneti e castagneti, che negli anni \u201870 subisce l\u2019occupazione della \u2018ndrangheta locale, ma \u00e8 anche il luogo-simbolo dove inizia la silenziosa marcia di denuncia della popolazione civile di Gioiosa Jonica e della Locride, che seppe unire assieme interi territori, la Calabria e l\u2019Italia intera: associazioni, comunit\u00e0 di base, sindacati, partiti, studenti, singoli cittadini. Quegli anni locridei sono stati ben ricostruiti nel libro inchiesta dei giornalisti Bruno Gemelli e Pietro Melia e dal titolo \u201cCessar\u00e8&#8230; La mafia calabrese degli anni \u201880. Dalle gabelle, alle guardianie, all\u2019imprenditoria pubblica\u201d (Frama Sud, 1980) curatissimo riguardo i fatti e gli episodi di cronaca di quel decennio.<\/p>\n<p style=\"text-align: justify\">Da quella stagione di lotte democratiche e civili dei cittadini calabresi \u00e8 nata la necessit\u00e0 di fare la mappa visiva di quell\u2019itinerario civile; di ripercorrere e sostare, assieme ai protagonisti, nei luoghi della memoria collettiva dimenticata per assorbirne i suoni e i profumi, la bellezza e il suo contrario; di riallacciare i fili di un dialogo generazionale, porre domande, ascoltare le voci dei \u201cpadri\u201d per vivere il presente e immaginare il futuro.<\/p>\n<p style=\"text-align: justify\"><em>Cessar\u00e8<\/em>, pi\u00f9 che soffermarsi sugli aspetti cronachistici di quel decennio e porre la lente di ingrandimento sui carnefici, la sposta sui protagonisti coraggiosi, sulle vittime e sui tanti cittadini che sin d\u2019allora, iniziarono, tutti insieme, un \u201cCammino di Liberazione e Emancipazione Etica e Civile\u201d dei nostri territori per affrancarli dallo stato di sottomissione in cui la miseria e la disoccupazione cronici, la mancanza di beni e servizi di prima necessit\u00e0, li aveva ridotti e resi vulnerabili alle pratiche dei regimi totalitari della corruzione e delle clientele, del malaffare e delle mafie, tutte: agro pastorali e dei colletti gi\u00e0 bianchi.<\/p>\n<p style=\"text-align: justify\">Il film documentario, indipendente, auto-prodotto dall\u2019autrice e regista Rina Amato con il contributo IMAIE (anno di produzione 2008, anno di uscita 2009, Italia, durata 98\u2019), \u00e8 stato girato in digitale tra l\u2019autunno del 2006 e il 2007 da una piccola troupe composta dalla regista e da giovani operatori e video makers calabresi, dotata di pochi mezzi tecnici ma di forti motivazioni e capitale umano. Molto curato nel montaggio e nella colonna sonora, da professionisti del Cinema italiano, il documentario si avvale, attraverso il metodo dell\u2019osservazione partecipante, proprio dell\u2019indagine socio antropologica, delle testimonianze dirette dei protagonisti principali di quella stagione di forte impegno civile, di acute analisi interpretative di storici, sociologi, antropologi, giornalisti, delle voci delle donne, e di una ricca documentazione cartacea, sonora, audiovisiva e fotografica inedita e proveniente da archivi privati; rappresenta il primo capitolo di un progetto pi\u00f9 ampio sulla memoria storica che raccoglie testimonianze audiovisive su 60 anni di storia sociale calabrese, dagli anni &#8217;80 a ritroso fino agli anni &#8217;20; non ancora consultabile e visionabile in rete e sulle piattaforme perch\u00e9 attende, da vari anni, la pubblicazione di un libro-dvd da parte di un editore di saggi di storia; a sedici anni dalla sua prima uscita viene a tutt\u2019oggi presentato, su invito, in spazi culturali pubblici, scuole, universit\u00e0, biblioteche, archivi storici, festival e rassegne, per una visione collettiva e comunitaria.<\/p>\n<p style=\"text-align: justify\">\n<p style=\"text-align: justify\"><strong>Rina Amato<\/strong> nata in Calabria, ha vissuto per trentacinque anni a Roma, rimanendo legata alla sua terra dal costante impegno sociale e culturale per la salvaguardia e valorizzazione del suo immenso patrimonio naturalistico, storico, architettonico, archeologico, socio antropologico e immateriale e soprattutto per la rinascita etica attraverso pratiche partecipate di buona cittadinanza. Laureatasi nel 2000 alla Facolt\u00e0 di Scienze Politiche dell\u2019Universit\u00e0 degli studi di Roma \u2018\u2019La Sapienza\u2019\u2019 con una tesi sull&#8217;Economia Solidale nella Locride, ha unito a una formazione socio-politica e antropologica, l\u2019attivismo e l\u2019impegno costanti verso la tutela dei diritti umani e dell\u2019ambiente, la giustizia sociale e la cura dei fragili, sviluppando parallelamente l\u2019interesse verso la ricerca di nuovi linguaggi espressivi nei campi dell\u2019arte e della cultura intesi come strumenti a servizio di tutta la comunit\u00e0, per l\u2019emancipazione democratica dei territori e delle popolazioni dei cittadini &#8211; bambini e adulti &#8211; che li abitano. Assieme a vari operatori sociali e culturali, educatori, persone umili e sapienti, intellettuali e artisti, enti e amministratori pubblici virtuosi, ha ideato, prodotto e promosso pratiche di arte sociale e cultura diffusa. Il suo naturale legame con l\u2019immagine fotografica e con la ricerca sociale e antropologica l\u2019hanno portata a sviluppare un profondo interesse per il documentario di narrazione. Ha seguito corsi e seminari di sceneggiatura e regia. Ha partecipato alla realizzazione collettiva di vari medi e cortometraggi, ha diretto video su tematiche sociali e culturali per associazioni e gruppi; ha collaborato con diverse case di produzione cinematografica, festival e rassegne di cinema, curandone l\u2019ideazione, l\u2019organizzazione, la promozione, l\u2019ufficio stampa. Cessar\u00e8 (Ita 2008-98\u2019) \u00e8 il suo primo lungometraggio. Riguardo alle motivazioni che l\u2019hanno spinta ad avviare questo progetto, afferma: \u00abPrima di avviare la ricerca audiovisiva, mi sono posta una serie di domande e sono giunta a una serie di riflessioni. Mi sono chiesta, soprattutto, perch\u00e9 i calabresi hanno interiorizzato e fatto proprio il tema della \u201cperdita\u201d e della conseguente rimozione della propria memoria storica. Io ho vissuto e vivo in Calabria, la comunit\u00e0 che documento. Qual \u00e8 la differenza fra come le persone vedono il luogo in cui vivono e il modo in cui altri, esterni, lo rappresentano? Chi \u00e8 che racconta la storia della comunit\u00e0? E quali sono le sue responsabilit\u00e0?\u00bb.<\/p>\n<p>&nbsp;<\/p>\n","protected":false},"excerpt":{"rendered":"<p>A Roccella il 16 marzo un pomeriggio di riflessione sulla nostra Memoria Storica: Cessar\u00e8- Viaggio nella Locride degli anni \u201970, un film documentario di Rina Amato. Uno squarcio sulla storia&hellip;<\/p>\n","protected":false},"author":12,"featured_media":47037,"comment_status":"closed","ping_status":"open","sticky":false,"template":"","format":"standard","meta":{"_jetpack_memberships_contains_paid_content":false,"footnotes":"","jetpack_publicize_message":"","jetpack_publicize_feature_enabled":true,"jetpack_social_post_already_shared":false,"jetpack_social_options":{"image_generator_settings":{"template":"highway","default_image_id":0,"font":"","enabled":false},"version":2}},"categories":[921,196,140],"tags":[28941,7531,6263,28942,28943,7810],"class_list":["post-47036","post","type-post","status-publish","format-standard","has-post-thumbnail","hentry","category-home","category-news","category-reggio-calabria","tag-cessare-viaggio-nella-locride-degli-anni-70","tag-comune-di-roccella-ionica","tag-convento-dei-minimi","tag-film-documentario-di-rina-amato","tag-progetto-la-memoria-ci-salva-la-vita","tag-sindaco-vittorio-zito"],"yoast_head":"<!-- This site is optimized with the Yoast SEO plugin v27.2 - https:\/\/yoast.com\/product\/yoast-seo-wordpress\/ -->\n<title>Roccella: sabato film &quot;Cessar\u00e8- Viaggio nella Locride degli anni \u201970&quot;<\/title>\n<meta name=\"description\" content=\"Il documentario sabato 16 marzo a Roccella Jonica, alle ore 17.00 all\u2019ex Convento dei Minimi per il progetto \u201cLa Memoria ci salva la Vita&quot;\" \/>\n<meta name=\"robots\" content=\"index, follow, max-snippet:-1, max-image-preview:large, max-video-preview:-1\" \/>\n<link rel=\"canonical\" href=\"https:\/\/progettotouring.it\/radiotouring104\/2024\/03\/14\/roccella-sabato-al-convento-dei-minimi-il-film-cessare-viaggio-nella-locride-degli-anni-70\/\" \/>\n<meta property=\"og:locale\" content=\"it_IT\" \/>\n<meta property=\"og:type\" content=\"article\" \/>\n<meta property=\"og:title\" content=\"Roccella: sabato film &quot;Cessar\u00e8- Viaggio nella Locride degli anni \u201970&quot;\" \/>\n<meta property=\"og:description\" content=\"Il documentario sabato 16 marzo a Roccella Jonica, alle ore 17.00 all\u2019ex Convento dei Minimi per il progetto \u201cLa Memoria ci salva la Vita&quot;\" \/>\n<meta property=\"og:url\" content=\"https:\/\/progettotouring.it\/radiotouring104\/2024\/03\/14\/roccella-sabato-al-convento-dei-minimi-il-film-cessare-viaggio-nella-locride-degli-anni-70\/\" \/>\n<meta property=\"og:site_name\" content=\"Radio Touring 104\" \/>\n<meta property=\"article:published_time\" content=\"2024-03-14T11:05:00+00:00\" \/>\n<meta property=\"og:image\" content=\"https:\/\/progettotouring.it\/radiotouring104\/wp-content\/uploads\/sites\/6\/2024\/03\/Locandina-Cessare-16-03-2024.jpg\" \/>\n\t<meta property=\"og:image:width\" content=\"702\" \/>\n\t<meta property=\"og:image:height\" content=\"992\" \/>\n\t<meta property=\"og:image:type\" content=\"image\/jpeg\" \/>\n<meta name=\"author\" content=\"Sebastiano Plutino\" \/>\n<meta name=\"twitter:card\" content=\"summary_large_image\" \/>\n<meta name=\"twitter:label1\" content=\"Scritto da\" \/>\n\t<meta name=\"twitter:data1\" content=\"Sebastiano Plutino\" \/>\n\t<meta name=\"twitter:label2\" content=\"Tempo di lettura stimato\" \/>\n\t<meta name=\"twitter:data2\" content=\"7 minuti\" \/>\n<script type=\"application\/ld+json\" class=\"yoast-schema-graph\">{\"@context\":\"https:\/\/schema.org\",\"@graph\":[{\"@type\":\"Article\",\"@id\":\"https:\/\/progettotouring.it\/radiotouring104\/2024\/03\/14\/roccella-sabato-al-convento-dei-minimi-il-film-cessare-viaggio-nella-locride-degli-anni-70\/#article\",\"isPartOf\":{\"@id\":\"https:\/\/progettotouring.it\/radiotouring104\/2024\/03\/14\/roccella-sabato-al-convento-dei-minimi-il-film-cessare-viaggio-nella-locride-degli-anni-70\/\"},\"author\":{\"name\":\"Sebastiano Plutino\",\"@id\":\"https:\/\/progettotouring.it\/radiotouring104\/#\/schema\/person\/78613917f1851f041f7483f5af1d422e\"},\"headline\":\"Roccella: sabato al Convento dei Minimi il film &#8220;Cessar\u00e8- Viaggio nella Locride degli anni \u201970&#8221;\",\"datePublished\":\"2024-03-14T11:05:00+00:00\",\"mainEntityOfPage\":{\"@id\":\"https:\/\/progettotouring.it\/radiotouring104\/2024\/03\/14\/roccella-sabato-al-convento-dei-minimi-il-film-cessare-viaggio-nella-locride-degli-anni-70\/\"},\"wordCount\":1417,\"publisher\":{\"@id\":\"https:\/\/progettotouring.it\/radiotouring104\/#organization\"},\"image\":{\"@id\":\"https:\/\/progettotouring.it\/radiotouring104\/2024\/03\/14\/roccella-sabato-al-convento-dei-minimi-il-film-cessare-viaggio-nella-locride-degli-anni-70\/#primaryimage\"},\"thumbnailUrl\":\"https:\/\/progettotouring.it\/radiotouring104\/wp-content\/uploads\/sites\/6\/2024\/03\/Locandina-Cessare-16-03-2024.jpg\",\"keywords\":[\"\\\"Cessar\u00e8- Viaggio nella Locride degli anni \u201970\\\"\",\"Comune di Roccella Ionica.\",\"Convento dei Minimi\",\"film documentario di Rina Amato.\",\"progetto \u201cLa Memoria ci salva la Vita\u201d\",\"Sindaco Vittorio Zito\"],\"articleSection\":[\"Home\",\"News\",\"Reggio Calabria\"],\"inLanguage\":\"it-IT\"},{\"@type\":\"WebPage\",\"@id\":\"https:\/\/progettotouring.it\/radiotouring104\/2024\/03\/14\/roccella-sabato-al-convento-dei-minimi-il-film-cessare-viaggio-nella-locride-degli-anni-70\/\",\"url\":\"https:\/\/progettotouring.it\/radiotouring104\/2024\/03\/14\/roccella-sabato-al-convento-dei-minimi-il-film-cessare-viaggio-nella-locride-degli-anni-70\/\",\"name\":\"Roccella: sabato film \\\"Cessar\u00e8- Viaggio nella Locride degli anni \u201970\\\"\",\"isPartOf\":{\"@id\":\"https:\/\/progettotouring.it\/radiotouring104\/#website\"},\"primaryImageOfPage\":{\"@id\":\"https:\/\/progettotouring.it\/radiotouring104\/2024\/03\/14\/roccella-sabato-al-convento-dei-minimi-il-film-cessare-viaggio-nella-locride-degli-anni-70\/#primaryimage\"},\"image\":{\"@id\":\"https:\/\/progettotouring.it\/radiotouring104\/2024\/03\/14\/roccella-sabato-al-convento-dei-minimi-il-film-cessare-viaggio-nella-locride-degli-anni-70\/#primaryimage\"},\"thumbnailUrl\":\"https:\/\/progettotouring.it\/radiotouring104\/wp-content\/uploads\/sites\/6\/2024\/03\/Locandina-Cessare-16-03-2024.jpg\",\"datePublished\":\"2024-03-14T11:05:00+00:00\",\"description\":\"Il documentario sabato 16 marzo a Roccella Jonica, alle ore 17.00 all\u2019ex Convento dei Minimi per il progetto \u201cLa Memoria ci salva la Vita\\\"\",\"breadcrumb\":{\"@id\":\"https:\/\/progettotouring.it\/radiotouring104\/2024\/03\/14\/roccella-sabato-al-convento-dei-minimi-il-film-cessare-viaggio-nella-locride-degli-anni-70\/#breadcrumb\"},\"inLanguage\":\"it-IT\",\"potentialAction\":[{\"@type\":\"ReadAction\",\"target\":[\"https:\/\/progettotouring.it\/radiotouring104\/2024\/03\/14\/roccella-sabato-al-convento-dei-minimi-il-film-cessare-viaggio-nella-locride-degli-anni-70\/\"]}]},{\"@type\":\"ImageObject\",\"inLanguage\":\"it-IT\",\"@id\":\"https:\/\/progettotouring.it\/radiotouring104\/2024\/03\/14\/roccella-sabato-al-convento-dei-minimi-il-film-cessare-viaggio-nella-locride-degli-anni-70\/#primaryimage\",\"url\":\"https:\/\/progettotouring.it\/radiotouring104\/wp-content\/uploads\/sites\/6\/2024\/03\/Locandina-Cessare-16-03-2024.jpg\",\"contentUrl\":\"https:\/\/progettotouring.it\/radiotouring104\/wp-content\/uploads\/sites\/6\/2024\/03\/Locandina-Cessare-16-03-2024.jpg\",\"width\":702,\"height\":992},{\"@type\":\"BreadcrumbList\",\"@id\":\"https:\/\/progettotouring.it\/radiotouring104\/2024\/03\/14\/roccella-sabato-al-convento-dei-minimi-il-film-cessare-viaggio-nella-locride-degli-anni-70\/#breadcrumb\",\"itemListElement\":[{\"@type\":\"ListItem\",\"position\":1,\"name\":\"Home\",\"item\":\"https:\/\/progettotouring.it\/radiotouring104\/\"},{\"@type\":\"ListItem\",\"position\":2,\"name\":\"Roccella: sabato al Convento dei Minimi il film &#8220;Cessar\u00e8- Viaggio nella Locride degli anni \u201970&#8221;\"}]},{\"@type\":\"WebSite\",\"@id\":\"https:\/\/progettotouring.it\/radiotouring104\/#website\",\"url\":\"https:\/\/progettotouring.it\/radiotouring104\/\",\"name\":\"Radio Touring 104\",\"description\":\"La prima radio Reggina\",\"publisher\":{\"@id\":\"https:\/\/progettotouring.it\/radiotouring104\/#organization\"},\"potentialAction\":[{\"@type\":\"SearchAction\",\"target\":{\"@type\":\"EntryPoint\",\"urlTemplate\":\"https:\/\/progettotouring.it\/radiotouring104\/?s={search_term_string}\"},\"query-input\":{\"@type\":\"PropertyValueSpecification\",\"valueRequired\":true,\"valueName\":\"search_term_string\"}}],\"inLanguage\":\"it-IT\"},{\"@type\":\"Organization\",\"@id\":\"https:\/\/progettotouring.it\/radiotouring104\/#organization\",\"name\":\"Radio Touring 104\",\"url\":\"https:\/\/progettotouring.it\/radiotouring104\/\",\"logo\":{\"@type\":\"ImageObject\",\"inLanguage\":\"it-IT\",\"@id\":\"https:\/\/progettotouring.it\/radiotouring104\/#\/schema\/logo\/image\/\",\"url\":\"https:\/\/progettotouring.it\/radiotouring104\/wp-content\/uploads\/sites\/6\/2022\/02\/cropped-logo-radio-touring-104.png\",\"contentUrl\":\"https:\/\/progettotouring.it\/radiotouring104\/wp-content\/uploads\/sites\/6\/2022\/02\/cropped-logo-radio-touring-104.png\",\"width\":377,\"height\":182,\"caption\":\"Radio Touring 104\"},\"image\":{\"@id\":\"https:\/\/progettotouring.it\/radiotouring104\/#\/schema\/logo\/image\/\"}},{\"@type\":\"Person\",\"@id\":\"https:\/\/progettotouring.it\/radiotouring104\/#\/schema\/person\/78613917f1851f041f7483f5af1d422e\",\"name\":\"Sebastiano Plutino\",\"image\":{\"@type\":\"ImageObject\",\"inLanguage\":\"it-IT\",\"@id\":\"https:\/\/secure.gravatar.com\/avatar\/0546ffaa9b79224faf9f2a156b67a529ae861d3287c66c1d8ccfdf909bcba78d?s=96&d=mm&r=g\",\"url\":\"https:\/\/secure.gravatar.com\/avatar\/0546ffaa9b79224faf9f2a156b67a529ae861d3287c66c1d8ccfdf909bcba78d?s=96&d=mm&r=g\",\"contentUrl\":\"https:\/\/secure.gravatar.com\/avatar\/0546ffaa9b79224faf9f2a156b67a529ae861d3287c66c1d8ccfdf909bcba78d?s=96&d=mm&r=g\",\"caption\":\"Sebastiano Plutino\"},\"url\":\"https:\/\/progettotouring.it\/radiotouring104\/author\/sebastiano\/\"}]}<\/script>\n<!-- \/ Yoast SEO plugin. -->","yoast_head_json":{"title":"Roccella: sabato film \"Cessar\u00e8- Viaggio nella Locride degli anni \u201970\"","description":"Il documentario sabato 16 marzo a Roccella Jonica, alle ore 17.00 all\u2019ex Convento dei Minimi per il progetto \u201cLa Memoria ci salva la Vita\"","robots":{"index":"index","follow":"follow","max-snippet":"max-snippet:-1","max-image-preview":"max-image-preview:large","max-video-preview":"max-video-preview:-1"},"canonical":"https:\/\/progettotouring.it\/radiotouring104\/2024\/03\/14\/roccella-sabato-al-convento-dei-minimi-il-film-cessare-viaggio-nella-locride-degli-anni-70\/","og_locale":"it_IT","og_type":"article","og_title":"Roccella: sabato film \"Cessar\u00e8- Viaggio nella Locride degli anni \u201970\"","og_description":"Il documentario sabato 16 marzo a Roccella Jonica, alle ore 17.00 all\u2019ex Convento dei Minimi per il progetto \u201cLa Memoria ci salva la Vita\"","og_url":"https:\/\/progettotouring.it\/radiotouring104\/2024\/03\/14\/roccella-sabato-al-convento-dei-minimi-il-film-cessare-viaggio-nella-locride-degli-anni-70\/","og_site_name":"Radio Touring 104","article_published_time":"2024-03-14T11:05:00+00:00","og_image":[{"width":702,"height":992,"url":"https:\/\/progettotouring.it\/radiotouring104\/wp-content\/uploads\/sites\/6\/2024\/03\/Locandina-Cessare-16-03-2024.jpg","type":"image\/jpeg"}],"author":"Sebastiano Plutino","twitter_card":"summary_large_image","twitter_misc":{"Scritto da":"Sebastiano Plutino","Tempo di lettura stimato":"7 minuti"},"schema":{"@context":"https:\/\/schema.org","@graph":[{"@type":"Article","@id":"https:\/\/progettotouring.it\/radiotouring104\/2024\/03\/14\/roccella-sabato-al-convento-dei-minimi-il-film-cessare-viaggio-nella-locride-degli-anni-70\/#article","isPartOf":{"@id":"https:\/\/progettotouring.it\/radiotouring104\/2024\/03\/14\/roccella-sabato-al-convento-dei-minimi-il-film-cessare-viaggio-nella-locride-degli-anni-70\/"},"author":{"name":"Sebastiano Plutino","@id":"https:\/\/progettotouring.it\/radiotouring104\/#\/schema\/person\/78613917f1851f041f7483f5af1d422e"},"headline":"Roccella: sabato al Convento dei Minimi il film &#8220;Cessar\u00e8- Viaggio nella Locride degli anni \u201970&#8221;","datePublished":"2024-03-14T11:05:00+00:00","mainEntityOfPage":{"@id":"https:\/\/progettotouring.it\/radiotouring104\/2024\/03\/14\/roccella-sabato-al-convento-dei-minimi-il-film-cessare-viaggio-nella-locride-degli-anni-70\/"},"wordCount":1417,"publisher":{"@id":"https:\/\/progettotouring.it\/radiotouring104\/#organization"},"image":{"@id":"https:\/\/progettotouring.it\/radiotouring104\/2024\/03\/14\/roccella-sabato-al-convento-dei-minimi-il-film-cessare-viaggio-nella-locride-degli-anni-70\/#primaryimage"},"thumbnailUrl":"https:\/\/progettotouring.it\/radiotouring104\/wp-content\/uploads\/sites\/6\/2024\/03\/Locandina-Cessare-16-03-2024.jpg","keywords":["\"Cessar\u00e8- Viaggio nella Locride degli anni \u201970\"","Comune di Roccella Ionica.","Convento dei Minimi","film documentario di Rina Amato.","progetto \u201cLa Memoria ci salva la Vita\u201d","Sindaco Vittorio Zito"],"articleSection":["Home","News","Reggio Calabria"],"inLanguage":"it-IT"},{"@type":"WebPage","@id":"https:\/\/progettotouring.it\/radiotouring104\/2024\/03\/14\/roccella-sabato-al-convento-dei-minimi-il-film-cessare-viaggio-nella-locride-degli-anni-70\/","url":"https:\/\/progettotouring.it\/radiotouring104\/2024\/03\/14\/roccella-sabato-al-convento-dei-minimi-il-film-cessare-viaggio-nella-locride-degli-anni-70\/","name":"Roccella: sabato film \"Cessar\u00e8- Viaggio nella Locride degli anni \u201970\"","isPartOf":{"@id":"https:\/\/progettotouring.it\/radiotouring104\/#website"},"primaryImageOfPage":{"@id":"https:\/\/progettotouring.it\/radiotouring104\/2024\/03\/14\/roccella-sabato-al-convento-dei-minimi-il-film-cessare-viaggio-nella-locride-degli-anni-70\/#primaryimage"},"image":{"@id":"https:\/\/progettotouring.it\/radiotouring104\/2024\/03\/14\/roccella-sabato-al-convento-dei-minimi-il-film-cessare-viaggio-nella-locride-degli-anni-70\/#primaryimage"},"thumbnailUrl":"https:\/\/progettotouring.it\/radiotouring104\/wp-content\/uploads\/sites\/6\/2024\/03\/Locandina-Cessare-16-03-2024.jpg","datePublished":"2024-03-14T11:05:00+00:00","description":"Il documentario sabato 16 marzo a Roccella Jonica, alle ore 17.00 all\u2019ex Convento dei Minimi per il progetto \u201cLa Memoria ci salva la Vita\"","breadcrumb":{"@id":"https:\/\/progettotouring.it\/radiotouring104\/2024\/03\/14\/roccella-sabato-al-convento-dei-minimi-il-film-cessare-viaggio-nella-locride-degli-anni-70\/#breadcrumb"},"inLanguage":"it-IT","potentialAction":[{"@type":"ReadAction","target":["https:\/\/progettotouring.it\/radiotouring104\/2024\/03\/14\/roccella-sabato-al-convento-dei-minimi-il-film-cessare-viaggio-nella-locride-degli-anni-70\/"]}]},{"@type":"ImageObject","inLanguage":"it-IT","@id":"https:\/\/progettotouring.it\/radiotouring104\/2024\/03\/14\/roccella-sabato-al-convento-dei-minimi-il-film-cessare-viaggio-nella-locride-degli-anni-70\/#primaryimage","url":"https:\/\/progettotouring.it\/radiotouring104\/wp-content\/uploads\/sites\/6\/2024\/03\/Locandina-Cessare-16-03-2024.jpg","contentUrl":"https:\/\/progettotouring.it\/radiotouring104\/wp-content\/uploads\/sites\/6\/2024\/03\/Locandina-Cessare-16-03-2024.jpg","width":702,"height":992},{"@type":"BreadcrumbList","@id":"https:\/\/progettotouring.it\/radiotouring104\/2024\/03\/14\/roccella-sabato-al-convento-dei-minimi-il-film-cessare-viaggio-nella-locride-degli-anni-70\/#breadcrumb","itemListElement":[{"@type":"ListItem","position":1,"name":"Home","item":"https:\/\/progettotouring.it\/radiotouring104\/"},{"@type":"ListItem","position":2,"name":"Roccella: sabato al Convento dei Minimi il film &#8220;Cessar\u00e8- Viaggio nella Locride degli anni \u201970&#8221;"}]},{"@type":"WebSite","@id":"https:\/\/progettotouring.it\/radiotouring104\/#website","url":"https:\/\/progettotouring.it\/radiotouring104\/","name":"Radio Touring 104","description":"La prima radio Reggina","publisher":{"@id":"https:\/\/progettotouring.it\/radiotouring104\/#organization"},"potentialAction":[{"@type":"SearchAction","target":{"@type":"EntryPoint","urlTemplate":"https:\/\/progettotouring.it\/radiotouring104\/?s={search_term_string}"},"query-input":{"@type":"PropertyValueSpecification","valueRequired":true,"valueName":"search_term_string"}}],"inLanguage":"it-IT"},{"@type":"Organization","@id":"https:\/\/progettotouring.it\/radiotouring104\/#organization","name":"Radio Touring 104","url":"https:\/\/progettotouring.it\/radiotouring104\/","logo":{"@type":"ImageObject","inLanguage":"it-IT","@id":"https:\/\/progettotouring.it\/radiotouring104\/#\/schema\/logo\/image\/","url":"https:\/\/progettotouring.it\/radiotouring104\/wp-content\/uploads\/sites\/6\/2022\/02\/cropped-logo-radio-touring-104.png","contentUrl":"https:\/\/progettotouring.it\/radiotouring104\/wp-content\/uploads\/sites\/6\/2022\/02\/cropped-logo-radio-touring-104.png","width":377,"height":182,"caption":"Radio Touring 104"},"image":{"@id":"https:\/\/progettotouring.it\/radiotouring104\/#\/schema\/logo\/image\/"}},{"@type":"Person","@id":"https:\/\/progettotouring.it\/radiotouring104\/#\/schema\/person\/78613917f1851f041f7483f5af1d422e","name":"Sebastiano Plutino","image":{"@type":"ImageObject","inLanguage":"it-IT","@id":"https:\/\/secure.gravatar.com\/avatar\/0546ffaa9b79224faf9f2a156b67a529ae861d3287c66c1d8ccfdf909bcba78d?s=96&d=mm&r=g","url":"https:\/\/secure.gravatar.com\/avatar\/0546ffaa9b79224faf9f2a156b67a529ae861d3287c66c1d8ccfdf909bcba78d?s=96&d=mm&r=g","contentUrl":"https:\/\/secure.gravatar.com\/avatar\/0546ffaa9b79224faf9f2a156b67a529ae861d3287c66c1d8ccfdf909bcba78d?s=96&d=mm&r=g","caption":"Sebastiano Plutino"},"url":"https:\/\/progettotouring.it\/radiotouring104\/author\/sebastiano\/"}]}},"jetpack_publicize_connections":[],"jetpack_featured_media_url":"https:\/\/progettotouring.it\/radiotouring104\/wp-content\/uploads\/sites\/6\/2024\/03\/Locandina-Cessare-16-03-2024.jpg","jetpack_sharing_enabled":true,"_links":{"self":[{"href":"https:\/\/progettotouring.it\/radiotouring104\/wp-json\/wp\/v2\/posts\/47036","targetHints":{"allow":["GET"]}}],"collection":[{"href":"https:\/\/progettotouring.it\/radiotouring104\/wp-json\/wp\/v2\/posts"}],"about":[{"href":"https:\/\/progettotouring.it\/radiotouring104\/wp-json\/wp\/v2\/types\/post"}],"author":[{"embeddable":true,"href":"https:\/\/progettotouring.it\/radiotouring104\/wp-json\/wp\/v2\/users\/12"}],"replies":[{"embeddable":true,"href":"https:\/\/progettotouring.it\/radiotouring104\/wp-json\/wp\/v2\/comments?post=47036"}],"version-history":[{"count":1,"href":"https:\/\/progettotouring.it\/radiotouring104\/wp-json\/wp\/v2\/posts\/47036\/revisions"}],"predecessor-version":[{"id":47038,"href":"https:\/\/progettotouring.it\/radiotouring104\/wp-json\/wp\/v2\/posts\/47036\/revisions\/47038"}],"wp:featuredmedia":[{"embeddable":true,"href":"https:\/\/progettotouring.it\/radiotouring104\/wp-json\/wp\/v2\/media\/47037"}],"wp:attachment":[{"href":"https:\/\/progettotouring.it\/radiotouring104\/wp-json\/wp\/v2\/media?parent=47036"}],"wp:term":[{"taxonomy":"category","embeddable":true,"href":"https:\/\/progettotouring.it\/radiotouring104\/wp-json\/wp\/v2\/categories?post=47036"},{"taxonomy":"post_tag","embeddable":true,"href":"https:\/\/progettotouring.it\/radiotouring104\/wp-json\/wp\/v2\/tags?post=47036"}],"curies":[{"name":"wp","href":"https:\/\/api.w.org\/{rel}","templated":true}]}}