{"id":47039,"date":"2024-03-14T12:14:58","date_gmt":"2024-03-14T11:14:58","guid":{"rendered":"https:\/\/progettotouring.it\/radiotouring104\/?p=47039"},"modified":"2024-03-14T12:14:58","modified_gmt":"2024-03-14T11:14:58","slug":"pentidattilo-domani-la-presentazione-del-progetto-di-fattibilita-per-la-riqualificazione-del-borgo","status":"publish","type":"post","link":"https:\/\/progettotouring.it\/radiotouring104\/2024\/03\/14\/pentidattilo-domani-la-presentazione-del-progetto-di-fattibilita-per-la-riqualificazione-del-borgo\/","title":{"rendered":"Pentidattilo: domani la presentazione del progetto di fattibilit\u00e0 per la riqualificazione del borgo."},"content":{"rendered":"<p style=\"text-align: justify\"><em>\u201cLa rinascita di Pentedattilo, con l\u2019emendamento Cannizzaro\u201d. <\/em>Sar\u00e0 presentato pubblicamente domani, <strong>venerd\u00ec 15 marzo<\/strong>, il <strong>progetto di fattibilit\u00e0<\/strong> per la riqualificazione dell\u2019antico Borgo Grecanico, a cui la legge di Bilancio dello Stato 2023 ha assegnato ben 2 milioni di euro grazie all\u2019emendamento ideato e promosso dal parlamentare Francesco Cannizzaro.<\/p>\n<p style=\"text-align: justify\"><em>\u201cPentedattilo tra percorsi e riflessioni\u201d, <\/em>\u00e8 questo il titolo del progetto,<strong> che sar\u00e0 svelato alle ore 16:30 nel corso di una conferenza presso l\u2019ex Mercato coperto di Melito Porto Salvo<\/strong>. Ad illustrarlo sar\u00e0 Valentina <strong>Marciano<\/strong>, senior advisor in politiche di coesione territoriale; interverr\u00e0 il padrone di casa, il Sindaco dell\u2019Amministrazione ente esecutore, Salvatore <strong>Orlando<\/strong>; concluder\u00e0 il promotore dell\u2019emendamento Pro Pentedattilo, l\u2019Onorevole Francesco <strong>Cannizzaro<\/strong>.<\/p>\n<p style=\"text-align: justify\"><strong>Parteciperanno anche altre Autorit\u00e0, Sindaci, Amministratori ed Associazioni dell\u2019Area Grecanica.<\/strong><\/p>\n","protected":false},"excerpt":{"rendered":"<p>\u201cLa rinascita di Pentedattilo, con l\u2019emendamento Cannizzaro\u201d. Sar\u00e0 presentato pubblicamente domani, venerd\u00ec 15 marzo, il progetto di fattibilit\u00e0 per la riqualificazione dell\u2019antico Borgo Grecanico, a cui la legge di Bilancio&hellip;<\/p>\n","protected":false},"author":12,"featured_media":47040,"comment_status":"closed","ping_status":"open","sticky":false,"template":"","format":"standard","meta":{"_jetpack_memberships_contains_paid_content":false,"footnotes":"","jetpack_publicize_message":"","jetpack_publicize_feature_enabled":true,"jetpack_social_post_already_shared":false,"jetpack_social_options":{"image_generator_settings":{"template":"highway","default_image_id":0,"font":"","enabled":false},"version":2}},"categories":[921,196,140],"tags":[28944,15041,28945,7620],"class_list":["post-47039","post","type-post","status-publish","format-standard","has-post-thumbnail","hentry","category-home","category-news","category-reggio-calabria","tag-domani-presentazione-progetto-riqualificazione-borgo","tag-emendamento-cannizzaro","tag-mercato-coperto-di-melito","tag-pentidattilo"],"yoast_head":"<!-- This site is optimized with the Yoast SEO plugin v27.2 - https:\/\/yoast.com\/product\/yoast-seo-wordpress\/ -->\n<title>Pentidattilo: domani la presentazione del progetto di riqualificazione<\/title>\n<meta name=\"description\" content=\"Sar\u00e0 presentato domani, alle 16:30, Mercato coperto di Melito, il progetto di fattibilit\u00e0 per la riqualificazione dell\u2019antico Borgo\" \/>\n<meta name=\"robots\" content=\"index, follow, max-snippet:-1, max-image-preview:large, max-video-preview:-1\" \/>\n<link rel=\"canonical\" href=\"https:\/\/progettotouring.it\/radiotouring104\/2024\/03\/14\/pentidattilo-domani-la-presentazione-del-progetto-di-fattibilita-per-la-riqualificazione-del-borgo\/\" \/>\n<meta property=\"og:locale\" content=\"it_IT\" \/>\n<meta property=\"og:type\" content=\"article\" \/>\n<meta property=\"og:title\" content=\"Pentidattilo: domani la presentazione del progetto di riqualificazione\" \/>\n<meta property=\"og:description\" content=\"Sar\u00e0 presentato domani, alle 16:30, Mercato coperto di Melito, il progetto di fattibilit\u00e0 per la riqualificazione dell\u2019antico Borgo\" \/>\n<meta property=\"og:url\" content=\"https:\/\/progettotouring.it\/radiotouring104\/2024\/03\/14\/pentidattilo-domani-la-presentazione-del-progetto-di-fattibilita-per-la-riqualificazione-del-borgo\/\" \/>\n<meta property=\"og:site_name\" content=\"Radio Touring 104\" \/>\n<meta property=\"article:published_time\" content=\"2024-03-14T11:14:58+00:00\" \/>\n<meta property=\"og:image\" content=\"https:\/\/progettotouring.it\/radiotouring104\/wp-content\/uploads\/sites\/6\/2024\/03\/rinascita-pentidattilo-cannizzaro-scaled.jpg\" \/>\n\t<meta property=\"og:image:width\" content=\"2560\" \/>\n\t<meta property=\"og:image:height\" content=\"2064\" \/>\n\t<meta property=\"og:image:type\" content=\"image\/jpeg\" \/>\n<meta name=\"author\" content=\"Sebastiano Plutino\" \/>\n<meta name=\"twitter:card\" content=\"summary_large_image\" \/>\n<meta name=\"twitter:label1\" content=\"Scritto da\" \/>\n\t<meta name=\"twitter:data1\" content=\"Sebastiano Plutino\" \/>\n\t<meta name=\"twitter:label2\" content=\"Tempo di lettura stimato\" \/>\n\t<meta name=\"twitter:data2\" content=\"1 minuto\" \/>\n<script type=\"application\/ld+json\" class=\"yoast-schema-graph\">{\"@context\":\"https:\/\/schema.org\",\"@graph\":[{\"@type\":\"Article\",\"@id\":\"https:\/\/progettotouring.it\/radiotouring104\/2024\/03\/14\/pentidattilo-domani-la-presentazione-del-progetto-di-fattibilita-per-la-riqualificazione-del-borgo\/#article\",\"isPartOf\":{\"@id\":\"https:\/\/progettotouring.it\/radiotouring104\/2024\/03\/14\/pentidattilo-domani-la-presentazione-del-progetto-di-fattibilita-per-la-riqualificazione-del-borgo\/\"},\"author\":{\"name\":\"Sebastiano Plutino\",\"@id\":\"https:\/\/progettotouring.it\/radiotouring104\/#\/schema\/person\/78613917f1851f041f7483f5af1d422e\"},\"headline\":\"Pentidattilo: domani la presentazione del progetto di fattibilit\u00e0 per la riqualificazione del borgo.\",\"datePublished\":\"2024-03-14T11:14:58+00:00\",\"mainEntityOfPage\":{\"@id\":\"https:\/\/progettotouring.it\/radiotouring104\/2024\/03\/14\/pentidattilo-domani-la-presentazione-del-progetto-di-fattibilita-per-la-riqualificazione-del-borgo\/\"},\"wordCount\":138,\"publisher\":{\"@id\":\"https:\/\/progettotouring.it\/radiotouring104\/#organization\"},\"image\":{\"@id\":\"https:\/\/progettotouring.it\/radiotouring104\/2024\/03\/14\/pentidattilo-domani-la-presentazione-del-progetto-di-fattibilita-per-la-riqualificazione-del-borgo\/#primaryimage\"},\"thumbnailUrl\":\"https:\/\/progettotouring.it\/radiotouring104\/wp-content\/uploads\/sites\/6\/2024\/03\/rinascita-pentidattilo-cannizzaro-scaled.jpg\",\"keywords\":[\"domani presentazione progetto riqualificazione borgo\",\"emendamento Cannizzaro\",\"mercato coperto di Melito\",\"pentidattilo\"],\"articleSection\":[\"Home\",\"News\",\"Reggio Calabria\"],\"inLanguage\":\"it-IT\"},{\"@type\":\"WebPage\",\"@id\":\"https:\/\/progettotouring.it\/radiotouring104\/2024\/03\/14\/pentidattilo-domani-la-presentazione-del-progetto-di-fattibilita-per-la-riqualificazione-del-borgo\/\",\"url\":\"https:\/\/progettotouring.it\/radiotouring104\/2024\/03\/14\/pentidattilo-domani-la-presentazione-del-progetto-di-fattibilita-per-la-riqualificazione-del-borgo\/\",\"name\":\"Pentidattilo: domani la presentazione del progetto di riqualificazione\",\"isPartOf\":{\"@id\":\"https:\/\/progettotouring.it\/radiotouring104\/#website\"},\"primaryImageOfPage\":{\"@id\":\"https:\/\/progettotouring.it\/radiotouring104\/2024\/03\/14\/pentidattilo-domani-la-presentazione-del-progetto-di-fattibilita-per-la-riqualificazione-del-borgo\/#primaryimage\"},\"image\":{\"@id\":\"https:\/\/progettotouring.it\/radiotouring104\/2024\/03\/14\/pentidattilo-domani-la-presentazione-del-progetto-di-fattibilita-per-la-riqualificazione-del-borgo\/#primaryimage\"},\"thumbnailUrl\":\"https:\/\/progettotouring.it\/radiotouring104\/wp-content\/uploads\/sites\/6\/2024\/03\/rinascita-pentidattilo-cannizzaro-scaled.jpg\",\"datePublished\":\"2024-03-14T11:14:58+00:00\",\"description\":\"Sar\u00e0 presentato domani, alle 16:30, Mercato coperto di Melito, il progetto di fattibilit\u00e0 per la riqualificazione dell\u2019antico Borgo\",\"breadcrumb\":{\"@id\":\"https:\/\/progettotouring.it\/radiotouring104\/2024\/03\/14\/pentidattilo-domani-la-presentazione-del-progetto-di-fattibilita-per-la-riqualificazione-del-borgo\/#breadcrumb\"},\"inLanguage\":\"it-IT\",\"potentialAction\":[{\"@type\":\"ReadAction\",\"target\":[\"https:\/\/progettotouring.it\/radiotouring104\/2024\/03\/14\/pentidattilo-domani-la-presentazione-del-progetto-di-fattibilita-per-la-riqualificazione-del-borgo\/\"]}]},{\"@type\":\"ImageObject\",\"inLanguage\":\"it-IT\",\"@id\":\"https:\/\/progettotouring.it\/radiotouring104\/2024\/03\/14\/pentidattilo-domani-la-presentazione-del-progetto-di-fattibilita-per-la-riqualificazione-del-borgo\/#primaryimage\",\"url\":\"https:\/\/progettotouring.it\/radiotouring104\/wp-content\/uploads\/sites\/6\/2024\/03\/rinascita-pentidattilo-cannizzaro-scaled.jpg\",\"contentUrl\":\"https:\/\/progettotouring.it\/radiotouring104\/wp-content\/uploads\/sites\/6\/2024\/03\/rinascita-pentidattilo-cannizzaro-scaled.jpg\",\"width\":2560,\"height\":2064,\"caption\":\"Teal And White Modern Fly To The Place Of Your Dreams Instagram Post (28.575 x 34.575 cm) - 1\"},{\"@type\":\"BreadcrumbList\",\"@id\":\"https:\/\/progettotouring.it\/radiotouring104\/2024\/03\/14\/pentidattilo-domani-la-presentazione-del-progetto-di-fattibilita-per-la-riqualificazione-del-borgo\/#breadcrumb\",\"itemListElement\":[{\"@type\":\"ListItem\",\"position\":1,\"name\":\"Home\",\"item\":\"https:\/\/progettotouring.it\/radiotouring104\/\"},{\"@type\":\"ListItem\",\"position\":2,\"name\":\"Pentidattilo: domani la presentazione del progetto di fattibilit\u00e0 per la riqualificazione del borgo.\"}]},{\"@type\":\"WebSite\",\"@id\":\"https:\/\/progettotouring.it\/radiotouring104\/#website\",\"url\":\"https:\/\/progettotouring.it\/radiotouring104\/\",\"name\":\"Radio Touring 104\",\"description\":\"La prima radio Reggina\",\"publisher\":{\"@id\":\"https:\/\/progettotouring.it\/radiotouring104\/#organization\"},\"potentialAction\":[{\"@type\":\"SearchAction\",\"target\":{\"@type\":\"EntryPoint\",\"urlTemplate\":\"https:\/\/progettotouring.it\/radiotouring104\/?s={search_term_string}\"},\"query-input\":{\"@type\":\"PropertyValueSpecification\",\"valueRequired\":true,\"valueName\":\"search_term_string\"}}],\"inLanguage\":\"it-IT\"},{\"@type\":\"Organization\",\"@id\":\"https:\/\/progettotouring.it\/radiotouring104\/#organization\",\"name\":\"Radio Touring 104\",\"url\":\"https:\/\/progettotouring.it\/radiotouring104\/\",\"logo\":{\"@type\":\"ImageObject\",\"inLanguage\":\"it-IT\",\"@id\":\"https:\/\/progettotouring.it\/radiotouring104\/#\/schema\/logo\/image\/\",\"url\":\"https:\/\/progettotouring.it\/radiotouring104\/wp-content\/uploads\/sites\/6\/2022\/02\/cropped-logo-radio-touring-104.png\",\"contentUrl\":\"https:\/\/progettotouring.it\/radiotouring104\/wp-content\/uploads\/sites\/6\/2022\/02\/cropped-logo-radio-touring-104.png\",\"width\":377,\"height\":182,\"caption\":\"Radio Touring 104\"},\"image\":{\"@id\":\"https:\/\/progettotouring.it\/radiotouring104\/#\/schema\/logo\/image\/\"}},{\"@type\":\"Person\",\"@id\":\"https:\/\/progettotouring.it\/radiotouring104\/#\/schema\/person\/78613917f1851f041f7483f5af1d422e\",\"name\":\"Sebastiano Plutino\",\"image\":{\"@type\":\"ImageObject\",\"inLanguage\":\"it-IT\",\"@id\":\"https:\/\/secure.gravatar.com\/avatar\/0546ffaa9b79224faf9f2a156b67a529ae861d3287c66c1d8ccfdf909bcba78d?s=96&d=mm&r=g\",\"url\":\"https:\/\/secure.gravatar.com\/avatar\/0546ffaa9b79224faf9f2a156b67a529ae861d3287c66c1d8ccfdf909bcba78d?s=96&d=mm&r=g\",\"contentUrl\":\"https:\/\/secure.gravatar.com\/avatar\/0546ffaa9b79224faf9f2a156b67a529ae861d3287c66c1d8ccfdf909bcba78d?s=96&d=mm&r=g\",\"caption\":\"Sebastiano Plutino\"},\"url\":\"https:\/\/progettotouring.it\/radiotouring104\/author\/sebastiano\/\"}]}<\/script>\n<!-- \/ Yoast SEO plugin. -->","yoast_head_json":{"title":"Pentidattilo: domani la presentazione del progetto di riqualificazione","description":"Sar\u00e0 presentato domani, alle 16:30, Mercato coperto di Melito, il progetto di fattibilit\u00e0 per la riqualificazione dell\u2019antico Borgo","robots":{"index":"index","follow":"follow","max-snippet":"max-snippet:-1","max-image-preview":"max-image-preview:large","max-video-preview":"max-video-preview:-1"},"canonical":"https:\/\/progettotouring.it\/radiotouring104\/2024\/03\/14\/pentidattilo-domani-la-presentazione-del-progetto-di-fattibilita-per-la-riqualificazione-del-borgo\/","og_locale":"it_IT","og_type":"article","og_title":"Pentidattilo: domani la presentazione del progetto di riqualificazione","og_description":"Sar\u00e0 presentato domani, alle 16:30, Mercato coperto di Melito, il progetto di fattibilit\u00e0 per la riqualificazione dell\u2019antico Borgo","og_url":"https:\/\/progettotouring.it\/radiotouring104\/2024\/03\/14\/pentidattilo-domani-la-presentazione-del-progetto-di-fattibilita-per-la-riqualificazione-del-borgo\/","og_site_name":"Radio Touring 104","article_published_time":"2024-03-14T11:14:58+00:00","og_image":[{"width":2560,"height":2064,"url":"https:\/\/progettotouring.it\/radiotouring104\/wp-content\/uploads\/sites\/6\/2024\/03\/rinascita-pentidattilo-cannizzaro-scaled.jpg","type":"image\/jpeg"}],"author":"Sebastiano Plutino","twitter_card":"summary_large_image","twitter_misc":{"Scritto da":"Sebastiano Plutino","Tempo di lettura stimato":"1 minuto"},"schema":{"@context":"https:\/\/schema.org","@graph":[{"@type":"Article","@id":"https:\/\/progettotouring.it\/radiotouring104\/2024\/03\/14\/pentidattilo-domani-la-presentazione-del-progetto-di-fattibilita-per-la-riqualificazione-del-borgo\/#article","isPartOf":{"@id":"https:\/\/progettotouring.it\/radiotouring104\/2024\/03\/14\/pentidattilo-domani-la-presentazione-del-progetto-di-fattibilita-per-la-riqualificazione-del-borgo\/"},"author":{"name":"Sebastiano Plutino","@id":"https:\/\/progettotouring.it\/radiotouring104\/#\/schema\/person\/78613917f1851f041f7483f5af1d422e"},"headline":"Pentidattilo: domani la presentazione del progetto di fattibilit\u00e0 per la riqualificazione del borgo.","datePublished":"2024-03-14T11:14:58+00:00","mainEntityOfPage":{"@id":"https:\/\/progettotouring.it\/radiotouring104\/2024\/03\/14\/pentidattilo-domani-la-presentazione-del-progetto-di-fattibilita-per-la-riqualificazione-del-borgo\/"},"wordCount":138,"publisher":{"@id":"https:\/\/progettotouring.it\/radiotouring104\/#organization"},"image":{"@id":"https:\/\/progettotouring.it\/radiotouring104\/2024\/03\/14\/pentidattilo-domani-la-presentazione-del-progetto-di-fattibilita-per-la-riqualificazione-del-borgo\/#primaryimage"},"thumbnailUrl":"https:\/\/progettotouring.it\/radiotouring104\/wp-content\/uploads\/sites\/6\/2024\/03\/rinascita-pentidattilo-cannizzaro-scaled.jpg","keywords":["domani presentazione progetto riqualificazione borgo","emendamento Cannizzaro","mercato coperto di Melito","pentidattilo"],"articleSection":["Home","News","Reggio Calabria"],"inLanguage":"it-IT"},{"@type":"WebPage","@id":"https:\/\/progettotouring.it\/radiotouring104\/2024\/03\/14\/pentidattilo-domani-la-presentazione-del-progetto-di-fattibilita-per-la-riqualificazione-del-borgo\/","url":"https:\/\/progettotouring.it\/radiotouring104\/2024\/03\/14\/pentidattilo-domani-la-presentazione-del-progetto-di-fattibilita-per-la-riqualificazione-del-borgo\/","name":"Pentidattilo: domani la presentazione del progetto di riqualificazione","isPartOf":{"@id":"https:\/\/progettotouring.it\/radiotouring104\/#website"},"primaryImageOfPage":{"@id":"https:\/\/progettotouring.it\/radiotouring104\/2024\/03\/14\/pentidattilo-domani-la-presentazione-del-progetto-di-fattibilita-per-la-riqualificazione-del-borgo\/#primaryimage"},"image":{"@id":"https:\/\/progettotouring.it\/radiotouring104\/2024\/03\/14\/pentidattilo-domani-la-presentazione-del-progetto-di-fattibilita-per-la-riqualificazione-del-borgo\/#primaryimage"},"thumbnailUrl":"https:\/\/progettotouring.it\/radiotouring104\/wp-content\/uploads\/sites\/6\/2024\/03\/rinascita-pentidattilo-cannizzaro-scaled.jpg","datePublished":"2024-03-14T11:14:58+00:00","description":"Sar\u00e0 presentato domani, alle 16:30, Mercato coperto di Melito, il progetto di fattibilit\u00e0 per la riqualificazione dell\u2019antico Borgo","breadcrumb":{"@id":"https:\/\/progettotouring.it\/radiotouring104\/2024\/03\/14\/pentidattilo-domani-la-presentazione-del-progetto-di-fattibilita-per-la-riqualificazione-del-borgo\/#breadcrumb"},"inLanguage":"it-IT","potentialAction":[{"@type":"ReadAction","target":["https:\/\/progettotouring.it\/radiotouring104\/2024\/03\/14\/pentidattilo-domani-la-presentazione-del-progetto-di-fattibilita-per-la-riqualificazione-del-borgo\/"]}]},{"@type":"ImageObject","inLanguage":"it-IT","@id":"https:\/\/progettotouring.it\/radiotouring104\/2024\/03\/14\/pentidattilo-domani-la-presentazione-del-progetto-di-fattibilita-per-la-riqualificazione-del-borgo\/#primaryimage","url":"https:\/\/progettotouring.it\/radiotouring104\/wp-content\/uploads\/sites\/6\/2024\/03\/rinascita-pentidattilo-cannizzaro-scaled.jpg","contentUrl":"https:\/\/progettotouring.it\/radiotouring104\/wp-content\/uploads\/sites\/6\/2024\/03\/rinascita-pentidattilo-cannizzaro-scaled.jpg","width":2560,"height":2064,"caption":"Teal And White Modern Fly To The Place Of Your Dreams Instagram Post (28.575 x 34.575 cm) - 1"},{"@type":"BreadcrumbList","@id":"https:\/\/progettotouring.it\/radiotouring104\/2024\/03\/14\/pentidattilo-domani-la-presentazione-del-progetto-di-fattibilita-per-la-riqualificazione-del-borgo\/#breadcrumb","itemListElement":[{"@type":"ListItem","position":1,"name":"Home","item":"https:\/\/progettotouring.it\/radiotouring104\/"},{"@type":"ListItem","position":2,"name":"Pentidattilo: domani la presentazione del progetto di fattibilit\u00e0 per la riqualificazione del borgo."}]},{"@type":"WebSite","@id":"https:\/\/progettotouring.it\/radiotouring104\/#website","url":"https:\/\/progettotouring.it\/radiotouring104\/","name":"Radio Touring 104","description":"La prima radio Reggina","publisher":{"@id":"https:\/\/progettotouring.it\/radiotouring104\/#organization"},"potentialAction":[{"@type":"SearchAction","target":{"@type":"EntryPoint","urlTemplate":"https:\/\/progettotouring.it\/radiotouring104\/?s={search_term_string}"},"query-input":{"@type":"PropertyValueSpecification","valueRequired":true,"valueName":"search_term_string"}}],"inLanguage":"it-IT"},{"@type":"Organization","@id":"https:\/\/progettotouring.it\/radiotouring104\/#organization","name":"Radio Touring 104","url":"https:\/\/progettotouring.it\/radiotouring104\/","logo":{"@type":"ImageObject","inLanguage":"it-IT","@id":"https:\/\/progettotouring.it\/radiotouring104\/#\/schema\/logo\/image\/","url":"https:\/\/progettotouring.it\/radiotouring104\/wp-content\/uploads\/sites\/6\/2022\/02\/cropped-logo-radio-touring-104.png","contentUrl":"https:\/\/progettotouring.it\/radiotouring104\/wp-content\/uploads\/sites\/6\/2022\/02\/cropped-logo-radio-touring-104.png","width":377,"height":182,"caption":"Radio Touring 104"},"image":{"@id":"https:\/\/progettotouring.it\/radiotouring104\/#\/schema\/logo\/image\/"}},{"@type":"Person","@id":"https:\/\/progettotouring.it\/radiotouring104\/#\/schema\/person\/78613917f1851f041f7483f5af1d422e","name":"Sebastiano Plutino","image":{"@type":"ImageObject","inLanguage":"it-IT","@id":"https:\/\/secure.gravatar.com\/avatar\/0546ffaa9b79224faf9f2a156b67a529ae861d3287c66c1d8ccfdf909bcba78d?s=96&d=mm&r=g","url":"https:\/\/secure.gravatar.com\/avatar\/0546ffaa9b79224faf9f2a156b67a529ae861d3287c66c1d8ccfdf909bcba78d?s=96&d=mm&r=g","contentUrl":"https:\/\/secure.gravatar.com\/avatar\/0546ffaa9b79224faf9f2a156b67a529ae861d3287c66c1d8ccfdf909bcba78d?s=96&d=mm&r=g","caption":"Sebastiano Plutino"},"url":"https:\/\/progettotouring.it\/radiotouring104\/author\/sebastiano\/"}]}},"jetpack_publicize_connections":[],"jetpack_featured_media_url":"https:\/\/progettotouring.it\/radiotouring104\/wp-content\/uploads\/sites\/6\/2024\/03\/rinascita-pentidattilo-cannizzaro-scaled.jpg","jetpack_sharing_enabled":true,"_links":{"self":[{"href":"https:\/\/progettotouring.it\/radiotouring104\/wp-json\/wp\/v2\/posts\/47039","targetHints":{"allow":["GET"]}}],"collection":[{"href":"https:\/\/progettotouring.it\/radiotouring104\/wp-json\/wp\/v2\/posts"}],"about":[{"href":"https:\/\/progettotouring.it\/radiotouring104\/wp-json\/wp\/v2\/types\/post"}],"author":[{"embeddable":true,"href":"https:\/\/progettotouring.it\/radiotouring104\/wp-json\/wp\/v2\/users\/12"}],"replies":[{"embeddable":true,"href":"https:\/\/progettotouring.it\/radiotouring104\/wp-json\/wp\/v2\/comments?post=47039"}],"version-history":[{"count":1,"href":"https:\/\/progettotouring.it\/radiotouring104\/wp-json\/wp\/v2\/posts\/47039\/revisions"}],"predecessor-version":[{"id":47041,"href":"https:\/\/progettotouring.it\/radiotouring104\/wp-json\/wp\/v2\/posts\/47039\/revisions\/47041"}],"wp:featuredmedia":[{"embeddable":true,"href":"https:\/\/progettotouring.it\/radiotouring104\/wp-json\/wp\/v2\/media\/47040"}],"wp:attachment":[{"href":"https:\/\/progettotouring.it\/radiotouring104\/wp-json\/wp\/v2\/media?parent=47039"}],"wp:term":[{"taxonomy":"category","embeddable":true,"href":"https:\/\/progettotouring.it\/radiotouring104\/wp-json\/wp\/v2\/categories?post=47039"},{"taxonomy":"post_tag","embeddable":true,"href":"https:\/\/progettotouring.it\/radiotouring104\/wp-json\/wp\/v2\/tags?post=47039"}],"curies":[{"name":"wp","href":"https:\/\/api.w.org\/{rel}","templated":true}]}}