{"id":47056,"date":"2024-03-14T13:02:43","date_gmt":"2024-03-14T12:02:43","guid":{"rendered":"https:\/\/progettotouring.it\/radiotouring104\/?p=47056"},"modified":"2024-03-14T13:02:43","modified_gmt":"2024-03-14T12:02:43","slug":"artigianato-calabria-nella-regione-32-429-imprese-173-del-totale","status":"publish","type":"post","link":"https:\/\/progettotouring.it\/radiotouring104\/2024\/03\/14\/artigianato-calabria-nella-regione-32-429-imprese-173-del-totale\/","title":{"rendered":"Artigianato Calabria: nella regione 32.429 imprese, 17,3% del totale"},"content":{"rendered":"<p style=\"text-align: justify\"><strong>Sono 32.429 imprese artigiane 2023, il 17,3% totale<\/strong> delle imprese con un valore aggiunto del settore di 1,7 miliardi pari al 6%.<\/p>\n<p style=\"text-align: justify\">I dati sono stati eleborati dalla responsabile dell&#8217;Osservatorio Mpi di Confartigianato Imprese Calabria, Licia Redolfi che li ha presentati in occasione del primo Forum dell&#8217;Artigianato 2024 organizzato da Confartigianato Imprese Calabria, Cna e Casartigiani.<br \/>\nGli occupati nel settore dell&#8217;artigianato in Calabria sono 51.134, il 18% totale.<\/p>\n<p style=\"text-align: justify\">Da segnalare ancora la presenza di 5.854 imprese femminili artigiane (il 18% del totale ); 3.562 imprese giovanili, gestite da under 35, artigiane, pari all&#8217;11% e 2.019 imprese straniere (6,2%). Al momento, i settori in maggiori difficolt\u00e0 risultano quelli della moda del legno e dei macchinari Nel 2024 il prodotto interno lordo in Calabria tiene e si attesta a un +0,3%, il che significa il recupero (+1,5%) dei livelli del 2019, contribuendo allo slancio del Mezzogiorno (+3,2%); anche la spesa per investimenti pubblici sul Pil dal 2023 torna a salire. Quello che rallenta il trend \u00e8 l&#8217;inflazione: i prezzi energetici in ritardo nella fase di rientro. Tiene l&#8217;export dei settori di Mpi nei primi 9 mesi 2023: la Calabria registra uno 0,2%. A pesare sui conti delle imprese calabresi \u00e8 ancora il costo del credito pi\u00f9 alto con il risultato che, a fronte del caro tassi, cede la domanda di credito. Le riduzioni pi\u00f9 accentuate sono per le piccole: -5,2% contro il -1,3% totale imprese. Per quanto riguarda il mercato del lavoro, gli occupati nella media annuale del terzo trimestre 2023 sono +1,3% ultimo anno, ma indietro nel recupero dei livelli pre-pandemia (-1,7%): la crescita dell&#8217;occupazione indipendente traina fase di recupero del mercato del lavoro, e la Calabria mostra la miglior performance (i settori in cui opera il 54% delle imprese artigiane sono costruzioni e manifatturiero).<br \/>\nAl Forum &#8211; presenti Roberto Matragrano (presidente di Confartigianato Imprese Calabria), Giovanni Cugliari (presidente di Cna) e Carmelo Francesco Giordano, segretario generale di Casartigiani Calabria &#8211; \u00e8 intervenuto l&#8217;assessore regionale allo Sviluppo economico Rosario Var\u00ec<\/p>\n","protected":false},"excerpt":{"rendered":"<p>Sono 32.429 imprese artigiane 2023, il 17,3% totale delle imprese con un valore aggiunto del settore di 1,7 miliardi pari al 6%. I dati sono stati eleborati dalla responsabile dell&#8217;Osservatorio&hellip;<\/p>\n","protected":false},"author":12,"featured_media":39798,"comment_status":"closed","ping_status":"open","sticky":false,"template":"","format":"standard","meta":{"_jetpack_memberships_contains_paid_content":false,"footnotes":"","jetpack_publicize_message":"","jetpack_publicize_feature_enabled":true,"jetpack_social_post_already_shared":false,"jetpack_social_options":{"image_generator_settings":{"template":"highway","default_image_id":0,"font":"","enabled":false},"version":2}},"categories":[142,921,196],"tags":[28961,28962,28960,4485,4488],"class_list":["post-47056","post","type-post","status-publish","format-standard","has-post-thumbnail","hentry","category-calabria","category-home","category-news","tag-28961","tag-3-imprese-artiginato-in-calabria","tag-artigianato-calabria","tag-confartigianato-imprese-calabria","tag-roberto-matragrano"],"yoast_head":"<!-- This site is optimized with the Yoast SEO plugin v27.2 - https:\/\/yoast.com\/product\/yoast-seo-wordpress\/ -->\n<title>Artigianato Calabria: nella regione 32.429 imprese, 17,3% del totale<\/title>\n<meta name=\"description\" content=\"Sono 32.429 imprese artigiane 2023, il 17,3% totale delle imprese con un valore aggiunto del settore di 1,7 miliardi pari al 6%.\" \/>\n<meta name=\"robots\" content=\"index, follow, max-snippet:-1, max-image-preview:large, max-video-preview:-1\" \/>\n<link rel=\"canonical\" href=\"https:\/\/progettotouring.it\/radiotouring104\/2024\/03\/14\/artigianato-calabria-nella-regione-32-429-imprese-173-del-totale\/\" \/>\n<meta property=\"og:locale\" content=\"it_IT\" \/>\n<meta property=\"og:type\" content=\"article\" \/>\n<meta property=\"og:title\" content=\"Artigianato Calabria: nella regione 32.429 imprese, 17,3% del totale\" \/>\n<meta property=\"og:description\" content=\"Sono 32.429 imprese artigiane 2023, il 17,3% totale delle imprese con un valore aggiunto del settore di 1,7 miliardi pari al 6%.\" \/>\n<meta property=\"og:url\" content=\"https:\/\/progettotouring.it\/radiotouring104\/2024\/03\/14\/artigianato-calabria-nella-regione-32-429-imprese-173-del-totale\/\" \/>\n<meta property=\"og:site_name\" content=\"Radio Touring 104\" \/>\n<meta property=\"article:published_time\" content=\"2024-03-14T12:02:43+00:00\" \/>\n<meta property=\"og:image\" content=\"https:\/\/progettotouring.it\/radiotouring104\/wp-content\/uploads\/sites\/6\/2023\/11\/Artigiano-in-Fiera-reggio-calabria.jpg\" \/>\n\t<meta property=\"og:image:width\" content=\"602\" \/>\n\t<meta property=\"og:image:height\" content=\"402\" \/>\n\t<meta property=\"og:image:type\" content=\"image\/jpeg\" \/>\n<meta name=\"author\" content=\"Sebastiano Plutino\" \/>\n<meta name=\"twitter:card\" content=\"summary_large_image\" \/>\n<meta name=\"twitter:label1\" content=\"Scritto da\" \/>\n\t<meta name=\"twitter:data1\" content=\"Sebastiano Plutino\" \/>\n\t<meta name=\"twitter:label2\" content=\"Tempo di lettura stimato\" \/>\n\t<meta name=\"twitter:data2\" content=\"1 minuto\" \/>\n<script type=\"application\/ld+json\" class=\"yoast-schema-graph\">{\"@context\":\"https:\/\/schema.org\",\"@graph\":[{\"@type\":\"Article\",\"@id\":\"https:\/\/progettotouring.it\/radiotouring104\/2024\/03\/14\/artigianato-calabria-nella-regione-32-429-imprese-173-del-totale\/#article\",\"isPartOf\":{\"@id\":\"https:\/\/progettotouring.it\/radiotouring104\/2024\/03\/14\/artigianato-calabria-nella-regione-32-429-imprese-173-del-totale\/\"},\"author\":{\"name\":\"Sebastiano Plutino\",\"@id\":\"https:\/\/progettotouring.it\/radiotouring104\/#\/schema\/person\/78613917f1851f041f7483f5af1d422e\"},\"headline\":\"Artigianato Calabria: nella regione 32.429 imprese, 17,3% del totale\",\"datePublished\":\"2024-03-14T12:02:43+00:00\",\"mainEntityOfPage\":{\"@id\":\"https:\/\/progettotouring.it\/radiotouring104\/2024\/03\/14\/artigianato-calabria-nella-regione-32-429-imprese-173-del-totale\/\"},\"wordCount\":306,\"publisher\":{\"@id\":\"https:\/\/progettotouring.it\/radiotouring104\/#organization\"},\"image\":{\"@id\":\"https:\/\/progettotouring.it\/radiotouring104\/2024\/03\/14\/artigianato-calabria-nella-regione-32-429-imprese-173-del-totale\/#primaryimage\"},\"thumbnailUrl\":\"https:\/\/progettotouring.it\/radiotouring104\/wp-content\/uploads\/sites\/6\/2023\/11\/Artigiano-in-Fiera-reggio-calabria.jpg\",\"keywords\":[\"17\",\"3% imprese artiginato in calabria\",\"Artigianato Calabria\",\"Confartigianato Imprese Calabria\",\"Roberto Matragrano\"],\"articleSection\":[\"Calabria\",\"Home\",\"News\"],\"inLanguage\":\"it-IT\"},{\"@type\":\"WebPage\",\"@id\":\"https:\/\/progettotouring.it\/radiotouring104\/2024\/03\/14\/artigianato-calabria-nella-regione-32-429-imprese-173-del-totale\/\",\"url\":\"https:\/\/progettotouring.it\/radiotouring104\/2024\/03\/14\/artigianato-calabria-nella-regione-32-429-imprese-173-del-totale\/\",\"name\":\"Artigianato Calabria: nella regione 32.429 imprese, 17,3% del totale\",\"isPartOf\":{\"@id\":\"https:\/\/progettotouring.it\/radiotouring104\/#website\"},\"primaryImageOfPage\":{\"@id\":\"https:\/\/progettotouring.it\/radiotouring104\/2024\/03\/14\/artigianato-calabria-nella-regione-32-429-imprese-173-del-totale\/#primaryimage\"},\"image\":{\"@id\":\"https:\/\/progettotouring.it\/radiotouring104\/2024\/03\/14\/artigianato-calabria-nella-regione-32-429-imprese-173-del-totale\/#primaryimage\"},\"thumbnailUrl\":\"https:\/\/progettotouring.it\/radiotouring104\/wp-content\/uploads\/sites\/6\/2023\/11\/Artigiano-in-Fiera-reggio-calabria.jpg\",\"datePublished\":\"2024-03-14T12:02:43+00:00\",\"description\":\"Sono 32.429 imprese artigiane 2023, il 17,3% totale delle imprese con un valore aggiunto del settore di 1,7 miliardi pari al 6%.\",\"breadcrumb\":{\"@id\":\"https:\/\/progettotouring.it\/radiotouring104\/2024\/03\/14\/artigianato-calabria-nella-regione-32-429-imprese-173-del-totale\/#breadcrumb\"},\"inLanguage\":\"it-IT\",\"potentialAction\":[{\"@type\":\"ReadAction\",\"target\":[\"https:\/\/progettotouring.it\/radiotouring104\/2024\/03\/14\/artigianato-calabria-nella-regione-32-429-imprese-173-del-totale\/\"]}]},{\"@type\":\"ImageObject\",\"inLanguage\":\"it-IT\",\"@id\":\"https:\/\/progettotouring.it\/radiotouring104\/2024\/03\/14\/artigianato-calabria-nella-regione-32-429-imprese-173-del-totale\/#primaryimage\",\"url\":\"https:\/\/progettotouring.it\/radiotouring104\/wp-content\/uploads\/sites\/6\/2023\/11\/Artigiano-in-Fiera-reggio-calabria.jpg\",\"contentUrl\":\"https:\/\/progettotouring.it\/radiotouring104\/wp-content\/uploads\/sites\/6\/2023\/11\/Artigiano-in-Fiera-reggio-calabria.jpg\",\"width\":602,\"height\":402},{\"@type\":\"BreadcrumbList\",\"@id\":\"https:\/\/progettotouring.it\/radiotouring104\/2024\/03\/14\/artigianato-calabria-nella-regione-32-429-imprese-173-del-totale\/#breadcrumb\",\"itemListElement\":[{\"@type\":\"ListItem\",\"position\":1,\"name\":\"Home\",\"item\":\"https:\/\/progettotouring.it\/radiotouring104\/\"},{\"@type\":\"ListItem\",\"position\":2,\"name\":\"Artigianato Calabria: nella regione 32.429 imprese, 17,3% del totale\"}]},{\"@type\":\"WebSite\",\"@id\":\"https:\/\/progettotouring.it\/radiotouring104\/#website\",\"url\":\"https:\/\/progettotouring.it\/radiotouring104\/\",\"name\":\"Radio Touring 104\",\"description\":\"La prima radio Reggina\",\"publisher\":{\"@id\":\"https:\/\/progettotouring.it\/radiotouring104\/#organization\"},\"potentialAction\":[{\"@type\":\"SearchAction\",\"target\":{\"@type\":\"EntryPoint\",\"urlTemplate\":\"https:\/\/progettotouring.it\/radiotouring104\/?s={search_term_string}\"},\"query-input\":{\"@type\":\"PropertyValueSpecification\",\"valueRequired\":true,\"valueName\":\"search_term_string\"}}],\"inLanguage\":\"it-IT\"},{\"@type\":\"Organization\",\"@id\":\"https:\/\/progettotouring.it\/radiotouring104\/#organization\",\"name\":\"Radio Touring 104\",\"url\":\"https:\/\/progettotouring.it\/radiotouring104\/\",\"logo\":{\"@type\":\"ImageObject\",\"inLanguage\":\"it-IT\",\"@id\":\"https:\/\/progettotouring.it\/radiotouring104\/#\/schema\/logo\/image\/\",\"url\":\"https:\/\/progettotouring.it\/radiotouring104\/wp-content\/uploads\/sites\/6\/2022\/02\/cropped-logo-radio-touring-104.png\",\"contentUrl\":\"https:\/\/progettotouring.it\/radiotouring104\/wp-content\/uploads\/sites\/6\/2022\/02\/cropped-logo-radio-touring-104.png\",\"width\":377,\"height\":182,\"caption\":\"Radio Touring 104\"},\"image\":{\"@id\":\"https:\/\/progettotouring.it\/radiotouring104\/#\/schema\/logo\/image\/\"}},{\"@type\":\"Person\",\"@id\":\"https:\/\/progettotouring.it\/radiotouring104\/#\/schema\/person\/78613917f1851f041f7483f5af1d422e\",\"name\":\"Sebastiano Plutino\",\"image\":{\"@type\":\"ImageObject\",\"inLanguage\":\"it-IT\",\"@id\":\"https:\/\/secure.gravatar.com\/avatar\/0546ffaa9b79224faf9f2a156b67a529ae861d3287c66c1d8ccfdf909bcba78d?s=96&d=mm&r=g\",\"url\":\"https:\/\/secure.gravatar.com\/avatar\/0546ffaa9b79224faf9f2a156b67a529ae861d3287c66c1d8ccfdf909bcba78d?s=96&d=mm&r=g\",\"contentUrl\":\"https:\/\/secure.gravatar.com\/avatar\/0546ffaa9b79224faf9f2a156b67a529ae861d3287c66c1d8ccfdf909bcba78d?s=96&d=mm&r=g\",\"caption\":\"Sebastiano Plutino\"},\"url\":\"https:\/\/progettotouring.it\/radiotouring104\/author\/sebastiano\/\"}]}<\/script>\n<!-- \/ Yoast SEO plugin. -->","yoast_head_json":{"title":"Artigianato Calabria: nella regione 32.429 imprese, 17,3% del totale","description":"Sono 32.429 imprese artigiane 2023, il 17,3% totale delle imprese con un valore aggiunto del settore di 1,7 miliardi pari al 6%.","robots":{"index":"index","follow":"follow","max-snippet":"max-snippet:-1","max-image-preview":"max-image-preview:large","max-video-preview":"max-video-preview:-1"},"canonical":"https:\/\/progettotouring.it\/radiotouring104\/2024\/03\/14\/artigianato-calabria-nella-regione-32-429-imprese-173-del-totale\/","og_locale":"it_IT","og_type":"article","og_title":"Artigianato Calabria: nella regione 32.429 imprese, 17,3% del totale","og_description":"Sono 32.429 imprese artigiane 2023, il 17,3% totale delle imprese con un valore aggiunto del settore di 1,7 miliardi pari al 6%.","og_url":"https:\/\/progettotouring.it\/radiotouring104\/2024\/03\/14\/artigianato-calabria-nella-regione-32-429-imprese-173-del-totale\/","og_site_name":"Radio Touring 104","article_published_time":"2024-03-14T12:02:43+00:00","og_image":[{"width":602,"height":402,"url":"https:\/\/progettotouring.it\/radiotouring104\/wp-content\/uploads\/sites\/6\/2023\/11\/Artigiano-in-Fiera-reggio-calabria.jpg","type":"image\/jpeg"}],"author":"Sebastiano Plutino","twitter_card":"summary_large_image","twitter_misc":{"Scritto da":"Sebastiano Plutino","Tempo di lettura stimato":"1 minuto"},"schema":{"@context":"https:\/\/schema.org","@graph":[{"@type":"Article","@id":"https:\/\/progettotouring.it\/radiotouring104\/2024\/03\/14\/artigianato-calabria-nella-regione-32-429-imprese-173-del-totale\/#article","isPartOf":{"@id":"https:\/\/progettotouring.it\/radiotouring104\/2024\/03\/14\/artigianato-calabria-nella-regione-32-429-imprese-173-del-totale\/"},"author":{"name":"Sebastiano Plutino","@id":"https:\/\/progettotouring.it\/radiotouring104\/#\/schema\/person\/78613917f1851f041f7483f5af1d422e"},"headline":"Artigianato Calabria: nella regione 32.429 imprese, 17,3% del totale","datePublished":"2024-03-14T12:02:43+00:00","mainEntityOfPage":{"@id":"https:\/\/progettotouring.it\/radiotouring104\/2024\/03\/14\/artigianato-calabria-nella-regione-32-429-imprese-173-del-totale\/"},"wordCount":306,"publisher":{"@id":"https:\/\/progettotouring.it\/radiotouring104\/#organization"},"image":{"@id":"https:\/\/progettotouring.it\/radiotouring104\/2024\/03\/14\/artigianato-calabria-nella-regione-32-429-imprese-173-del-totale\/#primaryimage"},"thumbnailUrl":"https:\/\/progettotouring.it\/radiotouring104\/wp-content\/uploads\/sites\/6\/2023\/11\/Artigiano-in-Fiera-reggio-calabria.jpg","keywords":["17","3% imprese artiginato in calabria","Artigianato Calabria","Confartigianato Imprese Calabria","Roberto Matragrano"],"articleSection":["Calabria","Home","News"],"inLanguage":"it-IT"},{"@type":"WebPage","@id":"https:\/\/progettotouring.it\/radiotouring104\/2024\/03\/14\/artigianato-calabria-nella-regione-32-429-imprese-173-del-totale\/","url":"https:\/\/progettotouring.it\/radiotouring104\/2024\/03\/14\/artigianato-calabria-nella-regione-32-429-imprese-173-del-totale\/","name":"Artigianato Calabria: nella regione 32.429 imprese, 17,3% del totale","isPartOf":{"@id":"https:\/\/progettotouring.it\/radiotouring104\/#website"},"primaryImageOfPage":{"@id":"https:\/\/progettotouring.it\/radiotouring104\/2024\/03\/14\/artigianato-calabria-nella-regione-32-429-imprese-173-del-totale\/#primaryimage"},"image":{"@id":"https:\/\/progettotouring.it\/radiotouring104\/2024\/03\/14\/artigianato-calabria-nella-regione-32-429-imprese-173-del-totale\/#primaryimage"},"thumbnailUrl":"https:\/\/progettotouring.it\/radiotouring104\/wp-content\/uploads\/sites\/6\/2023\/11\/Artigiano-in-Fiera-reggio-calabria.jpg","datePublished":"2024-03-14T12:02:43+00:00","description":"Sono 32.429 imprese artigiane 2023, il 17,3% totale delle imprese con un valore aggiunto del settore di 1,7 miliardi pari al 6%.","breadcrumb":{"@id":"https:\/\/progettotouring.it\/radiotouring104\/2024\/03\/14\/artigianato-calabria-nella-regione-32-429-imprese-173-del-totale\/#breadcrumb"},"inLanguage":"it-IT","potentialAction":[{"@type":"ReadAction","target":["https:\/\/progettotouring.it\/radiotouring104\/2024\/03\/14\/artigianato-calabria-nella-regione-32-429-imprese-173-del-totale\/"]}]},{"@type":"ImageObject","inLanguage":"it-IT","@id":"https:\/\/progettotouring.it\/radiotouring104\/2024\/03\/14\/artigianato-calabria-nella-regione-32-429-imprese-173-del-totale\/#primaryimage","url":"https:\/\/progettotouring.it\/radiotouring104\/wp-content\/uploads\/sites\/6\/2023\/11\/Artigiano-in-Fiera-reggio-calabria.jpg","contentUrl":"https:\/\/progettotouring.it\/radiotouring104\/wp-content\/uploads\/sites\/6\/2023\/11\/Artigiano-in-Fiera-reggio-calabria.jpg","width":602,"height":402},{"@type":"BreadcrumbList","@id":"https:\/\/progettotouring.it\/radiotouring104\/2024\/03\/14\/artigianato-calabria-nella-regione-32-429-imprese-173-del-totale\/#breadcrumb","itemListElement":[{"@type":"ListItem","position":1,"name":"Home","item":"https:\/\/progettotouring.it\/radiotouring104\/"},{"@type":"ListItem","position":2,"name":"Artigianato Calabria: nella regione 32.429 imprese, 17,3% del totale"}]},{"@type":"WebSite","@id":"https:\/\/progettotouring.it\/radiotouring104\/#website","url":"https:\/\/progettotouring.it\/radiotouring104\/","name":"Radio Touring 104","description":"La prima radio Reggina","publisher":{"@id":"https:\/\/progettotouring.it\/radiotouring104\/#organization"},"potentialAction":[{"@type":"SearchAction","target":{"@type":"EntryPoint","urlTemplate":"https:\/\/progettotouring.it\/radiotouring104\/?s={search_term_string}"},"query-input":{"@type":"PropertyValueSpecification","valueRequired":true,"valueName":"search_term_string"}}],"inLanguage":"it-IT"},{"@type":"Organization","@id":"https:\/\/progettotouring.it\/radiotouring104\/#organization","name":"Radio Touring 104","url":"https:\/\/progettotouring.it\/radiotouring104\/","logo":{"@type":"ImageObject","inLanguage":"it-IT","@id":"https:\/\/progettotouring.it\/radiotouring104\/#\/schema\/logo\/image\/","url":"https:\/\/progettotouring.it\/radiotouring104\/wp-content\/uploads\/sites\/6\/2022\/02\/cropped-logo-radio-touring-104.png","contentUrl":"https:\/\/progettotouring.it\/radiotouring104\/wp-content\/uploads\/sites\/6\/2022\/02\/cropped-logo-radio-touring-104.png","width":377,"height":182,"caption":"Radio Touring 104"},"image":{"@id":"https:\/\/progettotouring.it\/radiotouring104\/#\/schema\/logo\/image\/"}},{"@type":"Person","@id":"https:\/\/progettotouring.it\/radiotouring104\/#\/schema\/person\/78613917f1851f041f7483f5af1d422e","name":"Sebastiano Plutino","image":{"@type":"ImageObject","inLanguage":"it-IT","@id":"https:\/\/secure.gravatar.com\/avatar\/0546ffaa9b79224faf9f2a156b67a529ae861d3287c66c1d8ccfdf909bcba78d?s=96&d=mm&r=g","url":"https:\/\/secure.gravatar.com\/avatar\/0546ffaa9b79224faf9f2a156b67a529ae861d3287c66c1d8ccfdf909bcba78d?s=96&d=mm&r=g","contentUrl":"https:\/\/secure.gravatar.com\/avatar\/0546ffaa9b79224faf9f2a156b67a529ae861d3287c66c1d8ccfdf909bcba78d?s=96&d=mm&r=g","caption":"Sebastiano Plutino"},"url":"https:\/\/progettotouring.it\/radiotouring104\/author\/sebastiano\/"}]}},"jetpack_publicize_connections":[],"jetpack_featured_media_url":"https:\/\/progettotouring.it\/radiotouring104\/wp-content\/uploads\/sites\/6\/2023\/11\/Artigiano-in-Fiera-reggio-calabria.jpg","jetpack_sharing_enabled":true,"_links":{"self":[{"href":"https:\/\/progettotouring.it\/radiotouring104\/wp-json\/wp\/v2\/posts\/47056","targetHints":{"allow":["GET"]}}],"collection":[{"href":"https:\/\/progettotouring.it\/radiotouring104\/wp-json\/wp\/v2\/posts"}],"about":[{"href":"https:\/\/progettotouring.it\/radiotouring104\/wp-json\/wp\/v2\/types\/post"}],"author":[{"embeddable":true,"href":"https:\/\/progettotouring.it\/radiotouring104\/wp-json\/wp\/v2\/users\/12"}],"replies":[{"embeddable":true,"href":"https:\/\/progettotouring.it\/radiotouring104\/wp-json\/wp\/v2\/comments?post=47056"}],"version-history":[{"count":1,"href":"https:\/\/progettotouring.it\/radiotouring104\/wp-json\/wp\/v2\/posts\/47056\/revisions"}],"predecessor-version":[{"id":47058,"href":"https:\/\/progettotouring.it\/radiotouring104\/wp-json\/wp\/v2\/posts\/47056\/revisions\/47058"}],"wp:featuredmedia":[{"embeddable":true,"href":"https:\/\/progettotouring.it\/radiotouring104\/wp-json\/wp\/v2\/media\/39798"}],"wp:attachment":[{"href":"https:\/\/progettotouring.it\/radiotouring104\/wp-json\/wp\/v2\/media?parent=47056"}],"wp:term":[{"taxonomy":"category","embeddable":true,"href":"https:\/\/progettotouring.it\/radiotouring104\/wp-json\/wp\/v2\/categories?post=47056"},{"taxonomy":"post_tag","embeddable":true,"href":"https:\/\/progettotouring.it\/radiotouring104\/wp-json\/wp\/v2\/tags?post=47056"}],"curies":[{"name":"wp","href":"https:\/\/api.w.org\/{rel}","templated":true}]}}