{"id":47072,"date":"2024-03-14T09:35:12","date_gmt":"2024-03-14T08:35:12","guid":{"rendered":"https:\/\/progettotouring.it\/radiotouring104\/?p=47072"},"modified":"2024-03-14T13:39:08","modified_gmt":"2024-03-14T12:39:08","slug":"scuola-lallarme-del-prof-leone","status":"publish","type":"post","link":"https:\/\/progettotouring.it\/radiotouring104\/2024\/03\/14\/scuola-lallarme-del-prof-leone\/","title":{"rendered":"Scuola: l&#8217;allarme del prof Leone"},"content":{"rendered":"<p style=\"text-align: justify\">Il mese di marzo segna l\u2019inizio dei Test Invalsi 2024. A partire sono stati gli studenti dell\u2019ultimo anno delle scuole superiori, in tutto circa 515mila studenti, che a giugno sosterranno l\u2019esame di maturit\u00e0. Dal 3 aprile toccher\u00e0 ai 575mila alunni di terza media, mentre a maggio sar\u00e0 la volta degli alunni di seconda e quinta elementare e di seconda superiore. I Test Invalsi, introdotti con una legge del 2007 per valutare il livello generale del sistema scolastico italiano, sono requisiti di ammissione alla maturit\u00e0 e agli esami di terza media, tuttavia va sottolineato che i risultati delle prove Invalsi non influenzeranno n\u00e9 la promozione n\u00e9 il voto finale degli studenti in corsa per il diploma.<\/p>\n<p style=\"text-align: justify\">Per\u00f2 forniranno indicazioni sul livello di istruzione raggiunto dalla classe, dall\u2019istituto e a livello regionale e nazionale. Permettono, quindi, di avere una idea generale, statistico, della situazione di bambini e ragazzi, di fare una fotografia delle competenze scolastiche misurate non con un metodo nozionistico ma di ragionamento. Ma tornando alle prove va detto che gli istituti scolastici possono scegliere in autonomia le giornate per lo svolgimento dei Test Invalsi 2024 all\u2019interno di un arco temporale che varia a seconda del grado della scuola ad esclusione delle classi campione, che partecipano alla rilevazione nazionale in giorni prestabiliti.<\/p>\n<p><strong>Le date di svolgimento delle prove e il campione calabrese<\/strong><\/p>\n<p style=\"text-align: justify\">Gli studenti di quinta superiore svolgono le prove tra l\u20191 ed il 27 marzo. Le classi campione sono state impegnate gi\u00e0 nei giorni scorsi. Gli Invalsi per gli alunni di seconda superiore sono invece previsti per il periodo che va dal 13 al 31 maggio, con le classi campione che svolgeranno i test nelle giornate del 13, 14 e 15 maggio. Le terze medie faranno le prove tra il 4 ed il 30 aprile, le classi campione il 4, 5, 8 e 9 aprile. Per quanto riguarda la scuola elementare, le giornate degli Invalsi sono fissate a livello nazionale. Il 7 maggio \u00e8 prevista la prova di italiano, il 9 matematica. Solo per le classi quinte, il 13 maggio si tiene la prova di inglese. Le prove avverranno simultaneamente nello stesso giorno per ogni materia e alla stessa ora con la tradizionale modalit\u00e0 carta e matita.<\/p>\n<p style=\"text-align: justify\">Tutti gli studenti sostengono una prova di italiano e una di matematica. I maturandi, gli alunni dell\u2019ultimo anno dell\u2019elementari e della terza media svolgono anche una prova di inglese, suddivisa in due parti, reading (lettura) e listening (ascolto). Per i maturandi la prova Invalsi si compone di 3 diversi test a computer nelle seguenti materie:<br \/>\nitaliano, il test dura 120 minuti ed \u00e8 composto da diversi quesiti di comprensione del testo;<br \/>\nmatematica, la prova vuole testare le conoscenze degli studenti nei seguenti ambiti: numeri, relazioni e funzioni, spazio e figure e dati e previsioni;<br \/>\ninglese per accertare le abilit\u00e0 di comprensione e uso della lingua in linea con il Quadro Comune di riferimento Europeo riconducibile al livello B2.<br \/>\nLa modalit\u00e0 CBT (Computer Based Testing) \u00e8 utilizzata anche per i Test Invalsi di seconda superiore e terza media.<br \/>\nIn Calabria il campione complessivo sar\u00e0 rappresentato presumibilmente da circa 4000 studenti della scuola primaria e secondaria di primo e secondo grado.<\/p>\n<p><strong>Come sono andate le prove Invalsi nelle scuole calabresi<\/strong><\/p>\n<p style=\"text-align: justify\">Le prove Invalsi continuano di anno in anno a restituire il volto di un Paese diviso in due con differenze territoriali in italiano e matematica sempre marcate. Anche gli esiti delle ultime prove 2023 hanno evidenziato che l\u2019istruzione al Sud resta un\u2019emergenza, con una situazione incredibile, diremmo quasi drammatica in particolare per la Calabria. Si allargano i divari territoriali, con<strong> il Nord e il Sud Italia c<\/strong>he viaggiano a due velocit\u00e0 gi\u00e0 a partire dalla scuola media, soprattutto in <strong>Calabria<\/strong>, Sicilia e Campania. Per la scuola primaria, i risultati sono rimasti sostanzialmente invariati rispetto agli anni precedenti, ma con segnali di preoccupazione. Per le competenze in italiano dove gli studenti di V elementare calabresi si piazzano ben ultimi con una media di 190 contro rispetto alla media nazionale pari a 200. In matematica arriva al livello base solo il 66% degli allievi, con la <strong>Calabria<\/strong>, sotto la media nazionale. In terza media la <strong>Calabria<\/strong> resta ancora ultima nella classifica, ma con un punteggio medio di 186 contro una media nazionale di 199, il gap da 10 punti aumenta a 13. Nelle seconde classi delle superiori, la Calabria dall\u2019ultimo posto passa al penultimo posto(con un punteggio medio di 189 contro una media nazionale di 204),ma torna ad essere ultima in<strong> V superiore con un punteggio medio di 182<\/strong> a fronte della media nazionale di 200 e, quindi, un gap di ben 18 punti. Le cose non vanno meglio per i risultati ai test di matematica. Anche qui la nostra regione fa peggio, la differenza di circa 8 punti rispetto alla media nazionale in seconda elementare si allarga a 19 punti in terza media e a 21 punti in quinta superiore. La distanza con la regione <strong>Friuli Venezia Giulia<\/strong> che ha il miglior risultato \u00e8 di ben 40 punti. La situazione non migliora se si guarda alle competenze nella lingua inglese. I risultati di queste prove riproducono le stesse differenze con le regioni del centro-nord gi\u00e0 riscontrate in Italiano e Matematica; differenze che iniziano a comparire in quinta elementare e si amplificano nel corso del processo formativo.<\/p>\n<p style=\"text-align: justify\"><strong>Forte la disuguaglianza educativa in Calabria<\/strong><br \/>\nInsomma i divari territoriali non migliorano e rimangono forti evidenze di disuguaglianza educativa al Sud e in particolare in Calabria: le scuole riescono a fatica ad attenuare l\u2019effetto delle differenze socio-culturali del contesto familiare e le disparit\u00e0 esistenti tra scuole e anche tra classi. La principale criticit\u00e0 della scuola in <strong>Italia<\/strong> riguarda ovviamente la qualit\u00e0 degli apprendimenti degli studenti, inferiore a quella degli altri paesi avanzati. La dispersione scolastica(in Calabria al 13%) \u00e8 solo la punta dell\u2019iceberg: oltre alla scomparsa di troppi ragazzi dai radar della scuola e della formazione professionale, ne abbiamo infatti un terzo che, pur conseguendo il diploma, non sa abbastanza per un lavoro e una vita sociale soddisfacenti.<br \/>\nUna possibile ricetta per migliorare gli apprendimenti nel nostro Paese? Un nuovo modello di reclutamento e di carriera degli insegnanti, una didattica rinnovata nel contesto di una scuola estesa al pomeriggio, interventi sostanziali sull\u2019edilizia scolastica.<\/p>\n<p style=\"text-align: justify\">Riemerge, per\u00f2, in tutta la sua drammatica evidenza l\u2019urgenza di rimettere al centro dell\u2019attenzione politica e dei nostri governanti l\u2019istruzione e la formazione come emergenza sociale per il sud e la Calabria in particolare. E mentre le regioni pi\u00f9 avanzate, a questo punto, vogliono andare per la loro strada con la autonomia differenziata si palesa in maniera drammatica una questione meridionale all\u2019interno del sistema scolastico nazionale. Speriamo che i prossimi esiti Invalsi 2024 smentiscano la tendenza di una Italia che procede a due velocit\u00e0.<\/p>\n","protected":false},"excerpt":{"rendered":"<p>Il mese di marzo segna l\u2019inizio dei Test Invalsi 2024. A partire sono stati gli studenti dell\u2019ultimo anno delle scuole superiori, in tutto circa 515mila studenti, che a giugno sosterranno&hellip;<\/p>\n","protected":false},"author":8,"featured_media":6887,"comment_status":"closed","ping_status":"open","sticky":false,"template":"","format":"standard","meta":{"_jetpack_memberships_contains_paid_content":false,"footnotes":"","jetpack_publicize_message":"","jetpack_publicize_feature_enabled":true,"jetpack_social_post_already_shared":false,"jetpack_social_options":{"image_generator_settings":{"template":"highway","default_image_id":0,"font":"","enabled":false},"version":2}},"categories":[142,921,196],"tags":[586,28421,493],"class_list":["post-47072","post","type-post","status-publish","format-standard","has-post-thumbnail","hentry","category-calabria","category-home","category-news","tag-calabria","tag-leone","tag-scuola"],"yoast_head":"<!-- This site is optimized with the Yoast SEO plugin v27.2 - https:\/\/yoast.com\/product\/yoast-seo-wordpress\/ -->\n<title>Scuola: l&#039;allarme del prof Leone - Radio Touring 104<\/title>\n<meta name=\"description\" content=\"Secondo i dati del prof. Leone \u00e8 emerso una scuola che viaggia a doppia velocit\u00e0 nel Paese, mentre in Calabria la situazione \u00e8 stagnante\" \/>\n<meta name=\"robots\" content=\"index, follow, max-snippet:-1, max-image-preview:large, max-video-preview:-1\" \/>\n<link rel=\"canonical\" href=\"https:\/\/progettotouring.it\/radiotouring104\/2024\/03\/14\/scuola-lallarme-del-prof-leone\/\" \/>\n<meta property=\"og:locale\" content=\"it_IT\" \/>\n<meta property=\"og:type\" content=\"article\" \/>\n<meta property=\"og:title\" content=\"Scuola: l&#039;allarme del prof Leone - Radio Touring 104\" \/>\n<meta property=\"og:description\" content=\"Secondo i dati del prof. Leone \u00e8 emerso una scuola che viaggia a doppia velocit\u00e0 nel Paese, mentre in Calabria la situazione \u00e8 stagnante\" \/>\n<meta property=\"og:url\" content=\"https:\/\/progettotouring.it\/radiotouring104\/2024\/03\/14\/scuola-lallarme-del-prof-leone\/\" \/>\n<meta property=\"og:site_name\" content=\"Radio Touring 104\" \/>\n<meta property=\"article:published_time\" content=\"2024-03-14T08:35:12+00:00\" \/>\n<meta property=\"article:modified_time\" content=\"2024-03-14T12:39:08+00:00\" \/>\n<meta property=\"og:image\" content=\"https:\/\/progettotouring.it\/radiotouring104\/wp-content\/uploads\/sites\/6\/2022\/06\/scuola-scaled.jpg\" \/>\n\t<meta property=\"og:image:width\" content=\"2560\" \/>\n\t<meta property=\"og:image:height\" content=\"1920\" \/>\n\t<meta property=\"og:image:type\" content=\"image\/jpeg\" \/>\n<meta name=\"author\" content=\"Filippo Francesco Idone\" \/>\n<meta name=\"twitter:card\" content=\"summary_large_image\" \/>\n<meta name=\"twitter:label1\" content=\"Scritto da\" \/>\n\t<meta name=\"twitter:data1\" content=\"Filippo Francesco Idone\" \/>\n\t<meta name=\"twitter:label2\" content=\"Tempo di lettura stimato\" \/>\n\t<meta name=\"twitter:data2\" content=\"5 minuti\" \/>\n<script type=\"application\/ld+json\" class=\"yoast-schema-graph\">{\"@context\":\"https:\/\/schema.org\",\"@graph\":[{\"@type\":\"Article\",\"@id\":\"https:\/\/progettotouring.it\/radiotouring104\/2024\/03\/14\/scuola-lallarme-del-prof-leone\/#article\",\"isPartOf\":{\"@id\":\"https:\/\/progettotouring.it\/radiotouring104\/2024\/03\/14\/scuola-lallarme-del-prof-leone\/\"},\"author\":{\"name\":\"Filippo Francesco Idone\",\"@id\":\"https:\/\/progettotouring.it\/radiotouring104\/#\/schema\/person\/4a82259ca52ac8702ad1a8f9e5a3120b\"},\"headline\":\"Scuola: l&#8217;allarme del prof Leone\",\"datePublished\":\"2024-03-14T08:35:12+00:00\",\"dateModified\":\"2024-03-14T12:39:08+00:00\",\"mainEntityOfPage\":{\"@id\":\"https:\/\/progettotouring.it\/radiotouring104\/2024\/03\/14\/scuola-lallarme-del-prof-leone\/\"},\"wordCount\":1096,\"publisher\":{\"@id\":\"https:\/\/progettotouring.it\/radiotouring104\/#organization\"},\"image\":{\"@id\":\"https:\/\/progettotouring.it\/radiotouring104\/2024\/03\/14\/scuola-lallarme-del-prof-leone\/#primaryimage\"},\"thumbnailUrl\":\"https:\/\/progettotouring.it\/radiotouring104\/wp-content\/uploads\/sites\/6\/2022\/06\/scuola-scaled.jpg\",\"keywords\":[\"calabria\",\"leone\",\"scuola\"],\"articleSection\":[\"Calabria\",\"Home\",\"News\"],\"inLanguage\":\"it-IT\"},{\"@type\":\"WebPage\",\"@id\":\"https:\/\/progettotouring.it\/radiotouring104\/2024\/03\/14\/scuola-lallarme-del-prof-leone\/\",\"url\":\"https:\/\/progettotouring.it\/radiotouring104\/2024\/03\/14\/scuola-lallarme-del-prof-leone\/\",\"name\":\"Scuola: l'allarme del prof Leone - Radio Touring 104\",\"isPartOf\":{\"@id\":\"https:\/\/progettotouring.it\/radiotouring104\/#website\"},\"primaryImageOfPage\":{\"@id\":\"https:\/\/progettotouring.it\/radiotouring104\/2024\/03\/14\/scuola-lallarme-del-prof-leone\/#primaryimage\"},\"image\":{\"@id\":\"https:\/\/progettotouring.it\/radiotouring104\/2024\/03\/14\/scuola-lallarme-del-prof-leone\/#primaryimage\"},\"thumbnailUrl\":\"https:\/\/progettotouring.it\/radiotouring104\/wp-content\/uploads\/sites\/6\/2022\/06\/scuola-scaled.jpg\",\"datePublished\":\"2024-03-14T08:35:12+00:00\",\"dateModified\":\"2024-03-14T12:39:08+00:00\",\"description\":\"Secondo i dati del prof. Leone \u00e8 emerso una scuola che viaggia a doppia velocit\u00e0 nel Paese, mentre in Calabria la situazione \u00e8 stagnante\",\"breadcrumb\":{\"@id\":\"https:\/\/progettotouring.it\/radiotouring104\/2024\/03\/14\/scuola-lallarme-del-prof-leone\/#breadcrumb\"},\"inLanguage\":\"it-IT\",\"potentialAction\":[{\"@type\":\"ReadAction\",\"target\":[\"https:\/\/progettotouring.it\/radiotouring104\/2024\/03\/14\/scuola-lallarme-del-prof-leone\/\"]}]},{\"@type\":\"ImageObject\",\"inLanguage\":\"it-IT\",\"@id\":\"https:\/\/progettotouring.it\/radiotouring104\/2024\/03\/14\/scuola-lallarme-del-prof-leone\/#primaryimage\",\"url\":\"https:\/\/progettotouring.it\/radiotouring104\/wp-content\/uploads\/sites\/6\/2022\/06\/scuola-scaled.jpg\",\"contentUrl\":\"https:\/\/progettotouring.it\/radiotouring104\/wp-content\/uploads\/sites\/6\/2022\/06\/scuola-scaled.jpg\",\"width\":2560,\"height\":1920},{\"@type\":\"BreadcrumbList\",\"@id\":\"https:\/\/progettotouring.it\/radiotouring104\/2024\/03\/14\/scuola-lallarme-del-prof-leone\/#breadcrumb\",\"itemListElement\":[{\"@type\":\"ListItem\",\"position\":1,\"name\":\"Home\",\"item\":\"https:\/\/progettotouring.it\/radiotouring104\/\"},{\"@type\":\"ListItem\",\"position\":2,\"name\":\"Scuola: l&#8217;allarme del prof Leone\"}]},{\"@type\":\"WebSite\",\"@id\":\"https:\/\/progettotouring.it\/radiotouring104\/#website\",\"url\":\"https:\/\/progettotouring.it\/radiotouring104\/\",\"name\":\"Radio Touring 104\",\"description\":\"La prima radio Reggina\",\"publisher\":{\"@id\":\"https:\/\/progettotouring.it\/radiotouring104\/#organization\"},\"potentialAction\":[{\"@type\":\"SearchAction\",\"target\":{\"@type\":\"EntryPoint\",\"urlTemplate\":\"https:\/\/progettotouring.it\/radiotouring104\/?s={search_term_string}\"},\"query-input\":{\"@type\":\"PropertyValueSpecification\",\"valueRequired\":true,\"valueName\":\"search_term_string\"}}],\"inLanguage\":\"it-IT\"},{\"@type\":\"Organization\",\"@id\":\"https:\/\/progettotouring.it\/radiotouring104\/#organization\",\"name\":\"Radio Touring 104\",\"url\":\"https:\/\/progettotouring.it\/radiotouring104\/\",\"logo\":{\"@type\":\"ImageObject\",\"inLanguage\":\"it-IT\",\"@id\":\"https:\/\/progettotouring.it\/radiotouring104\/#\/schema\/logo\/image\/\",\"url\":\"https:\/\/progettotouring.it\/radiotouring104\/wp-content\/uploads\/sites\/6\/2022\/02\/cropped-logo-radio-touring-104.png\",\"contentUrl\":\"https:\/\/progettotouring.it\/radiotouring104\/wp-content\/uploads\/sites\/6\/2022\/02\/cropped-logo-radio-touring-104.png\",\"width\":377,\"height\":182,\"caption\":\"Radio Touring 104\"},\"image\":{\"@id\":\"https:\/\/progettotouring.it\/radiotouring104\/#\/schema\/logo\/image\/\"}},{\"@type\":\"Person\",\"@id\":\"https:\/\/progettotouring.it\/radiotouring104\/#\/schema\/person\/4a82259ca52ac8702ad1a8f9e5a3120b\",\"name\":\"Filippo Francesco Idone\",\"image\":{\"@type\":\"ImageObject\",\"inLanguage\":\"it-IT\",\"@id\":\"https:\/\/secure.gravatar.com\/avatar\/7268715d2366395c3dd314385670e6484117d44f5c442e61e230f7008b7b62d3?s=96&d=mm&r=g\",\"url\":\"https:\/\/secure.gravatar.com\/avatar\/7268715d2366395c3dd314385670e6484117d44f5c442e61e230f7008b7b62d3?s=96&d=mm&r=g\",\"contentUrl\":\"https:\/\/secure.gravatar.com\/avatar\/7268715d2366395c3dd314385670e6484117d44f5c442e61e230f7008b7b62d3?s=96&d=mm&r=g\",\"caption\":\"Filippo Francesco Idone\"},\"url\":\"https:\/\/progettotouring.it\/radiotouring104\/author\/filippoidone\/\"}]}<\/script>\n<!-- \/ Yoast SEO plugin. -->","yoast_head_json":{"title":"Scuola: l'allarme del prof Leone - Radio Touring 104","description":"Secondo i dati del prof. Leone \u00e8 emerso una scuola che viaggia a doppia velocit\u00e0 nel Paese, mentre in Calabria la situazione \u00e8 stagnante","robots":{"index":"index","follow":"follow","max-snippet":"max-snippet:-1","max-image-preview":"max-image-preview:large","max-video-preview":"max-video-preview:-1"},"canonical":"https:\/\/progettotouring.it\/radiotouring104\/2024\/03\/14\/scuola-lallarme-del-prof-leone\/","og_locale":"it_IT","og_type":"article","og_title":"Scuola: l'allarme del prof Leone - Radio Touring 104","og_description":"Secondo i dati del prof. Leone \u00e8 emerso una scuola che viaggia a doppia velocit\u00e0 nel Paese, mentre in Calabria la situazione \u00e8 stagnante","og_url":"https:\/\/progettotouring.it\/radiotouring104\/2024\/03\/14\/scuola-lallarme-del-prof-leone\/","og_site_name":"Radio Touring 104","article_published_time":"2024-03-14T08:35:12+00:00","article_modified_time":"2024-03-14T12:39:08+00:00","og_image":[{"width":2560,"height":1920,"url":"https:\/\/progettotouring.it\/radiotouring104\/wp-content\/uploads\/sites\/6\/2022\/06\/scuola-scaled.jpg","type":"image\/jpeg"}],"author":"Filippo Francesco Idone","twitter_card":"summary_large_image","twitter_misc":{"Scritto da":"Filippo Francesco Idone","Tempo di lettura stimato":"5 minuti"},"schema":{"@context":"https:\/\/schema.org","@graph":[{"@type":"Article","@id":"https:\/\/progettotouring.it\/radiotouring104\/2024\/03\/14\/scuola-lallarme-del-prof-leone\/#article","isPartOf":{"@id":"https:\/\/progettotouring.it\/radiotouring104\/2024\/03\/14\/scuola-lallarme-del-prof-leone\/"},"author":{"name":"Filippo Francesco Idone","@id":"https:\/\/progettotouring.it\/radiotouring104\/#\/schema\/person\/4a82259ca52ac8702ad1a8f9e5a3120b"},"headline":"Scuola: l&#8217;allarme del prof Leone","datePublished":"2024-03-14T08:35:12+00:00","dateModified":"2024-03-14T12:39:08+00:00","mainEntityOfPage":{"@id":"https:\/\/progettotouring.it\/radiotouring104\/2024\/03\/14\/scuola-lallarme-del-prof-leone\/"},"wordCount":1096,"publisher":{"@id":"https:\/\/progettotouring.it\/radiotouring104\/#organization"},"image":{"@id":"https:\/\/progettotouring.it\/radiotouring104\/2024\/03\/14\/scuola-lallarme-del-prof-leone\/#primaryimage"},"thumbnailUrl":"https:\/\/progettotouring.it\/radiotouring104\/wp-content\/uploads\/sites\/6\/2022\/06\/scuola-scaled.jpg","keywords":["calabria","leone","scuola"],"articleSection":["Calabria","Home","News"],"inLanguage":"it-IT"},{"@type":"WebPage","@id":"https:\/\/progettotouring.it\/radiotouring104\/2024\/03\/14\/scuola-lallarme-del-prof-leone\/","url":"https:\/\/progettotouring.it\/radiotouring104\/2024\/03\/14\/scuola-lallarme-del-prof-leone\/","name":"Scuola: l'allarme del prof Leone - Radio Touring 104","isPartOf":{"@id":"https:\/\/progettotouring.it\/radiotouring104\/#website"},"primaryImageOfPage":{"@id":"https:\/\/progettotouring.it\/radiotouring104\/2024\/03\/14\/scuola-lallarme-del-prof-leone\/#primaryimage"},"image":{"@id":"https:\/\/progettotouring.it\/radiotouring104\/2024\/03\/14\/scuola-lallarme-del-prof-leone\/#primaryimage"},"thumbnailUrl":"https:\/\/progettotouring.it\/radiotouring104\/wp-content\/uploads\/sites\/6\/2022\/06\/scuola-scaled.jpg","datePublished":"2024-03-14T08:35:12+00:00","dateModified":"2024-03-14T12:39:08+00:00","description":"Secondo i dati del prof. Leone \u00e8 emerso una scuola che viaggia a doppia velocit\u00e0 nel Paese, mentre in Calabria la situazione \u00e8 stagnante","breadcrumb":{"@id":"https:\/\/progettotouring.it\/radiotouring104\/2024\/03\/14\/scuola-lallarme-del-prof-leone\/#breadcrumb"},"inLanguage":"it-IT","potentialAction":[{"@type":"ReadAction","target":["https:\/\/progettotouring.it\/radiotouring104\/2024\/03\/14\/scuola-lallarme-del-prof-leone\/"]}]},{"@type":"ImageObject","inLanguage":"it-IT","@id":"https:\/\/progettotouring.it\/radiotouring104\/2024\/03\/14\/scuola-lallarme-del-prof-leone\/#primaryimage","url":"https:\/\/progettotouring.it\/radiotouring104\/wp-content\/uploads\/sites\/6\/2022\/06\/scuola-scaled.jpg","contentUrl":"https:\/\/progettotouring.it\/radiotouring104\/wp-content\/uploads\/sites\/6\/2022\/06\/scuola-scaled.jpg","width":2560,"height":1920},{"@type":"BreadcrumbList","@id":"https:\/\/progettotouring.it\/radiotouring104\/2024\/03\/14\/scuola-lallarme-del-prof-leone\/#breadcrumb","itemListElement":[{"@type":"ListItem","position":1,"name":"Home","item":"https:\/\/progettotouring.it\/radiotouring104\/"},{"@type":"ListItem","position":2,"name":"Scuola: l&#8217;allarme del prof Leone"}]},{"@type":"WebSite","@id":"https:\/\/progettotouring.it\/radiotouring104\/#website","url":"https:\/\/progettotouring.it\/radiotouring104\/","name":"Radio Touring 104","description":"La prima radio Reggina","publisher":{"@id":"https:\/\/progettotouring.it\/radiotouring104\/#organization"},"potentialAction":[{"@type":"SearchAction","target":{"@type":"EntryPoint","urlTemplate":"https:\/\/progettotouring.it\/radiotouring104\/?s={search_term_string}"},"query-input":{"@type":"PropertyValueSpecification","valueRequired":true,"valueName":"search_term_string"}}],"inLanguage":"it-IT"},{"@type":"Organization","@id":"https:\/\/progettotouring.it\/radiotouring104\/#organization","name":"Radio Touring 104","url":"https:\/\/progettotouring.it\/radiotouring104\/","logo":{"@type":"ImageObject","inLanguage":"it-IT","@id":"https:\/\/progettotouring.it\/radiotouring104\/#\/schema\/logo\/image\/","url":"https:\/\/progettotouring.it\/radiotouring104\/wp-content\/uploads\/sites\/6\/2022\/02\/cropped-logo-radio-touring-104.png","contentUrl":"https:\/\/progettotouring.it\/radiotouring104\/wp-content\/uploads\/sites\/6\/2022\/02\/cropped-logo-radio-touring-104.png","width":377,"height":182,"caption":"Radio Touring 104"},"image":{"@id":"https:\/\/progettotouring.it\/radiotouring104\/#\/schema\/logo\/image\/"}},{"@type":"Person","@id":"https:\/\/progettotouring.it\/radiotouring104\/#\/schema\/person\/4a82259ca52ac8702ad1a8f9e5a3120b","name":"Filippo Francesco Idone","image":{"@type":"ImageObject","inLanguage":"it-IT","@id":"https:\/\/secure.gravatar.com\/avatar\/7268715d2366395c3dd314385670e6484117d44f5c442e61e230f7008b7b62d3?s=96&d=mm&r=g","url":"https:\/\/secure.gravatar.com\/avatar\/7268715d2366395c3dd314385670e6484117d44f5c442e61e230f7008b7b62d3?s=96&d=mm&r=g","contentUrl":"https:\/\/secure.gravatar.com\/avatar\/7268715d2366395c3dd314385670e6484117d44f5c442e61e230f7008b7b62d3?s=96&d=mm&r=g","caption":"Filippo Francesco Idone"},"url":"https:\/\/progettotouring.it\/radiotouring104\/author\/filippoidone\/"}]}},"jetpack_publicize_connections":[],"jetpack_featured_media_url":"https:\/\/progettotouring.it\/radiotouring104\/wp-content\/uploads\/sites\/6\/2022\/06\/scuola-scaled.jpg","jetpack_sharing_enabled":true,"_links":{"self":[{"href":"https:\/\/progettotouring.it\/radiotouring104\/wp-json\/wp\/v2\/posts\/47072","targetHints":{"allow":["GET"]}}],"collection":[{"href":"https:\/\/progettotouring.it\/radiotouring104\/wp-json\/wp\/v2\/posts"}],"about":[{"href":"https:\/\/progettotouring.it\/radiotouring104\/wp-json\/wp\/v2\/types\/post"}],"author":[{"embeddable":true,"href":"https:\/\/progettotouring.it\/radiotouring104\/wp-json\/wp\/v2\/users\/8"}],"replies":[{"embeddable":true,"href":"https:\/\/progettotouring.it\/radiotouring104\/wp-json\/wp\/v2\/comments?post=47072"}],"version-history":[{"count":1,"href":"https:\/\/progettotouring.it\/radiotouring104\/wp-json\/wp\/v2\/posts\/47072\/revisions"}],"predecessor-version":[{"id":47073,"href":"https:\/\/progettotouring.it\/radiotouring104\/wp-json\/wp\/v2\/posts\/47072\/revisions\/47073"}],"wp:featuredmedia":[{"embeddable":true,"href":"https:\/\/progettotouring.it\/radiotouring104\/wp-json\/wp\/v2\/media\/6887"}],"wp:attachment":[{"href":"https:\/\/progettotouring.it\/radiotouring104\/wp-json\/wp\/v2\/media?parent=47072"}],"wp:term":[{"taxonomy":"category","embeddable":true,"href":"https:\/\/progettotouring.it\/radiotouring104\/wp-json\/wp\/v2\/categories?post=47072"},{"taxonomy":"post_tag","embeddable":true,"href":"https:\/\/progettotouring.it\/radiotouring104\/wp-json\/wp\/v2\/tags?post=47072"}],"curies":[{"name":"wp","href":"https:\/\/api.w.org\/{rel}","templated":true}]}}