{"id":47077,"date":"2024-03-14T11:49:09","date_gmt":"2024-03-14T10:49:09","guid":{"rendered":"https:\/\/progettotouring.it\/radiotouring104\/?p=47077"},"modified":"2024-03-14T13:45:43","modified_gmt":"2024-03-14T12:45:43","slug":"presentato-il-premio-catanzaro-nostra","status":"publish","type":"post","link":"https:\/\/progettotouring.it\/radiotouring104\/2024\/03\/14\/presentato-il-premio-catanzaro-nostra\/","title":{"rendered":"Presentato il premio &#8220;Catanzaro Nostra&#8221;"},"content":{"rendered":"<p style=\"text-align: justify\">Un premio dedicato a coloro che contribuiscono all&#8217;arricchimento e alla tutela del Patrimonio culturale della citt\u00e0 di Catanzaro. Una scelta, quella dell\u2019associazione Italia Nostra Catanzaro, che vuole essere ulteriore testimonianza dell&#8217;impegno costante nel valorizzare e promuovere la bellezza e il rispetto del bene comune, coinvolgendo la comunit\u00e0 locale a partecipare attivamente alla tutela di ci\u00f2 che rende unica \u201c<strong>Catanzaro nostra\u201d.<\/strong><\/p>\n<p style=\"text-align: justify\">Le finalit\u00e0 e le modalit\u00e0 del premio sono state illustrate ieri mattina nella Sala Concerti di Palazzo de Nobili, dalla presidente della sezione di <strong>Catanzaro, Elena Bova,<\/strong> dal vice presidente Aldo Ventrici, dalla tesoriera Maria Teresa La Vitola e dalla componente Marisa Gigliotti. La cerimonia di conferimento del Premio &#8220;Catanzaro Nostra&#8221; si svolger\u00e0 gioved\u00ec 21 marzo alle ore 18 nella Sala \u201cGissing\u201d del Complesso Monumentale San Giovanni.<\/p>\n<p style=\"text-align: justify\"><em>\u201cItalia Nostra <\/em>\u2013 ha esordito Elena Bova, presidente della sezione territoriale &#8211; <em>\u00e8 un\u2019associazione nazionale, forse unica paladina dell\u2019attuazione dell\u2019articolo 9 della Costituzione della Repubblica che impegna la comunit\u00e0 a promuovere la cultura tutelando le nostre bellezze, da quella paesaggistiche a quelle storiche e monumentali. A <strong>Catanzaro<\/strong> e nel territorio circostante abbiamo a cuore la tutela e la valorizzazione dei beni comuni, il paesaggio insieme alle tradizioni storiche della citt\u00e0, che sono il patrimonio pi\u00f9 importante che abbiamo. Abbiamo istituito un premio che si chiama <strong>\u2018Catanzaro Nostra\u2019<\/strong>, per sottolinearne l\u2019appartenenza alla citt\u00e0, l\u2019amore che noi portiamo verso di essa, perch\u00e9 nell\u2019opera che quotidianamente svolgiamo per adempiere ai nostri compiti e per onorare i nostri principi abbiamo avuto accanto alcune persone che si sono distinte nell\u2019anno 2023 per avere in vario modo contribuito chi a tutelare la bellezza del paesaggio, chi a riconoscere con atti concreti meriti ad artisti della nostra citt\u00e0, chi a tutelare la bellezza e la storia delle nostre antiche arti, chi da giovane si impegna alla tutela dell\u2019ambiente e per i diritti civili, chi ricorda con arti visive le nostre tradizioni, chi c\u2019\u00e8 stato accanto per assisterci nelle nostre battaglie civili, per esempio gli avvocati che ci hanno supportato nel difendere la scuola della Maddalena dalla demolizione\u201d.<\/em><\/p>\n<p style=\"text-align: justify\"><em>\u201cLe battaglie spesso rimangono isolate<\/em> \u2013 ha concluso Elena Bova -. <em><strong>Vorrei che lo stesso orgoglio civico c<\/strong>he c\u2019\u00e8 per il calcio ci fosse per i beni comuni in cui viviamo ogni giorno. Le rinascite non possono essere affidate alle sole amministrazioni ma devono avere protagonisti i cittadini, ciascuno per il suo\u201d.<\/em><\/p>\n<p style=\"text-align: justify\"><strong><em>\u201cIl premio <\/em>\u2013<\/strong> ha spiegato il vicepresidente Aldo Ventrici &#8211;<em><strong> si struttura in diverse sezioni secondo il tipo di tutela esercitata,<\/strong> tipologia contemplata nel nostro statuto. Le sezioni riguardano arte cultura tradizioni spettacolo ambiente, tutte materie legate alla citt\u00e0 di Catanzaro e in ciascuna di esse abbiamo individuato persone, che naturalmente non fanno parte del nostro direttivo, che operano in citt\u00e0 che hanno agito per la loro promozione e pertanto meritevoli di riconoscimento pubblico. Lo scopo \u00e8 anche quello di ampliare la platea delle persone interessate a creare cultura diffusa, cosa per la quale ciascuno pu\u00f2 contribuire. Finora \u2013 <\/em>ha considerato ancora Ventrici &#8211;<em> la nostra associazione \u00e8 forse poco conosciuta, \u00e8 uno dei temi di cui discutiamo spesso nella nostra sezione. Abbiamo poco appeal presso la cittadinanza, forse perch\u00e9 ci siamo mossi senza grosso clamore in ambiti spigolosi con azioni insistenti verso l\u2019Amministrazione comunale, verso la Soprintendenza con la quale abbiamo avuto anche momenti di attrito. Certo curiamo anche l\u2019aspetto della convivialit\u00e0, con gite e cene sociali, ma fondamentalmente svolgiamo lavoro duro nei vari ambiti. In particolare, ma non solo, premieremo anche alcuni legali proprio perch\u00e9 hanno prestato gratuitamente la loro assistenza, ben sapendo che una sezione territoriale come la nostra non dispone di capitali sufficienti a sostenere le spese dei ricorsi, che ormai sono tanti, a iniziare dalla Maddalena, o per il riconoscimento del valore storico della <strong>Caserma Triggiani<\/strong> che nel frattempo ne era stata dichiarata priva pur trattandosi un monastero del <strong>XVI secolo, ora ci stiamo occupando dell\u2019Ospedale<\/strong> civile vecchio, monastero di Sant\u2019Agostino del XVI secolo, curiamo la tutela di interi quartieri della citt\u00e0 per i quali stiliamo relazioni che mandiamo alle sedi competenti, siamo stati anche auditi in Commissione parlamentare sul ponte di Messina, insomma \u00e8 un\u2019attivit\u00e0 corposa, densa di significato. Perci\u00f2 ringraziamo chi ci sta vicino gratuitamente\u201d.<\/em><\/p>\n<p style=\"text-align: justify\">Presenti alla conferenza stampa anche le componenti del direttivo della sezione di <strong>Italia Nostra Marisa Gigliotti e Maria Teresa Lavitola<\/strong>, che hanno voluto rimarcare il carattere annuale del premio: \u201c<em>Un modo anche per risvegliare il poco interesse che c\u2019\u00e8 in questa citt\u00e0, in una cittadinanza un po\u2019 sonnolenta, un po\u2019 pigra, che poco si interessa ai problemi, a iniziare dal centro storico e dalla sua salvaguardia. La nostra battaglia \u00e8 spesso solitaria\u201d.<\/em> Il direttivo ha portato anche i saluti della segretaria Rossella Greco, assente per motivi di lavoro alla conferenza stampa, ma presente sempre con il proprio infaticabile contributo di idee e sostegno.<\/p>\n<p>&nbsp;<\/p>\n","protected":false},"excerpt":{"rendered":"<p>Un premio dedicato a coloro che contribuiscono all&#8217;arricchimento e alla tutela del Patrimonio culturale della citt\u00e0 di Catanzaro. Una scelta, quella dell\u2019associazione Italia Nostra Catanzaro, che vuole essere ulteriore testimonianza&hellip;<\/p>\n","protected":false},"author":8,"featured_media":47078,"comment_status":"closed","ping_status":"open","sticky":false,"template":"","format":"standard","meta":{"_jetpack_memberships_contains_paid_content":false,"footnotes":"","jetpack_publicize_message":"","jetpack_publicize_feature_enabled":true,"jetpack_social_post_already_shared":false,"jetpack_social_options":{"image_generator_settings":{"template":"highway","default_image_id":0,"font":"","enabled":false},"version":2}},"categories":[142,921,196],"tags":[2091,28967],"class_list":["post-47077","post","type-post","status-publish","format-standard","has-post-thumbnail","hentry","category-calabria","category-home","category-news","tag-bova","tag-catanzaro-nostra"],"yoast_head":"<!-- This site is optimized with the Yoast SEO plugin v27.2 - https:\/\/yoast.com\/product\/yoast-seo-wordpress\/ -->\n<title>Presentato il premio &quot;Catanzaro Nostra&quot; - Radio Touring 104<\/title>\n<meta name=\"description\" content=\"La cerimonia del Premio &quot;Catanzaro Nostra&quot; si svolger\u00e0 gioved\u00ec 21 marzo nella Sala \u201cGissing\u201d del Complesso Monumentale San Giovanni.\" \/>\n<meta name=\"robots\" content=\"index, follow, max-snippet:-1, max-image-preview:large, max-video-preview:-1\" \/>\n<link rel=\"canonical\" href=\"https:\/\/progettotouring.it\/radiotouring104\/2024\/03\/14\/presentato-il-premio-catanzaro-nostra\/\" \/>\n<meta property=\"og:locale\" content=\"it_IT\" \/>\n<meta property=\"og:type\" content=\"article\" \/>\n<meta property=\"og:title\" content=\"Presentato il premio &quot;Catanzaro Nostra&quot; - Radio Touring 104\" \/>\n<meta property=\"og:description\" content=\"La cerimonia del Premio &quot;Catanzaro Nostra&quot; si svolger\u00e0 gioved\u00ec 21 marzo nella Sala \u201cGissing\u201d del Complesso Monumentale San Giovanni.\" \/>\n<meta property=\"og:url\" content=\"https:\/\/progettotouring.it\/radiotouring104\/2024\/03\/14\/presentato-il-premio-catanzaro-nostra\/\" \/>\n<meta property=\"og:site_name\" content=\"Radio Touring 104\" \/>\n<meta property=\"article:published_time\" content=\"2024-03-14T10:49:09+00:00\" \/>\n<meta property=\"article:modified_time\" content=\"2024-03-14T12:45:43+00:00\" \/>\n<meta property=\"og:image\" content=\"https:\/\/progettotouring.it\/radiotouring104\/wp-content\/uploads\/sites\/6\/2024\/03\/Gigliotti-Bova-La-Vitola-e-Ventrici.jpg\" \/>\n\t<meta property=\"og:image:width\" content=\"2000\" \/>\n\t<meta property=\"og:image:height\" content=\"1500\" \/>\n\t<meta property=\"og:image:type\" content=\"image\/jpeg\" \/>\n<meta name=\"author\" content=\"Filippo Francesco Idone\" \/>\n<meta name=\"twitter:card\" content=\"summary_large_image\" \/>\n<meta name=\"twitter:label1\" content=\"Scritto da\" \/>\n\t<meta name=\"twitter:data1\" content=\"Filippo Francesco Idone\" \/>\n\t<meta name=\"twitter:label2\" content=\"Tempo di lettura stimato\" \/>\n\t<meta name=\"twitter:data2\" content=\"4 minuti\" \/>\n<script type=\"application\/ld+json\" class=\"yoast-schema-graph\">{\"@context\":\"https:\/\/schema.org\",\"@graph\":[{\"@type\":\"Article\",\"@id\":\"https:\/\/progettotouring.it\/radiotouring104\/2024\/03\/14\/presentato-il-premio-catanzaro-nostra\/#article\",\"isPartOf\":{\"@id\":\"https:\/\/progettotouring.it\/radiotouring104\/2024\/03\/14\/presentato-il-premio-catanzaro-nostra\/\"},\"author\":{\"name\":\"Filippo Francesco Idone\",\"@id\":\"https:\/\/progettotouring.it\/radiotouring104\/#\/schema\/person\/4a82259ca52ac8702ad1a8f9e5a3120b\"},\"headline\":\"Presentato il premio &#8220;Catanzaro Nostra&#8221;\",\"datePublished\":\"2024-03-14T10:49:09+00:00\",\"dateModified\":\"2024-03-14T12:45:43+00:00\",\"mainEntityOfPage\":{\"@id\":\"https:\/\/progettotouring.it\/radiotouring104\/2024\/03\/14\/presentato-il-premio-catanzaro-nostra\/\"},\"wordCount\":800,\"publisher\":{\"@id\":\"https:\/\/progettotouring.it\/radiotouring104\/#organization\"},\"image\":{\"@id\":\"https:\/\/progettotouring.it\/radiotouring104\/2024\/03\/14\/presentato-il-premio-catanzaro-nostra\/#primaryimage\"},\"thumbnailUrl\":\"https:\/\/progettotouring.it\/radiotouring104\/wp-content\/uploads\/sites\/6\/2024\/03\/Gigliotti-Bova-La-Vitola-e-Ventrici.jpg\",\"keywords\":[\"bova\",\"Catanzaro nostra\"],\"articleSection\":[\"Calabria\",\"Home\",\"News\"],\"inLanguage\":\"it-IT\"},{\"@type\":\"WebPage\",\"@id\":\"https:\/\/progettotouring.it\/radiotouring104\/2024\/03\/14\/presentato-il-premio-catanzaro-nostra\/\",\"url\":\"https:\/\/progettotouring.it\/radiotouring104\/2024\/03\/14\/presentato-il-premio-catanzaro-nostra\/\",\"name\":\"Presentato il premio \\\"Catanzaro Nostra\\\" - Radio Touring 104\",\"isPartOf\":{\"@id\":\"https:\/\/progettotouring.it\/radiotouring104\/#website\"},\"primaryImageOfPage\":{\"@id\":\"https:\/\/progettotouring.it\/radiotouring104\/2024\/03\/14\/presentato-il-premio-catanzaro-nostra\/#primaryimage\"},\"image\":{\"@id\":\"https:\/\/progettotouring.it\/radiotouring104\/2024\/03\/14\/presentato-il-premio-catanzaro-nostra\/#primaryimage\"},\"thumbnailUrl\":\"https:\/\/progettotouring.it\/radiotouring104\/wp-content\/uploads\/sites\/6\/2024\/03\/Gigliotti-Bova-La-Vitola-e-Ventrici.jpg\",\"datePublished\":\"2024-03-14T10:49:09+00:00\",\"dateModified\":\"2024-03-14T12:45:43+00:00\",\"description\":\"La cerimonia del Premio \\\"Catanzaro Nostra\\\" si svolger\u00e0 gioved\u00ec 21 marzo nella Sala \u201cGissing\u201d del Complesso Monumentale San Giovanni.\",\"breadcrumb\":{\"@id\":\"https:\/\/progettotouring.it\/radiotouring104\/2024\/03\/14\/presentato-il-premio-catanzaro-nostra\/#breadcrumb\"},\"inLanguage\":\"it-IT\",\"potentialAction\":[{\"@type\":\"ReadAction\",\"target\":[\"https:\/\/progettotouring.it\/radiotouring104\/2024\/03\/14\/presentato-il-premio-catanzaro-nostra\/\"]}]},{\"@type\":\"ImageObject\",\"inLanguage\":\"it-IT\",\"@id\":\"https:\/\/progettotouring.it\/radiotouring104\/2024\/03\/14\/presentato-il-premio-catanzaro-nostra\/#primaryimage\",\"url\":\"https:\/\/progettotouring.it\/radiotouring104\/wp-content\/uploads\/sites\/6\/2024\/03\/Gigliotti-Bova-La-Vitola-e-Ventrici.jpg\",\"contentUrl\":\"https:\/\/progettotouring.it\/radiotouring104\/wp-content\/uploads\/sites\/6\/2024\/03\/Gigliotti-Bova-La-Vitola-e-Ventrici.jpg\",\"width\":2000,\"height\":1500},{\"@type\":\"BreadcrumbList\",\"@id\":\"https:\/\/progettotouring.it\/radiotouring104\/2024\/03\/14\/presentato-il-premio-catanzaro-nostra\/#breadcrumb\",\"itemListElement\":[{\"@type\":\"ListItem\",\"position\":1,\"name\":\"Home\",\"item\":\"https:\/\/progettotouring.it\/radiotouring104\/\"},{\"@type\":\"ListItem\",\"position\":2,\"name\":\"Presentato il premio &#8220;Catanzaro Nostra&#8221;\"}]},{\"@type\":\"WebSite\",\"@id\":\"https:\/\/progettotouring.it\/radiotouring104\/#website\",\"url\":\"https:\/\/progettotouring.it\/radiotouring104\/\",\"name\":\"Radio Touring 104\",\"description\":\"La prima radio Reggina\",\"publisher\":{\"@id\":\"https:\/\/progettotouring.it\/radiotouring104\/#organization\"},\"potentialAction\":[{\"@type\":\"SearchAction\",\"target\":{\"@type\":\"EntryPoint\",\"urlTemplate\":\"https:\/\/progettotouring.it\/radiotouring104\/?s={search_term_string}\"},\"query-input\":{\"@type\":\"PropertyValueSpecification\",\"valueRequired\":true,\"valueName\":\"search_term_string\"}}],\"inLanguage\":\"it-IT\"},{\"@type\":\"Organization\",\"@id\":\"https:\/\/progettotouring.it\/radiotouring104\/#organization\",\"name\":\"Radio Touring 104\",\"url\":\"https:\/\/progettotouring.it\/radiotouring104\/\",\"logo\":{\"@type\":\"ImageObject\",\"inLanguage\":\"it-IT\",\"@id\":\"https:\/\/progettotouring.it\/radiotouring104\/#\/schema\/logo\/image\/\",\"url\":\"https:\/\/progettotouring.it\/radiotouring104\/wp-content\/uploads\/sites\/6\/2022\/02\/cropped-logo-radio-touring-104.png\",\"contentUrl\":\"https:\/\/progettotouring.it\/radiotouring104\/wp-content\/uploads\/sites\/6\/2022\/02\/cropped-logo-radio-touring-104.png\",\"width\":377,\"height\":182,\"caption\":\"Radio Touring 104\"},\"image\":{\"@id\":\"https:\/\/progettotouring.it\/radiotouring104\/#\/schema\/logo\/image\/\"}},{\"@type\":\"Person\",\"@id\":\"https:\/\/progettotouring.it\/radiotouring104\/#\/schema\/person\/4a82259ca52ac8702ad1a8f9e5a3120b\",\"name\":\"Filippo Francesco Idone\",\"image\":{\"@type\":\"ImageObject\",\"inLanguage\":\"it-IT\",\"@id\":\"https:\/\/secure.gravatar.com\/avatar\/7268715d2366395c3dd314385670e6484117d44f5c442e61e230f7008b7b62d3?s=96&d=mm&r=g\",\"url\":\"https:\/\/secure.gravatar.com\/avatar\/7268715d2366395c3dd314385670e6484117d44f5c442e61e230f7008b7b62d3?s=96&d=mm&r=g\",\"contentUrl\":\"https:\/\/secure.gravatar.com\/avatar\/7268715d2366395c3dd314385670e6484117d44f5c442e61e230f7008b7b62d3?s=96&d=mm&r=g\",\"caption\":\"Filippo Francesco Idone\"},\"url\":\"https:\/\/progettotouring.it\/radiotouring104\/author\/filippoidone\/\"}]}<\/script>\n<!-- \/ Yoast SEO plugin. -->","yoast_head_json":{"title":"Presentato il premio \"Catanzaro Nostra\" - Radio Touring 104","description":"La cerimonia del Premio \"Catanzaro Nostra\" si svolger\u00e0 gioved\u00ec 21 marzo nella Sala \u201cGissing\u201d del Complesso Monumentale San Giovanni.","robots":{"index":"index","follow":"follow","max-snippet":"max-snippet:-1","max-image-preview":"max-image-preview:large","max-video-preview":"max-video-preview:-1"},"canonical":"https:\/\/progettotouring.it\/radiotouring104\/2024\/03\/14\/presentato-il-premio-catanzaro-nostra\/","og_locale":"it_IT","og_type":"article","og_title":"Presentato il premio \"Catanzaro Nostra\" - Radio Touring 104","og_description":"La cerimonia del Premio \"Catanzaro Nostra\" si svolger\u00e0 gioved\u00ec 21 marzo nella Sala \u201cGissing\u201d del Complesso Monumentale San Giovanni.","og_url":"https:\/\/progettotouring.it\/radiotouring104\/2024\/03\/14\/presentato-il-premio-catanzaro-nostra\/","og_site_name":"Radio Touring 104","article_published_time":"2024-03-14T10:49:09+00:00","article_modified_time":"2024-03-14T12:45:43+00:00","og_image":[{"width":2000,"height":1500,"url":"https:\/\/progettotouring.it\/radiotouring104\/wp-content\/uploads\/sites\/6\/2024\/03\/Gigliotti-Bova-La-Vitola-e-Ventrici.jpg","type":"image\/jpeg"}],"author":"Filippo Francesco Idone","twitter_card":"summary_large_image","twitter_misc":{"Scritto da":"Filippo Francesco Idone","Tempo di lettura stimato":"4 minuti"},"schema":{"@context":"https:\/\/schema.org","@graph":[{"@type":"Article","@id":"https:\/\/progettotouring.it\/radiotouring104\/2024\/03\/14\/presentato-il-premio-catanzaro-nostra\/#article","isPartOf":{"@id":"https:\/\/progettotouring.it\/radiotouring104\/2024\/03\/14\/presentato-il-premio-catanzaro-nostra\/"},"author":{"name":"Filippo Francesco Idone","@id":"https:\/\/progettotouring.it\/radiotouring104\/#\/schema\/person\/4a82259ca52ac8702ad1a8f9e5a3120b"},"headline":"Presentato il premio &#8220;Catanzaro Nostra&#8221;","datePublished":"2024-03-14T10:49:09+00:00","dateModified":"2024-03-14T12:45:43+00:00","mainEntityOfPage":{"@id":"https:\/\/progettotouring.it\/radiotouring104\/2024\/03\/14\/presentato-il-premio-catanzaro-nostra\/"},"wordCount":800,"publisher":{"@id":"https:\/\/progettotouring.it\/radiotouring104\/#organization"},"image":{"@id":"https:\/\/progettotouring.it\/radiotouring104\/2024\/03\/14\/presentato-il-premio-catanzaro-nostra\/#primaryimage"},"thumbnailUrl":"https:\/\/progettotouring.it\/radiotouring104\/wp-content\/uploads\/sites\/6\/2024\/03\/Gigliotti-Bova-La-Vitola-e-Ventrici.jpg","keywords":["bova","Catanzaro nostra"],"articleSection":["Calabria","Home","News"],"inLanguage":"it-IT"},{"@type":"WebPage","@id":"https:\/\/progettotouring.it\/radiotouring104\/2024\/03\/14\/presentato-il-premio-catanzaro-nostra\/","url":"https:\/\/progettotouring.it\/radiotouring104\/2024\/03\/14\/presentato-il-premio-catanzaro-nostra\/","name":"Presentato il premio \"Catanzaro Nostra\" - Radio Touring 104","isPartOf":{"@id":"https:\/\/progettotouring.it\/radiotouring104\/#website"},"primaryImageOfPage":{"@id":"https:\/\/progettotouring.it\/radiotouring104\/2024\/03\/14\/presentato-il-premio-catanzaro-nostra\/#primaryimage"},"image":{"@id":"https:\/\/progettotouring.it\/radiotouring104\/2024\/03\/14\/presentato-il-premio-catanzaro-nostra\/#primaryimage"},"thumbnailUrl":"https:\/\/progettotouring.it\/radiotouring104\/wp-content\/uploads\/sites\/6\/2024\/03\/Gigliotti-Bova-La-Vitola-e-Ventrici.jpg","datePublished":"2024-03-14T10:49:09+00:00","dateModified":"2024-03-14T12:45:43+00:00","description":"La cerimonia del Premio \"Catanzaro Nostra\" si svolger\u00e0 gioved\u00ec 21 marzo nella Sala \u201cGissing\u201d del Complesso Monumentale San Giovanni.","breadcrumb":{"@id":"https:\/\/progettotouring.it\/radiotouring104\/2024\/03\/14\/presentato-il-premio-catanzaro-nostra\/#breadcrumb"},"inLanguage":"it-IT","potentialAction":[{"@type":"ReadAction","target":["https:\/\/progettotouring.it\/radiotouring104\/2024\/03\/14\/presentato-il-premio-catanzaro-nostra\/"]}]},{"@type":"ImageObject","inLanguage":"it-IT","@id":"https:\/\/progettotouring.it\/radiotouring104\/2024\/03\/14\/presentato-il-premio-catanzaro-nostra\/#primaryimage","url":"https:\/\/progettotouring.it\/radiotouring104\/wp-content\/uploads\/sites\/6\/2024\/03\/Gigliotti-Bova-La-Vitola-e-Ventrici.jpg","contentUrl":"https:\/\/progettotouring.it\/radiotouring104\/wp-content\/uploads\/sites\/6\/2024\/03\/Gigliotti-Bova-La-Vitola-e-Ventrici.jpg","width":2000,"height":1500},{"@type":"BreadcrumbList","@id":"https:\/\/progettotouring.it\/radiotouring104\/2024\/03\/14\/presentato-il-premio-catanzaro-nostra\/#breadcrumb","itemListElement":[{"@type":"ListItem","position":1,"name":"Home","item":"https:\/\/progettotouring.it\/radiotouring104\/"},{"@type":"ListItem","position":2,"name":"Presentato il premio &#8220;Catanzaro Nostra&#8221;"}]},{"@type":"WebSite","@id":"https:\/\/progettotouring.it\/radiotouring104\/#website","url":"https:\/\/progettotouring.it\/radiotouring104\/","name":"Radio Touring 104","description":"La prima radio Reggina","publisher":{"@id":"https:\/\/progettotouring.it\/radiotouring104\/#organization"},"potentialAction":[{"@type":"SearchAction","target":{"@type":"EntryPoint","urlTemplate":"https:\/\/progettotouring.it\/radiotouring104\/?s={search_term_string}"},"query-input":{"@type":"PropertyValueSpecification","valueRequired":true,"valueName":"search_term_string"}}],"inLanguage":"it-IT"},{"@type":"Organization","@id":"https:\/\/progettotouring.it\/radiotouring104\/#organization","name":"Radio Touring 104","url":"https:\/\/progettotouring.it\/radiotouring104\/","logo":{"@type":"ImageObject","inLanguage":"it-IT","@id":"https:\/\/progettotouring.it\/radiotouring104\/#\/schema\/logo\/image\/","url":"https:\/\/progettotouring.it\/radiotouring104\/wp-content\/uploads\/sites\/6\/2022\/02\/cropped-logo-radio-touring-104.png","contentUrl":"https:\/\/progettotouring.it\/radiotouring104\/wp-content\/uploads\/sites\/6\/2022\/02\/cropped-logo-radio-touring-104.png","width":377,"height":182,"caption":"Radio Touring 104"},"image":{"@id":"https:\/\/progettotouring.it\/radiotouring104\/#\/schema\/logo\/image\/"}},{"@type":"Person","@id":"https:\/\/progettotouring.it\/radiotouring104\/#\/schema\/person\/4a82259ca52ac8702ad1a8f9e5a3120b","name":"Filippo Francesco Idone","image":{"@type":"ImageObject","inLanguage":"it-IT","@id":"https:\/\/secure.gravatar.com\/avatar\/7268715d2366395c3dd314385670e6484117d44f5c442e61e230f7008b7b62d3?s=96&d=mm&r=g","url":"https:\/\/secure.gravatar.com\/avatar\/7268715d2366395c3dd314385670e6484117d44f5c442e61e230f7008b7b62d3?s=96&d=mm&r=g","contentUrl":"https:\/\/secure.gravatar.com\/avatar\/7268715d2366395c3dd314385670e6484117d44f5c442e61e230f7008b7b62d3?s=96&d=mm&r=g","caption":"Filippo Francesco Idone"},"url":"https:\/\/progettotouring.it\/radiotouring104\/author\/filippoidone\/"}]}},"jetpack_publicize_connections":[],"jetpack_featured_media_url":"https:\/\/progettotouring.it\/radiotouring104\/wp-content\/uploads\/sites\/6\/2024\/03\/Gigliotti-Bova-La-Vitola-e-Ventrici.jpg","jetpack_sharing_enabled":true,"_links":{"self":[{"href":"https:\/\/progettotouring.it\/radiotouring104\/wp-json\/wp\/v2\/posts\/47077","targetHints":{"allow":["GET"]}}],"collection":[{"href":"https:\/\/progettotouring.it\/radiotouring104\/wp-json\/wp\/v2\/posts"}],"about":[{"href":"https:\/\/progettotouring.it\/radiotouring104\/wp-json\/wp\/v2\/types\/post"}],"author":[{"embeddable":true,"href":"https:\/\/progettotouring.it\/radiotouring104\/wp-json\/wp\/v2\/users\/8"}],"replies":[{"embeddable":true,"href":"https:\/\/progettotouring.it\/radiotouring104\/wp-json\/wp\/v2\/comments?post=47077"}],"version-history":[{"count":1,"href":"https:\/\/progettotouring.it\/radiotouring104\/wp-json\/wp\/v2\/posts\/47077\/revisions"}],"predecessor-version":[{"id":47079,"href":"https:\/\/progettotouring.it\/radiotouring104\/wp-json\/wp\/v2\/posts\/47077\/revisions\/47079"}],"wp:featuredmedia":[{"embeddable":true,"href":"https:\/\/progettotouring.it\/radiotouring104\/wp-json\/wp\/v2\/media\/47078"}],"wp:attachment":[{"href":"https:\/\/progettotouring.it\/radiotouring104\/wp-json\/wp\/v2\/media?parent=47077"}],"wp:term":[{"taxonomy":"category","embeddable":true,"href":"https:\/\/progettotouring.it\/radiotouring104\/wp-json\/wp\/v2\/categories?post=47077"},{"taxonomy":"post_tag","embeddable":true,"href":"https:\/\/progettotouring.it\/radiotouring104\/wp-json\/wp\/v2\/tags?post=47077"}],"curies":[{"name":"wp","href":"https:\/\/api.w.org\/{rel}","templated":true}]}}