{"id":47443,"date":"2024-03-20T09:46:40","date_gmt":"2024-03-20T08:46:40","guid":{"rendered":"https:\/\/progettotouring.it\/radiotouring104\/?p=47443"},"modified":"2024-03-20T09:47:17","modified_gmt":"2024-03-20T08:47:17","slug":"nomine-cda-castore-milia-fi-indispensabile-mantenere-continuita-le-problematiche-non-sono-aziendali-ma-politiche-e-indispensabile-che-ci-sia-una-continuita-nella-gest","status":"publish","type":"post","link":"https:\/\/progettotouring.it\/radiotouring104\/2024\/03\/20\/nomine-cda-castore-milia-fi-indispensabile-mantenere-continuita-le-problematiche-non-sono-aziendali-ma-politiche-e-indispensabile-che-ci-sia-una-continuita-nella-gest\/","title":{"rendered":"Nomine Cda Castore, Milia (FI): \u201cIndispensabile mantenere continuit\u00e0&#8221;"},"content":{"rendered":"<p style=\"text-align: justify\"><em>\u201cLe problematiche che Castore ha affrontato in questi anni sono di tipo politico, non certamente aziendale: i dipendenti stessi hanno espresso pieno appoggio all\u2019operato della leadership aziendale, grati per il supporto ai lavoratori anche nei periodi complessi che l\u2019azienda ha dovuto affrontare\u201d <\/em><strong>prosegue il capogruppo.<\/strong><\/p>\n<p style=\"text-align: justify\">\u201c<em>E a poco o a nulla \u00e8 servito il progetto dell\u2019internalizzazione dei servizi, attuato dall\u2019Amministrazione con l\u2019ingresso di Citt\u00e0 metropolitana in Castore: l\u2019attuale assetto di stabilit\u00e0 aziendale, seppur precario viste le difficolt\u00e0, \u00e8 stato raggiunto solo grazie agli sforzi operativi di Castore, non certo per il progetto dell\u2019amministrazione comunale, fallimentare, che puntava a rivoluzionare l\u2019erogazione dei servizi in citt\u00e0<\/em>\u201d<strong> afferma Milia.<\/strong><\/p>\n<p style=\"text-align: justify\"><em>\u201cUn vero e proprio miracolo, quello che l\u2019attuale organo di governo della Castore ha realizzato, se pensiamo a tutte le difficolt\u00e0 riscontrate in questi anni, dai furti, alle mancanze di risorse, umane e finanziarie<\/em> <em>ma per crescere serve continuit\u00e0: la stabilit\u00e0 di un\u2019azienda passa anche attraverso progetti lungimiranti che richiedono tempo, risorse e benessere di chi opera\u201d, <\/em><strong>conclude Milia<\/strong><\/p>\n<p><strong>\u00a0<\/strong><\/p>\n<p>&nbsp;<\/p>\n","protected":false},"excerpt":{"rendered":"<p>\u201cLe problematiche che Castore ha affrontato in questi anni sono di tipo politico, non certamente aziendale: i dipendenti stessi hanno espresso pieno appoggio all\u2019operato della leadership aziendale, grati per il&hellip;<\/p>\n","protected":false},"author":12,"featured_media":28587,"comment_status":"closed","ping_status":"open","sticky":false,"template":"","format":"standard","meta":{"_jetpack_memberships_contains_paid_content":false,"footnotes":"","jetpack_publicize_message":"","jetpack_publicize_feature_enabled":true,"jetpack_social_post_already_shared":false,"jetpack_social_options":{"image_generator_settings":{"template":"highway","default_image_id":0,"font":"","enabled":false},"version":2}},"categories":[921,196,140],"tags":[29172,29170,3231,29173,29171,14742],"class_list":["post-47443","post","type-post","status-publish","format-standard","has-post-thumbnail","hentry","category-home","category-news","category-reggio-calabria","tag-cda-societa-castore","tag-domenico-mallamaci","tag-federico-milia","tag-necessarias-continuita-aziendale","tag-nomina-a-presidente","tag-societa-in-house-castore"],"yoast_head":"<!-- This site is optimized with the Yoast SEO plugin v27.2 - https:\/\/yoast.com\/product\/yoast-seo-wordpress\/ -->\n<title>Nomine Cda Castore, Milia: \u201cIndispensabile mantenere continuit\u00e0&quot;<\/title>\n<meta name=\"description\" content=\"Il Consigliere Milia ritiene indispensabile continuit\u00e0 nella gestione aziendale della Castore SPL, dopo nomina del presidente Mallamaci\" \/>\n<meta name=\"robots\" content=\"index, follow, max-snippet:-1, max-image-preview:large, max-video-preview:-1\" \/>\n<link rel=\"canonical\" href=\"https:\/\/progettotouring.it\/radiotouring104\/2024\/03\/20\/nomine-cda-castore-milia-fi-indispensabile-mantenere-continuita-le-problematiche-non-sono-aziendali-ma-politiche-e-indispensabile-che-ci-sia-una-continuita-nella-gest\/\" \/>\n<meta property=\"og:locale\" content=\"it_IT\" \/>\n<meta property=\"og:type\" content=\"article\" \/>\n<meta property=\"og:title\" content=\"Nomine Cda Castore, Milia: \u201cIndispensabile mantenere continuit\u00e0&quot;\" \/>\n<meta property=\"og:description\" content=\"Il Consigliere Milia ritiene indispensabile continuit\u00e0 nella gestione aziendale della Castore SPL, dopo nomina del presidente Mallamaci\" \/>\n<meta property=\"og:url\" content=\"https:\/\/progettotouring.it\/radiotouring104\/2024\/03\/20\/nomine-cda-castore-milia-fi-indispensabile-mantenere-continuita-le-problematiche-non-sono-aziendali-ma-politiche-e-indispensabile-che-ci-sia-una-continuita-nella-gest\/\" \/>\n<meta property=\"og:site_name\" content=\"Radio Touring 104\" \/>\n<meta property=\"article:published_time\" content=\"2024-03-20T08:46:40+00:00\" \/>\n<meta property=\"article:modified_time\" content=\"2024-03-20T08:47:17+00:00\" \/>\n<meta property=\"og:image\" content=\"https:\/\/progettotouring.it\/radiotouring104\/wp-content\/uploads\/sites\/6\/2023\/06\/Federico-Milia.jpeg\" \/>\n\t<meta property=\"og:image:width\" content=\"1982\" \/>\n\t<meta property=\"og:image:height\" content=\"2048\" \/>\n\t<meta property=\"og:image:type\" content=\"image\/jpeg\" \/>\n<meta name=\"author\" content=\"Sebastiano Plutino\" \/>\n<meta name=\"twitter:card\" content=\"summary_large_image\" \/>\n<meta name=\"twitter:label1\" content=\"Scritto da\" \/>\n\t<meta name=\"twitter:data1\" content=\"Sebastiano Plutino\" \/>\n\t<meta name=\"twitter:label2\" content=\"Tempo di lettura stimato\" \/>\n\t<meta name=\"twitter:data2\" content=\"1 minuto\" \/>\n<script type=\"application\/ld+json\" class=\"yoast-schema-graph\">{\"@context\":\"https:\/\/schema.org\",\"@graph\":[{\"@type\":\"Article\",\"@id\":\"https:\/\/progettotouring.it\/radiotouring104\/2024\/03\/20\/nomine-cda-castore-milia-fi-indispensabile-mantenere-continuita-le-problematiche-non-sono-aziendali-ma-politiche-e-indispensabile-che-ci-sia-una-continuita-nella-gest\/#article\",\"isPartOf\":{\"@id\":\"https:\/\/progettotouring.it\/radiotouring104\/2024\/03\/20\/nomine-cda-castore-milia-fi-indispensabile-mantenere-continuita-le-problematiche-non-sono-aziendali-ma-politiche-e-indispensabile-che-ci-sia-una-continuita-nella-gest\/\"},\"author\":{\"name\":\"Sebastiano Plutino\",\"@id\":\"https:\/\/progettotouring.it\/radiotouring104\/#\/schema\/person\/78613917f1851f041f7483f5af1d422e\"},\"headline\":\"Nomine Cda Castore, Milia (FI): \u201cIndispensabile mantenere continuit\u00e0&#8221;\",\"datePublished\":\"2024-03-20T08:46:40+00:00\",\"dateModified\":\"2024-03-20T08:47:17+00:00\",\"mainEntityOfPage\":{\"@id\":\"https:\/\/progettotouring.it\/radiotouring104\/2024\/03\/20\/nomine-cda-castore-milia-fi-indispensabile-mantenere-continuita-le-problematiche-non-sono-aziendali-ma-politiche-e-indispensabile-che-ci-sia-una-continuita-nella-gest\/\"},\"wordCount\":182,\"publisher\":{\"@id\":\"https:\/\/progettotouring.it\/radiotouring104\/#organization\"},\"image\":{\"@id\":\"https:\/\/progettotouring.it\/radiotouring104\/2024\/03\/20\/nomine-cda-castore-milia-fi-indispensabile-mantenere-continuita-le-problematiche-non-sono-aziendali-ma-politiche-e-indispensabile-che-ci-sia-una-continuita-nella-gest\/#primaryimage\"},\"thumbnailUrl\":\"https:\/\/progettotouring.it\/radiotouring104\/wp-content\/uploads\/sites\/6\/2023\/06\/Federico-Milia.jpeg\",\"keywords\":[\"Cda societ\u00e0 Castore\",\"Domenico Mallamaci\",\"Federico Milia\",\"Necessarias continuit\u00e0 aziendale\",\"nomina a presidente\",\"Societ\u00e0 in house Castore\"],\"articleSection\":[\"Home\",\"News\",\"Reggio Calabria\"],\"inLanguage\":\"it-IT\"},{\"@type\":\"WebPage\",\"@id\":\"https:\/\/progettotouring.it\/radiotouring104\/2024\/03\/20\/nomine-cda-castore-milia-fi-indispensabile-mantenere-continuita-le-problematiche-non-sono-aziendali-ma-politiche-e-indispensabile-che-ci-sia-una-continuita-nella-gest\/\",\"url\":\"https:\/\/progettotouring.it\/radiotouring104\/2024\/03\/20\/nomine-cda-castore-milia-fi-indispensabile-mantenere-continuita-le-problematiche-non-sono-aziendali-ma-politiche-e-indispensabile-che-ci-sia-una-continuita-nella-gest\/\",\"name\":\"Nomine Cda Castore, Milia: \u201cIndispensabile mantenere continuit\u00e0\\\"\",\"isPartOf\":{\"@id\":\"https:\/\/progettotouring.it\/radiotouring104\/#website\"},\"primaryImageOfPage\":{\"@id\":\"https:\/\/progettotouring.it\/radiotouring104\/2024\/03\/20\/nomine-cda-castore-milia-fi-indispensabile-mantenere-continuita-le-problematiche-non-sono-aziendali-ma-politiche-e-indispensabile-che-ci-sia-una-continuita-nella-gest\/#primaryimage\"},\"image\":{\"@id\":\"https:\/\/progettotouring.it\/radiotouring104\/2024\/03\/20\/nomine-cda-castore-milia-fi-indispensabile-mantenere-continuita-le-problematiche-non-sono-aziendali-ma-politiche-e-indispensabile-che-ci-sia-una-continuita-nella-gest\/#primaryimage\"},\"thumbnailUrl\":\"https:\/\/progettotouring.it\/radiotouring104\/wp-content\/uploads\/sites\/6\/2023\/06\/Federico-Milia.jpeg\",\"datePublished\":\"2024-03-20T08:46:40+00:00\",\"dateModified\":\"2024-03-20T08:47:17+00:00\",\"description\":\"Il Consigliere Milia ritiene indispensabile continuit\u00e0 nella gestione aziendale della Castore SPL, dopo nomina del presidente Mallamaci\",\"breadcrumb\":{\"@id\":\"https:\/\/progettotouring.it\/radiotouring104\/2024\/03\/20\/nomine-cda-castore-milia-fi-indispensabile-mantenere-continuita-le-problematiche-non-sono-aziendali-ma-politiche-e-indispensabile-che-ci-sia-una-continuita-nella-gest\/#breadcrumb\"},\"inLanguage\":\"it-IT\",\"potentialAction\":[{\"@type\":\"ReadAction\",\"target\":[\"https:\/\/progettotouring.it\/radiotouring104\/2024\/03\/20\/nomine-cda-castore-milia-fi-indispensabile-mantenere-continuita-le-problematiche-non-sono-aziendali-ma-politiche-e-indispensabile-che-ci-sia-una-continuita-nella-gest\/\"]}]},{\"@type\":\"ImageObject\",\"inLanguage\":\"it-IT\",\"@id\":\"https:\/\/progettotouring.it\/radiotouring104\/2024\/03\/20\/nomine-cda-castore-milia-fi-indispensabile-mantenere-continuita-le-problematiche-non-sono-aziendali-ma-politiche-e-indispensabile-che-ci-sia-una-continuita-nella-gest\/#primaryimage\",\"url\":\"https:\/\/progettotouring.it\/radiotouring104\/wp-content\/uploads\/sites\/6\/2023\/06\/Federico-Milia.jpeg\",\"contentUrl\":\"https:\/\/progettotouring.it\/radiotouring104\/wp-content\/uploads\/sites\/6\/2023\/06\/Federico-Milia.jpeg\",\"width\":1982,\"height\":2048},{\"@type\":\"BreadcrumbList\",\"@id\":\"https:\/\/progettotouring.it\/radiotouring104\/2024\/03\/20\/nomine-cda-castore-milia-fi-indispensabile-mantenere-continuita-le-problematiche-non-sono-aziendali-ma-politiche-e-indispensabile-che-ci-sia-una-continuita-nella-gest\/#breadcrumb\",\"itemListElement\":[{\"@type\":\"ListItem\",\"position\":1,\"name\":\"Home\",\"item\":\"https:\/\/progettotouring.it\/radiotouring104\/\"},{\"@type\":\"ListItem\",\"position\":2,\"name\":\"Nomine Cda Castore, Milia (FI): \u201cIndispensabile mantenere continuit\u00e0&#8221;\"}]},{\"@type\":\"WebSite\",\"@id\":\"https:\/\/progettotouring.it\/radiotouring104\/#website\",\"url\":\"https:\/\/progettotouring.it\/radiotouring104\/\",\"name\":\"Radio Touring 104\",\"description\":\"La prima radio Reggina\",\"publisher\":{\"@id\":\"https:\/\/progettotouring.it\/radiotouring104\/#organization\"},\"potentialAction\":[{\"@type\":\"SearchAction\",\"target\":{\"@type\":\"EntryPoint\",\"urlTemplate\":\"https:\/\/progettotouring.it\/radiotouring104\/?s={search_term_string}\"},\"query-input\":{\"@type\":\"PropertyValueSpecification\",\"valueRequired\":true,\"valueName\":\"search_term_string\"}}],\"inLanguage\":\"it-IT\"},{\"@type\":\"Organization\",\"@id\":\"https:\/\/progettotouring.it\/radiotouring104\/#organization\",\"name\":\"Radio Touring 104\",\"url\":\"https:\/\/progettotouring.it\/radiotouring104\/\",\"logo\":{\"@type\":\"ImageObject\",\"inLanguage\":\"it-IT\",\"@id\":\"https:\/\/progettotouring.it\/radiotouring104\/#\/schema\/logo\/image\/\",\"url\":\"https:\/\/progettotouring.it\/radiotouring104\/wp-content\/uploads\/sites\/6\/2022\/02\/cropped-logo-radio-touring-104.png\",\"contentUrl\":\"https:\/\/progettotouring.it\/radiotouring104\/wp-content\/uploads\/sites\/6\/2022\/02\/cropped-logo-radio-touring-104.png\",\"width\":377,\"height\":182,\"caption\":\"Radio Touring 104\"},\"image\":{\"@id\":\"https:\/\/progettotouring.it\/radiotouring104\/#\/schema\/logo\/image\/\"}},{\"@type\":\"Person\",\"@id\":\"https:\/\/progettotouring.it\/radiotouring104\/#\/schema\/person\/78613917f1851f041f7483f5af1d422e\",\"name\":\"Sebastiano Plutino\",\"image\":{\"@type\":\"ImageObject\",\"inLanguage\":\"it-IT\",\"@id\":\"https:\/\/secure.gravatar.com\/avatar\/0546ffaa9b79224faf9f2a156b67a529ae861d3287c66c1d8ccfdf909bcba78d?s=96&d=mm&r=g\",\"url\":\"https:\/\/secure.gravatar.com\/avatar\/0546ffaa9b79224faf9f2a156b67a529ae861d3287c66c1d8ccfdf909bcba78d?s=96&d=mm&r=g\",\"contentUrl\":\"https:\/\/secure.gravatar.com\/avatar\/0546ffaa9b79224faf9f2a156b67a529ae861d3287c66c1d8ccfdf909bcba78d?s=96&d=mm&r=g\",\"caption\":\"Sebastiano Plutino\"},\"url\":\"https:\/\/progettotouring.it\/radiotouring104\/author\/sebastiano\/\"}]}<\/script>\n<!-- \/ Yoast SEO plugin. -->","yoast_head_json":{"title":"Nomine Cda Castore, Milia: \u201cIndispensabile mantenere continuit\u00e0\"","description":"Il Consigliere Milia ritiene indispensabile continuit\u00e0 nella gestione aziendale della Castore SPL, dopo nomina del presidente Mallamaci","robots":{"index":"index","follow":"follow","max-snippet":"max-snippet:-1","max-image-preview":"max-image-preview:large","max-video-preview":"max-video-preview:-1"},"canonical":"https:\/\/progettotouring.it\/radiotouring104\/2024\/03\/20\/nomine-cda-castore-milia-fi-indispensabile-mantenere-continuita-le-problematiche-non-sono-aziendali-ma-politiche-e-indispensabile-che-ci-sia-una-continuita-nella-gest\/","og_locale":"it_IT","og_type":"article","og_title":"Nomine Cda Castore, Milia: \u201cIndispensabile mantenere continuit\u00e0\"","og_description":"Il Consigliere Milia ritiene indispensabile continuit\u00e0 nella gestione aziendale della Castore SPL, dopo nomina del presidente Mallamaci","og_url":"https:\/\/progettotouring.it\/radiotouring104\/2024\/03\/20\/nomine-cda-castore-milia-fi-indispensabile-mantenere-continuita-le-problematiche-non-sono-aziendali-ma-politiche-e-indispensabile-che-ci-sia-una-continuita-nella-gest\/","og_site_name":"Radio Touring 104","article_published_time":"2024-03-20T08:46:40+00:00","article_modified_time":"2024-03-20T08:47:17+00:00","og_image":[{"width":1982,"height":2048,"url":"https:\/\/progettotouring.it\/radiotouring104\/wp-content\/uploads\/sites\/6\/2023\/06\/Federico-Milia.jpeg","type":"image\/jpeg"}],"author":"Sebastiano Plutino","twitter_card":"summary_large_image","twitter_misc":{"Scritto da":"Sebastiano Plutino","Tempo di lettura stimato":"1 minuto"},"schema":{"@context":"https:\/\/schema.org","@graph":[{"@type":"Article","@id":"https:\/\/progettotouring.it\/radiotouring104\/2024\/03\/20\/nomine-cda-castore-milia-fi-indispensabile-mantenere-continuita-le-problematiche-non-sono-aziendali-ma-politiche-e-indispensabile-che-ci-sia-una-continuita-nella-gest\/#article","isPartOf":{"@id":"https:\/\/progettotouring.it\/radiotouring104\/2024\/03\/20\/nomine-cda-castore-milia-fi-indispensabile-mantenere-continuita-le-problematiche-non-sono-aziendali-ma-politiche-e-indispensabile-che-ci-sia-una-continuita-nella-gest\/"},"author":{"name":"Sebastiano Plutino","@id":"https:\/\/progettotouring.it\/radiotouring104\/#\/schema\/person\/78613917f1851f041f7483f5af1d422e"},"headline":"Nomine Cda Castore, Milia (FI): \u201cIndispensabile mantenere continuit\u00e0&#8221;","datePublished":"2024-03-20T08:46:40+00:00","dateModified":"2024-03-20T08:47:17+00:00","mainEntityOfPage":{"@id":"https:\/\/progettotouring.it\/radiotouring104\/2024\/03\/20\/nomine-cda-castore-milia-fi-indispensabile-mantenere-continuita-le-problematiche-non-sono-aziendali-ma-politiche-e-indispensabile-che-ci-sia-una-continuita-nella-gest\/"},"wordCount":182,"publisher":{"@id":"https:\/\/progettotouring.it\/radiotouring104\/#organization"},"image":{"@id":"https:\/\/progettotouring.it\/radiotouring104\/2024\/03\/20\/nomine-cda-castore-milia-fi-indispensabile-mantenere-continuita-le-problematiche-non-sono-aziendali-ma-politiche-e-indispensabile-che-ci-sia-una-continuita-nella-gest\/#primaryimage"},"thumbnailUrl":"https:\/\/progettotouring.it\/radiotouring104\/wp-content\/uploads\/sites\/6\/2023\/06\/Federico-Milia.jpeg","keywords":["Cda societ\u00e0 Castore","Domenico Mallamaci","Federico Milia","Necessarias continuit\u00e0 aziendale","nomina a presidente","Societ\u00e0 in house Castore"],"articleSection":["Home","News","Reggio Calabria"],"inLanguage":"it-IT"},{"@type":"WebPage","@id":"https:\/\/progettotouring.it\/radiotouring104\/2024\/03\/20\/nomine-cda-castore-milia-fi-indispensabile-mantenere-continuita-le-problematiche-non-sono-aziendali-ma-politiche-e-indispensabile-che-ci-sia-una-continuita-nella-gest\/","url":"https:\/\/progettotouring.it\/radiotouring104\/2024\/03\/20\/nomine-cda-castore-milia-fi-indispensabile-mantenere-continuita-le-problematiche-non-sono-aziendali-ma-politiche-e-indispensabile-che-ci-sia-una-continuita-nella-gest\/","name":"Nomine Cda Castore, Milia: \u201cIndispensabile mantenere continuit\u00e0\"","isPartOf":{"@id":"https:\/\/progettotouring.it\/radiotouring104\/#website"},"primaryImageOfPage":{"@id":"https:\/\/progettotouring.it\/radiotouring104\/2024\/03\/20\/nomine-cda-castore-milia-fi-indispensabile-mantenere-continuita-le-problematiche-non-sono-aziendali-ma-politiche-e-indispensabile-che-ci-sia-una-continuita-nella-gest\/#primaryimage"},"image":{"@id":"https:\/\/progettotouring.it\/radiotouring104\/2024\/03\/20\/nomine-cda-castore-milia-fi-indispensabile-mantenere-continuita-le-problematiche-non-sono-aziendali-ma-politiche-e-indispensabile-che-ci-sia-una-continuita-nella-gest\/#primaryimage"},"thumbnailUrl":"https:\/\/progettotouring.it\/radiotouring104\/wp-content\/uploads\/sites\/6\/2023\/06\/Federico-Milia.jpeg","datePublished":"2024-03-20T08:46:40+00:00","dateModified":"2024-03-20T08:47:17+00:00","description":"Il Consigliere Milia ritiene indispensabile continuit\u00e0 nella gestione aziendale della Castore SPL, dopo nomina del presidente Mallamaci","breadcrumb":{"@id":"https:\/\/progettotouring.it\/radiotouring104\/2024\/03\/20\/nomine-cda-castore-milia-fi-indispensabile-mantenere-continuita-le-problematiche-non-sono-aziendali-ma-politiche-e-indispensabile-che-ci-sia-una-continuita-nella-gest\/#breadcrumb"},"inLanguage":"it-IT","potentialAction":[{"@type":"ReadAction","target":["https:\/\/progettotouring.it\/radiotouring104\/2024\/03\/20\/nomine-cda-castore-milia-fi-indispensabile-mantenere-continuita-le-problematiche-non-sono-aziendali-ma-politiche-e-indispensabile-che-ci-sia-una-continuita-nella-gest\/"]}]},{"@type":"ImageObject","inLanguage":"it-IT","@id":"https:\/\/progettotouring.it\/radiotouring104\/2024\/03\/20\/nomine-cda-castore-milia-fi-indispensabile-mantenere-continuita-le-problematiche-non-sono-aziendali-ma-politiche-e-indispensabile-che-ci-sia-una-continuita-nella-gest\/#primaryimage","url":"https:\/\/progettotouring.it\/radiotouring104\/wp-content\/uploads\/sites\/6\/2023\/06\/Federico-Milia.jpeg","contentUrl":"https:\/\/progettotouring.it\/radiotouring104\/wp-content\/uploads\/sites\/6\/2023\/06\/Federico-Milia.jpeg","width":1982,"height":2048},{"@type":"BreadcrumbList","@id":"https:\/\/progettotouring.it\/radiotouring104\/2024\/03\/20\/nomine-cda-castore-milia-fi-indispensabile-mantenere-continuita-le-problematiche-non-sono-aziendali-ma-politiche-e-indispensabile-che-ci-sia-una-continuita-nella-gest\/#breadcrumb","itemListElement":[{"@type":"ListItem","position":1,"name":"Home","item":"https:\/\/progettotouring.it\/radiotouring104\/"},{"@type":"ListItem","position":2,"name":"Nomine Cda Castore, Milia (FI): \u201cIndispensabile mantenere continuit\u00e0&#8221;"}]},{"@type":"WebSite","@id":"https:\/\/progettotouring.it\/radiotouring104\/#website","url":"https:\/\/progettotouring.it\/radiotouring104\/","name":"Radio Touring 104","description":"La prima radio Reggina","publisher":{"@id":"https:\/\/progettotouring.it\/radiotouring104\/#organization"},"potentialAction":[{"@type":"SearchAction","target":{"@type":"EntryPoint","urlTemplate":"https:\/\/progettotouring.it\/radiotouring104\/?s={search_term_string}"},"query-input":{"@type":"PropertyValueSpecification","valueRequired":true,"valueName":"search_term_string"}}],"inLanguage":"it-IT"},{"@type":"Organization","@id":"https:\/\/progettotouring.it\/radiotouring104\/#organization","name":"Radio Touring 104","url":"https:\/\/progettotouring.it\/radiotouring104\/","logo":{"@type":"ImageObject","inLanguage":"it-IT","@id":"https:\/\/progettotouring.it\/radiotouring104\/#\/schema\/logo\/image\/","url":"https:\/\/progettotouring.it\/radiotouring104\/wp-content\/uploads\/sites\/6\/2022\/02\/cropped-logo-radio-touring-104.png","contentUrl":"https:\/\/progettotouring.it\/radiotouring104\/wp-content\/uploads\/sites\/6\/2022\/02\/cropped-logo-radio-touring-104.png","width":377,"height":182,"caption":"Radio Touring 104"},"image":{"@id":"https:\/\/progettotouring.it\/radiotouring104\/#\/schema\/logo\/image\/"}},{"@type":"Person","@id":"https:\/\/progettotouring.it\/radiotouring104\/#\/schema\/person\/78613917f1851f041f7483f5af1d422e","name":"Sebastiano Plutino","image":{"@type":"ImageObject","inLanguage":"it-IT","@id":"https:\/\/secure.gravatar.com\/avatar\/0546ffaa9b79224faf9f2a156b67a529ae861d3287c66c1d8ccfdf909bcba78d?s=96&d=mm&r=g","url":"https:\/\/secure.gravatar.com\/avatar\/0546ffaa9b79224faf9f2a156b67a529ae861d3287c66c1d8ccfdf909bcba78d?s=96&d=mm&r=g","contentUrl":"https:\/\/secure.gravatar.com\/avatar\/0546ffaa9b79224faf9f2a156b67a529ae861d3287c66c1d8ccfdf909bcba78d?s=96&d=mm&r=g","caption":"Sebastiano Plutino"},"url":"https:\/\/progettotouring.it\/radiotouring104\/author\/sebastiano\/"}]}},"jetpack_publicize_connections":[],"jetpack_featured_media_url":"https:\/\/progettotouring.it\/radiotouring104\/wp-content\/uploads\/sites\/6\/2023\/06\/Federico-Milia.jpeg","jetpack_sharing_enabled":true,"_links":{"self":[{"href":"https:\/\/progettotouring.it\/radiotouring104\/wp-json\/wp\/v2\/posts\/47443","targetHints":{"allow":["GET"]}}],"collection":[{"href":"https:\/\/progettotouring.it\/radiotouring104\/wp-json\/wp\/v2\/posts"}],"about":[{"href":"https:\/\/progettotouring.it\/radiotouring104\/wp-json\/wp\/v2\/types\/post"}],"author":[{"embeddable":true,"href":"https:\/\/progettotouring.it\/radiotouring104\/wp-json\/wp\/v2\/users\/12"}],"replies":[{"embeddable":true,"href":"https:\/\/progettotouring.it\/radiotouring104\/wp-json\/wp\/v2\/comments?post=47443"}],"version-history":[{"count":2,"href":"https:\/\/progettotouring.it\/radiotouring104\/wp-json\/wp\/v2\/posts\/47443\/revisions"}],"predecessor-version":[{"id":47445,"href":"https:\/\/progettotouring.it\/radiotouring104\/wp-json\/wp\/v2\/posts\/47443\/revisions\/47445"}],"wp:featuredmedia":[{"embeddable":true,"href":"https:\/\/progettotouring.it\/radiotouring104\/wp-json\/wp\/v2\/media\/28587"}],"wp:attachment":[{"href":"https:\/\/progettotouring.it\/radiotouring104\/wp-json\/wp\/v2\/media?parent=47443"}],"wp:term":[{"taxonomy":"category","embeddable":true,"href":"https:\/\/progettotouring.it\/radiotouring104\/wp-json\/wp\/v2\/categories?post=47443"},{"taxonomy":"post_tag","embeddable":true,"href":"https:\/\/progettotouring.it\/radiotouring104\/wp-json\/wp\/v2\/tags?post=47443"}],"curies":[{"name":"wp","href":"https:\/\/api.w.org\/{rel}","templated":true}]}}