{"id":4757,"date":"2022-05-02T18:15:13","date_gmt":"2022-05-02T16:15:13","guid":{"rendered":"https:\/\/progettotouring.it\/radiotouring104\/?p=4757"},"modified":"2024-01-02T21:18:09","modified_gmt":"2024-01-02T20:18:09","slug":"la-viola-vince-nel-ricordo-dellimperatore-pasquale-vazzana","status":"publish","type":"post","link":"https:\/\/progettotouring.it\/radiotouring104\/2022\/05\/02\/la-viola-vince-nel-ricordo-dellimperatore-pasquale-vazzana\/","title":{"rendered":"La Viola vince nel ricordo dell&#8217;Imperatore Pasquale Vazzana"},"content":{"rendered":"<p style=\"text-align: justify;\">Si \u00e8 aperto e si \u00e8 chiuso nel ricordo di<strong> Pasquale Vazzana<\/strong>, detto l\u2019<strong>Imperatore<\/strong>, storico custode del<strong> PalaCalafiore<\/strong> scomparso poche ore prima, l\u2019incontro tra la <strong>Pallacanestro Viola<\/strong> <strong>Reggio Calabria<\/strong> e la <strong>Virtus Arechi Salerno<\/strong>. Grande l\u2019emozione percepita al palazzetto, con tanto di striscione dedicato a Vazzana offerto da <strong>Progetto 5<\/strong>, durante il messaggio prima della palla a due e il minuto di silenzio.<\/p>\n<p style=\"text-align: justify;\">Poi \u00e8 stato basket. Basket di grinta, di voglia di superarsi e non mollare mai. L\u2019emblema della squadra neroarancio \u00e8 <strong>Yande Fall<\/strong>, che durante la partita, chiede al pubblico presente, con gesti plateali, di rendere il PalaCalafiore una bolgia.<\/p>\n<p style=\"text-align: justify;\">S\u00ec, perch\u00e9 Salerno \u00e8 tutt\u2019altro che un avversario malleabile. Nei primi due quarti, le difese hanno la meglio, con percentuali realizzative e punteggi bassi. \u00c8 un continuo gomito a gomito, ma entrambi i tempi vengono vinti dagli ospiti (15-16 e poi 26-29).<\/p>\n<p style=\"text-align: justify;\">Serve un cambio di passo dopo l\u2019intervallo lungo e la Viola prova subito a farsi capire impattando sul 31-31 grazie ad una bomba di <strong>Duranti,<\/strong> ma da quel momento in poi \u00e8 Salerno a salire in cattedra: Rinaldi e Coltro piazzano tre triple, Valentini va a segno dall\u2019area e in meno di tre minuti, gli ospiti volano sul 31-42. Sembra il break decisivo, anche perch\u00e9 la Viola fatica a trovare il canestro e buone transizioni. A cambiare l\u2019inerzia della sfida \u00e8 <strong>Federico Ingrosso.<\/strong> Lui che, poco prima, aveva perso un pallone e fallito un canestro dall\u2019area, realizza due bombe di fila riportando i suoi sul -5 e riaccendendo l\u2019entusiasmo dei tifosi. Bonaccorso riporta Salerno a +7 ma prima una bomba di Duranti e poi il canestro pi\u00f9 un libero di Fall, riportano la sfida in equilibrio (43-44).<\/p>\n<p style=\"text-align: justify;\">Alcune decisioni arbitrali finiscono nel mirino dei tifosi e di un nervoso Duranti che, alla fine, si prende anche un tecnico, finendo in panchina con 4 falli.<\/p>\n<p style=\"text-align: justify;\">A questo punto, entra in scena<strong> Kekovic<\/strong>. Il cestista montenegrino, fino a quel momento con soli 4 punti a referto, si prende la squadra sulle spalle realizzandone 10 in pochi minuti. La Viola si ritrova sul 58-53 a poco meno di 4 minuti dal termine. Salerno prova a rientrare con una bomba di Mennella (58-56) a cui risponde il solito Ingrosso con un\u2019altra tripla (a fine partita, per lui un incredibile 6\/8 dall\u2019arco). A 1\u201946\u201d, due liberi di Coltro e il canestro di Rinaldi riportano la Virtus sul 61-60. Il PalaCalafiore trema e vede le streghe. A risvegliare tutti dall\u2019incubo ci pensa ancora lui, Federico Ingrosso, man of the match, che piazza l\u2019ultima bomba di giornata. A blindare la vittoria, il solito tiro libero di <strong>Amar Balic<\/strong>.<\/p>\n<p style=\"text-align: justify;\">Finisce 65-61 con la Viola che mette un piede nei playoff. La sentenza inappellabile arriver\u00e0 domenica prossima, con i neroarancio impegnati a Taranto, in una sfida da dentro o fuori.<\/p>\n<p style=\"text-align: justify;\">Prima del rientro negli spogliatoi, la squadra si unisce nel ricordo di Pasquale Vazzana: \u201cC\u2019\u00e8 solo un Imperatore\u201d.<\/p>\n<p><iframe title=\"Basket: Bolignano nel postgara di Viola-Salerno\" width=\"1170\" height=\"658\" src=\"https:\/\/www.youtube.com\/embed\/U4qKrrRCC2U?feature=oembed\" frameborder=\"0\" allow=\"accelerometer; autoplay; clipboard-write; encrypted-media; gyroscope; picture-in-picture\" allowfullscreen><\/iframe><\/p>\n","protected":false},"excerpt":{"rendered":"<p>Si \u00e8 aperto e si \u00e8 chiuso nel ricordo di Pasquale Vazzana, detto l\u2019Imperatore, storico custode del PalaCalafiore scomparso poche ore prima, l\u2019incontro tra la Pallacanestro Viola Reggio Calabria e&hellip;<\/p>\n","protected":false},"author":9,"featured_media":4760,"comment_status":"open","ping_status":"open","sticky":false,"template":"","format":"standard","meta":{"_jetpack_memberships_contains_paid_content":false,"footnotes":"","jetpack_publicize_message":"","jetpack_publicize_feature_enabled":true,"jetpack_social_post_already_shared":false,"jetpack_social_options":{"image_generator_settings":{"template":"highway","default_image_id":0,"font":"","enabled":false},"version":2}},"categories":[150,196,140,144],"tags":[773,1227,1228,1223,384,767,1222,1225,1224,1226],"class_list":["post-4757","post","type-post","status-publish","format-standard","has-post-thumbnail","hentry","category-in-primo-piano","category-news","category-reggio-calabria","category-sport","tag-amar-balic","tag-duranti","tag-federico-ingrosso","tag-imperatore","tag-palacalafiore","tag-pallacanestro-viola","tag-pasquale-vazzana","tag-progetto-5","tag-virtus-arechi-salerno","tag-yande-fall"],"yoast_head":"<!-- This site is optimized with the Yoast SEO plugin v27.2 - https:\/\/yoast.com\/product\/yoast-seo-wordpress\/ -->\n<title>La Viola vince nel ricordo dell&#039;Imperatore Pasquale Vazzana<\/title>\n<meta name=\"description\" content=\"Al Palacalafiore, i neroarancio vincono sulla Virtus Arechi Salerno per 65-61 con dedica per Pasquale Vazzana\" \/>\n<meta name=\"robots\" content=\"index, follow, max-snippet:-1, max-image-preview:large, max-video-preview:-1\" \/>\n<link rel=\"canonical\" href=\"https:\/\/progettotouring.it\/radiotouring104\/2022\/05\/02\/la-viola-vince-nel-ricordo-dellimperatore-pasquale-vazzana\/\" \/>\n<meta property=\"og:locale\" content=\"it_IT\" \/>\n<meta property=\"og:type\" content=\"article\" \/>\n<meta property=\"og:title\" content=\"La Viola vince nel ricordo dell&#039;Imperatore Pasquale Vazzana\" \/>\n<meta property=\"og:description\" content=\"Al Palacalafiore, i neroarancio vincono sulla Virtus Arechi Salerno per 65-61 con dedica per Pasquale Vazzana\" \/>\n<meta property=\"og:url\" content=\"https:\/\/progettotouring.it\/radiotouring104\/2022\/05\/02\/la-viola-vince-nel-ricordo-dellimperatore-pasquale-vazzana\/\" \/>\n<meta property=\"og:site_name\" content=\"Radio Touring 104\" \/>\n<meta property=\"article:published_time\" content=\"2022-05-02T16:15:13+00:00\" \/>\n<meta property=\"article:modified_time\" content=\"2024-01-02T20:18:09+00:00\" \/>\n<meta property=\"og:image\" content=\"https:\/\/progettotouring.it\/radiotouring104\/wp-content\/uploads\/sites\/6\/2022\/05\/imperatore.jpg\" \/>\n\t<meta property=\"og:image:width\" content=\"1080\" \/>\n\t<meta property=\"og:image:height\" content=\"810\" \/>\n\t<meta property=\"og:image:type\" content=\"image\/jpeg\" \/>\n<meta name=\"author\" content=\"Simone Bellantone\" \/>\n<meta name=\"twitter:card\" content=\"summary_large_image\" \/>\n<meta name=\"twitter:label1\" content=\"Scritto da\" \/>\n\t<meta name=\"twitter:data1\" content=\"Simone Bellantone\" \/>\n\t<meta name=\"twitter:label2\" content=\"Tempo di lettura stimato\" \/>\n\t<meta name=\"twitter:data2\" content=\"3 minuti\" \/>\n<script type=\"application\/ld+json\" class=\"yoast-schema-graph\">{\"@context\":\"https:\/\/schema.org\",\"@graph\":[{\"@type\":\"Article\",\"@id\":\"https:\/\/progettotouring.it\/radiotouring104\/2022\/05\/02\/la-viola-vince-nel-ricordo-dellimperatore-pasquale-vazzana\/#article\",\"isPartOf\":{\"@id\":\"https:\/\/progettotouring.it\/radiotouring104\/2022\/05\/02\/la-viola-vince-nel-ricordo-dellimperatore-pasquale-vazzana\/\"},\"author\":{\"name\":\"Simone Bellantone\",\"@id\":\"https:\/\/progettotouring.it\/radiotouring104\/#\/schema\/person\/b02b4a64cc703d21ea2057af8a329b6b\"},\"headline\":\"La Viola vince nel ricordo dell&#8217;Imperatore Pasquale Vazzana\",\"datePublished\":\"2022-05-02T16:15:13+00:00\",\"dateModified\":\"2024-01-02T20:18:09+00:00\",\"mainEntityOfPage\":{\"@id\":\"https:\/\/progettotouring.it\/radiotouring104\/2022\/05\/02\/la-viola-vince-nel-ricordo-dellimperatore-pasquale-vazzana\/\"},\"wordCount\":498,\"commentCount\":0,\"publisher\":{\"@id\":\"https:\/\/progettotouring.it\/radiotouring104\/#organization\"},\"image\":{\"@id\":\"https:\/\/progettotouring.it\/radiotouring104\/2022\/05\/02\/la-viola-vince-nel-ricordo-dellimperatore-pasquale-vazzana\/#primaryimage\"},\"thumbnailUrl\":\"https:\/\/progettotouring.it\/radiotouring104\/wp-content\/uploads\/sites\/6\/2022\/05\/imperatore.jpg\",\"keywords\":[\"Amar Balic\",\"Duranti\",\"Federico Ingrosso.\",\"Imperatore\",\"Palacalafiore\",\"Pallacanestro Viola\",\"Pasquale Vazzana\",\"Progetto 5\",\"Virtus Arechi Salerno\",\"Yande Fall\"],\"articleSection\":[\"In primo piano\",\"News\",\"Reggio Calabria\",\"Sport\"],\"inLanguage\":\"it-IT\",\"potentialAction\":[{\"@type\":\"CommentAction\",\"name\":\"Comment\",\"target\":[\"https:\/\/progettotouring.it\/radiotouring104\/2022\/05\/02\/la-viola-vince-nel-ricordo-dellimperatore-pasquale-vazzana\/#respond\"]}]},{\"@type\":\"WebPage\",\"@id\":\"https:\/\/progettotouring.it\/radiotouring104\/2022\/05\/02\/la-viola-vince-nel-ricordo-dellimperatore-pasquale-vazzana\/\",\"url\":\"https:\/\/progettotouring.it\/radiotouring104\/2022\/05\/02\/la-viola-vince-nel-ricordo-dellimperatore-pasquale-vazzana\/\",\"name\":\"La Viola vince nel ricordo dell'Imperatore Pasquale Vazzana\",\"isPartOf\":{\"@id\":\"https:\/\/progettotouring.it\/radiotouring104\/#website\"},\"primaryImageOfPage\":{\"@id\":\"https:\/\/progettotouring.it\/radiotouring104\/2022\/05\/02\/la-viola-vince-nel-ricordo-dellimperatore-pasquale-vazzana\/#primaryimage\"},\"image\":{\"@id\":\"https:\/\/progettotouring.it\/radiotouring104\/2022\/05\/02\/la-viola-vince-nel-ricordo-dellimperatore-pasquale-vazzana\/#primaryimage\"},\"thumbnailUrl\":\"https:\/\/progettotouring.it\/radiotouring104\/wp-content\/uploads\/sites\/6\/2022\/05\/imperatore.jpg\",\"datePublished\":\"2022-05-02T16:15:13+00:00\",\"dateModified\":\"2024-01-02T20:18:09+00:00\",\"description\":\"Al Palacalafiore, i neroarancio vincono sulla Virtus Arechi Salerno per 65-61 con dedica per Pasquale Vazzana\",\"breadcrumb\":{\"@id\":\"https:\/\/progettotouring.it\/radiotouring104\/2022\/05\/02\/la-viola-vince-nel-ricordo-dellimperatore-pasquale-vazzana\/#breadcrumb\"},\"inLanguage\":\"it-IT\",\"potentialAction\":[{\"@type\":\"ReadAction\",\"target\":[\"https:\/\/progettotouring.it\/radiotouring104\/2022\/05\/02\/la-viola-vince-nel-ricordo-dellimperatore-pasquale-vazzana\/\"]}]},{\"@type\":\"ImageObject\",\"inLanguage\":\"it-IT\",\"@id\":\"https:\/\/progettotouring.it\/radiotouring104\/2022\/05\/02\/la-viola-vince-nel-ricordo-dellimperatore-pasquale-vazzana\/#primaryimage\",\"url\":\"https:\/\/progettotouring.it\/radiotouring104\/wp-content\/uploads\/sites\/6\/2022\/05\/imperatore.jpg\",\"contentUrl\":\"https:\/\/progettotouring.it\/radiotouring104\/wp-content\/uploads\/sites\/6\/2022\/05\/imperatore.jpg\",\"width\":1080,\"height\":810,\"caption\":\"imperatore viola\"},{\"@type\":\"BreadcrumbList\",\"@id\":\"https:\/\/progettotouring.it\/radiotouring104\/2022\/05\/02\/la-viola-vince-nel-ricordo-dellimperatore-pasquale-vazzana\/#breadcrumb\",\"itemListElement\":[{\"@type\":\"ListItem\",\"position\":1,\"name\":\"Home\",\"item\":\"https:\/\/progettotouring.it\/radiotouring104\/\"},{\"@type\":\"ListItem\",\"position\":2,\"name\":\"La Viola vince nel ricordo dell&#8217;Imperatore Pasquale Vazzana\"}]},{\"@type\":\"WebSite\",\"@id\":\"https:\/\/progettotouring.it\/radiotouring104\/#website\",\"url\":\"https:\/\/progettotouring.it\/radiotouring104\/\",\"name\":\"Radio Touring 104\",\"description\":\"La prima radio Reggina\",\"publisher\":{\"@id\":\"https:\/\/progettotouring.it\/radiotouring104\/#organization\"},\"potentialAction\":[{\"@type\":\"SearchAction\",\"target\":{\"@type\":\"EntryPoint\",\"urlTemplate\":\"https:\/\/progettotouring.it\/radiotouring104\/?s={search_term_string}\"},\"query-input\":{\"@type\":\"PropertyValueSpecification\",\"valueRequired\":true,\"valueName\":\"search_term_string\"}}],\"inLanguage\":\"it-IT\"},{\"@type\":\"Organization\",\"@id\":\"https:\/\/progettotouring.it\/radiotouring104\/#organization\",\"name\":\"Radio Touring 104\",\"url\":\"https:\/\/progettotouring.it\/radiotouring104\/\",\"logo\":{\"@type\":\"ImageObject\",\"inLanguage\":\"it-IT\",\"@id\":\"https:\/\/progettotouring.it\/radiotouring104\/#\/schema\/logo\/image\/\",\"url\":\"https:\/\/progettotouring.it\/radiotouring104\/wp-content\/uploads\/sites\/6\/2022\/02\/cropped-logo-radio-touring-104.png\",\"contentUrl\":\"https:\/\/progettotouring.it\/radiotouring104\/wp-content\/uploads\/sites\/6\/2022\/02\/cropped-logo-radio-touring-104.png\",\"width\":377,\"height\":182,\"caption\":\"Radio Touring 104\"},\"image\":{\"@id\":\"https:\/\/progettotouring.it\/radiotouring104\/#\/schema\/logo\/image\/\"}},{\"@type\":\"Person\",\"@id\":\"https:\/\/progettotouring.it\/radiotouring104\/#\/schema\/person\/b02b4a64cc703d21ea2057af8a329b6b\",\"name\":\"Simone Bellantone\",\"image\":{\"@type\":\"ImageObject\",\"inLanguage\":\"it-IT\",\"@id\":\"https:\/\/secure.gravatar.com\/avatar\/c0fd4786b23723d384ae03466de926437b7f96aff3085f28bdb1144f02798375?s=96&d=mm&r=g\",\"url\":\"https:\/\/secure.gravatar.com\/avatar\/c0fd4786b23723d384ae03466de926437b7f96aff3085f28bdb1144f02798375?s=96&d=mm&r=g\",\"contentUrl\":\"https:\/\/secure.gravatar.com\/avatar\/c0fd4786b23723d384ae03466de926437b7f96aff3085f28bdb1144f02798375?s=96&d=mm&r=g\",\"caption\":\"Simone Bellantone\"},\"url\":\"https:\/\/progettotouring.it\/radiotouring104\/author\/simonebellantone\/\"}]}<\/script>\n<!-- \/ Yoast SEO plugin. -->","yoast_head_json":{"title":"La Viola vince nel ricordo dell'Imperatore Pasquale Vazzana","description":"Al Palacalafiore, i neroarancio vincono sulla Virtus Arechi Salerno per 65-61 con dedica per Pasquale Vazzana","robots":{"index":"index","follow":"follow","max-snippet":"max-snippet:-1","max-image-preview":"max-image-preview:large","max-video-preview":"max-video-preview:-1"},"canonical":"https:\/\/progettotouring.it\/radiotouring104\/2022\/05\/02\/la-viola-vince-nel-ricordo-dellimperatore-pasquale-vazzana\/","og_locale":"it_IT","og_type":"article","og_title":"La Viola vince nel ricordo dell'Imperatore Pasquale Vazzana","og_description":"Al Palacalafiore, i neroarancio vincono sulla Virtus Arechi Salerno per 65-61 con dedica per Pasquale Vazzana","og_url":"https:\/\/progettotouring.it\/radiotouring104\/2022\/05\/02\/la-viola-vince-nel-ricordo-dellimperatore-pasquale-vazzana\/","og_site_name":"Radio Touring 104","article_published_time":"2022-05-02T16:15:13+00:00","article_modified_time":"2024-01-02T20:18:09+00:00","og_image":[{"width":1080,"height":810,"url":"https:\/\/progettotouring.it\/radiotouring104\/wp-content\/uploads\/sites\/6\/2022\/05\/imperatore.jpg","type":"image\/jpeg"}],"author":"Simone Bellantone","twitter_card":"summary_large_image","twitter_misc":{"Scritto da":"Simone Bellantone","Tempo di lettura stimato":"3 minuti"},"schema":{"@context":"https:\/\/schema.org","@graph":[{"@type":"Article","@id":"https:\/\/progettotouring.it\/radiotouring104\/2022\/05\/02\/la-viola-vince-nel-ricordo-dellimperatore-pasquale-vazzana\/#article","isPartOf":{"@id":"https:\/\/progettotouring.it\/radiotouring104\/2022\/05\/02\/la-viola-vince-nel-ricordo-dellimperatore-pasquale-vazzana\/"},"author":{"name":"Simone Bellantone","@id":"https:\/\/progettotouring.it\/radiotouring104\/#\/schema\/person\/b02b4a64cc703d21ea2057af8a329b6b"},"headline":"La Viola vince nel ricordo dell&#8217;Imperatore Pasquale Vazzana","datePublished":"2022-05-02T16:15:13+00:00","dateModified":"2024-01-02T20:18:09+00:00","mainEntityOfPage":{"@id":"https:\/\/progettotouring.it\/radiotouring104\/2022\/05\/02\/la-viola-vince-nel-ricordo-dellimperatore-pasquale-vazzana\/"},"wordCount":498,"commentCount":0,"publisher":{"@id":"https:\/\/progettotouring.it\/radiotouring104\/#organization"},"image":{"@id":"https:\/\/progettotouring.it\/radiotouring104\/2022\/05\/02\/la-viola-vince-nel-ricordo-dellimperatore-pasquale-vazzana\/#primaryimage"},"thumbnailUrl":"https:\/\/progettotouring.it\/radiotouring104\/wp-content\/uploads\/sites\/6\/2022\/05\/imperatore.jpg","keywords":["Amar Balic","Duranti","Federico Ingrosso.","Imperatore","Palacalafiore","Pallacanestro Viola","Pasquale Vazzana","Progetto 5","Virtus Arechi Salerno","Yande Fall"],"articleSection":["In primo piano","News","Reggio Calabria","Sport"],"inLanguage":"it-IT","potentialAction":[{"@type":"CommentAction","name":"Comment","target":["https:\/\/progettotouring.it\/radiotouring104\/2022\/05\/02\/la-viola-vince-nel-ricordo-dellimperatore-pasquale-vazzana\/#respond"]}]},{"@type":"WebPage","@id":"https:\/\/progettotouring.it\/radiotouring104\/2022\/05\/02\/la-viola-vince-nel-ricordo-dellimperatore-pasquale-vazzana\/","url":"https:\/\/progettotouring.it\/radiotouring104\/2022\/05\/02\/la-viola-vince-nel-ricordo-dellimperatore-pasquale-vazzana\/","name":"La Viola vince nel ricordo dell'Imperatore Pasquale Vazzana","isPartOf":{"@id":"https:\/\/progettotouring.it\/radiotouring104\/#website"},"primaryImageOfPage":{"@id":"https:\/\/progettotouring.it\/radiotouring104\/2022\/05\/02\/la-viola-vince-nel-ricordo-dellimperatore-pasquale-vazzana\/#primaryimage"},"image":{"@id":"https:\/\/progettotouring.it\/radiotouring104\/2022\/05\/02\/la-viola-vince-nel-ricordo-dellimperatore-pasquale-vazzana\/#primaryimage"},"thumbnailUrl":"https:\/\/progettotouring.it\/radiotouring104\/wp-content\/uploads\/sites\/6\/2022\/05\/imperatore.jpg","datePublished":"2022-05-02T16:15:13+00:00","dateModified":"2024-01-02T20:18:09+00:00","description":"Al Palacalafiore, i neroarancio vincono sulla Virtus Arechi Salerno per 65-61 con dedica per Pasquale Vazzana","breadcrumb":{"@id":"https:\/\/progettotouring.it\/radiotouring104\/2022\/05\/02\/la-viola-vince-nel-ricordo-dellimperatore-pasquale-vazzana\/#breadcrumb"},"inLanguage":"it-IT","potentialAction":[{"@type":"ReadAction","target":["https:\/\/progettotouring.it\/radiotouring104\/2022\/05\/02\/la-viola-vince-nel-ricordo-dellimperatore-pasquale-vazzana\/"]}]},{"@type":"ImageObject","inLanguage":"it-IT","@id":"https:\/\/progettotouring.it\/radiotouring104\/2022\/05\/02\/la-viola-vince-nel-ricordo-dellimperatore-pasquale-vazzana\/#primaryimage","url":"https:\/\/progettotouring.it\/radiotouring104\/wp-content\/uploads\/sites\/6\/2022\/05\/imperatore.jpg","contentUrl":"https:\/\/progettotouring.it\/radiotouring104\/wp-content\/uploads\/sites\/6\/2022\/05\/imperatore.jpg","width":1080,"height":810,"caption":"imperatore viola"},{"@type":"BreadcrumbList","@id":"https:\/\/progettotouring.it\/radiotouring104\/2022\/05\/02\/la-viola-vince-nel-ricordo-dellimperatore-pasquale-vazzana\/#breadcrumb","itemListElement":[{"@type":"ListItem","position":1,"name":"Home","item":"https:\/\/progettotouring.it\/radiotouring104\/"},{"@type":"ListItem","position":2,"name":"La Viola vince nel ricordo dell&#8217;Imperatore Pasquale Vazzana"}]},{"@type":"WebSite","@id":"https:\/\/progettotouring.it\/radiotouring104\/#website","url":"https:\/\/progettotouring.it\/radiotouring104\/","name":"Radio Touring 104","description":"La prima radio Reggina","publisher":{"@id":"https:\/\/progettotouring.it\/radiotouring104\/#organization"},"potentialAction":[{"@type":"SearchAction","target":{"@type":"EntryPoint","urlTemplate":"https:\/\/progettotouring.it\/radiotouring104\/?s={search_term_string}"},"query-input":{"@type":"PropertyValueSpecification","valueRequired":true,"valueName":"search_term_string"}}],"inLanguage":"it-IT"},{"@type":"Organization","@id":"https:\/\/progettotouring.it\/radiotouring104\/#organization","name":"Radio Touring 104","url":"https:\/\/progettotouring.it\/radiotouring104\/","logo":{"@type":"ImageObject","inLanguage":"it-IT","@id":"https:\/\/progettotouring.it\/radiotouring104\/#\/schema\/logo\/image\/","url":"https:\/\/progettotouring.it\/radiotouring104\/wp-content\/uploads\/sites\/6\/2022\/02\/cropped-logo-radio-touring-104.png","contentUrl":"https:\/\/progettotouring.it\/radiotouring104\/wp-content\/uploads\/sites\/6\/2022\/02\/cropped-logo-radio-touring-104.png","width":377,"height":182,"caption":"Radio Touring 104"},"image":{"@id":"https:\/\/progettotouring.it\/radiotouring104\/#\/schema\/logo\/image\/"}},{"@type":"Person","@id":"https:\/\/progettotouring.it\/radiotouring104\/#\/schema\/person\/b02b4a64cc703d21ea2057af8a329b6b","name":"Simone Bellantone","image":{"@type":"ImageObject","inLanguage":"it-IT","@id":"https:\/\/secure.gravatar.com\/avatar\/c0fd4786b23723d384ae03466de926437b7f96aff3085f28bdb1144f02798375?s=96&d=mm&r=g","url":"https:\/\/secure.gravatar.com\/avatar\/c0fd4786b23723d384ae03466de926437b7f96aff3085f28bdb1144f02798375?s=96&d=mm&r=g","contentUrl":"https:\/\/secure.gravatar.com\/avatar\/c0fd4786b23723d384ae03466de926437b7f96aff3085f28bdb1144f02798375?s=96&d=mm&r=g","caption":"Simone Bellantone"},"url":"https:\/\/progettotouring.it\/radiotouring104\/author\/simonebellantone\/"}]}},"jetpack_publicize_connections":[],"jetpack_featured_media_url":"https:\/\/progettotouring.it\/radiotouring104\/wp-content\/uploads\/sites\/6\/2022\/05\/imperatore.jpg","jetpack_sharing_enabled":true,"_links":{"self":[{"href":"https:\/\/progettotouring.it\/radiotouring104\/wp-json\/wp\/v2\/posts\/4757","targetHints":{"allow":["GET"]}}],"collection":[{"href":"https:\/\/progettotouring.it\/radiotouring104\/wp-json\/wp\/v2\/posts"}],"about":[{"href":"https:\/\/progettotouring.it\/radiotouring104\/wp-json\/wp\/v2\/types\/post"}],"author":[{"embeddable":true,"href":"https:\/\/progettotouring.it\/radiotouring104\/wp-json\/wp\/v2\/users\/9"}],"replies":[{"embeddable":true,"href":"https:\/\/progettotouring.it\/radiotouring104\/wp-json\/wp\/v2\/comments?post=4757"}],"version-history":[{"count":3,"href":"https:\/\/progettotouring.it\/radiotouring104\/wp-json\/wp\/v2\/posts\/4757\/revisions"}],"predecessor-version":[{"id":4761,"href":"https:\/\/progettotouring.it\/radiotouring104\/wp-json\/wp\/v2\/posts\/4757\/revisions\/4761"}],"wp:featuredmedia":[{"embeddable":true,"href":"https:\/\/progettotouring.it\/radiotouring104\/wp-json\/wp\/v2\/media\/4760"}],"wp:attachment":[{"href":"https:\/\/progettotouring.it\/radiotouring104\/wp-json\/wp\/v2\/media?parent=4757"}],"wp:term":[{"taxonomy":"category","embeddable":true,"href":"https:\/\/progettotouring.it\/radiotouring104\/wp-json\/wp\/v2\/categories?post=4757"},{"taxonomy":"post_tag","embeddable":true,"href":"https:\/\/progettotouring.it\/radiotouring104\/wp-json\/wp\/v2\/tags?post=4757"}],"curies":[{"name":"wp","href":"https:\/\/api.w.org\/{rel}","templated":true}]}}