{"id":47652,"date":"2024-03-22T13:12:08","date_gmt":"2024-03-22T12:12:08","guid":{"rendered":"https:\/\/progettotouring.it\/radiotouring104\/?p=47652"},"modified":"2024-03-22T13:12:08","modified_gmt":"2024-03-22T12:12:08","slug":"crotone-detenuti-del-carcere-leggono-i-nomi-vittime-innocenti-di-mafia","status":"publish","type":"post","link":"https:\/\/progettotouring.it\/radiotouring104\/2024\/03\/22\/crotone-detenuti-del-carcere-leggono-i-nomi-vittime-innocenti-di-mafia\/","title":{"rendered":"Crotone: detenuti del carcere leggono i nomi vittime innocenti di mafia"},"content":{"rendered":"<p><em>&#8220;Il sacrificio di queste vittime innocenti deve essere da monito per i nostri figli affinch\u00e9 le stragi di mafia finiscano una volta per tutte&#8221;.<\/em><\/p>\n<p><strong>Sono le parole pronunciate da uno degli otto detenuti del carcere di Crotone in occasione della<\/strong> <em>&#8220;Giornata della memoria e dell&#8217;impegno&#8221;<\/em> promossa da &#8220;Libera&#8221; per le vittime innocenti delle mafie.<br \/>\nI detenuti hanno letto i nomi di alcuni calabresi uccisi dalla &#8216;ndrangheta ed espresso i loro pensieri sulle stragi di mafia.<br \/>\nL&#8217;iniziativa \u00e9 stata organizzata nell&#8217;ambito di un protocollo d&#8217;intesa tra Libera la casa circondariale di Crotone.<\/p>\n<p>&#8220;Questo di oggi &#8211; ha detto Antonella Marazziti, coordinatrice provinciale di Crotone di Libera &#8211; rappresenta un messaggio importante perch\u00e9 per la prima volta viene lanciato dalla casa circondariale di Crotone, che insieme alla nostra associazione ha intrapreso gi\u00e0 da qualche tempo una serie di percorsi, che vanno dallo sport alle attivit\u00e0 sociali. Siamo soddisfatti di questa partnership. Il ruolo di Libera \u00e8 quello di indicare le strade giuste perch\u00e9 non si pu\u00f2 assolutamente fare finta di nulla e non sapere da che parte stare&#8221;.<br \/>\n&#8220;I detenuti &#8211; ha detto la direttrice del carcere, Maria Stella Fedele &#8211; hanno scritto di loro pugno nelle celle i pensieri che hanno letto&#8221;.<br \/>\n&#8220;La mafia &#8211; ha detto un altro detenuto &#8211; \u00e8 un cancro, ma \u00e8 diversa dalla malattia. Quest&#8217;ultima, la maggior parte delle volte, non ti lascia speranza. La mafia invece si pu\u00f2 debellare denunciando&#8221;.<\/p>\n","protected":false},"excerpt":{"rendered":"<p>&#8220;Il sacrificio di queste vittime innocenti deve essere da monito per i nostri figli affinch\u00e9 le stragi di mafia finiscano una volta per tutte&#8221;. Sono le parole pronunciate da uno&hellip;<\/p>\n","protected":false},"author":12,"featured_media":27124,"comment_status":"closed","ping_status":"open","sticky":false,"template":"","format":"standard","meta":{"_jetpack_memberships_contains_paid_content":false,"footnotes":"","jetpack_publicize_message":"","jetpack_publicize_feature_enabled":true,"jetpack_social_post_already_shared":false,"jetpack_social_options":{"image_generator_settings":{"template":"highway","default_image_id":0,"font":"","enabled":false},"version":2}},"categories":[142,921,196],"tags":[29314,1746,29313],"class_list":["post-47652","post","type-post","status-publish","format-standard","has-post-thumbnail","hentry","category-calabria","category-home","category-news","tag-giornata-della-memoria-e-dellimpegno","tag-crotone","tag-detenuti-leggono-nomi-vittime-di-mafia"],"yoast_head":"<!-- This site is optimized with the Yoast SEO plugin v27.2 - https:\/\/yoast.com\/product\/yoast-seo-wordpress\/ -->\n<title>Crotone: detenuti del carcere leggono i nomi vittime di mafia<\/title>\n<meta name=\"description\" content=\"Gesto dei detenuti del carcere di Crotone per la &quot;Giornata della memoria e dell&#039;impegno&quot; promossa da &quot;Libera&quot; per le vittime delle mafie.\" \/>\n<meta name=\"robots\" content=\"index, follow, max-snippet:-1, max-image-preview:large, max-video-preview:-1\" \/>\n<link rel=\"canonical\" href=\"https:\/\/progettotouring.it\/radiotouring104\/2024\/03\/22\/crotone-detenuti-del-carcere-leggono-i-nomi-vittime-innocenti-di-mafia\/\" \/>\n<meta property=\"og:locale\" content=\"it_IT\" \/>\n<meta property=\"og:type\" content=\"article\" \/>\n<meta property=\"og:title\" content=\"Crotone: detenuti del carcere leggono i nomi vittime di mafia\" \/>\n<meta property=\"og:description\" content=\"Gesto dei detenuti del carcere di Crotone per la &quot;Giornata della memoria e dell&#039;impegno&quot; promossa da &quot;Libera&quot; per le vittime delle mafie.\" \/>\n<meta property=\"og:url\" content=\"https:\/\/progettotouring.it\/radiotouring104\/2024\/03\/22\/crotone-detenuti-del-carcere-leggono-i-nomi-vittime-innocenti-di-mafia\/\" \/>\n<meta property=\"og:site_name\" content=\"Radio Touring 104\" \/>\n<meta property=\"article:published_time\" content=\"2024-03-22T12:12:08+00:00\" \/>\n<meta property=\"og:image\" content=\"https:\/\/progettotouring.it\/radiotouring104\/wp-content\/uploads\/sites\/6\/2023\/06\/Carcere-Vibo.jpg\" \/>\n\t<meta property=\"og:image:width\" content=\"960\" \/>\n\t<meta property=\"og:image:height\" content=\"539\" \/>\n\t<meta property=\"og:image:type\" content=\"image\/jpeg\" \/>\n<meta name=\"author\" content=\"Sebastiano Plutino\" \/>\n<meta name=\"twitter:card\" content=\"summary_large_image\" \/>\n<meta name=\"twitter:label1\" content=\"Scritto da\" \/>\n\t<meta name=\"twitter:data1\" content=\"Sebastiano Plutino\" \/>\n\t<meta name=\"twitter:label2\" content=\"Tempo di lettura stimato\" \/>\n\t<meta name=\"twitter:data2\" content=\"1 minuto\" \/>\n<script type=\"application\/ld+json\" class=\"yoast-schema-graph\">{\"@context\":\"https:\/\/schema.org\",\"@graph\":[{\"@type\":\"Article\",\"@id\":\"https:\/\/progettotouring.it\/radiotouring104\/2024\/03\/22\/crotone-detenuti-del-carcere-leggono-i-nomi-vittime-innocenti-di-mafia\/#article\",\"isPartOf\":{\"@id\":\"https:\/\/progettotouring.it\/radiotouring104\/2024\/03\/22\/crotone-detenuti-del-carcere-leggono-i-nomi-vittime-innocenti-di-mafia\/\"},\"author\":{\"name\":\"Sebastiano Plutino\",\"@id\":\"https:\/\/progettotouring.it\/radiotouring104\/#\/schema\/person\/78613917f1851f041f7483f5af1d422e\"},\"headline\":\"Crotone: detenuti del carcere leggono i nomi vittime innocenti di mafia\",\"datePublished\":\"2024-03-22T12:12:08+00:00\",\"mainEntityOfPage\":{\"@id\":\"https:\/\/progettotouring.it\/radiotouring104\/2024\/03\/22\/crotone-detenuti-del-carcere-leggono-i-nomi-vittime-innocenti-di-mafia\/\"},\"wordCount\":242,\"publisher\":{\"@id\":\"https:\/\/progettotouring.it\/radiotouring104\/#organization\"},\"image\":{\"@id\":\"https:\/\/progettotouring.it\/radiotouring104\/2024\/03\/22\/crotone-detenuti-del-carcere-leggono-i-nomi-vittime-innocenti-di-mafia\/#primaryimage\"},\"thumbnailUrl\":\"https:\/\/progettotouring.it\/radiotouring104\/wp-content\/uploads\/sites\/6\/2023\/06\/Carcere-Vibo.jpg\",\"keywords\":[\"\\\"Giornata della memoria e dell'impegno\\\"\",\"Crotone\",\"detenuti leggono nomi vittime di mafia\"],\"articleSection\":[\"Calabria\",\"Home\",\"News\"],\"inLanguage\":\"it-IT\"},{\"@type\":\"WebPage\",\"@id\":\"https:\/\/progettotouring.it\/radiotouring104\/2024\/03\/22\/crotone-detenuti-del-carcere-leggono-i-nomi-vittime-innocenti-di-mafia\/\",\"url\":\"https:\/\/progettotouring.it\/radiotouring104\/2024\/03\/22\/crotone-detenuti-del-carcere-leggono-i-nomi-vittime-innocenti-di-mafia\/\",\"name\":\"Crotone: detenuti del carcere leggono i nomi vittime di mafia\",\"isPartOf\":{\"@id\":\"https:\/\/progettotouring.it\/radiotouring104\/#website\"},\"primaryImageOfPage\":{\"@id\":\"https:\/\/progettotouring.it\/radiotouring104\/2024\/03\/22\/crotone-detenuti-del-carcere-leggono-i-nomi-vittime-innocenti-di-mafia\/#primaryimage\"},\"image\":{\"@id\":\"https:\/\/progettotouring.it\/radiotouring104\/2024\/03\/22\/crotone-detenuti-del-carcere-leggono-i-nomi-vittime-innocenti-di-mafia\/#primaryimage\"},\"thumbnailUrl\":\"https:\/\/progettotouring.it\/radiotouring104\/wp-content\/uploads\/sites\/6\/2023\/06\/Carcere-Vibo.jpg\",\"datePublished\":\"2024-03-22T12:12:08+00:00\",\"description\":\"Gesto dei detenuti del carcere di Crotone per la \\\"Giornata della memoria e dell'impegno\\\" promossa da \\\"Libera\\\" per le vittime delle mafie.\",\"breadcrumb\":{\"@id\":\"https:\/\/progettotouring.it\/radiotouring104\/2024\/03\/22\/crotone-detenuti-del-carcere-leggono-i-nomi-vittime-innocenti-di-mafia\/#breadcrumb\"},\"inLanguage\":\"it-IT\",\"potentialAction\":[{\"@type\":\"ReadAction\",\"target\":[\"https:\/\/progettotouring.it\/radiotouring104\/2024\/03\/22\/crotone-detenuti-del-carcere-leggono-i-nomi-vittime-innocenti-di-mafia\/\"]}]},{\"@type\":\"ImageObject\",\"inLanguage\":\"it-IT\",\"@id\":\"https:\/\/progettotouring.it\/radiotouring104\/2024\/03\/22\/crotone-detenuti-del-carcere-leggono-i-nomi-vittime-innocenti-di-mafia\/#primaryimage\",\"url\":\"https:\/\/progettotouring.it\/radiotouring104\/wp-content\/uploads\/sites\/6\/2023\/06\/Carcere-Vibo.jpg\",\"contentUrl\":\"https:\/\/progettotouring.it\/radiotouring104\/wp-content\/uploads\/sites\/6\/2023\/06\/Carcere-Vibo.jpg\",\"width\":960,\"height\":539},{\"@type\":\"BreadcrumbList\",\"@id\":\"https:\/\/progettotouring.it\/radiotouring104\/2024\/03\/22\/crotone-detenuti-del-carcere-leggono-i-nomi-vittime-innocenti-di-mafia\/#breadcrumb\",\"itemListElement\":[{\"@type\":\"ListItem\",\"position\":1,\"name\":\"Home\",\"item\":\"https:\/\/progettotouring.it\/radiotouring104\/\"},{\"@type\":\"ListItem\",\"position\":2,\"name\":\"Crotone: detenuti del carcere leggono i nomi vittime innocenti di mafia\"}]},{\"@type\":\"WebSite\",\"@id\":\"https:\/\/progettotouring.it\/radiotouring104\/#website\",\"url\":\"https:\/\/progettotouring.it\/radiotouring104\/\",\"name\":\"Radio Touring 104\",\"description\":\"La prima radio Reggina\",\"publisher\":{\"@id\":\"https:\/\/progettotouring.it\/radiotouring104\/#organization\"},\"potentialAction\":[{\"@type\":\"SearchAction\",\"target\":{\"@type\":\"EntryPoint\",\"urlTemplate\":\"https:\/\/progettotouring.it\/radiotouring104\/?s={search_term_string}\"},\"query-input\":{\"@type\":\"PropertyValueSpecification\",\"valueRequired\":true,\"valueName\":\"search_term_string\"}}],\"inLanguage\":\"it-IT\"},{\"@type\":\"Organization\",\"@id\":\"https:\/\/progettotouring.it\/radiotouring104\/#organization\",\"name\":\"Radio Touring 104\",\"url\":\"https:\/\/progettotouring.it\/radiotouring104\/\",\"logo\":{\"@type\":\"ImageObject\",\"inLanguage\":\"it-IT\",\"@id\":\"https:\/\/progettotouring.it\/radiotouring104\/#\/schema\/logo\/image\/\",\"url\":\"https:\/\/progettotouring.it\/radiotouring104\/wp-content\/uploads\/sites\/6\/2022\/02\/cropped-logo-radio-touring-104.png\",\"contentUrl\":\"https:\/\/progettotouring.it\/radiotouring104\/wp-content\/uploads\/sites\/6\/2022\/02\/cropped-logo-radio-touring-104.png\",\"width\":377,\"height\":182,\"caption\":\"Radio Touring 104\"},\"image\":{\"@id\":\"https:\/\/progettotouring.it\/radiotouring104\/#\/schema\/logo\/image\/\"}},{\"@type\":\"Person\",\"@id\":\"https:\/\/progettotouring.it\/radiotouring104\/#\/schema\/person\/78613917f1851f041f7483f5af1d422e\",\"name\":\"Sebastiano Plutino\",\"image\":{\"@type\":\"ImageObject\",\"inLanguage\":\"it-IT\",\"@id\":\"https:\/\/secure.gravatar.com\/avatar\/0546ffaa9b79224faf9f2a156b67a529ae861d3287c66c1d8ccfdf909bcba78d?s=96&d=mm&r=g\",\"url\":\"https:\/\/secure.gravatar.com\/avatar\/0546ffaa9b79224faf9f2a156b67a529ae861d3287c66c1d8ccfdf909bcba78d?s=96&d=mm&r=g\",\"contentUrl\":\"https:\/\/secure.gravatar.com\/avatar\/0546ffaa9b79224faf9f2a156b67a529ae861d3287c66c1d8ccfdf909bcba78d?s=96&d=mm&r=g\",\"caption\":\"Sebastiano Plutino\"},\"url\":\"https:\/\/progettotouring.it\/radiotouring104\/author\/sebastiano\/\"}]}<\/script>\n<!-- \/ Yoast SEO plugin. -->","yoast_head_json":{"title":"Crotone: detenuti del carcere leggono i nomi vittime di mafia","description":"Gesto dei detenuti del carcere di Crotone per la \"Giornata della memoria e dell'impegno\" promossa da \"Libera\" per le vittime delle mafie.","robots":{"index":"index","follow":"follow","max-snippet":"max-snippet:-1","max-image-preview":"max-image-preview:large","max-video-preview":"max-video-preview:-1"},"canonical":"https:\/\/progettotouring.it\/radiotouring104\/2024\/03\/22\/crotone-detenuti-del-carcere-leggono-i-nomi-vittime-innocenti-di-mafia\/","og_locale":"it_IT","og_type":"article","og_title":"Crotone: detenuti del carcere leggono i nomi vittime di mafia","og_description":"Gesto dei detenuti del carcere di Crotone per la \"Giornata della memoria e dell'impegno\" promossa da \"Libera\" per le vittime delle mafie.","og_url":"https:\/\/progettotouring.it\/radiotouring104\/2024\/03\/22\/crotone-detenuti-del-carcere-leggono-i-nomi-vittime-innocenti-di-mafia\/","og_site_name":"Radio Touring 104","article_published_time":"2024-03-22T12:12:08+00:00","og_image":[{"width":960,"height":539,"url":"https:\/\/progettotouring.it\/radiotouring104\/wp-content\/uploads\/sites\/6\/2023\/06\/Carcere-Vibo.jpg","type":"image\/jpeg"}],"author":"Sebastiano Plutino","twitter_card":"summary_large_image","twitter_misc":{"Scritto da":"Sebastiano Plutino","Tempo di lettura stimato":"1 minuto"},"schema":{"@context":"https:\/\/schema.org","@graph":[{"@type":"Article","@id":"https:\/\/progettotouring.it\/radiotouring104\/2024\/03\/22\/crotone-detenuti-del-carcere-leggono-i-nomi-vittime-innocenti-di-mafia\/#article","isPartOf":{"@id":"https:\/\/progettotouring.it\/radiotouring104\/2024\/03\/22\/crotone-detenuti-del-carcere-leggono-i-nomi-vittime-innocenti-di-mafia\/"},"author":{"name":"Sebastiano Plutino","@id":"https:\/\/progettotouring.it\/radiotouring104\/#\/schema\/person\/78613917f1851f041f7483f5af1d422e"},"headline":"Crotone: detenuti del carcere leggono i nomi vittime innocenti di mafia","datePublished":"2024-03-22T12:12:08+00:00","mainEntityOfPage":{"@id":"https:\/\/progettotouring.it\/radiotouring104\/2024\/03\/22\/crotone-detenuti-del-carcere-leggono-i-nomi-vittime-innocenti-di-mafia\/"},"wordCount":242,"publisher":{"@id":"https:\/\/progettotouring.it\/radiotouring104\/#organization"},"image":{"@id":"https:\/\/progettotouring.it\/radiotouring104\/2024\/03\/22\/crotone-detenuti-del-carcere-leggono-i-nomi-vittime-innocenti-di-mafia\/#primaryimage"},"thumbnailUrl":"https:\/\/progettotouring.it\/radiotouring104\/wp-content\/uploads\/sites\/6\/2023\/06\/Carcere-Vibo.jpg","keywords":["\"Giornata della memoria e dell'impegno\"","Crotone","detenuti leggono nomi vittime di mafia"],"articleSection":["Calabria","Home","News"],"inLanguage":"it-IT"},{"@type":"WebPage","@id":"https:\/\/progettotouring.it\/radiotouring104\/2024\/03\/22\/crotone-detenuti-del-carcere-leggono-i-nomi-vittime-innocenti-di-mafia\/","url":"https:\/\/progettotouring.it\/radiotouring104\/2024\/03\/22\/crotone-detenuti-del-carcere-leggono-i-nomi-vittime-innocenti-di-mafia\/","name":"Crotone: detenuti del carcere leggono i nomi vittime di mafia","isPartOf":{"@id":"https:\/\/progettotouring.it\/radiotouring104\/#website"},"primaryImageOfPage":{"@id":"https:\/\/progettotouring.it\/radiotouring104\/2024\/03\/22\/crotone-detenuti-del-carcere-leggono-i-nomi-vittime-innocenti-di-mafia\/#primaryimage"},"image":{"@id":"https:\/\/progettotouring.it\/radiotouring104\/2024\/03\/22\/crotone-detenuti-del-carcere-leggono-i-nomi-vittime-innocenti-di-mafia\/#primaryimage"},"thumbnailUrl":"https:\/\/progettotouring.it\/radiotouring104\/wp-content\/uploads\/sites\/6\/2023\/06\/Carcere-Vibo.jpg","datePublished":"2024-03-22T12:12:08+00:00","description":"Gesto dei detenuti del carcere di Crotone per la \"Giornata della memoria e dell'impegno\" promossa da \"Libera\" per le vittime delle mafie.","breadcrumb":{"@id":"https:\/\/progettotouring.it\/radiotouring104\/2024\/03\/22\/crotone-detenuti-del-carcere-leggono-i-nomi-vittime-innocenti-di-mafia\/#breadcrumb"},"inLanguage":"it-IT","potentialAction":[{"@type":"ReadAction","target":["https:\/\/progettotouring.it\/radiotouring104\/2024\/03\/22\/crotone-detenuti-del-carcere-leggono-i-nomi-vittime-innocenti-di-mafia\/"]}]},{"@type":"ImageObject","inLanguage":"it-IT","@id":"https:\/\/progettotouring.it\/radiotouring104\/2024\/03\/22\/crotone-detenuti-del-carcere-leggono-i-nomi-vittime-innocenti-di-mafia\/#primaryimage","url":"https:\/\/progettotouring.it\/radiotouring104\/wp-content\/uploads\/sites\/6\/2023\/06\/Carcere-Vibo.jpg","contentUrl":"https:\/\/progettotouring.it\/radiotouring104\/wp-content\/uploads\/sites\/6\/2023\/06\/Carcere-Vibo.jpg","width":960,"height":539},{"@type":"BreadcrumbList","@id":"https:\/\/progettotouring.it\/radiotouring104\/2024\/03\/22\/crotone-detenuti-del-carcere-leggono-i-nomi-vittime-innocenti-di-mafia\/#breadcrumb","itemListElement":[{"@type":"ListItem","position":1,"name":"Home","item":"https:\/\/progettotouring.it\/radiotouring104\/"},{"@type":"ListItem","position":2,"name":"Crotone: detenuti del carcere leggono i nomi vittime innocenti di mafia"}]},{"@type":"WebSite","@id":"https:\/\/progettotouring.it\/radiotouring104\/#website","url":"https:\/\/progettotouring.it\/radiotouring104\/","name":"Radio Touring 104","description":"La prima radio Reggina","publisher":{"@id":"https:\/\/progettotouring.it\/radiotouring104\/#organization"},"potentialAction":[{"@type":"SearchAction","target":{"@type":"EntryPoint","urlTemplate":"https:\/\/progettotouring.it\/radiotouring104\/?s={search_term_string}"},"query-input":{"@type":"PropertyValueSpecification","valueRequired":true,"valueName":"search_term_string"}}],"inLanguage":"it-IT"},{"@type":"Organization","@id":"https:\/\/progettotouring.it\/radiotouring104\/#organization","name":"Radio Touring 104","url":"https:\/\/progettotouring.it\/radiotouring104\/","logo":{"@type":"ImageObject","inLanguage":"it-IT","@id":"https:\/\/progettotouring.it\/radiotouring104\/#\/schema\/logo\/image\/","url":"https:\/\/progettotouring.it\/radiotouring104\/wp-content\/uploads\/sites\/6\/2022\/02\/cropped-logo-radio-touring-104.png","contentUrl":"https:\/\/progettotouring.it\/radiotouring104\/wp-content\/uploads\/sites\/6\/2022\/02\/cropped-logo-radio-touring-104.png","width":377,"height":182,"caption":"Radio Touring 104"},"image":{"@id":"https:\/\/progettotouring.it\/radiotouring104\/#\/schema\/logo\/image\/"}},{"@type":"Person","@id":"https:\/\/progettotouring.it\/radiotouring104\/#\/schema\/person\/78613917f1851f041f7483f5af1d422e","name":"Sebastiano Plutino","image":{"@type":"ImageObject","inLanguage":"it-IT","@id":"https:\/\/secure.gravatar.com\/avatar\/0546ffaa9b79224faf9f2a156b67a529ae861d3287c66c1d8ccfdf909bcba78d?s=96&d=mm&r=g","url":"https:\/\/secure.gravatar.com\/avatar\/0546ffaa9b79224faf9f2a156b67a529ae861d3287c66c1d8ccfdf909bcba78d?s=96&d=mm&r=g","contentUrl":"https:\/\/secure.gravatar.com\/avatar\/0546ffaa9b79224faf9f2a156b67a529ae861d3287c66c1d8ccfdf909bcba78d?s=96&d=mm&r=g","caption":"Sebastiano Plutino"},"url":"https:\/\/progettotouring.it\/radiotouring104\/author\/sebastiano\/"}]}},"jetpack_publicize_connections":[],"jetpack_featured_media_url":"https:\/\/progettotouring.it\/radiotouring104\/wp-content\/uploads\/sites\/6\/2023\/06\/Carcere-Vibo.jpg","jetpack_sharing_enabled":true,"_links":{"self":[{"href":"https:\/\/progettotouring.it\/radiotouring104\/wp-json\/wp\/v2\/posts\/47652","targetHints":{"allow":["GET"]}}],"collection":[{"href":"https:\/\/progettotouring.it\/radiotouring104\/wp-json\/wp\/v2\/posts"}],"about":[{"href":"https:\/\/progettotouring.it\/radiotouring104\/wp-json\/wp\/v2\/types\/post"}],"author":[{"embeddable":true,"href":"https:\/\/progettotouring.it\/radiotouring104\/wp-json\/wp\/v2\/users\/12"}],"replies":[{"embeddable":true,"href":"https:\/\/progettotouring.it\/radiotouring104\/wp-json\/wp\/v2\/comments?post=47652"}],"version-history":[{"count":1,"href":"https:\/\/progettotouring.it\/radiotouring104\/wp-json\/wp\/v2\/posts\/47652\/revisions"}],"predecessor-version":[{"id":47655,"href":"https:\/\/progettotouring.it\/radiotouring104\/wp-json\/wp\/v2\/posts\/47652\/revisions\/47655"}],"wp:featuredmedia":[{"embeddable":true,"href":"https:\/\/progettotouring.it\/radiotouring104\/wp-json\/wp\/v2\/media\/27124"}],"wp:attachment":[{"href":"https:\/\/progettotouring.it\/radiotouring104\/wp-json\/wp\/v2\/media?parent=47652"}],"wp:term":[{"taxonomy":"category","embeddable":true,"href":"https:\/\/progettotouring.it\/radiotouring104\/wp-json\/wp\/v2\/categories?post=47652"},{"taxonomy":"post_tag","embeddable":true,"href":"https:\/\/progettotouring.it\/radiotouring104\/wp-json\/wp\/v2\/tags?post=47652"}],"curies":[{"name":"wp","href":"https:\/\/api.w.org\/{rel}","templated":true}]}}