{"id":47660,"date":"2024-03-22T13:29:19","date_gmt":"2024-03-22T12:29:19","guid":{"rendered":"https:\/\/progettotouring.it\/radiotouring104\/?p=47660"},"modified":"2024-03-22T13:53:31","modified_gmt":"2024-03-22T12:53:31","slug":"reggiofest-la-delibera-della-giunta-comunale","status":"publish","type":"post","link":"https:\/\/progettotouring.it\/radiotouring104\/2024\/03\/22\/reggiofest-la-delibera-della-giunta-comunale\/","title":{"rendered":"ReggioFest: la delibera della Giunta comunale"},"content":{"rendered":"<p class=\"xmprfx_MsoNormal\" style=\"text-align: justify\"><em>&#8220;Intercettare e coinvolgere differenti tipi di pubblico, ampliare la fruizione culturale, attrarre pubblico dal centro alle periferie, consolidando l\u2019immagine di una citt\u00e0 policentrica e offrendo anche visibilit\u00e0 alle tante realt\u00e0 creative e talentuose del territorio periferico della citt\u00e0&#8221;.<\/em> \u00c8 questo uno degli obiettivi fissati dall\u2019Amministrazione comunale di<strong> Reggio Calabria<\/strong> e che ha condotto la <strong>Giunta<\/strong>, presieduta dal<strong> Sindaco Giuseppe Falcomat\u00e0<\/strong>, ad approvare la proposta di deliberazione con cui il Comune reggino ha aderito all\u2019accordo di programma con il Ministero della Cultura per i progetti di attivit\u00e0 a carattere professionale nel campo dello spettacolo dal vivo.<\/p>\n<p class=\"xmprfx_MsoNormal\" style=\"text-align: justify\">La Giunta ha definito le linee di indirizzo per la successiva predisposizione degli avvisi pubblici finalizzati alla selezione dei progetti da finanziare. Tali linee rientrano nell\u2019unica cornice dell\u2019iniziativa \u201c<strong>ReggioFest<\/strong>\u201d con rassegne di spettacoli dal vivo. Vi sar\u00e0 una sezione \u201cPiccole rassegne\u201d, da realizzare nelle zone periferiche della citt\u00e0, nel mese di giugno, nonch\u00e9 una sezione \u201cGrandi rassegne\u201d da realizzare ad agosto in Piazza del Popolo, in un periodo continuativo di circa due settimane.<\/p>\n<p class=\"xmprfx_MsoNormal\" style=\"text-align: justify\">Nello specifico, per la sezione \u201c<strong>Piccole rassegne di spettacoli dal vivo\u201d denominata \u201cReggioFest: Cultura Diffusa\u201d<\/strong> \u00e8 stato individuato il periodo di programmazione compreso tra l\u2019uno e il 30 giugno 2024, nei quartieri Pellaro, Gallico, Catona e nella zona sud della citt\u00e0. Potranno essere proposti eventi, su una o pi\u00f9 giornate, che prevedono la realizzazione di attivit\u00e0 teatrali, musicali di danza e progetti multidisciplinari. Per quanto concerne la disponibilit\u00e0 finanziaria, \u00e8 previsto un contributo pari a 80.000 euro complessivi. L\u2019entit\u00e0 del contributo andr\u00e0 a coprire il 100% del costo totale del progetto, entro il limite massimo di <strong>20mila euro.<\/strong><\/p>\n<p class=\"xmprfx_MsoNormal\" style=\"text-align: justify\">Con riferimento alla sezione<strong> \u201cGrandi rassegne di spettacoli dal vivo\u201d<\/strong>, denominata <strong>\u201cReggioFest: Popolo Music Festival\u201d,<\/strong> si svolger\u00e0 nel periodo continuativo dal 29 luglio all\u201911 agosto 2024 in Piazza del Popolo. In tal caso\u00a0dovranno essere garantiti: almeno quattro concerti di musica pop leggera, uno spettacolo di teatro comico\/cabaret, un musical, un talk di promozione culturale del territorio, lasciando facolt\u00e0 all\u2019organizzatore di proporre, nelle giornate rimanenti, spettacoli di danza, arti performative. Potr\u00e0 essere prevista la bigliettazione per un massimo di due spettacoli. Sar\u00e0 data prevalenza alle proposte artistiche che prevedono artisti di rilevanza nazionale\/internazionale. Un criterio di premialit\u00e0 sar\u00e0 la proposta, in aggiunta al programma degli eventi a <strong>Piazza del Popolo,<\/strong> di laboratori capaci di valorizzare il patrimonio culturale della Citt\u00e0, anche attraverso approfondimenti ed \u201comaggi\u201d dedicati a grandi personalit\u00e0, da realizzare nelle diverse periferie della citt\u00e0. L\u2019entit\u00e0 del contributo, in questo caso, \u00e8 dell\u201980% del costo totale del progetto, entro il limite massimo di <strong>392.572,86 euro<\/strong>.<\/p>\n<p class=\"xmprfx_MsoNormal\" style=\"text-align: justify\">I beneficiari sono i soggetti finanziati nell\u2019ambito del <strong>Fondo<\/strong> nazionale per lo Spettacolo dal vivo, ovvero gli organismi professionali operanti nel settore dello spettacolo dal vivo da almeno tre anni, come risultante dagli oneri versati al Fondo pensioni lavoratori per lo spettacolo. Con la delibera dello scorso 18 marzo, la Giunta comunale intende &#8220;<em>contribuire alla tutela occupazionale degli operatori dello spettacolo, riequilibrare l\u2019offerta culturale di spettacolo dal vivo sul territorio, sostenendo la \u201cdelocalizzazione\u201d di iniziative di qualit\u00e0 al di fuori del centro cittadino, anche con la finalit\u00e0 di incidere sul contesto socioeconomico del territorio lasciando un segno che duri oltre la singola performance&#8221;.\u00a0\u00a0<\/em>Toccher\u00e0 adesso al dirigente del Settore <strong>\u201cSviluppo economico cultura turismo\u201d<\/strong> la predisposizione degli avvisi pubblici finalizzati alla selezione dei progetti da finanziare, secondo le modalit\u00e0 e i criteri individuati.<\/p>\n","protected":false},"excerpt":{"rendered":"<p>&#8220;Intercettare e coinvolgere differenti tipi di pubblico, ampliare la fruizione culturale, attrarre pubblico dal centro alle periferie, consolidando l\u2019immagine di una citt\u00e0 policentrica e offrendo anche visibilit\u00e0 alle tante realt\u00e0&hellip;<\/p>\n","protected":false},"author":8,"featured_media":31959,"comment_status":"closed","ping_status":"open","sticky":false,"template":"","format":"standard","meta":{"_jetpack_memberships_contains_paid_content":false,"footnotes":"","jetpack_publicize_message":"","jetpack_publicize_feature_enabled":true,"jetpack_social_post_already_shared":false,"jetpack_social_options":{"image_generator_settings":{"template":"highway","default_image_id":0,"font":"","enabled":false},"version":2}},"categories":[921,196,140],"tags":[29316,236,7971],"class_list":["post-47660","post","type-post","status-publish","format-standard","has-post-thumbnail","hentry","category-home","category-news","category-reggio-calabria","tag-delibera-comunale","tag-reggio-calabria","tag-reggiofest"],"yoast_head":"<!-- This site is optimized with the Yoast SEO plugin v27.2 - https:\/\/yoast.com\/product\/yoast-seo-wordpress\/ -->\n<title>ReggioFest: la delibera della Giunta comunale - Radio Touring 104<\/title>\n<meta name=\"description\" content=\"La Giunta, presieduta dal Sindaco Giuseppe Falcomat\u00e0, ha aderito al programma del Reggio FilmFest insieme il Ministero della Cultura\" \/>\n<meta name=\"robots\" content=\"index, follow, max-snippet:-1, max-image-preview:large, max-video-preview:-1\" \/>\n<link rel=\"canonical\" href=\"https:\/\/progettotouring.it\/radiotouring104\/2024\/03\/22\/reggiofest-la-delibera-della-giunta-comunale\/\" \/>\n<meta property=\"og:locale\" content=\"it_IT\" \/>\n<meta property=\"og:type\" content=\"article\" \/>\n<meta property=\"og:title\" content=\"ReggioFest: la delibera della Giunta comunale - Radio Touring 104\" \/>\n<meta property=\"og:description\" content=\"La Giunta, presieduta dal Sindaco Giuseppe Falcomat\u00e0, ha aderito al programma del Reggio FilmFest insieme il Ministero della Cultura\" \/>\n<meta property=\"og:url\" content=\"https:\/\/progettotouring.it\/radiotouring104\/2024\/03\/22\/reggiofest-la-delibera-della-giunta-comunale\/\" \/>\n<meta property=\"og:site_name\" content=\"Radio Touring 104\" \/>\n<meta property=\"article:published_time\" content=\"2024-03-22T12:29:19+00:00\" \/>\n<meta property=\"article:modified_time\" content=\"2024-03-22T12:53:31+00:00\" \/>\n<meta property=\"og:image\" content=\"https:\/\/progettotouring.it\/radiotouring104\/wp-content\/uploads\/sites\/6\/2023\/08\/reggio-film-fest.jpg\" \/>\n\t<meta property=\"og:image:width\" content=\"1057\" \/>\n\t<meta property=\"og:image:height\" content=\"711\" \/>\n\t<meta property=\"og:image:type\" content=\"image\/jpeg\" \/>\n<meta name=\"author\" content=\"Filippo Francesco Idone\" \/>\n<meta name=\"twitter:card\" content=\"summary_large_image\" \/>\n<meta name=\"twitter:label1\" content=\"Scritto da\" \/>\n\t<meta name=\"twitter:data1\" content=\"Filippo Francesco Idone\" \/>\n\t<meta name=\"twitter:label2\" content=\"Tempo di lettura stimato\" \/>\n\t<meta name=\"twitter:data2\" content=\"3 minuti\" \/>\n<script type=\"application\/ld+json\" class=\"yoast-schema-graph\">{\"@context\":\"https:\/\/schema.org\",\"@graph\":[{\"@type\":\"Article\",\"@id\":\"https:\/\/progettotouring.it\/radiotouring104\/2024\/03\/22\/reggiofest-la-delibera-della-giunta-comunale\/#article\",\"isPartOf\":{\"@id\":\"https:\/\/progettotouring.it\/radiotouring104\/2024\/03\/22\/reggiofest-la-delibera-della-giunta-comunale\/\"},\"author\":{\"name\":\"Filippo Francesco Idone\",\"@id\":\"https:\/\/progettotouring.it\/radiotouring104\/#\/schema\/person\/4a82259ca52ac8702ad1a8f9e5a3120b\"},\"headline\":\"ReggioFest: la delibera della Giunta comunale\",\"datePublished\":\"2024-03-22T12:29:19+00:00\",\"dateModified\":\"2024-03-22T12:53:31+00:00\",\"mainEntityOfPage\":{\"@id\":\"https:\/\/progettotouring.it\/radiotouring104\/2024\/03\/22\/reggiofest-la-delibera-della-giunta-comunale\/\"},\"wordCount\":561,\"publisher\":{\"@id\":\"https:\/\/progettotouring.it\/radiotouring104\/#organization\"},\"image\":{\"@id\":\"https:\/\/progettotouring.it\/radiotouring104\/2024\/03\/22\/reggiofest-la-delibera-della-giunta-comunale\/#primaryimage\"},\"thumbnailUrl\":\"https:\/\/progettotouring.it\/radiotouring104\/wp-content\/uploads\/sites\/6\/2023\/08\/reggio-film-fest.jpg\",\"keywords\":[\"delibera comunale\",\"reggio calabria\",\"ReggioFest\"],\"articleSection\":[\"Home\",\"News\",\"Reggio Calabria\"],\"inLanguage\":\"it-IT\"},{\"@type\":\"WebPage\",\"@id\":\"https:\/\/progettotouring.it\/radiotouring104\/2024\/03\/22\/reggiofest-la-delibera-della-giunta-comunale\/\",\"url\":\"https:\/\/progettotouring.it\/radiotouring104\/2024\/03\/22\/reggiofest-la-delibera-della-giunta-comunale\/\",\"name\":\"ReggioFest: la delibera della Giunta comunale - Radio Touring 104\",\"isPartOf\":{\"@id\":\"https:\/\/progettotouring.it\/radiotouring104\/#website\"},\"primaryImageOfPage\":{\"@id\":\"https:\/\/progettotouring.it\/radiotouring104\/2024\/03\/22\/reggiofest-la-delibera-della-giunta-comunale\/#primaryimage\"},\"image\":{\"@id\":\"https:\/\/progettotouring.it\/radiotouring104\/2024\/03\/22\/reggiofest-la-delibera-della-giunta-comunale\/#primaryimage\"},\"thumbnailUrl\":\"https:\/\/progettotouring.it\/radiotouring104\/wp-content\/uploads\/sites\/6\/2023\/08\/reggio-film-fest.jpg\",\"datePublished\":\"2024-03-22T12:29:19+00:00\",\"dateModified\":\"2024-03-22T12:53:31+00:00\",\"description\":\"La Giunta, presieduta dal Sindaco Giuseppe Falcomat\u00e0, ha aderito al programma del Reggio FilmFest insieme il Ministero della Cultura\",\"breadcrumb\":{\"@id\":\"https:\/\/progettotouring.it\/radiotouring104\/2024\/03\/22\/reggiofest-la-delibera-della-giunta-comunale\/#breadcrumb\"},\"inLanguage\":\"it-IT\",\"potentialAction\":[{\"@type\":\"ReadAction\",\"target\":[\"https:\/\/progettotouring.it\/radiotouring104\/2024\/03\/22\/reggiofest-la-delibera-della-giunta-comunale\/\"]}]},{\"@type\":\"ImageObject\",\"inLanguage\":\"it-IT\",\"@id\":\"https:\/\/progettotouring.it\/radiotouring104\/2024\/03\/22\/reggiofest-la-delibera-della-giunta-comunale\/#primaryimage\",\"url\":\"https:\/\/progettotouring.it\/radiotouring104\/wp-content\/uploads\/sites\/6\/2023\/08\/reggio-film-fest.jpg\",\"contentUrl\":\"https:\/\/progettotouring.it\/radiotouring104\/wp-content\/uploads\/sites\/6\/2023\/08\/reggio-film-fest.jpg\",\"width\":1057,\"height\":711},{\"@type\":\"BreadcrumbList\",\"@id\":\"https:\/\/progettotouring.it\/radiotouring104\/2024\/03\/22\/reggiofest-la-delibera-della-giunta-comunale\/#breadcrumb\",\"itemListElement\":[{\"@type\":\"ListItem\",\"position\":1,\"name\":\"Home\",\"item\":\"https:\/\/progettotouring.it\/radiotouring104\/\"},{\"@type\":\"ListItem\",\"position\":2,\"name\":\"ReggioFest: la delibera della Giunta comunale\"}]},{\"@type\":\"WebSite\",\"@id\":\"https:\/\/progettotouring.it\/radiotouring104\/#website\",\"url\":\"https:\/\/progettotouring.it\/radiotouring104\/\",\"name\":\"Radio Touring 104\",\"description\":\"La prima radio Reggina\",\"publisher\":{\"@id\":\"https:\/\/progettotouring.it\/radiotouring104\/#organization\"},\"potentialAction\":[{\"@type\":\"SearchAction\",\"target\":{\"@type\":\"EntryPoint\",\"urlTemplate\":\"https:\/\/progettotouring.it\/radiotouring104\/?s={search_term_string}\"},\"query-input\":{\"@type\":\"PropertyValueSpecification\",\"valueRequired\":true,\"valueName\":\"search_term_string\"}}],\"inLanguage\":\"it-IT\"},{\"@type\":\"Organization\",\"@id\":\"https:\/\/progettotouring.it\/radiotouring104\/#organization\",\"name\":\"Radio Touring 104\",\"url\":\"https:\/\/progettotouring.it\/radiotouring104\/\",\"logo\":{\"@type\":\"ImageObject\",\"inLanguage\":\"it-IT\",\"@id\":\"https:\/\/progettotouring.it\/radiotouring104\/#\/schema\/logo\/image\/\",\"url\":\"https:\/\/progettotouring.it\/radiotouring104\/wp-content\/uploads\/sites\/6\/2022\/02\/cropped-logo-radio-touring-104.png\",\"contentUrl\":\"https:\/\/progettotouring.it\/radiotouring104\/wp-content\/uploads\/sites\/6\/2022\/02\/cropped-logo-radio-touring-104.png\",\"width\":377,\"height\":182,\"caption\":\"Radio Touring 104\"},\"image\":{\"@id\":\"https:\/\/progettotouring.it\/radiotouring104\/#\/schema\/logo\/image\/\"}},{\"@type\":\"Person\",\"@id\":\"https:\/\/progettotouring.it\/radiotouring104\/#\/schema\/person\/4a82259ca52ac8702ad1a8f9e5a3120b\",\"name\":\"Filippo Francesco Idone\",\"image\":{\"@type\":\"ImageObject\",\"inLanguage\":\"it-IT\",\"@id\":\"https:\/\/secure.gravatar.com\/avatar\/7268715d2366395c3dd314385670e6484117d44f5c442e61e230f7008b7b62d3?s=96&d=mm&r=g\",\"url\":\"https:\/\/secure.gravatar.com\/avatar\/7268715d2366395c3dd314385670e6484117d44f5c442e61e230f7008b7b62d3?s=96&d=mm&r=g\",\"contentUrl\":\"https:\/\/secure.gravatar.com\/avatar\/7268715d2366395c3dd314385670e6484117d44f5c442e61e230f7008b7b62d3?s=96&d=mm&r=g\",\"caption\":\"Filippo Francesco Idone\"},\"url\":\"https:\/\/progettotouring.it\/radiotouring104\/author\/filippoidone\/\"}]}<\/script>\n<!-- \/ Yoast SEO plugin. -->","yoast_head_json":{"title":"ReggioFest: la delibera della Giunta comunale - Radio Touring 104","description":"La Giunta, presieduta dal Sindaco Giuseppe Falcomat\u00e0, ha aderito al programma del Reggio FilmFest insieme il Ministero della Cultura","robots":{"index":"index","follow":"follow","max-snippet":"max-snippet:-1","max-image-preview":"max-image-preview:large","max-video-preview":"max-video-preview:-1"},"canonical":"https:\/\/progettotouring.it\/radiotouring104\/2024\/03\/22\/reggiofest-la-delibera-della-giunta-comunale\/","og_locale":"it_IT","og_type":"article","og_title":"ReggioFest: la delibera della Giunta comunale - Radio Touring 104","og_description":"La Giunta, presieduta dal Sindaco Giuseppe Falcomat\u00e0, ha aderito al programma del Reggio FilmFest insieme il Ministero della Cultura","og_url":"https:\/\/progettotouring.it\/radiotouring104\/2024\/03\/22\/reggiofest-la-delibera-della-giunta-comunale\/","og_site_name":"Radio Touring 104","article_published_time":"2024-03-22T12:29:19+00:00","article_modified_time":"2024-03-22T12:53:31+00:00","og_image":[{"width":1057,"height":711,"url":"https:\/\/progettotouring.it\/radiotouring104\/wp-content\/uploads\/sites\/6\/2023\/08\/reggio-film-fest.jpg","type":"image\/jpeg"}],"author":"Filippo Francesco Idone","twitter_card":"summary_large_image","twitter_misc":{"Scritto da":"Filippo Francesco Idone","Tempo di lettura stimato":"3 minuti"},"schema":{"@context":"https:\/\/schema.org","@graph":[{"@type":"Article","@id":"https:\/\/progettotouring.it\/radiotouring104\/2024\/03\/22\/reggiofest-la-delibera-della-giunta-comunale\/#article","isPartOf":{"@id":"https:\/\/progettotouring.it\/radiotouring104\/2024\/03\/22\/reggiofest-la-delibera-della-giunta-comunale\/"},"author":{"name":"Filippo Francesco Idone","@id":"https:\/\/progettotouring.it\/radiotouring104\/#\/schema\/person\/4a82259ca52ac8702ad1a8f9e5a3120b"},"headline":"ReggioFest: la delibera della Giunta comunale","datePublished":"2024-03-22T12:29:19+00:00","dateModified":"2024-03-22T12:53:31+00:00","mainEntityOfPage":{"@id":"https:\/\/progettotouring.it\/radiotouring104\/2024\/03\/22\/reggiofest-la-delibera-della-giunta-comunale\/"},"wordCount":561,"publisher":{"@id":"https:\/\/progettotouring.it\/radiotouring104\/#organization"},"image":{"@id":"https:\/\/progettotouring.it\/radiotouring104\/2024\/03\/22\/reggiofest-la-delibera-della-giunta-comunale\/#primaryimage"},"thumbnailUrl":"https:\/\/progettotouring.it\/radiotouring104\/wp-content\/uploads\/sites\/6\/2023\/08\/reggio-film-fest.jpg","keywords":["delibera comunale","reggio calabria","ReggioFest"],"articleSection":["Home","News","Reggio Calabria"],"inLanguage":"it-IT"},{"@type":"WebPage","@id":"https:\/\/progettotouring.it\/radiotouring104\/2024\/03\/22\/reggiofest-la-delibera-della-giunta-comunale\/","url":"https:\/\/progettotouring.it\/radiotouring104\/2024\/03\/22\/reggiofest-la-delibera-della-giunta-comunale\/","name":"ReggioFest: la delibera della Giunta comunale - Radio Touring 104","isPartOf":{"@id":"https:\/\/progettotouring.it\/radiotouring104\/#website"},"primaryImageOfPage":{"@id":"https:\/\/progettotouring.it\/radiotouring104\/2024\/03\/22\/reggiofest-la-delibera-della-giunta-comunale\/#primaryimage"},"image":{"@id":"https:\/\/progettotouring.it\/radiotouring104\/2024\/03\/22\/reggiofest-la-delibera-della-giunta-comunale\/#primaryimage"},"thumbnailUrl":"https:\/\/progettotouring.it\/radiotouring104\/wp-content\/uploads\/sites\/6\/2023\/08\/reggio-film-fest.jpg","datePublished":"2024-03-22T12:29:19+00:00","dateModified":"2024-03-22T12:53:31+00:00","description":"La Giunta, presieduta dal Sindaco Giuseppe Falcomat\u00e0, ha aderito al programma del Reggio FilmFest insieme il Ministero della Cultura","breadcrumb":{"@id":"https:\/\/progettotouring.it\/radiotouring104\/2024\/03\/22\/reggiofest-la-delibera-della-giunta-comunale\/#breadcrumb"},"inLanguage":"it-IT","potentialAction":[{"@type":"ReadAction","target":["https:\/\/progettotouring.it\/radiotouring104\/2024\/03\/22\/reggiofest-la-delibera-della-giunta-comunale\/"]}]},{"@type":"ImageObject","inLanguage":"it-IT","@id":"https:\/\/progettotouring.it\/radiotouring104\/2024\/03\/22\/reggiofest-la-delibera-della-giunta-comunale\/#primaryimage","url":"https:\/\/progettotouring.it\/radiotouring104\/wp-content\/uploads\/sites\/6\/2023\/08\/reggio-film-fest.jpg","contentUrl":"https:\/\/progettotouring.it\/radiotouring104\/wp-content\/uploads\/sites\/6\/2023\/08\/reggio-film-fest.jpg","width":1057,"height":711},{"@type":"BreadcrumbList","@id":"https:\/\/progettotouring.it\/radiotouring104\/2024\/03\/22\/reggiofest-la-delibera-della-giunta-comunale\/#breadcrumb","itemListElement":[{"@type":"ListItem","position":1,"name":"Home","item":"https:\/\/progettotouring.it\/radiotouring104\/"},{"@type":"ListItem","position":2,"name":"ReggioFest: la delibera della Giunta comunale"}]},{"@type":"WebSite","@id":"https:\/\/progettotouring.it\/radiotouring104\/#website","url":"https:\/\/progettotouring.it\/radiotouring104\/","name":"Radio Touring 104","description":"La prima radio Reggina","publisher":{"@id":"https:\/\/progettotouring.it\/radiotouring104\/#organization"},"potentialAction":[{"@type":"SearchAction","target":{"@type":"EntryPoint","urlTemplate":"https:\/\/progettotouring.it\/radiotouring104\/?s={search_term_string}"},"query-input":{"@type":"PropertyValueSpecification","valueRequired":true,"valueName":"search_term_string"}}],"inLanguage":"it-IT"},{"@type":"Organization","@id":"https:\/\/progettotouring.it\/radiotouring104\/#organization","name":"Radio Touring 104","url":"https:\/\/progettotouring.it\/radiotouring104\/","logo":{"@type":"ImageObject","inLanguage":"it-IT","@id":"https:\/\/progettotouring.it\/radiotouring104\/#\/schema\/logo\/image\/","url":"https:\/\/progettotouring.it\/radiotouring104\/wp-content\/uploads\/sites\/6\/2022\/02\/cropped-logo-radio-touring-104.png","contentUrl":"https:\/\/progettotouring.it\/radiotouring104\/wp-content\/uploads\/sites\/6\/2022\/02\/cropped-logo-radio-touring-104.png","width":377,"height":182,"caption":"Radio Touring 104"},"image":{"@id":"https:\/\/progettotouring.it\/radiotouring104\/#\/schema\/logo\/image\/"}},{"@type":"Person","@id":"https:\/\/progettotouring.it\/radiotouring104\/#\/schema\/person\/4a82259ca52ac8702ad1a8f9e5a3120b","name":"Filippo Francesco Idone","image":{"@type":"ImageObject","inLanguage":"it-IT","@id":"https:\/\/secure.gravatar.com\/avatar\/7268715d2366395c3dd314385670e6484117d44f5c442e61e230f7008b7b62d3?s=96&d=mm&r=g","url":"https:\/\/secure.gravatar.com\/avatar\/7268715d2366395c3dd314385670e6484117d44f5c442e61e230f7008b7b62d3?s=96&d=mm&r=g","contentUrl":"https:\/\/secure.gravatar.com\/avatar\/7268715d2366395c3dd314385670e6484117d44f5c442e61e230f7008b7b62d3?s=96&d=mm&r=g","caption":"Filippo Francesco Idone"},"url":"https:\/\/progettotouring.it\/radiotouring104\/author\/filippoidone\/"}]}},"jetpack_publicize_connections":[],"jetpack_featured_media_url":"https:\/\/progettotouring.it\/radiotouring104\/wp-content\/uploads\/sites\/6\/2023\/08\/reggio-film-fest.jpg","jetpack_sharing_enabled":true,"_links":{"self":[{"href":"https:\/\/progettotouring.it\/radiotouring104\/wp-json\/wp\/v2\/posts\/47660","targetHints":{"allow":["GET"]}}],"collection":[{"href":"https:\/\/progettotouring.it\/radiotouring104\/wp-json\/wp\/v2\/posts"}],"about":[{"href":"https:\/\/progettotouring.it\/radiotouring104\/wp-json\/wp\/v2\/types\/post"}],"author":[{"embeddable":true,"href":"https:\/\/progettotouring.it\/radiotouring104\/wp-json\/wp\/v2\/users\/8"}],"replies":[{"embeddable":true,"href":"https:\/\/progettotouring.it\/radiotouring104\/wp-json\/wp\/v2\/comments?post=47660"}],"version-history":[{"count":1,"href":"https:\/\/progettotouring.it\/radiotouring104\/wp-json\/wp\/v2\/posts\/47660\/revisions"}],"predecessor-version":[{"id":47661,"href":"https:\/\/progettotouring.it\/radiotouring104\/wp-json\/wp\/v2\/posts\/47660\/revisions\/47661"}],"wp:featuredmedia":[{"embeddable":true,"href":"https:\/\/progettotouring.it\/radiotouring104\/wp-json\/wp\/v2\/media\/31959"}],"wp:attachment":[{"href":"https:\/\/progettotouring.it\/radiotouring104\/wp-json\/wp\/v2\/media?parent=47660"}],"wp:term":[{"taxonomy":"category","embeddable":true,"href":"https:\/\/progettotouring.it\/radiotouring104\/wp-json\/wp\/v2\/categories?post=47660"},{"taxonomy":"post_tag","embeddable":true,"href":"https:\/\/progettotouring.it\/radiotouring104\/wp-json\/wp\/v2\/tags?post=47660"}],"curies":[{"name":"wp","href":"https:\/\/api.w.org\/{rel}","templated":true}]}}