{"id":47662,"date":"2024-03-22T13:41:44","date_gmt":"2024-03-22T12:41:44","guid":{"rendered":"https:\/\/progettotouring.it\/radiotouring104\/?p=47662"},"modified":"2024-03-22T13:56:47","modified_gmt":"2024-03-22T12:56:47","slug":"camera-commercio-cosenza-cresce-il-numero-delle-imprese","status":"publish","type":"post","link":"https:\/\/progettotouring.it\/radiotouring104\/2024\/03\/22\/camera-commercio-cosenza-cresce-il-numero-delle-imprese\/","title":{"rendered":"Camera Commercio Cosenza: cresce il numero delle imprese"},"content":{"rendered":"<p style=\"text-align: justify\">Crescono le nuove iscrizioni nel 2023 (+4,60%) e rimangono stabili le chiusure (0,19%), anche se i settori trainanti del commercio e della manifattura soffrono. Il tasso di natimortalit\u00e0 provinciale \u00e8 passato dallo 0,51% di fine 2022 all\u2019attuale +0,71%, in linea con quello nazionale (0,70%) e superiore a quello regionale (0,65%). A tale tasso \u00e8 corrisposto un aumento quantitativo del tessuto imprenditoriale che ha raggiunto le <strong>81.840<\/strong> localizzazioni (+452 sedi di impresa in provincia, + 864 unit\u00e0 se si considerano anche le unit\u00e0 locali).<\/p>\n<p style=\"text-align: justify\">Tuttavia, alla crescita \u201cquantitativa\u201d non segue una tenuta \u201cqualitativa\u201d del sistema produttivo. Da un punto di vista demografico infatti, tutti i settori \u201ctrainanti\u201d nel 2023 hanno sofferto: Il Commercio ha registrato una riduzione dello stock pari al -0,46% (-0,59% Italia) dovuto soprattutto alla riduzione degli esercenti al dettaglio di -98 unit\u00e0. L\u2019industria (manifatturiero e pubblic utilities) ha registrato una riduzione del -2,76% (-0,62% Italia), mentre Agricoltura e Costruzioni hanno fatto registrare incrementi inferiori alle aspettative (rispettivamente +0,13% e +0,6%).<\/p>\n<p style=\"text-align: justify\">Tra i \u201csettori trainanti\u201d a registrare una tenuta migliore \u00e8 quello delle attivit\u00e0 dei servizi di alloggio e ristorazione (+2% l\u2019incremento dello stock rispetto al 2022) anche se l\u2019incremento \u00e8 dovuto soprattutto alla crescita delle attivit\u00e0 di <strong>\u201caffittacamere per brevi soggiorni, case vacanze, B&amp;B, residence\u201d. <\/strong>A trainare quindi la suddetta crescita quantitativa sono i \u201cservizi\u201d, in particolare la \u201cconsulenza amministrativo-gestionale\u201d, i servizi degli studi ingegneristici e di architettura, i servizi di \u201cAffitto e gestione di immobili di propriet\u00e0 o in leasing\u201d, la \u201cmanutenzione non specializzata degli edifici\u201d ed il \u201cNoleggio di autovetture e autoveicoli leggeri\u201d. Concludendo, nonostante uno scenario economico caratterizzato da inflazione e tensioni geopolitiche, il tessuto produttivo cosentino pur soffrendo rimane \u201cvivace\u201d, facendo registrare un incremento delle imprese registrate dello 0,66% rispetto al 2022, dato in controtendenza all\u2019andamento nazionale, dove si \u00e8 registrata una riduzione dello stock totale delle imprese (-1,03% rispetto al 2022) sceso sotto le 6 milioni di unit\u00e0 (5.957.137), valore che non si registrava cos\u00ec basso dal 2003.<\/p>\n<p>&nbsp;<\/p>\n","protected":false},"excerpt":{"rendered":"<p>Crescono le nuove iscrizioni nel 2023 (+4,60%) e rimangono stabili le chiusure (0,19%), anche se i settori trainanti del commercio e della manifattura soffrono. Il tasso di natimortalit\u00e0 provinciale \u00e8&hellip;<\/p>\n","protected":false},"author":8,"featured_media":20118,"comment_status":"closed","ping_status":"open","sticky":false,"template":"","format":"standard","meta":{"_jetpack_memberships_contains_paid_content":false,"footnotes":"","jetpack_publicize_message":"","jetpack_publicize_feature_enabled":true,"jetpack_social_post_already_shared":false,"jetpack_social_options":{"image_generator_settings":{"template":"highway","default_image_id":0,"font":"","enabled":false},"version":2}},"categories":[142,921,196],"tags":[13074],"class_list":["post-47662","post","type-post","status-publish","format-standard","has-post-thumbnail","hentry","category-calabria","category-home","category-news","tag-camera-commercio-cosenza"],"yoast_head":"<!-- This site is optimized with the Yoast SEO plugin v27.2 - https:\/\/yoast.com\/product\/yoast-seo-wordpress\/ -->\n<title>Camera Commercio Cosenza: cresce il numero delle imprese - Radio Touring 104<\/title>\n<meta name=\"description\" content=\"Crescono le nuove iscrizioni delle imprese di Cosenza nel 2023. A comunicarlo \u00e8 stata la Camera di Commercio\" \/>\n<meta name=\"robots\" content=\"index, follow, max-snippet:-1, max-image-preview:large, max-video-preview:-1\" \/>\n<link rel=\"canonical\" href=\"https:\/\/progettotouring.it\/radiotouring104\/2024\/03\/22\/camera-commercio-cosenza-cresce-il-numero-delle-imprese\/\" \/>\n<meta property=\"og:locale\" content=\"it_IT\" \/>\n<meta property=\"og:type\" content=\"article\" \/>\n<meta property=\"og:title\" content=\"Camera Commercio Cosenza: cresce il numero delle imprese - Radio Touring 104\" \/>\n<meta property=\"og:description\" content=\"Crescono le nuove iscrizioni delle imprese di Cosenza nel 2023. A comunicarlo \u00e8 stata la Camera di Commercio\" \/>\n<meta property=\"og:url\" content=\"https:\/\/progettotouring.it\/radiotouring104\/2024\/03\/22\/camera-commercio-cosenza-cresce-il-numero-delle-imprese\/\" \/>\n<meta property=\"og:site_name\" content=\"Radio Touring 104\" \/>\n<meta property=\"article:published_time\" content=\"2024-03-22T12:41:44+00:00\" \/>\n<meta property=\"article:modified_time\" content=\"2024-03-22T12:56:47+00:00\" \/>\n<meta property=\"og:image\" content=\"https:\/\/progettotouring.it\/radiotouring104\/wp-content\/uploads\/sites\/6\/2023\/03\/camera-commercio-cosenza.jpg\" \/>\n\t<meta property=\"og:image:width\" content=\"956\" \/>\n\t<meta property=\"og:image:height\" content=\"751\" \/>\n\t<meta property=\"og:image:type\" content=\"image\/jpeg\" \/>\n<meta name=\"author\" content=\"Filippo Francesco Idone\" \/>\n<meta name=\"twitter:card\" content=\"summary_large_image\" \/>\n<meta name=\"twitter:label1\" content=\"Scritto da\" \/>\n\t<meta name=\"twitter:data1\" content=\"Filippo Francesco Idone\" \/>\n\t<meta name=\"twitter:label2\" content=\"Tempo di lettura stimato\" \/>\n\t<meta name=\"twitter:data2\" content=\"2 minuti\" \/>\n<script type=\"application\/ld+json\" class=\"yoast-schema-graph\">{\"@context\":\"https:\/\/schema.org\",\"@graph\":[{\"@type\":\"Article\",\"@id\":\"https:\/\/progettotouring.it\/radiotouring104\/2024\/03\/22\/camera-commercio-cosenza-cresce-il-numero-delle-imprese\/#article\",\"isPartOf\":{\"@id\":\"https:\/\/progettotouring.it\/radiotouring104\/2024\/03\/22\/camera-commercio-cosenza-cresce-il-numero-delle-imprese\/\"},\"author\":{\"name\":\"Filippo Francesco Idone\",\"@id\":\"https:\/\/progettotouring.it\/radiotouring104\/#\/schema\/person\/4a82259ca52ac8702ad1a8f9e5a3120b\"},\"headline\":\"Camera Commercio Cosenza: cresce il numero delle imprese\",\"datePublished\":\"2024-03-22T12:41:44+00:00\",\"dateModified\":\"2024-03-22T12:56:47+00:00\",\"mainEntityOfPage\":{\"@id\":\"https:\/\/progettotouring.it\/radiotouring104\/2024\/03\/22\/camera-commercio-cosenza-cresce-il-numero-delle-imprese\/\"},\"wordCount\":313,\"publisher\":{\"@id\":\"https:\/\/progettotouring.it\/radiotouring104\/#organization\"},\"image\":{\"@id\":\"https:\/\/progettotouring.it\/radiotouring104\/2024\/03\/22\/camera-commercio-cosenza-cresce-il-numero-delle-imprese\/#primaryimage\"},\"thumbnailUrl\":\"https:\/\/progettotouring.it\/radiotouring104\/wp-content\/uploads\/sites\/6\/2023\/03\/camera-commercio-cosenza.jpg\",\"keywords\":[\"camera commercio cosenza\"],\"articleSection\":[\"Calabria\",\"Home\",\"News\"],\"inLanguage\":\"it-IT\"},{\"@type\":\"WebPage\",\"@id\":\"https:\/\/progettotouring.it\/radiotouring104\/2024\/03\/22\/camera-commercio-cosenza-cresce-il-numero-delle-imprese\/\",\"url\":\"https:\/\/progettotouring.it\/radiotouring104\/2024\/03\/22\/camera-commercio-cosenza-cresce-il-numero-delle-imprese\/\",\"name\":\"Camera Commercio Cosenza: cresce il numero delle imprese - Radio Touring 104\",\"isPartOf\":{\"@id\":\"https:\/\/progettotouring.it\/radiotouring104\/#website\"},\"primaryImageOfPage\":{\"@id\":\"https:\/\/progettotouring.it\/radiotouring104\/2024\/03\/22\/camera-commercio-cosenza-cresce-il-numero-delle-imprese\/#primaryimage\"},\"image\":{\"@id\":\"https:\/\/progettotouring.it\/radiotouring104\/2024\/03\/22\/camera-commercio-cosenza-cresce-il-numero-delle-imprese\/#primaryimage\"},\"thumbnailUrl\":\"https:\/\/progettotouring.it\/radiotouring104\/wp-content\/uploads\/sites\/6\/2023\/03\/camera-commercio-cosenza.jpg\",\"datePublished\":\"2024-03-22T12:41:44+00:00\",\"dateModified\":\"2024-03-22T12:56:47+00:00\",\"description\":\"Crescono le nuove iscrizioni delle imprese di Cosenza nel 2023. A comunicarlo \u00e8 stata la Camera di Commercio\",\"breadcrumb\":{\"@id\":\"https:\/\/progettotouring.it\/radiotouring104\/2024\/03\/22\/camera-commercio-cosenza-cresce-il-numero-delle-imprese\/#breadcrumb\"},\"inLanguage\":\"it-IT\",\"potentialAction\":[{\"@type\":\"ReadAction\",\"target\":[\"https:\/\/progettotouring.it\/radiotouring104\/2024\/03\/22\/camera-commercio-cosenza-cresce-il-numero-delle-imprese\/\"]}]},{\"@type\":\"ImageObject\",\"inLanguage\":\"it-IT\",\"@id\":\"https:\/\/progettotouring.it\/radiotouring104\/2024\/03\/22\/camera-commercio-cosenza-cresce-il-numero-delle-imprese\/#primaryimage\",\"url\":\"https:\/\/progettotouring.it\/radiotouring104\/wp-content\/uploads\/sites\/6\/2023\/03\/camera-commercio-cosenza.jpg\",\"contentUrl\":\"https:\/\/progettotouring.it\/radiotouring104\/wp-content\/uploads\/sites\/6\/2023\/03\/camera-commercio-cosenza.jpg\",\"width\":956,\"height\":751},{\"@type\":\"BreadcrumbList\",\"@id\":\"https:\/\/progettotouring.it\/radiotouring104\/2024\/03\/22\/camera-commercio-cosenza-cresce-il-numero-delle-imprese\/#breadcrumb\",\"itemListElement\":[{\"@type\":\"ListItem\",\"position\":1,\"name\":\"Home\",\"item\":\"https:\/\/progettotouring.it\/radiotouring104\/\"},{\"@type\":\"ListItem\",\"position\":2,\"name\":\"Camera Commercio Cosenza: cresce il numero delle imprese\"}]},{\"@type\":\"WebSite\",\"@id\":\"https:\/\/progettotouring.it\/radiotouring104\/#website\",\"url\":\"https:\/\/progettotouring.it\/radiotouring104\/\",\"name\":\"Radio Touring 104\",\"description\":\"La prima radio Reggina\",\"publisher\":{\"@id\":\"https:\/\/progettotouring.it\/radiotouring104\/#organization\"},\"potentialAction\":[{\"@type\":\"SearchAction\",\"target\":{\"@type\":\"EntryPoint\",\"urlTemplate\":\"https:\/\/progettotouring.it\/radiotouring104\/?s={search_term_string}\"},\"query-input\":{\"@type\":\"PropertyValueSpecification\",\"valueRequired\":true,\"valueName\":\"search_term_string\"}}],\"inLanguage\":\"it-IT\"},{\"@type\":\"Organization\",\"@id\":\"https:\/\/progettotouring.it\/radiotouring104\/#organization\",\"name\":\"Radio Touring 104\",\"url\":\"https:\/\/progettotouring.it\/radiotouring104\/\",\"logo\":{\"@type\":\"ImageObject\",\"inLanguage\":\"it-IT\",\"@id\":\"https:\/\/progettotouring.it\/radiotouring104\/#\/schema\/logo\/image\/\",\"url\":\"https:\/\/progettotouring.it\/radiotouring104\/wp-content\/uploads\/sites\/6\/2022\/02\/cropped-logo-radio-touring-104.png\",\"contentUrl\":\"https:\/\/progettotouring.it\/radiotouring104\/wp-content\/uploads\/sites\/6\/2022\/02\/cropped-logo-radio-touring-104.png\",\"width\":377,\"height\":182,\"caption\":\"Radio Touring 104\"},\"image\":{\"@id\":\"https:\/\/progettotouring.it\/radiotouring104\/#\/schema\/logo\/image\/\"}},{\"@type\":\"Person\",\"@id\":\"https:\/\/progettotouring.it\/radiotouring104\/#\/schema\/person\/4a82259ca52ac8702ad1a8f9e5a3120b\",\"name\":\"Filippo Francesco Idone\",\"image\":{\"@type\":\"ImageObject\",\"inLanguage\":\"it-IT\",\"@id\":\"https:\/\/secure.gravatar.com\/avatar\/7268715d2366395c3dd314385670e6484117d44f5c442e61e230f7008b7b62d3?s=96&d=mm&r=g\",\"url\":\"https:\/\/secure.gravatar.com\/avatar\/7268715d2366395c3dd314385670e6484117d44f5c442e61e230f7008b7b62d3?s=96&d=mm&r=g\",\"contentUrl\":\"https:\/\/secure.gravatar.com\/avatar\/7268715d2366395c3dd314385670e6484117d44f5c442e61e230f7008b7b62d3?s=96&d=mm&r=g\",\"caption\":\"Filippo Francesco Idone\"},\"url\":\"https:\/\/progettotouring.it\/radiotouring104\/author\/filippoidone\/\"}]}<\/script>\n<!-- \/ Yoast SEO plugin. -->","yoast_head_json":{"title":"Camera Commercio Cosenza: cresce il numero delle imprese - Radio Touring 104","description":"Crescono le nuove iscrizioni delle imprese di Cosenza nel 2023. A comunicarlo \u00e8 stata la Camera di Commercio","robots":{"index":"index","follow":"follow","max-snippet":"max-snippet:-1","max-image-preview":"max-image-preview:large","max-video-preview":"max-video-preview:-1"},"canonical":"https:\/\/progettotouring.it\/radiotouring104\/2024\/03\/22\/camera-commercio-cosenza-cresce-il-numero-delle-imprese\/","og_locale":"it_IT","og_type":"article","og_title":"Camera Commercio Cosenza: cresce il numero delle imprese - Radio Touring 104","og_description":"Crescono le nuove iscrizioni delle imprese di Cosenza nel 2023. A comunicarlo \u00e8 stata la Camera di Commercio","og_url":"https:\/\/progettotouring.it\/radiotouring104\/2024\/03\/22\/camera-commercio-cosenza-cresce-il-numero-delle-imprese\/","og_site_name":"Radio Touring 104","article_published_time":"2024-03-22T12:41:44+00:00","article_modified_time":"2024-03-22T12:56:47+00:00","og_image":[{"width":956,"height":751,"url":"https:\/\/progettotouring.it\/radiotouring104\/wp-content\/uploads\/sites\/6\/2023\/03\/camera-commercio-cosenza.jpg","type":"image\/jpeg"}],"author":"Filippo Francesco Idone","twitter_card":"summary_large_image","twitter_misc":{"Scritto da":"Filippo Francesco Idone","Tempo di lettura stimato":"2 minuti"},"schema":{"@context":"https:\/\/schema.org","@graph":[{"@type":"Article","@id":"https:\/\/progettotouring.it\/radiotouring104\/2024\/03\/22\/camera-commercio-cosenza-cresce-il-numero-delle-imprese\/#article","isPartOf":{"@id":"https:\/\/progettotouring.it\/radiotouring104\/2024\/03\/22\/camera-commercio-cosenza-cresce-il-numero-delle-imprese\/"},"author":{"name":"Filippo Francesco Idone","@id":"https:\/\/progettotouring.it\/radiotouring104\/#\/schema\/person\/4a82259ca52ac8702ad1a8f9e5a3120b"},"headline":"Camera Commercio Cosenza: cresce il numero delle imprese","datePublished":"2024-03-22T12:41:44+00:00","dateModified":"2024-03-22T12:56:47+00:00","mainEntityOfPage":{"@id":"https:\/\/progettotouring.it\/radiotouring104\/2024\/03\/22\/camera-commercio-cosenza-cresce-il-numero-delle-imprese\/"},"wordCount":313,"publisher":{"@id":"https:\/\/progettotouring.it\/radiotouring104\/#organization"},"image":{"@id":"https:\/\/progettotouring.it\/radiotouring104\/2024\/03\/22\/camera-commercio-cosenza-cresce-il-numero-delle-imprese\/#primaryimage"},"thumbnailUrl":"https:\/\/progettotouring.it\/radiotouring104\/wp-content\/uploads\/sites\/6\/2023\/03\/camera-commercio-cosenza.jpg","keywords":["camera commercio cosenza"],"articleSection":["Calabria","Home","News"],"inLanguage":"it-IT"},{"@type":"WebPage","@id":"https:\/\/progettotouring.it\/radiotouring104\/2024\/03\/22\/camera-commercio-cosenza-cresce-il-numero-delle-imprese\/","url":"https:\/\/progettotouring.it\/radiotouring104\/2024\/03\/22\/camera-commercio-cosenza-cresce-il-numero-delle-imprese\/","name":"Camera Commercio Cosenza: cresce il numero delle imprese - Radio Touring 104","isPartOf":{"@id":"https:\/\/progettotouring.it\/radiotouring104\/#website"},"primaryImageOfPage":{"@id":"https:\/\/progettotouring.it\/radiotouring104\/2024\/03\/22\/camera-commercio-cosenza-cresce-il-numero-delle-imprese\/#primaryimage"},"image":{"@id":"https:\/\/progettotouring.it\/radiotouring104\/2024\/03\/22\/camera-commercio-cosenza-cresce-il-numero-delle-imprese\/#primaryimage"},"thumbnailUrl":"https:\/\/progettotouring.it\/radiotouring104\/wp-content\/uploads\/sites\/6\/2023\/03\/camera-commercio-cosenza.jpg","datePublished":"2024-03-22T12:41:44+00:00","dateModified":"2024-03-22T12:56:47+00:00","description":"Crescono le nuove iscrizioni delle imprese di Cosenza nel 2023. A comunicarlo \u00e8 stata la Camera di Commercio","breadcrumb":{"@id":"https:\/\/progettotouring.it\/radiotouring104\/2024\/03\/22\/camera-commercio-cosenza-cresce-il-numero-delle-imprese\/#breadcrumb"},"inLanguage":"it-IT","potentialAction":[{"@type":"ReadAction","target":["https:\/\/progettotouring.it\/radiotouring104\/2024\/03\/22\/camera-commercio-cosenza-cresce-il-numero-delle-imprese\/"]}]},{"@type":"ImageObject","inLanguage":"it-IT","@id":"https:\/\/progettotouring.it\/radiotouring104\/2024\/03\/22\/camera-commercio-cosenza-cresce-il-numero-delle-imprese\/#primaryimage","url":"https:\/\/progettotouring.it\/radiotouring104\/wp-content\/uploads\/sites\/6\/2023\/03\/camera-commercio-cosenza.jpg","contentUrl":"https:\/\/progettotouring.it\/radiotouring104\/wp-content\/uploads\/sites\/6\/2023\/03\/camera-commercio-cosenza.jpg","width":956,"height":751},{"@type":"BreadcrumbList","@id":"https:\/\/progettotouring.it\/radiotouring104\/2024\/03\/22\/camera-commercio-cosenza-cresce-il-numero-delle-imprese\/#breadcrumb","itemListElement":[{"@type":"ListItem","position":1,"name":"Home","item":"https:\/\/progettotouring.it\/radiotouring104\/"},{"@type":"ListItem","position":2,"name":"Camera Commercio Cosenza: cresce il numero delle imprese"}]},{"@type":"WebSite","@id":"https:\/\/progettotouring.it\/radiotouring104\/#website","url":"https:\/\/progettotouring.it\/radiotouring104\/","name":"Radio Touring 104","description":"La prima radio Reggina","publisher":{"@id":"https:\/\/progettotouring.it\/radiotouring104\/#organization"},"potentialAction":[{"@type":"SearchAction","target":{"@type":"EntryPoint","urlTemplate":"https:\/\/progettotouring.it\/radiotouring104\/?s={search_term_string}"},"query-input":{"@type":"PropertyValueSpecification","valueRequired":true,"valueName":"search_term_string"}}],"inLanguage":"it-IT"},{"@type":"Organization","@id":"https:\/\/progettotouring.it\/radiotouring104\/#organization","name":"Radio Touring 104","url":"https:\/\/progettotouring.it\/radiotouring104\/","logo":{"@type":"ImageObject","inLanguage":"it-IT","@id":"https:\/\/progettotouring.it\/radiotouring104\/#\/schema\/logo\/image\/","url":"https:\/\/progettotouring.it\/radiotouring104\/wp-content\/uploads\/sites\/6\/2022\/02\/cropped-logo-radio-touring-104.png","contentUrl":"https:\/\/progettotouring.it\/radiotouring104\/wp-content\/uploads\/sites\/6\/2022\/02\/cropped-logo-radio-touring-104.png","width":377,"height":182,"caption":"Radio Touring 104"},"image":{"@id":"https:\/\/progettotouring.it\/radiotouring104\/#\/schema\/logo\/image\/"}},{"@type":"Person","@id":"https:\/\/progettotouring.it\/radiotouring104\/#\/schema\/person\/4a82259ca52ac8702ad1a8f9e5a3120b","name":"Filippo Francesco Idone","image":{"@type":"ImageObject","inLanguage":"it-IT","@id":"https:\/\/secure.gravatar.com\/avatar\/7268715d2366395c3dd314385670e6484117d44f5c442e61e230f7008b7b62d3?s=96&d=mm&r=g","url":"https:\/\/secure.gravatar.com\/avatar\/7268715d2366395c3dd314385670e6484117d44f5c442e61e230f7008b7b62d3?s=96&d=mm&r=g","contentUrl":"https:\/\/secure.gravatar.com\/avatar\/7268715d2366395c3dd314385670e6484117d44f5c442e61e230f7008b7b62d3?s=96&d=mm&r=g","caption":"Filippo Francesco Idone"},"url":"https:\/\/progettotouring.it\/radiotouring104\/author\/filippoidone\/"}]}},"jetpack_publicize_connections":[],"jetpack_featured_media_url":"https:\/\/progettotouring.it\/radiotouring104\/wp-content\/uploads\/sites\/6\/2023\/03\/camera-commercio-cosenza.jpg","jetpack_sharing_enabled":true,"_links":{"self":[{"href":"https:\/\/progettotouring.it\/radiotouring104\/wp-json\/wp\/v2\/posts\/47662","targetHints":{"allow":["GET"]}}],"collection":[{"href":"https:\/\/progettotouring.it\/radiotouring104\/wp-json\/wp\/v2\/posts"}],"about":[{"href":"https:\/\/progettotouring.it\/radiotouring104\/wp-json\/wp\/v2\/types\/post"}],"author":[{"embeddable":true,"href":"https:\/\/progettotouring.it\/radiotouring104\/wp-json\/wp\/v2\/users\/8"}],"replies":[{"embeddable":true,"href":"https:\/\/progettotouring.it\/radiotouring104\/wp-json\/wp\/v2\/comments?post=47662"}],"version-history":[{"count":1,"href":"https:\/\/progettotouring.it\/radiotouring104\/wp-json\/wp\/v2\/posts\/47662\/revisions"}],"predecessor-version":[{"id":47663,"href":"https:\/\/progettotouring.it\/radiotouring104\/wp-json\/wp\/v2\/posts\/47662\/revisions\/47663"}],"wp:featuredmedia":[{"embeddable":true,"href":"https:\/\/progettotouring.it\/radiotouring104\/wp-json\/wp\/v2\/media\/20118"}],"wp:attachment":[{"href":"https:\/\/progettotouring.it\/radiotouring104\/wp-json\/wp\/v2\/media?parent=47662"}],"wp:term":[{"taxonomy":"category","embeddable":true,"href":"https:\/\/progettotouring.it\/radiotouring104\/wp-json\/wp\/v2\/categories?post=47662"},{"taxonomy":"post_tag","embeddable":true,"href":"https:\/\/progettotouring.it\/radiotouring104\/wp-json\/wp\/v2\/tags?post=47662"}],"curies":[{"name":"wp","href":"https:\/\/api.w.org\/{rel}","templated":true}]}}