{"id":47664,"date":"2024-03-22T14:09:58","date_gmt":"2024-03-22T13:09:58","guid":{"rendered":"https:\/\/progettotouring.it\/radiotouring104\/?p=47664"},"modified":"2024-03-22T14:09:58","modified_gmt":"2024-03-22T13:09:58","slug":"progetto-lumina-educazione-e-sensibilizzazione-contro-cyberbullismo","status":"publish","type":"post","link":"https:\/\/progettotouring.it\/radiotouring104\/2024\/03\/22\/progetto-lumina-educazione-e-sensibilizzazione-contro-cyberbullismo\/","title":{"rendered":"Progetto Lumina: Educazione e Sensibilizzazione contro Cyberbullismo"},"content":{"rendered":"<p style=\"text-align: justify\">Continuano le iniziative dell\u2019<strong><em>Istituto Per la Famiglia ODV sez. 278 di Ionadi<\/em><\/strong> nell\u2019ambito del progetto <strong>LUMINA<\/strong>, finanziato dalla Regione Calabria e dal Ministero del Lavoro e delle Politiche Sociali. Questa volta, a far da protagonisti sono stati gli studenti <strong>dell\u2019Istituto Alberghiero IPSEOA Enrico Gagliardo e del Liceo Statale Vito Capialbi di Vibo Valentia<\/strong>, i quali hanno partecipato stamattina a un evento di sensibilizzazione condotto da <strong>Vincenzo Abbate<\/strong> su tematiche cruciali quali il cyberbullismo, la violenza di genere e le new addiction. L\u2019<strong>Istituto Per la Famiglia ODV sez. 278 <\/strong>di Ionadi, nato dall\u2019ispirazione cristiana \u201c<em>nel bene del tuo prossimo sta il tuo bene<\/em>\u201d e facente parte del sistema socio-lavorativo <strong>ACU-Azione Cristiana Umanitaria<\/strong>, fondato dal missionario cristiano <strong>Gilberto Perri<\/strong>, supporta quotidianamente le famiglie bisognose e i giovani. Guidato da principi cristiani di solidariet\u00e0 e altruismo, l&#8217;IPF ha portato avanti negli ultimi anni numerose iniziative a contrasto dei disagi giovanili, in linea con la missione di fornire supporto e protezione ai pi\u00f9 vulnerabili della comunit\u00e0. Tra queste, spicca tra l\u2019altro la collaborazione con il Focal Point del Centro Ascolto ARIEL di Ionadi, evidenziando l&#8217;impegno dell&#8217;IPF nel creare reti di sostegno e servizi di ascolto per coloro che ne hanno bisogno.<\/p>\n<p style=\"text-align: justify\">La rinnovata collaborazione dell\u2019Istituto Per la Famiglia ODV sez. 278 di Ionadi e dell\u2019Associazione <strong>ALBERO DELLA VITA- ADOLESCENZE ESTREME<\/strong> di cui fa parte l\u2019avvocato e relatore Vincenzo Abbate, ha permesso di affrontare tematiche cruciali come bullismo, violenza, sfide digitali, nonch\u00e9 i disagi interiori che spesso affrontano gli adolescenti e che possono portare ad intraprendere strade distruttive. In una societ\u00e0 in cui purtroppo i casi di violenza e bullismo sono sempre pi\u00f9 diffusi, \u00e8 fondamentale per la comunit\u00e0 educante, le istituzioni e la rete sociale far comprendere ai ragazzi le gravi conseguenze che le azioni e le parole possono avere sulla vita degli altri.<\/p>\n<p style=\"text-align: justify\">A commentare il successo dell\u2019evento odierno, il Presidente dell\u2019Istituto Per la Famiglia ODV sez. 278 di Ionadi <strong>Luigi Leone<\/strong>: \u201c<em>Iniziative come queste riflettono l\u2019impegno costante dell\u2019Istituto Per la Famiglia nell\u2019educare e sensibilizzare i giovani su tematiche cruciali come il cyberbullismo, la violenza di genere e le nuove forme di dipendenza.\u00a0 Solo attraverso la collaborazione e la sinergia con la comunit\u00e0 educante, con Enti del Terzo Settore e al contributo di professionisti come l\u2019avvocato Vincenzo Abbate, \u00e8 possibile affrontare efficacemente le sfide legate all\u2019adolescenza, mirando ad un ambiente sicuro e sano per la crescita e lo sviluppo dei giovani. Un ringraziamento particolare va alle nostre volontarie <strong>Elisa Tentori<\/strong> e <strong>Mariarita Larosa<\/strong> che hanno organizzato l\u2019evento eccellentemente, e alla <strong>Prof.ssa Scarfuro<\/strong> dell\u2019Istituto Alberghiero Gagliardo e alla <strong>Prof.ssa Mellea<\/strong> del Liceo Capialbi per averci accolto e supportato nella realizzazione di questa importante iniziativa. Continueremo a promuovere attivamente iniziative volte al benessere e alla sicurezza dei nostri giovani.\u201d <\/em><strong>Vincenzo Abbate<\/strong>, responsabile dell\u2019Associazione Albero della Vita, ha commentato l\u2019iniziativa dichiarando: <em>&#8220;L&#8217;importanza di eventi come questo risiede nel creare una consapevolezza diffusa sui pericoli del bullismo e delle nuove forme di dipendenza digitale. \u00c8 fondamentale educare i giovani su come utilizzare responsabilmente la tecnologia e promuovere relazioni sane e rispettose&#8221;.<\/em><\/p>\n<p>L\u2019<strong>ASSOCIAZIONE ALBERO DELLA VITA &#8211; ADOLESCENZE ESTREME, <\/strong>con cui l\u2019Istituto Per la Famiglia ODV sez. 278 di Ionadi ha gi\u00e0 collaborato numerose volte nell\u2019organizzazione di eventi di sensibilizzazione, \u00e8 impegnata gi\u00e0 da anni su tutto il territorio nazionale a tutelare e promuovere la crescita e lo sviluppo della vita dei minori sia sotto l\u2019aspetto culturale che quello fisico promuovendo azioni a favore della legalit\u00e0.<\/p>\n<p>&nbsp;<\/p>\n","protected":false},"excerpt":{"rendered":"<p>Continuano le iniziative dell\u2019Istituto Per la Famiglia ODV sez. 278 di Ionadi nell\u2019ambito del progetto LUMINA, finanziato dalla Regione Calabria e dal Ministero del Lavoro e delle Politiche Sociali. Questa&hellip;<\/p>\n","protected":false},"author":8,"featured_media":47665,"comment_status":"closed","ping_status":"open","sticky":false,"template":"","format":"standard","meta":{"_jetpack_memberships_contains_paid_content":false,"footnotes":"","jetpack_publicize_message":"","jetpack_publicize_feature_enabled":true,"jetpack_social_post_already_shared":false,"jetpack_social_options":{"image_generator_settings":{"template":"highway","default_image_id":0,"font":"","enabled":false},"version":2}},"categories":[142,921,196],"tags":[26324,644],"class_list":["post-47664","post","type-post","status-publish","format-standard","has-post-thumbnail","hentry","category-calabria","category-home","category-news","tag-progetto-lumina","tag-vibo-valentia"],"yoast_head":"<!-- This site is optimized with the Yoast SEO plugin v27.2 - https:\/\/yoast.com\/product\/yoast-seo-wordpress\/ -->\n<title>Progetto Lumina: Educazione e Sensibilizzazione contro Cyberbullismo - Radio Touring 104<\/title>\n<meta name=\"description\" content=\"Continuano le iniziative dell\u2019Istituto Per la Famiglia ODV sez. 278 di Ionadi nell\u2019ambito del progetto LUMINA\" \/>\n<meta name=\"robots\" content=\"index, follow, max-snippet:-1, max-image-preview:large, max-video-preview:-1\" \/>\n<link rel=\"canonical\" href=\"https:\/\/progettotouring.it\/radiotouring104\/2024\/03\/22\/progetto-lumina-educazione-e-sensibilizzazione-contro-cyberbullismo\/\" \/>\n<meta property=\"og:locale\" content=\"it_IT\" \/>\n<meta property=\"og:type\" content=\"article\" \/>\n<meta property=\"og:title\" content=\"Progetto Lumina: Educazione e Sensibilizzazione contro Cyberbullismo - Radio Touring 104\" \/>\n<meta property=\"og:description\" content=\"Continuano le iniziative dell\u2019Istituto Per la Famiglia ODV sez. 278 di Ionadi nell\u2019ambito del progetto LUMINA\" \/>\n<meta property=\"og:url\" content=\"https:\/\/progettotouring.it\/radiotouring104\/2024\/03\/22\/progetto-lumina-educazione-e-sensibilizzazione-contro-cyberbullismo\/\" \/>\n<meta property=\"og:site_name\" content=\"Radio Touring 104\" \/>\n<meta property=\"article:published_time\" content=\"2024-03-22T13:09:58+00:00\" \/>\n<meta property=\"og:image\" content=\"https:\/\/progettotouring.it\/radiotouring104\/wp-content\/uploads\/sites\/6\/2024\/03\/cyberbullismo-vibo-valentia.jpeg\" \/>\n\t<meta property=\"og:image:width\" content=\"1080\" \/>\n\t<meta property=\"og:image:height\" content=\"1440\" \/>\n\t<meta property=\"og:image:type\" content=\"image\/jpeg\" \/>\n<meta name=\"author\" content=\"Filippo Francesco Idone\" \/>\n<meta name=\"twitter:card\" content=\"summary_large_image\" \/>\n<meta name=\"twitter:label1\" content=\"Scritto da\" \/>\n\t<meta name=\"twitter:data1\" content=\"Filippo Francesco Idone\" \/>\n\t<meta name=\"twitter:label2\" content=\"Tempo di lettura stimato\" \/>\n\t<meta name=\"twitter:data2\" content=\"3 minuti\" \/>\n<script type=\"application\/ld+json\" class=\"yoast-schema-graph\">{\"@context\":\"https:\/\/schema.org\",\"@graph\":[{\"@type\":\"Article\",\"@id\":\"https:\/\/progettotouring.it\/radiotouring104\/2024\/03\/22\/progetto-lumina-educazione-e-sensibilizzazione-contro-cyberbullismo\/#article\",\"isPartOf\":{\"@id\":\"https:\/\/progettotouring.it\/radiotouring104\/2024\/03\/22\/progetto-lumina-educazione-e-sensibilizzazione-contro-cyberbullismo\/\"},\"author\":{\"name\":\"Filippo Francesco Idone\",\"@id\":\"https:\/\/progettotouring.it\/radiotouring104\/#\/schema\/person\/4a82259ca52ac8702ad1a8f9e5a3120b\"},\"headline\":\"Progetto Lumina: Educazione e Sensibilizzazione contro Cyberbullismo\",\"datePublished\":\"2024-03-22T13:09:58+00:00\",\"mainEntityOfPage\":{\"@id\":\"https:\/\/progettotouring.it\/radiotouring104\/2024\/03\/22\/progetto-lumina-educazione-e-sensibilizzazione-contro-cyberbullismo\/\"},\"wordCount\":593,\"publisher\":{\"@id\":\"https:\/\/progettotouring.it\/radiotouring104\/#organization\"},\"image\":{\"@id\":\"https:\/\/progettotouring.it\/radiotouring104\/2024\/03\/22\/progetto-lumina-educazione-e-sensibilizzazione-contro-cyberbullismo\/#primaryimage\"},\"thumbnailUrl\":\"https:\/\/progettotouring.it\/radiotouring104\/wp-content\/uploads\/sites\/6\/2024\/03\/cyberbullismo-vibo-valentia.jpeg\",\"keywords\":[\"progetto lumina\",\"vibo valentia\"],\"articleSection\":[\"Calabria\",\"Home\",\"News\"],\"inLanguage\":\"it-IT\"},{\"@type\":\"WebPage\",\"@id\":\"https:\/\/progettotouring.it\/radiotouring104\/2024\/03\/22\/progetto-lumina-educazione-e-sensibilizzazione-contro-cyberbullismo\/\",\"url\":\"https:\/\/progettotouring.it\/radiotouring104\/2024\/03\/22\/progetto-lumina-educazione-e-sensibilizzazione-contro-cyberbullismo\/\",\"name\":\"Progetto Lumina: Educazione e Sensibilizzazione contro Cyberbullismo - Radio Touring 104\",\"isPartOf\":{\"@id\":\"https:\/\/progettotouring.it\/radiotouring104\/#website\"},\"primaryImageOfPage\":{\"@id\":\"https:\/\/progettotouring.it\/radiotouring104\/2024\/03\/22\/progetto-lumina-educazione-e-sensibilizzazione-contro-cyberbullismo\/#primaryimage\"},\"image\":{\"@id\":\"https:\/\/progettotouring.it\/radiotouring104\/2024\/03\/22\/progetto-lumina-educazione-e-sensibilizzazione-contro-cyberbullismo\/#primaryimage\"},\"thumbnailUrl\":\"https:\/\/progettotouring.it\/radiotouring104\/wp-content\/uploads\/sites\/6\/2024\/03\/cyberbullismo-vibo-valentia.jpeg\",\"datePublished\":\"2024-03-22T13:09:58+00:00\",\"description\":\"Continuano le iniziative dell\u2019Istituto Per la Famiglia ODV sez. 278 di Ionadi nell\u2019ambito del progetto LUMINA\",\"breadcrumb\":{\"@id\":\"https:\/\/progettotouring.it\/radiotouring104\/2024\/03\/22\/progetto-lumina-educazione-e-sensibilizzazione-contro-cyberbullismo\/#breadcrumb\"},\"inLanguage\":\"it-IT\",\"potentialAction\":[{\"@type\":\"ReadAction\",\"target\":[\"https:\/\/progettotouring.it\/radiotouring104\/2024\/03\/22\/progetto-lumina-educazione-e-sensibilizzazione-contro-cyberbullismo\/\"]}]},{\"@type\":\"ImageObject\",\"inLanguage\":\"it-IT\",\"@id\":\"https:\/\/progettotouring.it\/radiotouring104\/2024\/03\/22\/progetto-lumina-educazione-e-sensibilizzazione-contro-cyberbullismo\/#primaryimage\",\"url\":\"https:\/\/progettotouring.it\/radiotouring104\/wp-content\/uploads\/sites\/6\/2024\/03\/cyberbullismo-vibo-valentia.jpeg\",\"contentUrl\":\"https:\/\/progettotouring.it\/radiotouring104\/wp-content\/uploads\/sites\/6\/2024\/03\/cyberbullismo-vibo-valentia.jpeg\",\"width\":1080,\"height\":1440},{\"@type\":\"BreadcrumbList\",\"@id\":\"https:\/\/progettotouring.it\/radiotouring104\/2024\/03\/22\/progetto-lumina-educazione-e-sensibilizzazione-contro-cyberbullismo\/#breadcrumb\",\"itemListElement\":[{\"@type\":\"ListItem\",\"position\":1,\"name\":\"Home\",\"item\":\"https:\/\/progettotouring.it\/radiotouring104\/\"},{\"@type\":\"ListItem\",\"position\":2,\"name\":\"Progetto Lumina: Educazione e Sensibilizzazione contro Cyberbullismo\"}]},{\"@type\":\"WebSite\",\"@id\":\"https:\/\/progettotouring.it\/radiotouring104\/#website\",\"url\":\"https:\/\/progettotouring.it\/radiotouring104\/\",\"name\":\"Radio Touring 104\",\"description\":\"La prima radio Reggina\",\"publisher\":{\"@id\":\"https:\/\/progettotouring.it\/radiotouring104\/#organization\"},\"potentialAction\":[{\"@type\":\"SearchAction\",\"target\":{\"@type\":\"EntryPoint\",\"urlTemplate\":\"https:\/\/progettotouring.it\/radiotouring104\/?s={search_term_string}\"},\"query-input\":{\"@type\":\"PropertyValueSpecification\",\"valueRequired\":true,\"valueName\":\"search_term_string\"}}],\"inLanguage\":\"it-IT\"},{\"@type\":\"Organization\",\"@id\":\"https:\/\/progettotouring.it\/radiotouring104\/#organization\",\"name\":\"Radio Touring 104\",\"url\":\"https:\/\/progettotouring.it\/radiotouring104\/\",\"logo\":{\"@type\":\"ImageObject\",\"inLanguage\":\"it-IT\",\"@id\":\"https:\/\/progettotouring.it\/radiotouring104\/#\/schema\/logo\/image\/\",\"url\":\"https:\/\/progettotouring.it\/radiotouring104\/wp-content\/uploads\/sites\/6\/2022\/02\/cropped-logo-radio-touring-104.png\",\"contentUrl\":\"https:\/\/progettotouring.it\/radiotouring104\/wp-content\/uploads\/sites\/6\/2022\/02\/cropped-logo-radio-touring-104.png\",\"width\":377,\"height\":182,\"caption\":\"Radio Touring 104\"},\"image\":{\"@id\":\"https:\/\/progettotouring.it\/radiotouring104\/#\/schema\/logo\/image\/\"}},{\"@type\":\"Person\",\"@id\":\"https:\/\/progettotouring.it\/radiotouring104\/#\/schema\/person\/4a82259ca52ac8702ad1a8f9e5a3120b\",\"name\":\"Filippo Francesco Idone\",\"image\":{\"@type\":\"ImageObject\",\"inLanguage\":\"it-IT\",\"@id\":\"https:\/\/secure.gravatar.com\/avatar\/7268715d2366395c3dd314385670e6484117d44f5c442e61e230f7008b7b62d3?s=96&d=mm&r=g\",\"url\":\"https:\/\/secure.gravatar.com\/avatar\/7268715d2366395c3dd314385670e6484117d44f5c442e61e230f7008b7b62d3?s=96&d=mm&r=g\",\"contentUrl\":\"https:\/\/secure.gravatar.com\/avatar\/7268715d2366395c3dd314385670e6484117d44f5c442e61e230f7008b7b62d3?s=96&d=mm&r=g\",\"caption\":\"Filippo Francesco Idone\"},\"url\":\"https:\/\/progettotouring.it\/radiotouring104\/author\/filippoidone\/\"}]}<\/script>\n<!-- \/ Yoast SEO plugin. -->","yoast_head_json":{"title":"Progetto Lumina: Educazione e Sensibilizzazione contro Cyberbullismo - Radio Touring 104","description":"Continuano le iniziative dell\u2019Istituto Per la Famiglia ODV sez. 278 di Ionadi nell\u2019ambito del progetto LUMINA","robots":{"index":"index","follow":"follow","max-snippet":"max-snippet:-1","max-image-preview":"max-image-preview:large","max-video-preview":"max-video-preview:-1"},"canonical":"https:\/\/progettotouring.it\/radiotouring104\/2024\/03\/22\/progetto-lumina-educazione-e-sensibilizzazione-contro-cyberbullismo\/","og_locale":"it_IT","og_type":"article","og_title":"Progetto Lumina: Educazione e Sensibilizzazione contro Cyberbullismo - Radio Touring 104","og_description":"Continuano le iniziative dell\u2019Istituto Per la Famiglia ODV sez. 278 di Ionadi nell\u2019ambito del progetto LUMINA","og_url":"https:\/\/progettotouring.it\/radiotouring104\/2024\/03\/22\/progetto-lumina-educazione-e-sensibilizzazione-contro-cyberbullismo\/","og_site_name":"Radio Touring 104","article_published_time":"2024-03-22T13:09:58+00:00","og_image":[{"width":1080,"height":1440,"url":"https:\/\/progettotouring.it\/radiotouring104\/wp-content\/uploads\/sites\/6\/2024\/03\/cyberbullismo-vibo-valentia.jpeg","type":"image\/jpeg"}],"author":"Filippo Francesco Idone","twitter_card":"summary_large_image","twitter_misc":{"Scritto da":"Filippo Francesco Idone","Tempo di lettura stimato":"3 minuti"},"schema":{"@context":"https:\/\/schema.org","@graph":[{"@type":"Article","@id":"https:\/\/progettotouring.it\/radiotouring104\/2024\/03\/22\/progetto-lumina-educazione-e-sensibilizzazione-contro-cyberbullismo\/#article","isPartOf":{"@id":"https:\/\/progettotouring.it\/radiotouring104\/2024\/03\/22\/progetto-lumina-educazione-e-sensibilizzazione-contro-cyberbullismo\/"},"author":{"name":"Filippo Francesco Idone","@id":"https:\/\/progettotouring.it\/radiotouring104\/#\/schema\/person\/4a82259ca52ac8702ad1a8f9e5a3120b"},"headline":"Progetto Lumina: Educazione e Sensibilizzazione contro Cyberbullismo","datePublished":"2024-03-22T13:09:58+00:00","mainEntityOfPage":{"@id":"https:\/\/progettotouring.it\/radiotouring104\/2024\/03\/22\/progetto-lumina-educazione-e-sensibilizzazione-contro-cyberbullismo\/"},"wordCount":593,"publisher":{"@id":"https:\/\/progettotouring.it\/radiotouring104\/#organization"},"image":{"@id":"https:\/\/progettotouring.it\/radiotouring104\/2024\/03\/22\/progetto-lumina-educazione-e-sensibilizzazione-contro-cyberbullismo\/#primaryimage"},"thumbnailUrl":"https:\/\/progettotouring.it\/radiotouring104\/wp-content\/uploads\/sites\/6\/2024\/03\/cyberbullismo-vibo-valentia.jpeg","keywords":["progetto lumina","vibo valentia"],"articleSection":["Calabria","Home","News"],"inLanguage":"it-IT"},{"@type":"WebPage","@id":"https:\/\/progettotouring.it\/radiotouring104\/2024\/03\/22\/progetto-lumina-educazione-e-sensibilizzazione-contro-cyberbullismo\/","url":"https:\/\/progettotouring.it\/radiotouring104\/2024\/03\/22\/progetto-lumina-educazione-e-sensibilizzazione-contro-cyberbullismo\/","name":"Progetto Lumina: Educazione e Sensibilizzazione contro Cyberbullismo - Radio Touring 104","isPartOf":{"@id":"https:\/\/progettotouring.it\/radiotouring104\/#website"},"primaryImageOfPage":{"@id":"https:\/\/progettotouring.it\/radiotouring104\/2024\/03\/22\/progetto-lumina-educazione-e-sensibilizzazione-contro-cyberbullismo\/#primaryimage"},"image":{"@id":"https:\/\/progettotouring.it\/radiotouring104\/2024\/03\/22\/progetto-lumina-educazione-e-sensibilizzazione-contro-cyberbullismo\/#primaryimage"},"thumbnailUrl":"https:\/\/progettotouring.it\/radiotouring104\/wp-content\/uploads\/sites\/6\/2024\/03\/cyberbullismo-vibo-valentia.jpeg","datePublished":"2024-03-22T13:09:58+00:00","description":"Continuano le iniziative dell\u2019Istituto Per la Famiglia ODV sez. 278 di Ionadi nell\u2019ambito del progetto LUMINA","breadcrumb":{"@id":"https:\/\/progettotouring.it\/radiotouring104\/2024\/03\/22\/progetto-lumina-educazione-e-sensibilizzazione-contro-cyberbullismo\/#breadcrumb"},"inLanguage":"it-IT","potentialAction":[{"@type":"ReadAction","target":["https:\/\/progettotouring.it\/radiotouring104\/2024\/03\/22\/progetto-lumina-educazione-e-sensibilizzazione-contro-cyberbullismo\/"]}]},{"@type":"ImageObject","inLanguage":"it-IT","@id":"https:\/\/progettotouring.it\/radiotouring104\/2024\/03\/22\/progetto-lumina-educazione-e-sensibilizzazione-contro-cyberbullismo\/#primaryimage","url":"https:\/\/progettotouring.it\/radiotouring104\/wp-content\/uploads\/sites\/6\/2024\/03\/cyberbullismo-vibo-valentia.jpeg","contentUrl":"https:\/\/progettotouring.it\/radiotouring104\/wp-content\/uploads\/sites\/6\/2024\/03\/cyberbullismo-vibo-valentia.jpeg","width":1080,"height":1440},{"@type":"BreadcrumbList","@id":"https:\/\/progettotouring.it\/radiotouring104\/2024\/03\/22\/progetto-lumina-educazione-e-sensibilizzazione-contro-cyberbullismo\/#breadcrumb","itemListElement":[{"@type":"ListItem","position":1,"name":"Home","item":"https:\/\/progettotouring.it\/radiotouring104\/"},{"@type":"ListItem","position":2,"name":"Progetto Lumina: Educazione e Sensibilizzazione contro Cyberbullismo"}]},{"@type":"WebSite","@id":"https:\/\/progettotouring.it\/radiotouring104\/#website","url":"https:\/\/progettotouring.it\/radiotouring104\/","name":"Radio Touring 104","description":"La prima radio Reggina","publisher":{"@id":"https:\/\/progettotouring.it\/radiotouring104\/#organization"},"potentialAction":[{"@type":"SearchAction","target":{"@type":"EntryPoint","urlTemplate":"https:\/\/progettotouring.it\/radiotouring104\/?s={search_term_string}"},"query-input":{"@type":"PropertyValueSpecification","valueRequired":true,"valueName":"search_term_string"}}],"inLanguage":"it-IT"},{"@type":"Organization","@id":"https:\/\/progettotouring.it\/radiotouring104\/#organization","name":"Radio Touring 104","url":"https:\/\/progettotouring.it\/radiotouring104\/","logo":{"@type":"ImageObject","inLanguage":"it-IT","@id":"https:\/\/progettotouring.it\/radiotouring104\/#\/schema\/logo\/image\/","url":"https:\/\/progettotouring.it\/radiotouring104\/wp-content\/uploads\/sites\/6\/2022\/02\/cropped-logo-radio-touring-104.png","contentUrl":"https:\/\/progettotouring.it\/radiotouring104\/wp-content\/uploads\/sites\/6\/2022\/02\/cropped-logo-radio-touring-104.png","width":377,"height":182,"caption":"Radio Touring 104"},"image":{"@id":"https:\/\/progettotouring.it\/radiotouring104\/#\/schema\/logo\/image\/"}},{"@type":"Person","@id":"https:\/\/progettotouring.it\/radiotouring104\/#\/schema\/person\/4a82259ca52ac8702ad1a8f9e5a3120b","name":"Filippo Francesco Idone","image":{"@type":"ImageObject","inLanguage":"it-IT","@id":"https:\/\/secure.gravatar.com\/avatar\/7268715d2366395c3dd314385670e6484117d44f5c442e61e230f7008b7b62d3?s=96&d=mm&r=g","url":"https:\/\/secure.gravatar.com\/avatar\/7268715d2366395c3dd314385670e6484117d44f5c442e61e230f7008b7b62d3?s=96&d=mm&r=g","contentUrl":"https:\/\/secure.gravatar.com\/avatar\/7268715d2366395c3dd314385670e6484117d44f5c442e61e230f7008b7b62d3?s=96&d=mm&r=g","caption":"Filippo Francesco Idone"},"url":"https:\/\/progettotouring.it\/radiotouring104\/author\/filippoidone\/"}]}},"jetpack_publicize_connections":[],"jetpack_featured_media_url":"https:\/\/progettotouring.it\/radiotouring104\/wp-content\/uploads\/sites\/6\/2024\/03\/cyberbullismo-vibo-valentia.jpeg","jetpack_sharing_enabled":true,"_links":{"self":[{"href":"https:\/\/progettotouring.it\/radiotouring104\/wp-json\/wp\/v2\/posts\/47664","targetHints":{"allow":["GET"]}}],"collection":[{"href":"https:\/\/progettotouring.it\/radiotouring104\/wp-json\/wp\/v2\/posts"}],"about":[{"href":"https:\/\/progettotouring.it\/radiotouring104\/wp-json\/wp\/v2\/types\/post"}],"author":[{"embeddable":true,"href":"https:\/\/progettotouring.it\/radiotouring104\/wp-json\/wp\/v2\/users\/8"}],"replies":[{"embeddable":true,"href":"https:\/\/progettotouring.it\/radiotouring104\/wp-json\/wp\/v2\/comments?post=47664"}],"version-history":[{"count":1,"href":"https:\/\/progettotouring.it\/radiotouring104\/wp-json\/wp\/v2\/posts\/47664\/revisions"}],"predecessor-version":[{"id":47666,"href":"https:\/\/progettotouring.it\/radiotouring104\/wp-json\/wp\/v2\/posts\/47664\/revisions\/47666"}],"wp:featuredmedia":[{"embeddable":true,"href":"https:\/\/progettotouring.it\/radiotouring104\/wp-json\/wp\/v2\/media\/47665"}],"wp:attachment":[{"href":"https:\/\/progettotouring.it\/radiotouring104\/wp-json\/wp\/v2\/media?parent=47664"}],"wp:term":[{"taxonomy":"category","embeddable":true,"href":"https:\/\/progettotouring.it\/radiotouring104\/wp-json\/wp\/v2\/categories?post=47664"},{"taxonomy":"post_tag","embeddable":true,"href":"https:\/\/progettotouring.it\/radiotouring104\/wp-json\/wp\/v2\/tags?post=47664"}],"curies":[{"name":"wp","href":"https:\/\/api.w.org\/{rel}","templated":true}]}}