{"id":47667,"date":"2024-03-22T14:25:27","date_gmt":"2024-03-22T13:25:27","guid":{"rendered":"https:\/\/progettotouring.it\/radiotouring104\/?p=47667"},"modified":"2024-03-22T14:35:46","modified_gmt":"2024-03-22T13:35:46","slug":"palmi-baglioni-presente-all11esima-edizione-del-festival-nazionale-di-diritto-e-letteratura","status":"publish","type":"post","link":"https:\/\/progettotouring.it\/radiotouring104\/2024\/03\/22\/palmi-baglioni-presente-all11esima-edizione-del-festival-nazionale-di-diritto-e-letteratura\/","title":{"rendered":"Palmi: Baglioni presente all&#8217;11esima edizione del Festival Nazionale di Diritto e Letteratura"},"content":{"rendered":"<p class=\"xmprfx_MsoNormal\" style=\"text-align: justify\">L\u2019undicesima edizione del <strong>Festival Nazionale di Diritto e Letteratura \u201cCitt\u00e0 di Palmi\u201d<\/strong>, come da tradizione, in vista della sessione inaugurale di venerd\u00ec 19 aprile registra i primi appuntamenti gi\u00e0 tra mercoled\u00ec 17 e gioved\u00ec 18 aprile con la sezione On the Road, destinata agli studenti delle scuole superiori non solo dell\u2019area metropolitana di Reggio Calabria ma dell\u2019intero territorio nazionale. Sempre tra il <strong>17 e il 18 aprile<\/strong> sar\u00e0 poi il momento dell\u2019altra consueta sessione anticipata denominata \u201cAspettando il Festival\u201d, articolata a sua volta in due momenti.<\/p>\n<p class=\"xmprfx_MsoNormal\" style=\"text-align: justify\">Nel pomeriggio di mercoled\u00ec <strong>17 aprile,<\/strong> presso l\u2019Universit\u00e0 Mediterranea di <strong>Reggio Calabria,<\/strong> sar\u00e0 possibile ascoltare relazioni di docenti universitari partecipanti a un\u2019apposita<i>\u00a0call for papers<\/i> nazionale indetta dall\u2019ateneo reggino, articolate su tre ben precise linee tematiche (Musica e parole del diritto;\u00a0Detenzione, musica e diritto; Interpretazione, musica e diritto). Gli incontri proseguiranno nella mattinata successiva del 18 aprile, presso la stessa sede.\u00a0Nella stessa serata di gioved\u00ec, invece, sar\u00e0 il momento di un evento straordinario e particolarmente atteso: l\u2019incontro con Claudio Baglioni, in programma alle 18.00 presso il Teatro \u201cN. A. Manfroce\u201d di Palmi.<\/p>\n<p class=\"xmprfx_MsoNormal\" style=\"text-align: justify\">Il titolo della sessione \u00e8, infatti, un voluto richiamo a una delle sue canzoni pi\u00f9 significative:\u00a0<i>Uomini persi. Note sparse su fragilit\u00e0 e giustizia sociale nelle canzoni di Claudio Baglioni<\/i>. Si tratta di una \u201cprima\u201d assoluta, sia per la delicatezza dei temi trattati sia per l\u2019importanza dell\u2019ospite, protagonista assoluto della musica italiana (e non solo) degli ultimi cinquant\u2019anni. Il grande cantautore, reduce dai trionfi del suo ultimo tour <strong>aTUTTOCUORE<\/strong>, dialogher\u00e0 assieme al poeta e scrittore Michele Caccamo sul tema della fragilit\u00e0 e dell\u2019ingiustizia sociale viste attraverso le sue canzoni. \u00c8 poi previsto un intervento di Emanuele Giacoia, Capo redattore TGR RAI Calabria. La vera e propria sessione inaugurale del Festival si terr\u00e0 tuttavia come sempre a Palmi, presso il teatro \u201cN. A. Manfroce\u201d, venerd\u00ec 19 aprile, alle ore 9.00, con la partecipazione delle folte delegazioni di tutti gli istituti scolastici coinvolti nei microseminari che hanno preceduto la manifestazione.<\/p>\n<p class=\"xmprfx_MsoNormal\" style=\"text-align: justify\">A discutere di regole, musica e letteratura saranno in prima battuta <strong>Sabino Cassese,<\/strong> noto giurista, ex ministro e gi\u00e0 giudice della Corte Costituzionale, accompagnato dall\u2019esecuzione di estratti dalle Variazioni Goldberg di J.S. Bach eseguite dal M\u00b0 Daniele Ciullo. A seguire, le relazioni di <strong>Gaspare Spedale e Claudio Paris,<\/strong> magistrati con una vera passione per la musica (il secondo, appena reduce dalla pubblicazione del suo primo lavoro discografico, denominato\u00a0<i>Chi l\u2019avrebbe mai detto!<\/i>) che si occuperanno rispettivamente del tema della giustizia dei deboli in Fabrizio De Andr\u00e9 e, prendendo spunto da una stupenda canzone di Lucio Dalla,\u00a0<i>L\u2019amore in gabbia<\/i>, della delicata questione \u2013 oggetto anche di una recente e discussa sentenza della Corte Costituzionale \u2013 del diritto all\u2019affettivit\u00e0 delle persone detenute in carcere.<\/p>\n<p class=\"xmprfx_MsoNormal\" style=\"text-align: justify\">Nel pomeriggio dello stesso venerd\u00ec 19 aprile, alle ore 15.30, il <strong>Festival apre come sempre le porte dell\u2019aula \u201cA. Scopelliti\u201d<\/strong> del Tribunale penale di Palmi per un processo simulato d\u2019eccezione. A salire sul banco degli imputati sar\u00e0 infatti addirittura Bocca di rosa, l\u2019indomito personaggio della canzone di <strong>Fabrizio De Andr\u00e9.<\/strong> A fronte dell\u2019accusa sostenuta da Antonio Salvati, magistrato ideatore del Festival, e in attesa della sentenza del giudice Marco Puglia \u2013 gi\u00e0 ospite del Festival e magistrato di sorveglianza del Tribunale di Napoli \u2013 ci sar\u00e0 una duplice sorpresa. La prima \u00e8 costituita dalla presenza \u2013 per la prima volta nella storia dei processi simulati del Festival &#8211; della stessa imputata, impersonata dall\u2019attrice teatrale Lalla Esposito. La seconda \u00e8 la partecipazione straordinaria, in qualit\u00e0 di avvocato difensore, di <strong>Peppe Barra<\/strong>. Il noto artista teatrale, infatti, reduce proprio con Lalla Esposito dai successi di spettacoli come\u00a0<i>Non c\u2019\u00e8 niente da ridere<\/i>\u00a0e dell\u2019immortale\u00a0<i>Cantata dei Pastori<\/i>, indosser\u00e0 per la prima volta la toga da avvocato in un vero tribunale per difendere colei che lui stesso ha immortalato in una travolgente versione della canzone che gli fu richiesta dallo stesso<strong> De Andr\u00e9.<\/strong><\/p>\n<p class=\"xmprfx_MsoNormal\" style=\"text-align: justify\">Sempre nella serata del 19 aprile, in occasione della <strong>Notte Nazionale del Liceo Classico,<\/strong> il Festival sar\u00e0 ospite del liceo palmese \u201cN. Pizi\u201d con una\u00a0<i>lectio magistralis\u00a0<\/i>sul ruolo dello sguardo nel diritto e nella musica, tra Italo Calvino e Tommy, la rock opera degli Who. Sabato mattina 20 aprile, alle ore 9.30, presso l\u2019Universit\u00e0 Mediterranea di Reggio Calabria si terr\u00e0 poi la consueta sessione accademica dedicata all\u2019avvocatura, in collaborazione con il Consiglio Nazionale Forense \u2013 partner scientifico dell\u2019intera manifestazione \u2013 e moderata dal prof. Daniele M. Cananzi, direttore del DIGIES \u2013 Dipartimento di Giurisprudenza, Economia e Scienze Umane dell\u2019ateneo reggino e responsabile scientifico del Festival.<\/p>\n<p class=\"xmprfx_MsoNormal\" style=\"text-align: justify\">I quattro giorni iniziali del Festival, che registrano anche il tradizionale appuntamento con il cineforum organizzato a Reggio Calabria dal Circolo del cinema \u201cC. Zavattini\u201d con la direzione dell\u2019avvocato <strong>Tonino De Pace<\/strong>, si concluderanno poi eccezionalmente domenica 21 aprile alle ore 17.30 presso il Consiglio dell\u2019Ordine degli Avvocati di <strong>Palmi<\/strong>. A discutere della Costituzione come spartito della sinfonia del vivere civile e della Corte Costituzionale come sua interprete saranno Donatella Stasio, giornalista e scrittrice, gi\u00e0 responsabile della comunicazione della Consulta; Francesco Napoli, vicepresidente del Consiglio Nazionale Forense e Angelo Caliendo, Componente del Consiglio Direttivo e responsabile dell&#8217;Ufficio Legale Eurispes.<\/p>\n<p class=\"xmprfx_MsoNormal\" style=\"text-align: justify\">L\u2019edizione 2024 si concluder\u00e0 con un evento speciale in collaborazione con l\u2019associazione Gli amici della musica Manfroce APS di Palmi in programma venerd\u00ec 10 maggio, alle ore 18.00, presso la Pinacoteca della Casa della Cultura cittadina, intitolata a Leonida Repaci. Ospiti la giurista Erika La Fauci e lo scrittore e docente Francesco Idotta, impegnati in una conversazione su libert\u00e0 e interpretazione tra standard jazzistici, principi della Costituzione e sinfonie di Gustav Mahler. Ad arricchire la riflessione un intervento di Domenico Giannetta, musicologo e compositore, e l\u2019esecuzione di brani musicali a cura del Intermezzi musicali a cura del Giancarlo &amp; Francesco Mazz\u00f9 Jazz Guitar Duo.<\/p>\n<p class=\"xmprfx_MsoNormal\" style=\"text-align: justify\">Il Festival si avvale della collaborazione di prestigiosi istituti di ricerca come il CRED \u2013 Centro di Ricerca per l\u2019Estetica del Diritto presso l\u2019<strong>Universit\u00e0 di Reggio Calabria,<\/strong> l&#8217;ISLL &#8211;\u00a0<i>Italian Society for Law and Literature<\/i> e il Centro Studi sulla Giustizia Penale &#8220;F. Stella&#8221; presso l&#8217;Universit\u00e0 Cattolica di Milano. \u00c8 anche un evento formativo accreditato per i Consigli dell\u2019Ordine degli Avvocati di Palmi, di Reggio Calabria e di Vibo Valentia.<\/p>\n","protected":false},"excerpt":{"rendered":"<p>L\u2019undicesima edizione del Festival Nazionale di Diritto e Letteratura \u201cCitt\u00e0 di Palmi\u201d, come da tradizione, in vista della sessione inaugurale di venerd\u00ec 19 aprile registra i primi appuntamenti gi\u00e0 tra&hellip;<\/p>\n","protected":false},"author":8,"featured_media":47668,"comment_status":"closed","ping_status":"open","sticky":false,"template":"","format":"standard","meta":{"_jetpack_memberships_contains_paid_content":false,"footnotes":"","jetpack_publicize_message":"","jetpack_publicize_feature_enabled":true,"jetpack_social_post_already_shared":false,"jetpack_social_options":{"image_generator_settings":{"template":"highway","default_image_id":0,"font":"","enabled":false},"version":2}},"categories":[921,196,140],"tags":[29317,464,236,3315],"class_list":["post-47667","post","type-post","status-publish","format-standard","has-post-thumbnail","hentry","category-home","category-news","category-reggio-calabria","tag-festival-nazionale-di-diritto-e-letteratura","tag-palmi","tag-reggio-calabria","tag-universita-di-reggio-calabria"],"yoast_head":"<!-- This site is optimized with the Yoast SEO plugin v27.2 - https:\/\/yoast.com\/product\/yoast-seo-wordpress\/ -->\n<title>Palmi: Baglioni presente all&#039;11esima edizione del Festival Nazionale di Diritto e Letteratura - Radio Touring 104<\/title>\n<meta name=\"description\" content=\"Claudio Baglioni, sar\u00e0 presente all&#039;11 esima edizione del Festival Nazionale di Diritto e Letteratura al Teatro \u201cN. A. Manfroce\u201d di Palmi.\" \/>\n<meta name=\"robots\" content=\"index, follow, max-snippet:-1, max-image-preview:large, max-video-preview:-1\" \/>\n<link rel=\"canonical\" href=\"https:\/\/progettotouring.it\/radiotouring104\/2024\/03\/22\/palmi-baglioni-presente-all11esima-edizione-del-festival-nazionale-di-diritto-e-letteratura\/\" \/>\n<meta property=\"og:locale\" content=\"it_IT\" \/>\n<meta property=\"og:type\" content=\"article\" \/>\n<meta property=\"og:title\" content=\"Palmi: Baglioni presente all&#039;11esima edizione del Festival Nazionale di Diritto e Letteratura - Radio Touring 104\" \/>\n<meta property=\"og:description\" content=\"Claudio Baglioni, sar\u00e0 presente all&#039;11 esima edizione del Festival Nazionale di Diritto e Letteratura al Teatro \u201cN. A. Manfroce\u201d di Palmi.\" \/>\n<meta property=\"og:url\" content=\"https:\/\/progettotouring.it\/radiotouring104\/2024\/03\/22\/palmi-baglioni-presente-all11esima-edizione-del-festival-nazionale-di-diritto-e-letteratura\/\" \/>\n<meta property=\"og:site_name\" content=\"Radio Touring 104\" \/>\n<meta property=\"article:published_time\" content=\"2024-03-22T13:25:27+00:00\" \/>\n<meta property=\"article:modified_time\" content=\"2024-03-22T13:35:46+00:00\" \/>\n<meta property=\"og:image\" content=\"https:\/\/progettotouring.it\/radiotouring104\/wp-content\/uploads\/sites\/6\/2024\/03\/LOCANDINA_FESTIVAL-NAZIONALE-DI-DIRITTO-E-LETTERATURA-XI-EDIZIONE.jpg\" \/>\n\t<meta property=\"og:image:width\" content=\"866\" \/>\n\t<meta property=\"og:image:height\" content=\"1280\" \/>\n\t<meta property=\"og:image:type\" content=\"image\/jpeg\" \/>\n<meta name=\"author\" content=\"Filippo Francesco Idone\" \/>\n<meta name=\"twitter:card\" content=\"summary_large_image\" \/>\n<meta name=\"twitter:label1\" content=\"Scritto da\" \/>\n\t<meta name=\"twitter:data1\" content=\"Filippo Francesco Idone\" \/>\n\t<meta name=\"twitter:label2\" content=\"Tempo di lettura stimato\" \/>\n\t<meta name=\"twitter:data2\" content=\"5 minuti\" \/>\n<script type=\"application\/ld+json\" class=\"yoast-schema-graph\">{\"@context\":\"https:\/\/schema.org\",\"@graph\":[{\"@type\":\"Article\",\"@id\":\"https:\/\/progettotouring.it\/radiotouring104\/2024\/03\/22\/palmi-baglioni-presente-all11esima-edizione-del-festival-nazionale-di-diritto-e-letteratura\/#article\",\"isPartOf\":{\"@id\":\"https:\/\/progettotouring.it\/radiotouring104\/2024\/03\/22\/palmi-baglioni-presente-all11esima-edizione-del-festival-nazionale-di-diritto-e-letteratura\/\"},\"author\":{\"name\":\"Filippo Francesco Idone\",\"@id\":\"https:\/\/progettotouring.it\/radiotouring104\/#\/schema\/person\/4a82259ca52ac8702ad1a8f9e5a3120b\"},\"headline\":\"Palmi: Baglioni presente all&#8217;11esima edizione del Festival Nazionale di Diritto e Letteratura\",\"datePublished\":\"2024-03-22T13:25:27+00:00\",\"dateModified\":\"2024-03-22T13:35:46+00:00\",\"mainEntityOfPage\":{\"@id\":\"https:\/\/progettotouring.it\/radiotouring104\/2024\/03\/22\/palmi-baglioni-presente-all11esima-edizione-del-festival-nazionale-di-diritto-e-letteratura\/\"},\"wordCount\":1034,\"publisher\":{\"@id\":\"https:\/\/progettotouring.it\/radiotouring104\/#organization\"},\"image\":{\"@id\":\"https:\/\/progettotouring.it\/radiotouring104\/2024\/03\/22\/palmi-baglioni-presente-all11esima-edizione-del-festival-nazionale-di-diritto-e-letteratura\/#primaryimage\"},\"thumbnailUrl\":\"https:\/\/progettotouring.it\/radiotouring104\/wp-content\/uploads\/sites\/6\/2024\/03\/LOCANDINA_FESTIVAL-NAZIONALE-DI-DIRITTO-E-LETTERATURA-XI-EDIZIONE.jpg\",\"keywords\":[\"Festival Nazionale di Diritto e Letteratura\",\"Palmi\",\"reggio calabria\",\"Universit\u00e0 di Reggio Calabria\"],\"articleSection\":[\"Home\",\"News\",\"Reggio Calabria\"],\"inLanguage\":\"it-IT\"},{\"@type\":\"WebPage\",\"@id\":\"https:\/\/progettotouring.it\/radiotouring104\/2024\/03\/22\/palmi-baglioni-presente-all11esima-edizione-del-festival-nazionale-di-diritto-e-letteratura\/\",\"url\":\"https:\/\/progettotouring.it\/radiotouring104\/2024\/03\/22\/palmi-baglioni-presente-all11esima-edizione-del-festival-nazionale-di-diritto-e-letteratura\/\",\"name\":\"Palmi: Baglioni presente all'11esima edizione del Festival Nazionale di Diritto e Letteratura - Radio Touring 104\",\"isPartOf\":{\"@id\":\"https:\/\/progettotouring.it\/radiotouring104\/#website\"},\"primaryImageOfPage\":{\"@id\":\"https:\/\/progettotouring.it\/radiotouring104\/2024\/03\/22\/palmi-baglioni-presente-all11esima-edizione-del-festival-nazionale-di-diritto-e-letteratura\/#primaryimage\"},\"image\":{\"@id\":\"https:\/\/progettotouring.it\/radiotouring104\/2024\/03\/22\/palmi-baglioni-presente-all11esima-edizione-del-festival-nazionale-di-diritto-e-letteratura\/#primaryimage\"},\"thumbnailUrl\":\"https:\/\/progettotouring.it\/radiotouring104\/wp-content\/uploads\/sites\/6\/2024\/03\/LOCANDINA_FESTIVAL-NAZIONALE-DI-DIRITTO-E-LETTERATURA-XI-EDIZIONE.jpg\",\"datePublished\":\"2024-03-22T13:25:27+00:00\",\"dateModified\":\"2024-03-22T13:35:46+00:00\",\"description\":\"Claudio Baglioni, sar\u00e0 presente all'11 esima edizione del Festival Nazionale di Diritto e Letteratura al Teatro \u201cN. A. Manfroce\u201d di Palmi.\",\"breadcrumb\":{\"@id\":\"https:\/\/progettotouring.it\/radiotouring104\/2024\/03\/22\/palmi-baglioni-presente-all11esima-edizione-del-festival-nazionale-di-diritto-e-letteratura\/#breadcrumb\"},\"inLanguage\":\"it-IT\",\"potentialAction\":[{\"@type\":\"ReadAction\",\"target\":[\"https:\/\/progettotouring.it\/radiotouring104\/2024\/03\/22\/palmi-baglioni-presente-all11esima-edizione-del-festival-nazionale-di-diritto-e-letteratura\/\"]}]},{\"@type\":\"ImageObject\",\"inLanguage\":\"it-IT\",\"@id\":\"https:\/\/progettotouring.it\/radiotouring104\/2024\/03\/22\/palmi-baglioni-presente-all11esima-edizione-del-festival-nazionale-di-diritto-e-letteratura\/#primaryimage\",\"url\":\"https:\/\/progettotouring.it\/radiotouring104\/wp-content\/uploads\/sites\/6\/2024\/03\/LOCANDINA_FESTIVAL-NAZIONALE-DI-DIRITTO-E-LETTERATURA-XI-EDIZIONE.jpg\",\"contentUrl\":\"https:\/\/progettotouring.it\/radiotouring104\/wp-content\/uploads\/sites\/6\/2024\/03\/LOCANDINA_FESTIVAL-NAZIONALE-DI-DIRITTO-E-LETTERATURA-XI-EDIZIONE.jpg\",\"width\":866,\"height\":1280},{\"@type\":\"BreadcrumbList\",\"@id\":\"https:\/\/progettotouring.it\/radiotouring104\/2024\/03\/22\/palmi-baglioni-presente-all11esima-edizione-del-festival-nazionale-di-diritto-e-letteratura\/#breadcrumb\",\"itemListElement\":[{\"@type\":\"ListItem\",\"position\":1,\"name\":\"Home\",\"item\":\"https:\/\/progettotouring.it\/radiotouring104\/\"},{\"@type\":\"ListItem\",\"position\":2,\"name\":\"Palmi: Baglioni presente all&#8217;11esima edizione del Festival Nazionale di Diritto e Letteratura\"}]},{\"@type\":\"WebSite\",\"@id\":\"https:\/\/progettotouring.it\/radiotouring104\/#website\",\"url\":\"https:\/\/progettotouring.it\/radiotouring104\/\",\"name\":\"Radio Touring 104\",\"description\":\"La prima radio Reggina\",\"publisher\":{\"@id\":\"https:\/\/progettotouring.it\/radiotouring104\/#organization\"},\"potentialAction\":[{\"@type\":\"SearchAction\",\"target\":{\"@type\":\"EntryPoint\",\"urlTemplate\":\"https:\/\/progettotouring.it\/radiotouring104\/?s={search_term_string}\"},\"query-input\":{\"@type\":\"PropertyValueSpecification\",\"valueRequired\":true,\"valueName\":\"search_term_string\"}}],\"inLanguage\":\"it-IT\"},{\"@type\":\"Organization\",\"@id\":\"https:\/\/progettotouring.it\/radiotouring104\/#organization\",\"name\":\"Radio Touring 104\",\"url\":\"https:\/\/progettotouring.it\/radiotouring104\/\",\"logo\":{\"@type\":\"ImageObject\",\"inLanguage\":\"it-IT\",\"@id\":\"https:\/\/progettotouring.it\/radiotouring104\/#\/schema\/logo\/image\/\",\"url\":\"https:\/\/progettotouring.it\/radiotouring104\/wp-content\/uploads\/sites\/6\/2022\/02\/cropped-logo-radio-touring-104.png\",\"contentUrl\":\"https:\/\/progettotouring.it\/radiotouring104\/wp-content\/uploads\/sites\/6\/2022\/02\/cropped-logo-radio-touring-104.png\",\"width\":377,\"height\":182,\"caption\":\"Radio Touring 104\"},\"image\":{\"@id\":\"https:\/\/progettotouring.it\/radiotouring104\/#\/schema\/logo\/image\/\"}},{\"@type\":\"Person\",\"@id\":\"https:\/\/progettotouring.it\/radiotouring104\/#\/schema\/person\/4a82259ca52ac8702ad1a8f9e5a3120b\",\"name\":\"Filippo Francesco Idone\",\"image\":{\"@type\":\"ImageObject\",\"inLanguage\":\"it-IT\",\"@id\":\"https:\/\/secure.gravatar.com\/avatar\/7268715d2366395c3dd314385670e6484117d44f5c442e61e230f7008b7b62d3?s=96&d=mm&r=g\",\"url\":\"https:\/\/secure.gravatar.com\/avatar\/7268715d2366395c3dd314385670e6484117d44f5c442e61e230f7008b7b62d3?s=96&d=mm&r=g\",\"contentUrl\":\"https:\/\/secure.gravatar.com\/avatar\/7268715d2366395c3dd314385670e6484117d44f5c442e61e230f7008b7b62d3?s=96&d=mm&r=g\",\"caption\":\"Filippo Francesco Idone\"},\"url\":\"https:\/\/progettotouring.it\/radiotouring104\/author\/filippoidone\/\"}]}<\/script>\n<!-- \/ Yoast SEO plugin. -->","yoast_head_json":{"title":"Palmi: Baglioni presente all'11esima edizione del Festival Nazionale di Diritto e Letteratura - Radio Touring 104","description":"Claudio Baglioni, sar\u00e0 presente all'11 esima edizione del Festival Nazionale di Diritto e Letteratura al Teatro \u201cN. A. Manfroce\u201d di Palmi.","robots":{"index":"index","follow":"follow","max-snippet":"max-snippet:-1","max-image-preview":"max-image-preview:large","max-video-preview":"max-video-preview:-1"},"canonical":"https:\/\/progettotouring.it\/radiotouring104\/2024\/03\/22\/palmi-baglioni-presente-all11esima-edizione-del-festival-nazionale-di-diritto-e-letteratura\/","og_locale":"it_IT","og_type":"article","og_title":"Palmi: Baglioni presente all'11esima edizione del Festival Nazionale di Diritto e Letteratura - Radio Touring 104","og_description":"Claudio Baglioni, sar\u00e0 presente all'11 esima edizione del Festival Nazionale di Diritto e Letteratura al Teatro \u201cN. A. Manfroce\u201d di Palmi.","og_url":"https:\/\/progettotouring.it\/radiotouring104\/2024\/03\/22\/palmi-baglioni-presente-all11esima-edizione-del-festival-nazionale-di-diritto-e-letteratura\/","og_site_name":"Radio Touring 104","article_published_time":"2024-03-22T13:25:27+00:00","article_modified_time":"2024-03-22T13:35:46+00:00","og_image":[{"width":866,"height":1280,"url":"https:\/\/progettotouring.it\/radiotouring104\/wp-content\/uploads\/sites\/6\/2024\/03\/LOCANDINA_FESTIVAL-NAZIONALE-DI-DIRITTO-E-LETTERATURA-XI-EDIZIONE.jpg","type":"image\/jpeg"}],"author":"Filippo Francesco Idone","twitter_card":"summary_large_image","twitter_misc":{"Scritto da":"Filippo Francesco Idone","Tempo di lettura stimato":"5 minuti"},"schema":{"@context":"https:\/\/schema.org","@graph":[{"@type":"Article","@id":"https:\/\/progettotouring.it\/radiotouring104\/2024\/03\/22\/palmi-baglioni-presente-all11esima-edizione-del-festival-nazionale-di-diritto-e-letteratura\/#article","isPartOf":{"@id":"https:\/\/progettotouring.it\/radiotouring104\/2024\/03\/22\/palmi-baglioni-presente-all11esima-edizione-del-festival-nazionale-di-diritto-e-letteratura\/"},"author":{"name":"Filippo Francesco Idone","@id":"https:\/\/progettotouring.it\/radiotouring104\/#\/schema\/person\/4a82259ca52ac8702ad1a8f9e5a3120b"},"headline":"Palmi: Baglioni presente all&#8217;11esima edizione del Festival Nazionale di Diritto e Letteratura","datePublished":"2024-03-22T13:25:27+00:00","dateModified":"2024-03-22T13:35:46+00:00","mainEntityOfPage":{"@id":"https:\/\/progettotouring.it\/radiotouring104\/2024\/03\/22\/palmi-baglioni-presente-all11esima-edizione-del-festival-nazionale-di-diritto-e-letteratura\/"},"wordCount":1034,"publisher":{"@id":"https:\/\/progettotouring.it\/radiotouring104\/#organization"},"image":{"@id":"https:\/\/progettotouring.it\/radiotouring104\/2024\/03\/22\/palmi-baglioni-presente-all11esima-edizione-del-festival-nazionale-di-diritto-e-letteratura\/#primaryimage"},"thumbnailUrl":"https:\/\/progettotouring.it\/radiotouring104\/wp-content\/uploads\/sites\/6\/2024\/03\/LOCANDINA_FESTIVAL-NAZIONALE-DI-DIRITTO-E-LETTERATURA-XI-EDIZIONE.jpg","keywords":["Festival Nazionale di Diritto e Letteratura","Palmi","reggio calabria","Universit\u00e0 di Reggio Calabria"],"articleSection":["Home","News","Reggio Calabria"],"inLanguage":"it-IT"},{"@type":"WebPage","@id":"https:\/\/progettotouring.it\/radiotouring104\/2024\/03\/22\/palmi-baglioni-presente-all11esima-edizione-del-festival-nazionale-di-diritto-e-letteratura\/","url":"https:\/\/progettotouring.it\/radiotouring104\/2024\/03\/22\/palmi-baglioni-presente-all11esima-edizione-del-festival-nazionale-di-diritto-e-letteratura\/","name":"Palmi: Baglioni presente all'11esima edizione del Festival Nazionale di Diritto e Letteratura - Radio Touring 104","isPartOf":{"@id":"https:\/\/progettotouring.it\/radiotouring104\/#website"},"primaryImageOfPage":{"@id":"https:\/\/progettotouring.it\/radiotouring104\/2024\/03\/22\/palmi-baglioni-presente-all11esima-edizione-del-festival-nazionale-di-diritto-e-letteratura\/#primaryimage"},"image":{"@id":"https:\/\/progettotouring.it\/radiotouring104\/2024\/03\/22\/palmi-baglioni-presente-all11esima-edizione-del-festival-nazionale-di-diritto-e-letteratura\/#primaryimage"},"thumbnailUrl":"https:\/\/progettotouring.it\/radiotouring104\/wp-content\/uploads\/sites\/6\/2024\/03\/LOCANDINA_FESTIVAL-NAZIONALE-DI-DIRITTO-E-LETTERATURA-XI-EDIZIONE.jpg","datePublished":"2024-03-22T13:25:27+00:00","dateModified":"2024-03-22T13:35:46+00:00","description":"Claudio Baglioni, sar\u00e0 presente all'11 esima edizione del Festival Nazionale di Diritto e Letteratura al Teatro \u201cN. A. Manfroce\u201d di Palmi.","breadcrumb":{"@id":"https:\/\/progettotouring.it\/radiotouring104\/2024\/03\/22\/palmi-baglioni-presente-all11esima-edizione-del-festival-nazionale-di-diritto-e-letteratura\/#breadcrumb"},"inLanguage":"it-IT","potentialAction":[{"@type":"ReadAction","target":["https:\/\/progettotouring.it\/radiotouring104\/2024\/03\/22\/palmi-baglioni-presente-all11esima-edizione-del-festival-nazionale-di-diritto-e-letteratura\/"]}]},{"@type":"ImageObject","inLanguage":"it-IT","@id":"https:\/\/progettotouring.it\/radiotouring104\/2024\/03\/22\/palmi-baglioni-presente-all11esima-edizione-del-festival-nazionale-di-diritto-e-letteratura\/#primaryimage","url":"https:\/\/progettotouring.it\/radiotouring104\/wp-content\/uploads\/sites\/6\/2024\/03\/LOCANDINA_FESTIVAL-NAZIONALE-DI-DIRITTO-E-LETTERATURA-XI-EDIZIONE.jpg","contentUrl":"https:\/\/progettotouring.it\/radiotouring104\/wp-content\/uploads\/sites\/6\/2024\/03\/LOCANDINA_FESTIVAL-NAZIONALE-DI-DIRITTO-E-LETTERATURA-XI-EDIZIONE.jpg","width":866,"height":1280},{"@type":"BreadcrumbList","@id":"https:\/\/progettotouring.it\/radiotouring104\/2024\/03\/22\/palmi-baglioni-presente-all11esima-edizione-del-festival-nazionale-di-diritto-e-letteratura\/#breadcrumb","itemListElement":[{"@type":"ListItem","position":1,"name":"Home","item":"https:\/\/progettotouring.it\/radiotouring104\/"},{"@type":"ListItem","position":2,"name":"Palmi: Baglioni presente all&#8217;11esima edizione del Festival Nazionale di Diritto e Letteratura"}]},{"@type":"WebSite","@id":"https:\/\/progettotouring.it\/radiotouring104\/#website","url":"https:\/\/progettotouring.it\/radiotouring104\/","name":"Radio Touring 104","description":"La prima radio Reggina","publisher":{"@id":"https:\/\/progettotouring.it\/radiotouring104\/#organization"},"potentialAction":[{"@type":"SearchAction","target":{"@type":"EntryPoint","urlTemplate":"https:\/\/progettotouring.it\/radiotouring104\/?s={search_term_string}"},"query-input":{"@type":"PropertyValueSpecification","valueRequired":true,"valueName":"search_term_string"}}],"inLanguage":"it-IT"},{"@type":"Organization","@id":"https:\/\/progettotouring.it\/radiotouring104\/#organization","name":"Radio Touring 104","url":"https:\/\/progettotouring.it\/radiotouring104\/","logo":{"@type":"ImageObject","inLanguage":"it-IT","@id":"https:\/\/progettotouring.it\/radiotouring104\/#\/schema\/logo\/image\/","url":"https:\/\/progettotouring.it\/radiotouring104\/wp-content\/uploads\/sites\/6\/2022\/02\/cropped-logo-radio-touring-104.png","contentUrl":"https:\/\/progettotouring.it\/radiotouring104\/wp-content\/uploads\/sites\/6\/2022\/02\/cropped-logo-radio-touring-104.png","width":377,"height":182,"caption":"Radio Touring 104"},"image":{"@id":"https:\/\/progettotouring.it\/radiotouring104\/#\/schema\/logo\/image\/"}},{"@type":"Person","@id":"https:\/\/progettotouring.it\/radiotouring104\/#\/schema\/person\/4a82259ca52ac8702ad1a8f9e5a3120b","name":"Filippo Francesco Idone","image":{"@type":"ImageObject","inLanguage":"it-IT","@id":"https:\/\/secure.gravatar.com\/avatar\/7268715d2366395c3dd314385670e6484117d44f5c442e61e230f7008b7b62d3?s=96&d=mm&r=g","url":"https:\/\/secure.gravatar.com\/avatar\/7268715d2366395c3dd314385670e6484117d44f5c442e61e230f7008b7b62d3?s=96&d=mm&r=g","contentUrl":"https:\/\/secure.gravatar.com\/avatar\/7268715d2366395c3dd314385670e6484117d44f5c442e61e230f7008b7b62d3?s=96&d=mm&r=g","caption":"Filippo Francesco Idone"},"url":"https:\/\/progettotouring.it\/radiotouring104\/author\/filippoidone\/"}]}},"jetpack_publicize_connections":[],"jetpack_featured_media_url":"https:\/\/progettotouring.it\/radiotouring104\/wp-content\/uploads\/sites\/6\/2024\/03\/LOCANDINA_FESTIVAL-NAZIONALE-DI-DIRITTO-E-LETTERATURA-XI-EDIZIONE.jpg","jetpack_sharing_enabled":true,"_links":{"self":[{"href":"https:\/\/progettotouring.it\/radiotouring104\/wp-json\/wp\/v2\/posts\/47667","targetHints":{"allow":["GET"]}}],"collection":[{"href":"https:\/\/progettotouring.it\/radiotouring104\/wp-json\/wp\/v2\/posts"}],"about":[{"href":"https:\/\/progettotouring.it\/radiotouring104\/wp-json\/wp\/v2\/types\/post"}],"author":[{"embeddable":true,"href":"https:\/\/progettotouring.it\/radiotouring104\/wp-json\/wp\/v2\/users\/8"}],"replies":[{"embeddable":true,"href":"https:\/\/progettotouring.it\/radiotouring104\/wp-json\/wp\/v2\/comments?post=47667"}],"version-history":[{"count":1,"href":"https:\/\/progettotouring.it\/radiotouring104\/wp-json\/wp\/v2\/posts\/47667\/revisions"}],"predecessor-version":[{"id":47669,"href":"https:\/\/progettotouring.it\/radiotouring104\/wp-json\/wp\/v2\/posts\/47667\/revisions\/47669"}],"wp:featuredmedia":[{"embeddable":true,"href":"https:\/\/progettotouring.it\/radiotouring104\/wp-json\/wp\/v2\/media\/47668"}],"wp:attachment":[{"href":"https:\/\/progettotouring.it\/radiotouring104\/wp-json\/wp\/v2\/media?parent=47667"}],"wp:term":[{"taxonomy":"category","embeddable":true,"href":"https:\/\/progettotouring.it\/radiotouring104\/wp-json\/wp\/v2\/categories?post=47667"},{"taxonomy":"post_tag","embeddable":true,"href":"https:\/\/progettotouring.it\/radiotouring104\/wp-json\/wp\/v2\/tags?post=47667"}],"curies":[{"name":"wp","href":"https:\/\/api.w.org\/{rel}","templated":true}]}}