{"id":47917,"date":"2024-03-25T13:01:54","date_gmt":"2024-03-25T12:01:54","guid":{"rendered":"https:\/\/progettotouring.it\/radiotouring104\/?p=47917"},"modified":"2024-03-25T13:03:47","modified_gmt":"2024-03-25T12:03:47","slug":"alecci-quale-futuro-per-la-casa-di-comunita-di-scilla","status":"publish","type":"post","link":"https:\/\/progettotouring.it\/radiotouring104\/2024\/03\/25\/alecci-quale-futuro-per-la-casa-di-comunita-di-scilla\/","title":{"rendered":"Alecci: &#8220;Quale futuro per la &#8220;Casa di Comunit\u00e0 di Scilla?&#8221;"},"content":{"rendered":"<p style=\"text-align: justify\">Sebbene negli ultimi giorni il dibattito si sia concentrato sul nuovo <strong>Piano della Rete Ospedaliera calabrese<\/strong>, con le conseguenti perplessit\u00e0 che da pi\u00f9 parti (a dire il vero anche dai banchi della stessa maggioranza) si sono levate, credo che la medesima attenzione vada garantita alla tutela e allo sviluppo della Rete Territoriale. Faccio riferimento a quelle strutture ospedaliere pi\u00f9 piccole che in base alla riorganizzazione approvata nel 2010 sarebbero dovute diventare successivamente <strong>\u201cCase della Salute\u201d<\/strong> per poi, a causa dell\u2019incapacit\u00e0 di attuare in tempi congrui gli interventi, ripensate grazie ai fondi del PNRR come \u201c<strong>Case di Comunit<\/strong>\u00e0\u201d. Ospedali che, sebbene contenuti nel numero di reparti e posti letto, all\u2019interno di determinati territori hanno giocato e giocano un servizio pubblico fondamentale. Tra queste, certamente quella che dovrebbe essere la \u201cCasa di Comunit\u00e0 di Scilla\u201d, ex Ospedale \u201cScillesi d\u2019America\u201d. Una struttura che fin dalla sua fondazione nel 1961 \u00e8 stata punto di riferimento sanitario per un comprensorio di circa 80.000 abitanti, servendo anche l\u2019utenza proveniente in parte dalla Citt\u00e0 di Reggio Calabria.<\/p>\n<p style=\"text-align: justify\">Rispondendo alle sollecitazioni di alcuni comitati di cittadini ho depositato in Consiglio regionale un\u2019interrogazione rivolta al Presidente e Commissario ad Acta Roberto Occhiuto per provare a fare chiarezza sulla situazione della struttura e sul suo futuro. Negli ultimi giorni, infatti, \u00e8 salita la preoccupazione tra i cittadini di Scilla e del comprensorio a causa dei dubbi sempre pi\u00f9 insistenti sul suo mantenimento. Preoccupazione pi\u00f9 che comprensibile per una serie di motivi legati sia al mancato utilizzo di pi\u00f9 di 8 milioni di euro gi\u00e0 stanziati dal 2021 per l\u2019adeguamento della struttura e mai utilizzati, alla chiusura per inagibilit\u00e0 da parte dell\u2019Asp di Reggio di alcune parti per carenze strutturali e pericolo sismico e la conseguente necessit\u00e0 di ricostruire da zero la futura Casa della Comunit\u00e0, alla necessit\u00e0 di reperire altri fondi per il progetto finale (15 milioni di euro in tutto), alla mancanza di risposte certe e definitive.<\/p>\n<p style=\"text-align: justify\">Negli ultimi tempi la situazione si \u00e8 aggravata con la chiusura di altri due ambulatori molto importanti come il Centro di Salute Mentale e Allergologia che, da soli erogavano fino a 23.000 prestazioni annue. Chiusure che non hanno fatto che aumentare le paure e le perplessit\u00e0 gi\u00e0 presenti e diffuse. L\u2019interrogazione che ho sottoscritto ha proprio l\u2019obiettivo di conoscere il cronoprogramma e una data di conclusione realistica dei lavori per la Casa di Comunit\u00e0 di Scilla, nonch\u00e9 le eventuali azioni che si intendono intraprendere per garantire nel frattempo il diritto alla salute dei residenti e dei tanti turisti che affollano Scilla e la costa nel periodo estivo. Un diritto che ad oggi in questo territorio, cos\u00ec come in tante altre zone della nostra regione, non \u00e8 garantito!<\/p>\n<p>&nbsp;<\/p>\n<p>&nbsp;<\/p>\n","protected":false},"excerpt":{"rendered":"<p>Sebbene negli ultimi giorni il dibattito si sia concentrato sul nuovo Piano della Rete Ospedaliera calabrese, con le conseguenti perplessit\u00e0 che da pi\u00f9 parti (a dire il vero anche dai&hellip;<\/p>\n","protected":false},"author":12,"featured_media":22505,"comment_status":"closed","ping_status":"open","sticky":false,"template":"","format":"standard","meta":{"_jetpack_memberships_contains_paid_content":false,"footnotes":"","jetpack_publicize_message":"","jetpack_publicize_feature_enabled":true,"jetpack_social_post_already_shared":false,"jetpack_social_options":{"image_generator_settings":{"template":"highway","default_image_id":0,"font":"","enabled":false},"version":2}},"categories":[921,150,196,140],"tags":[29399,5764,29398,3889,29401,29400,1533],"class_list":["post-47917","post","type-post","status-publish","format-standard","has-post-thumbnail","hentry","category-home","category-in-primo-piano","category-news","category-reggio-calabria","tag-casa-di-comunita","tag-consiglio-regionale-della-calabria","tag-deposito-interrogazione","tag-ernesto-alecci","tag-piano-sanita-calabria","tag-quale-futuro","tag-scilla"],"yoast_head":"<!-- This site is optimized with the Yoast SEO plugin v27.2 - https:\/\/yoast.com\/product\/yoast-seo-wordpress\/ -->\n<title>Alecci: &quot;Quale futuro per la &quot;Casa di Comunit\u00e0 di Scilla?&quot;<\/title>\n<meta name=\"description\" content=\"\u201cContinuano a chiudere gli ambulatori, c\u2019\u00e8 molta preoccupazione&quot;, dichiara Alecci, comunicando il deposito di un&#039;interrogazione in Consiglio\" \/>\n<meta name=\"robots\" content=\"index, follow, max-snippet:-1, max-image-preview:large, max-video-preview:-1\" \/>\n<link rel=\"canonical\" href=\"https:\/\/progettotouring.it\/radiotouring104\/2024\/03\/25\/alecci-quale-futuro-per-la-casa-di-comunita-di-scilla\/\" \/>\n<meta property=\"og:locale\" content=\"it_IT\" \/>\n<meta property=\"og:type\" content=\"article\" \/>\n<meta property=\"og:title\" content=\"Alecci: &quot;Quale futuro per la &quot;Casa di Comunit\u00e0 di Scilla?&quot;\" \/>\n<meta property=\"og:description\" content=\"\u201cContinuano a chiudere gli ambulatori, c\u2019\u00e8 molta preoccupazione&quot;, dichiara Alecci, comunicando il deposito di un&#039;interrogazione in Consiglio\" \/>\n<meta property=\"og:url\" content=\"https:\/\/progettotouring.it\/radiotouring104\/2024\/03\/25\/alecci-quale-futuro-per-la-casa-di-comunita-di-scilla\/\" \/>\n<meta property=\"og:site_name\" content=\"Radio Touring 104\" \/>\n<meta property=\"article:published_time\" content=\"2024-03-25T12:01:54+00:00\" \/>\n<meta property=\"article:modified_time\" content=\"2024-03-25T12:03:47+00:00\" \/>\n<meta property=\"og:image\" content=\"https:\/\/progettotouring.it\/radiotouring104\/wp-content\/uploads\/sites\/6\/2023\/04\/ernesto-alecci.jpg\" \/>\n\t<meta property=\"og:image:width\" content=\"1319\" \/>\n\t<meta property=\"og:image:height\" content=\"1600\" \/>\n\t<meta property=\"og:image:type\" content=\"image\/jpeg\" \/>\n<meta name=\"author\" content=\"Sebastiano Plutino\" \/>\n<meta name=\"twitter:card\" content=\"summary_large_image\" \/>\n<meta name=\"twitter:label1\" content=\"Scritto da\" \/>\n\t<meta name=\"twitter:data1\" content=\"Sebastiano Plutino\" \/>\n\t<meta name=\"twitter:label2\" content=\"Tempo di lettura stimato\" \/>\n\t<meta name=\"twitter:data2\" content=\"2 minuti\" \/>\n<script type=\"application\/ld+json\" class=\"yoast-schema-graph\">{\"@context\":\"https:\/\/schema.org\",\"@graph\":[{\"@type\":\"Article\",\"@id\":\"https:\/\/progettotouring.it\/radiotouring104\/2024\/03\/25\/alecci-quale-futuro-per-la-casa-di-comunita-di-scilla\/#article\",\"isPartOf\":{\"@id\":\"https:\/\/progettotouring.it\/radiotouring104\/2024\/03\/25\/alecci-quale-futuro-per-la-casa-di-comunita-di-scilla\/\"},\"author\":{\"name\":\"Sebastiano Plutino\",\"@id\":\"https:\/\/progettotouring.it\/radiotouring104\/#\/schema\/person\/78613917f1851f041f7483f5af1d422e\"},\"headline\":\"Alecci: &#8220;Quale futuro per la &#8220;Casa di Comunit\u00e0 di Scilla?&#8221;\",\"datePublished\":\"2024-03-25T12:01:54+00:00\",\"dateModified\":\"2024-03-25T12:03:47+00:00\",\"mainEntityOfPage\":{\"@id\":\"https:\/\/progettotouring.it\/radiotouring104\/2024\/03\/25\/alecci-quale-futuro-per-la-casa-di-comunita-di-scilla\/\"},\"wordCount\":455,\"publisher\":{\"@id\":\"https:\/\/progettotouring.it\/radiotouring104\/#organization\"},\"image\":{\"@id\":\"https:\/\/progettotouring.it\/radiotouring104\/2024\/03\/25\/alecci-quale-futuro-per-la-casa-di-comunita-di-scilla\/#primaryimage\"},\"thumbnailUrl\":\"https:\/\/progettotouring.it\/radiotouring104\/wp-content\/uploads\/sites\/6\/2023\/04\/ernesto-alecci.jpg\",\"keywords\":[\"Casa di comunit\u00e0\",\"Consiglio regionale della Calabria\",\"deposito interrogazione\",\"Ernesto Alecci\",\"Piano Sanit\u00e0 Calabria\",\"quale futuro\",\"scilla\"],\"articleSection\":[\"Home\",\"In primo piano\",\"News\",\"Reggio Calabria\"],\"inLanguage\":\"it-IT\"},{\"@type\":\"WebPage\",\"@id\":\"https:\/\/progettotouring.it\/radiotouring104\/2024\/03\/25\/alecci-quale-futuro-per-la-casa-di-comunita-di-scilla\/\",\"url\":\"https:\/\/progettotouring.it\/radiotouring104\/2024\/03\/25\/alecci-quale-futuro-per-la-casa-di-comunita-di-scilla\/\",\"name\":\"Alecci: \\\"Quale futuro per la \\\"Casa di Comunit\u00e0 di Scilla?\\\"\",\"isPartOf\":{\"@id\":\"https:\/\/progettotouring.it\/radiotouring104\/#website\"},\"primaryImageOfPage\":{\"@id\":\"https:\/\/progettotouring.it\/radiotouring104\/2024\/03\/25\/alecci-quale-futuro-per-la-casa-di-comunita-di-scilla\/#primaryimage\"},\"image\":{\"@id\":\"https:\/\/progettotouring.it\/radiotouring104\/2024\/03\/25\/alecci-quale-futuro-per-la-casa-di-comunita-di-scilla\/#primaryimage\"},\"thumbnailUrl\":\"https:\/\/progettotouring.it\/radiotouring104\/wp-content\/uploads\/sites\/6\/2023\/04\/ernesto-alecci.jpg\",\"datePublished\":\"2024-03-25T12:01:54+00:00\",\"dateModified\":\"2024-03-25T12:03:47+00:00\",\"description\":\"\u201cContinuano a chiudere gli ambulatori, c\u2019\u00e8 molta preoccupazione\\\", dichiara Alecci, comunicando il deposito di un'interrogazione in Consiglio\",\"breadcrumb\":{\"@id\":\"https:\/\/progettotouring.it\/radiotouring104\/2024\/03\/25\/alecci-quale-futuro-per-la-casa-di-comunita-di-scilla\/#breadcrumb\"},\"inLanguage\":\"it-IT\",\"potentialAction\":[{\"@type\":\"ReadAction\",\"target\":[\"https:\/\/progettotouring.it\/radiotouring104\/2024\/03\/25\/alecci-quale-futuro-per-la-casa-di-comunita-di-scilla\/\"]}]},{\"@type\":\"ImageObject\",\"inLanguage\":\"it-IT\",\"@id\":\"https:\/\/progettotouring.it\/radiotouring104\/2024\/03\/25\/alecci-quale-futuro-per-la-casa-di-comunita-di-scilla\/#primaryimage\",\"url\":\"https:\/\/progettotouring.it\/radiotouring104\/wp-content\/uploads\/sites\/6\/2023\/04\/ernesto-alecci.jpg\",\"contentUrl\":\"https:\/\/progettotouring.it\/radiotouring104\/wp-content\/uploads\/sites\/6\/2023\/04\/ernesto-alecci.jpg\",\"width\":1319,\"height\":1600},{\"@type\":\"BreadcrumbList\",\"@id\":\"https:\/\/progettotouring.it\/radiotouring104\/2024\/03\/25\/alecci-quale-futuro-per-la-casa-di-comunita-di-scilla\/#breadcrumb\",\"itemListElement\":[{\"@type\":\"ListItem\",\"position\":1,\"name\":\"Home\",\"item\":\"https:\/\/progettotouring.it\/radiotouring104\/\"},{\"@type\":\"ListItem\",\"position\":2,\"name\":\"Alecci: &#8220;Quale futuro per la &#8220;Casa di Comunit\u00e0 di Scilla?&#8221;\"}]},{\"@type\":\"WebSite\",\"@id\":\"https:\/\/progettotouring.it\/radiotouring104\/#website\",\"url\":\"https:\/\/progettotouring.it\/radiotouring104\/\",\"name\":\"Radio Touring 104\",\"description\":\"La prima radio Reggina\",\"publisher\":{\"@id\":\"https:\/\/progettotouring.it\/radiotouring104\/#organization\"},\"potentialAction\":[{\"@type\":\"SearchAction\",\"target\":{\"@type\":\"EntryPoint\",\"urlTemplate\":\"https:\/\/progettotouring.it\/radiotouring104\/?s={search_term_string}\"},\"query-input\":{\"@type\":\"PropertyValueSpecification\",\"valueRequired\":true,\"valueName\":\"search_term_string\"}}],\"inLanguage\":\"it-IT\"},{\"@type\":\"Organization\",\"@id\":\"https:\/\/progettotouring.it\/radiotouring104\/#organization\",\"name\":\"Radio Touring 104\",\"url\":\"https:\/\/progettotouring.it\/radiotouring104\/\",\"logo\":{\"@type\":\"ImageObject\",\"inLanguage\":\"it-IT\",\"@id\":\"https:\/\/progettotouring.it\/radiotouring104\/#\/schema\/logo\/image\/\",\"url\":\"https:\/\/progettotouring.it\/radiotouring104\/wp-content\/uploads\/sites\/6\/2022\/02\/cropped-logo-radio-touring-104.png\",\"contentUrl\":\"https:\/\/progettotouring.it\/radiotouring104\/wp-content\/uploads\/sites\/6\/2022\/02\/cropped-logo-radio-touring-104.png\",\"width\":377,\"height\":182,\"caption\":\"Radio Touring 104\"},\"image\":{\"@id\":\"https:\/\/progettotouring.it\/radiotouring104\/#\/schema\/logo\/image\/\"}},{\"@type\":\"Person\",\"@id\":\"https:\/\/progettotouring.it\/radiotouring104\/#\/schema\/person\/78613917f1851f041f7483f5af1d422e\",\"name\":\"Sebastiano Plutino\",\"image\":{\"@type\":\"ImageObject\",\"inLanguage\":\"it-IT\",\"@id\":\"https:\/\/secure.gravatar.com\/avatar\/0546ffaa9b79224faf9f2a156b67a529ae861d3287c66c1d8ccfdf909bcba78d?s=96&d=mm&r=g\",\"url\":\"https:\/\/secure.gravatar.com\/avatar\/0546ffaa9b79224faf9f2a156b67a529ae861d3287c66c1d8ccfdf909bcba78d?s=96&d=mm&r=g\",\"contentUrl\":\"https:\/\/secure.gravatar.com\/avatar\/0546ffaa9b79224faf9f2a156b67a529ae861d3287c66c1d8ccfdf909bcba78d?s=96&d=mm&r=g\",\"caption\":\"Sebastiano Plutino\"},\"url\":\"https:\/\/progettotouring.it\/radiotouring104\/author\/sebastiano\/\"}]}<\/script>\n<!-- \/ Yoast SEO plugin. -->","yoast_head_json":{"title":"Alecci: \"Quale futuro per la \"Casa di Comunit\u00e0 di Scilla?\"","description":"\u201cContinuano a chiudere gli ambulatori, c\u2019\u00e8 molta preoccupazione\", dichiara Alecci, comunicando il deposito di un'interrogazione in Consiglio","robots":{"index":"index","follow":"follow","max-snippet":"max-snippet:-1","max-image-preview":"max-image-preview:large","max-video-preview":"max-video-preview:-1"},"canonical":"https:\/\/progettotouring.it\/radiotouring104\/2024\/03\/25\/alecci-quale-futuro-per-la-casa-di-comunita-di-scilla\/","og_locale":"it_IT","og_type":"article","og_title":"Alecci: \"Quale futuro per la \"Casa di Comunit\u00e0 di Scilla?\"","og_description":"\u201cContinuano a chiudere gli ambulatori, c\u2019\u00e8 molta preoccupazione\", dichiara Alecci, comunicando il deposito di un'interrogazione in Consiglio","og_url":"https:\/\/progettotouring.it\/radiotouring104\/2024\/03\/25\/alecci-quale-futuro-per-la-casa-di-comunita-di-scilla\/","og_site_name":"Radio Touring 104","article_published_time":"2024-03-25T12:01:54+00:00","article_modified_time":"2024-03-25T12:03:47+00:00","og_image":[{"width":1319,"height":1600,"url":"https:\/\/progettotouring.it\/radiotouring104\/wp-content\/uploads\/sites\/6\/2023\/04\/ernesto-alecci.jpg","type":"image\/jpeg"}],"author":"Sebastiano Plutino","twitter_card":"summary_large_image","twitter_misc":{"Scritto da":"Sebastiano Plutino","Tempo di lettura stimato":"2 minuti"},"schema":{"@context":"https:\/\/schema.org","@graph":[{"@type":"Article","@id":"https:\/\/progettotouring.it\/radiotouring104\/2024\/03\/25\/alecci-quale-futuro-per-la-casa-di-comunita-di-scilla\/#article","isPartOf":{"@id":"https:\/\/progettotouring.it\/radiotouring104\/2024\/03\/25\/alecci-quale-futuro-per-la-casa-di-comunita-di-scilla\/"},"author":{"name":"Sebastiano Plutino","@id":"https:\/\/progettotouring.it\/radiotouring104\/#\/schema\/person\/78613917f1851f041f7483f5af1d422e"},"headline":"Alecci: &#8220;Quale futuro per la &#8220;Casa di Comunit\u00e0 di Scilla?&#8221;","datePublished":"2024-03-25T12:01:54+00:00","dateModified":"2024-03-25T12:03:47+00:00","mainEntityOfPage":{"@id":"https:\/\/progettotouring.it\/radiotouring104\/2024\/03\/25\/alecci-quale-futuro-per-la-casa-di-comunita-di-scilla\/"},"wordCount":455,"publisher":{"@id":"https:\/\/progettotouring.it\/radiotouring104\/#organization"},"image":{"@id":"https:\/\/progettotouring.it\/radiotouring104\/2024\/03\/25\/alecci-quale-futuro-per-la-casa-di-comunita-di-scilla\/#primaryimage"},"thumbnailUrl":"https:\/\/progettotouring.it\/radiotouring104\/wp-content\/uploads\/sites\/6\/2023\/04\/ernesto-alecci.jpg","keywords":["Casa di comunit\u00e0","Consiglio regionale della Calabria","deposito interrogazione","Ernesto Alecci","Piano Sanit\u00e0 Calabria","quale futuro","scilla"],"articleSection":["Home","In primo piano","News","Reggio Calabria"],"inLanguage":"it-IT"},{"@type":"WebPage","@id":"https:\/\/progettotouring.it\/radiotouring104\/2024\/03\/25\/alecci-quale-futuro-per-la-casa-di-comunita-di-scilla\/","url":"https:\/\/progettotouring.it\/radiotouring104\/2024\/03\/25\/alecci-quale-futuro-per-la-casa-di-comunita-di-scilla\/","name":"Alecci: \"Quale futuro per la \"Casa di Comunit\u00e0 di Scilla?\"","isPartOf":{"@id":"https:\/\/progettotouring.it\/radiotouring104\/#website"},"primaryImageOfPage":{"@id":"https:\/\/progettotouring.it\/radiotouring104\/2024\/03\/25\/alecci-quale-futuro-per-la-casa-di-comunita-di-scilla\/#primaryimage"},"image":{"@id":"https:\/\/progettotouring.it\/radiotouring104\/2024\/03\/25\/alecci-quale-futuro-per-la-casa-di-comunita-di-scilla\/#primaryimage"},"thumbnailUrl":"https:\/\/progettotouring.it\/radiotouring104\/wp-content\/uploads\/sites\/6\/2023\/04\/ernesto-alecci.jpg","datePublished":"2024-03-25T12:01:54+00:00","dateModified":"2024-03-25T12:03:47+00:00","description":"\u201cContinuano a chiudere gli ambulatori, c\u2019\u00e8 molta preoccupazione\", dichiara Alecci, comunicando il deposito di un'interrogazione in Consiglio","breadcrumb":{"@id":"https:\/\/progettotouring.it\/radiotouring104\/2024\/03\/25\/alecci-quale-futuro-per-la-casa-di-comunita-di-scilla\/#breadcrumb"},"inLanguage":"it-IT","potentialAction":[{"@type":"ReadAction","target":["https:\/\/progettotouring.it\/radiotouring104\/2024\/03\/25\/alecci-quale-futuro-per-la-casa-di-comunita-di-scilla\/"]}]},{"@type":"ImageObject","inLanguage":"it-IT","@id":"https:\/\/progettotouring.it\/radiotouring104\/2024\/03\/25\/alecci-quale-futuro-per-la-casa-di-comunita-di-scilla\/#primaryimage","url":"https:\/\/progettotouring.it\/radiotouring104\/wp-content\/uploads\/sites\/6\/2023\/04\/ernesto-alecci.jpg","contentUrl":"https:\/\/progettotouring.it\/radiotouring104\/wp-content\/uploads\/sites\/6\/2023\/04\/ernesto-alecci.jpg","width":1319,"height":1600},{"@type":"BreadcrumbList","@id":"https:\/\/progettotouring.it\/radiotouring104\/2024\/03\/25\/alecci-quale-futuro-per-la-casa-di-comunita-di-scilla\/#breadcrumb","itemListElement":[{"@type":"ListItem","position":1,"name":"Home","item":"https:\/\/progettotouring.it\/radiotouring104\/"},{"@type":"ListItem","position":2,"name":"Alecci: &#8220;Quale futuro per la &#8220;Casa di Comunit\u00e0 di Scilla?&#8221;"}]},{"@type":"WebSite","@id":"https:\/\/progettotouring.it\/radiotouring104\/#website","url":"https:\/\/progettotouring.it\/radiotouring104\/","name":"Radio Touring 104","description":"La prima radio Reggina","publisher":{"@id":"https:\/\/progettotouring.it\/radiotouring104\/#organization"},"potentialAction":[{"@type":"SearchAction","target":{"@type":"EntryPoint","urlTemplate":"https:\/\/progettotouring.it\/radiotouring104\/?s={search_term_string}"},"query-input":{"@type":"PropertyValueSpecification","valueRequired":true,"valueName":"search_term_string"}}],"inLanguage":"it-IT"},{"@type":"Organization","@id":"https:\/\/progettotouring.it\/radiotouring104\/#organization","name":"Radio Touring 104","url":"https:\/\/progettotouring.it\/radiotouring104\/","logo":{"@type":"ImageObject","inLanguage":"it-IT","@id":"https:\/\/progettotouring.it\/radiotouring104\/#\/schema\/logo\/image\/","url":"https:\/\/progettotouring.it\/radiotouring104\/wp-content\/uploads\/sites\/6\/2022\/02\/cropped-logo-radio-touring-104.png","contentUrl":"https:\/\/progettotouring.it\/radiotouring104\/wp-content\/uploads\/sites\/6\/2022\/02\/cropped-logo-radio-touring-104.png","width":377,"height":182,"caption":"Radio Touring 104"},"image":{"@id":"https:\/\/progettotouring.it\/radiotouring104\/#\/schema\/logo\/image\/"}},{"@type":"Person","@id":"https:\/\/progettotouring.it\/radiotouring104\/#\/schema\/person\/78613917f1851f041f7483f5af1d422e","name":"Sebastiano Plutino","image":{"@type":"ImageObject","inLanguage":"it-IT","@id":"https:\/\/secure.gravatar.com\/avatar\/0546ffaa9b79224faf9f2a156b67a529ae861d3287c66c1d8ccfdf909bcba78d?s=96&d=mm&r=g","url":"https:\/\/secure.gravatar.com\/avatar\/0546ffaa9b79224faf9f2a156b67a529ae861d3287c66c1d8ccfdf909bcba78d?s=96&d=mm&r=g","contentUrl":"https:\/\/secure.gravatar.com\/avatar\/0546ffaa9b79224faf9f2a156b67a529ae861d3287c66c1d8ccfdf909bcba78d?s=96&d=mm&r=g","caption":"Sebastiano Plutino"},"url":"https:\/\/progettotouring.it\/radiotouring104\/author\/sebastiano\/"}]}},"jetpack_publicize_connections":[],"jetpack_featured_media_url":"https:\/\/progettotouring.it\/radiotouring104\/wp-content\/uploads\/sites\/6\/2023\/04\/ernesto-alecci.jpg","jetpack_sharing_enabled":true,"_links":{"self":[{"href":"https:\/\/progettotouring.it\/radiotouring104\/wp-json\/wp\/v2\/posts\/47917","targetHints":{"allow":["GET"]}}],"collection":[{"href":"https:\/\/progettotouring.it\/radiotouring104\/wp-json\/wp\/v2\/posts"}],"about":[{"href":"https:\/\/progettotouring.it\/radiotouring104\/wp-json\/wp\/v2\/types\/post"}],"author":[{"embeddable":true,"href":"https:\/\/progettotouring.it\/radiotouring104\/wp-json\/wp\/v2\/users\/12"}],"replies":[{"embeddable":true,"href":"https:\/\/progettotouring.it\/radiotouring104\/wp-json\/wp\/v2\/comments?post=47917"}],"version-history":[{"count":2,"href":"https:\/\/progettotouring.it\/radiotouring104\/wp-json\/wp\/v2\/posts\/47917\/revisions"}],"predecessor-version":[{"id":47919,"href":"https:\/\/progettotouring.it\/radiotouring104\/wp-json\/wp\/v2\/posts\/47917\/revisions\/47919"}],"wp:featuredmedia":[{"embeddable":true,"href":"https:\/\/progettotouring.it\/radiotouring104\/wp-json\/wp\/v2\/media\/22505"}],"wp:attachment":[{"href":"https:\/\/progettotouring.it\/radiotouring104\/wp-json\/wp\/v2\/media?parent=47917"}],"wp:term":[{"taxonomy":"category","embeddable":true,"href":"https:\/\/progettotouring.it\/radiotouring104\/wp-json\/wp\/v2\/categories?post=47917"},{"taxonomy":"post_tag","embeddable":true,"href":"https:\/\/progettotouring.it\/radiotouring104\/wp-json\/wp\/v2\/tags?post=47917"}],"curies":[{"name":"wp","href":"https:\/\/api.w.org\/{rel}","templated":true}]}}