{"id":47920,"date":"2024-03-25T13:10:05","date_gmt":"2024-03-25T12:10:05","guid":{"rendered":"https:\/\/progettotouring.it\/radiotouring104\/?p=47920"},"modified":"2024-03-25T13:10:05","modified_gmt":"2024-03-25T12:10:05","slug":"cosenza-mille-in-piazza-a-cosenza-per-dire-no-allautonomia","status":"publish","type":"post","link":"https:\/\/progettotouring.it\/radiotouring104\/2024\/03\/25\/cosenza-mille-in-piazza-a-cosenza-per-dire-no-allautonomia\/","title":{"rendered":"Cosenza: mille in piazza a Cosenza per dire no all&#8217;autonomia"},"content":{"rendered":"<p style=\"text-align: justify\">Un migliaio di persone sono scese in piazza stamani a Cosenza per manifestare contro l&#8217;autonomia differenziata.<\/p>\n<p style=\"text-align: justify\">Tra i partecipanti anche sindaci di Comuni del cosentino, movimenti appartenenti alla sinistra e associazioni cittadine.<\/p>\n<p style=\"text-align: justify\">Il corteo \u00e8 partito da piazza Loreto e si \u00e8 concluso nei pressi della Prefettura.<br \/>\n&#8220;Abbiamo detto &#8211; ha affermato Angelo Sposato, segretario generale della Cgil Calabria che ha coordinato la manifestazione &#8211; che l&#8217;autonomia differenziata \u00e8 un problema che riguarda il Paese, non solo il Mezzogiorno. Non \u00e8 sufficiente parlare di Lep, il problema \u00e8 di principio, \u00e8 come \u00e8 stato proposto questa progetto di riforma che continua ad aumentare le divergenze, le disuguaglianze del Paese, soprattutto su temi sensibili come la sanit\u00e0, il lavoro, le infrastrutture&#8221;.<br \/>\n&#8220;Il governo dovrebbe ritirarlo e soprattutto il presidente della Regione dovrebbe cambiare idea. Oggi &#8211; ha aggiunto in merito all&#8217;assenza di Cisl e Uil &#8211; \u00e8 una manifestazione che in qualche modo aggrega un cartello di associazioni, ma ci sono anche altre sigle sindacali contrarie a questo progetto di riforma di autonomia differenziata, stiamo andando avanti insieme e abbiamo detto che qualora dovesse approdare in Parlamento la legge siamo anche pronti a iniziare a mobilitarci per la campagna referendaria. Siamo insieme su questi temi. Ieri abbiamo fatto una bellissima iniziativa sulla sicurezza sul lavoro a Firenze e a maggio ci sar\u00e0 una grande mobilitazione nazionale a Napoli sull&#8217;autonomia che faremo insieme anche alla Uil&#8221;.<br \/>\nPer il sindaco di Cosenza Franz Caruso, l&#8217;autonomia &#8220;creer\u00e0 una frattura, una lacerazione del Paese. Sorgeranno venti piccoli staterelli e segner\u00e0 in maniera decisa materie importanti come la sanit\u00e0, i trasporti, l&#8217;energia, l&#8217;ambiente e le infrastrutture&#8221;.<br \/>\nPer il segretario della Cgil Cosenza Massimiliano Ianni, la legge \u00e8 &#8220;eversiva, creer\u00e0 maggiori divari tra Nord e Sud e ulteriori disagi e problemi a questa regione che \u00e8 gi\u00e0 indietro in confronto a quelle del Mezzogiorno ed \u00e8 molto indietro in confronto a quelle del Nord. Rischia di scomparire la sanit\u00e0 pubblica a favore di una privatizzazione selvaggia. Alcuni dati delle ultime ore attestano che in Calabria c&#8217;\u00e8 un tasso di mortalit\u00e0 del 20% superiore al nord. Con l&#8217;autonomia differenziata sicuramente tutto peggiorer\u00e0. Si continuer\u00e0 a curare chi ha la possibilit\u00e0 di curarsi. Quindi i ricchi sicuramente potranno curarsi, i poveri rischiano di morire per questa cattiva sanit\u00e0&#8221;.<\/p>\n<h3 style=\"text-align: justify\"><\/h3>\n<h3 style=\"text-align: justify\">Arcivescovo Cosenza a corteo contro autonomia&#8221;Serve solidariet\u00e0&#8221;<\/h3>\n<p style=\"text-align: justify\">a Chiesa \u00e9 per la solidariet\u00e0 e la sussidiariet\u00e0&#8221;.<\/p>\n<p style=\"text-align: justify\">Lo ha detto l&#8217;arcivescovo metropolita di Cosenza-Bisignano, monsignor Giovanni Checchinato, parlando con i giornalisti a margine del corteo, cui il presule ha partecipato, promosso dalla Cgil contro l&#8217;autonomia differenziata.<br \/>\n&#8220;Sono sicuro che col presidente Occhiuto su queste tematiche ci sentiremo&#8221;, ha aggiunto monsignor Checchinato rispondendo ad una domanda sulla posizione assunta, in merito al ddl Calderoli, dal governatore della Calabria<\/p>\n<p style=\"text-align: justify\">&#8220;Le interlocuzioni e il dialogo &#8211; ha detto ancora l&#8217;arcivescovo &#8211; sono sempre importanti&#8221;.<\/p>\n","protected":false},"excerpt":{"rendered":"<p>Un migliaio di persone sono scese in piazza stamani a Cosenza per manifestare contro l&#8217;autonomia differenziata. Tra i partecipanti anche sindaci di Comuni del cosentino, movimenti appartenenti alla sinistra e&hellip;<\/p>\n","protected":false},"author":12,"featured_media":45143,"comment_status":"closed","ping_status":"open","sticky":false,"template":"","format":"standard","meta":{"_jetpack_memberships_contains_paid_content":false,"footnotes":"","jetpack_publicize_message":"","jetpack_publicize_feature_enabled":true,"jetpack_social_post_already_shared":false,"jetpack_social_options":{"image_generator_settings":{"template":"highway","default_image_id":0,"font":"","enabled":false},"version":2}},"categories":[142,921,196],"tags":[29402,6518,354,29403],"class_list":["post-47920","post","type-post","status-publish","format-standard","has-post-thumbnail","hentry","category-calabria","category-home","category-news","tag-arcivescovo-cosenza","tag-autonomia-differenziata","tag-cosenza","tag-mille-persone-a-manifestazione"],"yoast_head":"<!-- This site is optimized with the Yoast SEO plugin v27.2 - https:\/\/yoast.com\/product\/yoast-seo-wordpress\/ -->\n<title>Cosenza: mille in piazza a Cosenza per dire no all&#039;autonomia<\/title>\n<meta name=\"description\" content=\"Un migliaio di persone sono scese in piazza stamani a Cosenza per manifestare contro l&#039;autonomia differenziata. Presente l&#039;arcivescovo\" \/>\n<meta name=\"robots\" content=\"index, follow, max-snippet:-1, max-image-preview:large, max-video-preview:-1\" \/>\n<link rel=\"canonical\" href=\"https:\/\/progettotouring.it\/radiotouring104\/2024\/03\/25\/cosenza-mille-in-piazza-a-cosenza-per-dire-no-allautonomia\/\" \/>\n<meta property=\"og:locale\" content=\"it_IT\" \/>\n<meta property=\"og:type\" content=\"article\" \/>\n<meta property=\"og:title\" content=\"Cosenza: mille in piazza a Cosenza per dire no all&#039;autonomia\" \/>\n<meta property=\"og:description\" content=\"Un migliaio di persone sono scese in piazza stamani a Cosenza per manifestare contro l&#039;autonomia differenziata. Presente l&#039;arcivescovo\" \/>\n<meta property=\"og:url\" content=\"https:\/\/progettotouring.it\/radiotouring104\/2024\/03\/25\/cosenza-mille-in-piazza-a-cosenza-per-dire-no-allautonomia\/\" \/>\n<meta property=\"og:site_name\" content=\"Radio Touring 104\" \/>\n<meta property=\"article:published_time\" content=\"2024-03-25T12:10:05+00:00\" \/>\n<meta property=\"og:image\" content=\"https:\/\/progettotouring.it\/radiotouring104\/wp-content\/uploads\/sites\/6\/2024\/02\/sud-italia-mezzogiorno-ZES-UNICA.jpg\" \/>\n\t<meta property=\"og:image:width\" content=\"600\" \/>\n\t<meta property=\"og:image:height\" content=\"330\" \/>\n\t<meta property=\"og:image:type\" content=\"image\/jpeg\" \/>\n<meta name=\"author\" content=\"Sebastiano Plutino\" \/>\n<meta name=\"twitter:card\" content=\"summary_large_image\" \/>\n<meta name=\"twitter:label1\" content=\"Scritto da\" \/>\n\t<meta name=\"twitter:data1\" content=\"Sebastiano Plutino\" \/>\n\t<meta name=\"twitter:label2\" content=\"Tempo di lettura stimato\" \/>\n\t<meta name=\"twitter:data2\" content=\"2 minuti\" \/>\n<script type=\"application\/ld+json\" class=\"yoast-schema-graph\">{\"@context\":\"https:\/\/schema.org\",\"@graph\":[{\"@type\":\"Article\",\"@id\":\"https:\/\/progettotouring.it\/radiotouring104\/2024\/03\/25\/cosenza-mille-in-piazza-a-cosenza-per-dire-no-allautonomia\/#article\",\"isPartOf\":{\"@id\":\"https:\/\/progettotouring.it\/radiotouring104\/2024\/03\/25\/cosenza-mille-in-piazza-a-cosenza-per-dire-no-allautonomia\/\"},\"author\":{\"name\":\"Sebastiano Plutino\",\"@id\":\"https:\/\/progettotouring.it\/radiotouring104\/#\/schema\/person\/78613917f1851f041f7483f5af1d422e\"},\"headline\":\"Cosenza: mille in piazza a Cosenza per dire no all&#8217;autonomia\",\"datePublished\":\"2024-03-25T12:10:05+00:00\",\"mainEntityOfPage\":{\"@id\":\"https:\/\/progettotouring.it\/radiotouring104\/2024\/03\/25\/cosenza-mille-in-piazza-a-cosenza-per-dire-no-allautonomia\/\"},\"wordCount\":467,\"publisher\":{\"@id\":\"https:\/\/progettotouring.it\/radiotouring104\/#organization\"},\"image\":{\"@id\":\"https:\/\/progettotouring.it\/radiotouring104\/2024\/03\/25\/cosenza-mille-in-piazza-a-cosenza-per-dire-no-allautonomia\/#primaryimage\"},\"thumbnailUrl\":\"https:\/\/progettotouring.it\/radiotouring104\/wp-content\/uploads\/sites\/6\/2024\/02\/sud-italia-mezzogiorno-ZES-UNICA.jpg\",\"keywords\":[\"Arcivescovo Cosenza\",\"autonomia differenziata\",\"Cosenza\",\"mille persone a manifestazione\"],\"articleSection\":[\"Calabria\",\"Home\",\"News\"],\"inLanguage\":\"it-IT\"},{\"@type\":\"WebPage\",\"@id\":\"https:\/\/progettotouring.it\/radiotouring104\/2024\/03\/25\/cosenza-mille-in-piazza-a-cosenza-per-dire-no-allautonomia\/\",\"url\":\"https:\/\/progettotouring.it\/radiotouring104\/2024\/03\/25\/cosenza-mille-in-piazza-a-cosenza-per-dire-no-allautonomia\/\",\"name\":\"Cosenza: mille in piazza a Cosenza per dire no all'autonomia\",\"isPartOf\":{\"@id\":\"https:\/\/progettotouring.it\/radiotouring104\/#website\"},\"primaryImageOfPage\":{\"@id\":\"https:\/\/progettotouring.it\/radiotouring104\/2024\/03\/25\/cosenza-mille-in-piazza-a-cosenza-per-dire-no-allautonomia\/#primaryimage\"},\"image\":{\"@id\":\"https:\/\/progettotouring.it\/radiotouring104\/2024\/03\/25\/cosenza-mille-in-piazza-a-cosenza-per-dire-no-allautonomia\/#primaryimage\"},\"thumbnailUrl\":\"https:\/\/progettotouring.it\/radiotouring104\/wp-content\/uploads\/sites\/6\/2024\/02\/sud-italia-mezzogiorno-ZES-UNICA.jpg\",\"datePublished\":\"2024-03-25T12:10:05+00:00\",\"description\":\"Un migliaio di persone sono scese in piazza stamani a Cosenza per manifestare contro l'autonomia differenziata. Presente l'arcivescovo\",\"breadcrumb\":{\"@id\":\"https:\/\/progettotouring.it\/radiotouring104\/2024\/03\/25\/cosenza-mille-in-piazza-a-cosenza-per-dire-no-allautonomia\/#breadcrumb\"},\"inLanguage\":\"it-IT\",\"potentialAction\":[{\"@type\":\"ReadAction\",\"target\":[\"https:\/\/progettotouring.it\/radiotouring104\/2024\/03\/25\/cosenza-mille-in-piazza-a-cosenza-per-dire-no-allautonomia\/\"]}]},{\"@type\":\"ImageObject\",\"inLanguage\":\"it-IT\",\"@id\":\"https:\/\/progettotouring.it\/radiotouring104\/2024\/03\/25\/cosenza-mille-in-piazza-a-cosenza-per-dire-no-allautonomia\/#primaryimage\",\"url\":\"https:\/\/progettotouring.it\/radiotouring104\/wp-content\/uploads\/sites\/6\/2024\/02\/sud-italia-mezzogiorno-ZES-UNICA.jpg\",\"contentUrl\":\"https:\/\/progettotouring.it\/radiotouring104\/wp-content\/uploads\/sites\/6\/2024\/02\/sud-italia-mezzogiorno-ZES-UNICA.jpg\",\"width\":600,\"height\":330},{\"@type\":\"BreadcrumbList\",\"@id\":\"https:\/\/progettotouring.it\/radiotouring104\/2024\/03\/25\/cosenza-mille-in-piazza-a-cosenza-per-dire-no-allautonomia\/#breadcrumb\",\"itemListElement\":[{\"@type\":\"ListItem\",\"position\":1,\"name\":\"Home\",\"item\":\"https:\/\/progettotouring.it\/radiotouring104\/\"},{\"@type\":\"ListItem\",\"position\":2,\"name\":\"Cosenza: mille in piazza a Cosenza per dire no all&#8217;autonomia\"}]},{\"@type\":\"WebSite\",\"@id\":\"https:\/\/progettotouring.it\/radiotouring104\/#website\",\"url\":\"https:\/\/progettotouring.it\/radiotouring104\/\",\"name\":\"Radio Touring 104\",\"description\":\"La prima radio Reggina\",\"publisher\":{\"@id\":\"https:\/\/progettotouring.it\/radiotouring104\/#organization\"},\"potentialAction\":[{\"@type\":\"SearchAction\",\"target\":{\"@type\":\"EntryPoint\",\"urlTemplate\":\"https:\/\/progettotouring.it\/radiotouring104\/?s={search_term_string}\"},\"query-input\":{\"@type\":\"PropertyValueSpecification\",\"valueRequired\":true,\"valueName\":\"search_term_string\"}}],\"inLanguage\":\"it-IT\"},{\"@type\":\"Organization\",\"@id\":\"https:\/\/progettotouring.it\/radiotouring104\/#organization\",\"name\":\"Radio Touring 104\",\"url\":\"https:\/\/progettotouring.it\/radiotouring104\/\",\"logo\":{\"@type\":\"ImageObject\",\"inLanguage\":\"it-IT\",\"@id\":\"https:\/\/progettotouring.it\/radiotouring104\/#\/schema\/logo\/image\/\",\"url\":\"https:\/\/progettotouring.it\/radiotouring104\/wp-content\/uploads\/sites\/6\/2022\/02\/cropped-logo-radio-touring-104.png\",\"contentUrl\":\"https:\/\/progettotouring.it\/radiotouring104\/wp-content\/uploads\/sites\/6\/2022\/02\/cropped-logo-radio-touring-104.png\",\"width\":377,\"height\":182,\"caption\":\"Radio Touring 104\"},\"image\":{\"@id\":\"https:\/\/progettotouring.it\/radiotouring104\/#\/schema\/logo\/image\/\"}},{\"@type\":\"Person\",\"@id\":\"https:\/\/progettotouring.it\/radiotouring104\/#\/schema\/person\/78613917f1851f041f7483f5af1d422e\",\"name\":\"Sebastiano Plutino\",\"image\":{\"@type\":\"ImageObject\",\"inLanguage\":\"it-IT\",\"@id\":\"https:\/\/secure.gravatar.com\/avatar\/0546ffaa9b79224faf9f2a156b67a529ae861d3287c66c1d8ccfdf909bcba78d?s=96&d=mm&r=g\",\"url\":\"https:\/\/secure.gravatar.com\/avatar\/0546ffaa9b79224faf9f2a156b67a529ae861d3287c66c1d8ccfdf909bcba78d?s=96&d=mm&r=g\",\"contentUrl\":\"https:\/\/secure.gravatar.com\/avatar\/0546ffaa9b79224faf9f2a156b67a529ae861d3287c66c1d8ccfdf909bcba78d?s=96&d=mm&r=g\",\"caption\":\"Sebastiano Plutino\"},\"url\":\"https:\/\/progettotouring.it\/radiotouring104\/author\/sebastiano\/\"}]}<\/script>\n<!-- \/ Yoast SEO plugin. -->","yoast_head_json":{"title":"Cosenza: mille in piazza a Cosenza per dire no all'autonomia","description":"Un migliaio di persone sono scese in piazza stamani a Cosenza per manifestare contro l'autonomia differenziata. Presente l'arcivescovo","robots":{"index":"index","follow":"follow","max-snippet":"max-snippet:-1","max-image-preview":"max-image-preview:large","max-video-preview":"max-video-preview:-1"},"canonical":"https:\/\/progettotouring.it\/radiotouring104\/2024\/03\/25\/cosenza-mille-in-piazza-a-cosenza-per-dire-no-allautonomia\/","og_locale":"it_IT","og_type":"article","og_title":"Cosenza: mille in piazza a Cosenza per dire no all'autonomia","og_description":"Un migliaio di persone sono scese in piazza stamani a Cosenza per manifestare contro l'autonomia differenziata. Presente l'arcivescovo","og_url":"https:\/\/progettotouring.it\/radiotouring104\/2024\/03\/25\/cosenza-mille-in-piazza-a-cosenza-per-dire-no-allautonomia\/","og_site_name":"Radio Touring 104","article_published_time":"2024-03-25T12:10:05+00:00","og_image":[{"width":600,"height":330,"url":"https:\/\/progettotouring.it\/radiotouring104\/wp-content\/uploads\/sites\/6\/2024\/02\/sud-italia-mezzogiorno-ZES-UNICA.jpg","type":"image\/jpeg"}],"author":"Sebastiano Plutino","twitter_card":"summary_large_image","twitter_misc":{"Scritto da":"Sebastiano Plutino","Tempo di lettura stimato":"2 minuti"},"schema":{"@context":"https:\/\/schema.org","@graph":[{"@type":"Article","@id":"https:\/\/progettotouring.it\/radiotouring104\/2024\/03\/25\/cosenza-mille-in-piazza-a-cosenza-per-dire-no-allautonomia\/#article","isPartOf":{"@id":"https:\/\/progettotouring.it\/radiotouring104\/2024\/03\/25\/cosenza-mille-in-piazza-a-cosenza-per-dire-no-allautonomia\/"},"author":{"name":"Sebastiano Plutino","@id":"https:\/\/progettotouring.it\/radiotouring104\/#\/schema\/person\/78613917f1851f041f7483f5af1d422e"},"headline":"Cosenza: mille in piazza a Cosenza per dire no all&#8217;autonomia","datePublished":"2024-03-25T12:10:05+00:00","mainEntityOfPage":{"@id":"https:\/\/progettotouring.it\/radiotouring104\/2024\/03\/25\/cosenza-mille-in-piazza-a-cosenza-per-dire-no-allautonomia\/"},"wordCount":467,"publisher":{"@id":"https:\/\/progettotouring.it\/radiotouring104\/#organization"},"image":{"@id":"https:\/\/progettotouring.it\/radiotouring104\/2024\/03\/25\/cosenza-mille-in-piazza-a-cosenza-per-dire-no-allautonomia\/#primaryimage"},"thumbnailUrl":"https:\/\/progettotouring.it\/radiotouring104\/wp-content\/uploads\/sites\/6\/2024\/02\/sud-italia-mezzogiorno-ZES-UNICA.jpg","keywords":["Arcivescovo Cosenza","autonomia differenziata","Cosenza","mille persone a manifestazione"],"articleSection":["Calabria","Home","News"],"inLanguage":"it-IT"},{"@type":"WebPage","@id":"https:\/\/progettotouring.it\/radiotouring104\/2024\/03\/25\/cosenza-mille-in-piazza-a-cosenza-per-dire-no-allautonomia\/","url":"https:\/\/progettotouring.it\/radiotouring104\/2024\/03\/25\/cosenza-mille-in-piazza-a-cosenza-per-dire-no-allautonomia\/","name":"Cosenza: mille in piazza a Cosenza per dire no all'autonomia","isPartOf":{"@id":"https:\/\/progettotouring.it\/radiotouring104\/#website"},"primaryImageOfPage":{"@id":"https:\/\/progettotouring.it\/radiotouring104\/2024\/03\/25\/cosenza-mille-in-piazza-a-cosenza-per-dire-no-allautonomia\/#primaryimage"},"image":{"@id":"https:\/\/progettotouring.it\/radiotouring104\/2024\/03\/25\/cosenza-mille-in-piazza-a-cosenza-per-dire-no-allautonomia\/#primaryimage"},"thumbnailUrl":"https:\/\/progettotouring.it\/radiotouring104\/wp-content\/uploads\/sites\/6\/2024\/02\/sud-italia-mezzogiorno-ZES-UNICA.jpg","datePublished":"2024-03-25T12:10:05+00:00","description":"Un migliaio di persone sono scese in piazza stamani a Cosenza per manifestare contro l'autonomia differenziata. Presente l'arcivescovo","breadcrumb":{"@id":"https:\/\/progettotouring.it\/radiotouring104\/2024\/03\/25\/cosenza-mille-in-piazza-a-cosenza-per-dire-no-allautonomia\/#breadcrumb"},"inLanguage":"it-IT","potentialAction":[{"@type":"ReadAction","target":["https:\/\/progettotouring.it\/radiotouring104\/2024\/03\/25\/cosenza-mille-in-piazza-a-cosenza-per-dire-no-allautonomia\/"]}]},{"@type":"ImageObject","inLanguage":"it-IT","@id":"https:\/\/progettotouring.it\/radiotouring104\/2024\/03\/25\/cosenza-mille-in-piazza-a-cosenza-per-dire-no-allautonomia\/#primaryimage","url":"https:\/\/progettotouring.it\/radiotouring104\/wp-content\/uploads\/sites\/6\/2024\/02\/sud-italia-mezzogiorno-ZES-UNICA.jpg","contentUrl":"https:\/\/progettotouring.it\/radiotouring104\/wp-content\/uploads\/sites\/6\/2024\/02\/sud-italia-mezzogiorno-ZES-UNICA.jpg","width":600,"height":330},{"@type":"BreadcrumbList","@id":"https:\/\/progettotouring.it\/radiotouring104\/2024\/03\/25\/cosenza-mille-in-piazza-a-cosenza-per-dire-no-allautonomia\/#breadcrumb","itemListElement":[{"@type":"ListItem","position":1,"name":"Home","item":"https:\/\/progettotouring.it\/radiotouring104\/"},{"@type":"ListItem","position":2,"name":"Cosenza: mille in piazza a Cosenza per dire no all&#8217;autonomia"}]},{"@type":"WebSite","@id":"https:\/\/progettotouring.it\/radiotouring104\/#website","url":"https:\/\/progettotouring.it\/radiotouring104\/","name":"Radio Touring 104","description":"La prima radio Reggina","publisher":{"@id":"https:\/\/progettotouring.it\/radiotouring104\/#organization"},"potentialAction":[{"@type":"SearchAction","target":{"@type":"EntryPoint","urlTemplate":"https:\/\/progettotouring.it\/radiotouring104\/?s={search_term_string}"},"query-input":{"@type":"PropertyValueSpecification","valueRequired":true,"valueName":"search_term_string"}}],"inLanguage":"it-IT"},{"@type":"Organization","@id":"https:\/\/progettotouring.it\/radiotouring104\/#organization","name":"Radio Touring 104","url":"https:\/\/progettotouring.it\/radiotouring104\/","logo":{"@type":"ImageObject","inLanguage":"it-IT","@id":"https:\/\/progettotouring.it\/radiotouring104\/#\/schema\/logo\/image\/","url":"https:\/\/progettotouring.it\/radiotouring104\/wp-content\/uploads\/sites\/6\/2022\/02\/cropped-logo-radio-touring-104.png","contentUrl":"https:\/\/progettotouring.it\/radiotouring104\/wp-content\/uploads\/sites\/6\/2022\/02\/cropped-logo-radio-touring-104.png","width":377,"height":182,"caption":"Radio Touring 104"},"image":{"@id":"https:\/\/progettotouring.it\/radiotouring104\/#\/schema\/logo\/image\/"}},{"@type":"Person","@id":"https:\/\/progettotouring.it\/radiotouring104\/#\/schema\/person\/78613917f1851f041f7483f5af1d422e","name":"Sebastiano Plutino","image":{"@type":"ImageObject","inLanguage":"it-IT","@id":"https:\/\/secure.gravatar.com\/avatar\/0546ffaa9b79224faf9f2a156b67a529ae861d3287c66c1d8ccfdf909bcba78d?s=96&d=mm&r=g","url":"https:\/\/secure.gravatar.com\/avatar\/0546ffaa9b79224faf9f2a156b67a529ae861d3287c66c1d8ccfdf909bcba78d?s=96&d=mm&r=g","contentUrl":"https:\/\/secure.gravatar.com\/avatar\/0546ffaa9b79224faf9f2a156b67a529ae861d3287c66c1d8ccfdf909bcba78d?s=96&d=mm&r=g","caption":"Sebastiano Plutino"},"url":"https:\/\/progettotouring.it\/radiotouring104\/author\/sebastiano\/"}]}},"jetpack_publicize_connections":[],"jetpack_featured_media_url":"https:\/\/progettotouring.it\/radiotouring104\/wp-content\/uploads\/sites\/6\/2024\/02\/sud-italia-mezzogiorno-ZES-UNICA.jpg","jetpack_sharing_enabled":true,"_links":{"self":[{"href":"https:\/\/progettotouring.it\/radiotouring104\/wp-json\/wp\/v2\/posts\/47920","targetHints":{"allow":["GET"]}}],"collection":[{"href":"https:\/\/progettotouring.it\/radiotouring104\/wp-json\/wp\/v2\/posts"}],"about":[{"href":"https:\/\/progettotouring.it\/radiotouring104\/wp-json\/wp\/v2\/types\/post"}],"author":[{"embeddable":true,"href":"https:\/\/progettotouring.it\/radiotouring104\/wp-json\/wp\/v2\/users\/12"}],"replies":[{"embeddable":true,"href":"https:\/\/progettotouring.it\/radiotouring104\/wp-json\/wp\/v2\/comments?post=47920"}],"version-history":[{"count":1,"href":"https:\/\/progettotouring.it\/radiotouring104\/wp-json\/wp\/v2\/posts\/47920\/revisions"}],"predecessor-version":[{"id":47921,"href":"https:\/\/progettotouring.it\/radiotouring104\/wp-json\/wp\/v2\/posts\/47920\/revisions\/47921"}],"wp:featuredmedia":[{"embeddable":true,"href":"https:\/\/progettotouring.it\/radiotouring104\/wp-json\/wp\/v2\/media\/45143"}],"wp:attachment":[{"href":"https:\/\/progettotouring.it\/radiotouring104\/wp-json\/wp\/v2\/media?parent=47920"}],"wp:term":[{"taxonomy":"category","embeddable":true,"href":"https:\/\/progettotouring.it\/radiotouring104\/wp-json\/wp\/v2\/categories?post=47920"},{"taxonomy":"post_tag","embeddable":true,"href":"https:\/\/progettotouring.it\/radiotouring104\/wp-json\/wp\/v2\/tags?post=47920"}],"curies":[{"name":"wp","href":"https:\/\/api.w.org\/{rel}","templated":true}]}}