{"id":47925,"date":"2024-03-25T14:09:43","date_gmt":"2024-03-25T13:09:43","guid":{"rendered":"https:\/\/progettotouring.it\/radiotouring104\/?p=47925"},"modified":"2024-04-21T18:41:37","modified_gmt":"2024-04-21T16:41:37","slug":"lfa-reggio-calabria-parla-del-centro-santagata-se-e-nostro-faremo-investimenti-altrimenti-no","status":"publish","type":"post","link":"https:\/\/progettotouring.it\/radiotouring104\/2024\/03\/25\/lfa-reggio-calabria-parla-del-centro-santagata-se-e-nostro-faremo-investimenti-altrimenti-no\/","title":{"rendered":"LFA Reggio Calabria, Ballarino parla del Centro Sant&#8217;Agata: &#8220;Se \u00e8 nostro faremo investimenti, altrimenti no&#8221;"},"content":{"rendered":"<p style=\"text-align: justify\">La<strong> LFA Reggio Calabria<\/strong> ha perso contro la <strong>Vibonese<\/strong> 1-0. Una sconfitta dolorosa in chiave playoff, ma che non mette ancora a repentaglio l&#8217;obiettivo. Se il <strong>Real Casalnuovo<\/strong> ha vinto la propria sfida, il <strong>Citt\u00e0 di Sant&#8217;Agata<\/strong> ha pareggiato e di conseguenza la distanza tra gli amaranto e i siciliani \u00e8 ancora a favore dei primi. Servir\u00e0 per\u00f2 vincere contro <strong>l&#8217;Akragas<\/strong> al Granillo se si vorr\u00e0 provare ad aumentare il vantaggio in graduatoria e centrare i play-off.<\/p>\n<p style=\"text-align: justify\">Il direttore Generale <strong>Ballarino<\/strong> intervistato da <strong>Antonello Placanica <\/strong>per <strong>il Tg di Touring<\/strong>, ha analizzato la prestazione contro la <strong>Vibonese<\/strong>: &#8220;<em>Penso che sia stata fatta una bella partita e la differenza l&#8217;ha fatta l&#8217;organizzazione della <strong>Vibonese<\/strong> e forse potevamo fare qualcosa di pi\u00f9 noi. <strong>Non ho mai parlato degli arbitri,<\/strong> ma mi chiedo come \u00e8 possibile che ogni partita ci sono rigori a favore o sfavore. Chiedo che vengano arbitri bravi ad arbitrare. <\/em><em>Alterniamo partite importanti con prestazioni sufficienti e potevamo anche prendere pi\u00f9 di un gol. Siamo arrivati ad un momento di tirare le somme e <strong>Trapani, Siracusa e Vibonese<\/strong> hanno quel qualcosa in pi\u00f9. Il nostro obiettivo \u00e8 quello dei playoff e ancora non ci siamo. Metteremo il cuore oltre i muscoli per vincerli&#8221;.<\/em><\/p>\n<p style=\"text-align: justify\">Il dirigente ha parlato della questione <strong>Sant&#8217;Agata<\/strong>:\u00a0 &#8220;<em>Il bando che \u00e8 uscito non d\u00e0 spazio a societ\u00e0 dilettantistiche. Abbiamo quest&#8217;anno impegnato una forte somma sul Centro Sportivo, ma oggi ci alleniamo fuori. E&#8217; chiaro che se \u00e8 nostro faremo investimenti, se \u00e8 del Demanio fare investimenti significa indebitare la societ\u00e0&#8221;.<\/em><\/p>\n","protected":false},"excerpt":{"rendered":"<p>La LFA Reggio Calabria ha perso contro la Vibonese 1-0. Una sconfitta dolorosa in chiave playoff, ma che non mette ancora a repentaglio l&#8217;obiettivo. Se il Real Casalnuovo ha vinto&hellip;<\/p>\n","protected":false},"author":8,"featured_media":37227,"comment_status":"closed","ping_status":"open","sticky":false,"template":"","format":"standard","meta":{"_jetpack_memberships_contains_paid_content":false,"footnotes":"","jetpack_publicize_message":"","jetpack_publicize_feature_enabled":true,"jetpack_social_post_already_shared":false,"jetpack_social_options":{"image_generator_settings":{"template":"highway","default_image_id":0,"font":"","enabled":false},"version":2}},"categories":[196,140,144],"tags":[23151,21478,6666],"class_list":["post-47925","post","type-post","status-publish","format-standard","has-post-thumbnail","hentry","category-news","category-reggio-calabria","category-sport","tag-ballarino","tag-lfa-reggio-calabria","tag-santagata"],"yoast_head":"<!-- This site is optimized with the Yoast SEO plugin v27.2 - https:\/\/yoast.com\/product\/yoast-seo-wordpress\/ -->\n<title>LFA Reggio Calabria, Ballarino parla del Centro Sant&#039;Agata: &quot;Se \u00e8 nostro faremo investimenti, altrimenti no&quot; - Radio Touring 104<\/title>\n<meta name=\"description\" content=\"Il direttore generale Ballarino ha parlato della partita persa contro la Vibonese e della situazione del Centro Sportivo Sant&#039;Agata\" \/>\n<meta name=\"robots\" content=\"index, follow, max-snippet:-1, max-image-preview:large, max-video-preview:-1\" \/>\n<link rel=\"canonical\" href=\"https:\/\/progettotouring.it\/radiotouring104\/2024\/03\/25\/lfa-reggio-calabria-parla-del-centro-santagata-se-e-nostro-faremo-investimenti-altrimenti-no\/\" \/>\n<meta property=\"og:locale\" content=\"it_IT\" \/>\n<meta property=\"og:type\" content=\"article\" \/>\n<meta property=\"og:title\" content=\"LFA Reggio Calabria, Ballarino parla del Centro Sant&#039;Agata: &quot;Se \u00e8 nostro faremo investimenti, altrimenti no&quot; - Radio Touring 104\" \/>\n<meta property=\"og:description\" content=\"Il direttore generale Ballarino ha parlato della partita persa contro la Vibonese e della situazione del Centro Sportivo Sant&#039;Agata\" \/>\n<meta property=\"og:url\" content=\"https:\/\/progettotouring.it\/radiotouring104\/2024\/03\/25\/lfa-reggio-calabria-parla-del-centro-santagata-se-e-nostro-faremo-investimenti-altrimenti-no\/\" \/>\n<meta property=\"og:site_name\" content=\"Radio Touring 104\" \/>\n<meta property=\"article:published_time\" content=\"2024-03-25T13:09:43+00:00\" \/>\n<meta property=\"article:modified_time\" content=\"2024-04-21T16:41:37+00:00\" \/>\n<meta property=\"og:image\" content=\"https:\/\/progettotouring.it\/radiotouring104\/wp-content\/uploads\/sites\/6\/2023\/10\/Antonino-Ballarino-.png\" \/>\n\t<meta property=\"og:image:width\" content=\"927\" \/>\n\t<meta property=\"og:image:height\" content=\"492\" \/>\n\t<meta property=\"og:image:type\" content=\"image\/png\" \/>\n<meta name=\"author\" content=\"Filippo Francesco Idone\" \/>\n<meta name=\"twitter:card\" content=\"summary_large_image\" \/>\n<meta name=\"twitter:label1\" content=\"Scritto da\" \/>\n\t<meta name=\"twitter:data1\" content=\"Filippo Francesco Idone\" \/>\n\t<meta name=\"twitter:label2\" content=\"Tempo di lettura stimato\" \/>\n\t<meta name=\"twitter:data2\" content=\"1 minuto\" \/>\n<script type=\"application\/ld+json\" class=\"yoast-schema-graph\">{\"@context\":\"https:\/\/schema.org\",\"@graph\":[{\"@type\":\"Article\",\"@id\":\"https:\/\/progettotouring.it\/radiotouring104\/2024\/03\/25\/lfa-reggio-calabria-parla-del-centro-santagata-se-e-nostro-faremo-investimenti-altrimenti-no\/#article\",\"isPartOf\":{\"@id\":\"https:\/\/progettotouring.it\/radiotouring104\/2024\/03\/25\/lfa-reggio-calabria-parla-del-centro-santagata-se-e-nostro-faremo-investimenti-altrimenti-no\/\"},\"author\":{\"name\":\"Filippo Francesco Idone\",\"@id\":\"https:\/\/progettotouring.it\/radiotouring104\/#\/schema\/person\/4a82259ca52ac8702ad1a8f9e5a3120b\"},\"headline\":\"LFA Reggio Calabria, Ballarino parla del Centro Sant&#8217;Agata: &#8220;Se \u00e8 nostro faremo investimenti, altrimenti no&#8221;\",\"datePublished\":\"2024-03-25T13:09:43+00:00\",\"dateModified\":\"2024-04-21T16:41:37+00:00\",\"mainEntityOfPage\":{\"@id\":\"https:\/\/progettotouring.it\/radiotouring104\/2024\/03\/25\/lfa-reggio-calabria-parla-del-centro-santagata-se-e-nostro-faremo-investimenti-altrimenti-no\/\"},\"wordCount\":261,\"publisher\":{\"@id\":\"https:\/\/progettotouring.it\/radiotouring104\/#organization\"},\"image\":{\"@id\":\"https:\/\/progettotouring.it\/radiotouring104\/2024\/03\/25\/lfa-reggio-calabria-parla-del-centro-santagata-se-e-nostro-faremo-investimenti-altrimenti-no\/#primaryimage\"},\"thumbnailUrl\":\"https:\/\/progettotouring.it\/radiotouring104\/wp-content\/uploads\/sites\/6\/2023\/10\/Antonino-Ballarino-.png\",\"keywords\":[\"ballarino\",\"LFA Reggio Calabria\",\"Sant'Agata\"],\"articleSection\":[\"News\",\"Reggio Calabria\",\"Sport\"],\"inLanguage\":\"it-IT\"},{\"@type\":\"WebPage\",\"@id\":\"https:\/\/progettotouring.it\/radiotouring104\/2024\/03\/25\/lfa-reggio-calabria-parla-del-centro-santagata-se-e-nostro-faremo-investimenti-altrimenti-no\/\",\"url\":\"https:\/\/progettotouring.it\/radiotouring104\/2024\/03\/25\/lfa-reggio-calabria-parla-del-centro-santagata-se-e-nostro-faremo-investimenti-altrimenti-no\/\",\"name\":\"LFA Reggio Calabria, Ballarino parla del Centro Sant'Agata: \\\"Se \u00e8 nostro faremo investimenti, altrimenti no\\\" - Radio Touring 104\",\"isPartOf\":{\"@id\":\"https:\/\/progettotouring.it\/radiotouring104\/#website\"},\"primaryImageOfPage\":{\"@id\":\"https:\/\/progettotouring.it\/radiotouring104\/2024\/03\/25\/lfa-reggio-calabria-parla-del-centro-santagata-se-e-nostro-faremo-investimenti-altrimenti-no\/#primaryimage\"},\"image\":{\"@id\":\"https:\/\/progettotouring.it\/radiotouring104\/2024\/03\/25\/lfa-reggio-calabria-parla-del-centro-santagata-se-e-nostro-faremo-investimenti-altrimenti-no\/#primaryimage\"},\"thumbnailUrl\":\"https:\/\/progettotouring.it\/radiotouring104\/wp-content\/uploads\/sites\/6\/2023\/10\/Antonino-Ballarino-.png\",\"datePublished\":\"2024-03-25T13:09:43+00:00\",\"dateModified\":\"2024-04-21T16:41:37+00:00\",\"description\":\"Il direttore generale Ballarino ha parlato della partita persa contro la Vibonese e della situazione del Centro Sportivo Sant'Agata\",\"breadcrumb\":{\"@id\":\"https:\/\/progettotouring.it\/radiotouring104\/2024\/03\/25\/lfa-reggio-calabria-parla-del-centro-santagata-se-e-nostro-faremo-investimenti-altrimenti-no\/#breadcrumb\"},\"inLanguage\":\"it-IT\",\"potentialAction\":[{\"@type\":\"ReadAction\",\"target\":[\"https:\/\/progettotouring.it\/radiotouring104\/2024\/03\/25\/lfa-reggio-calabria-parla-del-centro-santagata-se-e-nostro-faremo-investimenti-altrimenti-no\/\"]}]},{\"@type\":\"ImageObject\",\"inLanguage\":\"it-IT\",\"@id\":\"https:\/\/progettotouring.it\/radiotouring104\/2024\/03\/25\/lfa-reggio-calabria-parla-del-centro-santagata-se-e-nostro-faremo-investimenti-altrimenti-no\/#primaryimage\",\"url\":\"https:\/\/progettotouring.it\/radiotouring104\/wp-content\/uploads\/sites\/6\/2023\/10\/Antonino-Ballarino-.png\",\"contentUrl\":\"https:\/\/progettotouring.it\/radiotouring104\/wp-content\/uploads\/sites\/6\/2023\/10\/Antonino-Ballarino-.png\",\"width\":927,\"height\":492},{\"@type\":\"BreadcrumbList\",\"@id\":\"https:\/\/progettotouring.it\/radiotouring104\/2024\/03\/25\/lfa-reggio-calabria-parla-del-centro-santagata-se-e-nostro-faremo-investimenti-altrimenti-no\/#breadcrumb\",\"itemListElement\":[{\"@type\":\"ListItem\",\"position\":1,\"name\":\"Home\",\"item\":\"https:\/\/progettotouring.it\/radiotouring104\/\"},{\"@type\":\"ListItem\",\"position\":2,\"name\":\"LFA Reggio Calabria, Ballarino parla del Centro Sant&#8217;Agata: &#8220;Se \u00e8 nostro faremo investimenti, altrimenti no&#8221;\"}]},{\"@type\":\"WebSite\",\"@id\":\"https:\/\/progettotouring.it\/radiotouring104\/#website\",\"url\":\"https:\/\/progettotouring.it\/radiotouring104\/\",\"name\":\"Radio Touring 104\",\"description\":\"La prima radio Reggina\",\"publisher\":{\"@id\":\"https:\/\/progettotouring.it\/radiotouring104\/#organization\"},\"potentialAction\":[{\"@type\":\"SearchAction\",\"target\":{\"@type\":\"EntryPoint\",\"urlTemplate\":\"https:\/\/progettotouring.it\/radiotouring104\/?s={search_term_string}\"},\"query-input\":{\"@type\":\"PropertyValueSpecification\",\"valueRequired\":true,\"valueName\":\"search_term_string\"}}],\"inLanguage\":\"it-IT\"},{\"@type\":\"Organization\",\"@id\":\"https:\/\/progettotouring.it\/radiotouring104\/#organization\",\"name\":\"Radio Touring 104\",\"url\":\"https:\/\/progettotouring.it\/radiotouring104\/\",\"logo\":{\"@type\":\"ImageObject\",\"inLanguage\":\"it-IT\",\"@id\":\"https:\/\/progettotouring.it\/radiotouring104\/#\/schema\/logo\/image\/\",\"url\":\"https:\/\/progettotouring.it\/radiotouring104\/wp-content\/uploads\/sites\/6\/2022\/02\/cropped-logo-radio-touring-104.png\",\"contentUrl\":\"https:\/\/progettotouring.it\/radiotouring104\/wp-content\/uploads\/sites\/6\/2022\/02\/cropped-logo-radio-touring-104.png\",\"width\":377,\"height\":182,\"caption\":\"Radio Touring 104\"},\"image\":{\"@id\":\"https:\/\/progettotouring.it\/radiotouring104\/#\/schema\/logo\/image\/\"}},{\"@type\":\"Person\",\"@id\":\"https:\/\/progettotouring.it\/radiotouring104\/#\/schema\/person\/4a82259ca52ac8702ad1a8f9e5a3120b\",\"name\":\"Filippo Francesco Idone\",\"image\":{\"@type\":\"ImageObject\",\"inLanguage\":\"it-IT\",\"@id\":\"https:\/\/secure.gravatar.com\/avatar\/7268715d2366395c3dd314385670e6484117d44f5c442e61e230f7008b7b62d3?s=96&d=mm&r=g\",\"url\":\"https:\/\/secure.gravatar.com\/avatar\/7268715d2366395c3dd314385670e6484117d44f5c442e61e230f7008b7b62d3?s=96&d=mm&r=g\",\"contentUrl\":\"https:\/\/secure.gravatar.com\/avatar\/7268715d2366395c3dd314385670e6484117d44f5c442e61e230f7008b7b62d3?s=96&d=mm&r=g\",\"caption\":\"Filippo Francesco Idone\"},\"url\":\"https:\/\/progettotouring.it\/radiotouring104\/author\/filippoidone\/\"}]}<\/script>\n<!-- \/ Yoast SEO plugin. -->","yoast_head_json":{"title":"LFA Reggio Calabria, Ballarino parla del Centro Sant'Agata: \"Se \u00e8 nostro faremo investimenti, altrimenti no\" - Radio Touring 104","description":"Il direttore generale Ballarino ha parlato della partita persa contro la Vibonese e della situazione del Centro Sportivo Sant'Agata","robots":{"index":"index","follow":"follow","max-snippet":"max-snippet:-1","max-image-preview":"max-image-preview:large","max-video-preview":"max-video-preview:-1"},"canonical":"https:\/\/progettotouring.it\/radiotouring104\/2024\/03\/25\/lfa-reggio-calabria-parla-del-centro-santagata-se-e-nostro-faremo-investimenti-altrimenti-no\/","og_locale":"it_IT","og_type":"article","og_title":"LFA Reggio Calabria, Ballarino parla del Centro Sant'Agata: \"Se \u00e8 nostro faremo investimenti, altrimenti no\" - Radio Touring 104","og_description":"Il direttore generale Ballarino ha parlato della partita persa contro la Vibonese e della situazione del Centro Sportivo Sant'Agata","og_url":"https:\/\/progettotouring.it\/radiotouring104\/2024\/03\/25\/lfa-reggio-calabria-parla-del-centro-santagata-se-e-nostro-faremo-investimenti-altrimenti-no\/","og_site_name":"Radio Touring 104","article_published_time":"2024-03-25T13:09:43+00:00","article_modified_time":"2024-04-21T16:41:37+00:00","og_image":[{"width":927,"height":492,"url":"https:\/\/progettotouring.it\/radiotouring104\/wp-content\/uploads\/sites\/6\/2023\/10\/Antonino-Ballarino-.png","type":"image\/png"}],"author":"Filippo Francesco Idone","twitter_card":"summary_large_image","twitter_misc":{"Scritto da":"Filippo Francesco Idone","Tempo di lettura stimato":"1 minuto"},"schema":{"@context":"https:\/\/schema.org","@graph":[{"@type":"Article","@id":"https:\/\/progettotouring.it\/radiotouring104\/2024\/03\/25\/lfa-reggio-calabria-parla-del-centro-santagata-se-e-nostro-faremo-investimenti-altrimenti-no\/#article","isPartOf":{"@id":"https:\/\/progettotouring.it\/radiotouring104\/2024\/03\/25\/lfa-reggio-calabria-parla-del-centro-santagata-se-e-nostro-faremo-investimenti-altrimenti-no\/"},"author":{"name":"Filippo Francesco Idone","@id":"https:\/\/progettotouring.it\/radiotouring104\/#\/schema\/person\/4a82259ca52ac8702ad1a8f9e5a3120b"},"headline":"LFA Reggio Calabria, Ballarino parla del Centro Sant&#8217;Agata: &#8220;Se \u00e8 nostro faremo investimenti, altrimenti no&#8221;","datePublished":"2024-03-25T13:09:43+00:00","dateModified":"2024-04-21T16:41:37+00:00","mainEntityOfPage":{"@id":"https:\/\/progettotouring.it\/radiotouring104\/2024\/03\/25\/lfa-reggio-calabria-parla-del-centro-santagata-se-e-nostro-faremo-investimenti-altrimenti-no\/"},"wordCount":261,"publisher":{"@id":"https:\/\/progettotouring.it\/radiotouring104\/#organization"},"image":{"@id":"https:\/\/progettotouring.it\/radiotouring104\/2024\/03\/25\/lfa-reggio-calabria-parla-del-centro-santagata-se-e-nostro-faremo-investimenti-altrimenti-no\/#primaryimage"},"thumbnailUrl":"https:\/\/progettotouring.it\/radiotouring104\/wp-content\/uploads\/sites\/6\/2023\/10\/Antonino-Ballarino-.png","keywords":["ballarino","LFA Reggio Calabria","Sant'Agata"],"articleSection":["News","Reggio Calabria","Sport"],"inLanguage":"it-IT"},{"@type":"WebPage","@id":"https:\/\/progettotouring.it\/radiotouring104\/2024\/03\/25\/lfa-reggio-calabria-parla-del-centro-santagata-se-e-nostro-faremo-investimenti-altrimenti-no\/","url":"https:\/\/progettotouring.it\/radiotouring104\/2024\/03\/25\/lfa-reggio-calabria-parla-del-centro-santagata-se-e-nostro-faremo-investimenti-altrimenti-no\/","name":"LFA Reggio Calabria, Ballarino parla del Centro Sant'Agata: \"Se \u00e8 nostro faremo investimenti, altrimenti no\" - Radio Touring 104","isPartOf":{"@id":"https:\/\/progettotouring.it\/radiotouring104\/#website"},"primaryImageOfPage":{"@id":"https:\/\/progettotouring.it\/radiotouring104\/2024\/03\/25\/lfa-reggio-calabria-parla-del-centro-santagata-se-e-nostro-faremo-investimenti-altrimenti-no\/#primaryimage"},"image":{"@id":"https:\/\/progettotouring.it\/radiotouring104\/2024\/03\/25\/lfa-reggio-calabria-parla-del-centro-santagata-se-e-nostro-faremo-investimenti-altrimenti-no\/#primaryimage"},"thumbnailUrl":"https:\/\/progettotouring.it\/radiotouring104\/wp-content\/uploads\/sites\/6\/2023\/10\/Antonino-Ballarino-.png","datePublished":"2024-03-25T13:09:43+00:00","dateModified":"2024-04-21T16:41:37+00:00","description":"Il direttore generale Ballarino ha parlato della partita persa contro la Vibonese e della situazione del Centro Sportivo Sant'Agata","breadcrumb":{"@id":"https:\/\/progettotouring.it\/radiotouring104\/2024\/03\/25\/lfa-reggio-calabria-parla-del-centro-santagata-se-e-nostro-faremo-investimenti-altrimenti-no\/#breadcrumb"},"inLanguage":"it-IT","potentialAction":[{"@type":"ReadAction","target":["https:\/\/progettotouring.it\/radiotouring104\/2024\/03\/25\/lfa-reggio-calabria-parla-del-centro-santagata-se-e-nostro-faremo-investimenti-altrimenti-no\/"]}]},{"@type":"ImageObject","inLanguage":"it-IT","@id":"https:\/\/progettotouring.it\/radiotouring104\/2024\/03\/25\/lfa-reggio-calabria-parla-del-centro-santagata-se-e-nostro-faremo-investimenti-altrimenti-no\/#primaryimage","url":"https:\/\/progettotouring.it\/radiotouring104\/wp-content\/uploads\/sites\/6\/2023\/10\/Antonino-Ballarino-.png","contentUrl":"https:\/\/progettotouring.it\/radiotouring104\/wp-content\/uploads\/sites\/6\/2023\/10\/Antonino-Ballarino-.png","width":927,"height":492},{"@type":"BreadcrumbList","@id":"https:\/\/progettotouring.it\/radiotouring104\/2024\/03\/25\/lfa-reggio-calabria-parla-del-centro-santagata-se-e-nostro-faremo-investimenti-altrimenti-no\/#breadcrumb","itemListElement":[{"@type":"ListItem","position":1,"name":"Home","item":"https:\/\/progettotouring.it\/radiotouring104\/"},{"@type":"ListItem","position":2,"name":"LFA Reggio Calabria, Ballarino parla del Centro Sant&#8217;Agata: &#8220;Se \u00e8 nostro faremo investimenti, altrimenti no&#8221;"}]},{"@type":"WebSite","@id":"https:\/\/progettotouring.it\/radiotouring104\/#website","url":"https:\/\/progettotouring.it\/radiotouring104\/","name":"Radio Touring 104","description":"La prima radio Reggina","publisher":{"@id":"https:\/\/progettotouring.it\/radiotouring104\/#organization"},"potentialAction":[{"@type":"SearchAction","target":{"@type":"EntryPoint","urlTemplate":"https:\/\/progettotouring.it\/radiotouring104\/?s={search_term_string}"},"query-input":{"@type":"PropertyValueSpecification","valueRequired":true,"valueName":"search_term_string"}}],"inLanguage":"it-IT"},{"@type":"Organization","@id":"https:\/\/progettotouring.it\/radiotouring104\/#organization","name":"Radio Touring 104","url":"https:\/\/progettotouring.it\/radiotouring104\/","logo":{"@type":"ImageObject","inLanguage":"it-IT","@id":"https:\/\/progettotouring.it\/radiotouring104\/#\/schema\/logo\/image\/","url":"https:\/\/progettotouring.it\/radiotouring104\/wp-content\/uploads\/sites\/6\/2022\/02\/cropped-logo-radio-touring-104.png","contentUrl":"https:\/\/progettotouring.it\/radiotouring104\/wp-content\/uploads\/sites\/6\/2022\/02\/cropped-logo-radio-touring-104.png","width":377,"height":182,"caption":"Radio Touring 104"},"image":{"@id":"https:\/\/progettotouring.it\/radiotouring104\/#\/schema\/logo\/image\/"}},{"@type":"Person","@id":"https:\/\/progettotouring.it\/radiotouring104\/#\/schema\/person\/4a82259ca52ac8702ad1a8f9e5a3120b","name":"Filippo Francesco Idone","image":{"@type":"ImageObject","inLanguage":"it-IT","@id":"https:\/\/secure.gravatar.com\/avatar\/7268715d2366395c3dd314385670e6484117d44f5c442e61e230f7008b7b62d3?s=96&d=mm&r=g","url":"https:\/\/secure.gravatar.com\/avatar\/7268715d2366395c3dd314385670e6484117d44f5c442e61e230f7008b7b62d3?s=96&d=mm&r=g","contentUrl":"https:\/\/secure.gravatar.com\/avatar\/7268715d2366395c3dd314385670e6484117d44f5c442e61e230f7008b7b62d3?s=96&d=mm&r=g","caption":"Filippo Francesco Idone"},"url":"https:\/\/progettotouring.it\/radiotouring104\/author\/filippoidone\/"}]}},"jetpack_publicize_connections":[],"jetpack_featured_media_url":"https:\/\/progettotouring.it\/radiotouring104\/wp-content\/uploads\/sites\/6\/2023\/10\/Antonino-Ballarino-.png","jetpack_sharing_enabled":true,"_links":{"self":[{"href":"https:\/\/progettotouring.it\/radiotouring104\/wp-json\/wp\/v2\/posts\/47925","targetHints":{"allow":["GET"]}}],"collection":[{"href":"https:\/\/progettotouring.it\/radiotouring104\/wp-json\/wp\/v2\/posts"}],"about":[{"href":"https:\/\/progettotouring.it\/radiotouring104\/wp-json\/wp\/v2\/types\/post"}],"author":[{"embeddable":true,"href":"https:\/\/progettotouring.it\/radiotouring104\/wp-json\/wp\/v2\/users\/8"}],"replies":[{"embeddable":true,"href":"https:\/\/progettotouring.it\/radiotouring104\/wp-json\/wp\/v2\/comments?post=47925"}],"version-history":[{"count":3,"href":"https:\/\/progettotouring.it\/radiotouring104\/wp-json\/wp\/v2\/posts\/47925\/revisions"}],"predecessor-version":[{"id":49887,"href":"https:\/\/progettotouring.it\/radiotouring104\/wp-json\/wp\/v2\/posts\/47925\/revisions\/49887"}],"wp:featuredmedia":[{"embeddable":true,"href":"https:\/\/progettotouring.it\/radiotouring104\/wp-json\/wp\/v2\/media\/37227"}],"wp:attachment":[{"href":"https:\/\/progettotouring.it\/radiotouring104\/wp-json\/wp\/v2\/media?parent=47925"}],"wp:term":[{"taxonomy":"category","embeddable":true,"href":"https:\/\/progettotouring.it\/radiotouring104\/wp-json\/wp\/v2\/categories?post=47925"},{"taxonomy":"post_tag","embeddable":true,"href":"https:\/\/progettotouring.it\/radiotouring104\/wp-json\/wp\/v2\/tags?post=47925"}],"curies":[{"name":"wp","href":"https:\/\/api.w.org\/{rel}","templated":true}]}}