{"id":47938,"date":"2024-03-26T09:40:32","date_gmt":"2024-03-26T08:40:32","guid":{"rendered":"https:\/\/progettotouring.it\/radiotouring104\/?p=47938"},"modified":"2024-03-26T09:40:46","modified_gmt":"2024-03-26T08:40:46","slug":"reggio-5-denunciati-per-furto-di-energia-elettrica-e-detenzione-illegale-di-armi","status":"publish","type":"post","link":"https:\/\/progettotouring.it\/radiotouring104\/2024\/03\/26\/reggio-5-denunciati-per-furto-di-energia-elettrica-e-detenzione-illegale-di-armi\/","title":{"rendered":"Reggio: 5 denunciati per furto di energia elettrica e detenzione illegale di armi"},"content":{"rendered":"<p style=\"text-align: justify\">Nei giorni scorsi, <strong>i Carabinieri<\/strong> della Compagnia<strong> di Reggio<\/strong> Calabria hanno svolto un servizio di controllo straordinario del territorio a largo raggio teso ad imprimere maggiore incisivit\u00e0 in termini di prevenzione e repressione dei reati perpetrati in tutto il centro cittadino. In modo particolare, l\u2019attenzione delle numerose pattuglie impiegate \u00e8 stata indirizzata alla prevenzione e repressione dei reati in materia di armi, di illecita fruizione di energia elettrica nonch\u00e9 delle violazioni delle norme del codice della strada.<\/p>\n<p style=\"text-align: justify\">In particolare, <strong>in localit\u00e0 Mosorrofa, i militari<\/strong> dell\u2019Arma <strong>hanno denunciato quattro persone,<\/strong> di et\u00e0 compresa tra i 40 ed i 60 anni,<strong> per furto di energia elettrica<\/strong> &#8211; perpetrato mediante allacci abusivi alla rete pubblica &#8211;<strong> ed un uomo<\/strong> di 45 anni <strong>per irregolare detenzione di un fucile<\/strong> all\u2019interno della propria abitazione.<\/p>\n<p style=\"text-align: justify\">Nell\u2019ambito del<strong> controllo alla circolazione stradale sono state controllate pi\u00f9 50 vetture e identificate oltre 70 persone<\/strong>. Tra le sanzioni elevate al codice della strada, vi \u00e8 stato anche un fermo amministrativo di un\u2019auto in quanto non coperta dalla prescritta revisione.<\/p>\n<p style=\"text-align: justify\">Il servizio si inserisce nell\u2019alveo di una pi\u00f9 larga attivit\u00e0 di contrasto a situazioni di illegalit\u00e0 sul territorio e di certo contribuisce attivamente alla libera fruizione di alcuni luoghi pubblici. I controlli proseguiranno anche nelle prossime settimane sempre con lo stesso fine: prevenire e reprimere i reati in genere nonch\u00e9 ridurre le infrazioni al codice della strada e sensibilizzare gli automobilisti ad una maggiore attenzione quando si \u00e8 alla guida.<\/p>\n<p style=\"text-align: justify\">Con riferimento ai predetti deferimenti, trattandosi di provvedimenti in fase di indagini preliminari, rimangono salve le successive valutazioni in sede processuale.<\/p>\n<p>&nbsp;<\/p>\n<p>&nbsp;<\/p>\n","protected":false},"excerpt":{"rendered":"<p>Nei giorni scorsi, i Carabinieri della Compagnia di Reggio Calabria hanno svolto un servizio di controllo straordinario del territorio a largo raggio teso ad imprimere maggiore incisivit\u00e0 in termini di&hellip;<\/p>\n","protected":false},"author":12,"featured_media":47939,"comment_status":"closed","ping_status":"open","sticky":false,"template":"","format":"standard","meta":{"_jetpack_memberships_contains_paid_content":false,"footnotes":"","jetpack_publicize_message":"","jetpack_publicize_feature_enabled":true,"jetpack_social_post_already_shared":false,"jetpack_social_options":{"image_generator_settings":{"template":"highway","default_image_id":0,"font":"","enabled":false},"version":2}},"categories":[921,150,196,140],"tags":[29408,8878,29410,29409,29411],"class_list":["post-47938","post","type-post","status-publish","format-standard","has-post-thumbnail","hentry","category-home","category-in-primo-piano","category-news","category-reggio-calabria","tag-4-denunciati-per-furto-energia-elettrica","tag-carabinieri-di-reggio","tag-controllate-50-vetture","tag-detenzione-illegale-di-un-fucile","tag-identificate-70-persone"],"yoast_head":"<!-- This site is optimized with the Yoast SEO plugin v27.2 - https:\/\/yoast.com\/product\/yoast-seo-wordpress\/ -->\n<title>Reggio: 5 denunciati per furto di elettricit\u00e0 e detenzione armi<\/title>\n<meta name=\"description\" content=\"I Carabinieri di Reggio hanno denunciato 4 persone per furto di energia elettrica ed un uomo per detenzione illegale di un fucile\" \/>\n<meta name=\"robots\" content=\"index, follow, max-snippet:-1, max-image-preview:large, max-video-preview:-1\" \/>\n<link rel=\"canonical\" href=\"https:\/\/progettotouring.it\/radiotouring104\/2024\/03\/26\/reggio-5-denunciati-per-furto-di-energia-elettrica-e-detenzione-illegale-di-armi\/\" \/>\n<meta property=\"og:locale\" content=\"it_IT\" \/>\n<meta property=\"og:type\" content=\"article\" \/>\n<meta property=\"og:title\" content=\"Reggio: 5 denunciati per furto di elettricit\u00e0 e detenzione armi\" \/>\n<meta property=\"og:description\" content=\"I Carabinieri di Reggio hanno denunciato 4 persone per furto di energia elettrica ed un uomo per detenzione illegale di un fucile\" \/>\n<meta property=\"og:url\" content=\"https:\/\/progettotouring.it\/radiotouring104\/2024\/03\/26\/reggio-5-denunciati-per-furto-di-energia-elettrica-e-detenzione-illegale-di-armi\/\" \/>\n<meta property=\"og:site_name\" content=\"Radio Touring 104\" \/>\n<meta property=\"article:published_time\" content=\"2024-03-26T08:40:32+00:00\" \/>\n<meta property=\"article:modified_time\" content=\"2024-03-26T08:40:46+00:00\" \/>\n<meta property=\"og:image\" content=\"https:\/\/progettotouring.it\/radiotouring104\/wp-content\/uploads\/sites\/6\/2024\/03\/moto-carabinieri-Reggio-via-marina.jpg\" \/>\n\t<meta property=\"og:image:width\" content=\"1600\" \/>\n\t<meta property=\"og:image:height\" content=\"997\" \/>\n\t<meta property=\"og:image:type\" content=\"image\/jpeg\" \/>\n<meta name=\"author\" content=\"Sebastiano Plutino\" \/>\n<meta name=\"twitter:card\" content=\"summary_large_image\" \/>\n<meta name=\"twitter:label1\" content=\"Scritto da\" \/>\n\t<meta name=\"twitter:data1\" content=\"Sebastiano Plutino\" \/>\n\t<meta name=\"twitter:label2\" content=\"Tempo di lettura stimato\" \/>\n\t<meta name=\"twitter:data2\" content=\"1 minuto\" \/>\n<script type=\"application\/ld+json\" class=\"yoast-schema-graph\">{\"@context\":\"https:\/\/schema.org\",\"@graph\":[{\"@type\":\"Article\",\"@id\":\"https:\/\/progettotouring.it\/radiotouring104\/2024\/03\/26\/reggio-5-denunciati-per-furto-di-energia-elettrica-e-detenzione-illegale-di-armi\/#article\",\"isPartOf\":{\"@id\":\"https:\/\/progettotouring.it\/radiotouring104\/2024\/03\/26\/reggio-5-denunciati-per-furto-di-energia-elettrica-e-detenzione-illegale-di-armi\/\"},\"author\":{\"name\":\"Sebastiano Plutino\",\"@id\":\"https:\/\/progettotouring.it\/radiotouring104\/#\/schema\/person\/78613917f1851f041f7483f5af1d422e\"},\"headline\":\"Reggio: 5 denunciati per furto di energia elettrica e detenzione illegale di armi\",\"datePublished\":\"2024-03-26T08:40:32+00:00\",\"dateModified\":\"2024-03-26T08:40:46+00:00\",\"mainEntityOfPage\":{\"@id\":\"https:\/\/progettotouring.it\/radiotouring104\/2024\/03\/26\/reggio-5-denunciati-per-furto-di-energia-elettrica-e-detenzione-illegale-di-armi\/\"},\"wordCount\":273,\"publisher\":{\"@id\":\"https:\/\/progettotouring.it\/radiotouring104\/#organization\"},\"image\":{\"@id\":\"https:\/\/progettotouring.it\/radiotouring104\/2024\/03\/26\/reggio-5-denunciati-per-furto-di-energia-elettrica-e-detenzione-illegale-di-armi\/#primaryimage\"},\"thumbnailUrl\":\"https:\/\/progettotouring.it\/radiotouring104\/wp-content\/uploads\/sites\/6\/2024\/03\/moto-carabinieri-Reggio-via-marina.jpg\",\"keywords\":[\"4 denunciati per furto energia elettrica\",\"Carabinieri di Reggio\",\"controllate 50 vetture\",\"detenzione illegale di un fucile\",\"identificate 70 persone\"],\"articleSection\":[\"Home\",\"In primo piano\",\"News\",\"Reggio Calabria\"],\"inLanguage\":\"it-IT\"},{\"@type\":\"WebPage\",\"@id\":\"https:\/\/progettotouring.it\/radiotouring104\/2024\/03\/26\/reggio-5-denunciati-per-furto-di-energia-elettrica-e-detenzione-illegale-di-armi\/\",\"url\":\"https:\/\/progettotouring.it\/radiotouring104\/2024\/03\/26\/reggio-5-denunciati-per-furto-di-energia-elettrica-e-detenzione-illegale-di-armi\/\",\"name\":\"Reggio: 5 denunciati per furto di elettricit\u00e0 e detenzione armi\",\"isPartOf\":{\"@id\":\"https:\/\/progettotouring.it\/radiotouring104\/#website\"},\"primaryImageOfPage\":{\"@id\":\"https:\/\/progettotouring.it\/radiotouring104\/2024\/03\/26\/reggio-5-denunciati-per-furto-di-energia-elettrica-e-detenzione-illegale-di-armi\/#primaryimage\"},\"image\":{\"@id\":\"https:\/\/progettotouring.it\/radiotouring104\/2024\/03\/26\/reggio-5-denunciati-per-furto-di-energia-elettrica-e-detenzione-illegale-di-armi\/#primaryimage\"},\"thumbnailUrl\":\"https:\/\/progettotouring.it\/radiotouring104\/wp-content\/uploads\/sites\/6\/2024\/03\/moto-carabinieri-Reggio-via-marina.jpg\",\"datePublished\":\"2024-03-26T08:40:32+00:00\",\"dateModified\":\"2024-03-26T08:40:46+00:00\",\"description\":\"I Carabinieri di Reggio hanno denunciato 4 persone per furto di energia elettrica ed un uomo per detenzione illegale di un fucile\",\"breadcrumb\":{\"@id\":\"https:\/\/progettotouring.it\/radiotouring104\/2024\/03\/26\/reggio-5-denunciati-per-furto-di-energia-elettrica-e-detenzione-illegale-di-armi\/#breadcrumb\"},\"inLanguage\":\"it-IT\",\"potentialAction\":[{\"@type\":\"ReadAction\",\"target\":[\"https:\/\/progettotouring.it\/radiotouring104\/2024\/03\/26\/reggio-5-denunciati-per-furto-di-energia-elettrica-e-detenzione-illegale-di-armi\/\"]}]},{\"@type\":\"ImageObject\",\"inLanguage\":\"it-IT\",\"@id\":\"https:\/\/progettotouring.it\/radiotouring104\/2024\/03\/26\/reggio-5-denunciati-per-furto-di-energia-elettrica-e-detenzione-illegale-di-armi\/#primaryimage\",\"url\":\"https:\/\/progettotouring.it\/radiotouring104\/wp-content\/uploads\/sites\/6\/2024\/03\/moto-carabinieri-Reggio-via-marina.jpg\",\"contentUrl\":\"https:\/\/progettotouring.it\/radiotouring104\/wp-content\/uploads\/sites\/6\/2024\/03\/moto-carabinieri-Reggio-via-marina.jpg\",\"width\":1600,\"height\":997},{\"@type\":\"BreadcrumbList\",\"@id\":\"https:\/\/progettotouring.it\/radiotouring104\/2024\/03\/26\/reggio-5-denunciati-per-furto-di-energia-elettrica-e-detenzione-illegale-di-armi\/#breadcrumb\",\"itemListElement\":[{\"@type\":\"ListItem\",\"position\":1,\"name\":\"Home\",\"item\":\"https:\/\/progettotouring.it\/radiotouring104\/\"},{\"@type\":\"ListItem\",\"position\":2,\"name\":\"Reggio: 5 denunciati per furto di energia elettrica e detenzione illegale di armi\"}]},{\"@type\":\"WebSite\",\"@id\":\"https:\/\/progettotouring.it\/radiotouring104\/#website\",\"url\":\"https:\/\/progettotouring.it\/radiotouring104\/\",\"name\":\"Radio Touring 104\",\"description\":\"La prima radio Reggina\",\"publisher\":{\"@id\":\"https:\/\/progettotouring.it\/radiotouring104\/#organization\"},\"potentialAction\":[{\"@type\":\"SearchAction\",\"target\":{\"@type\":\"EntryPoint\",\"urlTemplate\":\"https:\/\/progettotouring.it\/radiotouring104\/?s={search_term_string}\"},\"query-input\":{\"@type\":\"PropertyValueSpecification\",\"valueRequired\":true,\"valueName\":\"search_term_string\"}}],\"inLanguage\":\"it-IT\"},{\"@type\":\"Organization\",\"@id\":\"https:\/\/progettotouring.it\/radiotouring104\/#organization\",\"name\":\"Radio Touring 104\",\"url\":\"https:\/\/progettotouring.it\/radiotouring104\/\",\"logo\":{\"@type\":\"ImageObject\",\"inLanguage\":\"it-IT\",\"@id\":\"https:\/\/progettotouring.it\/radiotouring104\/#\/schema\/logo\/image\/\",\"url\":\"https:\/\/progettotouring.it\/radiotouring104\/wp-content\/uploads\/sites\/6\/2022\/02\/cropped-logo-radio-touring-104.png\",\"contentUrl\":\"https:\/\/progettotouring.it\/radiotouring104\/wp-content\/uploads\/sites\/6\/2022\/02\/cropped-logo-radio-touring-104.png\",\"width\":377,\"height\":182,\"caption\":\"Radio Touring 104\"},\"image\":{\"@id\":\"https:\/\/progettotouring.it\/radiotouring104\/#\/schema\/logo\/image\/\"}},{\"@type\":\"Person\",\"@id\":\"https:\/\/progettotouring.it\/radiotouring104\/#\/schema\/person\/78613917f1851f041f7483f5af1d422e\",\"name\":\"Sebastiano Plutino\",\"image\":{\"@type\":\"ImageObject\",\"inLanguage\":\"it-IT\",\"@id\":\"https:\/\/secure.gravatar.com\/avatar\/0546ffaa9b79224faf9f2a156b67a529ae861d3287c66c1d8ccfdf909bcba78d?s=96&d=mm&r=g\",\"url\":\"https:\/\/secure.gravatar.com\/avatar\/0546ffaa9b79224faf9f2a156b67a529ae861d3287c66c1d8ccfdf909bcba78d?s=96&d=mm&r=g\",\"contentUrl\":\"https:\/\/secure.gravatar.com\/avatar\/0546ffaa9b79224faf9f2a156b67a529ae861d3287c66c1d8ccfdf909bcba78d?s=96&d=mm&r=g\",\"caption\":\"Sebastiano Plutino\"},\"url\":\"https:\/\/progettotouring.it\/radiotouring104\/author\/sebastiano\/\"}]}<\/script>\n<!-- \/ Yoast SEO plugin. -->","yoast_head_json":{"title":"Reggio: 5 denunciati per furto di elettricit\u00e0 e detenzione armi","description":"I Carabinieri di Reggio hanno denunciato 4 persone per furto di energia elettrica ed un uomo per detenzione illegale di un fucile","robots":{"index":"index","follow":"follow","max-snippet":"max-snippet:-1","max-image-preview":"max-image-preview:large","max-video-preview":"max-video-preview:-1"},"canonical":"https:\/\/progettotouring.it\/radiotouring104\/2024\/03\/26\/reggio-5-denunciati-per-furto-di-energia-elettrica-e-detenzione-illegale-di-armi\/","og_locale":"it_IT","og_type":"article","og_title":"Reggio: 5 denunciati per furto di elettricit\u00e0 e detenzione armi","og_description":"I Carabinieri di Reggio hanno denunciato 4 persone per furto di energia elettrica ed un uomo per detenzione illegale di un fucile","og_url":"https:\/\/progettotouring.it\/radiotouring104\/2024\/03\/26\/reggio-5-denunciati-per-furto-di-energia-elettrica-e-detenzione-illegale-di-armi\/","og_site_name":"Radio Touring 104","article_published_time":"2024-03-26T08:40:32+00:00","article_modified_time":"2024-03-26T08:40:46+00:00","og_image":[{"width":1600,"height":997,"url":"https:\/\/progettotouring.it\/radiotouring104\/wp-content\/uploads\/sites\/6\/2024\/03\/moto-carabinieri-Reggio-via-marina.jpg","type":"image\/jpeg"}],"author":"Sebastiano Plutino","twitter_card":"summary_large_image","twitter_misc":{"Scritto da":"Sebastiano Plutino","Tempo di lettura stimato":"1 minuto"},"schema":{"@context":"https:\/\/schema.org","@graph":[{"@type":"Article","@id":"https:\/\/progettotouring.it\/radiotouring104\/2024\/03\/26\/reggio-5-denunciati-per-furto-di-energia-elettrica-e-detenzione-illegale-di-armi\/#article","isPartOf":{"@id":"https:\/\/progettotouring.it\/radiotouring104\/2024\/03\/26\/reggio-5-denunciati-per-furto-di-energia-elettrica-e-detenzione-illegale-di-armi\/"},"author":{"name":"Sebastiano Plutino","@id":"https:\/\/progettotouring.it\/radiotouring104\/#\/schema\/person\/78613917f1851f041f7483f5af1d422e"},"headline":"Reggio: 5 denunciati per furto di energia elettrica e detenzione illegale di armi","datePublished":"2024-03-26T08:40:32+00:00","dateModified":"2024-03-26T08:40:46+00:00","mainEntityOfPage":{"@id":"https:\/\/progettotouring.it\/radiotouring104\/2024\/03\/26\/reggio-5-denunciati-per-furto-di-energia-elettrica-e-detenzione-illegale-di-armi\/"},"wordCount":273,"publisher":{"@id":"https:\/\/progettotouring.it\/radiotouring104\/#organization"},"image":{"@id":"https:\/\/progettotouring.it\/radiotouring104\/2024\/03\/26\/reggio-5-denunciati-per-furto-di-energia-elettrica-e-detenzione-illegale-di-armi\/#primaryimage"},"thumbnailUrl":"https:\/\/progettotouring.it\/radiotouring104\/wp-content\/uploads\/sites\/6\/2024\/03\/moto-carabinieri-Reggio-via-marina.jpg","keywords":["4 denunciati per furto energia elettrica","Carabinieri di Reggio","controllate 50 vetture","detenzione illegale di un fucile","identificate 70 persone"],"articleSection":["Home","In primo piano","News","Reggio Calabria"],"inLanguage":"it-IT"},{"@type":"WebPage","@id":"https:\/\/progettotouring.it\/radiotouring104\/2024\/03\/26\/reggio-5-denunciati-per-furto-di-energia-elettrica-e-detenzione-illegale-di-armi\/","url":"https:\/\/progettotouring.it\/radiotouring104\/2024\/03\/26\/reggio-5-denunciati-per-furto-di-energia-elettrica-e-detenzione-illegale-di-armi\/","name":"Reggio: 5 denunciati per furto di elettricit\u00e0 e detenzione armi","isPartOf":{"@id":"https:\/\/progettotouring.it\/radiotouring104\/#website"},"primaryImageOfPage":{"@id":"https:\/\/progettotouring.it\/radiotouring104\/2024\/03\/26\/reggio-5-denunciati-per-furto-di-energia-elettrica-e-detenzione-illegale-di-armi\/#primaryimage"},"image":{"@id":"https:\/\/progettotouring.it\/radiotouring104\/2024\/03\/26\/reggio-5-denunciati-per-furto-di-energia-elettrica-e-detenzione-illegale-di-armi\/#primaryimage"},"thumbnailUrl":"https:\/\/progettotouring.it\/radiotouring104\/wp-content\/uploads\/sites\/6\/2024\/03\/moto-carabinieri-Reggio-via-marina.jpg","datePublished":"2024-03-26T08:40:32+00:00","dateModified":"2024-03-26T08:40:46+00:00","description":"I Carabinieri di Reggio hanno denunciato 4 persone per furto di energia elettrica ed un uomo per detenzione illegale di un fucile","breadcrumb":{"@id":"https:\/\/progettotouring.it\/radiotouring104\/2024\/03\/26\/reggio-5-denunciati-per-furto-di-energia-elettrica-e-detenzione-illegale-di-armi\/#breadcrumb"},"inLanguage":"it-IT","potentialAction":[{"@type":"ReadAction","target":["https:\/\/progettotouring.it\/radiotouring104\/2024\/03\/26\/reggio-5-denunciati-per-furto-di-energia-elettrica-e-detenzione-illegale-di-armi\/"]}]},{"@type":"ImageObject","inLanguage":"it-IT","@id":"https:\/\/progettotouring.it\/radiotouring104\/2024\/03\/26\/reggio-5-denunciati-per-furto-di-energia-elettrica-e-detenzione-illegale-di-armi\/#primaryimage","url":"https:\/\/progettotouring.it\/radiotouring104\/wp-content\/uploads\/sites\/6\/2024\/03\/moto-carabinieri-Reggio-via-marina.jpg","contentUrl":"https:\/\/progettotouring.it\/radiotouring104\/wp-content\/uploads\/sites\/6\/2024\/03\/moto-carabinieri-Reggio-via-marina.jpg","width":1600,"height":997},{"@type":"BreadcrumbList","@id":"https:\/\/progettotouring.it\/radiotouring104\/2024\/03\/26\/reggio-5-denunciati-per-furto-di-energia-elettrica-e-detenzione-illegale-di-armi\/#breadcrumb","itemListElement":[{"@type":"ListItem","position":1,"name":"Home","item":"https:\/\/progettotouring.it\/radiotouring104\/"},{"@type":"ListItem","position":2,"name":"Reggio: 5 denunciati per furto di energia elettrica e detenzione illegale di armi"}]},{"@type":"WebSite","@id":"https:\/\/progettotouring.it\/radiotouring104\/#website","url":"https:\/\/progettotouring.it\/radiotouring104\/","name":"Radio Touring 104","description":"La prima radio Reggina","publisher":{"@id":"https:\/\/progettotouring.it\/radiotouring104\/#organization"},"potentialAction":[{"@type":"SearchAction","target":{"@type":"EntryPoint","urlTemplate":"https:\/\/progettotouring.it\/radiotouring104\/?s={search_term_string}"},"query-input":{"@type":"PropertyValueSpecification","valueRequired":true,"valueName":"search_term_string"}}],"inLanguage":"it-IT"},{"@type":"Organization","@id":"https:\/\/progettotouring.it\/radiotouring104\/#organization","name":"Radio Touring 104","url":"https:\/\/progettotouring.it\/radiotouring104\/","logo":{"@type":"ImageObject","inLanguage":"it-IT","@id":"https:\/\/progettotouring.it\/radiotouring104\/#\/schema\/logo\/image\/","url":"https:\/\/progettotouring.it\/radiotouring104\/wp-content\/uploads\/sites\/6\/2022\/02\/cropped-logo-radio-touring-104.png","contentUrl":"https:\/\/progettotouring.it\/radiotouring104\/wp-content\/uploads\/sites\/6\/2022\/02\/cropped-logo-radio-touring-104.png","width":377,"height":182,"caption":"Radio Touring 104"},"image":{"@id":"https:\/\/progettotouring.it\/radiotouring104\/#\/schema\/logo\/image\/"}},{"@type":"Person","@id":"https:\/\/progettotouring.it\/radiotouring104\/#\/schema\/person\/78613917f1851f041f7483f5af1d422e","name":"Sebastiano Plutino","image":{"@type":"ImageObject","inLanguage":"it-IT","@id":"https:\/\/secure.gravatar.com\/avatar\/0546ffaa9b79224faf9f2a156b67a529ae861d3287c66c1d8ccfdf909bcba78d?s=96&d=mm&r=g","url":"https:\/\/secure.gravatar.com\/avatar\/0546ffaa9b79224faf9f2a156b67a529ae861d3287c66c1d8ccfdf909bcba78d?s=96&d=mm&r=g","contentUrl":"https:\/\/secure.gravatar.com\/avatar\/0546ffaa9b79224faf9f2a156b67a529ae861d3287c66c1d8ccfdf909bcba78d?s=96&d=mm&r=g","caption":"Sebastiano Plutino"},"url":"https:\/\/progettotouring.it\/radiotouring104\/author\/sebastiano\/"}]}},"jetpack_publicize_connections":[],"jetpack_featured_media_url":"https:\/\/progettotouring.it\/radiotouring104\/wp-content\/uploads\/sites\/6\/2024\/03\/moto-carabinieri-Reggio-via-marina.jpg","jetpack_sharing_enabled":true,"_links":{"self":[{"href":"https:\/\/progettotouring.it\/radiotouring104\/wp-json\/wp\/v2\/posts\/47938","targetHints":{"allow":["GET"]}}],"collection":[{"href":"https:\/\/progettotouring.it\/radiotouring104\/wp-json\/wp\/v2\/posts"}],"about":[{"href":"https:\/\/progettotouring.it\/radiotouring104\/wp-json\/wp\/v2\/types\/post"}],"author":[{"embeddable":true,"href":"https:\/\/progettotouring.it\/radiotouring104\/wp-json\/wp\/v2\/users\/12"}],"replies":[{"embeddable":true,"href":"https:\/\/progettotouring.it\/radiotouring104\/wp-json\/wp\/v2\/comments?post=47938"}],"version-history":[{"count":1,"href":"https:\/\/progettotouring.it\/radiotouring104\/wp-json\/wp\/v2\/posts\/47938\/revisions"}],"predecessor-version":[{"id":47940,"href":"https:\/\/progettotouring.it\/radiotouring104\/wp-json\/wp\/v2\/posts\/47938\/revisions\/47940"}],"wp:featuredmedia":[{"embeddable":true,"href":"https:\/\/progettotouring.it\/radiotouring104\/wp-json\/wp\/v2\/media\/47939"}],"wp:attachment":[{"href":"https:\/\/progettotouring.it\/radiotouring104\/wp-json\/wp\/v2\/media?parent=47938"}],"wp:term":[{"taxonomy":"category","embeddable":true,"href":"https:\/\/progettotouring.it\/radiotouring104\/wp-json\/wp\/v2\/categories?post=47938"},{"taxonomy":"post_tag","embeddable":true,"href":"https:\/\/progettotouring.it\/radiotouring104\/wp-json\/wp\/v2\/tags?post=47938"}],"curies":[{"name":"wp","href":"https:\/\/api.w.org\/{rel}","templated":true}]}}