{"id":47941,"date":"2024-03-26T09:53:58","date_gmt":"2024-03-26T08:53:58","guid":{"rendered":"https:\/\/progettotouring.it\/radiotouring104\/?p=47941"},"modified":"2024-03-26T09:53:58","modified_gmt":"2024-03-26T08:53:58","slug":"melito-p-s-ultimati-i-lavori-allistituto-familiari-di-melito","status":"publish","type":"post","link":"https:\/\/progettotouring.it\/radiotouring104\/2024\/03\/26\/melito-p-s-ultimati-i-lavori-allistituto-familiari-di-melito\/","title":{"rendered":"Melito P.S.: ultimati i lavori all&#8217;Istituto &#8220;Familiari&#8221; di Melito."},"content":{"rendered":"<div style=\"text-align: justify\"><strong>Il vicesindaco<\/strong> metropolitano Carmelo Versace<strong> ha preso parte al sopralluogo presso l\u2019Istituto<\/strong> di istruzione superiore <em>\u201cFamiliari\u201d<\/em><strong> di Melito Porto Salvo,<\/strong> dove \u00e8 in corso l\u2019ultimazione del cantiere allestito per l\u2019ammodernamento dell\u2019edificio e <strong>dove prenderanno il via i lavori per il rifacimento del campo sportivo annesso alla struttura scolastica.<\/strong><\/p>\n<p><em>\u00abDue importanti consegne\u00bb<\/em>, <strong>per il vicesindaco Versace che ha sottolineato<\/strong> \u00abl<em>a costante e assidua opera portata avanti dall\u2019amministrazione Falcomat\u00e0 e dal settore guidato dal dirigente Giuseppe Mezzatesta per rendere sempre pi\u00f9 moderne e confortevoli le scuole del comprensorio\u00bb.<\/em><strong> All\u2019ispezione sul cantiere hanno preso<\/strong> parte il Rup, architetto<strong> Loredana Brianti,<\/strong> il direttore dei lavori, ingegnere <strong>Antonio Cartisano,<\/strong> ed il dirigente scolastico dell\u2019istituto melitese,<strong> Vincenzo Zappia.<\/strong><\/p>\n<p><em>\u00abAl \u201cFamiliari\u201d di Melito Porto Salvo<\/em> &#8211; <strong>ha spiegato &#8211;<\/strong> <em>sono stati investiti 1,2 milioni per rimettere a nuovo l\u2019intera struttura. Spazi pi\u00f9 adatti alla normale routine didattica, infatti, consentiranno ai nostri ragazzi e alle nostre ragazze di continuare a crescere e formarsi in istituti che uniscono tradizione e innovazione. Un bene anche per i docenti e l\u2019intero personale scolastico che, gi\u00e0 a partire dall\u2019inizio del prossimo anno, potranno frequentare luoghi di lavori al passo con le sfide del futuro\u00bb.<\/em><\/p>\n<p><strong>Nel dettaglio, i lavori hanno riguardato<\/strong> l\u2019inserimento di pilastrini, l\u2019integrazione di porzioni di travi per un ulteriore rinforzo dell\u2019edificio, la sostituzione degli infissi della facciata principale, la messa a norma dell\u2019intero impianto elettrico, la messa in sicurezza e l\u2019impermeabilizzazione della copertura, il ripristino del cordolo superiore del parapetto esistente col distacco di tutte le parti ammalorate ed il rifacimento della facciata e delle pavimentazioni interne del piano primo.<\/div>\n<div style=\"text-align: justify\">\n<strong>A questo intervento essenziale ne \u00e8 seguito un altro.<\/strong> \u00abA<em>bbiamo consegnato alla ditta aggiudicataria<\/em> \u2013<strong> ha detto Versace<\/strong> \u2013<em> i lavori per il restyling completo del campo sportivo, annesso all\u2019Istituto, che servir\u00e0 la scuola e tutte le associazioni sportive e sociali del territorio\u00bb.<\/em><\/p>\n<p><em>\u00abIn questo caso<\/em> \u2013 <strong>ha aggiunto<\/strong> \u2013 <em>l\u2019impegno della Citt\u00e0 Metropolitana e del Credito sportivo \u00e8 di 400 mila euro e, nel giro di pochi mesi, consentir\u00e0 alla comunit\u00e0 di Melito Porto Salvo di poter usufruire di una struttura che avr\u00e0 una ricaduta molto importante nel quadro dei servizi allo sport ed al sociale\u00bb.<\/em><\/p>\n<div><\/div>\n<div><\/div>\n<\/div>\n","protected":false},"excerpt":{"rendered":"<p>Il vicesindaco metropolitano Carmelo Versace ha preso parte al sopralluogo presso l\u2019Istituto di istruzione superiore \u201cFamiliari\u201d di Melito Porto Salvo, dove \u00e8 in corso l\u2019ultimazione del cantiere allestito per l\u2019ammodernamento&hellip;<\/p>\n","protected":false},"author":12,"featured_media":47942,"comment_status":"closed","ping_status":"open","sticky":false,"template":"","format":"standard","meta":{"_jetpack_memberships_contains_paid_content":false,"footnotes":"","jetpack_publicize_message":"","jetpack_publicize_feature_enabled":true,"jetpack_social_post_already_shared":false,"jetpack_social_options":{"image_generator_settings":{"template":"highway","default_image_id":0,"font":"","enabled":false},"version":2}},"categories":[921,196,140],"tags":[29416,22986,29414,29413,27054,4760,29412,16720,29415],"class_list":["post-47941","post","type-post","status-publish","format-standard","has-post-thumbnail","hentry","category-home","category-news","category-reggio-calabria","tag-antonio-cartisano","tag-avv-carmelo-versace","tag-dirigente-giuseppe-mezzatesta","tag-istituto-familiari","tag-loredana-brianti","tag-melito-porto-salvo","tag-rifacimento-del-campo-sportivo","tag-sopralluogo","tag-vincenzo-zappia"],"yoast_head":"<!-- This site is optimized with the Yoast SEO plugin v27.2 - https:\/\/yoast.com\/product\/yoast-seo-wordpress\/ -->\n<title>Melito P.S.: ultimati i lavori all&#039;Istituto &quot;Familiari&quot; di Melito.<\/title>\n<meta name=\"description\" content=\"Sopralluogo del vicesindaco Versace che ha visitato la struttura. Al via il rifacimento del campo sportivo\" \/>\n<meta name=\"robots\" content=\"index, follow, max-snippet:-1, max-image-preview:large, max-video-preview:-1\" \/>\n<link rel=\"canonical\" href=\"https:\/\/progettotouring.it\/radiotouring104\/2024\/03\/26\/melito-p-s-ultimati-i-lavori-allistituto-familiari-di-melito\/\" \/>\n<meta property=\"og:locale\" content=\"it_IT\" \/>\n<meta property=\"og:type\" content=\"article\" \/>\n<meta property=\"og:title\" content=\"Melito P.S.: ultimati i lavori all&#039;Istituto &quot;Familiari&quot; di Melito.\" \/>\n<meta property=\"og:description\" content=\"Sopralluogo del vicesindaco Versace che ha visitato la struttura. Al via il rifacimento del campo sportivo\" \/>\n<meta property=\"og:url\" content=\"https:\/\/progettotouring.it\/radiotouring104\/2024\/03\/26\/melito-p-s-ultimati-i-lavori-allistituto-familiari-di-melito\/\" \/>\n<meta property=\"og:site_name\" content=\"Radio Touring 104\" \/>\n<meta property=\"article:published_time\" content=\"2024-03-26T08:53:58+00:00\" \/>\n<meta property=\"og:image\" content=\"https:\/\/progettotouring.it\/radiotouring104\/wp-content\/uploads\/sites\/6\/2024\/03\/Istituto-familiari-melito-Versace.jpeg\" \/>\n\t<meta property=\"og:image:width\" content=\"1600\" \/>\n\t<meta property=\"og:image:height\" content=\"1200\" \/>\n\t<meta property=\"og:image:type\" content=\"image\/jpeg\" \/>\n<meta name=\"author\" content=\"Sebastiano Plutino\" \/>\n<meta name=\"twitter:card\" content=\"summary_large_image\" \/>\n<meta name=\"twitter:label1\" content=\"Scritto da\" \/>\n\t<meta name=\"twitter:data1\" content=\"Sebastiano Plutino\" \/>\n\t<meta name=\"twitter:label2\" content=\"Tempo di lettura stimato\" \/>\n\t<meta name=\"twitter:data2\" content=\"2 minuti\" \/>\n<script type=\"application\/ld+json\" class=\"yoast-schema-graph\">{\"@context\":\"https:\/\/schema.org\",\"@graph\":[{\"@type\":\"Article\",\"@id\":\"https:\/\/progettotouring.it\/radiotouring104\/2024\/03\/26\/melito-p-s-ultimati-i-lavori-allistituto-familiari-di-melito\/#article\",\"isPartOf\":{\"@id\":\"https:\/\/progettotouring.it\/radiotouring104\/2024\/03\/26\/melito-p-s-ultimati-i-lavori-allistituto-familiari-di-melito\/\"},\"author\":{\"name\":\"Sebastiano Plutino\",\"@id\":\"https:\/\/progettotouring.it\/radiotouring104\/#\/schema\/person\/78613917f1851f041f7483f5af1d422e\"},\"headline\":\"Melito P.S.: ultimati i lavori all&#8217;Istituto &#8220;Familiari&#8221; di Melito.\",\"datePublished\":\"2024-03-26T08:53:58+00:00\",\"mainEntityOfPage\":{\"@id\":\"https:\/\/progettotouring.it\/radiotouring104\/2024\/03\/26\/melito-p-s-ultimati-i-lavori-allistituto-familiari-di-melito\/\"},\"wordCount\":375,\"publisher\":{\"@id\":\"https:\/\/progettotouring.it\/radiotouring104\/#organization\"},\"image\":{\"@id\":\"https:\/\/progettotouring.it\/radiotouring104\/2024\/03\/26\/melito-p-s-ultimati-i-lavori-allistituto-familiari-di-melito\/#primaryimage\"},\"thumbnailUrl\":\"https:\/\/progettotouring.it\/radiotouring104\/wp-content\/uploads\/sites\/6\/2024\/03\/Istituto-familiari-melito-Versace.jpeg\",\"keywords\":[\"Antonio Cartisano\",\"Avv. Carmelo Versace\",\"dirigente Giuseppe Mezzatesta\",\"Istituto \\\"Familiari\\\"\",\"Loredana Brianti\",\"melito porto salvo\",\"rifacimento del campo sportivo\",\"sopralluogo\",\"Vincenzo Zappia\"],\"articleSection\":[\"Home\",\"News\",\"Reggio Calabria\"],\"inLanguage\":\"it-IT\"},{\"@type\":\"WebPage\",\"@id\":\"https:\/\/progettotouring.it\/radiotouring104\/2024\/03\/26\/melito-p-s-ultimati-i-lavori-allistituto-familiari-di-melito\/\",\"url\":\"https:\/\/progettotouring.it\/radiotouring104\/2024\/03\/26\/melito-p-s-ultimati-i-lavori-allistituto-familiari-di-melito\/\",\"name\":\"Melito P.S.: ultimati i lavori all'Istituto \\\"Familiari\\\" di Melito.\",\"isPartOf\":{\"@id\":\"https:\/\/progettotouring.it\/radiotouring104\/#website\"},\"primaryImageOfPage\":{\"@id\":\"https:\/\/progettotouring.it\/radiotouring104\/2024\/03\/26\/melito-p-s-ultimati-i-lavori-allistituto-familiari-di-melito\/#primaryimage\"},\"image\":{\"@id\":\"https:\/\/progettotouring.it\/radiotouring104\/2024\/03\/26\/melito-p-s-ultimati-i-lavori-allistituto-familiari-di-melito\/#primaryimage\"},\"thumbnailUrl\":\"https:\/\/progettotouring.it\/radiotouring104\/wp-content\/uploads\/sites\/6\/2024\/03\/Istituto-familiari-melito-Versace.jpeg\",\"datePublished\":\"2024-03-26T08:53:58+00:00\",\"description\":\"Sopralluogo del vicesindaco Versace che ha visitato la struttura. Al via il rifacimento del campo sportivo\",\"breadcrumb\":{\"@id\":\"https:\/\/progettotouring.it\/radiotouring104\/2024\/03\/26\/melito-p-s-ultimati-i-lavori-allistituto-familiari-di-melito\/#breadcrumb\"},\"inLanguage\":\"it-IT\",\"potentialAction\":[{\"@type\":\"ReadAction\",\"target\":[\"https:\/\/progettotouring.it\/radiotouring104\/2024\/03\/26\/melito-p-s-ultimati-i-lavori-allistituto-familiari-di-melito\/\"]}]},{\"@type\":\"ImageObject\",\"inLanguage\":\"it-IT\",\"@id\":\"https:\/\/progettotouring.it\/radiotouring104\/2024\/03\/26\/melito-p-s-ultimati-i-lavori-allistituto-familiari-di-melito\/#primaryimage\",\"url\":\"https:\/\/progettotouring.it\/radiotouring104\/wp-content\/uploads\/sites\/6\/2024\/03\/Istituto-familiari-melito-Versace.jpeg\",\"contentUrl\":\"https:\/\/progettotouring.it\/radiotouring104\/wp-content\/uploads\/sites\/6\/2024\/03\/Istituto-familiari-melito-Versace.jpeg\",\"width\":1600,\"height\":1200},{\"@type\":\"BreadcrumbList\",\"@id\":\"https:\/\/progettotouring.it\/radiotouring104\/2024\/03\/26\/melito-p-s-ultimati-i-lavori-allistituto-familiari-di-melito\/#breadcrumb\",\"itemListElement\":[{\"@type\":\"ListItem\",\"position\":1,\"name\":\"Home\",\"item\":\"https:\/\/progettotouring.it\/radiotouring104\/\"},{\"@type\":\"ListItem\",\"position\":2,\"name\":\"Melito P.S.: ultimati i lavori all&#8217;Istituto &#8220;Familiari&#8221; di Melito.\"}]},{\"@type\":\"WebSite\",\"@id\":\"https:\/\/progettotouring.it\/radiotouring104\/#website\",\"url\":\"https:\/\/progettotouring.it\/radiotouring104\/\",\"name\":\"Radio Touring 104\",\"description\":\"La prima radio Reggina\",\"publisher\":{\"@id\":\"https:\/\/progettotouring.it\/radiotouring104\/#organization\"},\"potentialAction\":[{\"@type\":\"SearchAction\",\"target\":{\"@type\":\"EntryPoint\",\"urlTemplate\":\"https:\/\/progettotouring.it\/radiotouring104\/?s={search_term_string}\"},\"query-input\":{\"@type\":\"PropertyValueSpecification\",\"valueRequired\":true,\"valueName\":\"search_term_string\"}}],\"inLanguage\":\"it-IT\"},{\"@type\":\"Organization\",\"@id\":\"https:\/\/progettotouring.it\/radiotouring104\/#organization\",\"name\":\"Radio Touring 104\",\"url\":\"https:\/\/progettotouring.it\/radiotouring104\/\",\"logo\":{\"@type\":\"ImageObject\",\"inLanguage\":\"it-IT\",\"@id\":\"https:\/\/progettotouring.it\/radiotouring104\/#\/schema\/logo\/image\/\",\"url\":\"https:\/\/progettotouring.it\/radiotouring104\/wp-content\/uploads\/sites\/6\/2022\/02\/cropped-logo-radio-touring-104.png\",\"contentUrl\":\"https:\/\/progettotouring.it\/radiotouring104\/wp-content\/uploads\/sites\/6\/2022\/02\/cropped-logo-radio-touring-104.png\",\"width\":377,\"height\":182,\"caption\":\"Radio Touring 104\"},\"image\":{\"@id\":\"https:\/\/progettotouring.it\/radiotouring104\/#\/schema\/logo\/image\/\"}},{\"@type\":\"Person\",\"@id\":\"https:\/\/progettotouring.it\/radiotouring104\/#\/schema\/person\/78613917f1851f041f7483f5af1d422e\",\"name\":\"Sebastiano Plutino\",\"image\":{\"@type\":\"ImageObject\",\"inLanguage\":\"it-IT\",\"@id\":\"https:\/\/secure.gravatar.com\/avatar\/0546ffaa9b79224faf9f2a156b67a529ae861d3287c66c1d8ccfdf909bcba78d?s=96&d=mm&r=g\",\"url\":\"https:\/\/secure.gravatar.com\/avatar\/0546ffaa9b79224faf9f2a156b67a529ae861d3287c66c1d8ccfdf909bcba78d?s=96&d=mm&r=g\",\"contentUrl\":\"https:\/\/secure.gravatar.com\/avatar\/0546ffaa9b79224faf9f2a156b67a529ae861d3287c66c1d8ccfdf909bcba78d?s=96&d=mm&r=g\",\"caption\":\"Sebastiano Plutino\"},\"url\":\"https:\/\/progettotouring.it\/radiotouring104\/author\/sebastiano\/\"}]}<\/script>\n<!-- \/ Yoast SEO plugin. -->","yoast_head_json":{"title":"Melito P.S.: ultimati i lavori all'Istituto \"Familiari\" di Melito.","description":"Sopralluogo del vicesindaco Versace che ha visitato la struttura. Al via il rifacimento del campo sportivo","robots":{"index":"index","follow":"follow","max-snippet":"max-snippet:-1","max-image-preview":"max-image-preview:large","max-video-preview":"max-video-preview:-1"},"canonical":"https:\/\/progettotouring.it\/radiotouring104\/2024\/03\/26\/melito-p-s-ultimati-i-lavori-allistituto-familiari-di-melito\/","og_locale":"it_IT","og_type":"article","og_title":"Melito P.S.: ultimati i lavori all'Istituto \"Familiari\" di Melito.","og_description":"Sopralluogo del vicesindaco Versace che ha visitato la struttura. Al via il rifacimento del campo sportivo","og_url":"https:\/\/progettotouring.it\/radiotouring104\/2024\/03\/26\/melito-p-s-ultimati-i-lavori-allistituto-familiari-di-melito\/","og_site_name":"Radio Touring 104","article_published_time":"2024-03-26T08:53:58+00:00","og_image":[{"width":1600,"height":1200,"url":"https:\/\/progettotouring.it\/radiotouring104\/wp-content\/uploads\/sites\/6\/2024\/03\/Istituto-familiari-melito-Versace.jpeg","type":"image\/jpeg"}],"author":"Sebastiano Plutino","twitter_card":"summary_large_image","twitter_misc":{"Scritto da":"Sebastiano Plutino","Tempo di lettura stimato":"2 minuti"},"schema":{"@context":"https:\/\/schema.org","@graph":[{"@type":"Article","@id":"https:\/\/progettotouring.it\/radiotouring104\/2024\/03\/26\/melito-p-s-ultimati-i-lavori-allistituto-familiari-di-melito\/#article","isPartOf":{"@id":"https:\/\/progettotouring.it\/radiotouring104\/2024\/03\/26\/melito-p-s-ultimati-i-lavori-allistituto-familiari-di-melito\/"},"author":{"name":"Sebastiano Plutino","@id":"https:\/\/progettotouring.it\/radiotouring104\/#\/schema\/person\/78613917f1851f041f7483f5af1d422e"},"headline":"Melito P.S.: ultimati i lavori all&#8217;Istituto &#8220;Familiari&#8221; di Melito.","datePublished":"2024-03-26T08:53:58+00:00","mainEntityOfPage":{"@id":"https:\/\/progettotouring.it\/radiotouring104\/2024\/03\/26\/melito-p-s-ultimati-i-lavori-allistituto-familiari-di-melito\/"},"wordCount":375,"publisher":{"@id":"https:\/\/progettotouring.it\/radiotouring104\/#organization"},"image":{"@id":"https:\/\/progettotouring.it\/radiotouring104\/2024\/03\/26\/melito-p-s-ultimati-i-lavori-allistituto-familiari-di-melito\/#primaryimage"},"thumbnailUrl":"https:\/\/progettotouring.it\/radiotouring104\/wp-content\/uploads\/sites\/6\/2024\/03\/Istituto-familiari-melito-Versace.jpeg","keywords":["Antonio Cartisano","Avv. Carmelo Versace","dirigente Giuseppe Mezzatesta","Istituto \"Familiari\"","Loredana Brianti","melito porto salvo","rifacimento del campo sportivo","sopralluogo","Vincenzo Zappia"],"articleSection":["Home","News","Reggio Calabria"],"inLanguage":"it-IT"},{"@type":"WebPage","@id":"https:\/\/progettotouring.it\/radiotouring104\/2024\/03\/26\/melito-p-s-ultimati-i-lavori-allistituto-familiari-di-melito\/","url":"https:\/\/progettotouring.it\/radiotouring104\/2024\/03\/26\/melito-p-s-ultimati-i-lavori-allistituto-familiari-di-melito\/","name":"Melito P.S.: ultimati i lavori all'Istituto \"Familiari\" di Melito.","isPartOf":{"@id":"https:\/\/progettotouring.it\/radiotouring104\/#website"},"primaryImageOfPage":{"@id":"https:\/\/progettotouring.it\/radiotouring104\/2024\/03\/26\/melito-p-s-ultimati-i-lavori-allistituto-familiari-di-melito\/#primaryimage"},"image":{"@id":"https:\/\/progettotouring.it\/radiotouring104\/2024\/03\/26\/melito-p-s-ultimati-i-lavori-allistituto-familiari-di-melito\/#primaryimage"},"thumbnailUrl":"https:\/\/progettotouring.it\/radiotouring104\/wp-content\/uploads\/sites\/6\/2024\/03\/Istituto-familiari-melito-Versace.jpeg","datePublished":"2024-03-26T08:53:58+00:00","description":"Sopralluogo del vicesindaco Versace che ha visitato la struttura. Al via il rifacimento del campo sportivo","breadcrumb":{"@id":"https:\/\/progettotouring.it\/radiotouring104\/2024\/03\/26\/melito-p-s-ultimati-i-lavori-allistituto-familiari-di-melito\/#breadcrumb"},"inLanguage":"it-IT","potentialAction":[{"@type":"ReadAction","target":["https:\/\/progettotouring.it\/radiotouring104\/2024\/03\/26\/melito-p-s-ultimati-i-lavori-allistituto-familiari-di-melito\/"]}]},{"@type":"ImageObject","inLanguage":"it-IT","@id":"https:\/\/progettotouring.it\/radiotouring104\/2024\/03\/26\/melito-p-s-ultimati-i-lavori-allistituto-familiari-di-melito\/#primaryimage","url":"https:\/\/progettotouring.it\/radiotouring104\/wp-content\/uploads\/sites\/6\/2024\/03\/Istituto-familiari-melito-Versace.jpeg","contentUrl":"https:\/\/progettotouring.it\/radiotouring104\/wp-content\/uploads\/sites\/6\/2024\/03\/Istituto-familiari-melito-Versace.jpeg","width":1600,"height":1200},{"@type":"BreadcrumbList","@id":"https:\/\/progettotouring.it\/radiotouring104\/2024\/03\/26\/melito-p-s-ultimati-i-lavori-allistituto-familiari-di-melito\/#breadcrumb","itemListElement":[{"@type":"ListItem","position":1,"name":"Home","item":"https:\/\/progettotouring.it\/radiotouring104\/"},{"@type":"ListItem","position":2,"name":"Melito P.S.: ultimati i lavori all&#8217;Istituto &#8220;Familiari&#8221; di Melito."}]},{"@type":"WebSite","@id":"https:\/\/progettotouring.it\/radiotouring104\/#website","url":"https:\/\/progettotouring.it\/radiotouring104\/","name":"Radio Touring 104","description":"La prima radio Reggina","publisher":{"@id":"https:\/\/progettotouring.it\/radiotouring104\/#organization"},"potentialAction":[{"@type":"SearchAction","target":{"@type":"EntryPoint","urlTemplate":"https:\/\/progettotouring.it\/radiotouring104\/?s={search_term_string}"},"query-input":{"@type":"PropertyValueSpecification","valueRequired":true,"valueName":"search_term_string"}}],"inLanguage":"it-IT"},{"@type":"Organization","@id":"https:\/\/progettotouring.it\/radiotouring104\/#organization","name":"Radio Touring 104","url":"https:\/\/progettotouring.it\/radiotouring104\/","logo":{"@type":"ImageObject","inLanguage":"it-IT","@id":"https:\/\/progettotouring.it\/radiotouring104\/#\/schema\/logo\/image\/","url":"https:\/\/progettotouring.it\/radiotouring104\/wp-content\/uploads\/sites\/6\/2022\/02\/cropped-logo-radio-touring-104.png","contentUrl":"https:\/\/progettotouring.it\/radiotouring104\/wp-content\/uploads\/sites\/6\/2022\/02\/cropped-logo-radio-touring-104.png","width":377,"height":182,"caption":"Radio Touring 104"},"image":{"@id":"https:\/\/progettotouring.it\/radiotouring104\/#\/schema\/logo\/image\/"}},{"@type":"Person","@id":"https:\/\/progettotouring.it\/radiotouring104\/#\/schema\/person\/78613917f1851f041f7483f5af1d422e","name":"Sebastiano Plutino","image":{"@type":"ImageObject","inLanguage":"it-IT","@id":"https:\/\/secure.gravatar.com\/avatar\/0546ffaa9b79224faf9f2a156b67a529ae861d3287c66c1d8ccfdf909bcba78d?s=96&d=mm&r=g","url":"https:\/\/secure.gravatar.com\/avatar\/0546ffaa9b79224faf9f2a156b67a529ae861d3287c66c1d8ccfdf909bcba78d?s=96&d=mm&r=g","contentUrl":"https:\/\/secure.gravatar.com\/avatar\/0546ffaa9b79224faf9f2a156b67a529ae861d3287c66c1d8ccfdf909bcba78d?s=96&d=mm&r=g","caption":"Sebastiano Plutino"},"url":"https:\/\/progettotouring.it\/radiotouring104\/author\/sebastiano\/"}]}},"jetpack_publicize_connections":[],"jetpack_featured_media_url":"https:\/\/progettotouring.it\/radiotouring104\/wp-content\/uploads\/sites\/6\/2024\/03\/Istituto-familiari-melito-Versace.jpeg","jetpack_sharing_enabled":true,"_links":{"self":[{"href":"https:\/\/progettotouring.it\/radiotouring104\/wp-json\/wp\/v2\/posts\/47941","targetHints":{"allow":["GET"]}}],"collection":[{"href":"https:\/\/progettotouring.it\/radiotouring104\/wp-json\/wp\/v2\/posts"}],"about":[{"href":"https:\/\/progettotouring.it\/radiotouring104\/wp-json\/wp\/v2\/types\/post"}],"author":[{"embeddable":true,"href":"https:\/\/progettotouring.it\/radiotouring104\/wp-json\/wp\/v2\/users\/12"}],"replies":[{"embeddable":true,"href":"https:\/\/progettotouring.it\/radiotouring104\/wp-json\/wp\/v2\/comments?post=47941"}],"version-history":[{"count":1,"href":"https:\/\/progettotouring.it\/radiotouring104\/wp-json\/wp\/v2\/posts\/47941\/revisions"}],"predecessor-version":[{"id":47943,"href":"https:\/\/progettotouring.it\/radiotouring104\/wp-json\/wp\/v2\/posts\/47941\/revisions\/47943"}],"wp:featuredmedia":[{"embeddable":true,"href":"https:\/\/progettotouring.it\/radiotouring104\/wp-json\/wp\/v2\/media\/47942"}],"wp:attachment":[{"href":"https:\/\/progettotouring.it\/radiotouring104\/wp-json\/wp\/v2\/media?parent=47941"}],"wp:term":[{"taxonomy":"category","embeddable":true,"href":"https:\/\/progettotouring.it\/radiotouring104\/wp-json\/wp\/v2\/categories?post=47941"},{"taxonomy":"post_tag","embeddable":true,"href":"https:\/\/progettotouring.it\/radiotouring104\/wp-json\/wp\/v2\/tags?post=47941"}],"curies":[{"name":"wp","href":"https:\/\/api.w.org\/{rel}","templated":true}]}}