{"id":47951,"date":"2024-03-26T10:25:03","date_gmt":"2024-03-26T09:25:03","guid":{"rendered":"https:\/\/progettotouring.it\/radiotouring104\/?p=47951"},"modified":"2024-03-26T10:25:27","modified_gmt":"2024-03-26T09:25:27","slug":"autonomia-differenziata-vescovi-calabria-egoismi-territoriali","status":"publish","type":"post","link":"https:\/\/progettotouring.it\/radiotouring104\/2024\/03\/26\/autonomia-differenziata-vescovi-calabria-egoismi-territoriali\/","title":{"rendered":"Autonomia Differenziata, Vescovi Calabria: &#8220;Egoismi territoriali&#8221;"},"content":{"rendered":"<p style=\"text-align: justify\"><strong>II progetto di autonomia differenziata se portato a compimento,<\/strong> <em>&#8220;dar\u00e0 forma istituzionale agli egoismi territoriali della parte pi\u00f9 ricca del Paese, amplificando e cristallizzando i divari territoriali gi\u00e0 esistenti, con gravissimo danno per le persone pi\u00f9 vulnerabili e indifese&#8221;.<\/em><\/p>\n<p style=\"text-align: justify\"><strong>E&#8217; quanto si afferma in un documento dal titolo<\/strong><em> &#8220;La dis-unit\u00e0 nazionale e le preoccupazioni delle Chiese di Calabria: Spunti di riflessione&#8221; pubblicato dalla Conferenza episcopale calabra con il quale si esprimono &#8220;profonde preoccupazioni riguardo all&#8217;attuale dibattuto sull&#8217;autonomia differenziata.<\/em><\/p>\n<p style=\"text-align: justify\"><em>&#8220;Questa posizione<strong> &#8211;<\/strong><\/em><strong> \u00e8 scritto in una nota <\/strong><em><strong>&#8211;<\/strong> scaturisce dalla preoccupazione che l&#8217;accentuarsi del divario Nord-Sud possa ledere la coesione sociale e il benessere collettivo della nazione.<\/em><\/p>\n<p style=\"text-align: justify\"><em>In contrapposizione a queste tendenze, i vescovi propongono una visione di crescita armonica per l&#8217;intero territorio nazionale e sottolineano che &#8216;la strada da percorrere \u00e8 invece quella che passa dal riconoscimento delle differenze e dalla valorizzazione di ogni realt\u00e0 particolare, soprattutto delle aree pi\u00f9 periferiche e\/o interne&#8217;. Questo approccio richiama l&#8217;importanza di una politica inclusiva che promuova equit\u00e0 e solidariet\u00e0 tra le diverse regioni del Paese<\/em>&#8220;.<br \/>\n<strong>\u00a0 Il documento dei vescovi calabresi fa anche appello al principio di sussidariet\u00e0, citando Papa Francesco:<\/strong><em> &#8216;Il principio di sussidariet\u00e0 ha un doppio dinamismo;\u00a0dall&#8217;alto verso il basso e dal basso verso l&#8217;alto&#8217;. Questo principio \u00e8 visto come una via per &#8216;dare speranza in un futuro pi\u00f9 sano e giusto; e questo futuro lo costruiamo insieme, aspirando alle cose pi\u00f9 grandi, ampliando i nostri orizzonti. O insieme o non funziona. O lavoriamo insieme per uscire dalla crisi, a tutti i livelli della societ\u00e0, o non ne usciremo mai&#8221;. Rivolgendosi alle loro comunit\u00e0 i presuli invitato &#8220;a non restare indifferenti di fronte alle sfide poste dalla legge sulle Autonomie differenziate, incoraggiando l&#8217;organizzazione di occasioni di approfondimento e pubblica discussione. &#8216;Non possiamo restare indifferenti<\/em> &#8211; <strong>affermano<\/strong> &#8211;<em> bisogna trovare vie perch\u00e9 si maturi la consapevolezza che il Paese avr\u00e0 un futuro solo se tutti insieme sapremo tessere e ritessere intenzionalmente legami di solidariet\u00e0, a tutti i livelli. Serve riflessione collettiva sull&#8217;importanza di costruire una societ\u00e0 pi\u00f9 giusta e coesa, sottolineando la necessit\u00e0 di promuovere forme di mobilitazione democratica che legano solidariet\u00e0 e giustizia&#8221;.<\/em><\/p>\n","protected":false},"excerpt":{"rendered":"<p>II progetto di autonomia differenziata se portato a compimento, &#8220;dar\u00e0 forma istituzionale agli egoismi territoriali della parte pi\u00f9 ricca del Paese, amplificando e cristallizzando i divari territoriali gi\u00e0 esistenti, con&hellip;<\/p>\n","protected":false},"author":12,"featured_media":43695,"comment_status":"closed","ping_status":"open","sticky":false,"template":"","format":"standard","meta":{"_jetpack_memberships_contains_paid_content":false,"footnotes":"","jetpack_publicize_message":"","jetpack_publicize_feature_enabled":true,"jetpack_social_post_already_shared":false,"jetpack_social_options":{"image_generator_settings":{"template":"highway","default_image_id":0,"font":"","enabled":false},"version":2}},"categories":[921,196,140],"tags":[29423,13230,29424,29422],"class_list":["post-47951","post","type-post","status-publish","format-standard","has-post-thumbnail","hentry","category-home","category-news","category-reggio-calabria","tag-automomia-differenziata","tag-conferenza-episcopale-della-calabria","tag-egoismi-territoriali","tag-vescovi-calabria"],"yoast_head":"<!-- This site is optimized with the Yoast SEO plugin v27.2 - https:\/\/yoast.com\/product\/yoast-seo-wordpress\/ -->\n<title>Autonomia Differenziata, Vescovi Calabria: &quot;Egoismi territoriali&quot;<\/title>\n<meta name=\"description\" content=\"&quot;Dar\u00e0 forma istituzionale agli egoismi della parte ricca del Paese, amplificando i divari territoriali gi\u00e0 esistenti&quot; dichiarano i Vescovi\" \/>\n<meta name=\"robots\" content=\"index, follow, max-snippet:-1, max-image-preview:large, max-video-preview:-1\" \/>\n<link rel=\"canonical\" href=\"https:\/\/progettotouring.it\/radiotouring104\/2024\/03\/26\/autonomia-differenziata-vescovi-calabria-egoismi-territoriali\/\" \/>\n<meta property=\"og:locale\" content=\"it_IT\" \/>\n<meta property=\"og:type\" content=\"article\" \/>\n<meta property=\"og:title\" content=\"Autonomia Differenziata, Vescovi Calabria: &quot;Egoismi territoriali&quot;\" \/>\n<meta property=\"og:description\" content=\"&quot;Dar\u00e0 forma istituzionale agli egoismi della parte ricca del Paese, amplificando i divari territoriali gi\u00e0 esistenti&quot; dichiarano i Vescovi\" \/>\n<meta property=\"og:url\" content=\"https:\/\/progettotouring.it\/radiotouring104\/2024\/03\/26\/autonomia-differenziata-vescovi-calabria-egoismi-territoriali\/\" \/>\n<meta property=\"og:site_name\" content=\"Radio Touring 104\" \/>\n<meta property=\"article:published_time\" content=\"2024-03-26T09:25:03+00:00\" \/>\n<meta property=\"article:modified_time\" content=\"2024-03-26T09:25:27+00:00\" \/>\n<meta property=\"og:image\" content=\"https:\/\/progettotouring.it\/radiotouring104\/wp-content\/uploads\/sites\/6\/2024\/01\/Duomo-Reggio-Calabria.jpg\" \/>\n\t<meta property=\"og:image:width\" content=\"851\" \/>\n\t<meta property=\"og:image:height\" content=\"315\" \/>\n\t<meta property=\"og:image:type\" content=\"image\/jpeg\" \/>\n<meta name=\"author\" content=\"Sebastiano Plutino\" \/>\n<meta name=\"twitter:card\" content=\"summary_large_image\" \/>\n<meta name=\"twitter:label1\" content=\"Scritto da\" \/>\n\t<meta name=\"twitter:data1\" content=\"Sebastiano Plutino\" \/>\n\t<meta name=\"twitter:label2\" content=\"Tempo di lettura stimato\" \/>\n\t<meta name=\"twitter:data2\" content=\"2 minuti\" \/>\n<script type=\"application\/ld+json\" class=\"yoast-schema-graph\">{\"@context\":\"https:\/\/schema.org\",\"@graph\":[{\"@type\":\"Article\",\"@id\":\"https:\/\/progettotouring.it\/radiotouring104\/2024\/03\/26\/autonomia-differenziata-vescovi-calabria-egoismi-territoriali\/#article\",\"isPartOf\":{\"@id\":\"https:\/\/progettotouring.it\/radiotouring104\/2024\/03\/26\/autonomia-differenziata-vescovi-calabria-egoismi-territoriali\/\"},\"author\":{\"name\":\"Sebastiano Plutino\",\"@id\":\"https:\/\/progettotouring.it\/radiotouring104\/#\/schema\/person\/78613917f1851f041f7483f5af1d422e\"},\"headline\":\"Autonomia Differenziata, Vescovi Calabria: &#8220;Egoismi territoriali&#8221;\",\"datePublished\":\"2024-03-26T09:25:03+00:00\",\"dateModified\":\"2024-03-26T09:25:27+00:00\",\"mainEntityOfPage\":{\"@id\":\"https:\/\/progettotouring.it\/radiotouring104\/2024\/03\/26\/autonomia-differenziata-vescovi-calabria-egoismi-territoriali\/\"},\"wordCount\":356,\"publisher\":{\"@id\":\"https:\/\/progettotouring.it\/radiotouring104\/#organization\"},\"image\":{\"@id\":\"https:\/\/progettotouring.it\/radiotouring104\/2024\/03\/26\/autonomia-differenziata-vescovi-calabria-egoismi-territoriali\/#primaryimage\"},\"thumbnailUrl\":\"https:\/\/progettotouring.it\/radiotouring104\/wp-content\/uploads\/sites\/6\/2024\/01\/Duomo-Reggio-Calabria.jpg\",\"keywords\":[\"Automomia Differenziata\",\"Conferenza episcopale della Calabria\",\"Egoismi territoriali\",\"Vescovi Calabria\"],\"articleSection\":[\"Home\",\"News\",\"Reggio Calabria\"],\"inLanguage\":\"it-IT\"},{\"@type\":\"WebPage\",\"@id\":\"https:\/\/progettotouring.it\/radiotouring104\/2024\/03\/26\/autonomia-differenziata-vescovi-calabria-egoismi-territoriali\/\",\"url\":\"https:\/\/progettotouring.it\/radiotouring104\/2024\/03\/26\/autonomia-differenziata-vescovi-calabria-egoismi-territoriali\/\",\"name\":\"Autonomia Differenziata, Vescovi Calabria: \\\"Egoismi territoriali\\\"\",\"isPartOf\":{\"@id\":\"https:\/\/progettotouring.it\/radiotouring104\/#website\"},\"primaryImageOfPage\":{\"@id\":\"https:\/\/progettotouring.it\/radiotouring104\/2024\/03\/26\/autonomia-differenziata-vescovi-calabria-egoismi-territoriali\/#primaryimage\"},\"image\":{\"@id\":\"https:\/\/progettotouring.it\/radiotouring104\/2024\/03\/26\/autonomia-differenziata-vescovi-calabria-egoismi-territoriali\/#primaryimage\"},\"thumbnailUrl\":\"https:\/\/progettotouring.it\/radiotouring104\/wp-content\/uploads\/sites\/6\/2024\/01\/Duomo-Reggio-Calabria.jpg\",\"datePublished\":\"2024-03-26T09:25:03+00:00\",\"dateModified\":\"2024-03-26T09:25:27+00:00\",\"description\":\"\\\"Dar\u00e0 forma istituzionale agli egoismi della parte ricca del Paese, amplificando i divari territoriali gi\u00e0 esistenti\\\" dichiarano i Vescovi\",\"breadcrumb\":{\"@id\":\"https:\/\/progettotouring.it\/radiotouring104\/2024\/03\/26\/autonomia-differenziata-vescovi-calabria-egoismi-territoriali\/#breadcrumb\"},\"inLanguage\":\"it-IT\",\"potentialAction\":[{\"@type\":\"ReadAction\",\"target\":[\"https:\/\/progettotouring.it\/radiotouring104\/2024\/03\/26\/autonomia-differenziata-vescovi-calabria-egoismi-territoriali\/\"]}]},{\"@type\":\"ImageObject\",\"inLanguage\":\"it-IT\",\"@id\":\"https:\/\/progettotouring.it\/radiotouring104\/2024\/03\/26\/autonomia-differenziata-vescovi-calabria-egoismi-territoriali\/#primaryimage\",\"url\":\"https:\/\/progettotouring.it\/radiotouring104\/wp-content\/uploads\/sites\/6\/2024\/01\/Duomo-Reggio-Calabria.jpg\",\"contentUrl\":\"https:\/\/progettotouring.it\/radiotouring104\/wp-content\/uploads\/sites\/6\/2024\/01\/Duomo-Reggio-Calabria.jpg\",\"width\":851,\"height\":315},{\"@type\":\"BreadcrumbList\",\"@id\":\"https:\/\/progettotouring.it\/radiotouring104\/2024\/03\/26\/autonomia-differenziata-vescovi-calabria-egoismi-territoriali\/#breadcrumb\",\"itemListElement\":[{\"@type\":\"ListItem\",\"position\":1,\"name\":\"Home\",\"item\":\"https:\/\/progettotouring.it\/radiotouring104\/\"},{\"@type\":\"ListItem\",\"position\":2,\"name\":\"Autonomia Differenziata, Vescovi Calabria: &#8220;Egoismi territoriali&#8221;\"}]},{\"@type\":\"WebSite\",\"@id\":\"https:\/\/progettotouring.it\/radiotouring104\/#website\",\"url\":\"https:\/\/progettotouring.it\/radiotouring104\/\",\"name\":\"Radio Touring 104\",\"description\":\"La prima radio Reggina\",\"publisher\":{\"@id\":\"https:\/\/progettotouring.it\/radiotouring104\/#organization\"},\"potentialAction\":[{\"@type\":\"SearchAction\",\"target\":{\"@type\":\"EntryPoint\",\"urlTemplate\":\"https:\/\/progettotouring.it\/radiotouring104\/?s={search_term_string}\"},\"query-input\":{\"@type\":\"PropertyValueSpecification\",\"valueRequired\":true,\"valueName\":\"search_term_string\"}}],\"inLanguage\":\"it-IT\"},{\"@type\":\"Organization\",\"@id\":\"https:\/\/progettotouring.it\/radiotouring104\/#organization\",\"name\":\"Radio Touring 104\",\"url\":\"https:\/\/progettotouring.it\/radiotouring104\/\",\"logo\":{\"@type\":\"ImageObject\",\"inLanguage\":\"it-IT\",\"@id\":\"https:\/\/progettotouring.it\/radiotouring104\/#\/schema\/logo\/image\/\",\"url\":\"https:\/\/progettotouring.it\/radiotouring104\/wp-content\/uploads\/sites\/6\/2022\/02\/cropped-logo-radio-touring-104.png\",\"contentUrl\":\"https:\/\/progettotouring.it\/radiotouring104\/wp-content\/uploads\/sites\/6\/2022\/02\/cropped-logo-radio-touring-104.png\",\"width\":377,\"height\":182,\"caption\":\"Radio Touring 104\"},\"image\":{\"@id\":\"https:\/\/progettotouring.it\/radiotouring104\/#\/schema\/logo\/image\/\"}},{\"@type\":\"Person\",\"@id\":\"https:\/\/progettotouring.it\/radiotouring104\/#\/schema\/person\/78613917f1851f041f7483f5af1d422e\",\"name\":\"Sebastiano Plutino\",\"image\":{\"@type\":\"ImageObject\",\"inLanguage\":\"it-IT\",\"@id\":\"https:\/\/secure.gravatar.com\/avatar\/0546ffaa9b79224faf9f2a156b67a529ae861d3287c66c1d8ccfdf909bcba78d?s=96&d=mm&r=g\",\"url\":\"https:\/\/secure.gravatar.com\/avatar\/0546ffaa9b79224faf9f2a156b67a529ae861d3287c66c1d8ccfdf909bcba78d?s=96&d=mm&r=g\",\"contentUrl\":\"https:\/\/secure.gravatar.com\/avatar\/0546ffaa9b79224faf9f2a156b67a529ae861d3287c66c1d8ccfdf909bcba78d?s=96&d=mm&r=g\",\"caption\":\"Sebastiano Plutino\"},\"url\":\"https:\/\/progettotouring.it\/radiotouring104\/author\/sebastiano\/\"}]}<\/script>\n<!-- \/ Yoast SEO plugin. -->","yoast_head_json":{"title":"Autonomia Differenziata, Vescovi Calabria: \"Egoismi territoriali\"","description":"\"Dar\u00e0 forma istituzionale agli egoismi della parte ricca del Paese, amplificando i divari territoriali gi\u00e0 esistenti\" dichiarano i Vescovi","robots":{"index":"index","follow":"follow","max-snippet":"max-snippet:-1","max-image-preview":"max-image-preview:large","max-video-preview":"max-video-preview:-1"},"canonical":"https:\/\/progettotouring.it\/radiotouring104\/2024\/03\/26\/autonomia-differenziata-vescovi-calabria-egoismi-territoriali\/","og_locale":"it_IT","og_type":"article","og_title":"Autonomia Differenziata, Vescovi Calabria: \"Egoismi territoriali\"","og_description":"\"Dar\u00e0 forma istituzionale agli egoismi della parte ricca del Paese, amplificando i divari territoriali gi\u00e0 esistenti\" dichiarano i Vescovi","og_url":"https:\/\/progettotouring.it\/radiotouring104\/2024\/03\/26\/autonomia-differenziata-vescovi-calabria-egoismi-territoriali\/","og_site_name":"Radio Touring 104","article_published_time":"2024-03-26T09:25:03+00:00","article_modified_time":"2024-03-26T09:25:27+00:00","og_image":[{"width":851,"height":315,"url":"https:\/\/progettotouring.it\/radiotouring104\/wp-content\/uploads\/sites\/6\/2024\/01\/Duomo-Reggio-Calabria.jpg","type":"image\/jpeg"}],"author":"Sebastiano Plutino","twitter_card":"summary_large_image","twitter_misc":{"Scritto da":"Sebastiano Plutino","Tempo di lettura stimato":"2 minuti"},"schema":{"@context":"https:\/\/schema.org","@graph":[{"@type":"Article","@id":"https:\/\/progettotouring.it\/radiotouring104\/2024\/03\/26\/autonomia-differenziata-vescovi-calabria-egoismi-territoriali\/#article","isPartOf":{"@id":"https:\/\/progettotouring.it\/radiotouring104\/2024\/03\/26\/autonomia-differenziata-vescovi-calabria-egoismi-territoriali\/"},"author":{"name":"Sebastiano Plutino","@id":"https:\/\/progettotouring.it\/radiotouring104\/#\/schema\/person\/78613917f1851f041f7483f5af1d422e"},"headline":"Autonomia Differenziata, Vescovi Calabria: &#8220;Egoismi territoriali&#8221;","datePublished":"2024-03-26T09:25:03+00:00","dateModified":"2024-03-26T09:25:27+00:00","mainEntityOfPage":{"@id":"https:\/\/progettotouring.it\/radiotouring104\/2024\/03\/26\/autonomia-differenziata-vescovi-calabria-egoismi-territoriali\/"},"wordCount":356,"publisher":{"@id":"https:\/\/progettotouring.it\/radiotouring104\/#organization"},"image":{"@id":"https:\/\/progettotouring.it\/radiotouring104\/2024\/03\/26\/autonomia-differenziata-vescovi-calabria-egoismi-territoriali\/#primaryimage"},"thumbnailUrl":"https:\/\/progettotouring.it\/radiotouring104\/wp-content\/uploads\/sites\/6\/2024\/01\/Duomo-Reggio-Calabria.jpg","keywords":["Automomia Differenziata","Conferenza episcopale della Calabria","Egoismi territoriali","Vescovi Calabria"],"articleSection":["Home","News","Reggio Calabria"],"inLanguage":"it-IT"},{"@type":"WebPage","@id":"https:\/\/progettotouring.it\/radiotouring104\/2024\/03\/26\/autonomia-differenziata-vescovi-calabria-egoismi-territoriali\/","url":"https:\/\/progettotouring.it\/radiotouring104\/2024\/03\/26\/autonomia-differenziata-vescovi-calabria-egoismi-territoriali\/","name":"Autonomia Differenziata, Vescovi Calabria: \"Egoismi territoriali\"","isPartOf":{"@id":"https:\/\/progettotouring.it\/radiotouring104\/#website"},"primaryImageOfPage":{"@id":"https:\/\/progettotouring.it\/radiotouring104\/2024\/03\/26\/autonomia-differenziata-vescovi-calabria-egoismi-territoriali\/#primaryimage"},"image":{"@id":"https:\/\/progettotouring.it\/radiotouring104\/2024\/03\/26\/autonomia-differenziata-vescovi-calabria-egoismi-territoriali\/#primaryimage"},"thumbnailUrl":"https:\/\/progettotouring.it\/radiotouring104\/wp-content\/uploads\/sites\/6\/2024\/01\/Duomo-Reggio-Calabria.jpg","datePublished":"2024-03-26T09:25:03+00:00","dateModified":"2024-03-26T09:25:27+00:00","description":"\"Dar\u00e0 forma istituzionale agli egoismi della parte ricca del Paese, amplificando i divari territoriali gi\u00e0 esistenti\" dichiarano i Vescovi","breadcrumb":{"@id":"https:\/\/progettotouring.it\/radiotouring104\/2024\/03\/26\/autonomia-differenziata-vescovi-calabria-egoismi-territoriali\/#breadcrumb"},"inLanguage":"it-IT","potentialAction":[{"@type":"ReadAction","target":["https:\/\/progettotouring.it\/radiotouring104\/2024\/03\/26\/autonomia-differenziata-vescovi-calabria-egoismi-territoriali\/"]}]},{"@type":"ImageObject","inLanguage":"it-IT","@id":"https:\/\/progettotouring.it\/radiotouring104\/2024\/03\/26\/autonomia-differenziata-vescovi-calabria-egoismi-territoriali\/#primaryimage","url":"https:\/\/progettotouring.it\/radiotouring104\/wp-content\/uploads\/sites\/6\/2024\/01\/Duomo-Reggio-Calabria.jpg","contentUrl":"https:\/\/progettotouring.it\/radiotouring104\/wp-content\/uploads\/sites\/6\/2024\/01\/Duomo-Reggio-Calabria.jpg","width":851,"height":315},{"@type":"BreadcrumbList","@id":"https:\/\/progettotouring.it\/radiotouring104\/2024\/03\/26\/autonomia-differenziata-vescovi-calabria-egoismi-territoriali\/#breadcrumb","itemListElement":[{"@type":"ListItem","position":1,"name":"Home","item":"https:\/\/progettotouring.it\/radiotouring104\/"},{"@type":"ListItem","position":2,"name":"Autonomia Differenziata, Vescovi Calabria: &#8220;Egoismi territoriali&#8221;"}]},{"@type":"WebSite","@id":"https:\/\/progettotouring.it\/radiotouring104\/#website","url":"https:\/\/progettotouring.it\/radiotouring104\/","name":"Radio Touring 104","description":"La prima radio Reggina","publisher":{"@id":"https:\/\/progettotouring.it\/radiotouring104\/#organization"},"potentialAction":[{"@type":"SearchAction","target":{"@type":"EntryPoint","urlTemplate":"https:\/\/progettotouring.it\/radiotouring104\/?s={search_term_string}"},"query-input":{"@type":"PropertyValueSpecification","valueRequired":true,"valueName":"search_term_string"}}],"inLanguage":"it-IT"},{"@type":"Organization","@id":"https:\/\/progettotouring.it\/radiotouring104\/#organization","name":"Radio Touring 104","url":"https:\/\/progettotouring.it\/radiotouring104\/","logo":{"@type":"ImageObject","inLanguage":"it-IT","@id":"https:\/\/progettotouring.it\/radiotouring104\/#\/schema\/logo\/image\/","url":"https:\/\/progettotouring.it\/radiotouring104\/wp-content\/uploads\/sites\/6\/2022\/02\/cropped-logo-radio-touring-104.png","contentUrl":"https:\/\/progettotouring.it\/radiotouring104\/wp-content\/uploads\/sites\/6\/2022\/02\/cropped-logo-radio-touring-104.png","width":377,"height":182,"caption":"Radio Touring 104"},"image":{"@id":"https:\/\/progettotouring.it\/radiotouring104\/#\/schema\/logo\/image\/"}},{"@type":"Person","@id":"https:\/\/progettotouring.it\/radiotouring104\/#\/schema\/person\/78613917f1851f041f7483f5af1d422e","name":"Sebastiano Plutino","image":{"@type":"ImageObject","inLanguage":"it-IT","@id":"https:\/\/secure.gravatar.com\/avatar\/0546ffaa9b79224faf9f2a156b67a529ae861d3287c66c1d8ccfdf909bcba78d?s=96&d=mm&r=g","url":"https:\/\/secure.gravatar.com\/avatar\/0546ffaa9b79224faf9f2a156b67a529ae861d3287c66c1d8ccfdf909bcba78d?s=96&d=mm&r=g","contentUrl":"https:\/\/secure.gravatar.com\/avatar\/0546ffaa9b79224faf9f2a156b67a529ae861d3287c66c1d8ccfdf909bcba78d?s=96&d=mm&r=g","caption":"Sebastiano Plutino"},"url":"https:\/\/progettotouring.it\/radiotouring104\/author\/sebastiano\/"}]}},"jetpack_publicize_connections":[],"jetpack_featured_media_url":"https:\/\/progettotouring.it\/radiotouring104\/wp-content\/uploads\/sites\/6\/2024\/01\/Duomo-Reggio-Calabria.jpg","jetpack_sharing_enabled":true,"_links":{"self":[{"href":"https:\/\/progettotouring.it\/radiotouring104\/wp-json\/wp\/v2\/posts\/47951","targetHints":{"allow":["GET"]}}],"collection":[{"href":"https:\/\/progettotouring.it\/radiotouring104\/wp-json\/wp\/v2\/posts"}],"about":[{"href":"https:\/\/progettotouring.it\/radiotouring104\/wp-json\/wp\/v2\/types\/post"}],"author":[{"embeddable":true,"href":"https:\/\/progettotouring.it\/radiotouring104\/wp-json\/wp\/v2\/users\/12"}],"replies":[{"embeddable":true,"href":"https:\/\/progettotouring.it\/radiotouring104\/wp-json\/wp\/v2\/comments?post=47951"}],"version-history":[{"count":2,"href":"https:\/\/progettotouring.it\/radiotouring104\/wp-json\/wp\/v2\/posts\/47951\/revisions"}],"predecessor-version":[{"id":47953,"href":"https:\/\/progettotouring.it\/radiotouring104\/wp-json\/wp\/v2\/posts\/47951\/revisions\/47953"}],"wp:featuredmedia":[{"embeddable":true,"href":"https:\/\/progettotouring.it\/radiotouring104\/wp-json\/wp\/v2\/media\/43695"}],"wp:attachment":[{"href":"https:\/\/progettotouring.it\/radiotouring104\/wp-json\/wp\/v2\/media?parent=47951"}],"wp:term":[{"taxonomy":"category","embeddable":true,"href":"https:\/\/progettotouring.it\/radiotouring104\/wp-json\/wp\/v2\/categories?post=47951"},{"taxonomy":"post_tag","embeddable":true,"href":"https:\/\/progettotouring.it\/radiotouring104\/wp-json\/wp\/v2\/tags?post=47951"}],"curies":[{"name":"wp","href":"https:\/\/api.w.org\/{rel}","templated":true}]}}