{"id":47981,"date":"2024-03-26T12:17:43","date_gmt":"2024-03-26T11:17:43","guid":{"rendered":"https:\/\/progettotouring.it\/radiotouring104\/?p=47981"},"modified":"2024-03-26T12:18:39","modified_gmt":"2024-03-26T11:18:39","slug":"aisla-calabria-il-13-aprile-scade-il-termine-per-iscriversi-al-corso-di-formazione-per-assistenti-familiari","status":"publish","type":"post","link":"https:\/\/progettotouring.it\/radiotouring104\/2024\/03\/26\/aisla-calabria-il-13-aprile-scade-il-termine-per-iscriversi-al-corso-di-formazione-per-assistenti-familiari\/","title":{"rendered":"AISLA Calabria: Il 13 aprile scade il termine per iscriversi al corso di formazione per Assistenti Familiari"},"content":{"rendered":"<p style=\"text-align: justify\"><strong>Si avvicina la scadenza del termine per iscriversi al corso gratuito per diventare Assistenti Familiari,<\/strong> offerto dall&#8217;Associazione Italiana Sclerosi Laterale Amiotrofica<strong> (AISLA)<\/strong> e con il sostegno della Regione Calabria.<strong> L&#8217;iniziativa, con lo slogan<\/strong> &#8220;<i>Specializzati in Altruismo, il lavoro pi\u00f9 bello che ci sia<\/i>&#8220;<strong>, mira alla formazione di Assistenti familiari qualificati,<\/strong> rivolta non solo a persone affette da Sla, <strong>ma anche ad anziani e a chi ha bisogno di un&#8217;intensa assistenza a casa<\/strong>. Le iscrizioni al corso, che avr\u00e0 inizio il 20 aprile, sono ancora aperte per le classi di Reggio Calabria e Cosenza. L&#8217;organizzazione del corso \u00e8 affidata a CISMe, un&#8217;impresa sociale attiva in Calabria dal 1980.<\/p>\n<p style=\"text-align: justify\"><b>Francesca Genovese, Consigliere nazionale AISLA e presidente della sezione Calabrese<\/b>, afferma: &#8220;<i>Le famiglie devono a sopportare un alto carico assistenziale e faticano a trovare personale qualificato. \u00c8 fondamentale garantire una corretta gestione dell&#8217;assistenza in casa, non solo per le persone affette da Sla, ma anche per anziani e per coloro che necessitano di un sostegno intensivo. Il nostro obiettivo \u00e8 formare figure altamente specializzate, pronte ad offrire la migliore assistenza possibile<\/i>.&#8221;<\/p>\n<p style=\"text-align: justify\"><strong>Il percorso formativo proposto da AISLA inizier\u00e0 con una lezione sulla &#8220;<\/strong>SLA come esempio di malattia con grave disabilit\u00e0 neurologica&#8221;, tenuta dalla dott.ssa Amelia Conte. Con la dott.ssa Elisa Giove, il corso affronter\u00e0 vari aspetti della SLA, includendo metodi di comunicazione non verbali come l&#8217;uso della tavola Etran, espressioni facciali residue, la comunicazione attraverso il tocco e il massaggio e l&#8217;importanza delle domande a &#8220;albero&#8221; per migliorare la comunicazione.<\/p>\n<p style=\"text-align: justify\">La complessit\u00e0 sar\u00e0 affrontata parlando della gestione dell&#8217;assistenza respiratoria, un tema che sar\u00e0 trattato dalla dott.ssa Daniela Volpes e dove sar\u00e0 spiegata anche la gestione della tracheotomia. La pneumologa dott.ssa Elisabetta Roma fornir\u00e0 dettagli sulla gestione del ventilatore, mentre il nutrizionista dott. Giampaolo Biroli parler\u00e0 della nutrizione enterale a domicilio. Con la dott.ssa Maria Lavezzi, durante il corso sono previste delle lezioni nella quali si parler\u00e0 anche delle sfide psicologiche ed emotive delle persone con Sla, cos\u00ec come delle dinamiche familiari e il ruolo dell&#8217;assistente familiare.<\/p>\n<p style=\"text-align: justify\">Diverse lezioni sono affidate, invece, all\u2019Infermiera Professionale Michela Mazzacani e dove ci sar\u00e0 una formazione pratica sugli aspetti dell&#8217;assistenza, compresa la gestione dell&#8217;eliminazione delle feci e delle urine, e la somministrazione di terapie. Infine, la dott.ssa Michela Coccia e la fisioterapista dott.ssa Silvia Tomassini forniranno formazione sulla mobilizzazione del paziente e l&#8217;uso degli ausili. Non ultimo, si approfondiranno tematiche etiche con la dott.ssa Stefania Bastianello, bioeticista e direttore tecnico di AISLA e delle cure palliative nella Sla con la dott.ssa Daniela Cattaneo.<\/p>\n<p style=\"text-align: justify\">Il bando di AISLA permette a residenti in Italia di partecipare a un programma di formazione. A coloro non interessati all&#8217;attestato, ma desiderosi di acquisire competenze, \u00e8 data l&#8217;opportunit\u00e0 di partecipare come uditori attraverso Zoom. Le iscrizioni sono aperte tramite registrazione online all&#8217;indirizzo\u00a0<a target=\"_self\" rel=\"noopener\">familiarmenteaisla@cisme.it<\/a>, con l&#8217;obbligo di inviare una domanda compilata secondo il modulo previsto, entro le 23:59 del 13 aprile 2024. Maggiori informazioni disponibili sul sito di AISLA.<\/p>\n<div><\/div>\n","protected":false},"excerpt":{"rendered":"<p>Si avvicina la scadenza del termine per iscriversi al corso gratuito per diventare Assistenti Familiari, offerto dall&#8217;Associazione Italiana Sclerosi Laterale Amiotrofica (AISLA) e con il sostegno della Regione Calabria. L&#8217;iniziativa,&hellip;<\/p>\n","protected":false},"author":12,"featured_media":47982,"comment_status":"closed","ping_status":"open","sticky":false,"template":"","format":"standard","meta":{"_jetpack_memberships_contains_paid_content":false,"footnotes":"","jetpack_publicize_message":"","jetpack_publicize_feature_enabled":true,"jetpack_social_post_already_shared":false,"jetpack_social_options":{"image_generator_settings":{"template":"highway","default_image_id":0,"font":"","enabled":false},"version":2}},"categories":[921,196,140],"tags":[29450,9778,29452,29451,29453],"class_list":["post-47981","post","type-post","status-publish","format-standard","has-post-thumbnail","hentry","category-home","category-news","category-reggio-calabria","tag-aisla","tag-comune-di-reggio","tag-corso-di-formazione-per-assistenti-familiari","tag-dott-ssa-paola-suraci","tag-scadenza-termini-iscrizione"],"yoast_head":"<!-- This site is optimized with the Yoast SEO plugin v27.2 - https:\/\/yoast.com\/product\/yoast-seo-wordpress\/ -->\n<title>AISLA Calabria: Il 13 aprile scade il termine per iscriversi al corso di formazione per Assistenti Familiari - Radio Touring 104<\/title>\n<meta name=\"description\" content=\"Si avvicina la scadenza del termine per iscriversi al corso gratuito per diventare Assistenti Familiari, offerto dall&#039; AISLA\" \/>\n<meta name=\"robots\" content=\"index, follow, max-snippet:-1, max-image-preview:large, max-video-preview:-1\" \/>\n<link rel=\"canonical\" href=\"https:\/\/progettotouring.it\/radiotouring104\/2024\/03\/26\/aisla-calabria-il-13-aprile-scade-il-termine-per-iscriversi-al-corso-di-formazione-per-assistenti-familiari\/\" \/>\n<meta property=\"og:locale\" content=\"it_IT\" \/>\n<meta property=\"og:type\" content=\"article\" \/>\n<meta property=\"og:title\" content=\"AISLA Calabria: Il 13 aprile scade il termine per iscriversi al corso di formazione per Assistenti Familiari - Radio Touring 104\" \/>\n<meta property=\"og:description\" content=\"Si avvicina la scadenza del termine per iscriversi al corso gratuito per diventare Assistenti Familiari, offerto dall&#039; AISLA\" \/>\n<meta property=\"og:url\" content=\"https:\/\/progettotouring.it\/radiotouring104\/2024\/03\/26\/aisla-calabria-il-13-aprile-scade-il-termine-per-iscriversi-al-corso-di-formazione-per-assistenti-familiari\/\" \/>\n<meta property=\"og:site_name\" content=\"Radio Touring 104\" \/>\n<meta property=\"article:published_time\" content=\"2024-03-26T11:17:43+00:00\" \/>\n<meta property=\"article:modified_time\" content=\"2024-03-26T11:18:39+00:00\" \/>\n<meta property=\"og:image\" content=\"https:\/\/progettotouring.it\/radiotouring104\/wp-content\/uploads\/sites\/6\/2024\/03\/AISLA-RC-Assistente-Familiare.jpg\" \/>\n\t<meta property=\"og:image:width\" content=\"500\" \/>\n\t<meta property=\"og:image:height\" content=\"500\" \/>\n\t<meta property=\"og:image:type\" content=\"image\/jpeg\" \/>\n<meta name=\"author\" content=\"Sebastiano Plutino\" \/>\n<meta name=\"twitter:card\" content=\"summary_large_image\" \/>\n<meta name=\"twitter:label1\" content=\"Scritto da\" \/>\n\t<meta name=\"twitter:data1\" content=\"Sebastiano Plutino\" \/>\n\t<meta name=\"twitter:label2\" content=\"Tempo di lettura stimato\" \/>\n\t<meta name=\"twitter:data2\" content=\"2 minuti\" \/>\n<script type=\"application\/ld+json\" class=\"yoast-schema-graph\">{\"@context\":\"https:\/\/schema.org\",\"@graph\":[{\"@type\":\"Article\",\"@id\":\"https:\/\/progettotouring.it\/radiotouring104\/2024\/03\/26\/aisla-calabria-il-13-aprile-scade-il-termine-per-iscriversi-al-corso-di-formazione-per-assistenti-familiari\/#article\",\"isPartOf\":{\"@id\":\"https:\/\/progettotouring.it\/radiotouring104\/2024\/03\/26\/aisla-calabria-il-13-aprile-scade-il-termine-per-iscriversi-al-corso-di-formazione-per-assistenti-familiari\/\"},\"author\":{\"name\":\"Sebastiano Plutino\",\"@id\":\"https:\/\/progettotouring.it\/radiotouring104\/#\/schema\/person\/78613917f1851f041f7483f5af1d422e\"},\"headline\":\"AISLA Calabria: Il 13 aprile scade il termine per iscriversi al corso di formazione per Assistenti Familiari\",\"datePublished\":\"2024-03-26T11:17:43+00:00\",\"dateModified\":\"2024-03-26T11:18:39+00:00\",\"mainEntityOfPage\":{\"@id\":\"https:\/\/progettotouring.it\/radiotouring104\/2024\/03\/26\/aisla-calabria-il-13-aprile-scade-il-termine-per-iscriversi-al-corso-di-formazione-per-assistenti-familiari\/\"},\"wordCount\":503,\"publisher\":{\"@id\":\"https:\/\/progettotouring.it\/radiotouring104\/#organization\"},\"image\":{\"@id\":\"https:\/\/progettotouring.it\/radiotouring104\/2024\/03\/26\/aisla-calabria-il-13-aprile-scade-il-termine-per-iscriversi-al-corso-di-formazione-per-assistenti-familiari\/#primaryimage\"},\"thumbnailUrl\":\"https:\/\/progettotouring.it\/radiotouring104\/wp-content\/uploads\/sites\/6\/2024\/03\/AISLA-RC-Assistente-Familiare.jpg\",\"keywords\":[\"Aisla\",\"Comune di Reggio\",\"corso di formazione per Assistenti Familiari\",\"Dott.ssa Paola Suraci\",\"scadenza termini iscrizione\"],\"articleSection\":[\"Home\",\"News\",\"Reggio Calabria\"],\"inLanguage\":\"it-IT\"},{\"@type\":\"WebPage\",\"@id\":\"https:\/\/progettotouring.it\/radiotouring104\/2024\/03\/26\/aisla-calabria-il-13-aprile-scade-il-termine-per-iscriversi-al-corso-di-formazione-per-assistenti-familiari\/\",\"url\":\"https:\/\/progettotouring.it\/radiotouring104\/2024\/03\/26\/aisla-calabria-il-13-aprile-scade-il-termine-per-iscriversi-al-corso-di-formazione-per-assistenti-familiari\/\",\"name\":\"AISLA Calabria: Il 13 aprile scade il termine per iscriversi al corso di formazione per Assistenti Familiari - Radio Touring 104\",\"isPartOf\":{\"@id\":\"https:\/\/progettotouring.it\/radiotouring104\/#website\"},\"primaryImageOfPage\":{\"@id\":\"https:\/\/progettotouring.it\/radiotouring104\/2024\/03\/26\/aisla-calabria-il-13-aprile-scade-il-termine-per-iscriversi-al-corso-di-formazione-per-assistenti-familiari\/#primaryimage\"},\"image\":{\"@id\":\"https:\/\/progettotouring.it\/radiotouring104\/2024\/03\/26\/aisla-calabria-il-13-aprile-scade-il-termine-per-iscriversi-al-corso-di-formazione-per-assistenti-familiari\/#primaryimage\"},\"thumbnailUrl\":\"https:\/\/progettotouring.it\/radiotouring104\/wp-content\/uploads\/sites\/6\/2024\/03\/AISLA-RC-Assistente-Familiare.jpg\",\"datePublished\":\"2024-03-26T11:17:43+00:00\",\"dateModified\":\"2024-03-26T11:18:39+00:00\",\"description\":\"Si avvicina la scadenza del termine per iscriversi al corso gratuito per diventare Assistenti Familiari, offerto dall' AISLA\",\"breadcrumb\":{\"@id\":\"https:\/\/progettotouring.it\/radiotouring104\/2024\/03\/26\/aisla-calabria-il-13-aprile-scade-il-termine-per-iscriversi-al-corso-di-formazione-per-assistenti-familiari\/#breadcrumb\"},\"inLanguage\":\"it-IT\",\"potentialAction\":[{\"@type\":\"ReadAction\",\"target\":[\"https:\/\/progettotouring.it\/radiotouring104\/2024\/03\/26\/aisla-calabria-il-13-aprile-scade-il-termine-per-iscriversi-al-corso-di-formazione-per-assistenti-familiari\/\"]}]},{\"@type\":\"ImageObject\",\"inLanguage\":\"it-IT\",\"@id\":\"https:\/\/progettotouring.it\/radiotouring104\/2024\/03\/26\/aisla-calabria-il-13-aprile-scade-il-termine-per-iscriversi-al-corso-di-formazione-per-assistenti-familiari\/#primaryimage\",\"url\":\"https:\/\/progettotouring.it\/radiotouring104\/wp-content\/uploads\/sites\/6\/2024\/03\/AISLA-RC-Assistente-Familiare.jpg\",\"contentUrl\":\"https:\/\/progettotouring.it\/radiotouring104\/wp-content\/uploads\/sites\/6\/2024\/03\/AISLA-RC-Assistente-Familiare.jpg\",\"width\":500,\"height\":500},{\"@type\":\"BreadcrumbList\",\"@id\":\"https:\/\/progettotouring.it\/radiotouring104\/2024\/03\/26\/aisla-calabria-il-13-aprile-scade-il-termine-per-iscriversi-al-corso-di-formazione-per-assistenti-familiari\/#breadcrumb\",\"itemListElement\":[{\"@type\":\"ListItem\",\"position\":1,\"name\":\"Home\",\"item\":\"https:\/\/progettotouring.it\/radiotouring104\/\"},{\"@type\":\"ListItem\",\"position\":2,\"name\":\"AISLA Calabria: Il 13 aprile scade il termine per iscriversi al corso di formazione per Assistenti Familiari\"}]},{\"@type\":\"WebSite\",\"@id\":\"https:\/\/progettotouring.it\/radiotouring104\/#website\",\"url\":\"https:\/\/progettotouring.it\/radiotouring104\/\",\"name\":\"Radio Touring 104\",\"description\":\"La prima radio Reggina\",\"publisher\":{\"@id\":\"https:\/\/progettotouring.it\/radiotouring104\/#organization\"},\"potentialAction\":[{\"@type\":\"SearchAction\",\"target\":{\"@type\":\"EntryPoint\",\"urlTemplate\":\"https:\/\/progettotouring.it\/radiotouring104\/?s={search_term_string}\"},\"query-input\":{\"@type\":\"PropertyValueSpecification\",\"valueRequired\":true,\"valueName\":\"search_term_string\"}}],\"inLanguage\":\"it-IT\"},{\"@type\":\"Organization\",\"@id\":\"https:\/\/progettotouring.it\/radiotouring104\/#organization\",\"name\":\"Radio Touring 104\",\"url\":\"https:\/\/progettotouring.it\/radiotouring104\/\",\"logo\":{\"@type\":\"ImageObject\",\"inLanguage\":\"it-IT\",\"@id\":\"https:\/\/progettotouring.it\/radiotouring104\/#\/schema\/logo\/image\/\",\"url\":\"https:\/\/progettotouring.it\/radiotouring104\/wp-content\/uploads\/sites\/6\/2022\/02\/cropped-logo-radio-touring-104.png\",\"contentUrl\":\"https:\/\/progettotouring.it\/radiotouring104\/wp-content\/uploads\/sites\/6\/2022\/02\/cropped-logo-radio-touring-104.png\",\"width\":377,\"height\":182,\"caption\":\"Radio Touring 104\"},\"image\":{\"@id\":\"https:\/\/progettotouring.it\/radiotouring104\/#\/schema\/logo\/image\/\"}},{\"@type\":\"Person\",\"@id\":\"https:\/\/progettotouring.it\/radiotouring104\/#\/schema\/person\/78613917f1851f041f7483f5af1d422e\",\"name\":\"Sebastiano Plutino\",\"image\":{\"@type\":\"ImageObject\",\"inLanguage\":\"it-IT\",\"@id\":\"https:\/\/secure.gravatar.com\/avatar\/0546ffaa9b79224faf9f2a156b67a529ae861d3287c66c1d8ccfdf909bcba78d?s=96&d=mm&r=g\",\"url\":\"https:\/\/secure.gravatar.com\/avatar\/0546ffaa9b79224faf9f2a156b67a529ae861d3287c66c1d8ccfdf909bcba78d?s=96&d=mm&r=g\",\"contentUrl\":\"https:\/\/secure.gravatar.com\/avatar\/0546ffaa9b79224faf9f2a156b67a529ae861d3287c66c1d8ccfdf909bcba78d?s=96&d=mm&r=g\",\"caption\":\"Sebastiano Plutino\"},\"url\":\"https:\/\/progettotouring.it\/radiotouring104\/author\/sebastiano\/\"}]}<\/script>\n<!-- \/ Yoast SEO plugin. -->","yoast_head_json":{"title":"AISLA Calabria: Il 13 aprile scade il termine per iscriversi al corso di formazione per Assistenti Familiari - Radio Touring 104","description":"Si avvicina la scadenza del termine per iscriversi al corso gratuito per diventare Assistenti Familiari, offerto dall' AISLA","robots":{"index":"index","follow":"follow","max-snippet":"max-snippet:-1","max-image-preview":"max-image-preview:large","max-video-preview":"max-video-preview:-1"},"canonical":"https:\/\/progettotouring.it\/radiotouring104\/2024\/03\/26\/aisla-calabria-il-13-aprile-scade-il-termine-per-iscriversi-al-corso-di-formazione-per-assistenti-familiari\/","og_locale":"it_IT","og_type":"article","og_title":"AISLA Calabria: Il 13 aprile scade il termine per iscriversi al corso di formazione per Assistenti Familiari - Radio Touring 104","og_description":"Si avvicina la scadenza del termine per iscriversi al corso gratuito per diventare Assistenti Familiari, offerto dall' AISLA","og_url":"https:\/\/progettotouring.it\/radiotouring104\/2024\/03\/26\/aisla-calabria-il-13-aprile-scade-il-termine-per-iscriversi-al-corso-di-formazione-per-assistenti-familiari\/","og_site_name":"Radio Touring 104","article_published_time":"2024-03-26T11:17:43+00:00","article_modified_time":"2024-03-26T11:18:39+00:00","og_image":[{"width":500,"height":500,"url":"https:\/\/progettotouring.it\/radiotouring104\/wp-content\/uploads\/sites\/6\/2024\/03\/AISLA-RC-Assistente-Familiare.jpg","type":"image\/jpeg"}],"author":"Sebastiano Plutino","twitter_card":"summary_large_image","twitter_misc":{"Scritto da":"Sebastiano Plutino","Tempo di lettura stimato":"2 minuti"},"schema":{"@context":"https:\/\/schema.org","@graph":[{"@type":"Article","@id":"https:\/\/progettotouring.it\/radiotouring104\/2024\/03\/26\/aisla-calabria-il-13-aprile-scade-il-termine-per-iscriversi-al-corso-di-formazione-per-assistenti-familiari\/#article","isPartOf":{"@id":"https:\/\/progettotouring.it\/radiotouring104\/2024\/03\/26\/aisla-calabria-il-13-aprile-scade-il-termine-per-iscriversi-al-corso-di-formazione-per-assistenti-familiari\/"},"author":{"name":"Sebastiano Plutino","@id":"https:\/\/progettotouring.it\/radiotouring104\/#\/schema\/person\/78613917f1851f041f7483f5af1d422e"},"headline":"AISLA Calabria: Il 13 aprile scade il termine per iscriversi al corso di formazione per Assistenti Familiari","datePublished":"2024-03-26T11:17:43+00:00","dateModified":"2024-03-26T11:18:39+00:00","mainEntityOfPage":{"@id":"https:\/\/progettotouring.it\/radiotouring104\/2024\/03\/26\/aisla-calabria-il-13-aprile-scade-il-termine-per-iscriversi-al-corso-di-formazione-per-assistenti-familiari\/"},"wordCount":503,"publisher":{"@id":"https:\/\/progettotouring.it\/radiotouring104\/#organization"},"image":{"@id":"https:\/\/progettotouring.it\/radiotouring104\/2024\/03\/26\/aisla-calabria-il-13-aprile-scade-il-termine-per-iscriversi-al-corso-di-formazione-per-assistenti-familiari\/#primaryimage"},"thumbnailUrl":"https:\/\/progettotouring.it\/radiotouring104\/wp-content\/uploads\/sites\/6\/2024\/03\/AISLA-RC-Assistente-Familiare.jpg","keywords":["Aisla","Comune di Reggio","corso di formazione per Assistenti Familiari","Dott.ssa Paola Suraci","scadenza termini iscrizione"],"articleSection":["Home","News","Reggio Calabria"],"inLanguage":"it-IT"},{"@type":"WebPage","@id":"https:\/\/progettotouring.it\/radiotouring104\/2024\/03\/26\/aisla-calabria-il-13-aprile-scade-il-termine-per-iscriversi-al-corso-di-formazione-per-assistenti-familiari\/","url":"https:\/\/progettotouring.it\/radiotouring104\/2024\/03\/26\/aisla-calabria-il-13-aprile-scade-il-termine-per-iscriversi-al-corso-di-formazione-per-assistenti-familiari\/","name":"AISLA Calabria: Il 13 aprile scade il termine per iscriversi al corso di formazione per Assistenti Familiari - Radio Touring 104","isPartOf":{"@id":"https:\/\/progettotouring.it\/radiotouring104\/#website"},"primaryImageOfPage":{"@id":"https:\/\/progettotouring.it\/radiotouring104\/2024\/03\/26\/aisla-calabria-il-13-aprile-scade-il-termine-per-iscriversi-al-corso-di-formazione-per-assistenti-familiari\/#primaryimage"},"image":{"@id":"https:\/\/progettotouring.it\/radiotouring104\/2024\/03\/26\/aisla-calabria-il-13-aprile-scade-il-termine-per-iscriversi-al-corso-di-formazione-per-assistenti-familiari\/#primaryimage"},"thumbnailUrl":"https:\/\/progettotouring.it\/radiotouring104\/wp-content\/uploads\/sites\/6\/2024\/03\/AISLA-RC-Assistente-Familiare.jpg","datePublished":"2024-03-26T11:17:43+00:00","dateModified":"2024-03-26T11:18:39+00:00","description":"Si avvicina la scadenza del termine per iscriversi al corso gratuito per diventare Assistenti Familiari, offerto dall' AISLA","breadcrumb":{"@id":"https:\/\/progettotouring.it\/radiotouring104\/2024\/03\/26\/aisla-calabria-il-13-aprile-scade-il-termine-per-iscriversi-al-corso-di-formazione-per-assistenti-familiari\/#breadcrumb"},"inLanguage":"it-IT","potentialAction":[{"@type":"ReadAction","target":["https:\/\/progettotouring.it\/radiotouring104\/2024\/03\/26\/aisla-calabria-il-13-aprile-scade-il-termine-per-iscriversi-al-corso-di-formazione-per-assistenti-familiari\/"]}]},{"@type":"ImageObject","inLanguage":"it-IT","@id":"https:\/\/progettotouring.it\/radiotouring104\/2024\/03\/26\/aisla-calabria-il-13-aprile-scade-il-termine-per-iscriversi-al-corso-di-formazione-per-assistenti-familiari\/#primaryimage","url":"https:\/\/progettotouring.it\/radiotouring104\/wp-content\/uploads\/sites\/6\/2024\/03\/AISLA-RC-Assistente-Familiare.jpg","contentUrl":"https:\/\/progettotouring.it\/radiotouring104\/wp-content\/uploads\/sites\/6\/2024\/03\/AISLA-RC-Assistente-Familiare.jpg","width":500,"height":500},{"@type":"BreadcrumbList","@id":"https:\/\/progettotouring.it\/radiotouring104\/2024\/03\/26\/aisla-calabria-il-13-aprile-scade-il-termine-per-iscriversi-al-corso-di-formazione-per-assistenti-familiari\/#breadcrumb","itemListElement":[{"@type":"ListItem","position":1,"name":"Home","item":"https:\/\/progettotouring.it\/radiotouring104\/"},{"@type":"ListItem","position":2,"name":"AISLA Calabria: Il 13 aprile scade il termine per iscriversi al corso di formazione per Assistenti Familiari"}]},{"@type":"WebSite","@id":"https:\/\/progettotouring.it\/radiotouring104\/#website","url":"https:\/\/progettotouring.it\/radiotouring104\/","name":"Radio Touring 104","description":"La prima radio Reggina","publisher":{"@id":"https:\/\/progettotouring.it\/radiotouring104\/#organization"},"potentialAction":[{"@type":"SearchAction","target":{"@type":"EntryPoint","urlTemplate":"https:\/\/progettotouring.it\/radiotouring104\/?s={search_term_string}"},"query-input":{"@type":"PropertyValueSpecification","valueRequired":true,"valueName":"search_term_string"}}],"inLanguage":"it-IT"},{"@type":"Organization","@id":"https:\/\/progettotouring.it\/radiotouring104\/#organization","name":"Radio Touring 104","url":"https:\/\/progettotouring.it\/radiotouring104\/","logo":{"@type":"ImageObject","inLanguage":"it-IT","@id":"https:\/\/progettotouring.it\/radiotouring104\/#\/schema\/logo\/image\/","url":"https:\/\/progettotouring.it\/radiotouring104\/wp-content\/uploads\/sites\/6\/2022\/02\/cropped-logo-radio-touring-104.png","contentUrl":"https:\/\/progettotouring.it\/radiotouring104\/wp-content\/uploads\/sites\/6\/2022\/02\/cropped-logo-radio-touring-104.png","width":377,"height":182,"caption":"Radio Touring 104"},"image":{"@id":"https:\/\/progettotouring.it\/radiotouring104\/#\/schema\/logo\/image\/"}},{"@type":"Person","@id":"https:\/\/progettotouring.it\/radiotouring104\/#\/schema\/person\/78613917f1851f041f7483f5af1d422e","name":"Sebastiano Plutino","image":{"@type":"ImageObject","inLanguage":"it-IT","@id":"https:\/\/secure.gravatar.com\/avatar\/0546ffaa9b79224faf9f2a156b67a529ae861d3287c66c1d8ccfdf909bcba78d?s=96&d=mm&r=g","url":"https:\/\/secure.gravatar.com\/avatar\/0546ffaa9b79224faf9f2a156b67a529ae861d3287c66c1d8ccfdf909bcba78d?s=96&d=mm&r=g","contentUrl":"https:\/\/secure.gravatar.com\/avatar\/0546ffaa9b79224faf9f2a156b67a529ae861d3287c66c1d8ccfdf909bcba78d?s=96&d=mm&r=g","caption":"Sebastiano Plutino"},"url":"https:\/\/progettotouring.it\/radiotouring104\/author\/sebastiano\/"}]}},"jetpack_publicize_connections":[],"jetpack_featured_media_url":"https:\/\/progettotouring.it\/radiotouring104\/wp-content\/uploads\/sites\/6\/2024\/03\/AISLA-RC-Assistente-Familiare.jpg","jetpack_sharing_enabled":true,"_links":{"self":[{"href":"https:\/\/progettotouring.it\/radiotouring104\/wp-json\/wp\/v2\/posts\/47981","targetHints":{"allow":["GET"]}}],"collection":[{"href":"https:\/\/progettotouring.it\/radiotouring104\/wp-json\/wp\/v2\/posts"}],"about":[{"href":"https:\/\/progettotouring.it\/radiotouring104\/wp-json\/wp\/v2\/types\/post"}],"author":[{"embeddable":true,"href":"https:\/\/progettotouring.it\/radiotouring104\/wp-json\/wp\/v2\/users\/12"}],"replies":[{"embeddable":true,"href":"https:\/\/progettotouring.it\/radiotouring104\/wp-json\/wp\/v2\/comments?post=47981"}],"version-history":[{"count":1,"href":"https:\/\/progettotouring.it\/radiotouring104\/wp-json\/wp\/v2\/posts\/47981\/revisions"}],"predecessor-version":[{"id":47983,"href":"https:\/\/progettotouring.it\/radiotouring104\/wp-json\/wp\/v2\/posts\/47981\/revisions\/47983"}],"wp:featuredmedia":[{"embeddable":true,"href":"https:\/\/progettotouring.it\/radiotouring104\/wp-json\/wp\/v2\/media\/47982"}],"wp:attachment":[{"href":"https:\/\/progettotouring.it\/radiotouring104\/wp-json\/wp\/v2\/media?parent=47981"}],"wp:term":[{"taxonomy":"category","embeddable":true,"href":"https:\/\/progettotouring.it\/radiotouring104\/wp-json\/wp\/v2\/categories?post=47981"},{"taxonomy":"post_tag","embeddable":true,"href":"https:\/\/progettotouring.it\/radiotouring104\/wp-json\/wp\/v2\/tags?post=47981"}],"curies":[{"name":"wp","href":"https:\/\/api.w.org\/{rel}","templated":true}]}}