{"id":47984,"date":"2024-03-26T12:26:28","date_gmt":"2024-03-26T11:26:28","guid":{"rendered":"https:\/\/progettotouring.it\/radiotouring104\/?p=47984"},"modified":"2024-03-26T12:42:22","modified_gmt":"2024-03-26T11:42:22","slug":"reggio-pubblicati-gli-eventi-di-aprile-della-biblioteca-comunale-de-nava","status":"publish","type":"post","link":"https:\/\/progettotouring.it\/radiotouring104\/2024\/03\/26\/reggio-pubblicati-gli-eventi-di-aprile-della-biblioteca-comunale-de-nava\/","title":{"rendered":"Reggio: pubblicati gli eventi di aprile della Biblioteca comunale \u201cDe Nava&#8221;"},"content":{"rendered":"<p class=\"xmprfx_MsoNormal\" style=\"text-align: justify\">Un mese di <strong>aprile ricco di eventi di particolare interesse alla Biblioteca comunale<\/strong><em> \u201cDe Nava\u201d<\/em> di Reggio Calabria. <strong>Un calendario che vede le giornate di marted\u00ec e gioved\u00ec con pi\u00f9 appuntamenti che consentiranno a bambini e adulti di poter vivere uno dei luoghi simbolo della cultura reggina,<\/strong> anche grazie al lavoro instancabile di realt\u00e0 ormai consolidate come il \u201cCis\u201d, l\u2019\u201dAnassilaos\u201d, \u201cPietre di Scarto\u201d e \u201cNati per Leggere\u201d.<\/p>\n<p class=\"xmprfx_MsoNormal\" style=\"text-align: justify\"><strong>Si parte marted\u00ec 2 aprile alla Villetta<\/strong> \u201cDe Nava\u201d con la <em>\u201cLectiones Dantis \u2013 Inferno V: I lussuriosi\u201d<\/em>. A partire dalle 16:30 vi sar\u00e0 la relazione della professoressa Paola Radici Colace. Dalle 16, invece, la Biblioteca ospiter\u00e0 le Letture per i bambini.<\/p>\n<p class=\"xmprfx_MsoNormal\" style=\"text-align: justify\"><strong>Si proseguir\u00e0 gioved\u00ec 4 aprile con l\u2019iniziativa <em>\u201c<\/em><\/strong><em>Anniversari. Protagonisti della Ricostruzione: Alcide De Gasperi nel 70\u00b0 della morte e Luigi Einaudi nel 150\u00b0\u201d dalla nascita\u201d.<\/em> Con il patrocinio della Deputazione di Storia Patria per la Calabria, vi saranno gli interventi di Fabio Arichetta e Antonino Romeo.<\/p>\n<p class=\"xmprfx_MsoNormal\" style=\"text-align: justify\"><strong>Da rimarcare come ogni gioved\u00ec<\/strong> (4, 11, 18 e 30), dalle 15:30 alle 17:30 si terr\u00e0 il corso di lingua spagnola a cura dell\u2019associazione \u201cCalabria Spagna\u201d.<\/p>\n<p class=\"xmprfx_MsoNormal\" style=\"text-align: justify\">Tutti gli appuntamenti in calendario saranno consultabili sulla locandina appositamente predisposta nonch\u00e9 sul sito istituzionale della Citt\u00e0 di Reggio Calabria.<\/p>\n","protected":false},"excerpt":{"rendered":"<p>Un mese di aprile ricco di eventi di particolare interesse alla Biblioteca comunale \u201cDe Nava\u201d di Reggio Calabria. Un calendario che vede le giornate di marted\u00ec e gioved\u00ec con pi\u00f9&hellip;<\/p>\n","protected":false},"author":12,"featured_media":47985,"comment_status":"closed","ping_status":"open","sticky":false,"template":"","format":"standard","meta":{"_jetpack_memberships_contains_paid_content":false,"footnotes":"","jetpack_publicize_message":"","jetpack_publicize_feature_enabled":true,"jetpack_social_post_already_shared":false,"jetpack_social_options":{"image_generator_settings":{"template":"highway","default_image_id":0,"font":"","enabled":false},"version":2}},"categories":[921,196,140],"tags":[501,506,29455,2246,29454,236],"class_list":["post-47984","post","type-post","status-publish","format-standard","has-post-thumbnail","hentry","category-home","category-news","category-reggio-calabria","tag-anassilaos","tag-biblioteca-de-nava","tag-eventi-di-aprile","tag-nati-per-leggere","tag-pubblicato-calendario","tag-reggio-calabria"],"yoast_head":"<!-- This site is optimized with the Yoast SEO plugin v27.2 - https:\/\/yoast.com\/product\/yoast-seo-wordpress\/ -->\n<title>Reggio: pubblicati gli eventi di aprile della Biblioteca \u201cDe Nava&quot;<\/title>\n<meta name=\"description\" content=\"La Biblioteca comunale &quot;De Nava&quot; rende noto il calendario di eventi del mese di aprile. Iniziative variegate per bambini ed adulti\" \/>\n<meta name=\"robots\" content=\"index, follow, max-snippet:-1, max-image-preview:large, max-video-preview:-1\" \/>\n<link rel=\"canonical\" href=\"https:\/\/progettotouring.it\/radiotouring104\/2024\/03\/26\/reggio-pubblicati-gli-eventi-di-aprile-della-biblioteca-comunale-de-nava\/\" \/>\n<meta property=\"og:locale\" content=\"it_IT\" \/>\n<meta property=\"og:type\" content=\"article\" \/>\n<meta property=\"og:title\" content=\"Reggio: pubblicati gli eventi di aprile della Biblioteca \u201cDe Nava&quot;\" \/>\n<meta property=\"og:description\" content=\"La Biblioteca comunale &quot;De Nava&quot; rende noto il calendario di eventi del mese di aprile. Iniziative variegate per bambini ed adulti\" \/>\n<meta property=\"og:url\" content=\"https:\/\/progettotouring.it\/radiotouring104\/2024\/03\/26\/reggio-pubblicati-gli-eventi-di-aprile-della-biblioteca-comunale-de-nava\/\" \/>\n<meta property=\"og:site_name\" content=\"Radio Touring 104\" \/>\n<meta property=\"article:published_time\" content=\"2024-03-26T11:26:28+00:00\" \/>\n<meta property=\"article:modified_time\" content=\"2024-03-26T11:42:22+00:00\" \/>\n<meta property=\"og:image\" content=\"https:\/\/progettotouring.it\/radiotouring104\/wp-content\/uploads\/sites\/6\/2024\/03\/Biblioteca-De-Nava-eventi-aprile-2024.jpeg\" \/>\n\t<meta property=\"og:image:width\" content=\"1405\" \/>\n\t<meta property=\"og:image:height\" content=\"1600\" \/>\n\t<meta property=\"og:image:type\" content=\"image\/jpeg\" \/>\n<meta name=\"author\" content=\"Sebastiano Plutino\" \/>\n<meta name=\"twitter:card\" content=\"summary_large_image\" \/>\n<meta name=\"twitter:label1\" content=\"Scritto da\" \/>\n\t<meta name=\"twitter:data1\" content=\"Sebastiano Plutino\" \/>\n\t<meta name=\"twitter:label2\" content=\"Tempo di lettura stimato\" \/>\n\t<meta name=\"twitter:data2\" content=\"1 minuto\" \/>\n<script type=\"application\/ld+json\" class=\"yoast-schema-graph\">{\"@context\":\"https:\/\/schema.org\",\"@graph\":[{\"@type\":\"Article\",\"@id\":\"https:\/\/progettotouring.it\/radiotouring104\/2024\/03\/26\/reggio-pubblicati-gli-eventi-di-aprile-della-biblioteca-comunale-de-nava\/#article\",\"isPartOf\":{\"@id\":\"https:\/\/progettotouring.it\/radiotouring104\/2024\/03\/26\/reggio-pubblicati-gli-eventi-di-aprile-della-biblioteca-comunale-de-nava\/\"},\"author\":{\"name\":\"Sebastiano Plutino\",\"@id\":\"https:\/\/progettotouring.it\/radiotouring104\/#\/schema\/person\/78613917f1851f041f7483f5af1d422e\"},\"headline\":\"Reggio: pubblicati gli eventi di aprile della Biblioteca comunale \u201cDe Nava&#8221;\",\"datePublished\":\"2024-03-26T11:26:28+00:00\",\"dateModified\":\"2024-03-26T11:42:22+00:00\",\"mainEntityOfPage\":{\"@id\":\"https:\/\/progettotouring.it\/radiotouring104\/2024\/03\/26\/reggio-pubblicati-gli-eventi-di-aprile-della-biblioteca-comunale-de-nava\/\"},\"wordCount\":202,\"publisher\":{\"@id\":\"https:\/\/progettotouring.it\/radiotouring104\/#organization\"},\"image\":{\"@id\":\"https:\/\/progettotouring.it\/radiotouring104\/2024\/03\/26\/reggio-pubblicati-gli-eventi-di-aprile-della-biblioteca-comunale-de-nava\/#primaryimage\"},\"thumbnailUrl\":\"https:\/\/progettotouring.it\/radiotouring104\/wp-content\/uploads\/sites\/6\/2024\/03\/Biblioteca-De-Nava-eventi-aprile-2024.jpeg\",\"keywords\":[\"anassilaos\",\"Biblioteca De Nava\",\"eventi di aprile\",\"Nati per leggere\",\"pubblicato calendario\",\"reggio calabria\"],\"articleSection\":[\"Home\",\"News\",\"Reggio Calabria\"],\"inLanguage\":\"it-IT\"},{\"@type\":\"WebPage\",\"@id\":\"https:\/\/progettotouring.it\/radiotouring104\/2024\/03\/26\/reggio-pubblicati-gli-eventi-di-aprile-della-biblioteca-comunale-de-nava\/\",\"url\":\"https:\/\/progettotouring.it\/radiotouring104\/2024\/03\/26\/reggio-pubblicati-gli-eventi-di-aprile-della-biblioteca-comunale-de-nava\/\",\"name\":\"Reggio: pubblicati gli eventi di aprile della Biblioteca \u201cDe Nava\\\"\",\"isPartOf\":{\"@id\":\"https:\/\/progettotouring.it\/radiotouring104\/#website\"},\"primaryImageOfPage\":{\"@id\":\"https:\/\/progettotouring.it\/radiotouring104\/2024\/03\/26\/reggio-pubblicati-gli-eventi-di-aprile-della-biblioteca-comunale-de-nava\/#primaryimage\"},\"image\":{\"@id\":\"https:\/\/progettotouring.it\/radiotouring104\/2024\/03\/26\/reggio-pubblicati-gli-eventi-di-aprile-della-biblioteca-comunale-de-nava\/#primaryimage\"},\"thumbnailUrl\":\"https:\/\/progettotouring.it\/radiotouring104\/wp-content\/uploads\/sites\/6\/2024\/03\/Biblioteca-De-Nava-eventi-aprile-2024.jpeg\",\"datePublished\":\"2024-03-26T11:26:28+00:00\",\"dateModified\":\"2024-03-26T11:42:22+00:00\",\"description\":\"La Biblioteca comunale \\\"De Nava\\\" rende noto il calendario di eventi del mese di aprile. Iniziative variegate per bambini ed adulti\",\"breadcrumb\":{\"@id\":\"https:\/\/progettotouring.it\/radiotouring104\/2024\/03\/26\/reggio-pubblicati-gli-eventi-di-aprile-della-biblioteca-comunale-de-nava\/#breadcrumb\"},\"inLanguage\":\"it-IT\",\"potentialAction\":[{\"@type\":\"ReadAction\",\"target\":[\"https:\/\/progettotouring.it\/radiotouring104\/2024\/03\/26\/reggio-pubblicati-gli-eventi-di-aprile-della-biblioteca-comunale-de-nava\/\"]}]},{\"@type\":\"ImageObject\",\"inLanguage\":\"it-IT\",\"@id\":\"https:\/\/progettotouring.it\/radiotouring104\/2024\/03\/26\/reggio-pubblicati-gli-eventi-di-aprile-della-biblioteca-comunale-de-nava\/#primaryimage\",\"url\":\"https:\/\/progettotouring.it\/radiotouring104\/wp-content\/uploads\/sites\/6\/2024\/03\/Biblioteca-De-Nava-eventi-aprile-2024.jpeg\",\"contentUrl\":\"https:\/\/progettotouring.it\/radiotouring104\/wp-content\/uploads\/sites\/6\/2024\/03\/Biblioteca-De-Nava-eventi-aprile-2024.jpeg\",\"width\":1405,\"height\":1600},{\"@type\":\"BreadcrumbList\",\"@id\":\"https:\/\/progettotouring.it\/radiotouring104\/2024\/03\/26\/reggio-pubblicati-gli-eventi-di-aprile-della-biblioteca-comunale-de-nava\/#breadcrumb\",\"itemListElement\":[{\"@type\":\"ListItem\",\"position\":1,\"name\":\"Home\",\"item\":\"https:\/\/progettotouring.it\/radiotouring104\/\"},{\"@type\":\"ListItem\",\"position\":2,\"name\":\"Reggio: pubblicati gli eventi di aprile della Biblioteca comunale \u201cDe Nava&#8221;\"}]},{\"@type\":\"WebSite\",\"@id\":\"https:\/\/progettotouring.it\/radiotouring104\/#website\",\"url\":\"https:\/\/progettotouring.it\/radiotouring104\/\",\"name\":\"Radio Touring 104\",\"description\":\"La prima radio Reggina\",\"publisher\":{\"@id\":\"https:\/\/progettotouring.it\/radiotouring104\/#organization\"},\"potentialAction\":[{\"@type\":\"SearchAction\",\"target\":{\"@type\":\"EntryPoint\",\"urlTemplate\":\"https:\/\/progettotouring.it\/radiotouring104\/?s={search_term_string}\"},\"query-input\":{\"@type\":\"PropertyValueSpecification\",\"valueRequired\":true,\"valueName\":\"search_term_string\"}}],\"inLanguage\":\"it-IT\"},{\"@type\":\"Organization\",\"@id\":\"https:\/\/progettotouring.it\/radiotouring104\/#organization\",\"name\":\"Radio Touring 104\",\"url\":\"https:\/\/progettotouring.it\/radiotouring104\/\",\"logo\":{\"@type\":\"ImageObject\",\"inLanguage\":\"it-IT\",\"@id\":\"https:\/\/progettotouring.it\/radiotouring104\/#\/schema\/logo\/image\/\",\"url\":\"https:\/\/progettotouring.it\/radiotouring104\/wp-content\/uploads\/sites\/6\/2022\/02\/cropped-logo-radio-touring-104.png\",\"contentUrl\":\"https:\/\/progettotouring.it\/radiotouring104\/wp-content\/uploads\/sites\/6\/2022\/02\/cropped-logo-radio-touring-104.png\",\"width\":377,\"height\":182,\"caption\":\"Radio Touring 104\"},\"image\":{\"@id\":\"https:\/\/progettotouring.it\/radiotouring104\/#\/schema\/logo\/image\/\"}},{\"@type\":\"Person\",\"@id\":\"https:\/\/progettotouring.it\/radiotouring104\/#\/schema\/person\/78613917f1851f041f7483f5af1d422e\",\"name\":\"Sebastiano Plutino\",\"image\":{\"@type\":\"ImageObject\",\"inLanguage\":\"it-IT\",\"@id\":\"https:\/\/secure.gravatar.com\/avatar\/0546ffaa9b79224faf9f2a156b67a529ae861d3287c66c1d8ccfdf909bcba78d?s=96&d=mm&r=g\",\"url\":\"https:\/\/secure.gravatar.com\/avatar\/0546ffaa9b79224faf9f2a156b67a529ae861d3287c66c1d8ccfdf909bcba78d?s=96&d=mm&r=g\",\"contentUrl\":\"https:\/\/secure.gravatar.com\/avatar\/0546ffaa9b79224faf9f2a156b67a529ae861d3287c66c1d8ccfdf909bcba78d?s=96&d=mm&r=g\",\"caption\":\"Sebastiano Plutino\"},\"url\":\"https:\/\/progettotouring.it\/radiotouring104\/author\/sebastiano\/\"}]}<\/script>\n<!-- \/ Yoast SEO plugin. -->","yoast_head_json":{"title":"Reggio: pubblicati gli eventi di aprile della Biblioteca \u201cDe Nava\"","description":"La Biblioteca comunale \"De Nava\" rende noto il calendario di eventi del mese di aprile. Iniziative variegate per bambini ed adulti","robots":{"index":"index","follow":"follow","max-snippet":"max-snippet:-1","max-image-preview":"max-image-preview:large","max-video-preview":"max-video-preview:-1"},"canonical":"https:\/\/progettotouring.it\/radiotouring104\/2024\/03\/26\/reggio-pubblicati-gli-eventi-di-aprile-della-biblioteca-comunale-de-nava\/","og_locale":"it_IT","og_type":"article","og_title":"Reggio: pubblicati gli eventi di aprile della Biblioteca \u201cDe Nava\"","og_description":"La Biblioteca comunale \"De Nava\" rende noto il calendario di eventi del mese di aprile. Iniziative variegate per bambini ed adulti","og_url":"https:\/\/progettotouring.it\/radiotouring104\/2024\/03\/26\/reggio-pubblicati-gli-eventi-di-aprile-della-biblioteca-comunale-de-nava\/","og_site_name":"Radio Touring 104","article_published_time":"2024-03-26T11:26:28+00:00","article_modified_time":"2024-03-26T11:42:22+00:00","og_image":[{"width":1405,"height":1600,"url":"https:\/\/progettotouring.it\/radiotouring104\/wp-content\/uploads\/sites\/6\/2024\/03\/Biblioteca-De-Nava-eventi-aprile-2024.jpeg","type":"image\/jpeg"}],"author":"Sebastiano Plutino","twitter_card":"summary_large_image","twitter_misc":{"Scritto da":"Sebastiano Plutino","Tempo di lettura stimato":"1 minuto"},"schema":{"@context":"https:\/\/schema.org","@graph":[{"@type":"Article","@id":"https:\/\/progettotouring.it\/radiotouring104\/2024\/03\/26\/reggio-pubblicati-gli-eventi-di-aprile-della-biblioteca-comunale-de-nava\/#article","isPartOf":{"@id":"https:\/\/progettotouring.it\/radiotouring104\/2024\/03\/26\/reggio-pubblicati-gli-eventi-di-aprile-della-biblioteca-comunale-de-nava\/"},"author":{"name":"Sebastiano Plutino","@id":"https:\/\/progettotouring.it\/radiotouring104\/#\/schema\/person\/78613917f1851f041f7483f5af1d422e"},"headline":"Reggio: pubblicati gli eventi di aprile della Biblioteca comunale \u201cDe Nava&#8221;","datePublished":"2024-03-26T11:26:28+00:00","dateModified":"2024-03-26T11:42:22+00:00","mainEntityOfPage":{"@id":"https:\/\/progettotouring.it\/radiotouring104\/2024\/03\/26\/reggio-pubblicati-gli-eventi-di-aprile-della-biblioteca-comunale-de-nava\/"},"wordCount":202,"publisher":{"@id":"https:\/\/progettotouring.it\/radiotouring104\/#organization"},"image":{"@id":"https:\/\/progettotouring.it\/radiotouring104\/2024\/03\/26\/reggio-pubblicati-gli-eventi-di-aprile-della-biblioteca-comunale-de-nava\/#primaryimage"},"thumbnailUrl":"https:\/\/progettotouring.it\/radiotouring104\/wp-content\/uploads\/sites\/6\/2024\/03\/Biblioteca-De-Nava-eventi-aprile-2024.jpeg","keywords":["anassilaos","Biblioteca De Nava","eventi di aprile","Nati per leggere","pubblicato calendario","reggio calabria"],"articleSection":["Home","News","Reggio Calabria"],"inLanguage":"it-IT"},{"@type":"WebPage","@id":"https:\/\/progettotouring.it\/radiotouring104\/2024\/03\/26\/reggio-pubblicati-gli-eventi-di-aprile-della-biblioteca-comunale-de-nava\/","url":"https:\/\/progettotouring.it\/radiotouring104\/2024\/03\/26\/reggio-pubblicati-gli-eventi-di-aprile-della-biblioteca-comunale-de-nava\/","name":"Reggio: pubblicati gli eventi di aprile della Biblioteca \u201cDe Nava\"","isPartOf":{"@id":"https:\/\/progettotouring.it\/radiotouring104\/#website"},"primaryImageOfPage":{"@id":"https:\/\/progettotouring.it\/radiotouring104\/2024\/03\/26\/reggio-pubblicati-gli-eventi-di-aprile-della-biblioteca-comunale-de-nava\/#primaryimage"},"image":{"@id":"https:\/\/progettotouring.it\/radiotouring104\/2024\/03\/26\/reggio-pubblicati-gli-eventi-di-aprile-della-biblioteca-comunale-de-nava\/#primaryimage"},"thumbnailUrl":"https:\/\/progettotouring.it\/radiotouring104\/wp-content\/uploads\/sites\/6\/2024\/03\/Biblioteca-De-Nava-eventi-aprile-2024.jpeg","datePublished":"2024-03-26T11:26:28+00:00","dateModified":"2024-03-26T11:42:22+00:00","description":"La Biblioteca comunale \"De Nava\" rende noto il calendario di eventi del mese di aprile. Iniziative variegate per bambini ed adulti","breadcrumb":{"@id":"https:\/\/progettotouring.it\/radiotouring104\/2024\/03\/26\/reggio-pubblicati-gli-eventi-di-aprile-della-biblioteca-comunale-de-nava\/#breadcrumb"},"inLanguage":"it-IT","potentialAction":[{"@type":"ReadAction","target":["https:\/\/progettotouring.it\/radiotouring104\/2024\/03\/26\/reggio-pubblicati-gli-eventi-di-aprile-della-biblioteca-comunale-de-nava\/"]}]},{"@type":"ImageObject","inLanguage":"it-IT","@id":"https:\/\/progettotouring.it\/radiotouring104\/2024\/03\/26\/reggio-pubblicati-gli-eventi-di-aprile-della-biblioteca-comunale-de-nava\/#primaryimage","url":"https:\/\/progettotouring.it\/radiotouring104\/wp-content\/uploads\/sites\/6\/2024\/03\/Biblioteca-De-Nava-eventi-aprile-2024.jpeg","contentUrl":"https:\/\/progettotouring.it\/radiotouring104\/wp-content\/uploads\/sites\/6\/2024\/03\/Biblioteca-De-Nava-eventi-aprile-2024.jpeg","width":1405,"height":1600},{"@type":"BreadcrumbList","@id":"https:\/\/progettotouring.it\/radiotouring104\/2024\/03\/26\/reggio-pubblicati-gli-eventi-di-aprile-della-biblioteca-comunale-de-nava\/#breadcrumb","itemListElement":[{"@type":"ListItem","position":1,"name":"Home","item":"https:\/\/progettotouring.it\/radiotouring104\/"},{"@type":"ListItem","position":2,"name":"Reggio: pubblicati gli eventi di aprile della Biblioteca comunale \u201cDe Nava&#8221;"}]},{"@type":"WebSite","@id":"https:\/\/progettotouring.it\/radiotouring104\/#website","url":"https:\/\/progettotouring.it\/radiotouring104\/","name":"Radio Touring 104","description":"La prima radio Reggina","publisher":{"@id":"https:\/\/progettotouring.it\/radiotouring104\/#organization"},"potentialAction":[{"@type":"SearchAction","target":{"@type":"EntryPoint","urlTemplate":"https:\/\/progettotouring.it\/radiotouring104\/?s={search_term_string}"},"query-input":{"@type":"PropertyValueSpecification","valueRequired":true,"valueName":"search_term_string"}}],"inLanguage":"it-IT"},{"@type":"Organization","@id":"https:\/\/progettotouring.it\/radiotouring104\/#organization","name":"Radio Touring 104","url":"https:\/\/progettotouring.it\/radiotouring104\/","logo":{"@type":"ImageObject","inLanguage":"it-IT","@id":"https:\/\/progettotouring.it\/radiotouring104\/#\/schema\/logo\/image\/","url":"https:\/\/progettotouring.it\/radiotouring104\/wp-content\/uploads\/sites\/6\/2022\/02\/cropped-logo-radio-touring-104.png","contentUrl":"https:\/\/progettotouring.it\/radiotouring104\/wp-content\/uploads\/sites\/6\/2022\/02\/cropped-logo-radio-touring-104.png","width":377,"height":182,"caption":"Radio Touring 104"},"image":{"@id":"https:\/\/progettotouring.it\/radiotouring104\/#\/schema\/logo\/image\/"}},{"@type":"Person","@id":"https:\/\/progettotouring.it\/radiotouring104\/#\/schema\/person\/78613917f1851f041f7483f5af1d422e","name":"Sebastiano Plutino","image":{"@type":"ImageObject","inLanguage":"it-IT","@id":"https:\/\/secure.gravatar.com\/avatar\/0546ffaa9b79224faf9f2a156b67a529ae861d3287c66c1d8ccfdf909bcba78d?s=96&d=mm&r=g","url":"https:\/\/secure.gravatar.com\/avatar\/0546ffaa9b79224faf9f2a156b67a529ae861d3287c66c1d8ccfdf909bcba78d?s=96&d=mm&r=g","contentUrl":"https:\/\/secure.gravatar.com\/avatar\/0546ffaa9b79224faf9f2a156b67a529ae861d3287c66c1d8ccfdf909bcba78d?s=96&d=mm&r=g","caption":"Sebastiano Plutino"},"url":"https:\/\/progettotouring.it\/radiotouring104\/author\/sebastiano\/"}]}},"jetpack_publicize_connections":[],"jetpack_featured_media_url":"https:\/\/progettotouring.it\/radiotouring104\/wp-content\/uploads\/sites\/6\/2024\/03\/Biblioteca-De-Nava-eventi-aprile-2024.jpeg","jetpack_sharing_enabled":true,"_links":{"self":[{"href":"https:\/\/progettotouring.it\/radiotouring104\/wp-json\/wp\/v2\/posts\/47984","targetHints":{"allow":["GET"]}}],"collection":[{"href":"https:\/\/progettotouring.it\/radiotouring104\/wp-json\/wp\/v2\/posts"}],"about":[{"href":"https:\/\/progettotouring.it\/radiotouring104\/wp-json\/wp\/v2\/types\/post"}],"author":[{"embeddable":true,"href":"https:\/\/progettotouring.it\/radiotouring104\/wp-json\/wp\/v2\/users\/12"}],"replies":[{"embeddable":true,"href":"https:\/\/progettotouring.it\/radiotouring104\/wp-json\/wp\/v2\/comments?post=47984"}],"version-history":[{"count":2,"href":"https:\/\/progettotouring.it\/radiotouring104\/wp-json\/wp\/v2\/posts\/47984\/revisions"}],"predecessor-version":[{"id":47991,"href":"https:\/\/progettotouring.it\/radiotouring104\/wp-json\/wp\/v2\/posts\/47984\/revisions\/47991"}],"wp:featuredmedia":[{"embeddable":true,"href":"https:\/\/progettotouring.it\/radiotouring104\/wp-json\/wp\/v2\/media\/47985"}],"wp:attachment":[{"href":"https:\/\/progettotouring.it\/radiotouring104\/wp-json\/wp\/v2\/media?parent=47984"}],"wp:term":[{"taxonomy":"category","embeddable":true,"href":"https:\/\/progettotouring.it\/radiotouring104\/wp-json\/wp\/v2\/categories?post=47984"},{"taxonomy":"post_tag","embeddable":true,"href":"https:\/\/progettotouring.it\/radiotouring104\/wp-json\/wp\/v2\/tags?post=47984"}],"curies":[{"name":"wp","href":"https:\/\/api.w.org\/{rel}","templated":true}]}}