{"id":47997,"date":"2024-03-26T12:55:27","date_gmt":"2024-03-26T11:55:27","guid":{"rendered":"https:\/\/progettotouring.it\/radiotouring104\/?p=47997"},"modified":"2024-03-26T12:56:30","modified_gmt":"2024-03-26T11:56:30","slug":"consiglio-regionale-domani-1-riunione-del-comitato-civico-la-sanita-che-vogliamo","status":"publish","type":"post","link":"https:\/\/progettotouring.it\/radiotouring104\/2024\/03\/26\/consiglio-regionale-domani-1-riunione-del-comitato-civico-la-sanita-che-vogliamo\/","title":{"rendered":"Consiglio Regionale: domani 1\u00b0 riunione del comitato civico \u201cLa sanit\u00e0 che vogliamo\u201d"},"content":{"rendered":"<p class=\"xmprfx_MsoNormal\" align=\"center\"><b>Prima riunione online per i componenti del comitato civico \u201cLa sanit\u00e0 che vogliamo\u201d per la difesa dell\u2019ospedale \u201cGiovanni Paolo II\u201d di Lamezia Terme.<\/b> Il sodalizio, voluto fortemente dalla consigliera regionale Amalia Bruni, conta gi\u00e0 un bel numero di adesioni tra semplici cittadini, rappresentanti di associazioni, sindacalisti, medici ed operatori sanitari in genere.<\/p>\n<p class=\"xmprfx_MsoNormal\" style=\"text-align: justify\"><b>\u00a0Il primo incontro, svoltosi in piattaforma, \u00e8 servito a ribadire i punti salienti da trattare gi\u00e0 nei prossimi giorni.<\/b>\u00a0Domani, 27 marzo 2024, la consigliera Bruni che \u00e8 vicepresidente della commissione sanit\u00e0 a Palazzo Campanella, relazioner\u00e0 durante i lavori dell\u2019assemblea regionale facendosi portavoce delle istanze emerse nell\u2019assemblea pubblica tenutasi al chiostro il 20 marzo scorso e nella riunione di ieri sera, in collegamento web. Oggetto del contendere \u00e8 il DCA69 emesso dal governo regionale; un documento che, come \u00e8 noto, prevede la soppressione di unit\u00e0 semplici e complesse in tutta la regione.<\/p>\n<p class=\"xmprfx_MsoNormal\" style=\"text-align: justify\"><b>Si tratterebbe dell\u2019ennesimo taglio drastico, in pieno stile spending review, che penalizzerebbe in maniera nefasta il nosocomio cittadino<\/b>\u00a0gi\u00e0 depotenziato e depauperato in questi ultimi anni. \u201cSe il DCA 69 non verr\u00e0 ritirato andr\u00e0 in vigore gi\u00e0 dal 15 aprile prossimo \u2013 ha ribadito Amalia Bruni durante la riunione \u2013 in consiglio regionale ne chieder\u00f2 il ritiro per evitare che il nostro ospedale subisca altre drammatiche espoliazioni\u201d.<\/p>\n<p class=\"xmprfx_MsoNormal\" style=\"text-align: justify\"><b>La consigliera regionale ha anche riferito di un prossimo incontro col commissario straordinario dell\u2019Asp di Catanzaro, il generale Antonio Battistini<\/b>, a cui presenter\u00e0 l\u2019elenco delle richieste per quanto riguarda la sanit\u00e0 lametina. Nel corso del dibattito via web in molti hanno sollecitato l\u2019interessamento degli amministratori, sia lametini che degli altri centri vicini; si ritiene necessaria oltre che urgente la convocazione della conferenza dei sindaci, visto che i primi cittadini hanno anche il ruolo di autorit\u00e0 sanitaria sui rispettivi territori. Al contempo va fatta opera di sensibilizzazione dal basso, vanno coinvolte tutte le categorie della societ\u00e0 civile per combattere ancora una volta una battaglia che \u00e8 di vitale importanza per la difesa dell\u2019ospedale, dei servizi a tutela della salute di un bacino di utenza come quello lametino che conta circa 150mila abitanti.<\/p>\n<p class=\"xmprfx_MsoNormal\" style=\"text-align: justify\">A tal proposito, Amalia Bruni ha gi\u00e0 preannunciato la convocazione di un\u2019assemblea pubblica da tenersi dopo la seduta consiliare di domani, al fine di valutare la posizione dell\u2019assemblea regionale e dello stesso governatore in merito alle sorti della sanit\u00e0 calabrese e lametina in particolare.<\/p>\n<p class=\"xmprfx_MsoNormal\" style=\"text-align: justify\"><b>\u00a0Ad intervenire nel corso della riunione anche Michele Rotella, presidente della Lega italiana fibrosi cistica Calabria Odv,<\/b>\u00a0che ha ricordato gli effetti devastanti che l\u2019entrata in vigore del DCA 69 potrebbe avere sul centro di eccellenza per la fibrosi cistica attivo all\u2019interno dell\u2019ospedale lametino. Il centro, che attualmente cura 160 persone provenienti da tutta la regione, dipende dal reparto di pediatria che col nuovo DCA9 sarebbe ridimensionata e perderebbe la figura del primario. \u201cChe succeder\u00e0 al centro se perder\u00e0 il primariato di riferimento? Le 160 persone in cura dovranno andare fuori regione per eseguire i loro trattamenti? Noi non siamo disponibili ad accettare questa condanna a morte e, se necessario \u2013 ha concluso Rotella \u2013 andremo tutti a protestare sotto casa di Occhiuto\u201d.<\/p>\n","protected":false},"excerpt":{"rendered":"<p>Prima riunione online per i componenti del comitato civico \u201cLa sanit\u00e0 che vogliamo\u201d per la difesa dell\u2019ospedale \u201cGiovanni Paolo II\u201d di Lamezia Terme. Il sodalizio, voluto fortemente dalla consigliera regionale&hellip;<\/p>\n","protected":false},"author":12,"featured_media":7973,"comment_status":"closed","ping_status":"open","sticky":false,"template":"","format":"standard","meta":{"_jetpack_memberships_contains_paid_content":false,"footnotes":"","jetpack_publicize_message":"","jetpack_publicize_feature_enabled":true,"jetpack_social_post_already_shared":false,"jetpack_social_options":{"image_generator_settings":{"template":"highway","default_image_id":0,"font":"","enabled":false},"version":2}},"categories":[921,196,140],"tags":[4265,12159,29460,5635,16719],"class_list":["post-47997","post","type-post","status-publish","format-standard","has-post-thumbnail","hentry","category-home","category-news","category-reggio-calabria","tag-amalia-bruni","tag-comitato-civico","tag-comitato-civico-la-sanita-che-vogliamo","tag-consiglio-regionale-calabria","tag-ospedale-giovanni-paolo-ii-di-lamezia-terme"],"yoast_head":"<!-- This site is optimized with the Yoast SEO plugin v27.2 - https:\/\/yoast.com\/product\/yoast-seo-wordpress\/ -->\n<title>Consiglio Regionale: 1\u00b0 riunione comitato \u201cLa sanit\u00e0 che vogliamo\u201d<\/title>\n<meta name=\"description\" content=\"Domani in Consiglio Regionale si svolger\u00e0 la 1\u00b0 riunione online del comitato civico \u201cLa sanit\u00e0 che vogliamo\u201d\" \/>\n<meta name=\"robots\" content=\"index, follow, max-snippet:-1, max-image-preview:large, max-video-preview:-1\" \/>\n<link rel=\"canonical\" href=\"https:\/\/progettotouring.it\/radiotouring104\/2024\/03\/26\/consiglio-regionale-domani-1-riunione-del-comitato-civico-la-sanita-che-vogliamo\/\" \/>\n<meta property=\"og:locale\" content=\"it_IT\" \/>\n<meta property=\"og:type\" content=\"article\" \/>\n<meta property=\"og:title\" content=\"Consiglio Regionale: 1\u00b0 riunione comitato \u201cLa sanit\u00e0 che vogliamo\u201d\" \/>\n<meta property=\"og:description\" content=\"Domani in Consiglio Regionale si svolger\u00e0 la 1\u00b0 riunione online del comitato civico \u201cLa sanit\u00e0 che vogliamo\u201d\" \/>\n<meta property=\"og:url\" content=\"https:\/\/progettotouring.it\/radiotouring104\/2024\/03\/26\/consiglio-regionale-domani-1-riunione-del-comitato-civico-la-sanita-che-vogliamo\/\" \/>\n<meta property=\"og:site_name\" content=\"Radio Touring 104\" \/>\n<meta property=\"article:published_time\" content=\"2024-03-26T11:55:27+00:00\" \/>\n<meta property=\"article:modified_time\" content=\"2024-03-26T11:56:30+00:00\" \/>\n<meta property=\"og:image\" content=\"https:\/\/progettotouring.it\/radiotouring104\/wp-content\/uploads\/sites\/6\/2022\/07\/consiglio-regionale.jpg\" \/>\n\t<meta property=\"og:image:width\" content=\"1472\" \/>\n\t<meta property=\"og:image:height\" content=\"1060\" \/>\n\t<meta property=\"og:image:type\" content=\"image\/jpeg\" \/>\n<meta name=\"author\" content=\"Sebastiano Plutino\" \/>\n<meta name=\"twitter:card\" content=\"summary_large_image\" \/>\n<meta name=\"twitter:label1\" content=\"Scritto da\" \/>\n\t<meta name=\"twitter:data1\" content=\"Sebastiano Plutino\" \/>\n\t<meta name=\"twitter:label2\" content=\"Tempo di lettura stimato\" \/>\n\t<meta name=\"twitter:data2\" content=\"3 minuti\" \/>\n<script type=\"application\/ld+json\" class=\"yoast-schema-graph\">{\"@context\":\"https:\/\/schema.org\",\"@graph\":[{\"@type\":\"Article\",\"@id\":\"https:\/\/progettotouring.it\/radiotouring104\/2024\/03\/26\/consiglio-regionale-domani-1-riunione-del-comitato-civico-la-sanita-che-vogliamo\/#article\",\"isPartOf\":{\"@id\":\"https:\/\/progettotouring.it\/radiotouring104\/2024\/03\/26\/consiglio-regionale-domani-1-riunione-del-comitato-civico-la-sanita-che-vogliamo\/\"},\"author\":{\"name\":\"Sebastiano Plutino\",\"@id\":\"https:\/\/progettotouring.it\/radiotouring104\/#\/schema\/person\/78613917f1851f041f7483f5af1d422e\"},\"headline\":\"Consiglio Regionale: domani 1\u00b0 riunione del comitato civico \u201cLa sanit\u00e0 che vogliamo\u201d\",\"datePublished\":\"2024-03-26T11:55:27+00:00\",\"dateModified\":\"2024-03-26T11:56:30+00:00\",\"mainEntityOfPage\":{\"@id\":\"https:\/\/progettotouring.it\/radiotouring104\/2024\/03\/26\/consiglio-regionale-domani-1-riunione-del-comitato-civico-la-sanita-che-vogliamo\/\"},\"wordCount\":516,\"publisher\":{\"@id\":\"https:\/\/progettotouring.it\/radiotouring104\/#organization\"},\"image\":{\"@id\":\"https:\/\/progettotouring.it\/radiotouring104\/2024\/03\/26\/consiglio-regionale-domani-1-riunione-del-comitato-civico-la-sanita-che-vogliamo\/#primaryimage\"},\"thumbnailUrl\":\"https:\/\/progettotouring.it\/radiotouring104\/wp-content\/uploads\/sites\/6\/2022\/07\/consiglio-regionale.jpg\",\"keywords\":[\"Amalia bruni\",\"Comitato civico\",\"comitato civico \u201cLa sanit\u00e0 che vogliamo\u201d\",\"Consiglio regionale Calabria\",\"Ospedale Giovanni Paolo II di Lamezia Terme\"],\"articleSection\":[\"Home\",\"News\",\"Reggio Calabria\"],\"inLanguage\":\"it-IT\"},{\"@type\":\"WebPage\",\"@id\":\"https:\/\/progettotouring.it\/radiotouring104\/2024\/03\/26\/consiglio-regionale-domani-1-riunione-del-comitato-civico-la-sanita-che-vogliamo\/\",\"url\":\"https:\/\/progettotouring.it\/radiotouring104\/2024\/03\/26\/consiglio-regionale-domani-1-riunione-del-comitato-civico-la-sanita-che-vogliamo\/\",\"name\":\"Consiglio Regionale: 1\u00b0 riunione comitato \u201cLa sanit\u00e0 che vogliamo\u201d\",\"isPartOf\":{\"@id\":\"https:\/\/progettotouring.it\/radiotouring104\/#website\"},\"primaryImageOfPage\":{\"@id\":\"https:\/\/progettotouring.it\/radiotouring104\/2024\/03\/26\/consiglio-regionale-domani-1-riunione-del-comitato-civico-la-sanita-che-vogliamo\/#primaryimage\"},\"image\":{\"@id\":\"https:\/\/progettotouring.it\/radiotouring104\/2024\/03\/26\/consiglio-regionale-domani-1-riunione-del-comitato-civico-la-sanita-che-vogliamo\/#primaryimage\"},\"thumbnailUrl\":\"https:\/\/progettotouring.it\/radiotouring104\/wp-content\/uploads\/sites\/6\/2022\/07\/consiglio-regionale.jpg\",\"datePublished\":\"2024-03-26T11:55:27+00:00\",\"dateModified\":\"2024-03-26T11:56:30+00:00\",\"description\":\"Domani in Consiglio Regionale si svolger\u00e0 la 1\u00b0 riunione online del comitato civico \u201cLa sanit\u00e0 che vogliamo\u201d\",\"breadcrumb\":{\"@id\":\"https:\/\/progettotouring.it\/radiotouring104\/2024\/03\/26\/consiglio-regionale-domani-1-riunione-del-comitato-civico-la-sanita-che-vogliamo\/#breadcrumb\"},\"inLanguage\":\"it-IT\",\"potentialAction\":[{\"@type\":\"ReadAction\",\"target\":[\"https:\/\/progettotouring.it\/radiotouring104\/2024\/03\/26\/consiglio-regionale-domani-1-riunione-del-comitato-civico-la-sanita-che-vogliamo\/\"]}]},{\"@type\":\"ImageObject\",\"inLanguage\":\"it-IT\",\"@id\":\"https:\/\/progettotouring.it\/radiotouring104\/2024\/03\/26\/consiglio-regionale-domani-1-riunione-del-comitato-civico-la-sanita-che-vogliamo\/#primaryimage\",\"url\":\"https:\/\/progettotouring.it\/radiotouring104\/wp-content\/uploads\/sites\/6\/2022\/07\/consiglio-regionale.jpg\",\"contentUrl\":\"https:\/\/progettotouring.it\/radiotouring104\/wp-content\/uploads\/sites\/6\/2022\/07\/consiglio-regionale.jpg\",\"width\":1472,\"height\":1060},{\"@type\":\"BreadcrumbList\",\"@id\":\"https:\/\/progettotouring.it\/radiotouring104\/2024\/03\/26\/consiglio-regionale-domani-1-riunione-del-comitato-civico-la-sanita-che-vogliamo\/#breadcrumb\",\"itemListElement\":[{\"@type\":\"ListItem\",\"position\":1,\"name\":\"Home\",\"item\":\"https:\/\/progettotouring.it\/radiotouring104\/\"},{\"@type\":\"ListItem\",\"position\":2,\"name\":\"Consiglio Regionale: domani 1\u00b0 riunione del comitato civico \u201cLa sanit\u00e0 che vogliamo\u201d\"}]},{\"@type\":\"WebSite\",\"@id\":\"https:\/\/progettotouring.it\/radiotouring104\/#website\",\"url\":\"https:\/\/progettotouring.it\/radiotouring104\/\",\"name\":\"Radio Touring 104\",\"description\":\"La prima radio Reggina\",\"publisher\":{\"@id\":\"https:\/\/progettotouring.it\/radiotouring104\/#organization\"},\"potentialAction\":[{\"@type\":\"SearchAction\",\"target\":{\"@type\":\"EntryPoint\",\"urlTemplate\":\"https:\/\/progettotouring.it\/radiotouring104\/?s={search_term_string}\"},\"query-input\":{\"@type\":\"PropertyValueSpecification\",\"valueRequired\":true,\"valueName\":\"search_term_string\"}}],\"inLanguage\":\"it-IT\"},{\"@type\":\"Organization\",\"@id\":\"https:\/\/progettotouring.it\/radiotouring104\/#organization\",\"name\":\"Radio Touring 104\",\"url\":\"https:\/\/progettotouring.it\/radiotouring104\/\",\"logo\":{\"@type\":\"ImageObject\",\"inLanguage\":\"it-IT\",\"@id\":\"https:\/\/progettotouring.it\/radiotouring104\/#\/schema\/logo\/image\/\",\"url\":\"https:\/\/progettotouring.it\/radiotouring104\/wp-content\/uploads\/sites\/6\/2022\/02\/cropped-logo-radio-touring-104.png\",\"contentUrl\":\"https:\/\/progettotouring.it\/radiotouring104\/wp-content\/uploads\/sites\/6\/2022\/02\/cropped-logo-radio-touring-104.png\",\"width\":377,\"height\":182,\"caption\":\"Radio Touring 104\"},\"image\":{\"@id\":\"https:\/\/progettotouring.it\/radiotouring104\/#\/schema\/logo\/image\/\"}},{\"@type\":\"Person\",\"@id\":\"https:\/\/progettotouring.it\/radiotouring104\/#\/schema\/person\/78613917f1851f041f7483f5af1d422e\",\"name\":\"Sebastiano Plutino\",\"image\":{\"@type\":\"ImageObject\",\"inLanguage\":\"it-IT\",\"@id\":\"https:\/\/secure.gravatar.com\/avatar\/0546ffaa9b79224faf9f2a156b67a529ae861d3287c66c1d8ccfdf909bcba78d?s=96&d=mm&r=g\",\"url\":\"https:\/\/secure.gravatar.com\/avatar\/0546ffaa9b79224faf9f2a156b67a529ae861d3287c66c1d8ccfdf909bcba78d?s=96&d=mm&r=g\",\"contentUrl\":\"https:\/\/secure.gravatar.com\/avatar\/0546ffaa9b79224faf9f2a156b67a529ae861d3287c66c1d8ccfdf909bcba78d?s=96&d=mm&r=g\",\"caption\":\"Sebastiano Plutino\"},\"url\":\"https:\/\/progettotouring.it\/radiotouring104\/author\/sebastiano\/\"}]}<\/script>\n<!-- \/ Yoast SEO plugin. -->","yoast_head_json":{"title":"Consiglio Regionale: 1\u00b0 riunione comitato \u201cLa sanit\u00e0 che vogliamo\u201d","description":"Domani in Consiglio Regionale si svolger\u00e0 la 1\u00b0 riunione online del comitato civico \u201cLa sanit\u00e0 che vogliamo\u201d","robots":{"index":"index","follow":"follow","max-snippet":"max-snippet:-1","max-image-preview":"max-image-preview:large","max-video-preview":"max-video-preview:-1"},"canonical":"https:\/\/progettotouring.it\/radiotouring104\/2024\/03\/26\/consiglio-regionale-domani-1-riunione-del-comitato-civico-la-sanita-che-vogliamo\/","og_locale":"it_IT","og_type":"article","og_title":"Consiglio Regionale: 1\u00b0 riunione comitato \u201cLa sanit\u00e0 che vogliamo\u201d","og_description":"Domani in Consiglio Regionale si svolger\u00e0 la 1\u00b0 riunione online del comitato civico \u201cLa sanit\u00e0 che vogliamo\u201d","og_url":"https:\/\/progettotouring.it\/radiotouring104\/2024\/03\/26\/consiglio-regionale-domani-1-riunione-del-comitato-civico-la-sanita-che-vogliamo\/","og_site_name":"Radio Touring 104","article_published_time":"2024-03-26T11:55:27+00:00","article_modified_time":"2024-03-26T11:56:30+00:00","og_image":[{"width":1472,"height":1060,"url":"https:\/\/progettotouring.it\/radiotouring104\/wp-content\/uploads\/sites\/6\/2022\/07\/consiglio-regionale.jpg","type":"image\/jpeg"}],"author":"Sebastiano Plutino","twitter_card":"summary_large_image","twitter_misc":{"Scritto da":"Sebastiano Plutino","Tempo di lettura stimato":"3 minuti"},"schema":{"@context":"https:\/\/schema.org","@graph":[{"@type":"Article","@id":"https:\/\/progettotouring.it\/radiotouring104\/2024\/03\/26\/consiglio-regionale-domani-1-riunione-del-comitato-civico-la-sanita-che-vogliamo\/#article","isPartOf":{"@id":"https:\/\/progettotouring.it\/radiotouring104\/2024\/03\/26\/consiglio-regionale-domani-1-riunione-del-comitato-civico-la-sanita-che-vogliamo\/"},"author":{"name":"Sebastiano Plutino","@id":"https:\/\/progettotouring.it\/radiotouring104\/#\/schema\/person\/78613917f1851f041f7483f5af1d422e"},"headline":"Consiglio Regionale: domani 1\u00b0 riunione del comitato civico \u201cLa sanit\u00e0 che vogliamo\u201d","datePublished":"2024-03-26T11:55:27+00:00","dateModified":"2024-03-26T11:56:30+00:00","mainEntityOfPage":{"@id":"https:\/\/progettotouring.it\/radiotouring104\/2024\/03\/26\/consiglio-regionale-domani-1-riunione-del-comitato-civico-la-sanita-che-vogliamo\/"},"wordCount":516,"publisher":{"@id":"https:\/\/progettotouring.it\/radiotouring104\/#organization"},"image":{"@id":"https:\/\/progettotouring.it\/radiotouring104\/2024\/03\/26\/consiglio-regionale-domani-1-riunione-del-comitato-civico-la-sanita-che-vogliamo\/#primaryimage"},"thumbnailUrl":"https:\/\/progettotouring.it\/radiotouring104\/wp-content\/uploads\/sites\/6\/2022\/07\/consiglio-regionale.jpg","keywords":["Amalia bruni","Comitato civico","comitato civico \u201cLa sanit\u00e0 che vogliamo\u201d","Consiglio regionale Calabria","Ospedale Giovanni Paolo II di Lamezia Terme"],"articleSection":["Home","News","Reggio Calabria"],"inLanguage":"it-IT"},{"@type":"WebPage","@id":"https:\/\/progettotouring.it\/radiotouring104\/2024\/03\/26\/consiglio-regionale-domani-1-riunione-del-comitato-civico-la-sanita-che-vogliamo\/","url":"https:\/\/progettotouring.it\/radiotouring104\/2024\/03\/26\/consiglio-regionale-domani-1-riunione-del-comitato-civico-la-sanita-che-vogliamo\/","name":"Consiglio Regionale: 1\u00b0 riunione comitato \u201cLa sanit\u00e0 che vogliamo\u201d","isPartOf":{"@id":"https:\/\/progettotouring.it\/radiotouring104\/#website"},"primaryImageOfPage":{"@id":"https:\/\/progettotouring.it\/radiotouring104\/2024\/03\/26\/consiglio-regionale-domani-1-riunione-del-comitato-civico-la-sanita-che-vogliamo\/#primaryimage"},"image":{"@id":"https:\/\/progettotouring.it\/radiotouring104\/2024\/03\/26\/consiglio-regionale-domani-1-riunione-del-comitato-civico-la-sanita-che-vogliamo\/#primaryimage"},"thumbnailUrl":"https:\/\/progettotouring.it\/radiotouring104\/wp-content\/uploads\/sites\/6\/2022\/07\/consiglio-regionale.jpg","datePublished":"2024-03-26T11:55:27+00:00","dateModified":"2024-03-26T11:56:30+00:00","description":"Domani in Consiglio Regionale si svolger\u00e0 la 1\u00b0 riunione online del comitato civico \u201cLa sanit\u00e0 che vogliamo\u201d","breadcrumb":{"@id":"https:\/\/progettotouring.it\/radiotouring104\/2024\/03\/26\/consiglio-regionale-domani-1-riunione-del-comitato-civico-la-sanita-che-vogliamo\/#breadcrumb"},"inLanguage":"it-IT","potentialAction":[{"@type":"ReadAction","target":["https:\/\/progettotouring.it\/radiotouring104\/2024\/03\/26\/consiglio-regionale-domani-1-riunione-del-comitato-civico-la-sanita-che-vogliamo\/"]}]},{"@type":"ImageObject","inLanguage":"it-IT","@id":"https:\/\/progettotouring.it\/radiotouring104\/2024\/03\/26\/consiglio-regionale-domani-1-riunione-del-comitato-civico-la-sanita-che-vogliamo\/#primaryimage","url":"https:\/\/progettotouring.it\/radiotouring104\/wp-content\/uploads\/sites\/6\/2022\/07\/consiglio-regionale.jpg","contentUrl":"https:\/\/progettotouring.it\/radiotouring104\/wp-content\/uploads\/sites\/6\/2022\/07\/consiglio-regionale.jpg","width":1472,"height":1060},{"@type":"BreadcrumbList","@id":"https:\/\/progettotouring.it\/radiotouring104\/2024\/03\/26\/consiglio-regionale-domani-1-riunione-del-comitato-civico-la-sanita-che-vogliamo\/#breadcrumb","itemListElement":[{"@type":"ListItem","position":1,"name":"Home","item":"https:\/\/progettotouring.it\/radiotouring104\/"},{"@type":"ListItem","position":2,"name":"Consiglio Regionale: domani 1\u00b0 riunione del comitato civico \u201cLa sanit\u00e0 che vogliamo\u201d"}]},{"@type":"WebSite","@id":"https:\/\/progettotouring.it\/radiotouring104\/#website","url":"https:\/\/progettotouring.it\/radiotouring104\/","name":"Radio Touring 104","description":"La prima radio Reggina","publisher":{"@id":"https:\/\/progettotouring.it\/radiotouring104\/#organization"},"potentialAction":[{"@type":"SearchAction","target":{"@type":"EntryPoint","urlTemplate":"https:\/\/progettotouring.it\/radiotouring104\/?s={search_term_string}"},"query-input":{"@type":"PropertyValueSpecification","valueRequired":true,"valueName":"search_term_string"}}],"inLanguage":"it-IT"},{"@type":"Organization","@id":"https:\/\/progettotouring.it\/radiotouring104\/#organization","name":"Radio Touring 104","url":"https:\/\/progettotouring.it\/radiotouring104\/","logo":{"@type":"ImageObject","inLanguage":"it-IT","@id":"https:\/\/progettotouring.it\/radiotouring104\/#\/schema\/logo\/image\/","url":"https:\/\/progettotouring.it\/radiotouring104\/wp-content\/uploads\/sites\/6\/2022\/02\/cropped-logo-radio-touring-104.png","contentUrl":"https:\/\/progettotouring.it\/radiotouring104\/wp-content\/uploads\/sites\/6\/2022\/02\/cropped-logo-radio-touring-104.png","width":377,"height":182,"caption":"Radio Touring 104"},"image":{"@id":"https:\/\/progettotouring.it\/radiotouring104\/#\/schema\/logo\/image\/"}},{"@type":"Person","@id":"https:\/\/progettotouring.it\/radiotouring104\/#\/schema\/person\/78613917f1851f041f7483f5af1d422e","name":"Sebastiano Plutino","image":{"@type":"ImageObject","inLanguage":"it-IT","@id":"https:\/\/secure.gravatar.com\/avatar\/0546ffaa9b79224faf9f2a156b67a529ae861d3287c66c1d8ccfdf909bcba78d?s=96&d=mm&r=g","url":"https:\/\/secure.gravatar.com\/avatar\/0546ffaa9b79224faf9f2a156b67a529ae861d3287c66c1d8ccfdf909bcba78d?s=96&d=mm&r=g","contentUrl":"https:\/\/secure.gravatar.com\/avatar\/0546ffaa9b79224faf9f2a156b67a529ae861d3287c66c1d8ccfdf909bcba78d?s=96&d=mm&r=g","caption":"Sebastiano Plutino"},"url":"https:\/\/progettotouring.it\/radiotouring104\/author\/sebastiano\/"}]}},"jetpack_publicize_connections":[],"jetpack_featured_media_url":"https:\/\/progettotouring.it\/radiotouring104\/wp-content\/uploads\/sites\/6\/2022\/07\/consiglio-regionale.jpg","jetpack_sharing_enabled":true,"_links":{"self":[{"href":"https:\/\/progettotouring.it\/radiotouring104\/wp-json\/wp\/v2\/posts\/47997","targetHints":{"allow":["GET"]}}],"collection":[{"href":"https:\/\/progettotouring.it\/radiotouring104\/wp-json\/wp\/v2\/posts"}],"about":[{"href":"https:\/\/progettotouring.it\/radiotouring104\/wp-json\/wp\/v2\/types\/post"}],"author":[{"embeddable":true,"href":"https:\/\/progettotouring.it\/radiotouring104\/wp-json\/wp\/v2\/users\/12"}],"replies":[{"embeddable":true,"href":"https:\/\/progettotouring.it\/radiotouring104\/wp-json\/wp\/v2\/comments?post=47997"}],"version-history":[{"count":1,"href":"https:\/\/progettotouring.it\/radiotouring104\/wp-json\/wp\/v2\/posts\/47997\/revisions"}],"predecessor-version":[{"id":47998,"href":"https:\/\/progettotouring.it\/radiotouring104\/wp-json\/wp\/v2\/posts\/47997\/revisions\/47998"}],"wp:featuredmedia":[{"embeddable":true,"href":"https:\/\/progettotouring.it\/radiotouring104\/wp-json\/wp\/v2\/media\/7973"}],"wp:attachment":[{"href":"https:\/\/progettotouring.it\/radiotouring104\/wp-json\/wp\/v2\/media?parent=47997"}],"wp:term":[{"taxonomy":"category","embeddable":true,"href":"https:\/\/progettotouring.it\/radiotouring104\/wp-json\/wp\/v2\/categories?post=47997"},{"taxonomy":"post_tag","embeddable":true,"href":"https:\/\/progettotouring.it\/radiotouring104\/wp-json\/wp\/v2\/tags?post=47997"}],"curies":[{"name":"wp","href":"https:\/\/api.w.org\/{rel}","templated":true}]}}