{"id":4813,"date":"2022-05-05T13:36:41","date_gmt":"2022-05-05T11:36:41","guid":{"rendered":"https:\/\/progettotouring.it\/radiotouring104\/?p=4813"},"modified":"2022-05-05T14:21:44","modified_gmt":"2022-05-05T12:21:44","slug":"emergenza-ucraina-al-cilea-il-concerto-solidale-grande-evento-per-la-pace","status":"publish","type":"post","link":"https:\/\/progettotouring.it\/radiotouring104\/2022\/05\/05\/emergenza-ucraina-al-cilea-il-concerto-solidale-grande-evento-per-la-pace\/","title":{"rendered":"Emergenza Ucraina: al Cilea il concerto solidale \u201cGrande Evento per la Pace\u201d"},"content":{"rendered":"<p><iframe title=\"&quot;Grande evento per la pace&quot;: intervista con l&#039;avv. Lucia Lipari\" width=\"1170\" height=\"658\" src=\"https:\/\/www.youtube.com\/embed\/ZC5SFriN27Y?feature=oembed\" frameborder=\"0\" allow=\"accelerometer; autoplay; clipboard-write; encrypted-media; gyroscope; picture-in-picture\" allowfullscreen><\/iframe><\/p>\n<p style=\"text-align: justify;\">Il prossimo 8 maggio il Teatro Cilea di Reggio Calabria ospiter\u00e0 un concerto solidale finalizzato alla raccolta di aiuti a sostegno della popolazione ucraina e in particolare di mamme e bambini.<br \/>\n&#8220;Mostrare vicinanza al popolo ucraino, non solo oggi nell\u2019emergenza, ma anche nelle settimane e nei mesi che verranno \u00e8 fondamentale&#8221;, ha detto ai microfoni di Radio Touring l&#8217;avvocato Lucia Lipari, portavoce del Comitato per i bambini e le madri dell\u2019Ucraina, intervistata in occasione della presentazione dell&#8217;evento a Palazzo San Giorgio.<\/p>\n<p style=\"text-align: justify;\">Ben undici le realt\u00e0 territoriali coinvolte, tra sindacati, parrocchie, associazioni e cooperative. Il concerto dell&#8217;8 maggio, che avr\u00e0 inizio alle 19:30, ospiter\u00e0 90 artisti che si esibiranno gratuitamente, a dimostrazione della volont\u00e0 di Reggio Calabria di abbracciare simbolicamente la comunit\u00e0 ucraina.<br \/>\nL\u2019evento \u00e8 promosso dal Comitato per i bambini e le madri dell\u2019Ucraina, dal Comune di Reggio Calabria e dalla Fondazione Mediolanum Onlus. La raccolta fondi sar\u00e0 destinata ai profughi giunti in citt\u00e0 e a costituire una dote per i pi\u00f9 piccoli. Fondazione Mediolanum Onlus inoltre raddoppier\u00e0 i primi 5.000 euro raccolti, con l\u2019obiettivo di sostenere pi\u00f9 nuclei mamma-bambini.<\/p>\n<p style=\"text-align: justify;\">Il comitato si \u00e8 costituito su iniziativa del centro Comunitario Agape, referente la vicepresidente Lucia Lipari, ed \u00e8 composto dalle parrocchie del Crocefisso e di sant\u2019Agostino, rette da don Marco Scordo e da Padre Gabriele Bentoglio, dall\u2019associazione Ulysses di Marisa Cagliostro, dal Banco Alimentare di Giuseppe Bognoni, dalla coop Demetra di Cristina Ciccone, dai Medici del Mondo con Alberto Politi, dai Patronato della Cigl con Mimma Pacifici e della Cisl con Federica Sgr\u00f2 e con la compagnia Teatrale Scena Nuda di Teresa Timpano. Grazie a questa alleanza sono state gi\u00e0 accolte presso famiglie o in alloggi messi a disposizione dalla generosit\u00e0 di privati, oltre 15 famiglie.<\/p>\n<p style=\"text-align: justify;\">Il metodo scelto \u00e8 quello dell\u2019accoglienza diffusa che sta facendo leva su progetti familiari personalizzati che prevedono: l\u2019individuazione di un volontario-tutor quale punto di riferimento della famiglie accolta sia per le necessit\u00e0 quotidiane che per il raccordo con enti ed istituzioni; il reperimento di alloggi dove ospitare i minori con le loro mamme prevedendo la copertura delle spese delle utenze, di eventuali lavori di adattamento, di acquisti di quanto necessario; la programmazione di attivit\u00e0 di sostentamento (vitto, vestiario, medicine per i minori, ecc), inserimento scolastico, cure sanitarie e sostegno psicologico, accesso ad attivit\u00e0 sportive; l\u2019assistenza legale ed il raccordo con i Servizi sociali Comunali, Questura, Asp e il Tribunale dei Minori; corsi di alfabetizzazione per i minori e le mamme e collaborazione con mediatori linguistici e culturali.<\/p>\n<p>&nbsp;<\/p>\n","protected":false},"excerpt":{"rendered":"<p>Il prossimo 8 maggio il Teatro Cilea di Reggio Calabria ospiter\u00e0 un concerto solidale finalizzato alla raccolta di aiuti a sostegno della popolazione ucraina e in particolare di mamme e&hellip;<\/p>\n","protected":false},"author":5,"featured_media":2911,"comment_status":"open","ping_status":"open","sticky":false,"template":"","format":"standard","meta":{"_jetpack_memberships_contains_paid_content":false,"footnotes":"","jetpack_publicize_message":"","jetpack_publicize_feature_enabled":true,"jetpack_social_post_already_shared":false,"jetpack_social_options":{"image_generator_settings":{"template":"highway","default_image_id":0,"font":"","enabled":false},"version":2}},"categories":[150,149,196,140],"tags":[1283,1282,1284,1279,405,1280,1277,659,236,1281,273,1278],"class_list":["post-4813","post","type-post","status-publish","format-standard","has-post-thumbnail","hentry","category-in-primo-piano","category-interviste","category-news","category-reggio-calabria","tag-cigl","tag-cisl","tag-concerto-di-beneficenza","tag-coop-demetra","tag-emergenza-ucraina","tag-medici-del-mondo","tag-mediolanum-onlus","tag-palazzo-san-giorgio","tag-reggio-calabria","tag-scena-nuda","tag-teatro-cilea","tag-ulysses"],"yoast_head":"<!-- This site is optimized with the Yoast SEO plugin v27.2 - https:\/\/yoast.com\/product\/yoast-seo-wordpress\/ -->\n<title>Emergenza Ucraina: al Cilea il concerto solidale \u201cGrande Evento per la Pace\u201d<\/title>\n<meta name=\"description\" content=\"L&#039;avvocato Lucia Lipari: &quot;Fondamentale restare accanto a mamme e bambini ucraini, adesso e per tutto il tempo necessario&quot;\" \/>\n<meta name=\"robots\" content=\"index, follow, max-snippet:-1, max-image-preview:large, max-video-preview:-1\" \/>\n<link rel=\"canonical\" href=\"https:\/\/progettotouring.it\/radiotouring104\/2022\/05\/05\/emergenza-ucraina-al-cilea-il-concerto-solidale-grande-evento-per-la-pace\/\" \/>\n<meta property=\"og:locale\" content=\"it_IT\" \/>\n<meta property=\"og:type\" content=\"article\" \/>\n<meta property=\"og:title\" content=\"Emergenza Ucraina: al Cilea il concerto solidale \u201cGrande Evento per la Pace\u201d\" \/>\n<meta property=\"og:description\" content=\"L&#039;avvocato Lucia Lipari: &quot;Fondamentale restare accanto a mamme e bambini ucraini, adesso e per tutto il tempo necessario&quot;\" \/>\n<meta property=\"og:url\" content=\"https:\/\/progettotouring.it\/radiotouring104\/2022\/05\/05\/emergenza-ucraina-al-cilea-il-concerto-solidale-grande-evento-per-la-pace\/\" \/>\n<meta property=\"og:site_name\" content=\"Radio Touring 104\" \/>\n<meta property=\"article:published_time\" content=\"2022-05-05T11:36:41+00:00\" \/>\n<meta property=\"article:modified_time\" content=\"2022-05-05T12:21:44+00:00\" \/>\n<meta property=\"og:image\" content=\"https:\/\/progettotouring.it\/radiotouring104\/wp-content\/uploads\/sites\/6\/2022\/03\/Mappa_teatro_cilea_reggio_calabria-min.jpg\" \/>\n\t<meta property=\"og:image:width\" content=\"1323\" \/>\n\t<meta property=\"og:image:height\" content=\"882\" \/>\n\t<meta property=\"og:image:type\" content=\"image\/jpeg\" \/>\n<meta name=\"author\" content=\"redazione\" \/>\n<meta name=\"twitter:card\" content=\"summary_large_image\" \/>\n<meta name=\"twitter:label1\" content=\"Scritto da\" \/>\n\t<meta name=\"twitter:data1\" content=\"redazione\" \/>\n\t<meta name=\"twitter:label2\" content=\"Tempo di lettura stimato\" \/>\n\t<meta name=\"twitter:data2\" content=\"3 minuti\" \/>\n<script type=\"application\/ld+json\" class=\"yoast-schema-graph\">{\"@context\":\"https:\/\/schema.org\",\"@graph\":[{\"@type\":\"Article\",\"@id\":\"https:\/\/progettotouring.it\/radiotouring104\/2022\/05\/05\/emergenza-ucraina-al-cilea-il-concerto-solidale-grande-evento-per-la-pace\/#article\",\"isPartOf\":{\"@id\":\"https:\/\/progettotouring.it\/radiotouring104\/2022\/05\/05\/emergenza-ucraina-al-cilea-il-concerto-solidale-grande-evento-per-la-pace\/\"},\"author\":{\"name\":\"redazione\",\"@id\":\"https:\/\/progettotouring.it\/radiotouring104\/#\/schema\/person\/1b3eb3c07c47136bc44c785c543e635f\"},\"headline\":\"Emergenza Ucraina: al Cilea il concerto solidale \u201cGrande Evento per la Pace\u201d\",\"datePublished\":\"2022-05-05T11:36:41+00:00\",\"dateModified\":\"2022-05-05T12:21:44+00:00\",\"mainEntityOfPage\":{\"@id\":\"https:\/\/progettotouring.it\/radiotouring104\/2022\/05\/05\/emergenza-ucraina-al-cilea-il-concerto-solidale-grande-evento-per-la-pace\/\"},\"wordCount\":435,\"commentCount\":0,\"publisher\":{\"@id\":\"https:\/\/progettotouring.it\/radiotouring104\/#organization\"},\"image\":{\"@id\":\"https:\/\/progettotouring.it\/radiotouring104\/2022\/05\/05\/emergenza-ucraina-al-cilea-il-concerto-solidale-grande-evento-per-la-pace\/#primaryimage\"},\"thumbnailUrl\":\"https:\/\/progettotouring.it\/radiotouring104\/wp-content\/uploads\/sites\/6\/2022\/03\/Mappa_teatro_cilea_reggio_calabria-min.jpg\",\"keywords\":[\"Cigl\",\"Cisl\",\"concerto di beneficenza\",\"coop Demetra\",\"emergenza ucraina\",\"Medici del Mondo\",\"Mediolanum Onlus\",\"palazzo san giorgio\",\"reggio calabria\",\"Scena Nuda\",\"Teatro Cilea\",\"Ulysses\"],\"articleSection\":[\"In primo piano\",\"Interviste\",\"News\",\"Reggio Calabria\"],\"inLanguage\":\"it-IT\",\"potentialAction\":[{\"@type\":\"CommentAction\",\"name\":\"Comment\",\"target\":[\"https:\/\/progettotouring.it\/radiotouring104\/2022\/05\/05\/emergenza-ucraina-al-cilea-il-concerto-solidale-grande-evento-per-la-pace\/#respond\"]}]},{\"@type\":\"WebPage\",\"@id\":\"https:\/\/progettotouring.it\/radiotouring104\/2022\/05\/05\/emergenza-ucraina-al-cilea-il-concerto-solidale-grande-evento-per-la-pace\/\",\"url\":\"https:\/\/progettotouring.it\/radiotouring104\/2022\/05\/05\/emergenza-ucraina-al-cilea-il-concerto-solidale-grande-evento-per-la-pace\/\",\"name\":\"Emergenza Ucraina: al Cilea il concerto solidale \u201cGrande Evento per la Pace\u201d\",\"isPartOf\":{\"@id\":\"https:\/\/progettotouring.it\/radiotouring104\/#website\"},\"primaryImageOfPage\":{\"@id\":\"https:\/\/progettotouring.it\/radiotouring104\/2022\/05\/05\/emergenza-ucraina-al-cilea-il-concerto-solidale-grande-evento-per-la-pace\/#primaryimage\"},\"image\":{\"@id\":\"https:\/\/progettotouring.it\/radiotouring104\/2022\/05\/05\/emergenza-ucraina-al-cilea-il-concerto-solidale-grande-evento-per-la-pace\/#primaryimage\"},\"thumbnailUrl\":\"https:\/\/progettotouring.it\/radiotouring104\/wp-content\/uploads\/sites\/6\/2022\/03\/Mappa_teatro_cilea_reggio_calabria-min.jpg\",\"datePublished\":\"2022-05-05T11:36:41+00:00\",\"dateModified\":\"2022-05-05T12:21:44+00:00\",\"description\":\"L'avvocato Lucia Lipari: \\\"Fondamentale restare accanto a mamme e bambini ucraini, adesso e per tutto il tempo necessario\\\"\",\"breadcrumb\":{\"@id\":\"https:\/\/progettotouring.it\/radiotouring104\/2022\/05\/05\/emergenza-ucraina-al-cilea-il-concerto-solidale-grande-evento-per-la-pace\/#breadcrumb\"},\"inLanguage\":\"it-IT\",\"potentialAction\":[{\"@type\":\"ReadAction\",\"target\":[\"https:\/\/progettotouring.it\/radiotouring104\/2022\/05\/05\/emergenza-ucraina-al-cilea-il-concerto-solidale-grande-evento-per-la-pace\/\"]}]},{\"@type\":\"ImageObject\",\"inLanguage\":\"it-IT\",\"@id\":\"https:\/\/progettotouring.it\/radiotouring104\/2022\/05\/05\/emergenza-ucraina-al-cilea-il-concerto-solidale-grande-evento-per-la-pace\/#primaryimage\",\"url\":\"https:\/\/progettotouring.it\/radiotouring104\/wp-content\/uploads\/sites\/6\/2022\/03\/Mappa_teatro_cilea_reggio_calabria-min.jpg\",\"contentUrl\":\"https:\/\/progettotouring.it\/radiotouring104\/wp-content\/uploads\/sites\/6\/2022\/03\/Mappa_teatro_cilea_reggio_calabria-min.jpg\",\"width\":1323,\"height\":882,\"caption\":\"teatro cilea\"},{\"@type\":\"BreadcrumbList\",\"@id\":\"https:\/\/progettotouring.it\/radiotouring104\/2022\/05\/05\/emergenza-ucraina-al-cilea-il-concerto-solidale-grande-evento-per-la-pace\/#breadcrumb\",\"itemListElement\":[{\"@type\":\"ListItem\",\"position\":1,\"name\":\"Home\",\"item\":\"https:\/\/progettotouring.it\/radiotouring104\/\"},{\"@type\":\"ListItem\",\"position\":2,\"name\":\"Emergenza Ucraina: al Cilea il concerto solidale \u201cGrande Evento per la Pace\u201d\"}]},{\"@type\":\"WebSite\",\"@id\":\"https:\/\/progettotouring.it\/radiotouring104\/#website\",\"url\":\"https:\/\/progettotouring.it\/radiotouring104\/\",\"name\":\"Radio Touring 104\",\"description\":\"La prima radio Reggina\",\"publisher\":{\"@id\":\"https:\/\/progettotouring.it\/radiotouring104\/#organization\"},\"potentialAction\":[{\"@type\":\"SearchAction\",\"target\":{\"@type\":\"EntryPoint\",\"urlTemplate\":\"https:\/\/progettotouring.it\/radiotouring104\/?s={search_term_string}\"},\"query-input\":{\"@type\":\"PropertyValueSpecification\",\"valueRequired\":true,\"valueName\":\"search_term_string\"}}],\"inLanguage\":\"it-IT\"},{\"@type\":\"Organization\",\"@id\":\"https:\/\/progettotouring.it\/radiotouring104\/#organization\",\"name\":\"Radio Touring 104\",\"url\":\"https:\/\/progettotouring.it\/radiotouring104\/\",\"logo\":{\"@type\":\"ImageObject\",\"inLanguage\":\"it-IT\",\"@id\":\"https:\/\/progettotouring.it\/radiotouring104\/#\/schema\/logo\/image\/\",\"url\":\"https:\/\/progettotouring.it\/radiotouring104\/wp-content\/uploads\/sites\/6\/2022\/02\/cropped-logo-radio-touring-104.png\",\"contentUrl\":\"https:\/\/progettotouring.it\/radiotouring104\/wp-content\/uploads\/sites\/6\/2022\/02\/cropped-logo-radio-touring-104.png\",\"width\":377,\"height\":182,\"caption\":\"Radio Touring 104\"},\"image\":{\"@id\":\"https:\/\/progettotouring.it\/radiotouring104\/#\/schema\/logo\/image\/\"}},{\"@type\":\"Person\",\"@id\":\"https:\/\/progettotouring.it\/radiotouring104\/#\/schema\/person\/1b3eb3c07c47136bc44c785c543e635f\",\"name\":\"redazione\",\"image\":{\"@type\":\"ImageObject\",\"inLanguage\":\"it-IT\",\"@id\":\"https:\/\/secure.gravatar.com\/avatar\/0b31605b49f100769e8b624b3e05de1b73e1692e9568a352f60f53fd072e6e11?s=96&d=mm&r=g\",\"url\":\"https:\/\/secure.gravatar.com\/avatar\/0b31605b49f100769e8b624b3e05de1b73e1692e9568a352f60f53fd072e6e11?s=96&d=mm&r=g\",\"contentUrl\":\"https:\/\/secure.gravatar.com\/avatar\/0b31605b49f100769e8b624b3e05de1b73e1692e9568a352f60f53fd072e6e11?s=96&d=mm&r=g\",\"caption\":\"redazione\"},\"url\":\"https:\/\/progettotouring.it\/radiotouring104\/author\/redazione\/\"}]}<\/script>\n<!-- \/ Yoast SEO plugin. -->","yoast_head_json":{"title":"Emergenza Ucraina: al Cilea il concerto solidale \u201cGrande Evento per la Pace\u201d","description":"L'avvocato Lucia Lipari: \"Fondamentale restare accanto a mamme e bambini ucraini, adesso e per tutto il tempo necessario\"","robots":{"index":"index","follow":"follow","max-snippet":"max-snippet:-1","max-image-preview":"max-image-preview:large","max-video-preview":"max-video-preview:-1"},"canonical":"https:\/\/progettotouring.it\/radiotouring104\/2022\/05\/05\/emergenza-ucraina-al-cilea-il-concerto-solidale-grande-evento-per-la-pace\/","og_locale":"it_IT","og_type":"article","og_title":"Emergenza Ucraina: al Cilea il concerto solidale \u201cGrande Evento per la Pace\u201d","og_description":"L'avvocato Lucia Lipari: \"Fondamentale restare accanto a mamme e bambini ucraini, adesso e per tutto il tempo necessario\"","og_url":"https:\/\/progettotouring.it\/radiotouring104\/2022\/05\/05\/emergenza-ucraina-al-cilea-il-concerto-solidale-grande-evento-per-la-pace\/","og_site_name":"Radio Touring 104","article_published_time":"2022-05-05T11:36:41+00:00","article_modified_time":"2022-05-05T12:21:44+00:00","og_image":[{"width":1323,"height":882,"url":"https:\/\/progettotouring.it\/radiotouring104\/wp-content\/uploads\/sites\/6\/2022\/03\/Mappa_teatro_cilea_reggio_calabria-min.jpg","type":"image\/jpeg"}],"author":"redazione","twitter_card":"summary_large_image","twitter_misc":{"Scritto da":"redazione","Tempo di lettura stimato":"3 minuti"},"schema":{"@context":"https:\/\/schema.org","@graph":[{"@type":"Article","@id":"https:\/\/progettotouring.it\/radiotouring104\/2022\/05\/05\/emergenza-ucraina-al-cilea-il-concerto-solidale-grande-evento-per-la-pace\/#article","isPartOf":{"@id":"https:\/\/progettotouring.it\/radiotouring104\/2022\/05\/05\/emergenza-ucraina-al-cilea-il-concerto-solidale-grande-evento-per-la-pace\/"},"author":{"name":"redazione","@id":"https:\/\/progettotouring.it\/radiotouring104\/#\/schema\/person\/1b3eb3c07c47136bc44c785c543e635f"},"headline":"Emergenza Ucraina: al Cilea il concerto solidale \u201cGrande Evento per la Pace\u201d","datePublished":"2022-05-05T11:36:41+00:00","dateModified":"2022-05-05T12:21:44+00:00","mainEntityOfPage":{"@id":"https:\/\/progettotouring.it\/radiotouring104\/2022\/05\/05\/emergenza-ucraina-al-cilea-il-concerto-solidale-grande-evento-per-la-pace\/"},"wordCount":435,"commentCount":0,"publisher":{"@id":"https:\/\/progettotouring.it\/radiotouring104\/#organization"},"image":{"@id":"https:\/\/progettotouring.it\/radiotouring104\/2022\/05\/05\/emergenza-ucraina-al-cilea-il-concerto-solidale-grande-evento-per-la-pace\/#primaryimage"},"thumbnailUrl":"https:\/\/progettotouring.it\/radiotouring104\/wp-content\/uploads\/sites\/6\/2022\/03\/Mappa_teatro_cilea_reggio_calabria-min.jpg","keywords":["Cigl","Cisl","concerto di beneficenza","coop Demetra","emergenza ucraina","Medici del Mondo","Mediolanum Onlus","palazzo san giorgio","reggio calabria","Scena Nuda","Teatro Cilea","Ulysses"],"articleSection":["In primo piano","Interviste","News","Reggio Calabria"],"inLanguage":"it-IT","potentialAction":[{"@type":"CommentAction","name":"Comment","target":["https:\/\/progettotouring.it\/radiotouring104\/2022\/05\/05\/emergenza-ucraina-al-cilea-il-concerto-solidale-grande-evento-per-la-pace\/#respond"]}]},{"@type":"WebPage","@id":"https:\/\/progettotouring.it\/radiotouring104\/2022\/05\/05\/emergenza-ucraina-al-cilea-il-concerto-solidale-grande-evento-per-la-pace\/","url":"https:\/\/progettotouring.it\/radiotouring104\/2022\/05\/05\/emergenza-ucraina-al-cilea-il-concerto-solidale-grande-evento-per-la-pace\/","name":"Emergenza Ucraina: al Cilea il concerto solidale \u201cGrande Evento per la Pace\u201d","isPartOf":{"@id":"https:\/\/progettotouring.it\/radiotouring104\/#website"},"primaryImageOfPage":{"@id":"https:\/\/progettotouring.it\/radiotouring104\/2022\/05\/05\/emergenza-ucraina-al-cilea-il-concerto-solidale-grande-evento-per-la-pace\/#primaryimage"},"image":{"@id":"https:\/\/progettotouring.it\/radiotouring104\/2022\/05\/05\/emergenza-ucraina-al-cilea-il-concerto-solidale-grande-evento-per-la-pace\/#primaryimage"},"thumbnailUrl":"https:\/\/progettotouring.it\/radiotouring104\/wp-content\/uploads\/sites\/6\/2022\/03\/Mappa_teatro_cilea_reggio_calabria-min.jpg","datePublished":"2022-05-05T11:36:41+00:00","dateModified":"2022-05-05T12:21:44+00:00","description":"L'avvocato Lucia Lipari: \"Fondamentale restare accanto a mamme e bambini ucraini, adesso e per tutto il tempo necessario\"","breadcrumb":{"@id":"https:\/\/progettotouring.it\/radiotouring104\/2022\/05\/05\/emergenza-ucraina-al-cilea-il-concerto-solidale-grande-evento-per-la-pace\/#breadcrumb"},"inLanguage":"it-IT","potentialAction":[{"@type":"ReadAction","target":["https:\/\/progettotouring.it\/radiotouring104\/2022\/05\/05\/emergenza-ucraina-al-cilea-il-concerto-solidale-grande-evento-per-la-pace\/"]}]},{"@type":"ImageObject","inLanguage":"it-IT","@id":"https:\/\/progettotouring.it\/radiotouring104\/2022\/05\/05\/emergenza-ucraina-al-cilea-il-concerto-solidale-grande-evento-per-la-pace\/#primaryimage","url":"https:\/\/progettotouring.it\/radiotouring104\/wp-content\/uploads\/sites\/6\/2022\/03\/Mappa_teatro_cilea_reggio_calabria-min.jpg","contentUrl":"https:\/\/progettotouring.it\/radiotouring104\/wp-content\/uploads\/sites\/6\/2022\/03\/Mappa_teatro_cilea_reggio_calabria-min.jpg","width":1323,"height":882,"caption":"teatro cilea"},{"@type":"BreadcrumbList","@id":"https:\/\/progettotouring.it\/radiotouring104\/2022\/05\/05\/emergenza-ucraina-al-cilea-il-concerto-solidale-grande-evento-per-la-pace\/#breadcrumb","itemListElement":[{"@type":"ListItem","position":1,"name":"Home","item":"https:\/\/progettotouring.it\/radiotouring104\/"},{"@type":"ListItem","position":2,"name":"Emergenza Ucraina: al Cilea il concerto solidale \u201cGrande Evento per la Pace\u201d"}]},{"@type":"WebSite","@id":"https:\/\/progettotouring.it\/radiotouring104\/#website","url":"https:\/\/progettotouring.it\/radiotouring104\/","name":"Radio Touring 104","description":"La prima radio Reggina","publisher":{"@id":"https:\/\/progettotouring.it\/radiotouring104\/#organization"},"potentialAction":[{"@type":"SearchAction","target":{"@type":"EntryPoint","urlTemplate":"https:\/\/progettotouring.it\/radiotouring104\/?s={search_term_string}"},"query-input":{"@type":"PropertyValueSpecification","valueRequired":true,"valueName":"search_term_string"}}],"inLanguage":"it-IT"},{"@type":"Organization","@id":"https:\/\/progettotouring.it\/radiotouring104\/#organization","name":"Radio Touring 104","url":"https:\/\/progettotouring.it\/radiotouring104\/","logo":{"@type":"ImageObject","inLanguage":"it-IT","@id":"https:\/\/progettotouring.it\/radiotouring104\/#\/schema\/logo\/image\/","url":"https:\/\/progettotouring.it\/radiotouring104\/wp-content\/uploads\/sites\/6\/2022\/02\/cropped-logo-radio-touring-104.png","contentUrl":"https:\/\/progettotouring.it\/radiotouring104\/wp-content\/uploads\/sites\/6\/2022\/02\/cropped-logo-radio-touring-104.png","width":377,"height":182,"caption":"Radio Touring 104"},"image":{"@id":"https:\/\/progettotouring.it\/radiotouring104\/#\/schema\/logo\/image\/"}},{"@type":"Person","@id":"https:\/\/progettotouring.it\/radiotouring104\/#\/schema\/person\/1b3eb3c07c47136bc44c785c543e635f","name":"redazione","image":{"@type":"ImageObject","inLanguage":"it-IT","@id":"https:\/\/secure.gravatar.com\/avatar\/0b31605b49f100769e8b624b3e05de1b73e1692e9568a352f60f53fd072e6e11?s=96&d=mm&r=g","url":"https:\/\/secure.gravatar.com\/avatar\/0b31605b49f100769e8b624b3e05de1b73e1692e9568a352f60f53fd072e6e11?s=96&d=mm&r=g","contentUrl":"https:\/\/secure.gravatar.com\/avatar\/0b31605b49f100769e8b624b3e05de1b73e1692e9568a352f60f53fd072e6e11?s=96&d=mm&r=g","caption":"redazione"},"url":"https:\/\/progettotouring.it\/radiotouring104\/author\/redazione\/"}]}},"jetpack_publicize_connections":[],"jetpack_featured_media_url":"https:\/\/progettotouring.it\/radiotouring104\/wp-content\/uploads\/sites\/6\/2022\/03\/Mappa_teatro_cilea_reggio_calabria-min.jpg","jetpack_sharing_enabled":true,"_links":{"self":[{"href":"https:\/\/progettotouring.it\/radiotouring104\/wp-json\/wp\/v2\/posts\/4813","targetHints":{"allow":["GET"]}}],"collection":[{"href":"https:\/\/progettotouring.it\/radiotouring104\/wp-json\/wp\/v2\/posts"}],"about":[{"href":"https:\/\/progettotouring.it\/radiotouring104\/wp-json\/wp\/v2\/types\/post"}],"author":[{"embeddable":true,"href":"https:\/\/progettotouring.it\/radiotouring104\/wp-json\/wp\/v2\/users\/5"}],"replies":[{"embeddable":true,"href":"https:\/\/progettotouring.it\/radiotouring104\/wp-json\/wp\/v2\/comments?post=4813"}],"version-history":[{"count":1,"href":"https:\/\/progettotouring.it\/radiotouring104\/wp-json\/wp\/v2\/posts\/4813\/revisions"}],"predecessor-version":[{"id":4814,"href":"https:\/\/progettotouring.it\/radiotouring104\/wp-json\/wp\/v2\/posts\/4813\/revisions\/4814"}],"wp:featuredmedia":[{"embeddable":true,"href":"https:\/\/progettotouring.it\/radiotouring104\/wp-json\/wp\/v2\/media\/2911"}],"wp:attachment":[{"href":"https:\/\/progettotouring.it\/radiotouring104\/wp-json\/wp\/v2\/media?parent=4813"}],"wp:term":[{"taxonomy":"category","embeddable":true,"href":"https:\/\/progettotouring.it\/radiotouring104\/wp-json\/wp\/v2\/categories?post=4813"},{"taxonomy":"post_tag","embeddable":true,"href":"https:\/\/progettotouring.it\/radiotouring104\/wp-json\/wp\/v2\/tags?post=4813"}],"curies":[{"name":"wp","href":"https:\/\/api.w.org\/{rel}","templated":true}]}}