{"id":48448,"date":"2024-04-03T11:18:44","date_gmt":"2024-04-03T09:18:44","guid":{"rendered":"https:\/\/progettotouring.it\/radiotouring104\/?p=48448"},"modified":"2024-04-04T12:21:38","modified_gmt":"2024-04-04T10:21:38","slug":"reggio-il-racconto-di-tiziana-iaria-sul-sospetto-rapimento-lampo","status":"publish","type":"post","link":"https:\/\/progettotouring.it\/radiotouring104\/2024\/04\/03\/reggio-il-racconto-di-tiziana-iaria-sul-sospetto-rapimento-lampo\/","title":{"rendered":"Reggio: il racconto di Tiziana Iaria sul sospetto rapimento lampo"},"content":{"rendered":"<p style=\"text-align: justify\"><em>&#8220;Sono uscita dall&#8217;ufficio alle 9.00 perch\u00e9 dovevo portare dei documenti all&#8217;avvocato.<\/em><br \/>\n<em>\u00a0Arrivata pi\u00f9 o meno qui sotto, dove c&#8217;\u00e8 la colonnina elettrica per ricaricare le macchine, una signora giovane con in braccio un bambino dagli occhi azzurri mi ha chiesto cortesemente se potessi aiutarla a mettere il bambino sul sedile dell&#8217;auto. \u00c8 una cosa normale per me aiutare le persone.<\/em><\/p>\n<p style=\"text-align: justify\"><em>Ho preso il bambino e sono entrata in macchina dalla parte posteriore e la signora \u00e8 entrata dall&#8217;altra parte. Siamo entrate tutte e due in macchina perch\u00e9 questo bambino era veramente movimentato e poi non mi ricordo niente. Questo \u00e8 quello che \u00e8 successo quel giorno&#8221;.<\/em><\/p>\n<p style=\"text-align: justify\">Cos\u00ec la <strong>responsabile\u00a0del Centro antiviolenza <\/strong><em>&#8220;Margherita&#8221;,<\/em><strong> Tiziana Iaria, ha raccontato i dettagli del suo rapimento, sul quale sta indagando la Squadra mobile <\/strong>di Reggio Calabria. La donna ha raccontato ai giornalisti quanto accaduto nella sede del Centro e della societ\u00e0 &#8220;Azienda Italia&#8221; insieme all&#8217;avvocata Denise Serena Albano.<\/p>\n<p style=\"text-align: justify\"><strong>Sul sequestro lampo, avvenuto lo scorso 21 marzo, Iaria ha raccontato di aver sentito un odore di ammoniaca quando si \u00e8 avvicinata al bambino:<\/strong><em> &#8220;Nella macchina l&#8217;odore era molto pi\u00f9 forte. La donna era giovane, magra e aveva dei capelli neri, non lunghi&#8221;.<\/em> <strong>Al rapimento avrebbero partecipato anche due uomini che l&#8217;hanno chiusa in una stanza<\/strong> senza finestre <strong>per poi liberarla il giorno seguente,<\/strong> accompagnandola a bordo di un pullmino fino a sotto casa.<\/p>\n<p style=\"text-align: justify\">&#8220;La mattina <strong>&#8211; \u00e8 la ricostruzione della donna<\/strong> &#8211; <em>mi hanno fatto uscire con i miei piedi, non mi hanno legata, non mi hanno imbavagliata, non mi hanno fatto del male e non hanno parlato con me&#8221;.<\/em> Stando al racconto, le uniche parole che i rapitori le hanno rivolto sarebbero state: &#8220;<em>Sali, scendi, stai zitta e abbassa la testa. La voce che dava gli ordini &#8211;<\/em> ha detto Iaria <em>&#8211; era quella di un uomo. Erano due uomini. Io non li ho mai visti perch\u00e9 erano messi sempre di spalle. L&#8217;unico che ho intravisto, so che aveva una barba, una barba molto sottile. Ribellarmi? Non sono pazza di mettermi a gridare. Perch\u00e9, se non mi hanno legata, non mi hanno fatto niente, mi metto a gridare?&#8221;.<\/em><\/p>\n<p style=\"text-align: justify\"><strong>Tutte domande che le hanno rivolto gli investigatori che stanno cercando di fare luce sui fatti:<\/strong> &#8220;<em>Mi hanno interrogato per 7 lunghe ore. Mi hanno fatto 50mila domande e mi hanno detto di non dire niente. Ho chiesto il perch\u00e9 di tutte queste domande. Mi hanno risposto che anche se a me sembrano cose stupide, hanno una valenza&#8221;.<\/em><br \/>\n<strong>La conferenza stampa \u00e8 stata organizzata anche per rispondere alle polemiche di questi giorni in merito alla qualifica di psicologa di Tiziana Iaria.<\/strong> <em>&#8220;La dottoressa Iaria \u00e8 in possesso di una laurea<\/em>, <strong>&#8211; ha spiegato l&#8217;avvocata Albano &#8211;<\/strong> <em>non esercita la professione di psicologa e per questo non \u00e8 iscritta ad un albo&#8221;.<\/em><\/p>\n<div id=\"inArticle\">\n<aside>\n<div class=\"ob-smartfeed-wrapper feedIdx-0\">\n<div id=\"outbrain_widget_0\" class=\"OUTBRAIN\" data-src=\"DROP_PERMALINK_HERE\" data-widget-id=\"AR_4\" data-ob-mark=\"true\" data-browser=\"chrome\" data-os=\"win32\" data-dynload=\"\" data-idx=\"0\">\n<div class=\"ob-widget ob-feed-layout CR_7\">\n<div class=\"ob-widget-header\"><span class=\"ob-widget-text\">\u00a0<\/span><\/div>\n<\/div>\n<\/div>\n<\/div>\n<\/aside>\n<\/div>\n","protected":false},"excerpt":{"rendered":"<p>&#8220;Sono uscita dall&#8217;ufficio alle 9.00 perch\u00e9 dovevo portare dei documenti all&#8217;avvocato. \u00a0Arrivata pi\u00f9 o meno qui sotto, dove c&#8217;\u00e8 la colonnina elettrica per ricaricare le macchine, una signora giovane con&hellip;<\/p>\n","protected":false},"author":12,"featured_media":12075,"comment_status":"closed","ping_status":"open","sticky":false,"template":"","format":"standard","meta":{"_jetpack_memberships_contains_paid_content":false,"footnotes":"","jetpack_publicize_message":"","jetpack_publicize_feature_enabled":true,"jetpack_social_post_already_shared":false,"jetpack_social_options":{"image_generator_settings":{"template":"highway","default_image_id":0,"font":"","enabled":false},"version":2}},"categories":[921,196,140],"tags":[29743,6753,29742,14985,29740,29741],"class_list":["post-48448","post","type-post","status-publish","format-standard","has-post-thumbnail","hentry","category-home","category-news","category-reggio-calabria","tag-avvocata-albano","tag-centro-antiviolenza-margherita","tag-psicologa","tag-squadra-mobile-di-reggio-calabria","tag-tiziana-iaria","tag-versione-vittima-su-rapimento"],"yoast_head":"<!-- This site is optimized with the Yoast SEO plugin v27.2 - https:\/\/yoast.com\/product\/yoast-seo-wordpress\/ -->\n<title>Reggio: il racconto di Tiziana Iaria sul sospetto rapimento lampo<\/title>\n<meta name=\"description\" content=\"La responsabile del Centro antiviolenza &quot;Margherita&quot;, Iaria ha raccontato i dettagli del suo rapimento, sul quale sta indagando la Mobile\" \/>\n<meta name=\"robots\" content=\"index, follow, max-snippet:-1, max-image-preview:large, max-video-preview:-1\" \/>\n<link rel=\"canonical\" href=\"https:\/\/progettotouring.it\/radiotouring104\/2024\/04\/03\/reggio-il-racconto-di-tiziana-iaria-sul-sospetto-rapimento-lampo\/\" \/>\n<meta property=\"og:locale\" content=\"it_IT\" \/>\n<meta property=\"og:type\" content=\"article\" \/>\n<meta property=\"og:title\" content=\"Reggio: il racconto di Tiziana Iaria sul sospetto rapimento lampo\" \/>\n<meta property=\"og:description\" content=\"La responsabile del Centro antiviolenza &quot;Margherita&quot;, Iaria ha raccontato i dettagli del suo rapimento, sul quale sta indagando la Mobile\" \/>\n<meta property=\"og:url\" content=\"https:\/\/progettotouring.it\/radiotouring104\/2024\/04\/03\/reggio-il-racconto-di-tiziana-iaria-sul-sospetto-rapimento-lampo\/\" \/>\n<meta property=\"og:site_name\" content=\"Radio Touring 104\" \/>\n<meta property=\"article:published_time\" content=\"2024-04-03T09:18:44+00:00\" \/>\n<meta property=\"article:modified_time\" content=\"2024-04-04T10:21:38+00:00\" \/>\n<meta property=\"og:image\" content=\"https:\/\/progettotouring.it\/radiotouring104\/wp-content\/uploads\/sites\/6\/2022\/11\/Volante-Questura.jpg\" \/>\n\t<meta property=\"og:image:width\" content=\"2242\" \/>\n\t<meta property=\"og:image:height\" content=\"1808\" \/>\n\t<meta property=\"og:image:type\" content=\"image\/jpeg\" \/>\n<meta name=\"author\" content=\"Sebastiano Plutino\" \/>\n<meta name=\"twitter:card\" content=\"summary_large_image\" \/>\n<meta name=\"twitter:label1\" content=\"Scritto da\" \/>\n\t<meta name=\"twitter:data1\" content=\"Sebastiano Plutino\" \/>\n\t<meta name=\"twitter:label2\" content=\"Tempo di lettura stimato\" \/>\n\t<meta name=\"twitter:data2\" content=\"2 minuti\" \/>\n<script type=\"application\/ld+json\" class=\"yoast-schema-graph\">{\"@context\":\"https:\/\/schema.org\",\"@graph\":[{\"@type\":\"Article\",\"@id\":\"https:\/\/progettotouring.it\/radiotouring104\/2024\/04\/03\/reggio-il-racconto-di-tiziana-iaria-sul-sospetto-rapimento-lampo\/#article\",\"isPartOf\":{\"@id\":\"https:\/\/progettotouring.it\/radiotouring104\/2024\/04\/03\/reggio-il-racconto-di-tiziana-iaria-sul-sospetto-rapimento-lampo\/\"},\"author\":{\"name\":\"Sebastiano Plutino\",\"@id\":\"https:\/\/progettotouring.it\/radiotouring104\/#\/schema\/person\/78613917f1851f041f7483f5af1d422e\"},\"headline\":\"Reggio: il racconto di Tiziana Iaria sul sospetto rapimento lampo\",\"datePublished\":\"2024-04-03T09:18:44+00:00\",\"dateModified\":\"2024-04-04T10:21:38+00:00\",\"mainEntityOfPage\":{\"@id\":\"https:\/\/progettotouring.it\/radiotouring104\/2024\/04\/03\/reggio-il-racconto-di-tiziana-iaria-sul-sospetto-rapimento-lampo\/\"},\"wordCount\":463,\"publisher\":{\"@id\":\"https:\/\/progettotouring.it\/radiotouring104\/#organization\"},\"image\":{\"@id\":\"https:\/\/progettotouring.it\/radiotouring104\/2024\/04\/03\/reggio-il-racconto-di-tiziana-iaria-sul-sospetto-rapimento-lampo\/#primaryimage\"},\"thumbnailUrl\":\"https:\/\/progettotouring.it\/radiotouring104\/wp-content\/uploads\/sites\/6\/2022\/11\/Volante-Questura.jpg\",\"keywords\":[\"avvocata Albano\",\"Centro Antiviolenza Margherita\",\"psicologa\",\"Squadra mobile di Reggio Calabria\",\"Tiziana Iaria\",\"versione vittima su rapimento\"],\"articleSection\":[\"Home\",\"News\",\"Reggio Calabria\"],\"inLanguage\":\"it-IT\"},{\"@type\":\"WebPage\",\"@id\":\"https:\/\/progettotouring.it\/radiotouring104\/2024\/04\/03\/reggio-il-racconto-di-tiziana-iaria-sul-sospetto-rapimento-lampo\/\",\"url\":\"https:\/\/progettotouring.it\/radiotouring104\/2024\/04\/03\/reggio-il-racconto-di-tiziana-iaria-sul-sospetto-rapimento-lampo\/\",\"name\":\"Reggio: il racconto di Tiziana Iaria sul sospetto rapimento lampo\",\"isPartOf\":{\"@id\":\"https:\/\/progettotouring.it\/radiotouring104\/#website\"},\"primaryImageOfPage\":{\"@id\":\"https:\/\/progettotouring.it\/radiotouring104\/2024\/04\/03\/reggio-il-racconto-di-tiziana-iaria-sul-sospetto-rapimento-lampo\/#primaryimage\"},\"image\":{\"@id\":\"https:\/\/progettotouring.it\/radiotouring104\/2024\/04\/03\/reggio-il-racconto-di-tiziana-iaria-sul-sospetto-rapimento-lampo\/#primaryimage\"},\"thumbnailUrl\":\"https:\/\/progettotouring.it\/radiotouring104\/wp-content\/uploads\/sites\/6\/2022\/11\/Volante-Questura.jpg\",\"datePublished\":\"2024-04-03T09:18:44+00:00\",\"dateModified\":\"2024-04-04T10:21:38+00:00\",\"description\":\"La responsabile del Centro antiviolenza \\\"Margherita\\\", Iaria ha raccontato i dettagli del suo rapimento, sul quale sta indagando la Mobile\",\"breadcrumb\":{\"@id\":\"https:\/\/progettotouring.it\/radiotouring104\/2024\/04\/03\/reggio-il-racconto-di-tiziana-iaria-sul-sospetto-rapimento-lampo\/#breadcrumb\"},\"inLanguage\":\"it-IT\",\"potentialAction\":[{\"@type\":\"ReadAction\",\"target\":[\"https:\/\/progettotouring.it\/radiotouring104\/2024\/04\/03\/reggio-il-racconto-di-tiziana-iaria-sul-sospetto-rapimento-lampo\/\"]}]},{\"@type\":\"ImageObject\",\"inLanguage\":\"it-IT\",\"@id\":\"https:\/\/progettotouring.it\/radiotouring104\/2024\/04\/03\/reggio-il-racconto-di-tiziana-iaria-sul-sospetto-rapimento-lampo\/#primaryimage\",\"url\":\"https:\/\/progettotouring.it\/radiotouring104\/wp-content\/uploads\/sites\/6\/2022\/11\/Volante-Questura.jpg\",\"contentUrl\":\"https:\/\/progettotouring.it\/radiotouring104\/wp-content\/uploads\/sites\/6\/2022\/11\/Volante-Questura.jpg\",\"width\":2242,\"height\":1808},{\"@type\":\"BreadcrumbList\",\"@id\":\"https:\/\/progettotouring.it\/radiotouring104\/2024\/04\/03\/reggio-il-racconto-di-tiziana-iaria-sul-sospetto-rapimento-lampo\/#breadcrumb\",\"itemListElement\":[{\"@type\":\"ListItem\",\"position\":1,\"name\":\"Home\",\"item\":\"https:\/\/progettotouring.it\/radiotouring104\/\"},{\"@type\":\"ListItem\",\"position\":2,\"name\":\"Reggio: il racconto di Tiziana Iaria sul sospetto rapimento lampo\"}]},{\"@type\":\"WebSite\",\"@id\":\"https:\/\/progettotouring.it\/radiotouring104\/#website\",\"url\":\"https:\/\/progettotouring.it\/radiotouring104\/\",\"name\":\"Radio Touring 104\",\"description\":\"La prima radio Reggina\",\"publisher\":{\"@id\":\"https:\/\/progettotouring.it\/radiotouring104\/#organization\"},\"potentialAction\":[{\"@type\":\"SearchAction\",\"target\":{\"@type\":\"EntryPoint\",\"urlTemplate\":\"https:\/\/progettotouring.it\/radiotouring104\/?s={search_term_string}\"},\"query-input\":{\"@type\":\"PropertyValueSpecification\",\"valueRequired\":true,\"valueName\":\"search_term_string\"}}],\"inLanguage\":\"it-IT\"},{\"@type\":\"Organization\",\"@id\":\"https:\/\/progettotouring.it\/radiotouring104\/#organization\",\"name\":\"Radio Touring 104\",\"url\":\"https:\/\/progettotouring.it\/radiotouring104\/\",\"logo\":{\"@type\":\"ImageObject\",\"inLanguage\":\"it-IT\",\"@id\":\"https:\/\/progettotouring.it\/radiotouring104\/#\/schema\/logo\/image\/\",\"url\":\"https:\/\/progettotouring.it\/radiotouring104\/wp-content\/uploads\/sites\/6\/2022\/02\/cropped-logo-radio-touring-104.png\",\"contentUrl\":\"https:\/\/progettotouring.it\/radiotouring104\/wp-content\/uploads\/sites\/6\/2022\/02\/cropped-logo-radio-touring-104.png\",\"width\":377,\"height\":182,\"caption\":\"Radio Touring 104\"},\"image\":{\"@id\":\"https:\/\/progettotouring.it\/radiotouring104\/#\/schema\/logo\/image\/\"}},{\"@type\":\"Person\",\"@id\":\"https:\/\/progettotouring.it\/radiotouring104\/#\/schema\/person\/78613917f1851f041f7483f5af1d422e\",\"name\":\"Sebastiano Plutino\",\"image\":{\"@type\":\"ImageObject\",\"inLanguage\":\"it-IT\",\"@id\":\"https:\/\/secure.gravatar.com\/avatar\/0546ffaa9b79224faf9f2a156b67a529ae861d3287c66c1d8ccfdf909bcba78d?s=96&d=mm&r=g\",\"url\":\"https:\/\/secure.gravatar.com\/avatar\/0546ffaa9b79224faf9f2a156b67a529ae861d3287c66c1d8ccfdf909bcba78d?s=96&d=mm&r=g\",\"contentUrl\":\"https:\/\/secure.gravatar.com\/avatar\/0546ffaa9b79224faf9f2a156b67a529ae861d3287c66c1d8ccfdf909bcba78d?s=96&d=mm&r=g\",\"caption\":\"Sebastiano Plutino\"},\"url\":\"https:\/\/progettotouring.it\/radiotouring104\/author\/sebastiano\/\"}]}<\/script>\n<!-- \/ Yoast SEO plugin. -->","yoast_head_json":{"title":"Reggio: il racconto di Tiziana Iaria sul sospetto rapimento lampo","description":"La responsabile del Centro antiviolenza \"Margherita\", Iaria ha raccontato i dettagli del suo rapimento, sul quale sta indagando la Mobile","robots":{"index":"index","follow":"follow","max-snippet":"max-snippet:-1","max-image-preview":"max-image-preview:large","max-video-preview":"max-video-preview:-1"},"canonical":"https:\/\/progettotouring.it\/radiotouring104\/2024\/04\/03\/reggio-il-racconto-di-tiziana-iaria-sul-sospetto-rapimento-lampo\/","og_locale":"it_IT","og_type":"article","og_title":"Reggio: il racconto di Tiziana Iaria sul sospetto rapimento lampo","og_description":"La responsabile del Centro antiviolenza \"Margherita\", Iaria ha raccontato i dettagli del suo rapimento, sul quale sta indagando la Mobile","og_url":"https:\/\/progettotouring.it\/radiotouring104\/2024\/04\/03\/reggio-il-racconto-di-tiziana-iaria-sul-sospetto-rapimento-lampo\/","og_site_name":"Radio Touring 104","article_published_time":"2024-04-03T09:18:44+00:00","article_modified_time":"2024-04-04T10:21:38+00:00","og_image":[{"width":2242,"height":1808,"url":"https:\/\/progettotouring.it\/radiotouring104\/wp-content\/uploads\/sites\/6\/2022\/11\/Volante-Questura.jpg","type":"image\/jpeg"}],"author":"Sebastiano Plutino","twitter_card":"summary_large_image","twitter_misc":{"Scritto da":"Sebastiano Plutino","Tempo di lettura stimato":"2 minuti"},"schema":{"@context":"https:\/\/schema.org","@graph":[{"@type":"Article","@id":"https:\/\/progettotouring.it\/radiotouring104\/2024\/04\/03\/reggio-il-racconto-di-tiziana-iaria-sul-sospetto-rapimento-lampo\/#article","isPartOf":{"@id":"https:\/\/progettotouring.it\/radiotouring104\/2024\/04\/03\/reggio-il-racconto-di-tiziana-iaria-sul-sospetto-rapimento-lampo\/"},"author":{"name":"Sebastiano Plutino","@id":"https:\/\/progettotouring.it\/radiotouring104\/#\/schema\/person\/78613917f1851f041f7483f5af1d422e"},"headline":"Reggio: il racconto di Tiziana Iaria sul sospetto rapimento lampo","datePublished":"2024-04-03T09:18:44+00:00","dateModified":"2024-04-04T10:21:38+00:00","mainEntityOfPage":{"@id":"https:\/\/progettotouring.it\/radiotouring104\/2024\/04\/03\/reggio-il-racconto-di-tiziana-iaria-sul-sospetto-rapimento-lampo\/"},"wordCount":463,"publisher":{"@id":"https:\/\/progettotouring.it\/radiotouring104\/#organization"},"image":{"@id":"https:\/\/progettotouring.it\/radiotouring104\/2024\/04\/03\/reggio-il-racconto-di-tiziana-iaria-sul-sospetto-rapimento-lampo\/#primaryimage"},"thumbnailUrl":"https:\/\/progettotouring.it\/radiotouring104\/wp-content\/uploads\/sites\/6\/2022\/11\/Volante-Questura.jpg","keywords":["avvocata Albano","Centro Antiviolenza Margherita","psicologa","Squadra mobile di Reggio Calabria","Tiziana Iaria","versione vittima su rapimento"],"articleSection":["Home","News","Reggio Calabria"],"inLanguage":"it-IT"},{"@type":"WebPage","@id":"https:\/\/progettotouring.it\/radiotouring104\/2024\/04\/03\/reggio-il-racconto-di-tiziana-iaria-sul-sospetto-rapimento-lampo\/","url":"https:\/\/progettotouring.it\/radiotouring104\/2024\/04\/03\/reggio-il-racconto-di-tiziana-iaria-sul-sospetto-rapimento-lampo\/","name":"Reggio: il racconto di Tiziana Iaria sul sospetto rapimento lampo","isPartOf":{"@id":"https:\/\/progettotouring.it\/radiotouring104\/#website"},"primaryImageOfPage":{"@id":"https:\/\/progettotouring.it\/radiotouring104\/2024\/04\/03\/reggio-il-racconto-di-tiziana-iaria-sul-sospetto-rapimento-lampo\/#primaryimage"},"image":{"@id":"https:\/\/progettotouring.it\/radiotouring104\/2024\/04\/03\/reggio-il-racconto-di-tiziana-iaria-sul-sospetto-rapimento-lampo\/#primaryimage"},"thumbnailUrl":"https:\/\/progettotouring.it\/radiotouring104\/wp-content\/uploads\/sites\/6\/2022\/11\/Volante-Questura.jpg","datePublished":"2024-04-03T09:18:44+00:00","dateModified":"2024-04-04T10:21:38+00:00","description":"La responsabile del Centro antiviolenza \"Margherita\", Iaria ha raccontato i dettagli del suo rapimento, sul quale sta indagando la Mobile","breadcrumb":{"@id":"https:\/\/progettotouring.it\/radiotouring104\/2024\/04\/03\/reggio-il-racconto-di-tiziana-iaria-sul-sospetto-rapimento-lampo\/#breadcrumb"},"inLanguage":"it-IT","potentialAction":[{"@type":"ReadAction","target":["https:\/\/progettotouring.it\/radiotouring104\/2024\/04\/03\/reggio-il-racconto-di-tiziana-iaria-sul-sospetto-rapimento-lampo\/"]}]},{"@type":"ImageObject","inLanguage":"it-IT","@id":"https:\/\/progettotouring.it\/radiotouring104\/2024\/04\/03\/reggio-il-racconto-di-tiziana-iaria-sul-sospetto-rapimento-lampo\/#primaryimage","url":"https:\/\/progettotouring.it\/radiotouring104\/wp-content\/uploads\/sites\/6\/2022\/11\/Volante-Questura.jpg","contentUrl":"https:\/\/progettotouring.it\/radiotouring104\/wp-content\/uploads\/sites\/6\/2022\/11\/Volante-Questura.jpg","width":2242,"height":1808},{"@type":"BreadcrumbList","@id":"https:\/\/progettotouring.it\/radiotouring104\/2024\/04\/03\/reggio-il-racconto-di-tiziana-iaria-sul-sospetto-rapimento-lampo\/#breadcrumb","itemListElement":[{"@type":"ListItem","position":1,"name":"Home","item":"https:\/\/progettotouring.it\/radiotouring104\/"},{"@type":"ListItem","position":2,"name":"Reggio: il racconto di Tiziana Iaria sul sospetto rapimento lampo"}]},{"@type":"WebSite","@id":"https:\/\/progettotouring.it\/radiotouring104\/#website","url":"https:\/\/progettotouring.it\/radiotouring104\/","name":"Radio Touring 104","description":"La prima radio Reggina","publisher":{"@id":"https:\/\/progettotouring.it\/radiotouring104\/#organization"},"potentialAction":[{"@type":"SearchAction","target":{"@type":"EntryPoint","urlTemplate":"https:\/\/progettotouring.it\/radiotouring104\/?s={search_term_string}"},"query-input":{"@type":"PropertyValueSpecification","valueRequired":true,"valueName":"search_term_string"}}],"inLanguage":"it-IT"},{"@type":"Organization","@id":"https:\/\/progettotouring.it\/radiotouring104\/#organization","name":"Radio Touring 104","url":"https:\/\/progettotouring.it\/radiotouring104\/","logo":{"@type":"ImageObject","inLanguage":"it-IT","@id":"https:\/\/progettotouring.it\/radiotouring104\/#\/schema\/logo\/image\/","url":"https:\/\/progettotouring.it\/radiotouring104\/wp-content\/uploads\/sites\/6\/2022\/02\/cropped-logo-radio-touring-104.png","contentUrl":"https:\/\/progettotouring.it\/radiotouring104\/wp-content\/uploads\/sites\/6\/2022\/02\/cropped-logo-radio-touring-104.png","width":377,"height":182,"caption":"Radio Touring 104"},"image":{"@id":"https:\/\/progettotouring.it\/radiotouring104\/#\/schema\/logo\/image\/"}},{"@type":"Person","@id":"https:\/\/progettotouring.it\/radiotouring104\/#\/schema\/person\/78613917f1851f041f7483f5af1d422e","name":"Sebastiano Plutino","image":{"@type":"ImageObject","inLanguage":"it-IT","@id":"https:\/\/secure.gravatar.com\/avatar\/0546ffaa9b79224faf9f2a156b67a529ae861d3287c66c1d8ccfdf909bcba78d?s=96&d=mm&r=g","url":"https:\/\/secure.gravatar.com\/avatar\/0546ffaa9b79224faf9f2a156b67a529ae861d3287c66c1d8ccfdf909bcba78d?s=96&d=mm&r=g","contentUrl":"https:\/\/secure.gravatar.com\/avatar\/0546ffaa9b79224faf9f2a156b67a529ae861d3287c66c1d8ccfdf909bcba78d?s=96&d=mm&r=g","caption":"Sebastiano Plutino"},"url":"https:\/\/progettotouring.it\/radiotouring104\/author\/sebastiano\/"}]}},"jetpack_publicize_connections":[],"jetpack_featured_media_url":"https:\/\/progettotouring.it\/radiotouring104\/wp-content\/uploads\/sites\/6\/2022\/11\/Volante-Questura.jpg","jetpack_sharing_enabled":true,"_links":{"self":[{"href":"https:\/\/progettotouring.it\/radiotouring104\/wp-json\/wp\/v2\/posts\/48448","targetHints":{"allow":["GET"]}}],"collection":[{"href":"https:\/\/progettotouring.it\/radiotouring104\/wp-json\/wp\/v2\/posts"}],"about":[{"href":"https:\/\/progettotouring.it\/radiotouring104\/wp-json\/wp\/v2\/types\/post"}],"author":[{"embeddable":true,"href":"https:\/\/progettotouring.it\/radiotouring104\/wp-json\/wp\/v2\/users\/12"}],"replies":[{"embeddable":true,"href":"https:\/\/progettotouring.it\/radiotouring104\/wp-json\/wp\/v2\/comments?post=48448"}],"version-history":[{"count":4,"href":"https:\/\/progettotouring.it\/radiotouring104\/wp-json\/wp\/v2\/posts\/48448\/revisions"}],"predecessor-version":[{"id":48545,"href":"https:\/\/progettotouring.it\/radiotouring104\/wp-json\/wp\/v2\/posts\/48448\/revisions\/48545"}],"wp:featuredmedia":[{"embeddable":true,"href":"https:\/\/progettotouring.it\/radiotouring104\/wp-json\/wp\/v2\/media\/12075"}],"wp:attachment":[{"href":"https:\/\/progettotouring.it\/radiotouring104\/wp-json\/wp\/v2\/media?parent=48448"}],"wp:term":[{"taxonomy":"category","embeddable":true,"href":"https:\/\/progettotouring.it\/radiotouring104\/wp-json\/wp\/v2\/categories?post=48448"},{"taxonomy":"post_tag","embeddable":true,"href":"https:\/\/progettotouring.it\/radiotouring104\/wp-json\/wp\/v2\/tags?post=48448"}],"curies":[{"name":"wp","href":"https:\/\/api.w.org\/{rel}","templated":true}]}}