{"id":4859,"date":"2022-05-06T17:32:05","date_gmt":"2022-05-06T15:32:05","guid":{"rendered":"https:\/\/progettotouring.it\/radiotouring104\/?p=4859"},"modified":"2022-05-06T17:38:18","modified_gmt":"2022-05-06T15:38:18","slug":"mathieu-van-der-poel-conquista-la-prima-tappa-del-giro-ditalia","status":"publish","type":"post","link":"https:\/\/progettotouring.it\/radiotouring104\/2022\/05\/06\/mathieu-van-der-poel-conquista-la-prima-tappa-del-giro-ditalia\/","title":{"rendered":"Mathieu Van Der Poel conquista la prima tappa del Giro d&#8217;Italia"},"content":{"rendered":"<p style=\"text-align: justify\">La prima tappa del <strong>Giro d&#8217;Italia<\/strong> \u00e8 stata vinta da <strong>Mathieu Van Der Poel<\/strong> <strong>dell&#8217;Alpecin<\/strong>&#8211;<strong>Fenix <\/strong>dopo una vera e propria lotta con <strong>Biniam Girmay <\/strong>dell&#8217;Intermarch\u00e9-Wanty-Gobert Mat\u00e9riaux. Ottimo terzo posto per Pello Bilbao della Bahrain Victorius. Caduta per Ewan nei metri finali perdendo lo sprint finale.<br \/>\nLa frazione \u00e8 stata caratterizzata da una fuga composta da <strong>Rein<\/strong> <strong>Taaramae<\/strong> dell&#8217;Intermarch\u00e9-Wanty-Gobert, <strong>Senne<\/strong> <strong>Leysen<\/strong> dell&#8217;Alpecin-Fenix e <strong>Julius<\/strong> <strong>Van<\/strong> <strong>den<\/strong> <strong>Berg<\/strong> dell&#8217;EF Education-EasyPost. Ma la fuga \u00e8 stata subito fermata e il controscatto \u00e8 stato formato da <strong>Filippo Tagliani <\/strong>e\u00a0<strong>Mattia Bais <\/strong>della Drone Hopper-Androni Giocattoli. Il duo della squadra Professional ha dato ottima prova lungo le strade ungheresi senza nessuna problematica e senza nessun affanno. Ottima quindi la qualit\u00e0 espressa dal duo italico che probabilmente sar\u00e0 protagonista anche nelle prossime frazioni.<br \/>\nParla azzurro lo sprint intermedio di Sz\u00e9kesfeh\u00e9rv\u00e1r: <strong>Filippo Tagliani <\/strong>della Drone Hopper-Androni Giocattoli ha tagliato per primo il traguardo davanti al compagno <strong>Mattia Bais <\/strong>e a <strong>Giacomo<\/strong> <strong>Nizzolo<\/strong> della Israel-PremierTech. Ai meno 6 chilometri il gruppo \u00e8 stato frazionato a causa di una caduta e il treno della <strong>Lotto<\/strong> <strong>Soudal<\/strong> \u00e8 stato leggermente rallentato. A cadere sono stati <strong>Jan<\/strong> <strong>Tratnik<\/strong> della Bahrain-Victorious, <strong>Harm Vanhoucke<\/strong> della Lotto Soudal ed <strong>Erik<\/strong> <strong>Fetter<\/strong> dell&#8217;Eolo-Kometa. Ai -3 chilometri, una scivolata di gruppo ha coinvolto <strong>Davide<\/strong> <strong>Ballerini<\/strong> della <strong>Quick<\/strong>&#8211;<strong>Step<\/strong> <strong>Alpha<\/strong> <strong>Vinyl<\/strong>: senza l&#8217;incidente, il corridore avrebbe potuto conquistare la prima maglia rosa dato che aveva la gamba per vincere la tappa odierna del <strong>Giro<\/strong> <strong>d&#8217;Italia<\/strong>.<\/p>\n<p><strong>Ordine d&#8217;arrivo prima tappa\u00a0<\/strong><\/p>\n<p>1. Mathieu Van der Poel (Alpecin-Fenix) 4h35\u201928\u201d<br \/>\n2. Biniam Girmay (Intermarch\u00e9-Wanty-Gobert) s.t.<br \/>\n3. Pello Bilbao (Bahrain-Victorious) s.t.<br \/>\n4. Magnus Cort Nielsen (EF Education-EasyPost) s.t.<br \/>\n5. Wilco Kelderman (Bora-hansgrohe) s.t.<br \/>\n6. Richard Carapaz (Ineos Grenadiers) s.t.<br \/>\n7. Bauke Mollema (Trek-Segafredo) s.t.<br \/>\n8. Diego Ulissi (UAE Team Emirates) s.t.<br \/>\n9. Andrea Vendrame (AG2R Citro\u00ebn) +04\u2033<br \/>\n10. Mattias Skjelmose Jensen (Trek-Segafredo) s.t.<\/p>\n","protected":false},"excerpt":{"rendered":"<p>La prima tappa del Giro d&#8217;Italia \u00e8 stata vinta da Mathieu Van Der Poel dell&#8217;Alpecin&#8211;Fenix dopo una vera e propria lotta con Biniam Girmay dell&#8217;Intermarch\u00e9-Wanty-Gobert Mat\u00e9riaux. Ottimo terzo posto per&hellip;<\/p>\n","protected":false},"author":8,"featured_media":4865,"comment_status":"open","ping_status":"open","sticky":false,"template":"","format":"standard","meta":{"_jetpack_memberships_contains_paid_content":false,"footnotes":"","jetpack_publicize_message":"","jetpack_publicize_feature_enabled":true,"jetpack_social_post_already_shared":false,"jetpack_social_options":{"image_generator_settings":{"template":"highway","default_image_id":0,"font":"","enabled":false},"version":2}},"categories":[152,196,144],"tags":[1325,1295,1329,1326,459,1330,1328,1331,1327,1324],"class_list":["post-4859","post","type-post","status-publish","format-standard","has-post-thumbnail","hentry","category-italia","category-news","category-sport","tag-alpecin-fenix","tag-budapest","tag-drone-hopper-androni-giocattoli","tag-giacomo-nizzolo","tag-giro-ditalia","tag-lotto-soudal","tag-maglia-rosa","tag-quick-step-alpha-vinyl","tag-szekesfehervar","tag-visegard"],"yoast_head":"<!-- This site is optimized with the Yoast SEO plugin v27.2 - https:\/\/yoast.com\/product\/yoast-seo-wordpress\/ -->\n<title>La prima tappa del Giro d&#039;Italia \u00e8 stata vinta da Mathieu Van Der Poel<\/title>\n<meta name=\"description\" content=\"La prima tappa del Giro d&#039;Italia \u00e8 stata conquistata da Mathieu Van Der Poel che ha battuto Biniam Girmay e Pello Bilbao\" \/>\n<meta name=\"robots\" content=\"index, follow, max-snippet:-1, max-image-preview:large, max-video-preview:-1\" \/>\n<link rel=\"canonical\" href=\"https:\/\/progettotouring.it\/radiotouring104\/2022\/05\/06\/mathieu-van-der-poel-conquista-la-prima-tappa-del-giro-ditalia\/\" \/>\n<meta property=\"og:locale\" content=\"it_IT\" \/>\n<meta property=\"og:type\" content=\"article\" \/>\n<meta property=\"og:title\" content=\"La prima tappa del Giro d&#039;Italia \u00e8 stata vinta da Mathieu Van Der Poel\" \/>\n<meta property=\"og:description\" content=\"La prima tappa del Giro d&#039;Italia \u00e8 stata conquistata da Mathieu Van Der Poel che ha battuto Biniam Girmay e Pello Bilbao\" \/>\n<meta property=\"og:url\" content=\"https:\/\/progettotouring.it\/radiotouring104\/2022\/05\/06\/mathieu-van-der-poel-conquista-la-prima-tappa-del-giro-ditalia\/\" \/>\n<meta property=\"og:site_name\" content=\"Radio Touring 104\" \/>\n<meta property=\"article:published_time\" content=\"2022-05-06T15:32:05+00:00\" \/>\n<meta property=\"article:modified_time\" content=\"2022-05-06T15:38:18+00:00\" \/>\n<meta property=\"og:image\" content=\"https:\/\/progettotouring.it\/radiotouring104\/wp-content\/uploads\/sites\/6\/2022\/05\/giro-ditalia.png\" \/>\n\t<meta property=\"og:image:width\" content=\"680\" \/>\n\t<meta property=\"og:image:height\" content=\"383\" \/>\n\t<meta property=\"og:image:type\" content=\"image\/png\" \/>\n<meta name=\"author\" content=\"Filippo Francesco Idone\" \/>\n<meta name=\"twitter:card\" content=\"summary_large_image\" \/>\n<meta name=\"twitter:label1\" content=\"Scritto da\" \/>\n\t<meta name=\"twitter:data1\" content=\"Filippo Francesco Idone\" \/>\n\t<meta name=\"twitter:label2\" content=\"Tempo di lettura stimato\" \/>\n\t<meta name=\"twitter:data2\" content=\"2 minuti\" \/>\n<script type=\"application\/ld+json\" class=\"yoast-schema-graph\">{\"@context\":\"https:\/\/schema.org\",\"@graph\":[{\"@type\":\"Article\",\"@id\":\"https:\/\/progettotouring.it\/radiotouring104\/2022\/05\/06\/mathieu-van-der-poel-conquista-la-prima-tappa-del-giro-ditalia\/#article\",\"isPartOf\":{\"@id\":\"https:\/\/progettotouring.it\/radiotouring104\/2022\/05\/06\/mathieu-van-der-poel-conquista-la-prima-tappa-del-giro-ditalia\/\"},\"author\":{\"name\":\"Filippo Francesco Idone\",\"@id\":\"https:\/\/progettotouring.it\/radiotouring104\/#\/schema\/person\/4a82259ca52ac8702ad1a8f9e5a3120b\"},\"headline\":\"Mathieu Van Der Poel conquista la prima tappa del Giro d&#8217;Italia\",\"datePublished\":\"2022-05-06T15:32:05+00:00\",\"dateModified\":\"2022-05-06T15:38:18+00:00\",\"mainEntityOfPage\":{\"@id\":\"https:\/\/progettotouring.it\/radiotouring104\/2022\/05\/06\/mathieu-van-der-poel-conquista-la-prima-tappa-del-giro-ditalia\/\"},\"wordCount\":310,\"commentCount\":0,\"publisher\":{\"@id\":\"https:\/\/progettotouring.it\/radiotouring104\/#organization\"},\"image\":{\"@id\":\"https:\/\/progettotouring.it\/radiotouring104\/2022\/05\/06\/mathieu-van-der-poel-conquista-la-prima-tappa-del-giro-ditalia\/#primaryimage\"},\"thumbnailUrl\":\"https:\/\/progettotouring.it\/radiotouring104\/wp-content\/uploads\/sites\/6\/2022\/05\/giro-ditalia.png\",\"keywords\":[\"Alpecin-Fenix\",\"budapest\",\"Drone Hopper-Androni Giocattoli\",\"Giacomo Nizzolo\",\"Giro d'italia\",\"Lotto Soudal\",\"maglia rosa\",\"Quick-Step Alpha Vinyl\",\"Sz\u00e9kesfeh\u00e9rv\u00e1r\",\"Visegard\"],\"articleSection\":[\"Italia\",\"News\",\"Sport\"],\"inLanguage\":\"it-IT\",\"potentialAction\":[{\"@type\":\"CommentAction\",\"name\":\"Comment\",\"target\":[\"https:\/\/progettotouring.it\/radiotouring104\/2022\/05\/06\/mathieu-van-der-poel-conquista-la-prima-tappa-del-giro-ditalia\/#respond\"]}]},{\"@type\":\"WebPage\",\"@id\":\"https:\/\/progettotouring.it\/radiotouring104\/2022\/05\/06\/mathieu-van-der-poel-conquista-la-prima-tappa-del-giro-ditalia\/\",\"url\":\"https:\/\/progettotouring.it\/radiotouring104\/2022\/05\/06\/mathieu-van-der-poel-conquista-la-prima-tappa-del-giro-ditalia\/\",\"name\":\"La prima tappa del Giro d'Italia \u00e8 stata vinta da Mathieu Van Der Poel\",\"isPartOf\":{\"@id\":\"https:\/\/progettotouring.it\/radiotouring104\/#website\"},\"primaryImageOfPage\":{\"@id\":\"https:\/\/progettotouring.it\/radiotouring104\/2022\/05\/06\/mathieu-van-der-poel-conquista-la-prima-tappa-del-giro-ditalia\/#primaryimage\"},\"image\":{\"@id\":\"https:\/\/progettotouring.it\/radiotouring104\/2022\/05\/06\/mathieu-van-der-poel-conquista-la-prima-tappa-del-giro-ditalia\/#primaryimage\"},\"thumbnailUrl\":\"https:\/\/progettotouring.it\/radiotouring104\/wp-content\/uploads\/sites\/6\/2022\/05\/giro-ditalia.png\",\"datePublished\":\"2022-05-06T15:32:05+00:00\",\"dateModified\":\"2022-05-06T15:38:18+00:00\",\"description\":\"La prima tappa del Giro d'Italia \u00e8 stata conquistata da Mathieu Van Der Poel che ha battuto Biniam Girmay e Pello Bilbao\",\"breadcrumb\":{\"@id\":\"https:\/\/progettotouring.it\/radiotouring104\/2022\/05\/06\/mathieu-van-der-poel-conquista-la-prima-tappa-del-giro-ditalia\/#breadcrumb\"},\"inLanguage\":\"it-IT\",\"potentialAction\":[{\"@type\":\"ReadAction\",\"target\":[\"https:\/\/progettotouring.it\/radiotouring104\/2022\/05\/06\/mathieu-van-der-poel-conquista-la-prima-tappa-del-giro-ditalia\/\"]}]},{\"@type\":\"ImageObject\",\"inLanguage\":\"it-IT\",\"@id\":\"https:\/\/progettotouring.it\/radiotouring104\/2022\/05\/06\/mathieu-van-der-poel-conquista-la-prima-tappa-del-giro-ditalia\/#primaryimage\",\"url\":\"https:\/\/progettotouring.it\/radiotouring104\/wp-content\/uploads\/sites\/6\/2022\/05\/giro-ditalia.png\",\"contentUrl\":\"https:\/\/progettotouring.it\/radiotouring104\/wp-content\/uploads\/sites\/6\/2022\/05\/giro-ditalia.png\",\"width\":680,\"height\":383,\"caption\":\"Foto Twitter Eurosport\"},{\"@type\":\"BreadcrumbList\",\"@id\":\"https:\/\/progettotouring.it\/radiotouring104\/2022\/05\/06\/mathieu-van-der-poel-conquista-la-prima-tappa-del-giro-ditalia\/#breadcrumb\",\"itemListElement\":[{\"@type\":\"ListItem\",\"position\":1,\"name\":\"Home\",\"item\":\"https:\/\/progettotouring.it\/radiotouring104\/\"},{\"@type\":\"ListItem\",\"position\":2,\"name\":\"Mathieu Van Der Poel conquista la prima tappa del Giro d&#8217;Italia\"}]},{\"@type\":\"WebSite\",\"@id\":\"https:\/\/progettotouring.it\/radiotouring104\/#website\",\"url\":\"https:\/\/progettotouring.it\/radiotouring104\/\",\"name\":\"Radio Touring 104\",\"description\":\"La prima radio Reggina\",\"publisher\":{\"@id\":\"https:\/\/progettotouring.it\/radiotouring104\/#organization\"},\"potentialAction\":[{\"@type\":\"SearchAction\",\"target\":{\"@type\":\"EntryPoint\",\"urlTemplate\":\"https:\/\/progettotouring.it\/radiotouring104\/?s={search_term_string}\"},\"query-input\":{\"@type\":\"PropertyValueSpecification\",\"valueRequired\":true,\"valueName\":\"search_term_string\"}}],\"inLanguage\":\"it-IT\"},{\"@type\":\"Organization\",\"@id\":\"https:\/\/progettotouring.it\/radiotouring104\/#organization\",\"name\":\"Radio Touring 104\",\"url\":\"https:\/\/progettotouring.it\/radiotouring104\/\",\"logo\":{\"@type\":\"ImageObject\",\"inLanguage\":\"it-IT\",\"@id\":\"https:\/\/progettotouring.it\/radiotouring104\/#\/schema\/logo\/image\/\",\"url\":\"https:\/\/progettotouring.it\/radiotouring104\/wp-content\/uploads\/sites\/6\/2022\/02\/cropped-logo-radio-touring-104.png\",\"contentUrl\":\"https:\/\/progettotouring.it\/radiotouring104\/wp-content\/uploads\/sites\/6\/2022\/02\/cropped-logo-radio-touring-104.png\",\"width\":377,\"height\":182,\"caption\":\"Radio Touring 104\"},\"image\":{\"@id\":\"https:\/\/progettotouring.it\/radiotouring104\/#\/schema\/logo\/image\/\"}},{\"@type\":\"Person\",\"@id\":\"https:\/\/progettotouring.it\/radiotouring104\/#\/schema\/person\/4a82259ca52ac8702ad1a8f9e5a3120b\",\"name\":\"Filippo Francesco Idone\",\"image\":{\"@type\":\"ImageObject\",\"inLanguage\":\"it-IT\",\"@id\":\"https:\/\/secure.gravatar.com\/avatar\/7268715d2366395c3dd314385670e6484117d44f5c442e61e230f7008b7b62d3?s=96&d=mm&r=g\",\"url\":\"https:\/\/secure.gravatar.com\/avatar\/7268715d2366395c3dd314385670e6484117d44f5c442e61e230f7008b7b62d3?s=96&d=mm&r=g\",\"contentUrl\":\"https:\/\/secure.gravatar.com\/avatar\/7268715d2366395c3dd314385670e6484117d44f5c442e61e230f7008b7b62d3?s=96&d=mm&r=g\",\"caption\":\"Filippo Francesco Idone\"},\"url\":\"https:\/\/progettotouring.it\/radiotouring104\/author\/filippoidone\/\"}]}<\/script>\n<!-- \/ Yoast SEO plugin. -->","yoast_head_json":{"title":"La prima tappa del Giro d'Italia \u00e8 stata vinta da Mathieu Van Der Poel","description":"La prima tappa del Giro d'Italia \u00e8 stata conquistata da Mathieu Van Der Poel che ha battuto Biniam Girmay e Pello Bilbao","robots":{"index":"index","follow":"follow","max-snippet":"max-snippet:-1","max-image-preview":"max-image-preview:large","max-video-preview":"max-video-preview:-1"},"canonical":"https:\/\/progettotouring.it\/radiotouring104\/2022\/05\/06\/mathieu-van-der-poel-conquista-la-prima-tappa-del-giro-ditalia\/","og_locale":"it_IT","og_type":"article","og_title":"La prima tappa del Giro d'Italia \u00e8 stata vinta da Mathieu Van Der Poel","og_description":"La prima tappa del Giro d'Italia \u00e8 stata conquistata da Mathieu Van Der Poel che ha battuto Biniam Girmay e Pello Bilbao","og_url":"https:\/\/progettotouring.it\/radiotouring104\/2022\/05\/06\/mathieu-van-der-poel-conquista-la-prima-tappa-del-giro-ditalia\/","og_site_name":"Radio Touring 104","article_published_time":"2022-05-06T15:32:05+00:00","article_modified_time":"2022-05-06T15:38:18+00:00","og_image":[{"width":680,"height":383,"url":"https:\/\/progettotouring.it\/radiotouring104\/wp-content\/uploads\/sites\/6\/2022\/05\/giro-ditalia.png","type":"image\/png"}],"author":"Filippo Francesco Idone","twitter_card":"summary_large_image","twitter_misc":{"Scritto da":"Filippo Francesco Idone","Tempo di lettura stimato":"2 minuti"},"schema":{"@context":"https:\/\/schema.org","@graph":[{"@type":"Article","@id":"https:\/\/progettotouring.it\/radiotouring104\/2022\/05\/06\/mathieu-van-der-poel-conquista-la-prima-tappa-del-giro-ditalia\/#article","isPartOf":{"@id":"https:\/\/progettotouring.it\/radiotouring104\/2022\/05\/06\/mathieu-van-der-poel-conquista-la-prima-tappa-del-giro-ditalia\/"},"author":{"name":"Filippo Francesco Idone","@id":"https:\/\/progettotouring.it\/radiotouring104\/#\/schema\/person\/4a82259ca52ac8702ad1a8f9e5a3120b"},"headline":"Mathieu Van Der Poel conquista la prima tappa del Giro d&#8217;Italia","datePublished":"2022-05-06T15:32:05+00:00","dateModified":"2022-05-06T15:38:18+00:00","mainEntityOfPage":{"@id":"https:\/\/progettotouring.it\/radiotouring104\/2022\/05\/06\/mathieu-van-der-poel-conquista-la-prima-tappa-del-giro-ditalia\/"},"wordCount":310,"commentCount":0,"publisher":{"@id":"https:\/\/progettotouring.it\/radiotouring104\/#organization"},"image":{"@id":"https:\/\/progettotouring.it\/radiotouring104\/2022\/05\/06\/mathieu-van-der-poel-conquista-la-prima-tappa-del-giro-ditalia\/#primaryimage"},"thumbnailUrl":"https:\/\/progettotouring.it\/radiotouring104\/wp-content\/uploads\/sites\/6\/2022\/05\/giro-ditalia.png","keywords":["Alpecin-Fenix","budapest","Drone Hopper-Androni Giocattoli","Giacomo Nizzolo","Giro d'italia","Lotto Soudal","maglia rosa","Quick-Step Alpha Vinyl","Sz\u00e9kesfeh\u00e9rv\u00e1r","Visegard"],"articleSection":["Italia","News","Sport"],"inLanguage":"it-IT","potentialAction":[{"@type":"CommentAction","name":"Comment","target":["https:\/\/progettotouring.it\/radiotouring104\/2022\/05\/06\/mathieu-van-der-poel-conquista-la-prima-tappa-del-giro-ditalia\/#respond"]}]},{"@type":"WebPage","@id":"https:\/\/progettotouring.it\/radiotouring104\/2022\/05\/06\/mathieu-van-der-poel-conquista-la-prima-tappa-del-giro-ditalia\/","url":"https:\/\/progettotouring.it\/radiotouring104\/2022\/05\/06\/mathieu-van-der-poel-conquista-la-prima-tappa-del-giro-ditalia\/","name":"La prima tappa del Giro d'Italia \u00e8 stata vinta da Mathieu Van Der Poel","isPartOf":{"@id":"https:\/\/progettotouring.it\/radiotouring104\/#website"},"primaryImageOfPage":{"@id":"https:\/\/progettotouring.it\/radiotouring104\/2022\/05\/06\/mathieu-van-der-poel-conquista-la-prima-tappa-del-giro-ditalia\/#primaryimage"},"image":{"@id":"https:\/\/progettotouring.it\/radiotouring104\/2022\/05\/06\/mathieu-van-der-poel-conquista-la-prima-tappa-del-giro-ditalia\/#primaryimage"},"thumbnailUrl":"https:\/\/progettotouring.it\/radiotouring104\/wp-content\/uploads\/sites\/6\/2022\/05\/giro-ditalia.png","datePublished":"2022-05-06T15:32:05+00:00","dateModified":"2022-05-06T15:38:18+00:00","description":"La prima tappa del Giro d'Italia \u00e8 stata conquistata da Mathieu Van Der Poel che ha battuto Biniam Girmay e Pello Bilbao","breadcrumb":{"@id":"https:\/\/progettotouring.it\/radiotouring104\/2022\/05\/06\/mathieu-van-der-poel-conquista-la-prima-tappa-del-giro-ditalia\/#breadcrumb"},"inLanguage":"it-IT","potentialAction":[{"@type":"ReadAction","target":["https:\/\/progettotouring.it\/radiotouring104\/2022\/05\/06\/mathieu-van-der-poel-conquista-la-prima-tappa-del-giro-ditalia\/"]}]},{"@type":"ImageObject","inLanguage":"it-IT","@id":"https:\/\/progettotouring.it\/radiotouring104\/2022\/05\/06\/mathieu-van-der-poel-conquista-la-prima-tappa-del-giro-ditalia\/#primaryimage","url":"https:\/\/progettotouring.it\/radiotouring104\/wp-content\/uploads\/sites\/6\/2022\/05\/giro-ditalia.png","contentUrl":"https:\/\/progettotouring.it\/radiotouring104\/wp-content\/uploads\/sites\/6\/2022\/05\/giro-ditalia.png","width":680,"height":383,"caption":"Foto Twitter Eurosport"},{"@type":"BreadcrumbList","@id":"https:\/\/progettotouring.it\/radiotouring104\/2022\/05\/06\/mathieu-van-der-poel-conquista-la-prima-tappa-del-giro-ditalia\/#breadcrumb","itemListElement":[{"@type":"ListItem","position":1,"name":"Home","item":"https:\/\/progettotouring.it\/radiotouring104\/"},{"@type":"ListItem","position":2,"name":"Mathieu Van Der Poel conquista la prima tappa del Giro d&#8217;Italia"}]},{"@type":"WebSite","@id":"https:\/\/progettotouring.it\/radiotouring104\/#website","url":"https:\/\/progettotouring.it\/radiotouring104\/","name":"Radio Touring 104","description":"La prima radio Reggina","publisher":{"@id":"https:\/\/progettotouring.it\/radiotouring104\/#organization"},"potentialAction":[{"@type":"SearchAction","target":{"@type":"EntryPoint","urlTemplate":"https:\/\/progettotouring.it\/radiotouring104\/?s={search_term_string}"},"query-input":{"@type":"PropertyValueSpecification","valueRequired":true,"valueName":"search_term_string"}}],"inLanguage":"it-IT"},{"@type":"Organization","@id":"https:\/\/progettotouring.it\/radiotouring104\/#organization","name":"Radio Touring 104","url":"https:\/\/progettotouring.it\/radiotouring104\/","logo":{"@type":"ImageObject","inLanguage":"it-IT","@id":"https:\/\/progettotouring.it\/radiotouring104\/#\/schema\/logo\/image\/","url":"https:\/\/progettotouring.it\/radiotouring104\/wp-content\/uploads\/sites\/6\/2022\/02\/cropped-logo-radio-touring-104.png","contentUrl":"https:\/\/progettotouring.it\/radiotouring104\/wp-content\/uploads\/sites\/6\/2022\/02\/cropped-logo-radio-touring-104.png","width":377,"height":182,"caption":"Radio Touring 104"},"image":{"@id":"https:\/\/progettotouring.it\/radiotouring104\/#\/schema\/logo\/image\/"}},{"@type":"Person","@id":"https:\/\/progettotouring.it\/radiotouring104\/#\/schema\/person\/4a82259ca52ac8702ad1a8f9e5a3120b","name":"Filippo Francesco Idone","image":{"@type":"ImageObject","inLanguage":"it-IT","@id":"https:\/\/secure.gravatar.com\/avatar\/7268715d2366395c3dd314385670e6484117d44f5c442e61e230f7008b7b62d3?s=96&d=mm&r=g","url":"https:\/\/secure.gravatar.com\/avatar\/7268715d2366395c3dd314385670e6484117d44f5c442e61e230f7008b7b62d3?s=96&d=mm&r=g","contentUrl":"https:\/\/secure.gravatar.com\/avatar\/7268715d2366395c3dd314385670e6484117d44f5c442e61e230f7008b7b62d3?s=96&d=mm&r=g","caption":"Filippo Francesco Idone"},"url":"https:\/\/progettotouring.it\/radiotouring104\/author\/filippoidone\/"}]}},"jetpack_publicize_connections":[],"jetpack_featured_media_url":"https:\/\/progettotouring.it\/radiotouring104\/wp-content\/uploads\/sites\/6\/2022\/05\/giro-ditalia.png","jetpack_sharing_enabled":true,"_links":{"self":[{"href":"https:\/\/progettotouring.it\/radiotouring104\/wp-json\/wp\/v2\/posts\/4859","targetHints":{"allow":["GET"]}}],"collection":[{"href":"https:\/\/progettotouring.it\/radiotouring104\/wp-json\/wp\/v2\/posts"}],"about":[{"href":"https:\/\/progettotouring.it\/radiotouring104\/wp-json\/wp\/v2\/types\/post"}],"author":[{"embeddable":true,"href":"https:\/\/progettotouring.it\/radiotouring104\/wp-json\/wp\/v2\/users\/8"}],"replies":[{"embeddable":true,"href":"https:\/\/progettotouring.it\/radiotouring104\/wp-json\/wp\/v2\/comments?post=4859"}],"version-history":[{"count":7,"href":"https:\/\/progettotouring.it\/radiotouring104\/wp-json\/wp\/v2\/posts\/4859\/revisions"}],"predecessor-version":[{"id":4870,"href":"https:\/\/progettotouring.it\/radiotouring104\/wp-json\/wp\/v2\/posts\/4859\/revisions\/4870"}],"wp:featuredmedia":[{"embeddable":true,"href":"https:\/\/progettotouring.it\/radiotouring104\/wp-json\/wp\/v2\/media\/4865"}],"wp:attachment":[{"href":"https:\/\/progettotouring.it\/radiotouring104\/wp-json\/wp\/v2\/media?parent=4859"}],"wp:term":[{"taxonomy":"category","embeddable":true,"href":"https:\/\/progettotouring.it\/radiotouring104\/wp-json\/wp\/v2\/categories?post=4859"},{"taxonomy":"post_tag","embeddable":true,"href":"https:\/\/progettotouring.it\/radiotouring104\/wp-json\/wp\/v2\/tags?post=4859"}],"curies":[{"name":"wp","href":"https:\/\/api.w.org\/{rel}","templated":true}]}}