{"id":4891,"date":"2022-05-07T17:44:37","date_gmt":"2022-05-07T15:44:37","guid":{"rendered":"https:\/\/progettotouring.it\/radiotouring104\/?p=4891"},"modified":"2022-05-07T18:00:27","modified_gmt":"2022-05-07T16:00:27","slug":"reggio-al-via-le-operazioni-antibracconaggio-adorno-2022","status":"publish","type":"post","link":"https:\/\/progettotouring.it\/radiotouring104\/2022\/05\/07\/reggio-al-via-le-operazioni-antibracconaggio-adorno-2022\/","title":{"rendered":"Reggio, al via le operazioni antibracconaggio &#8220;Adorno 2022&#8221;"},"content":{"rendered":"<p style=\"text-align: justify;\">Continua senza tregua il contrasto al bracconaggio in provincia di Reggio Calabria, fenomeno assai diffuso che rende il territorio provinciale uno dei \u201c<em>black spot<\/em>\u201d italiani pi\u00f9 problematici per questa tipologia di reati.<\/p>\n<p style=\"text-align: justify;\">Anche quest\u2019anno il CUFAA (Comando Unit\u00e0 Forestali Ambientali e Agroalimentari) dell\u2019Arma dei Carabinieri ha predisposto la campagna di controlli e repressione del fenomeno, conosciuta come \u201cOperazione Adorno\u201d, nelle aree pi\u00f9 sensibili della provincia di Reggio Calabria e di Messina.<\/p>\n<p style=\"text-align: justify;\">L\u2019operazione prende il nome dal termine con cui in provincia di Reggio Calabria \u00e8 indicato il Falco Pecchiaiolo, un rapace migratore che periodicamente attraversa lo Stretto di Messina e che, assieme a innumerevoli altre specie protette, viene abbattuto dai bracconieri in entrambe le sponde dello Stretto.\u00a0 Il servizio antibracconaggio approntato dall\u2019Arma prevede un contingente di oltre 50 militari, proveniente anche da altre Regioni, operanti in abiti civili e distribuiti in tutti i settori ritenuti a rischio, modalit\u00e0 queste che gi\u00e0 da alcuni anni dimostra una notevole efficacia nella repressione di tale fenomeno illegale, peraltro sempre pi\u00f9 inviso dalla societ\u00e0 civile. L\u2019attivit\u00e0 sar\u00e0 svolta con l\u2019impiego di una unit\u00e0 cinofila e con il supporto dei droni. Nello stesso periodo oltre al contingente calabrese operante nel territorio della provincia di Reggio Calabria sar\u00e0 presente un contingente sul versante siciliano dello Stretto.<\/p>\n<p style=\"text-align: justify;\">Notevole \u00e8 il contributo fornito ai Carabinieri Forestali da parte delle associazioni ambientaliste che quotidianamente, con la loro attenta osservazione dei flussi migratori e con il monitoraggio dei comprensori potenzialmente interessati al fenomeno del bracconaggio, apportano un contributo determinante alla riuscita del servizio.<\/p>\n<p style=\"text-align: justify;\">Le attivit\u00e0 di controllo dei Carabinieri Forestali continueranno anche nelle prossime settimane sino a cessata emergenza.<\/p>\n","protected":false},"excerpt":{"rendered":"<p>Continua senza tregua il contrasto al bracconaggio in provincia di Reggio Calabria, fenomeno assai diffuso che rende il territorio provinciale uno dei \u201cblack spot\u201d italiani pi\u00f9 problematici per questa tipologia&hellip;<\/p>\n","protected":false},"author":5,"featured_media":3485,"comment_status":"open","ping_status":"open","sticky":false,"template":"","format":"standard","meta":{"_jetpack_memberships_contains_paid_content":false,"footnotes":"","jetpack_publicize_message":"","jetpack_publicize_feature_enabled":true,"jetpack_social_post_already_shared":false,"jetpack_social_options":{"image_generator_settings":{"template":"highway","default_image_id":0,"font":"","enabled":false},"version":2}},"categories":[142,921,196],"tags":[1069,1352,686,1351,1353],"class_list":["post-4891","post","type-post","status-publish","format-standard","has-post-thumbnail","hentry","category-calabria","category-home","category-news","tag-adorno","tag-bracconaggio","tag-caccia","tag-falco","tag-operazione-adorno-2022"],"yoast_head":"<!-- This site is optimized with the Yoast SEO plugin v27.2 - https:\/\/yoast.com\/product\/yoast-seo-wordpress\/ -->\n<title>Reggio, al via le operazioni antibracconaggio &quot;Adorno 2022&quot;<\/title>\n<meta name=\"description\" content=\"Il territorio provinciale di Reggio Calabria \u00e8 uno dei \u201cblack spot\u201d italiani pi\u00f9 problematici per questa tipologia di reati\" \/>\n<meta name=\"robots\" content=\"index, follow, max-snippet:-1, max-image-preview:large, max-video-preview:-1\" \/>\n<link rel=\"canonical\" href=\"https:\/\/progettotouring.it\/radiotouring104\/2022\/05\/07\/reggio-al-via-le-operazioni-antibracconaggio-adorno-2022\/\" \/>\n<meta property=\"og:locale\" content=\"it_IT\" \/>\n<meta property=\"og:type\" content=\"article\" \/>\n<meta property=\"og:title\" content=\"Reggio, al via le operazioni antibracconaggio &quot;Adorno 2022&quot;\" \/>\n<meta property=\"og:description\" content=\"Il territorio provinciale di Reggio Calabria \u00e8 uno dei \u201cblack spot\u201d italiani pi\u00f9 problematici per questa tipologia di reati\" \/>\n<meta property=\"og:url\" content=\"https:\/\/progettotouring.it\/radiotouring104\/2022\/05\/07\/reggio-al-via-le-operazioni-antibracconaggio-adorno-2022\/\" \/>\n<meta property=\"og:site_name\" content=\"Radio Touring 104\" \/>\n<meta property=\"article:published_time\" content=\"2022-05-07T15:44:37+00:00\" \/>\n<meta property=\"article:modified_time\" content=\"2022-05-07T16:00:27+00:00\" \/>\n<meta property=\"og:image\" content=\"https:\/\/progettotouring.it\/radiotouring104\/wp-content\/uploads\/sites\/6\/2022\/03\/uccelli.jpg\" \/>\n\t<meta property=\"og:image:width\" content=\"836\" \/>\n\t<meta property=\"og:image:height\" content=\"475\" \/>\n\t<meta property=\"og:image:type\" content=\"image\/jpeg\" \/>\n<meta name=\"author\" content=\"redazione\" \/>\n<meta name=\"twitter:card\" content=\"summary_large_image\" \/>\n<meta name=\"twitter:label1\" content=\"Scritto da\" \/>\n\t<meta name=\"twitter:data1\" content=\"redazione\" \/>\n\t<meta name=\"twitter:label2\" content=\"Tempo di lettura stimato\" \/>\n\t<meta name=\"twitter:data2\" content=\"1 minuto\" \/>\n<script type=\"application\/ld+json\" class=\"yoast-schema-graph\">{\"@context\":\"https:\/\/schema.org\",\"@graph\":[{\"@type\":\"Article\",\"@id\":\"https:\/\/progettotouring.it\/radiotouring104\/2022\/05\/07\/reggio-al-via-le-operazioni-antibracconaggio-adorno-2022\/#article\",\"isPartOf\":{\"@id\":\"https:\/\/progettotouring.it\/radiotouring104\/2022\/05\/07\/reggio-al-via-le-operazioni-antibracconaggio-adorno-2022\/\"},\"author\":{\"name\":\"redazione\",\"@id\":\"https:\/\/progettotouring.it\/radiotouring104\/#\/schema\/person\/1b3eb3c07c47136bc44c785c543e635f\"},\"headline\":\"Reggio, al via le operazioni antibracconaggio &#8220;Adorno 2022&#8221;\",\"datePublished\":\"2022-05-07T15:44:37+00:00\",\"dateModified\":\"2022-05-07T16:00:27+00:00\",\"mainEntityOfPage\":{\"@id\":\"https:\/\/progettotouring.it\/radiotouring104\/2022\/05\/07\/reggio-al-via-le-operazioni-antibracconaggio-adorno-2022\/\"},\"wordCount\":279,\"commentCount\":0,\"publisher\":{\"@id\":\"https:\/\/progettotouring.it\/radiotouring104\/#organization\"},\"image\":{\"@id\":\"https:\/\/progettotouring.it\/radiotouring104\/2022\/05\/07\/reggio-al-via-le-operazioni-antibracconaggio-adorno-2022\/#primaryimage\"},\"thumbnailUrl\":\"https:\/\/progettotouring.it\/radiotouring104\/wp-content\/uploads\/sites\/6\/2022\/03\/uccelli.jpg\",\"keywords\":[\"adorno\",\"bracconaggio\",\"caccia\",\"falco\",\"operazione adorno 2022\"],\"articleSection\":[\"Calabria\",\"Home\",\"News\"],\"inLanguage\":\"it-IT\",\"potentialAction\":[{\"@type\":\"CommentAction\",\"name\":\"Comment\",\"target\":[\"https:\/\/progettotouring.it\/radiotouring104\/2022\/05\/07\/reggio-al-via-le-operazioni-antibracconaggio-adorno-2022\/#respond\"]}]},{\"@type\":\"WebPage\",\"@id\":\"https:\/\/progettotouring.it\/radiotouring104\/2022\/05\/07\/reggio-al-via-le-operazioni-antibracconaggio-adorno-2022\/\",\"url\":\"https:\/\/progettotouring.it\/radiotouring104\/2022\/05\/07\/reggio-al-via-le-operazioni-antibracconaggio-adorno-2022\/\",\"name\":\"Reggio, al via le operazioni antibracconaggio \\\"Adorno 2022\\\"\",\"isPartOf\":{\"@id\":\"https:\/\/progettotouring.it\/radiotouring104\/#website\"},\"primaryImageOfPage\":{\"@id\":\"https:\/\/progettotouring.it\/radiotouring104\/2022\/05\/07\/reggio-al-via-le-operazioni-antibracconaggio-adorno-2022\/#primaryimage\"},\"image\":{\"@id\":\"https:\/\/progettotouring.it\/radiotouring104\/2022\/05\/07\/reggio-al-via-le-operazioni-antibracconaggio-adorno-2022\/#primaryimage\"},\"thumbnailUrl\":\"https:\/\/progettotouring.it\/radiotouring104\/wp-content\/uploads\/sites\/6\/2022\/03\/uccelli.jpg\",\"datePublished\":\"2022-05-07T15:44:37+00:00\",\"dateModified\":\"2022-05-07T16:00:27+00:00\",\"description\":\"Il territorio provinciale di Reggio Calabria \u00e8 uno dei \u201cblack spot\u201d italiani pi\u00f9 problematici per questa tipologia di reati\",\"breadcrumb\":{\"@id\":\"https:\/\/progettotouring.it\/radiotouring104\/2022\/05\/07\/reggio-al-via-le-operazioni-antibracconaggio-adorno-2022\/#breadcrumb\"},\"inLanguage\":\"it-IT\",\"potentialAction\":[{\"@type\":\"ReadAction\",\"target\":[\"https:\/\/progettotouring.it\/radiotouring104\/2022\/05\/07\/reggio-al-via-le-operazioni-antibracconaggio-adorno-2022\/\"]}]},{\"@type\":\"ImageObject\",\"inLanguage\":\"it-IT\",\"@id\":\"https:\/\/progettotouring.it\/radiotouring104\/2022\/05\/07\/reggio-al-via-le-operazioni-antibracconaggio-adorno-2022\/#primaryimage\",\"url\":\"https:\/\/progettotouring.it\/radiotouring104\/wp-content\/uploads\/sites\/6\/2022\/03\/uccelli.jpg\",\"contentUrl\":\"https:\/\/progettotouring.it\/radiotouring104\/wp-content\/uploads\/sites\/6\/2022\/03\/uccelli.jpg\",\"width\":836,\"height\":475},{\"@type\":\"BreadcrumbList\",\"@id\":\"https:\/\/progettotouring.it\/radiotouring104\/2022\/05\/07\/reggio-al-via-le-operazioni-antibracconaggio-adorno-2022\/#breadcrumb\",\"itemListElement\":[{\"@type\":\"ListItem\",\"position\":1,\"name\":\"Home\",\"item\":\"https:\/\/progettotouring.it\/radiotouring104\/\"},{\"@type\":\"ListItem\",\"position\":2,\"name\":\"Reggio, al via le operazioni antibracconaggio &#8220;Adorno 2022&#8221;\"}]},{\"@type\":\"WebSite\",\"@id\":\"https:\/\/progettotouring.it\/radiotouring104\/#website\",\"url\":\"https:\/\/progettotouring.it\/radiotouring104\/\",\"name\":\"Radio Touring 104\",\"description\":\"La prima radio Reggina\",\"publisher\":{\"@id\":\"https:\/\/progettotouring.it\/radiotouring104\/#organization\"},\"potentialAction\":[{\"@type\":\"SearchAction\",\"target\":{\"@type\":\"EntryPoint\",\"urlTemplate\":\"https:\/\/progettotouring.it\/radiotouring104\/?s={search_term_string}\"},\"query-input\":{\"@type\":\"PropertyValueSpecification\",\"valueRequired\":true,\"valueName\":\"search_term_string\"}}],\"inLanguage\":\"it-IT\"},{\"@type\":\"Organization\",\"@id\":\"https:\/\/progettotouring.it\/radiotouring104\/#organization\",\"name\":\"Radio Touring 104\",\"url\":\"https:\/\/progettotouring.it\/radiotouring104\/\",\"logo\":{\"@type\":\"ImageObject\",\"inLanguage\":\"it-IT\",\"@id\":\"https:\/\/progettotouring.it\/radiotouring104\/#\/schema\/logo\/image\/\",\"url\":\"https:\/\/progettotouring.it\/radiotouring104\/wp-content\/uploads\/sites\/6\/2022\/02\/cropped-logo-radio-touring-104.png\",\"contentUrl\":\"https:\/\/progettotouring.it\/radiotouring104\/wp-content\/uploads\/sites\/6\/2022\/02\/cropped-logo-radio-touring-104.png\",\"width\":377,\"height\":182,\"caption\":\"Radio Touring 104\"},\"image\":{\"@id\":\"https:\/\/progettotouring.it\/radiotouring104\/#\/schema\/logo\/image\/\"}},{\"@type\":\"Person\",\"@id\":\"https:\/\/progettotouring.it\/radiotouring104\/#\/schema\/person\/1b3eb3c07c47136bc44c785c543e635f\",\"name\":\"redazione\",\"image\":{\"@type\":\"ImageObject\",\"inLanguage\":\"it-IT\",\"@id\":\"https:\/\/secure.gravatar.com\/avatar\/0b31605b49f100769e8b624b3e05de1b73e1692e9568a352f60f53fd072e6e11?s=96&d=mm&r=g\",\"url\":\"https:\/\/secure.gravatar.com\/avatar\/0b31605b49f100769e8b624b3e05de1b73e1692e9568a352f60f53fd072e6e11?s=96&d=mm&r=g\",\"contentUrl\":\"https:\/\/secure.gravatar.com\/avatar\/0b31605b49f100769e8b624b3e05de1b73e1692e9568a352f60f53fd072e6e11?s=96&d=mm&r=g\",\"caption\":\"redazione\"},\"url\":\"https:\/\/progettotouring.it\/radiotouring104\/author\/redazione\/\"}]}<\/script>\n<!-- \/ Yoast SEO plugin. -->","yoast_head_json":{"title":"Reggio, al via le operazioni antibracconaggio \"Adorno 2022\"","description":"Il territorio provinciale di Reggio Calabria \u00e8 uno dei \u201cblack spot\u201d italiani pi\u00f9 problematici per questa tipologia di reati","robots":{"index":"index","follow":"follow","max-snippet":"max-snippet:-1","max-image-preview":"max-image-preview:large","max-video-preview":"max-video-preview:-1"},"canonical":"https:\/\/progettotouring.it\/radiotouring104\/2022\/05\/07\/reggio-al-via-le-operazioni-antibracconaggio-adorno-2022\/","og_locale":"it_IT","og_type":"article","og_title":"Reggio, al via le operazioni antibracconaggio \"Adorno 2022\"","og_description":"Il territorio provinciale di Reggio Calabria \u00e8 uno dei \u201cblack spot\u201d italiani pi\u00f9 problematici per questa tipologia di reati","og_url":"https:\/\/progettotouring.it\/radiotouring104\/2022\/05\/07\/reggio-al-via-le-operazioni-antibracconaggio-adorno-2022\/","og_site_name":"Radio Touring 104","article_published_time":"2022-05-07T15:44:37+00:00","article_modified_time":"2022-05-07T16:00:27+00:00","og_image":[{"width":836,"height":475,"url":"https:\/\/progettotouring.it\/radiotouring104\/wp-content\/uploads\/sites\/6\/2022\/03\/uccelli.jpg","type":"image\/jpeg"}],"author":"redazione","twitter_card":"summary_large_image","twitter_misc":{"Scritto da":"redazione","Tempo di lettura stimato":"1 minuto"},"schema":{"@context":"https:\/\/schema.org","@graph":[{"@type":"Article","@id":"https:\/\/progettotouring.it\/radiotouring104\/2022\/05\/07\/reggio-al-via-le-operazioni-antibracconaggio-adorno-2022\/#article","isPartOf":{"@id":"https:\/\/progettotouring.it\/radiotouring104\/2022\/05\/07\/reggio-al-via-le-operazioni-antibracconaggio-adorno-2022\/"},"author":{"name":"redazione","@id":"https:\/\/progettotouring.it\/radiotouring104\/#\/schema\/person\/1b3eb3c07c47136bc44c785c543e635f"},"headline":"Reggio, al via le operazioni antibracconaggio &#8220;Adorno 2022&#8221;","datePublished":"2022-05-07T15:44:37+00:00","dateModified":"2022-05-07T16:00:27+00:00","mainEntityOfPage":{"@id":"https:\/\/progettotouring.it\/radiotouring104\/2022\/05\/07\/reggio-al-via-le-operazioni-antibracconaggio-adorno-2022\/"},"wordCount":279,"commentCount":0,"publisher":{"@id":"https:\/\/progettotouring.it\/radiotouring104\/#organization"},"image":{"@id":"https:\/\/progettotouring.it\/radiotouring104\/2022\/05\/07\/reggio-al-via-le-operazioni-antibracconaggio-adorno-2022\/#primaryimage"},"thumbnailUrl":"https:\/\/progettotouring.it\/radiotouring104\/wp-content\/uploads\/sites\/6\/2022\/03\/uccelli.jpg","keywords":["adorno","bracconaggio","caccia","falco","operazione adorno 2022"],"articleSection":["Calabria","Home","News"],"inLanguage":"it-IT","potentialAction":[{"@type":"CommentAction","name":"Comment","target":["https:\/\/progettotouring.it\/radiotouring104\/2022\/05\/07\/reggio-al-via-le-operazioni-antibracconaggio-adorno-2022\/#respond"]}]},{"@type":"WebPage","@id":"https:\/\/progettotouring.it\/radiotouring104\/2022\/05\/07\/reggio-al-via-le-operazioni-antibracconaggio-adorno-2022\/","url":"https:\/\/progettotouring.it\/radiotouring104\/2022\/05\/07\/reggio-al-via-le-operazioni-antibracconaggio-adorno-2022\/","name":"Reggio, al via le operazioni antibracconaggio \"Adorno 2022\"","isPartOf":{"@id":"https:\/\/progettotouring.it\/radiotouring104\/#website"},"primaryImageOfPage":{"@id":"https:\/\/progettotouring.it\/radiotouring104\/2022\/05\/07\/reggio-al-via-le-operazioni-antibracconaggio-adorno-2022\/#primaryimage"},"image":{"@id":"https:\/\/progettotouring.it\/radiotouring104\/2022\/05\/07\/reggio-al-via-le-operazioni-antibracconaggio-adorno-2022\/#primaryimage"},"thumbnailUrl":"https:\/\/progettotouring.it\/radiotouring104\/wp-content\/uploads\/sites\/6\/2022\/03\/uccelli.jpg","datePublished":"2022-05-07T15:44:37+00:00","dateModified":"2022-05-07T16:00:27+00:00","description":"Il territorio provinciale di Reggio Calabria \u00e8 uno dei \u201cblack spot\u201d italiani pi\u00f9 problematici per questa tipologia di reati","breadcrumb":{"@id":"https:\/\/progettotouring.it\/radiotouring104\/2022\/05\/07\/reggio-al-via-le-operazioni-antibracconaggio-adorno-2022\/#breadcrumb"},"inLanguage":"it-IT","potentialAction":[{"@type":"ReadAction","target":["https:\/\/progettotouring.it\/radiotouring104\/2022\/05\/07\/reggio-al-via-le-operazioni-antibracconaggio-adorno-2022\/"]}]},{"@type":"ImageObject","inLanguage":"it-IT","@id":"https:\/\/progettotouring.it\/radiotouring104\/2022\/05\/07\/reggio-al-via-le-operazioni-antibracconaggio-adorno-2022\/#primaryimage","url":"https:\/\/progettotouring.it\/radiotouring104\/wp-content\/uploads\/sites\/6\/2022\/03\/uccelli.jpg","contentUrl":"https:\/\/progettotouring.it\/radiotouring104\/wp-content\/uploads\/sites\/6\/2022\/03\/uccelli.jpg","width":836,"height":475},{"@type":"BreadcrumbList","@id":"https:\/\/progettotouring.it\/radiotouring104\/2022\/05\/07\/reggio-al-via-le-operazioni-antibracconaggio-adorno-2022\/#breadcrumb","itemListElement":[{"@type":"ListItem","position":1,"name":"Home","item":"https:\/\/progettotouring.it\/radiotouring104\/"},{"@type":"ListItem","position":2,"name":"Reggio, al via le operazioni antibracconaggio &#8220;Adorno 2022&#8221;"}]},{"@type":"WebSite","@id":"https:\/\/progettotouring.it\/radiotouring104\/#website","url":"https:\/\/progettotouring.it\/radiotouring104\/","name":"Radio Touring 104","description":"La prima radio Reggina","publisher":{"@id":"https:\/\/progettotouring.it\/radiotouring104\/#organization"},"potentialAction":[{"@type":"SearchAction","target":{"@type":"EntryPoint","urlTemplate":"https:\/\/progettotouring.it\/radiotouring104\/?s={search_term_string}"},"query-input":{"@type":"PropertyValueSpecification","valueRequired":true,"valueName":"search_term_string"}}],"inLanguage":"it-IT"},{"@type":"Organization","@id":"https:\/\/progettotouring.it\/radiotouring104\/#organization","name":"Radio Touring 104","url":"https:\/\/progettotouring.it\/radiotouring104\/","logo":{"@type":"ImageObject","inLanguage":"it-IT","@id":"https:\/\/progettotouring.it\/radiotouring104\/#\/schema\/logo\/image\/","url":"https:\/\/progettotouring.it\/radiotouring104\/wp-content\/uploads\/sites\/6\/2022\/02\/cropped-logo-radio-touring-104.png","contentUrl":"https:\/\/progettotouring.it\/radiotouring104\/wp-content\/uploads\/sites\/6\/2022\/02\/cropped-logo-radio-touring-104.png","width":377,"height":182,"caption":"Radio Touring 104"},"image":{"@id":"https:\/\/progettotouring.it\/radiotouring104\/#\/schema\/logo\/image\/"}},{"@type":"Person","@id":"https:\/\/progettotouring.it\/radiotouring104\/#\/schema\/person\/1b3eb3c07c47136bc44c785c543e635f","name":"redazione","image":{"@type":"ImageObject","inLanguage":"it-IT","@id":"https:\/\/secure.gravatar.com\/avatar\/0b31605b49f100769e8b624b3e05de1b73e1692e9568a352f60f53fd072e6e11?s=96&d=mm&r=g","url":"https:\/\/secure.gravatar.com\/avatar\/0b31605b49f100769e8b624b3e05de1b73e1692e9568a352f60f53fd072e6e11?s=96&d=mm&r=g","contentUrl":"https:\/\/secure.gravatar.com\/avatar\/0b31605b49f100769e8b624b3e05de1b73e1692e9568a352f60f53fd072e6e11?s=96&d=mm&r=g","caption":"redazione"},"url":"https:\/\/progettotouring.it\/radiotouring104\/author\/redazione\/"}]}},"jetpack_publicize_connections":[],"jetpack_featured_media_url":"https:\/\/progettotouring.it\/radiotouring104\/wp-content\/uploads\/sites\/6\/2022\/03\/uccelli.jpg","jetpack_sharing_enabled":true,"_links":{"self":[{"href":"https:\/\/progettotouring.it\/radiotouring104\/wp-json\/wp\/v2\/posts\/4891","targetHints":{"allow":["GET"]}}],"collection":[{"href":"https:\/\/progettotouring.it\/radiotouring104\/wp-json\/wp\/v2\/posts"}],"about":[{"href":"https:\/\/progettotouring.it\/radiotouring104\/wp-json\/wp\/v2\/types\/post"}],"author":[{"embeddable":true,"href":"https:\/\/progettotouring.it\/radiotouring104\/wp-json\/wp\/v2\/users\/5"}],"replies":[{"embeddable":true,"href":"https:\/\/progettotouring.it\/radiotouring104\/wp-json\/wp\/v2\/comments?post=4891"}],"version-history":[{"count":2,"href":"https:\/\/progettotouring.it\/radiotouring104\/wp-json\/wp\/v2\/posts\/4891\/revisions"}],"predecessor-version":[{"id":4893,"href":"https:\/\/progettotouring.it\/radiotouring104\/wp-json\/wp\/v2\/posts\/4891\/revisions\/4893"}],"wp:featuredmedia":[{"embeddable":true,"href":"https:\/\/progettotouring.it\/radiotouring104\/wp-json\/wp\/v2\/media\/3485"}],"wp:attachment":[{"href":"https:\/\/progettotouring.it\/radiotouring104\/wp-json\/wp\/v2\/media?parent=4891"}],"wp:term":[{"taxonomy":"category","embeddable":true,"href":"https:\/\/progettotouring.it\/radiotouring104\/wp-json\/wp\/v2\/categories?post=4891"},{"taxonomy":"post_tag","embeddable":true,"href":"https:\/\/progettotouring.it\/radiotouring104\/wp-json\/wp\/v2\/tags?post=4891"}],"curies":[{"name":"wp","href":"https:\/\/api.w.org\/{rel}","templated":true}]}}