{"id":48925,"date":"2024-04-10T12:11:43","date_gmt":"2024-04-10T10:11:43","guid":{"rendered":"https:\/\/progettotouring.it\/radiotouring104\/?p=48925"},"modified":"2024-04-10T12:11:43","modified_gmt":"2024-04-10T10:11:43","slug":"marrc-al-via-la-campagna-di-manutenzione-programmata-sui-bronzi-di-riace","status":"publish","type":"post","link":"https:\/\/progettotouring.it\/radiotouring104\/2024\/04\/10\/marrc-al-via-la-campagna-di-manutenzione-programmata-sui-bronzi-di-riace\/","title":{"rendered":"MArRC: al via la campagna di manutenzione programmata sui Bronzi di Riace"},"content":{"rendered":"<p style=\"text-align: justify\"><strong>Continuano al Museo Archeologico Nazionale di Reggio Calabria le attivit\u00e0 di studio e ricerca legate ad una visione sistemica della programmazione conservativa<\/strong> e di valorizzazione, per accogliere un pubblico sempre pi\u00f9 numeroso e diversificato.<\/p>\n<p style=\"text-align: justify\">\nNell\u2019ambito di un <strong>accordo quadro tra il Museo Archeologico Nazionale di Reggio Calabria e l\u2019Istituto Centrale per il Restauro (ICR), si avvia una nuova campagna di verifica e controllo dello stato di conservazione dei Bronzi di Riace e di Porticello.<\/strong><\/p>\n<p style=\"text-align: justify\">\n<strong>L\u2019ultimo intervento di restauro sui Bronzi di Riace,<\/strong> che risale agli anni 2009-2013, <strong>\u00e8 stato effettuato presso la sede del Consiglio Regionale della Calabria a Palazzo Campanella<\/strong> grazie alla collaborazione tra l\u2019Istituto Centrale per il Restauro e l\u2019allora Soprintendenza ai Beni Archeologici della Calabria. Le due statue, rientrate al Museo la notte del 21 dicembre del 2013, in questi anni sono state oggetto di interventi di manutenzione ordinaria e controlli strumentali da parte dei restauratori e degli archeologi del MArRC.<\/p>\n<p style=\"text-align: justify\">\n<strong>Nel marzo 2023 Museo e ICR hanno condiviso un programma di verifiche,<\/strong> strumentali e visive dello stato di conservazione dei reperti custoditi in Sala Bronzi, con le prime attivit\u00e0 di controllo svolte gi\u00e0 nel mese di settembre 2023. Le funzionarie del MArRC Barbara Fazzari, responsabile del Laboratorio di Restauro, e Daniela Costanzo, responsabile dell\u2019Ufficio Collezioni, hanno coordinato e curato i rapporti tra il Museo e l\u2019ICR e, insieme al direttore Fabrizio Sudano, seguiranno in prima persona i lavori in sala Bronzi.<br \/>\n<em>\u00abUna grande opportunit\u00e0 per il MArRC\u00bb,<\/em><strong> esordisce Fabrizio Sudano<\/strong>. \u00ab<em>A dieci anni dall\u2019ultimo intervento di restauro sui Bronzi di Riace, avviamo una campagna di verifica e monitoraggio indispensabile per pianificare i futuri interventi di manutenzione e restauro sui nostri capolavori pi\u00f9 pregiati. Abbiamo studiato e proposto all\u2019ICR una modalit\u00e0 di indagini il pi\u00f9 possibile attenta alle esigenze del visitatore, che potr\u00e0 osservare da piazza Paolo Orsi le attivit\u00e0 di check up in sala Bronzi. Visitatore che \u00e8 sempre pi\u00f9 attento alle problematiche di conservazione e restauro e potr\u00e0 cos\u00ec essere informato direttamente dai professionisti del restauro e comprendere il perch\u00e9 ma soprattutto come si interviene su un bene di una tale importanza\u00bb.<\/em><\/p>\n<p style=\"text-align: justify\">\n<em>\u00abFin dall\u2019arrivo delle preziose sculture bronzee al Museo Nazionale di Reggio Calabria (1983), l\u2019Istituto Centrale per il Restauro \u2013 <\/em><strong>commenta il Direttore delegato, arch. Giorgio Sobr\u00e0 <\/strong><em>\u2013 ha progettato e messo in atto campagne di studio, ricerca e restauro volte alla loro salvaguardia e conservazione, congiuntamente con i colleghi reggini. Assolutamente attuale \u00e8, al riguardo, il pensiero di Giovanni Urbani, poi ripreso da Michele Cordaro, circa la prioritaria necessit\u00e0 di prevenire il deterioramento dei materiali costitutivi dei beni culturali per mezzo di un\u2019accurata politica di manutenzione e di un controllo costante delle condizioni ambientali. Nel solco di questa tradizione, l\u2019ICR mette dunque a disposizione la propria decennale esperienza, al fine di definire le migliori strategie di conservazione per queste opere straordinarie\u00bb.<\/em><br \/>\nIl cronoprogramma della prima fase delle attivit\u00e0 di verifica e monitoraggio predisposto in accordo con l\u2019Istituto Centrale per il Restauro, prevede, nei mesi tra aprile a settembre, una media di due\/tre giorni di attivit\u00e0 svolti dal gruppo di esperti che sar\u00e0 impegnato in indagini autoptiche e diagnostiche sui Bronzi di Riace e di Porticello. Il primo sopralluogo \u00e8 previsto per il 15 e 16 aprile, seguiranno gli altri incontri fissati dal 27 al 30 maggio, dal 17 al 18 giugno, dal 1 al 3 luglio e dal 16 al 18 settembre.<br \/>\n<em>\u00abLe verifiche sullo stato di conservazione dei Bronzi di Riace e Porticello<\/em> \u2013 <strong>commenta Barbara Fazzari <\/strong><em><strong>\u2013<\/strong> rientrano in uno dei concetti pi\u00f9 importanti del restauro moderno, ovvero la \u201cconservazione preventiva\u201d, che consiste nel pianificare tutte quelle azioni volte a prevenire i fenomeni di degrado, in modo tale che le opere abbiano sempre meno bisogno di essere restaurate. Accompagnati dagli esperti dell\u2019ICR condivideremo infatti le strategie per minimizzare le possibili cause di alterazione dei bronzi, programmando tutte le attivit\u00e0 di verifica e monitoraggio e gli interventi di manutenzione necessari a garantirne la corretta conservazione nel tempo\u00bb.<\/em><br \/>\n<em>\u00abLe prime indagini videoendoscopiche che abbiamo condotto all\u2019interno delle due statue\u00bb &#8211;<\/em> ricorda Roberto Ciabattoni, responsabile scientifico del progetto per l\u2019ICR &#8211;<em> \u00abhanno permesso di attuare, nel corso degli anni nuovi protocolli di intervento, primi per tecnologia applicativa, che hanno consentito lavorazioni remotizzate all\u2019interno di manufatti. In questa nuova campagna di approfondimento scientifico, si metteranno a punto, in collaborazione con i professori Paolo Piccardo e Roberto Spotorno dell\u2019Universit\u00e0 di Genova (UNIGE), Dipartimento di chimica e chimica industriale, Gruppo di ricerca Metal, delle procedure specifiche per gli approfondimenti diagnostici sulle leghe metalliche\u00bb.<\/em><br \/>\n<em>\u00abLa tutela delle collezioni \u00e8 un obiettivo prioritario per ogni istituto di cultura<\/em> \u2013 prosegue Daniela Costanzo \u2013<em> ma naturalmente l\u2019importanza dei Bronzi di Riace esige una particolare attenzione per la salvaguardia di questi capolavori e la loro trasmissione alle generazioni future. Si tratta di un lavoro quotidiano e silenzioso, svolto di norma quando il Museo \u00e8 chiuso al pubblico, ma in questo caso, vista la complessit\u00e0 delle attivit\u00e0 da svolgere, abbiamo cercato un equilibrio tra le esigenze di tutela e quelle di fruizione pubblica, riducendo al minimo l\u2019interdizione al pubblico della sala Bronzi\u00bb.<\/em><br \/>\n<em>\u00abLe superfici delle sculture bronzee \u2013<\/em> ricordano infine i restauratori dell\u2019ICR Francesca Angelo, Davide Fodaro e Livia Sforzini &#8211; <em>rivelano la loro lunga storia, a partire dal momento dell\u2019esecuzione, passando per la giacitura in ambiente marino e attraverso i vari interventi conservativi cui sono state sottoposte. L\u2019obiettivo della presente campagna di verifica e controllo mira a rilevare, comprendere e registrare, con metodologie integrate, la complessit\u00e0 delle patine presenti, morfologicamente diversificate e composite, al fine di poter monitorare nel tempo le superfici con la massima attenzione, proseguendo gli studi le ricerche per definire al meglio i protocolli conservativi mediante azioni dirette e indirette\u00bb.<\/em><br \/>\n<strong>L\u2019attivit\u00e0 di monitoraggio diventa quindi un momento di scambio con il pubblico che cos\u00ec pu\u00f2 comprendere quanto sia delicato e complesso il lavoro fatto per mantenere ci\u00f2 che ci \u00e8 stato tramandato,<\/strong> acquisendo una maggiore sensibilit\u00e0 sul concetto di salvaguardia e prevenzione del patrimonio archeologico. Nelle giornate di attivit\u00e0 del team scientifico, i visitatori avranno la possibilit\u00e0 di seguire i lavori in corso attraverso le vetrate di piazza Paolo Orsi e di approfondire vari aspetti relativi agli studi e al restauro dei Bronzi attraverso i contenuti multimediali appositamente predisposti. Inoltre, grazie alla collaborazione con la societ\u00e0 Coopculture, concessionario dei servizi aggiuntivi del MArRC<strong>, i visitatori che acquisteranno il biglietto per le date in cui il progetto Check-up sar\u00e0 all\u2019opera, potranno utilizzare lo stesso titolo di accesso per entrare in sala Bronzi, entro 30 giorni dalla prima data di visita.<\/strong><\/p>\n","protected":false},"excerpt":{"rendered":"<p>Continuano al Museo Archeologico Nazionale di Reggio Calabria le attivit\u00e0 di studio e ricerca legate ad una visione sistemica della programmazione conservativa e di valorizzazione, per accogliere un pubblico sempre&hellip;<\/p>\n","protected":false},"author":12,"featured_media":48926,"comment_status":"closed","ping_status":"open","sticky":false,"template":"","format":"standard","meta":{"_jetpack_memberships_contains_paid_content":false,"footnotes":"","jetpack_publicize_message":"","jetpack_publicize_feature_enabled":true,"jetpack_social_post_already_shared":false,"jetpack_social_options":{"image_generator_settings":{"template":"highway","default_image_id":0,"font":"","enabled":false},"version":2}},"categories":[921,196,140],"tags":[30060,30059,238,30061,30058,479,19332],"class_list":["post-48925","post","type-post","status-publish","format-standard","has-post-thumbnail","hentry","category-home","category-news","category-reggio-calabria","tag-accordo-quadro","tag-avvio-campagna-manutenzione","tag-fabrizio-sudano","tag-istituto-centrale-per-il-restauro-icr","tag-manutenzione-bronzi-di-riace","tag-marrc","tag-porticello"],"yoast_head":"<!-- This site is optimized with the Yoast SEO plugin v27.2 - https:\/\/yoast.com\/product\/yoast-seo-wordpress\/ -->\n<title>MArRC: al via la manutenzione programmata sui Bronzi di Riace<\/title>\n<meta name=\"description\" content=\"Accordo quadro tra il MArRC e l\u2019Istituto Centrale per il Restauro (ICR) per controllo stato di conservazione dei Bronzi di Riace\" \/>\n<meta name=\"robots\" content=\"index, follow, max-snippet:-1, max-image-preview:large, max-video-preview:-1\" \/>\n<link rel=\"canonical\" href=\"https:\/\/progettotouring.it\/radiotouring104\/2024\/04\/10\/marrc-al-via-la-campagna-di-manutenzione-programmata-sui-bronzi-di-riace\/\" \/>\n<meta property=\"og:locale\" content=\"it_IT\" \/>\n<meta property=\"og:type\" content=\"article\" \/>\n<meta property=\"og:title\" content=\"MArRC: al via la manutenzione programmata sui Bronzi di Riace\" \/>\n<meta property=\"og:description\" content=\"Accordo quadro tra il MArRC e l\u2019Istituto Centrale per il Restauro (ICR) per controllo stato di conservazione dei Bronzi di Riace\" \/>\n<meta property=\"og:url\" content=\"https:\/\/progettotouring.it\/radiotouring104\/2024\/04\/10\/marrc-al-via-la-campagna-di-manutenzione-programmata-sui-bronzi-di-riace\/\" \/>\n<meta property=\"og:site_name\" content=\"Radio Touring 104\" \/>\n<meta property=\"article:published_time\" content=\"2024-04-10T10:11:43+00:00\" \/>\n<meta property=\"og:image\" content=\"https:\/\/progettotouring.it\/radiotouring104\/wp-content\/uploads\/sites\/6\/2024\/04\/Restauro-Manutenzione-Bronzi-di-Riace.jpg\" \/>\n\t<meta property=\"og:image:width\" content=\"1210\" \/>\n\t<meta property=\"og:image:height\" content=\"440\" \/>\n\t<meta property=\"og:image:type\" content=\"image\/jpeg\" \/>\n<meta name=\"author\" content=\"Sebastiano Plutino\" \/>\n<meta name=\"twitter:card\" content=\"summary_large_image\" \/>\n<meta name=\"twitter:label1\" content=\"Scritto da\" \/>\n\t<meta name=\"twitter:data1\" content=\"Sebastiano Plutino\" \/>\n\t<meta name=\"twitter:label2\" content=\"Tempo di lettura stimato\" \/>\n\t<meta name=\"twitter:data2\" content=\"5 minuti\" \/>\n<script type=\"application\/ld+json\" class=\"yoast-schema-graph\">{\"@context\":\"https:\/\/schema.org\",\"@graph\":[{\"@type\":\"Article\",\"@id\":\"https:\/\/progettotouring.it\/radiotouring104\/2024\/04\/10\/marrc-al-via-la-campagna-di-manutenzione-programmata-sui-bronzi-di-riace\/#article\",\"isPartOf\":{\"@id\":\"https:\/\/progettotouring.it\/radiotouring104\/2024\/04\/10\/marrc-al-via-la-campagna-di-manutenzione-programmata-sui-bronzi-di-riace\/\"},\"author\":{\"name\":\"Sebastiano Plutino\",\"@id\":\"https:\/\/progettotouring.it\/radiotouring104\/#\/schema\/person\/78613917f1851f041f7483f5af1d422e\"},\"headline\":\"MArRC: al via la campagna di manutenzione programmata sui Bronzi di Riace\",\"datePublished\":\"2024-04-10T10:11:43+00:00\",\"mainEntityOfPage\":{\"@id\":\"https:\/\/progettotouring.it\/radiotouring104\/2024\/04\/10\/marrc-al-via-la-campagna-di-manutenzione-programmata-sui-bronzi-di-riace\/\"},\"wordCount\":1090,\"publisher\":{\"@id\":\"https:\/\/progettotouring.it\/radiotouring104\/#organization\"},\"image\":{\"@id\":\"https:\/\/progettotouring.it\/radiotouring104\/2024\/04\/10\/marrc-al-via-la-campagna-di-manutenzione-programmata-sui-bronzi-di-riace\/#primaryimage\"},\"thumbnailUrl\":\"https:\/\/progettotouring.it\/radiotouring104\/wp-content\/uploads\/sites\/6\/2024\/04\/Restauro-Manutenzione-Bronzi-di-Riace.jpg\",\"keywords\":[\"accordo quadro\",\"avvio campagna manutenzione\",\"fabrizio sudano\",\"Istituto Centrale per il Restauro (ICR)\",\"manutenzione Bronzi di Riace\",\"MArRC\",\"Porticello\"],\"articleSection\":[\"Home\",\"News\",\"Reggio Calabria\"],\"inLanguage\":\"it-IT\"},{\"@type\":\"WebPage\",\"@id\":\"https:\/\/progettotouring.it\/radiotouring104\/2024\/04\/10\/marrc-al-via-la-campagna-di-manutenzione-programmata-sui-bronzi-di-riace\/\",\"url\":\"https:\/\/progettotouring.it\/radiotouring104\/2024\/04\/10\/marrc-al-via-la-campagna-di-manutenzione-programmata-sui-bronzi-di-riace\/\",\"name\":\"MArRC: al via la manutenzione programmata sui Bronzi di Riace\",\"isPartOf\":{\"@id\":\"https:\/\/progettotouring.it\/radiotouring104\/#website\"},\"primaryImageOfPage\":{\"@id\":\"https:\/\/progettotouring.it\/radiotouring104\/2024\/04\/10\/marrc-al-via-la-campagna-di-manutenzione-programmata-sui-bronzi-di-riace\/#primaryimage\"},\"image\":{\"@id\":\"https:\/\/progettotouring.it\/radiotouring104\/2024\/04\/10\/marrc-al-via-la-campagna-di-manutenzione-programmata-sui-bronzi-di-riace\/#primaryimage\"},\"thumbnailUrl\":\"https:\/\/progettotouring.it\/radiotouring104\/wp-content\/uploads\/sites\/6\/2024\/04\/Restauro-Manutenzione-Bronzi-di-Riace.jpg\",\"datePublished\":\"2024-04-10T10:11:43+00:00\",\"description\":\"Accordo quadro tra il MArRC e l\u2019Istituto Centrale per il Restauro (ICR) per controllo stato di conservazione dei Bronzi di Riace\",\"breadcrumb\":{\"@id\":\"https:\/\/progettotouring.it\/radiotouring104\/2024\/04\/10\/marrc-al-via-la-campagna-di-manutenzione-programmata-sui-bronzi-di-riace\/#breadcrumb\"},\"inLanguage\":\"it-IT\",\"potentialAction\":[{\"@type\":\"ReadAction\",\"target\":[\"https:\/\/progettotouring.it\/radiotouring104\/2024\/04\/10\/marrc-al-via-la-campagna-di-manutenzione-programmata-sui-bronzi-di-riace\/\"]}]},{\"@type\":\"ImageObject\",\"inLanguage\":\"it-IT\",\"@id\":\"https:\/\/progettotouring.it\/radiotouring104\/2024\/04\/10\/marrc-al-via-la-campagna-di-manutenzione-programmata-sui-bronzi-di-riace\/#primaryimage\",\"url\":\"https:\/\/progettotouring.it\/radiotouring104\/wp-content\/uploads\/sites\/6\/2024\/04\/Restauro-Manutenzione-Bronzi-di-Riace.jpg\",\"contentUrl\":\"https:\/\/progettotouring.it\/radiotouring104\/wp-content\/uploads\/sites\/6\/2024\/04\/Restauro-Manutenzione-Bronzi-di-Riace.jpg\",\"width\":1210,\"height\":440},{\"@type\":\"BreadcrumbList\",\"@id\":\"https:\/\/progettotouring.it\/radiotouring104\/2024\/04\/10\/marrc-al-via-la-campagna-di-manutenzione-programmata-sui-bronzi-di-riace\/#breadcrumb\",\"itemListElement\":[{\"@type\":\"ListItem\",\"position\":1,\"name\":\"Home\",\"item\":\"https:\/\/progettotouring.it\/radiotouring104\/\"},{\"@type\":\"ListItem\",\"position\":2,\"name\":\"MArRC: al via la campagna di manutenzione programmata sui Bronzi di Riace\"}]},{\"@type\":\"WebSite\",\"@id\":\"https:\/\/progettotouring.it\/radiotouring104\/#website\",\"url\":\"https:\/\/progettotouring.it\/radiotouring104\/\",\"name\":\"Radio Touring 104\",\"description\":\"La prima radio Reggina\",\"publisher\":{\"@id\":\"https:\/\/progettotouring.it\/radiotouring104\/#organization\"},\"potentialAction\":[{\"@type\":\"SearchAction\",\"target\":{\"@type\":\"EntryPoint\",\"urlTemplate\":\"https:\/\/progettotouring.it\/radiotouring104\/?s={search_term_string}\"},\"query-input\":{\"@type\":\"PropertyValueSpecification\",\"valueRequired\":true,\"valueName\":\"search_term_string\"}}],\"inLanguage\":\"it-IT\"},{\"@type\":\"Organization\",\"@id\":\"https:\/\/progettotouring.it\/radiotouring104\/#organization\",\"name\":\"Radio Touring 104\",\"url\":\"https:\/\/progettotouring.it\/radiotouring104\/\",\"logo\":{\"@type\":\"ImageObject\",\"inLanguage\":\"it-IT\",\"@id\":\"https:\/\/progettotouring.it\/radiotouring104\/#\/schema\/logo\/image\/\",\"url\":\"https:\/\/progettotouring.it\/radiotouring104\/wp-content\/uploads\/sites\/6\/2022\/02\/cropped-logo-radio-touring-104.png\",\"contentUrl\":\"https:\/\/progettotouring.it\/radiotouring104\/wp-content\/uploads\/sites\/6\/2022\/02\/cropped-logo-radio-touring-104.png\",\"width\":377,\"height\":182,\"caption\":\"Radio Touring 104\"},\"image\":{\"@id\":\"https:\/\/progettotouring.it\/radiotouring104\/#\/schema\/logo\/image\/\"}},{\"@type\":\"Person\",\"@id\":\"https:\/\/progettotouring.it\/radiotouring104\/#\/schema\/person\/78613917f1851f041f7483f5af1d422e\",\"name\":\"Sebastiano Plutino\",\"image\":{\"@type\":\"ImageObject\",\"inLanguage\":\"it-IT\",\"@id\":\"https:\/\/secure.gravatar.com\/avatar\/0546ffaa9b79224faf9f2a156b67a529ae861d3287c66c1d8ccfdf909bcba78d?s=96&d=mm&r=g\",\"url\":\"https:\/\/secure.gravatar.com\/avatar\/0546ffaa9b79224faf9f2a156b67a529ae861d3287c66c1d8ccfdf909bcba78d?s=96&d=mm&r=g\",\"contentUrl\":\"https:\/\/secure.gravatar.com\/avatar\/0546ffaa9b79224faf9f2a156b67a529ae861d3287c66c1d8ccfdf909bcba78d?s=96&d=mm&r=g\",\"caption\":\"Sebastiano Plutino\"},\"url\":\"https:\/\/progettotouring.it\/radiotouring104\/author\/sebastiano\/\"}]}<\/script>\n<!-- \/ Yoast SEO plugin. -->","yoast_head_json":{"title":"MArRC: al via la manutenzione programmata sui Bronzi di Riace","description":"Accordo quadro tra il MArRC e l\u2019Istituto Centrale per il Restauro (ICR) per controllo stato di conservazione dei Bronzi di Riace","robots":{"index":"index","follow":"follow","max-snippet":"max-snippet:-1","max-image-preview":"max-image-preview:large","max-video-preview":"max-video-preview:-1"},"canonical":"https:\/\/progettotouring.it\/radiotouring104\/2024\/04\/10\/marrc-al-via-la-campagna-di-manutenzione-programmata-sui-bronzi-di-riace\/","og_locale":"it_IT","og_type":"article","og_title":"MArRC: al via la manutenzione programmata sui Bronzi di Riace","og_description":"Accordo quadro tra il MArRC e l\u2019Istituto Centrale per il Restauro (ICR) per controllo stato di conservazione dei Bronzi di Riace","og_url":"https:\/\/progettotouring.it\/radiotouring104\/2024\/04\/10\/marrc-al-via-la-campagna-di-manutenzione-programmata-sui-bronzi-di-riace\/","og_site_name":"Radio Touring 104","article_published_time":"2024-04-10T10:11:43+00:00","og_image":[{"width":1210,"height":440,"url":"https:\/\/progettotouring.it\/radiotouring104\/wp-content\/uploads\/sites\/6\/2024\/04\/Restauro-Manutenzione-Bronzi-di-Riace.jpg","type":"image\/jpeg"}],"author":"Sebastiano Plutino","twitter_card":"summary_large_image","twitter_misc":{"Scritto da":"Sebastiano Plutino","Tempo di lettura stimato":"5 minuti"},"schema":{"@context":"https:\/\/schema.org","@graph":[{"@type":"Article","@id":"https:\/\/progettotouring.it\/radiotouring104\/2024\/04\/10\/marrc-al-via-la-campagna-di-manutenzione-programmata-sui-bronzi-di-riace\/#article","isPartOf":{"@id":"https:\/\/progettotouring.it\/radiotouring104\/2024\/04\/10\/marrc-al-via-la-campagna-di-manutenzione-programmata-sui-bronzi-di-riace\/"},"author":{"name":"Sebastiano Plutino","@id":"https:\/\/progettotouring.it\/radiotouring104\/#\/schema\/person\/78613917f1851f041f7483f5af1d422e"},"headline":"MArRC: al via la campagna di manutenzione programmata sui Bronzi di Riace","datePublished":"2024-04-10T10:11:43+00:00","mainEntityOfPage":{"@id":"https:\/\/progettotouring.it\/radiotouring104\/2024\/04\/10\/marrc-al-via-la-campagna-di-manutenzione-programmata-sui-bronzi-di-riace\/"},"wordCount":1090,"publisher":{"@id":"https:\/\/progettotouring.it\/radiotouring104\/#organization"},"image":{"@id":"https:\/\/progettotouring.it\/radiotouring104\/2024\/04\/10\/marrc-al-via-la-campagna-di-manutenzione-programmata-sui-bronzi-di-riace\/#primaryimage"},"thumbnailUrl":"https:\/\/progettotouring.it\/radiotouring104\/wp-content\/uploads\/sites\/6\/2024\/04\/Restauro-Manutenzione-Bronzi-di-Riace.jpg","keywords":["accordo quadro","avvio campagna manutenzione","fabrizio sudano","Istituto Centrale per il Restauro (ICR)","manutenzione Bronzi di Riace","MArRC","Porticello"],"articleSection":["Home","News","Reggio Calabria"],"inLanguage":"it-IT"},{"@type":"WebPage","@id":"https:\/\/progettotouring.it\/radiotouring104\/2024\/04\/10\/marrc-al-via-la-campagna-di-manutenzione-programmata-sui-bronzi-di-riace\/","url":"https:\/\/progettotouring.it\/radiotouring104\/2024\/04\/10\/marrc-al-via-la-campagna-di-manutenzione-programmata-sui-bronzi-di-riace\/","name":"MArRC: al via la manutenzione programmata sui Bronzi di Riace","isPartOf":{"@id":"https:\/\/progettotouring.it\/radiotouring104\/#website"},"primaryImageOfPage":{"@id":"https:\/\/progettotouring.it\/radiotouring104\/2024\/04\/10\/marrc-al-via-la-campagna-di-manutenzione-programmata-sui-bronzi-di-riace\/#primaryimage"},"image":{"@id":"https:\/\/progettotouring.it\/radiotouring104\/2024\/04\/10\/marrc-al-via-la-campagna-di-manutenzione-programmata-sui-bronzi-di-riace\/#primaryimage"},"thumbnailUrl":"https:\/\/progettotouring.it\/radiotouring104\/wp-content\/uploads\/sites\/6\/2024\/04\/Restauro-Manutenzione-Bronzi-di-Riace.jpg","datePublished":"2024-04-10T10:11:43+00:00","description":"Accordo quadro tra il MArRC e l\u2019Istituto Centrale per il Restauro (ICR) per controllo stato di conservazione dei Bronzi di Riace","breadcrumb":{"@id":"https:\/\/progettotouring.it\/radiotouring104\/2024\/04\/10\/marrc-al-via-la-campagna-di-manutenzione-programmata-sui-bronzi-di-riace\/#breadcrumb"},"inLanguage":"it-IT","potentialAction":[{"@type":"ReadAction","target":["https:\/\/progettotouring.it\/radiotouring104\/2024\/04\/10\/marrc-al-via-la-campagna-di-manutenzione-programmata-sui-bronzi-di-riace\/"]}]},{"@type":"ImageObject","inLanguage":"it-IT","@id":"https:\/\/progettotouring.it\/radiotouring104\/2024\/04\/10\/marrc-al-via-la-campagna-di-manutenzione-programmata-sui-bronzi-di-riace\/#primaryimage","url":"https:\/\/progettotouring.it\/radiotouring104\/wp-content\/uploads\/sites\/6\/2024\/04\/Restauro-Manutenzione-Bronzi-di-Riace.jpg","contentUrl":"https:\/\/progettotouring.it\/radiotouring104\/wp-content\/uploads\/sites\/6\/2024\/04\/Restauro-Manutenzione-Bronzi-di-Riace.jpg","width":1210,"height":440},{"@type":"BreadcrumbList","@id":"https:\/\/progettotouring.it\/radiotouring104\/2024\/04\/10\/marrc-al-via-la-campagna-di-manutenzione-programmata-sui-bronzi-di-riace\/#breadcrumb","itemListElement":[{"@type":"ListItem","position":1,"name":"Home","item":"https:\/\/progettotouring.it\/radiotouring104\/"},{"@type":"ListItem","position":2,"name":"MArRC: al via la campagna di manutenzione programmata sui Bronzi di Riace"}]},{"@type":"WebSite","@id":"https:\/\/progettotouring.it\/radiotouring104\/#website","url":"https:\/\/progettotouring.it\/radiotouring104\/","name":"Radio Touring 104","description":"La prima radio Reggina","publisher":{"@id":"https:\/\/progettotouring.it\/radiotouring104\/#organization"},"potentialAction":[{"@type":"SearchAction","target":{"@type":"EntryPoint","urlTemplate":"https:\/\/progettotouring.it\/radiotouring104\/?s={search_term_string}"},"query-input":{"@type":"PropertyValueSpecification","valueRequired":true,"valueName":"search_term_string"}}],"inLanguage":"it-IT"},{"@type":"Organization","@id":"https:\/\/progettotouring.it\/radiotouring104\/#organization","name":"Radio Touring 104","url":"https:\/\/progettotouring.it\/radiotouring104\/","logo":{"@type":"ImageObject","inLanguage":"it-IT","@id":"https:\/\/progettotouring.it\/radiotouring104\/#\/schema\/logo\/image\/","url":"https:\/\/progettotouring.it\/radiotouring104\/wp-content\/uploads\/sites\/6\/2022\/02\/cropped-logo-radio-touring-104.png","contentUrl":"https:\/\/progettotouring.it\/radiotouring104\/wp-content\/uploads\/sites\/6\/2022\/02\/cropped-logo-radio-touring-104.png","width":377,"height":182,"caption":"Radio Touring 104"},"image":{"@id":"https:\/\/progettotouring.it\/radiotouring104\/#\/schema\/logo\/image\/"}},{"@type":"Person","@id":"https:\/\/progettotouring.it\/radiotouring104\/#\/schema\/person\/78613917f1851f041f7483f5af1d422e","name":"Sebastiano Plutino","image":{"@type":"ImageObject","inLanguage":"it-IT","@id":"https:\/\/secure.gravatar.com\/avatar\/0546ffaa9b79224faf9f2a156b67a529ae861d3287c66c1d8ccfdf909bcba78d?s=96&d=mm&r=g","url":"https:\/\/secure.gravatar.com\/avatar\/0546ffaa9b79224faf9f2a156b67a529ae861d3287c66c1d8ccfdf909bcba78d?s=96&d=mm&r=g","contentUrl":"https:\/\/secure.gravatar.com\/avatar\/0546ffaa9b79224faf9f2a156b67a529ae861d3287c66c1d8ccfdf909bcba78d?s=96&d=mm&r=g","caption":"Sebastiano Plutino"},"url":"https:\/\/progettotouring.it\/radiotouring104\/author\/sebastiano\/"}]}},"jetpack_publicize_connections":[],"jetpack_featured_media_url":"https:\/\/progettotouring.it\/radiotouring104\/wp-content\/uploads\/sites\/6\/2024\/04\/Restauro-Manutenzione-Bronzi-di-Riace.jpg","jetpack_sharing_enabled":true,"_links":{"self":[{"href":"https:\/\/progettotouring.it\/radiotouring104\/wp-json\/wp\/v2\/posts\/48925","targetHints":{"allow":["GET"]}}],"collection":[{"href":"https:\/\/progettotouring.it\/radiotouring104\/wp-json\/wp\/v2\/posts"}],"about":[{"href":"https:\/\/progettotouring.it\/radiotouring104\/wp-json\/wp\/v2\/types\/post"}],"author":[{"embeddable":true,"href":"https:\/\/progettotouring.it\/radiotouring104\/wp-json\/wp\/v2\/users\/12"}],"replies":[{"embeddable":true,"href":"https:\/\/progettotouring.it\/radiotouring104\/wp-json\/wp\/v2\/comments?post=48925"}],"version-history":[{"count":1,"href":"https:\/\/progettotouring.it\/radiotouring104\/wp-json\/wp\/v2\/posts\/48925\/revisions"}],"predecessor-version":[{"id":48927,"href":"https:\/\/progettotouring.it\/radiotouring104\/wp-json\/wp\/v2\/posts\/48925\/revisions\/48927"}],"wp:featuredmedia":[{"embeddable":true,"href":"https:\/\/progettotouring.it\/radiotouring104\/wp-json\/wp\/v2\/media\/48926"}],"wp:attachment":[{"href":"https:\/\/progettotouring.it\/radiotouring104\/wp-json\/wp\/v2\/media?parent=48925"}],"wp:term":[{"taxonomy":"category","embeddable":true,"href":"https:\/\/progettotouring.it\/radiotouring104\/wp-json\/wp\/v2\/categories?post=48925"},{"taxonomy":"post_tag","embeddable":true,"href":"https:\/\/progettotouring.it\/radiotouring104\/wp-json\/wp\/v2\/tags?post=48925"}],"curies":[{"name":"wp","href":"https:\/\/api.w.org\/{rel}","templated":true}]}}