{"id":49014,"date":"2024-04-12T09:27:07","date_gmt":"2024-04-12T07:27:07","guid":{"rendered":"https:\/\/progettotouring.it\/radiotouring104\/?p=49014"},"modified":"2024-04-12T09:27:07","modified_gmt":"2024-04-12T07:27:07","slug":"reggio-comune-consegna-palazzo-piacentini-al-marrc","status":"publish","type":"post","link":"https:\/\/progettotouring.it\/radiotouring104\/2024\/04\/12\/reggio-comune-consegna-palazzo-piacentini-al-marrc\/","title":{"rendered":"Reggio: Comune consegna Palazzo Piacentini al MArRC"},"content":{"rendered":"<p style=\"text-align: justify\"><em>\u00abLa Citt\u00e0 ha uno straordinario bisogno che il Museo sia parte integrante e protagonista del futuro del territorio. Ed \u00e8 ci\u00f2 che sta accadendo. Il Museo non pu\u00f2 e non deve essere un corpo estraneo. Le aree archeologiche e i beni culturali della trimillenaria storia della nostra citt\u00e0 hanno bisogno di un catalizzatore che non pu\u00f2 essere altro che il museo\u00bb.<\/em><strong> Cos\u00ec il sindaco Giuseppe Falcomat\u00e0 durante la sigla del verbale di consegna dell\u2019immobile<\/strong><em> \u201cPalazzo Piacentini\u201d<\/em> <strong>al Museo Nazionale di Reggio<\/strong> Calabria, <strong>da parte di Antonio Arnoni,<\/strong> Responsabile del Servizio Territoriale Citt\u00e0 Metropolitana di Reggio Calabria dell&#8217;Agenzia del Demanio, <strong>a Fabrizio Sudano,<\/strong> direttore del MArRC, alla presenza del Direttore Regionale <strong>Vittorio Vannini<\/strong> e del Vice-Direttore Regionale <strong>Teodora Neri<\/strong> dell\u2019Agenzia del Demanio.<\/p>\n<p style=\"text-align: justify\"><em>\u00abIntorno al museo la citt\u00e0 pu\u00f2 crescere e con esso vanno costruite sinergie di sviluppo come stiamo facendo<\/em> <strong>&#8211; ha spiegato il primo cittadino &#8211;<\/strong> <em>Vi ringraziamo perch\u00e9 ospitate da sempre tantissimi reperti che raccontano la storia di Reggio e ne recuperano la memoria storica. Non \u00e8 un mistero che insieme al direttore Sudano stiamo lavorando per riportare alla luce tanti reperti che raccontano varie fasi della storia della nostra citt\u00e0. <\/em><em>Con l\u2019atto amministrativo di oggi<\/em> \u2013<strong> ha concluso Falcomat\u00e0<\/strong> &#8211;<em> si supera una difficolt\u00e0 che negli anni aveva creato problematiche. Grazie a questo atto i rapporti diventano bilaterali tra il Comune, proprietario dell\u2019immobile e il Museo che \u00e8 concessionario dell\u2019immobile stesso. Colgo l\u2019occasione per ringraziare il direttore Sudano che ha deciso di sanare questo vulnus. Tra le attivit\u00e0 di riconnessione del museo con le attivit\u00e0 del tessuto culturale cittadini ricordo i lavori che stiamo realizzando al tempietto con un progetto del museo che riporter\u00e0 alla luce reperti archeologici di propriet\u00e0 comunale e che sono stati ospitati a palazzo Piacentini e che saranno esposti per la fruibilit\u00e0 di turisti e cittadini\u00bb.<\/em><\/p>\n<div style=\"text-align: justify\">\n<em>\u00abL\u2019atto di oggi \u00e8 una formalit\u00e0 amministrativa ricercata dal direttore del museo e che noi abbiamo assecondato. Oggi chiudiamo la parte amministrativa e si sapr\u00e0 sicuramente valorizzare una struttura che si prepara ad essere volano di sviluppo non solo per Reggio ma per tutta la Calabria\u00bb<\/em><strong> ha aggiunto Vannini. <\/strong><\/div>\n<div style=\"text-align: justify\"><\/div>\n<div style=\"text-align: justify\"><strong>Per il direttore Sudano:<\/strong> \u00ab<em>E\u2019 la volont\u00e0 concreta di essere riconosciuti autonomi in tutto. Abbiamo una responsabilit\u00e0 enorme ma faremo le cose in sinergia con demanio e Comune, saremo il loro fiore all\u2019occhiello per la cultura\u00bb.<\/em><\/div>\n","protected":false},"excerpt":{"rendered":"<p>\u00abLa Citt\u00e0 ha uno straordinario bisogno che il Museo sia parte integrante e protagonista del futuro del territorio. Ed \u00e8 ci\u00f2 che sta accadendo. Il Museo non pu\u00f2 e non&hellip;<\/p>\n","protected":false},"author":12,"featured_media":49015,"comment_status":"closed","ping_status":"open","sticky":false,"template":"","format":"standard","meta":{"_jetpack_memberships_contains_paid_content":false,"footnotes":"","jetpack_publicize_message":"","jetpack_publicize_feature_enabled":true,"jetpack_social_post_already_shared":false,"jetpack_social_options":{"image_generator_settings":{"template":"highway","default_image_id":0,"font":"","enabled":false},"version":2}},"categories":[921,196,140],"tags":[26424,9778,30132,238,812,16615,5713,30133,26425],"class_list":["post-49014","post","type-post","status-publish","format-standard","has-post-thumbnail","hentry","category-home","category-news","category-reggio-calabria","tag-antonio-arnoni","tag-comune-di-reggio","tag-consegnato-palazzo-piacentini","tag-fabrizio-sudano","tag-giuseppe-falcomata","tag-museo-archeologico-di-reggio-calabria-marrc","tag-palazzo-piacentini","tag-teodora-neri","tag-vittorio-vannini"],"yoast_head":"<!-- This site is optimized with the Yoast SEO plugin v27.2 - https:\/\/yoast.com\/product\/yoast-seo-wordpress\/ -->\n<title>Reggio: Comune consegna Palazzo Piacentini al MArRC<\/title>\n<meta name=\"description\" content=\"Falcomat\u00e0 ha ringraziato Sudano per spirito di collaborazione, anticipando anche che al Tempietto saranno ospitati alcuni reperti\" \/>\n<meta name=\"robots\" content=\"index, follow, max-snippet:-1, max-image-preview:large, max-video-preview:-1\" \/>\n<link rel=\"canonical\" href=\"https:\/\/progettotouring.it\/radiotouring104\/2024\/04\/12\/reggio-comune-consegna-palazzo-piacentini-al-marrc\/\" \/>\n<meta property=\"og:locale\" content=\"it_IT\" \/>\n<meta property=\"og:type\" content=\"article\" \/>\n<meta property=\"og:title\" content=\"Reggio: Comune consegna Palazzo Piacentini al MArRC\" \/>\n<meta property=\"og:description\" content=\"Falcomat\u00e0 ha ringraziato Sudano per spirito di collaborazione, anticipando anche che al Tempietto saranno ospitati alcuni reperti\" \/>\n<meta property=\"og:url\" content=\"https:\/\/progettotouring.it\/radiotouring104\/2024\/04\/12\/reggio-comune-consegna-palazzo-piacentini-al-marrc\/\" \/>\n<meta property=\"og:site_name\" content=\"Radio Touring 104\" \/>\n<meta property=\"article:published_time\" content=\"2024-04-12T07:27:07+00:00\" \/>\n<meta property=\"og:image\" content=\"https:\/\/progettotouring.it\/radiotouring104\/wp-content\/uploads\/sites\/6\/2024\/04\/Falcomata-Sudano-Palazzo-Piacentini.jpeg\" \/>\n\t<meta property=\"og:image:width\" content=\"1600\" \/>\n\t<meta property=\"og:image:height\" content=\"1200\" \/>\n\t<meta property=\"og:image:type\" content=\"image\/jpeg\" \/>\n<meta name=\"author\" content=\"Sebastiano Plutino\" \/>\n<meta name=\"twitter:card\" content=\"summary_large_image\" \/>\n<meta name=\"twitter:label1\" content=\"Scritto da\" \/>\n\t<meta name=\"twitter:data1\" content=\"Sebastiano Plutino\" \/>\n\t<meta name=\"twitter:label2\" content=\"Tempo di lettura stimato\" \/>\n\t<meta name=\"twitter:data2\" content=\"2 minuti\" \/>\n<script type=\"application\/ld+json\" class=\"yoast-schema-graph\">{\"@context\":\"https:\/\/schema.org\",\"@graph\":[{\"@type\":\"Article\",\"@id\":\"https:\/\/progettotouring.it\/radiotouring104\/2024\/04\/12\/reggio-comune-consegna-palazzo-piacentini-al-marrc\/#article\",\"isPartOf\":{\"@id\":\"https:\/\/progettotouring.it\/radiotouring104\/2024\/04\/12\/reggio-comune-consegna-palazzo-piacentini-al-marrc\/\"},\"author\":{\"name\":\"Sebastiano Plutino\",\"@id\":\"https:\/\/progettotouring.it\/radiotouring104\/#\/schema\/person\/78613917f1851f041f7483f5af1d422e\"},\"headline\":\"Reggio: Comune consegna Palazzo Piacentini al MArRC\",\"datePublished\":\"2024-04-12T07:27:07+00:00\",\"mainEntityOfPage\":{\"@id\":\"https:\/\/progettotouring.it\/radiotouring104\/2024\/04\/12\/reggio-comune-consegna-palazzo-piacentini-al-marrc\/\"},\"wordCount\":397,\"publisher\":{\"@id\":\"https:\/\/progettotouring.it\/radiotouring104\/#organization\"},\"image\":{\"@id\":\"https:\/\/progettotouring.it\/radiotouring104\/2024\/04\/12\/reggio-comune-consegna-palazzo-piacentini-al-marrc\/#primaryimage\"},\"thumbnailUrl\":\"https:\/\/progettotouring.it\/radiotouring104\/wp-content\/uploads\/sites\/6\/2024\/04\/Falcomata-Sudano-Palazzo-Piacentini.jpeg\",\"keywords\":[\"Antonio Arnoni\",\"Comune di Reggio\",\"Consegnato Palazzo Piacentini\",\"fabrizio sudano\",\"Giuseppe Falcomat\u00e0\",\"Museo Archeologico di Reggio Calabria \u2013 MarRC\",\"Palazzo Piacentini\",\"Teodora Neri\",\"Vittorio Vannini\"],\"articleSection\":[\"Home\",\"News\",\"Reggio Calabria\"],\"inLanguage\":\"it-IT\"},{\"@type\":\"WebPage\",\"@id\":\"https:\/\/progettotouring.it\/radiotouring104\/2024\/04\/12\/reggio-comune-consegna-palazzo-piacentini-al-marrc\/\",\"url\":\"https:\/\/progettotouring.it\/radiotouring104\/2024\/04\/12\/reggio-comune-consegna-palazzo-piacentini-al-marrc\/\",\"name\":\"Reggio: Comune consegna Palazzo Piacentini al MArRC\",\"isPartOf\":{\"@id\":\"https:\/\/progettotouring.it\/radiotouring104\/#website\"},\"primaryImageOfPage\":{\"@id\":\"https:\/\/progettotouring.it\/radiotouring104\/2024\/04\/12\/reggio-comune-consegna-palazzo-piacentini-al-marrc\/#primaryimage\"},\"image\":{\"@id\":\"https:\/\/progettotouring.it\/radiotouring104\/2024\/04\/12\/reggio-comune-consegna-palazzo-piacentini-al-marrc\/#primaryimage\"},\"thumbnailUrl\":\"https:\/\/progettotouring.it\/radiotouring104\/wp-content\/uploads\/sites\/6\/2024\/04\/Falcomata-Sudano-Palazzo-Piacentini.jpeg\",\"datePublished\":\"2024-04-12T07:27:07+00:00\",\"description\":\"Falcomat\u00e0 ha ringraziato Sudano per spirito di collaborazione, anticipando anche che al Tempietto saranno ospitati alcuni reperti\",\"breadcrumb\":{\"@id\":\"https:\/\/progettotouring.it\/radiotouring104\/2024\/04\/12\/reggio-comune-consegna-palazzo-piacentini-al-marrc\/#breadcrumb\"},\"inLanguage\":\"it-IT\",\"potentialAction\":[{\"@type\":\"ReadAction\",\"target\":[\"https:\/\/progettotouring.it\/radiotouring104\/2024\/04\/12\/reggio-comune-consegna-palazzo-piacentini-al-marrc\/\"]}]},{\"@type\":\"ImageObject\",\"inLanguage\":\"it-IT\",\"@id\":\"https:\/\/progettotouring.it\/radiotouring104\/2024\/04\/12\/reggio-comune-consegna-palazzo-piacentini-al-marrc\/#primaryimage\",\"url\":\"https:\/\/progettotouring.it\/radiotouring104\/wp-content\/uploads\/sites\/6\/2024\/04\/Falcomata-Sudano-Palazzo-Piacentini.jpeg\",\"contentUrl\":\"https:\/\/progettotouring.it\/radiotouring104\/wp-content\/uploads\/sites\/6\/2024\/04\/Falcomata-Sudano-Palazzo-Piacentini.jpeg\",\"width\":1600,\"height\":1200},{\"@type\":\"BreadcrumbList\",\"@id\":\"https:\/\/progettotouring.it\/radiotouring104\/2024\/04\/12\/reggio-comune-consegna-palazzo-piacentini-al-marrc\/#breadcrumb\",\"itemListElement\":[{\"@type\":\"ListItem\",\"position\":1,\"name\":\"Home\",\"item\":\"https:\/\/progettotouring.it\/radiotouring104\/\"},{\"@type\":\"ListItem\",\"position\":2,\"name\":\"Reggio: Comune consegna Palazzo Piacentini al MArRC\"}]},{\"@type\":\"WebSite\",\"@id\":\"https:\/\/progettotouring.it\/radiotouring104\/#website\",\"url\":\"https:\/\/progettotouring.it\/radiotouring104\/\",\"name\":\"Radio Touring 104\",\"description\":\"La prima radio Reggina\",\"publisher\":{\"@id\":\"https:\/\/progettotouring.it\/radiotouring104\/#organization\"},\"potentialAction\":[{\"@type\":\"SearchAction\",\"target\":{\"@type\":\"EntryPoint\",\"urlTemplate\":\"https:\/\/progettotouring.it\/radiotouring104\/?s={search_term_string}\"},\"query-input\":{\"@type\":\"PropertyValueSpecification\",\"valueRequired\":true,\"valueName\":\"search_term_string\"}}],\"inLanguage\":\"it-IT\"},{\"@type\":\"Organization\",\"@id\":\"https:\/\/progettotouring.it\/radiotouring104\/#organization\",\"name\":\"Radio Touring 104\",\"url\":\"https:\/\/progettotouring.it\/radiotouring104\/\",\"logo\":{\"@type\":\"ImageObject\",\"inLanguage\":\"it-IT\",\"@id\":\"https:\/\/progettotouring.it\/radiotouring104\/#\/schema\/logo\/image\/\",\"url\":\"https:\/\/progettotouring.it\/radiotouring104\/wp-content\/uploads\/sites\/6\/2022\/02\/cropped-logo-radio-touring-104.png\",\"contentUrl\":\"https:\/\/progettotouring.it\/radiotouring104\/wp-content\/uploads\/sites\/6\/2022\/02\/cropped-logo-radio-touring-104.png\",\"width\":377,\"height\":182,\"caption\":\"Radio Touring 104\"},\"image\":{\"@id\":\"https:\/\/progettotouring.it\/radiotouring104\/#\/schema\/logo\/image\/\"}},{\"@type\":\"Person\",\"@id\":\"https:\/\/progettotouring.it\/radiotouring104\/#\/schema\/person\/78613917f1851f041f7483f5af1d422e\",\"name\":\"Sebastiano Plutino\",\"image\":{\"@type\":\"ImageObject\",\"inLanguage\":\"it-IT\",\"@id\":\"https:\/\/secure.gravatar.com\/avatar\/0546ffaa9b79224faf9f2a156b67a529ae861d3287c66c1d8ccfdf909bcba78d?s=96&d=mm&r=g\",\"url\":\"https:\/\/secure.gravatar.com\/avatar\/0546ffaa9b79224faf9f2a156b67a529ae861d3287c66c1d8ccfdf909bcba78d?s=96&d=mm&r=g\",\"contentUrl\":\"https:\/\/secure.gravatar.com\/avatar\/0546ffaa9b79224faf9f2a156b67a529ae861d3287c66c1d8ccfdf909bcba78d?s=96&d=mm&r=g\",\"caption\":\"Sebastiano Plutino\"},\"url\":\"https:\/\/progettotouring.it\/radiotouring104\/author\/sebastiano\/\"}]}<\/script>\n<!-- \/ Yoast SEO plugin. -->","yoast_head_json":{"title":"Reggio: Comune consegna Palazzo Piacentini al MArRC","description":"Falcomat\u00e0 ha ringraziato Sudano per spirito di collaborazione, anticipando anche che al Tempietto saranno ospitati alcuni reperti","robots":{"index":"index","follow":"follow","max-snippet":"max-snippet:-1","max-image-preview":"max-image-preview:large","max-video-preview":"max-video-preview:-1"},"canonical":"https:\/\/progettotouring.it\/radiotouring104\/2024\/04\/12\/reggio-comune-consegna-palazzo-piacentini-al-marrc\/","og_locale":"it_IT","og_type":"article","og_title":"Reggio: Comune consegna Palazzo Piacentini al MArRC","og_description":"Falcomat\u00e0 ha ringraziato Sudano per spirito di collaborazione, anticipando anche che al Tempietto saranno ospitati alcuni reperti","og_url":"https:\/\/progettotouring.it\/radiotouring104\/2024\/04\/12\/reggio-comune-consegna-palazzo-piacentini-al-marrc\/","og_site_name":"Radio Touring 104","article_published_time":"2024-04-12T07:27:07+00:00","og_image":[{"width":1600,"height":1200,"url":"https:\/\/progettotouring.it\/radiotouring104\/wp-content\/uploads\/sites\/6\/2024\/04\/Falcomata-Sudano-Palazzo-Piacentini.jpeg","type":"image\/jpeg"}],"author":"Sebastiano Plutino","twitter_card":"summary_large_image","twitter_misc":{"Scritto da":"Sebastiano Plutino","Tempo di lettura stimato":"2 minuti"},"schema":{"@context":"https:\/\/schema.org","@graph":[{"@type":"Article","@id":"https:\/\/progettotouring.it\/radiotouring104\/2024\/04\/12\/reggio-comune-consegna-palazzo-piacentini-al-marrc\/#article","isPartOf":{"@id":"https:\/\/progettotouring.it\/radiotouring104\/2024\/04\/12\/reggio-comune-consegna-palazzo-piacentini-al-marrc\/"},"author":{"name":"Sebastiano Plutino","@id":"https:\/\/progettotouring.it\/radiotouring104\/#\/schema\/person\/78613917f1851f041f7483f5af1d422e"},"headline":"Reggio: Comune consegna Palazzo Piacentini al MArRC","datePublished":"2024-04-12T07:27:07+00:00","mainEntityOfPage":{"@id":"https:\/\/progettotouring.it\/radiotouring104\/2024\/04\/12\/reggio-comune-consegna-palazzo-piacentini-al-marrc\/"},"wordCount":397,"publisher":{"@id":"https:\/\/progettotouring.it\/radiotouring104\/#organization"},"image":{"@id":"https:\/\/progettotouring.it\/radiotouring104\/2024\/04\/12\/reggio-comune-consegna-palazzo-piacentini-al-marrc\/#primaryimage"},"thumbnailUrl":"https:\/\/progettotouring.it\/radiotouring104\/wp-content\/uploads\/sites\/6\/2024\/04\/Falcomata-Sudano-Palazzo-Piacentini.jpeg","keywords":["Antonio Arnoni","Comune di Reggio","Consegnato Palazzo Piacentini","fabrizio sudano","Giuseppe Falcomat\u00e0","Museo Archeologico di Reggio Calabria \u2013 MarRC","Palazzo Piacentini","Teodora Neri","Vittorio Vannini"],"articleSection":["Home","News","Reggio Calabria"],"inLanguage":"it-IT"},{"@type":"WebPage","@id":"https:\/\/progettotouring.it\/radiotouring104\/2024\/04\/12\/reggio-comune-consegna-palazzo-piacentini-al-marrc\/","url":"https:\/\/progettotouring.it\/radiotouring104\/2024\/04\/12\/reggio-comune-consegna-palazzo-piacentini-al-marrc\/","name":"Reggio: Comune consegna Palazzo Piacentini al MArRC","isPartOf":{"@id":"https:\/\/progettotouring.it\/radiotouring104\/#website"},"primaryImageOfPage":{"@id":"https:\/\/progettotouring.it\/radiotouring104\/2024\/04\/12\/reggio-comune-consegna-palazzo-piacentini-al-marrc\/#primaryimage"},"image":{"@id":"https:\/\/progettotouring.it\/radiotouring104\/2024\/04\/12\/reggio-comune-consegna-palazzo-piacentini-al-marrc\/#primaryimage"},"thumbnailUrl":"https:\/\/progettotouring.it\/radiotouring104\/wp-content\/uploads\/sites\/6\/2024\/04\/Falcomata-Sudano-Palazzo-Piacentini.jpeg","datePublished":"2024-04-12T07:27:07+00:00","description":"Falcomat\u00e0 ha ringraziato Sudano per spirito di collaborazione, anticipando anche che al Tempietto saranno ospitati alcuni reperti","breadcrumb":{"@id":"https:\/\/progettotouring.it\/radiotouring104\/2024\/04\/12\/reggio-comune-consegna-palazzo-piacentini-al-marrc\/#breadcrumb"},"inLanguage":"it-IT","potentialAction":[{"@type":"ReadAction","target":["https:\/\/progettotouring.it\/radiotouring104\/2024\/04\/12\/reggio-comune-consegna-palazzo-piacentini-al-marrc\/"]}]},{"@type":"ImageObject","inLanguage":"it-IT","@id":"https:\/\/progettotouring.it\/radiotouring104\/2024\/04\/12\/reggio-comune-consegna-palazzo-piacentini-al-marrc\/#primaryimage","url":"https:\/\/progettotouring.it\/radiotouring104\/wp-content\/uploads\/sites\/6\/2024\/04\/Falcomata-Sudano-Palazzo-Piacentini.jpeg","contentUrl":"https:\/\/progettotouring.it\/radiotouring104\/wp-content\/uploads\/sites\/6\/2024\/04\/Falcomata-Sudano-Palazzo-Piacentini.jpeg","width":1600,"height":1200},{"@type":"BreadcrumbList","@id":"https:\/\/progettotouring.it\/radiotouring104\/2024\/04\/12\/reggio-comune-consegna-palazzo-piacentini-al-marrc\/#breadcrumb","itemListElement":[{"@type":"ListItem","position":1,"name":"Home","item":"https:\/\/progettotouring.it\/radiotouring104\/"},{"@type":"ListItem","position":2,"name":"Reggio: Comune consegna Palazzo Piacentini al MArRC"}]},{"@type":"WebSite","@id":"https:\/\/progettotouring.it\/radiotouring104\/#website","url":"https:\/\/progettotouring.it\/radiotouring104\/","name":"Radio Touring 104","description":"La prima radio Reggina","publisher":{"@id":"https:\/\/progettotouring.it\/radiotouring104\/#organization"},"potentialAction":[{"@type":"SearchAction","target":{"@type":"EntryPoint","urlTemplate":"https:\/\/progettotouring.it\/radiotouring104\/?s={search_term_string}"},"query-input":{"@type":"PropertyValueSpecification","valueRequired":true,"valueName":"search_term_string"}}],"inLanguage":"it-IT"},{"@type":"Organization","@id":"https:\/\/progettotouring.it\/radiotouring104\/#organization","name":"Radio Touring 104","url":"https:\/\/progettotouring.it\/radiotouring104\/","logo":{"@type":"ImageObject","inLanguage":"it-IT","@id":"https:\/\/progettotouring.it\/radiotouring104\/#\/schema\/logo\/image\/","url":"https:\/\/progettotouring.it\/radiotouring104\/wp-content\/uploads\/sites\/6\/2022\/02\/cropped-logo-radio-touring-104.png","contentUrl":"https:\/\/progettotouring.it\/radiotouring104\/wp-content\/uploads\/sites\/6\/2022\/02\/cropped-logo-radio-touring-104.png","width":377,"height":182,"caption":"Radio Touring 104"},"image":{"@id":"https:\/\/progettotouring.it\/radiotouring104\/#\/schema\/logo\/image\/"}},{"@type":"Person","@id":"https:\/\/progettotouring.it\/radiotouring104\/#\/schema\/person\/78613917f1851f041f7483f5af1d422e","name":"Sebastiano Plutino","image":{"@type":"ImageObject","inLanguage":"it-IT","@id":"https:\/\/secure.gravatar.com\/avatar\/0546ffaa9b79224faf9f2a156b67a529ae861d3287c66c1d8ccfdf909bcba78d?s=96&d=mm&r=g","url":"https:\/\/secure.gravatar.com\/avatar\/0546ffaa9b79224faf9f2a156b67a529ae861d3287c66c1d8ccfdf909bcba78d?s=96&d=mm&r=g","contentUrl":"https:\/\/secure.gravatar.com\/avatar\/0546ffaa9b79224faf9f2a156b67a529ae861d3287c66c1d8ccfdf909bcba78d?s=96&d=mm&r=g","caption":"Sebastiano Plutino"},"url":"https:\/\/progettotouring.it\/radiotouring104\/author\/sebastiano\/"}]}},"jetpack_publicize_connections":[],"jetpack_featured_media_url":"https:\/\/progettotouring.it\/radiotouring104\/wp-content\/uploads\/sites\/6\/2024\/04\/Falcomata-Sudano-Palazzo-Piacentini.jpeg","jetpack_sharing_enabled":true,"_links":{"self":[{"href":"https:\/\/progettotouring.it\/radiotouring104\/wp-json\/wp\/v2\/posts\/49014","targetHints":{"allow":["GET"]}}],"collection":[{"href":"https:\/\/progettotouring.it\/radiotouring104\/wp-json\/wp\/v2\/posts"}],"about":[{"href":"https:\/\/progettotouring.it\/radiotouring104\/wp-json\/wp\/v2\/types\/post"}],"author":[{"embeddable":true,"href":"https:\/\/progettotouring.it\/radiotouring104\/wp-json\/wp\/v2\/users\/12"}],"replies":[{"embeddable":true,"href":"https:\/\/progettotouring.it\/radiotouring104\/wp-json\/wp\/v2\/comments?post=49014"}],"version-history":[{"count":1,"href":"https:\/\/progettotouring.it\/radiotouring104\/wp-json\/wp\/v2\/posts\/49014\/revisions"}],"predecessor-version":[{"id":49016,"href":"https:\/\/progettotouring.it\/radiotouring104\/wp-json\/wp\/v2\/posts\/49014\/revisions\/49016"}],"wp:featuredmedia":[{"embeddable":true,"href":"https:\/\/progettotouring.it\/radiotouring104\/wp-json\/wp\/v2\/media\/49015"}],"wp:attachment":[{"href":"https:\/\/progettotouring.it\/radiotouring104\/wp-json\/wp\/v2\/media?parent=49014"}],"wp:term":[{"taxonomy":"category","embeddable":true,"href":"https:\/\/progettotouring.it\/radiotouring104\/wp-json\/wp\/v2\/categories?post=49014"},{"taxonomy":"post_tag","embeddable":true,"href":"https:\/\/progettotouring.it\/radiotouring104\/wp-json\/wp\/v2\/tags?post=49014"}],"curies":[{"name":"wp","href":"https:\/\/api.w.org\/{rel}","templated":true}]}}