{"id":4917,"date":"2022-05-07T18:27:42","date_gmt":"2022-05-07T16:27:42","guid":{"rendered":"https:\/\/progettotouring.it\/radiotouring104\/?p=4917"},"modified":"2022-05-07T18:27:54","modified_gmt":"2022-05-07T16:27:54","slug":"gioia-tauro-reggio-calabria-accanto-ai-primi-cittadini-per-dire-no-al-raddoppio-dellinceneritore","status":"publish","type":"post","link":"https:\/\/progettotouring.it\/radiotouring104\/2022\/05\/07\/gioia-tauro-reggio-calabria-accanto-ai-primi-cittadini-per-dire-no-al-raddoppio-dellinceneritore\/","title":{"rendered":"Gioia Tauro, Reggio Calabria accanto ai primi cittadini per dire no al raddoppio dell&#8217;inceneritore"},"content":{"rendered":"<p style=\"text-align: justify;\">Si sono ritrovati questa mattina in Piazza dell&#8217;Incontro, nel cuore di Gioia Tauro, i Sindaci, le associazioni e i cittadini della Piana per ribadire il no all&#8217;ipotesi di raddoppio dell&#8217;inceneritore maturata nell&#8217;ambito dell&#8217;Ato unica regionale. Una manifestazione coordinata dal Sindaco di Gioia Tauro, Aldo Alessio e a cui hanno preso parte anche i Sindaci f.f. di Citt\u00e0 metropolitana e Comune di Reggio Calabria, Carmelo Versace e Paolo Brunetti.<\/p>\n<p>&#8220;E&#8217; in atto in questo momento un&#8217;interlocuzione con il ministero a cui abbiamo inviato tutta la documentazione riguardante la possibilit\u00e0 di impugnare la legge regionale. Azione, quest&#8217;ultima, che pu\u00f2 compiere solo il ministero naturalmente\u201d, ha affermato il Sindaco metropolitano f.f. Versace. \u201cSiamo stati finalmente convocati dal presidente Occhiuto per marted\u00ec prossimo \u2013 ha poi aggiunto il rappresentante di Palazzo Alvaro &#8211; per una riunione formale e dunque auspichiamo che questa iniziativa possa segnare la ripresa di un dialogo aperto e costruttivo non solo sul futuro del nostro territorio ma, in linea pi\u00f9 generale, sull&#8217;intera problematica dei rifiuti a livello regionale. E naturalmente &#8211; ha rimarcato Versace &#8211; la prospettiva deve essere anche quella di rivedere le posizioni assunte dal Consiglio regionale anche se, a tal proposito, registriamo con amarezza l&#8217;assenza oggi in piazza, ma anche nelle precedenti iniziative pubbliche, dei consiglieri di Palazzo Campanella. In questa partita crediamo che non ci si debba dividere perch\u00e9 in gioco ci sono il futuro della nostra terra e la salute dei cittadini, ma senza confronto \u00e8 impossibile individuare percorsi e soluzioni condivise\u201d.<\/p>\n<p>Attraverso il Piano d&#8217;ambito e le linee guida che la Citt\u00e0 metropolitana ha adottato, ha poi ricordato Versace, \u201cl&#8217;abbiamo detto chiaramente: questo di Gioia Tauro non \u00e8 un termovalorizzatore ma un inceneritore. E abbiamo anche detto che questo impianto va ammodernato e messo in sicurezza. Siamo inoltre convinti che una linea operativa possa essere di aiuto al territorio metropolitano di Reggio Calabria. Ma quello che certamente non possiamo accettare \u00e8 che Gioia Tauro diventi la discarica dell&#8217;intera Calabria. Va portato avanti il lavoro, fondamentale e irrinunciabile, sulle discariche di prossimit\u00e0 che il nostro Ente sta facendo e per il quale voglio ringraziare il consigliere Salvatore Fuda che sta seguendo questo processo con grande attenzione. E proprio come la Citt\u00e0 metropolitana di Reggio Calabria \u00e8 riuscita ad individuare i centri di discarica, allo stesso modo ci aspettiamo che gli altri territori facciano la stessa cosa\u201d.<\/p>\n<p>Reggio Calabria ha voluto rispondere presente al grido d&#8217;allarme lanciato dal Sindaco Alessio e dall&#8217;intera comunit\u00e0 di Gioia Tauro, &#8220;anche perch\u00e9 sin dal primo momento &#8211; ha evidenziato Brunetti &#8211; siamo stati contrari all&#8217;ipotesi di raddoppio di questo impianto che, ribadiamo, non \u00e8 un termovalorizzatore. Contrariet\u00e0 che abbiamo manifestato con grande chiarezza alle massime autorit\u00e0 regionali, con in testa il presidente Occhiuto. E siamo contrari perch\u00e9 questa prospettiva, nel quadro della nuova normativa, \u00e8 completamente in controtendenza rispetto al percorso e ai grandi sacrifici che ha compiuto negli ultimi anni il territorio di Reggio Calabria. Ci viene ripetuto in tutti i modi che l&#8217;obiettivo \u00e8 il raggiungimento della soglia del 65% di raccolta differenziata, obiettivo su cui stiamo lavorando sia pur tra le mille difficolt\u00e0 con cui devono fare i conti gli enti locali. E se questo \u00e8 il percorso non si capisce bene per quale motivo dovremmo raddoppiare questo bruciatore che aumenterebbe la quota di indifferenziato. La verit\u00e0, in realt\u00e0, \u00e8 una sola ovvero che occorre in tutti i modi incentivare la raccolta differenziata e ridurre al massimo la produzione e lo smaltimento dell&#8217;indifferenziato. Questo \u00e8 il sentiero su cui sta andando il mondo intero e noi, come Comune e come provincia, non intendiamo fare alcun passo indietro&#8221;.<\/p>\n<div id=\"penci-post-gallery__66474\" class=\"penci-post-gallery-container justified column-3\" data-height=\"150\" data-margin=\"3\"><a class=\"penci-gallery-ite item-gallery-justified\" href=\"https:\/\/progettotouring.it\/radiotouring104\/wp-content\/uploads\/sites\/6\/2022\/05\/gioia-tauro-2.jpeg\"><img decoding=\"async\" src=\"https:\/\/progettotouring.it\/radiotouring104\/wp-content\/uploads\/sites\/6\/2022\/05\/gioia-tauro-2-585x439.jpeg\" alt=\"\" title=\"gioia tauro 2\"><\/a><a class=\"penci-gallery-ite item-gallery-justified\" href=\"https:\/\/progettotouring.it\/radiotouring104\/wp-content\/uploads\/sites\/6\/2022\/05\/gioia-tauro-3.jpeg\"><img decoding=\"async\" src=\"https:\/\/progettotouring.it\/radiotouring104\/wp-content\/uploads\/sites\/6\/2022\/05\/gioia-tauro-3-585x439.jpeg\" alt=\"\" title=\"gioia tauro 3\"><\/a><a class=\"penci-gallery-ite item-gallery-justified\" href=\"https:\/\/progettotouring.it\/radiotouring104\/wp-content\/uploads\/sites\/6\/2022\/05\/gioia-tauro-5.jpeg\"><img decoding=\"async\" src=\"https:\/\/progettotouring.it\/radiotouring104\/wp-content\/uploads\/sites\/6\/2022\/05\/gioia-tauro-5-585x439.jpeg\" alt=\"\" title=\"gioia tauro 5\"><\/a><a class=\"penci-gallery-ite item-gallery-justified\" href=\"https:\/\/progettotouring.it\/radiotouring104\/wp-content\/uploads\/sites\/6\/2022\/05\/gioia-tauro-6.jpeg\"><img decoding=\"async\" src=\"https:\/\/progettotouring.it\/radiotouring104\/wp-content\/uploads\/sites\/6\/2022\/05\/gioia-tauro-6-585x438.jpeg\" alt=\"inceneritore\" title=\"gioia tauro 6\"><\/a><\/div>\n<div style=\"text-align: justify;\"><\/div>\n","protected":false},"excerpt":{"rendered":"<p>Si sono ritrovati questa mattina in Piazza dell&#8217;Incontro, nel cuore di Gioia Tauro, i Sindaci, le associazioni e i cittadini della Piana per ribadire il no all&#8217;ipotesi di raddoppio dell&#8217;inceneritore&hellip;<\/p>\n","protected":false},"author":5,"featured_media":4921,"comment_status":"open","ping_status":"open","sticky":false,"template":"","format":"standard","meta":{"_jetpack_memberships_contains_paid_content":false,"footnotes":"","jetpack_publicize_message":"","jetpack_publicize_feature_enabled":true,"jetpack_social_post_already_shared":false,"jetpack_social_options":{"image_generator_settings":{"template":"highway","default_image_id":0,"font":"","enabled":false},"version":2}},"categories":[921,150,196,140],"tags":[239,517,1383,1384,495,1385,219],"class_list":["post-4917","post","type-post","status-publish","format-standard","has-post-thumbnail","hentry","category-home","category-in-primo-piano","category-news","category-reggio-calabria","tag-carmelo-versace","tag-gioia-tauro","tag-inceneritore","tag-manifestazione","tag-paolo-brunetti","tag-protesta","tag-regione-calabria"],"yoast_head":"<!-- This site is optimized with the Yoast SEO plugin v27.2 - https:\/\/yoast.com\/product\/yoast-seo-wordpress\/ -->\n<title>Gioia Tauro, manifestazione per dire no al raddoppio dell&#039;inceneritore<\/title>\n<meta name=\"description\" content=\"Anche Versace e Brunetti in piazza per ribadire la ferma contrariet\u00e0 al percorso intrapreso dalla Regione Calabria\" \/>\n<meta name=\"robots\" content=\"index, follow, max-snippet:-1, max-image-preview:large, max-video-preview:-1\" \/>\n<link rel=\"canonical\" href=\"https:\/\/progettotouring.it\/radiotouring104\/2022\/05\/07\/gioia-tauro-reggio-calabria-accanto-ai-primi-cittadini-per-dire-no-al-raddoppio-dellinceneritore\/\" \/>\n<meta property=\"og:locale\" content=\"it_IT\" \/>\n<meta property=\"og:type\" content=\"article\" \/>\n<meta property=\"og:title\" content=\"Gioia Tauro, manifestazione per dire no al raddoppio dell&#039;inceneritore\" \/>\n<meta property=\"og:description\" content=\"Anche Versace e Brunetti in piazza per ribadire la ferma contrariet\u00e0 al percorso intrapreso dalla Regione Calabria\" \/>\n<meta property=\"og:url\" content=\"https:\/\/progettotouring.it\/radiotouring104\/2022\/05\/07\/gioia-tauro-reggio-calabria-accanto-ai-primi-cittadini-per-dire-no-al-raddoppio-dellinceneritore\/\" \/>\n<meta property=\"og:site_name\" content=\"Radio Touring 104\" \/>\n<meta property=\"article:published_time\" content=\"2022-05-07T16:27:42+00:00\" \/>\n<meta property=\"article:modified_time\" content=\"2022-05-07T16:27:54+00:00\" \/>\n<meta property=\"og:image\" content=\"https:\/\/progettotouring.it\/radiotouring104\/wp-content\/uploads\/sites\/6\/2022\/05\/gioia-tauro-6.jpeg\" \/>\n\t<meta property=\"og:image:width\" content=\"1059\" \/>\n\t<meta property=\"og:image:height\" content=\"792\" \/>\n\t<meta property=\"og:image:type\" content=\"image\/jpeg\" \/>\n<meta name=\"author\" content=\"redazione\" \/>\n<meta name=\"twitter:card\" content=\"summary_large_image\" \/>\n<meta name=\"twitter:label1\" content=\"Scritto da\" \/>\n\t<meta name=\"twitter:data1\" content=\"redazione\" \/>\n\t<meta name=\"twitter:label2\" content=\"Tempo di lettura stimato\" \/>\n\t<meta name=\"twitter:data2\" content=\"3 minuti\" \/>\n<script type=\"application\/ld+json\" class=\"yoast-schema-graph\">{\"@context\":\"https:\/\/schema.org\",\"@graph\":[{\"@type\":\"Article\",\"@id\":\"https:\/\/progettotouring.it\/radiotouring104\/2022\/05\/07\/gioia-tauro-reggio-calabria-accanto-ai-primi-cittadini-per-dire-no-al-raddoppio-dellinceneritore\/#article\",\"isPartOf\":{\"@id\":\"https:\/\/progettotouring.it\/radiotouring104\/2022\/05\/07\/gioia-tauro-reggio-calabria-accanto-ai-primi-cittadini-per-dire-no-al-raddoppio-dellinceneritore\/\"},\"author\":{\"name\":\"redazione\",\"@id\":\"https:\/\/progettotouring.it\/radiotouring104\/#\/schema\/person\/1b3eb3c07c47136bc44c785c543e635f\"},\"headline\":\"Gioia Tauro, Reggio Calabria accanto ai primi cittadini per dire no al raddoppio dell&#8217;inceneritore\",\"datePublished\":\"2022-05-07T16:27:42+00:00\",\"dateModified\":\"2022-05-07T16:27:54+00:00\",\"mainEntityOfPage\":{\"@id\":\"https:\/\/progettotouring.it\/radiotouring104\/2022\/05\/07\/gioia-tauro-reggio-calabria-accanto-ai-primi-cittadini-per-dire-no-al-raddoppio-dellinceneritore\/\"},\"wordCount\":606,\"commentCount\":0,\"publisher\":{\"@id\":\"https:\/\/progettotouring.it\/radiotouring104\/#organization\"},\"image\":{\"@id\":\"https:\/\/progettotouring.it\/radiotouring104\/2022\/05\/07\/gioia-tauro-reggio-calabria-accanto-ai-primi-cittadini-per-dire-no-al-raddoppio-dellinceneritore\/#primaryimage\"},\"thumbnailUrl\":\"https:\/\/progettotouring.it\/radiotouring104\/wp-content\/uploads\/sites\/6\/2022\/05\/gioia-tauro-6.jpeg\",\"keywords\":[\"carmelo versace\",\"Gioia Tauro\",\"inceneritore\",\"manifestazione\",\"Paolo Brunetti\",\"protesta\",\"regione calabria\"],\"articleSection\":[\"Home\",\"In primo piano\",\"News\",\"Reggio Calabria\"],\"inLanguage\":\"it-IT\",\"potentialAction\":[{\"@type\":\"CommentAction\",\"name\":\"Comment\",\"target\":[\"https:\/\/progettotouring.it\/radiotouring104\/2022\/05\/07\/gioia-tauro-reggio-calabria-accanto-ai-primi-cittadini-per-dire-no-al-raddoppio-dellinceneritore\/#respond\"]}]},{\"@type\":\"WebPage\",\"@id\":\"https:\/\/progettotouring.it\/radiotouring104\/2022\/05\/07\/gioia-tauro-reggio-calabria-accanto-ai-primi-cittadini-per-dire-no-al-raddoppio-dellinceneritore\/\",\"url\":\"https:\/\/progettotouring.it\/radiotouring104\/2022\/05\/07\/gioia-tauro-reggio-calabria-accanto-ai-primi-cittadini-per-dire-no-al-raddoppio-dellinceneritore\/\",\"name\":\"Gioia Tauro, manifestazione per dire no al raddoppio dell'inceneritore\",\"isPartOf\":{\"@id\":\"https:\/\/progettotouring.it\/radiotouring104\/#website\"},\"primaryImageOfPage\":{\"@id\":\"https:\/\/progettotouring.it\/radiotouring104\/2022\/05\/07\/gioia-tauro-reggio-calabria-accanto-ai-primi-cittadini-per-dire-no-al-raddoppio-dellinceneritore\/#primaryimage\"},\"image\":{\"@id\":\"https:\/\/progettotouring.it\/radiotouring104\/2022\/05\/07\/gioia-tauro-reggio-calabria-accanto-ai-primi-cittadini-per-dire-no-al-raddoppio-dellinceneritore\/#primaryimage\"},\"thumbnailUrl\":\"https:\/\/progettotouring.it\/radiotouring104\/wp-content\/uploads\/sites\/6\/2022\/05\/gioia-tauro-6.jpeg\",\"datePublished\":\"2022-05-07T16:27:42+00:00\",\"dateModified\":\"2022-05-07T16:27:54+00:00\",\"description\":\"Anche Versace e Brunetti in piazza per ribadire la ferma contrariet\u00e0 al percorso intrapreso dalla Regione Calabria\",\"breadcrumb\":{\"@id\":\"https:\/\/progettotouring.it\/radiotouring104\/2022\/05\/07\/gioia-tauro-reggio-calabria-accanto-ai-primi-cittadini-per-dire-no-al-raddoppio-dellinceneritore\/#breadcrumb\"},\"inLanguage\":\"it-IT\",\"potentialAction\":[{\"@type\":\"ReadAction\",\"target\":[\"https:\/\/progettotouring.it\/radiotouring104\/2022\/05\/07\/gioia-tauro-reggio-calabria-accanto-ai-primi-cittadini-per-dire-no-al-raddoppio-dellinceneritore\/\"]}]},{\"@type\":\"ImageObject\",\"inLanguage\":\"it-IT\",\"@id\":\"https:\/\/progettotouring.it\/radiotouring104\/2022\/05\/07\/gioia-tauro-reggio-calabria-accanto-ai-primi-cittadini-per-dire-no-al-raddoppio-dellinceneritore\/#primaryimage\",\"url\":\"https:\/\/progettotouring.it\/radiotouring104\/wp-content\/uploads\/sites\/6\/2022\/05\/gioia-tauro-6.jpeg\",\"contentUrl\":\"https:\/\/progettotouring.it\/radiotouring104\/wp-content\/uploads\/sites\/6\/2022\/05\/gioia-tauro-6.jpeg\",\"width\":1059,\"height\":792,\"caption\":\"inceneritore\"},{\"@type\":\"BreadcrumbList\",\"@id\":\"https:\/\/progettotouring.it\/radiotouring104\/2022\/05\/07\/gioia-tauro-reggio-calabria-accanto-ai-primi-cittadini-per-dire-no-al-raddoppio-dellinceneritore\/#breadcrumb\",\"itemListElement\":[{\"@type\":\"ListItem\",\"position\":1,\"name\":\"Home\",\"item\":\"https:\/\/progettotouring.it\/radiotouring104\/\"},{\"@type\":\"ListItem\",\"position\":2,\"name\":\"Gioia Tauro, Reggio Calabria accanto ai primi cittadini per dire no al raddoppio dell&#8217;inceneritore\"}]},{\"@type\":\"WebSite\",\"@id\":\"https:\/\/progettotouring.it\/radiotouring104\/#website\",\"url\":\"https:\/\/progettotouring.it\/radiotouring104\/\",\"name\":\"Radio Touring 104\",\"description\":\"La prima radio Reggina\",\"publisher\":{\"@id\":\"https:\/\/progettotouring.it\/radiotouring104\/#organization\"},\"potentialAction\":[{\"@type\":\"SearchAction\",\"target\":{\"@type\":\"EntryPoint\",\"urlTemplate\":\"https:\/\/progettotouring.it\/radiotouring104\/?s={search_term_string}\"},\"query-input\":{\"@type\":\"PropertyValueSpecification\",\"valueRequired\":true,\"valueName\":\"search_term_string\"}}],\"inLanguage\":\"it-IT\"},{\"@type\":\"Organization\",\"@id\":\"https:\/\/progettotouring.it\/radiotouring104\/#organization\",\"name\":\"Radio Touring 104\",\"url\":\"https:\/\/progettotouring.it\/radiotouring104\/\",\"logo\":{\"@type\":\"ImageObject\",\"inLanguage\":\"it-IT\",\"@id\":\"https:\/\/progettotouring.it\/radiotouring104\/#\/schema\/logo\/image\/\",\"url\":\"https:\/\/progettotouring.it\/radiotouring104\/wp-content\/uploads\/sites\/6\/2022\/02\/cropped-logo-radio-touring-104.png\",\"contentUrl\":\"https:\/\/progettotouring.it\/radiotouring104\/wp-content\/uploads\/sites\/6\/2022\/02\/cropped-logo-radio-touring-104.png\",\"width\":377,\"height\":182,\"caption\":\"Radio Touring 104\"},\"image\":{\"@id\":\"https:\/\/progettotouring.it\/radiotouring104\/#\/schema\/logo\/image\/\"}},{\"@type\":\"Person\",\"@id\":\"https:\/\/progettotouring.it\/radiotouring104\/#\/schema\/person\/1b3eb3c07c47136bc44c785c543e635f\",\"name\":\"redazione\",\"image\":{\"@type\":\"ImageObject\",\"inLanguage\":\"it-IT\",\"@id\":\"https:\/\/secure.gravatar.com\/avatar\/0b31605b49f100769e8b624b3e05de1b73e1692e9568a352f60f53fd072e6e11?s=96&d=mm&r=g\",\"url\":\"https:\/\/secure.gravatar.com\/avatar\/0b31605b49f100769e8b624b3e05de1b73e1692e9568a352f60f53fd072e6e11?s=96&d=mm&r=g\",\"contentUrl\":\"https:\/\/secure.gravatar.com\/avatar\/0b31605b49f100769e8b624b3e05de1b73e1692e9568a352f60f53fd072e6e11?s=96&d=mm&r=g\",\"caption\":\"redazione\"},\"url\":\"https:\/\/progettotouring.it\/radiotouring104\/author\/redazione\/\"}]}<\/script>\n<!-- \/ Yoast SEO plugin. -->","yoast_head_json":{"title":"Gioia Tauro, manifestazione per dire no al raddoppio dell'inceneritore","description":"Anche Versace e Brunetti in piazza per ribadire la ferma contrariet\u00e0 al percorso intrapreso dalla Regione Calabria","robots":{"index":"index","follow":"follow","max-snippet":"max-snippet:-1","max-image-preview":"max-image-preview:large","max-video-preview":"max-video-preview:-1"},"canonical":"https:\/\/progettotouring.it\/radiotouring104\/2022\/05\/07\/gioia-tauro-reggio-calabria-accanto-ai-primi-cittadini-per-dire-no-al-raddoppio-dellinceneritore\/","og_locale":"it_IT","og_type":"article","og_title":"Gioia Tauro, manifestazione per dire no al raddoppio dell'inceneritore","og_description":"Anche Versace e Brunetti in piazza per ribadire la ferma contrariet\u00e0 al percorso intrapreso dalla Regione Calabria","og_url":"https:\/\/progettotouring.it\/radiotouring104\/2022\/05\/07\/gioia-tauro-reggio-calabria-accanto-ai-primi-cittadini-per-dire-no-al-raddoppio-dellinceneritore\/","og_site_name":"Radio Touring 104","article_published_time":"2022-05-07T16:27:42+00:00","article_modified_time":"2022-05-07T16:27:54+00:00","og_image":[{"width":1059,"height":792,"url":"https:\/\/progettotouring.it\/radiotouring104\/wp-content\/uploads\/sites\/6\/2022\/05\/gioia-tauro-6.jpeg","type":"image\/jpeg"}],"author":"redazione","twitter_card":"summary_large_image","twitter_misc":{"Scritto da":"redazione","Tempo di lettura stimato":"3 minuti"},"schema":{"@context":"https:\/\/schema.org","@graph":[{"@type":"Article","@id":"https:\/\/progettotouring.it\/radiotouring104\/2022\/05\/07\/gioia-tauro-reggio-calabria-accanto-ai-primi-cittadini-per-dire-no-al-raddoppio-dellinceneritore\/#article","isPartOf":{"@id":"https:\/\/progettotouring.it\/radiotouring104\/2022\/05\/07\/gioia-tauro-reggio-calabria-accanto-ai-primi-cittadini-per-dire-no-al-raddoppio-dellinceneritore\/"},"author":{"name":"redazione","@id":"https:\/\/progettotouring.it\/radiotouring104\/#\/schema\/person\/1b3eb3c07c47136bc44c785c543e635f"},"headline":"Gioia Tauro, Reggio Calabria accanto ai primi cittadini per dire no al raddoppio dell&#8217;inceneritore","datePublished":"2022-05-07T16:27:42+00:00","dateModified":"2022-05-07T16:27:54+00:00","mainEntityOfPage":{"@id":"https:\/\/progettotouring.it\/radiotouring104\/2022\/05\/07\/gioia-tauro-reggio-calabria-accanto-ai-primi-cittadini-per-dire-no-al-raddoppio-dellinceneritore\/"},"wordCount":606,"commentCount":0,"publisher":{"@id":"https:\/\/progettotouring.it\/radiotouring104\/#organization"},"image":{"@id":"https:\/\/progettotouring.it\/radiotouring104\/2022\/05\/07\/gioia-tauro-reggio-calabria-accanto-ai-primi-cittadini-per-dire-no-al-raddoppio-dellinceneritore\/#primaryimage"},"thumbnailUrl":"https:\/\/progettotouring.it\/radiotouring104\/wp-content\/uploads\/sites\/6\/2022\/05\/gioia-tauro-6.jpeg","keywords":["carmelo versace","Gioia Tauro","inceneritore","manifestazione","Paolo Brunetti","protesta","regione calabria"],"articleSection":["Home","In primo piano","News","Reggio Calabria"],"inLanguage":"it-IT","potentialAction":[{"@type":"CommentAction","name":"Comment","target":["https:\/\/progettotouring.it\/radiotouring104\/2022\/05\/07\/gioia-tauro-reggio-calabria-accanto-ai-primi-cittadini-per-dire-no-al-raddoppio-dellinceneritore\/#respond"]}]},{"@type":"WebPage","@id":"https:\/\/progettotouring.it\/radiotouring104\/2022\/05\/07\/gioia-tauro-reggio-calabria-accanto-ai-primi-cittadini-per-dire-no-al-raddoppio-dellinceneritore\/","url":"https:\/\/progettotouring.it\/radiotouring104\/2022\/05\/07\/gioia-tauro-reggio-calabria-accanto-ai-primi-cittadini-per-dire-no-al-raddoppio-dellinceneritore\/","name":"Gioia Tauro, manifestazione per dire no al raddoppio dell'inceneritore","isPartOf":{"@id":"https:\/\/progettotouring.it\/radiotouring104\/#website"},"primaryImageOfPage":{"@id":"https:\/\/progettotouring.it\/radiotouring104\/2022\/05\/07\/gioia-tauro-reggio-calabria-accanto-ai-primi-cittadini-per-dire-no-al-raddoppio-dellinceneritore\/#primaryimage"},"image":{"@id":"https:\/\/progettotouring.it\/radiotouring104\/2022\/05\/07\/gioia-tauro-reggio-calabria-accanto-ai-primi-cittadini-per-dire-no-al-raddoppio-dellinceneritore\/#primaryimage"},"thumbnailUrl":"https:\/\/progettotouring.it\/radiotouring104\/wp-content\/uploads\/sites\/6\/2022\/05\/gioia-tauro-6.jpeg","datePublished":"2022-05-07T16:27:42+00:00","dateModified":"2022-05-07T16:27:54+00:00","description":"Anche Versace e Brunetti in piazza per ribadire la ferma contrariet\u00e0 al percorso intrapreso dalla Regione Calabria","breadcrumb":{"@id":"https:\/\/progettotouring.it\/radiotouring104\/2022\/05\/07\/gioia-tauro-reggio-calabria-accanto-ai-primi-cittadini-per-dire-no-al-raddoppio-dellinceneritore\/#breadcrumb"},"inLanguage":"it-IT","potentialAction":[{"@type":"ReadAction","target":["https:\/\/progettotouring.it\/radiotouring104\/2022\/05\/07\/gioia-tauro-reggio-calabria-accanto-ai-primi-cittadini-per-dire-no-al-raddoppio-dellinceneritore\/"]}]},{"@type":"ImageObject","inLanguage":"it-IT","@id":"https:\/\/progettotouring.it\/radiotouring104\/2022\/05\/07\/gioia-tauro-reggio-calabria-accanto-ai-primi-cittadini-per-dire-no-al-raddoppio-dellinceneritore\/#primaryimage","url":"https:\/\/progettotouring.it\/radiotouring104\/wp-content\/uploads\/sites\/6\/2022\/05\/gioia-tauro-6.jpeg","contentUrl":"https:\/\/progettotouring.it\/radiotouring104\/wp-content\/uploads\/sites\/6\/2022\/05\/gioia-tauro-6.jpeg","width":1059,"height":792,"caption":"inceneritore"},{"@type":"BreadcrumbList","@id":"https:\/\/progettotouring.it\/radiotouring104\/2022\/05\/07\/gioia-tauro-reggio-calabria-accanto-ai-primi-cittadini-per-dire-no-al-raddoppio-dellinceneritore\/#breadcrumb","itemListElement":[{"@type":"ListItem","position":1,"name":"Home","item":"https:\/\/progettotouring.it\/radiotouring104\/"},{"@type":"ListItem","position":2,"name":"Gioia Tauro, Reggio Calabria accanto ai primi cittadini per dire no al raddoppio dell&#8217;inceneritore"}]},{"@type":"WebSite","@id":"https:\/\/progettotouring.it\/radiotouring104\/#website","url":"https:\/\/progettotouring.it\/radiotouring104\/","name":"Radio Touring 104","description":"La prima radio Reggina","publisher":{"@id":"https:\/\/progettotouring.it\/radiotouring104\/#organization"},"potentialAction":[{"@type":"SearchAction","target":{"@type":"EntryPoint","urlTemplate":"https:\/\/progettotouring.it\/radiotouring104\/?s={search_term_string}"},"query-input":{"@type":"PropertyValueSpecification","valueRequired":true,"valueName":"search_term_string"}}],"inLanguage":"it-IT"},{"@type":"Organization","@id":"https:\/\/progettotouring.it\/radiotouring104\/#organization","name":"Radio Touring 104","url":"https:\/\/progettotouring.it\/radiotouring104\/","logo":{"@type":"ImageObject","inLanguage":"it-IT","@id":"https:\/\/progettotouring.it\/radiotouring104\/#\/schema\/logo\/image\/","url":"https:\/\/progettotouring.it\/radiotouring104\/wp-content\/uploads\/sites\/6\/2022\/02\/cropped-logo-radio-touring-104.png","contentUrl":"https:\/\/progettotouring.it\/radiotouring104\/wp-content\/uploads\/sites\/6\/2022\/02\/cropped-logo-radio-touring-104.png","width":377,"height":182,"caption":"Radio Touring 104"},"image":{"@id":"https:\/\/progettotouring.it\/radiotouring104\/#\/schema\/logo\/image\/"}},{"@type":"Person","@id":"https:\/\/progettotouring.it\/radiotouring104\/#\/schema\/person\/1b3eb3c07c47136bc44c785c543e635f","name":"redazione","image":{"@type":"ImageObject","inLanguage":"it-IT","@id":"https:\/\/secure.gravatar.com\/avatar\/0b31605b49f100769e8b624b3e05de1b73e1692e9568a352f60f53fd072e6e11?s=96&d=mm&r=g","url":"https:\/\/secure.gravatar.com\/avatar\/0b31605b49f100769e8b624b3e05de1b73e1692e9568a352f60f53fd072e6e11?s=96&d=mm&r=g","contentUrl":"https:\/\/secure.gravatar.com\/avatar\/0b31605b49f100769e8b624b3e05de1b73e1692e9568a352f60f53fd072e6e11?s=96&d=mm&r=g","caption":"redazione"},"url":"https:\/\/progettotouring.it\/radiotouring104\/author\/redazione\/"}]}},"jetpack_publicize_connections":[],"jetpack_featured_media_url":"https:\/\/progettotouring.it\/radiotouring104\/wp-content\/uploads\/sites\/6\/2022\/05\/gioia-tauro-6.jpeg","jetpack_sharing_enabled":true,"_links":{"self":[{"href":"https:\/\/progettotouring.it\/radiotouring104\/wp-json\/wp\/v2\/posts\/4917","targetHints":{"allow":["GET"]}}],"collection":[{"href":"https:\/\/progettotouring.it\/radiotouring104\/wp-json\/wp\/v2\/posts"}],"about":[{"href":"https:\/\/progettotouring.it\/radiotouring104\/wp-json\/wp\/v2\/types\/post"}],"author":[{"embeddable":true,"href":"https:\/\/progettotouring.it\/radiotouring104\/wp-json\/wp\/v2\/users\/5"}],"replies":[{"embeddable":true,"href":"https:\/\/progettotouring.it\/radiotouring104\/wp-json\/wp\/v2\/comments?post=4917"}],"version-history":[{"count":1,"href":"https:\/\/progettotouring.it\/radiotouring104\/wp-json\/wp\/v2\/posts\/4917\/revisions"}],"predecessor-version":[{"id":4922,"href":"https:\/\/progettotouring.it\/radiotouring104\/wp-json\/wp\/v2\/posts\/4917\/revisions\/4922"}],"wp:featuredmedia":[{"embeddable":true,"href":"https:\/\/progettotouring.it\/radiotouring104\/wp-json\/wp\/v2\/media\/4921"}],"wp:attachment":[{"href":"https:\/\/progettotouring.it\/radiotouring104\/wp-json\/wp\/v2\/media?parent=4917"}],"wp:term":[{"taxonomy":"category","embeddable":true,"href":"https:\/\/progettotouring.it\/radiotouring104\/wp-json\/wp\/v2\/categories?post=4917"},{"taxonomy":"post_tag","embeddable":true,"href":"https:\/\/progettotouring.it\/radiotouring104\/wp-json\/wp\/v2\/tags?post=4917"}],"curies":[{"name":"wp","href":"https:\/\/api.w.org\/{rel}","templated":true}]}}