{"id":4924,"date":"2022-05-07T18:34:10","date_gmt":"2022-05-07T16:34:10","guid":{"rendered":"https:\/\/progettotouring.it\/radiotouring104\/?p=4924"},"modified":"2022-05-07T18:34:20","modified_gmt":"2022-05-07T16:34:20","slug":"reggio-calabria-torna-la-manifestazione-ciclistica-bicincitta-info","status":"publish","type":"post","link":"https:\/\/progettotouring.it\/radiotouring104\/2022\/05\/07\/reggio-calabria-torna-la-manifestazione-ciclistica-bicincitta-info\/","title":{"rendered":"Reggio Calabria, torna la manifestazione ciclistica Bicincitt\u00e0 [INFO]"},"content":{"rendered":"<p style=\"text-align: justify;\">Bicincitt\u00e0 \u00e8 una manifestazione Nazionale UISP che si svolger\u00e0 DOMENICA 15 MAGGIO contemporaneamente in pi\u00f9 di 60 citt\u00e0 italiane, e quest\u2019anno gode del patrocinio del Ministero della Transizione Ecologica.<\/p>\n<p style=\"text-align: justify;\">Bicincitt\u00e0 \u00e8 mobilit\u00e0 alternativa, cultura urbana ed educazione ambientale, vuole offrire ai cittadini l\u2019opportunit\u00e0 di vivere una giornata diversa, all\u2019insegna dello sport, del vivere sano e della mobilit\u00e0 sostenibile; \u00e8 una manifestazione rivolta alle famiglie con l\u2019obiettivo di coinvolgere l\u2019intero nucleo familiare, dai bambini agli anziani, offrendo la possibilit\u00e0 di riappropriarsi di spazi urbani quotidianamente invasi dalle automobili, di vivere una giornata diversa.<\/p>\n<p style=\"text-align: justify;\">Bicincitt\u00e0 \u00e8 una manifestazione che affronta anche il problema dell\u2019inquinamento nel suo complesso, infatti, come sempre l\u2019invito \u00e8 quello di lasciare l\u2019auto a casa e di prendere la bici per respirare un\u2019aria pi\u00f9 pulita e godersi davvero la citt\u00e0, incentivando la realizzazione di piste ciclabili e percorsi \u201csicuri\u201d e sensibilizzando l\u2019opinione pubblica sulla possibilit\u00e0 di usare mezzi alternativi all\u2019automobile perch\u00e9 ogni giorno pu\u00f2 diventare pi\u00f9 \u201cpulito\u201d.<\/p>\n<p style=\"text-align: justify;\">Il Circolo Crucitti anche quest\u2019anno, in stretta collaborazione con la UISP Provinciale di Reggio Calabria rinnova il proprio impegno nell\u2019organizzazione e realizzazione della manifestazione.<\/p>\n<p style=\"text-align: justify;\">La partenza \u00e8 prevista per le ore 9:30 da Piazza Indipendenza. Tutti i partecipanti, adulti, giovani e bambini, attraverseranno tutto il centro cittadino da sud a nord, da Piazza Indipendenza (Lungomare Falcomat\u00e0) fino al piazzale Botteghelle, per poi andare verso il centro fino al piazzale di Pentimele ed infine fare ritorno sul Lungomare al punto di partenza. Prima della partenza saranno distribuiti a tutti i partecipanti che si iscriveranno diversi gadget ed a conclusione della manifestazione verranno sorteggiati diversi premi.<\/p>\n<p style=\"text-align: justify;\">Martedi 10 Maggio si svolger\u00e0 la conferenza stampa presso Palazzo S. Giorgio alle ore 11:00.<\/p>\n<p><a href=\"https:\/\/progettotouring.it\/radiotouring104\/wp-content\/uploads\/sites\/6\/2022\/05\/bicincitta-2022.jpg\" data-rel=\"penci-gallery-image-content\" ><img fetchpriority=\"high\" decoding=\"async\" class=\"aligncenter wp-image-4926 size-full\" src=\"https:\/\/progettotouring.it\/radiotouring104\/wp-content\/uploads\/sites\/6\/2022\/05\/bicincitta-2022.jpg\" alt=\"\" width=\"459\" height=\"625\" srcset=\"https:\/\/progettotouring.it\/radiotouring104\/wp-content\/uploads\/sites\/6\/2022\/05\/bicincitta-2022.jpg 459w, https:\/\/progettotouring.it\/radiotouring104\/wp-content\/uploads\/sites\/6\/2022\/05\/bicincitta-2022-220x300.jpg 220w\" sizes=\"(max-width: 459px) 100vw, 459px\" \/><\/a><\/p>\n","protected":false},"excerpt":{"rendered":"<p>Bicincitt\u00e0 \u00e8 una manifestazione Nazionale UISP che si svolger\u00e0 DOMENICA 15 MAGGIO contemporaneamente in pi\u00f9 di 60 citt\u00e0 italiane, e quest\u2019anno gode del patrocinio del Ministero della Transizione Ecologica. Bicincitt\u00e0&hellip;<\/p>\n","protected":false},"author":5,"featured_media":4925,"comment_status":"open","ping_status":"open","sticky":false,"template":"","format":"standard","meta":{"_jetpack_memberships_contains_paid_content":false,"footnotes":"","jetpack_publicize_message":"","jetpack_publicize_feature_enabled":true,"jetpack_social_post_already_shared":false,"jetpack_social_options":{"image_generator_settings":{"template":"highway","default_image_id":0,"font":"","enabled":false},"version":2}},"categories":[921,196,140],"tags":[1386,1388,304,1389,1387,236],"class_list":["post-4924","post","type-post","status-publish","format-standard","has-post-thumbnail","hentry","category-home","category-news","category-reggio-calabria","tag-bicincitta","tag-botteghelle","tag-lungomare-falcomata","tag-pentimele","tag-piazza-indipendenza","tag-reggio-calabria"],"yoast_head":"<!-- This site is optimized with the Yoast SEO plugin v27.2 - https:\/\/yoast.com\/product\/yoast-seo-wordpress\/ -->\n<title>Reggio Calabria, torna la manifestazione ciclistica Bicincitt\u00e0 [INFO]<\/title>\n<meta name=\"description\" content=\"Bicincitt\u00e0 \u00e8 una manifestazione Nazionale UISP che si svolger\u00e0 domenica 15 maggio contemporaneamente in pi\u00f9 di 60 citt\u00e0 italiane\" \/>\n<meta name=\"robots\" content=\"index, follow, max-snippet:-1, max-image-preview:large, max-video-preview:-1\" \/>\n<link rel=\"canonical\" href=\"https:\/\/progettotouring.it\/radiotouring104\/2022\/05\/07\/reggio-calabria-torna-la-manifestazione-ciclistica-bicincitta-info\/\" \/>\n<meta property=\"og:locale\" content=\"it_IT\" \/>\n<meta property=\"og:type\" content=\"article\" \/>\n<meta property=\"og:title\" content=\"Reggio Calabria, torna la manifestazione ciclistica Bicincitt\u00e0 [INFO]\" \/>\n<meta property=\"og:description\" content=\"Bicincitt\u00e0 \u00e8 una manifestazione Nazionale UISP che si svolger\u00e0 domenica 15 maggio contemporaneamente in pi\u00f9 di 60 citt\u00e0 italiane\" \/>\n<meta property=\"og:url\" content=\"https:\/\/progettotouring.it\/radiotouring104\/2022\/05\/07\/reggio-calabria-torna-la-manifestazione-ciclistica-bicincitta-info\/\" \/>\n<meta property=\"og:site_name\" content=\"Radio Touring 104\" \/>\n<meta property=\"article:published_time\" content=\"2022-05-07T16:34:10+00:00\" \/>\n<meta property=\"article:modified_time\" content=\"2022-05-07T16:34:20+00:00\" \/>\n<meta property=\"og:image\" content=\"https:\/\/progettotouring.it\/radiotouring104\/wp-content\/uploads\/sites\/6\/2022\/05\/bicincitta.jpg\" \/>\n\t<meta property=\"og:image:width\" content=\"455\" \/>\n\t<meta property=\"og:image:height\" content=\"431\" \/>\n\t<meta property=\"og:image:type\" content=\"image\/jpeg\" \/>\n<meta name=\"author\" content=\"redazione\" \/>\n<meta name=\"twitter:card\" content=\"summary_large_image\" \/>\n<meta name=\"twitter:label1\" content=\"Scritto da\" \/>\n\t<meta name=\"twitter:data1\" content=\"redazione\" \/>\n\t<meta name=\"twitter:label2\" content=\"Tempo di lettura stimato\" \/>\n\t<meta name=\"twitter:data2\" content=\"1 minuto\" \/>\n<script type=\"application\/ld+json\" class=\"yoast-schema-graph\">{\"@context\":\"https:\/\/schema.org\",\"@graph\":[{\"@type\":\"Article\",\"@id\":\"https:\/\/progettotouring.it\/radiotouring104\/2022\/05\/07\/reggio-calabria-torna-la-manifestazione-ciclistica-bicincitta-info\/#article\",\"isPartOf\":{\"@id\":\"https:\/\/progettotouring.it\/radiotouring104\/2022\/05\/07\/reggio-calabria-torna-la-manifestazione-ciclistica-bicincitta-info\/\"},\"author\":{\"name\":\"redazione\",\"@id\":\"https:\/\/progettotouring.it\/radiotouring104\/#\/schema\/person\/1b3eb3c07c47136bc44c785c543e635f\"},\"headline\":\"Reggio Calabria, torna la manifestazione ciclistica Bicincitt\u00e0 [INFO]\",\"datePublished\":\"2022-05-07T16:34:10+00:00\",\"dateModified\":\"2022-05-07T16:34:20+00:00\",\"mainEntityOfPage\":{\"@id\":\"https:\/\/progettotouring.it\/radiotouring104\/2022\/05\/07\/reggio-calabria-torna-la-manifestazione-ciclistica-bicincitta-info\/\"},\"wordCount\":287,\"commentCount\":0,\"publisher\":{\"@id\":\"https:\/\/progettotouring.it\/radiotouring104\/#organization\"},\"image\":{\"@id\":\"https:\/\/progettotouring.it\/radiotouring104\/2022\/05\/07\/reggio-calabria-torna-la-manifestazione-ciclistica-bicincitta-info\/#primaryimage\"},\"thumbnailUrl\":\"https:\/\/progettotouring.it\/radiotouring104\/wp-content\/uploads\/sites\/6\/2022\/05\/bicincitta.jpg\",\"keywords\":[\"bicincitt\u00e0\",\"botteghelle\",\"lungomare falcomat\u00e0\",\"pentimele\",\"piazza indipendenza\",\"reggio calabria\"],\"articleSection\":[\"Home\",\"News\",\"Reggio Calabria\"],\"inLanguage\":\"it-IT\",\"potentialAction\":[{\"@type\":\"CommentAction\",\"name\":\"Comment\",\"target\":[\"https:\/\/progettotouring.it\/radiotouring104\/2022\/05\/07\/reggio-calabria-torna-la-manifestazione-ciclistica-bicincitta-info\/#respond\"]}]},{\"@type\":\"WebPage\",\"@id\":\"https:\/\/progettotouring.it\/radiotouring104\/2022\/05\/07\/reggio-calabria-torna-la-manifestazione-ciclistica-bicincitta-info\/\",\"url\":\"https:\/\/progettotouring.it\/radiotouring104\/2022\/05\/07\/reggio-calabria-torna-la-manifestazione-ciclistica-bicincitta-info\/\",\"name\":\"Reggio Calabria, torna la manifestazione ciclistica Bicincitt\u00e0 [INFO]\",\"isPartOf\":{\"@id\":\"https:\/\/progettotouring.it\/radiotouring104\/#website\"},\"primaryImageOfPage\":{\"@id\":\"https:\/\/progettotouring.it\/radiotouring104\/2022\/05\/07\/reggio-calabria-torna-la-manifestazione-ciclistica-bicincitta-info\/#primaryimage\"},\"image\":{\"@id\":\"https:\/\/progettotouring.it\/radiotouring104\/2022\/05\/07\/reggio-calabria-torna-la-manifestazione-ciclistica-bicincitta-info\/#primaryimage\"},\"thumbnailUrl\":\"https:\/\/progettotouring.it\/radiotouring104\/wp-content\/uploads\/sites\/6\/2022\/05\/bicincitta.jpg\",\"datePublished\":\"2022-05-07T16:34:10+00:00\",\"dateModified\":\"2022-05-07T16:34:20+00:00\",\"description\":\"Bicincitt\u00e0 \u00e8 una manifestazione Nazionale UISP che si svolger\u00e0 domenica 15 maggio contemporaneamente in pi\u00f9 di 60 citt\u00e0 italiane\",\"breadcrumb\":{\"@id\":\"https:\/\/progettotouring.it\/radiotouring104\/2022\/05\/07\/reggio-calabria-torna-la-manifestazione-ciclistica-bicincitta-info\/#breadcrumb\"},\"inLanguage\":\"it-IT\",\"potentialAction\":[{\"@type\":\"ReadAction\",\"target\":[\"https:\/\/progettotouring.it\/radiotouring104\/2022\/05\/07\/reggio-calabria-torna-la-manifestazione-ciclistica-bicincitta-info\/\"]}]},{\"@type\":\"ImageObject\",\"inLanguage\":\"it-IT\",\"@id\":\"https:\/\/progettotouring.it\/radiotouring104\/2022\/05\/07\/reggio-calabria-torna-la-manifestazione-ciclistica-bicincitta-info\/#primaryimage\",\"url\":\"https:\/\/progettotouring.it\/radiotouring104\/wp-content\/uploads\/sites\/6\/2022\/05\/bicincitta.jpg\",\"contentUrl\":\"https:\/\/progettotouring.it\/radiotouring104\/wp-content\/uploads\/sites\/6\/2022\/05\/bicincitta.jpg\",\"width\":455,\"height\":431},{\"@type\":\"BreadcrumbList\",\"@id\":\"https:\/\/progettotouring.it\/radiotouring104\/2022\/05\/07\/reggio-calabria-torna-la-manifestazione-ciclistica-bicincitta-info\/#breadcrumb\",\"itemListElement\":[{\"@type\":\"ListItem\",\"position\":1,\"name\":\"Home\",\"item\":\"https:\/\/progettotouring.it\/radiotouring104\/\"},{\"@type\":\"ListItem\",\"position\":2,\"name\":\"Reggio Calabria, torna la manifestazione ciclistica Bicincitt\u00e0 [INFO]\"}]},{\"@type\":\"WebSite\",\"@id\":\"https:\/\/progettotouring.it\/radiotouring104\/#website\",\"url\":\"https:\/\/progettotouring.it\/radiotouring104\/\",\"name\":\"Radio Touring 104\",\"description\":\"La prima radio Reggina\",\"publisher\":{\"@id\":\"https:\/\/progettotouring.it\/radiotouring104\/#organization\"},\"potentialAction\":[{\"@type\":\"SearchAction\",\"target\":{\"@type\":\"EntryPoint\",\"urlTemplate\":\"https:\/\/progettotouring.it\/radiotouring104\/?s={search_term_string}\"},\"query-input\":{\"@type\":\"PropertyValueSpecification\",\"valueRequired\":true,\"valueName\":\"search_term_string\"}}],\"inLanguage\":\"it-IT\"},{\"@type\":\"Organization\",\"@id\":\"https:\/\/progettotouring.it\/radiotouring104\/#organization\",\"name\":\"Radio Touring 104\",\"url\":\"https:\/\/progettotouring.it\/radiotouring104\/\",\"logo\":{\"@type\":\"ImageObject\",\"inLanguage\":\"it-IT\",\"@id\":\"https:\/\/progettotouring.it\/radiotouring104\/#\/schema\/logo\/image\/\",\"url\":\"https:\/\/progettotouring.it\/radiotouring104\/wp-content\/uploads\/sites\/6\/2022\/02\/cropped-logo-radio-touring-104.png\",\"contentUrl\":\"https:\/\/progettotouring.it\/radiotouring104\/wp-content\/uploads\/sites\/6\/2022\/02\/cropped-logo-radio-touring-104.png\",\"width\":377,\"height\":182,\"caption\":\"Radio Touring 104\"},\"image\":{\"@id\":\"https:\/\/progettotouring.it\/radiotouring104\/#\/schema\/logo\/image\/\"}},{\"@type\":\"Person\",\"@id\":\"https:\/\/progettotouring.it\/radiotouring104\/#\/schema\/person\/1b3eb3c07c47136bc44c785c543e635f\",\"name\":\"redazione\",\"image\":{\"@type\":\"ImageObject\",\"inLanguage\":\"it-IT\",\"@id\":\"https:\/\/secure.gravatar.com\/avatar\/0b31605b49f100769e8b624b3e05de1b73e1692e9568a352f60f53fd072e6e11?s=96&d=mm&r=g\",\"url\":\"https:\/\/secure.gravatar.com\/avatar\/0b31605b49f100769e8b624b3e05de1b73e1692e9568a352f60f53fd072e6e11?s=96&d=mm&r=g\",\"contentUrl\":\"https:\/\/secure.gravatar.com\/avatar\/0b31605b49f100769e8b624b3e05de1b73e1692e9568a352f60f53fd072e6e11?s=96&d=mm&r=g\",\"caption\":\"redazione\"},\"url\":\"https:\/\/progettotouring.it\/radiotouring104\/author\/redazione\/\"}]}<\/script>\n<!-- \/ Yoast SEO plugin. -->","yoast_head_json":{"title":"Reggio Calabria, torna la manifestazione ciclistica Bicincitt\u00e0 [INFO]","description":"Bicincitt\u00e0 \u00e8 una manifestazione Nazionale UISP che si svolger\u00e0 domenica 15 maggio contemporaneamente in pi\u00f9 di 60 citt\u00e0 italiane","robots":{"index":"index","follow":"follow","max-snippet":"max-snippet:-1","max-image-preview":"max-image-preview:large","max-video-preview":"max-video-preview:-1"},"canonical":"https:\/\/progettotouring.it\/radiotouring104\/2022\/05\/07\/reggio-calabria-torna-la-manifestazione-ciclistica-bicincitta-info\/","og_locale":"it_IT","og_type":"article","og_title":"Reggio Calabria, torna la manifestazione ciclistica Bicincitt\u00e0 [INFO]","og_description":"Bicincitt\u00e0 \u00e8 una manifestazione Nazionale UISP che si svolger\u00e0 domenica 15 maggio contemporaneamente in pi\u00f9 di 60 citt\u00e0 italiane","og_url":"https:\/\/progettotouring.it\/radiotouring104\/2022\/05\/07\/reggio-calabria-torna-la-manifestazione-ciclistica-bicincitta-info\/","og_site_name":"Radio Touring 104","article_published_time":"2022-05-07T16:34:10+00:00","article_modified_time":"2022-05-07T16:34:20+00:00","og_image":[{"width":455,"height":431,"url":"https:\/\/progettotouring.it\/radiotouring104\/wp-content\/uploads\/sites\/6\/2022\/05\/bicincitta.jpg","type":"image\/jpeg"}],"author":"redazione","twitter_card":"summary_large_image","twitter_misc":{"Scritto da":"redazione","Tempo di lettura stimato":"1 minuto"},"schema":{"@context":"https:\/\/schema.org","@graph":[{"@type":"Article","@id":"https:\/\/progettotouring.it\/radiotouring104\/2022\/05\/07\/reggio-calabria-torna-la-manifestazione-ciclistica-bicincitta-info\/#article","isPartOf":{"@id":"https:\/\/progettotouring.it\/radiotouring104\/2022\/05\/07\/reggio-calabria-torna-la-manifestazione-ciclistica-bicincitta-info\/"},"author":{"name":"redazione","@id":"https:\/\/progettotouring.it\/radiotouring104\/#\/schema\/person\/1b3eb3c07c47136bc44c785c543e635f"},"headline":"Reggio Calabria, torna la manifestazione ciclistica Bicincitt\u00e0 [INFO]","datePublished":"2022-05-07T16:34:10+00:00","dateModified":"2022-05-07T16:34:20+00:00","mainEntityOfPage":{"@id":"https:\/\/progettotouring.it\/radiotouring104\/2022\/05\/07\/reggio-calabria-torna-la-manifestazione-ciclistica-bicincitta-info\/"},"wordCount":287,"commentCount":0,"publisher":{"@id":"https:\/\/progettotouring.it\/radiotouring104\/#organization"},"image":{"@id":"https:\/\/progettotouring.it\/radiotouring104\/2022\/05\/07\/reggio-calabria-torna-la-manifestazione-ciclistica-bicincitta-info\/#primaryimage"},"thumbnailUrl":"https:\/\/progettotouring.it\/radiotouring104\/wp-content\/uploads\/sites\/6\/2022\/05\/bicincitta.jpg","keywords":["bicincitt\u00e0","botteghelle","lungomare falcomat\u00e0","pentimele","piazza indipendenza","reggio calabria"],"articleSection":["Home","News","Reggio Calabria"],"inLanguage":"it-IT","potentialAction":[{"@type":"CommentAction","name":"Comment","target":["https:\/\/progettotouring.it\/radiotouring104\/2022\/05\/07\/reggio-calabria-torna-la-manifestazione-ciclistica-bicincitta-info\/#respond"]}]},{"@type":"WebPage","@id":"https:\/\/progettotouring.it\/radiotouring104\/2022\/05\/07\/reggio-calabria-torna-la-manifestazione-ciclistica-bicincitta-info\/","url":"https:\/\/progettotouring.it\/radiotouring104\/2022\/05\/07\/reggio-calabria-torna-la-manifestazione-ciclistica-bicincitta-info\/","name":"Reggio Calabria, torna la manifestazione ciclistica Bicincitt\u00e0 [INFO]","isPartOf":{"@id":"https:\/\/progettotouring.it\/radiotouring104\/#website"},"primaryImageOfPage":{"@id":"https:\/\/progettotouring.it\/radiotouring104\/2022\/05\/07\/reggio-calabria-torna-la-manifestazione-ciclistica-bicincitta-info\/#primaryimage"},"image":{"@id":"https:\/\/progettotouring.it\/radiotouring104\/2022\/05\/07\/reggio-calabria-torna-la-manifestazione-ciclistica-bicincitta-info\/#primaryimage"},"thumbnailUrl":"https:\/\/progettotouring.it\/radiotouring104\/wp-content\/uploads\/sites\/6\/2022\/05\/bicincitta.jpg","datePublished":"2022-05-07T16:34:10+00:00","dateModified":"2022-05-07T16:34:20+00:00","description":"Bicincitt\u00e0 \u00e8 una manifestazione Nazionale UISP che si svolger\u00e0 domenica 15 maggio contemporaneamente in pi\u00f9 di 60 citt\u00e0 italiane","breadcrumb":{"@id":"https:\/\/progettotouring.it\/radiotouring104\/2022\/05\/07\/reggio-calabria-torna-la-manifestazione-ciclistica-bicincitta-info\/#breadcrumb"},"inLanguage":"it-IT","potentialAction":[{"@type":"ReadAction","target":["https:\/\/progettotouring.it\/radiotouring104\/2022\/05\/07\/reggio-calabria-torna-la-manifestazione-ciclistica-bicincitta-info\/"]}]},{"@type":"ImageObject","inLanguage":"it-IT","@id":"https:\/\/progettotouring.it\/radiotouring104\/2022\/05\/07\/reggio-calabria-torna-la-manifestazione-ciclistica-bicincitta-info\/#primaryimage","url":"https:\/\/progettotouring.it\/radiotouring104\/wp-content\/uploads\/sites\/6\/2022\/05\/bicincitta.jpg","contentUrl":"https:\/\/progettotouring.it\/radiotouring104\/wp-content\/uploads\/sites\/6\/2022\/05\/bicincitta.jpg","width":455,"height":431},{"@type":"BreadcrumbList","@id":"https:\/\/progettotouring.it\/radiotouring104\/2022\/05\/07\/reggio-calabria-torna-la-manifestazione-ciclistica-bicincitta-info\/#breadcrumb","itemListElement":[{"@type":"ListItem","position":1,"name":"Home","item":"https:\/\/progettotouring.it\/radiotouring104\/"},{"@type":"ListItem","position":2,"name":"Reggio Calabria, torna la manifestazione ciclistica Bicincitt\u00e0 [INFO]"}]},{"@type":"WebSite","@id":"https:\/\/progettotouring.it\/radiotouring104\/#website","url":"https:\/\/progettotouring.it\/radiotouring104\/","name":"Radio Touring 104","description":"La prima radio Reggina","publisher":{"@id":"https:\/\/progettotouring.it\/radiotouring104\/#organization"},"potentialAction":[{"@type":"SearchAction","target":{"@type":"EntryPoint","urlTemplate":"https:\/\/progettotouring.it\/radiotouring104\/?s={search_term_string}"},"query-input":{"@type":"PropertyValueSpecification","valueRequired":true,"valueName":"search_term_string"}}],"inLanguage":"it-IT"},{"@type":"Organization","@id":"https:\/\/progettotouring.it\/radiotouring104\/#organization","name":"Radio Touring 104","url":"https:\/\/progettotouring.it\/radiotouring104\/","logo":{"@type":"ImageObject","inLanguage":"it-IT","@id":"https:\/\/progettotouring.it\/radiotouring104\/#\/schema\/logo\/image\/","url":"https:\/\/progettotouring.it\/radiotouring104\/wp-content\/uploads\/sites\/6\/2022\/02\/cropped-logo-radio-touring-104.png","contentUrl":"https:\/\/progettotouring.it\/radiotouring104\/wp-content\/uploads\/sites\/6\/2022\/02\/cropped-logo-radio-touring-104.png","width":377,"height":182,"caption":"Radio Touring 104"},"image":{"@id":"https:\/\/progettotouring.it\/radiotouring104\/#\/schema\/logo\/image\/"}},{"@type":"Person","@id":"https:\/\/progettotouring.it\/radiotouring104\/#\/schema\/person\/1b3eb3c07c47136bc44c785c543e635f","name":"redazione","image":{"@type":"ImageObject","inLanguage":"it-IT","@id":"https:\/\/secure.gravatar.com\/avatar\/0b31605b49f100769e8b624b3e05de1b73e1692e9568a352f60f53fd072e6e11?s=96&d=mm&r=g","url":"https:\/\/secure.gravatar.com\/avatar\/0b31605b49f100769e8b624b3e05de1b73e1692e9568a352f60f53fd072e6e11?s=96&d=mm&r=g","contentUrl":"https:\/\/secure.gravatar.com\/avatar\/0b31605b49f100769e8b624b3e05de1b73e1692e9568a352f60f53fd072e6e11?s=96&d=mm&r=g","caption":"redazione"},"url":"https:\/\/progettotouring.it\/radiotouring104\/author\/redazione\/"}]}},"jetpack_publicize_connections":[],"jetpack_featured_media_url":"https:\/\/progettotouring.it\/radiotouring104\/wp-content\/uploads\/sites\/6\/2022\/05\/bicincitta.jpg","jetpack_sharing_enabled":true,"_links":{"self":[{"href":"https:\/\/progettotouring.it\/radiotouring104\/wp-json\/wp\/v2\/posts\/4924","targetHints":{"allow":["GET"]}}],"collection":[{"href":"https:\/\/progettotouring.it\/radiotouring104\/wp-json\/wp\/v2\/posts"}],"about":[{"href":"https:\/\/progettotouring.it\/radiotouring104\/wp-json\/wp\/v2\/types\/post"}],"author":[{"embeddable":true,"href":"https:\/\/progettotouring.it\/radiotouring104\/wp-json\/wp\/v2\/users\/5"}],"replies":[{"embeddable":true,"href":"https:\/\/progettotouring.it\/radiotouring104\/wp-json\/wp\/v2\/comments?post=4924"}],"version-history":[{"count":1,"href":"https:\/\/progettotouring.it\/radiotouring104\/wp-json\/wp\/v2\/posts\/4924\/revisions"}],"predecessor-version":[{"id":4927,"href":"https:\/\/progettotouring.it\/radiotouring104\/wp-json\/wp\/v2\/posts\/4924\/revisions\/4927"}],"wp:featuredmedia":[{"embeddable":true,"href":"https:\/\/progettotouring.it\/radiotouring104\/wp-json\/wp\/v2\/media\/4925"}],"wp:attachment":[{"href":"https:\/\/progettotouring.it\/radiotouring104\/wp-json\/wp\/v2\/media?parent=4924"}],"wp:term":[{"taxonomy":"category","embeddable":true,"href":"https:\/\/progettotouring.it\/radiotouring104\/wp-json\/wp\/v2\/categories?post=4924"},{"taxonomy":"post_tag","embeddable":true,"href":"https:\/\/progettotouring.it\/radiotouring104\/wp-json\/wp\/v2\/tags?post=4924"}],"curies":[{"name":"wp","href":"https:\/\/api.w.org\/{rel}","templated":true}]}}