{"id":4928,"date":"2022-05-08T10:18:04","date_gmt":"2022-05-08T08:18:04","guid":{"rendered":"https:\/\/progettotouring.it\/radiotouring104\/?p=4928"},"modified":"2022-05-08T10:21:17","modified_gmt":"2022-05-08T08:21:17","slug":"la-terza-tappa-del-giro-ditalia-e-adatta-ai-puri-della-velocita-percorso-e-altimetria-della-frazione-odierna","status":"publish","type":"post","link":"https:\/\/progettotouring.it\/radiotouring104\/2022\/05\/08\/la-terza-tappa-del-giro-ditalia-e-adatta-ai-puri-della-velocita-percorso-e-altimetria-della-frazione-odierna\/","title":{"rendered":"La terza tappa del Giro d&#8217;Italia \u00e8 adatta ai puri della velocit\u00e0: percorso e altimetria della frazione odierna"},"content":{"rendered":"<p>La terza tappa del Giro d&#8217;Italia che partir\u00e0 da <strong>Kaposvar<\/strong> e raggiunger\u00e0 <strong>Balatonfured<\/strong> \u00e8 adatta alle ruote veloci. Una frazione che inizia molto veloce con possibili fughe che intorno al chilometro 150 potrebbe esser ripresa. Questa frazione viene chiamata anche la tappa del<strong> Lago Balaton<\/strong>, il mare d\u2019Ungheria. Dopo una prima parte in cui attraverso lievi ondulazioni ci si avvicina al lago si raggiunge <strong>Nagykanizsa<\/strong> dove la tappa effettua il giro di boa per tornare al Balaton. Alcuni brevi saliscendi riportano sulla costa. Ultimi 50 km lungo la costa cona la sola brevissima asperit\u00e0 <strong>dell\u2019Abbazia<\/strong> di <strong>Tihany<\/strong>. Finale rettilineo con solo alcuni lievi cambi di direzione. Finale praticamente piatto. Dopo la penisola di <strong>Tihany<\/strong> la strada percorre la costa con una breve discesa (pochi metri di dislivello) dentro l\u2019ultimo chilometro. Ultimi 500 m rettilinei in impercettibile ascesa fino all\u2019arrivo su asfalto.<\/p>\n","protected":false},"excerpt":{"rendered":"<p>La terza tappa del Giro d&#8217;Italia che partir\u00e0 da Kaposvar e raggiunger\u00e0 Balatonfured \u00e8 adatta alle ruote veloci. Una frazione che inizia molto veloce con possibili fughe che intorno al&hellip;<\/p>\n","protected":false},"author":8,"featured_media":4929,"comment_status":"open","ping_status":"open","sticky":false,"template":"","format":"standard","meta":{"_jetpack_memberships_contains_paid_content":false,"footnotes":"","jetpack_publicize_message":"","jetpack_publicize_feature_enabled":true,"jetpack_social_post_already_shared":false,"jetpack_social_options":{"image_generator_settings":{"template":"highway","default_image_id":0,"font":"","enabled":false},"version":2}},"categories":[196,144],"tags":[1395,459,1394,1393,1392,1391,1390],"class_list":["post-4928","post","type-post","status-publish","format-standard","has-post-thumbnail","hentry","category-news","category-sport","tag-balatonfured","tag-giro-ditalia","tag-kaposvar","tag-lago-balaton","tag-nagykanizsa","tag-tihany","tag-ungheria"],"yoast_head":"<!-- This site is optimized with the Yoast SEO plugin v27.2 - https:\/\/yoast.com\/product\/yoast-seo-wordpress\/ -->\n<title>La terza tappa del Giro d&#039;Italia \u00e8 adatta ai velocisti: il percorso odierno<\/title>\n<meta name=\"description\" content=\"La terza tappa del Giro d&#039;Italia \u00e8 adatta ai velocisti. Il percorso odierno vedr\u00e0 le ruote veloci battagliarsi fino a Balatonfured\" \/>\n<meta name=\"robots\" content=\"index, follow, max-snippet:-1, max-image-preview:large, max-video-preview:-1\" \/>\n<link rel=\"canonical\" href=\"https:\/\/progettotouring.it\/radiotouring104\/2022\/05\/08\/la-terza-tappa-del-giro-ditalia-e-adatta-ai-puri-della-velocita-percorso-e-altimetria-della-frazione-odierna\/\" \/>\n<meta property=\"og:locale\" content=\"it_IT\" \/>\n<meta property=\"og:type\" content=\"article\" \/>\n<meta property=\"og:title\" content=\"La terza tappa del Giro d&#039;Italia \u00e8 adatta ai velocisti: il percorso odierno\" \/>\n<meta property=\"og:description\" content=\"La terza tappa del Giro d&#039;Italia \u00e8 adatta ai velocisti. Il percorso odierno vedr\u00e0 le ruote veloci battagliarsi fino a Balatonfured\" \/>\n<meta property=\"og:url\" content=\"https:\/\/progettotouring.it\/radiotouring104\/2022\/05\/08\/la-terza-tappa-del-giro-ditalia-e-adatta-ai-puri-della-velocita-percorso-e-altimetria-della-frazione-odierna\/\" \/>\n<meta property=\"og:site_name\" content=\"Radio Touring 104\" \/>\n<meta property=\"article:published_time\" content=\"2022-05-08T08:18:04+00:00\" \/>\n<meta property=\"article:modified_time\" content=\"2022-05-08T08:21:17+00:00\" \/>\n<meta property=\"og:image\" content=\"https:\/\/progettotouring.it\/radiotouring104\/wp-content\/uploads\/sites\/6\/2022\/05\/terza-tappa-giro.jpg\" \/>\n\t<meta property=\"og:image:width\" content=\"1280\" \/>\n\t<meta property=\"og:image:height\" content=\"852\" \/>\n\t<meta property=\"og:image:type\" content=\"image\/jpeg\" \/>\n<meta name=\"author\" content=\"Filippo Francesco Idone\" \/>\n<meta name=\"twitter:card\" content=\"summary_large_image\" \/>\n<meta name=\"twitter:label1\" content=\"Scritto da\" \/>\n\t<meta name=\"twitter:data1\" content=\"Filippo Francesco Idone\" \/>\n\t<meta name=\"twitter:label2\" content=\"Tempo di lettura stimato\" \/>\n\t<meta name=\"twitter:data2\" content=\"1 minuto\" \/>\n<script type=\"application\/ld+json\" class=\"yoast-schema-graph\">{\"@context\":\"https:\/\/schema.org\",\"@graph\":[{\"@type\":\"Article\",\"@id\":\"https:\/\/progettotouring.it\/radiotouring104\/2022\/05\/08\/la-terza-tappa-del-giro-ditalia-e-adatta-ai-puri-della-velocita-percorso-e-altimetria-della-frazione-odierna\/#article\",\"isPartOf\":{\"@id\":\"https:\/\/progettotouring.it\/radiotouring104\/2022\/05\/08\/la-terza-tappa-del-giro-ditalia-e-adatta-ai-puri-della-velocita-percorso-e-altimetria-della-frazione-odierna\/\"},\"author\":{\"name\":\"Filippo Francesco Idone\",\"@id\":\"https:\/\/progettotouring.it\/radiotouring104\/#\/schema\/person\/4a82259ca52ac8702ad1a8f9e5a3120b\"},\"headline\":\"La terza tappa del Giro d&#8217;Italia \u00e8 adatta ai puri della velocit\u00e0: percorso e altimetria della frazione odierna\",\"datePublished\":\"2022-05-08T08:18:04+00:00\",\"dateModified\":\"2022-05-08T08:21:17+00:00\",\"mainEntityOfPage\":{\"@id\":\"https:\/\/progettotouring.it\/radiotouring104\/2022\/05\/08\/la-terza-tappa-del-giro-ditalia-e-adatta-ai-puri-della-velocita-percorso-e-altimetria-della-frazione-odierna\/\"},\"wordCount\":158,\"commentCount\":0,\"publisher\":{\"@id\":\"https:\/\/progettotouring.it\/radiotouring104\/#organization\"},\"image\":{\"@id\":\"https:\/\/progettotouring.it\/radiotouring104\/2022\/05\/08\/la-terza-tappa-del-giro-ditalia-e-adatta-ai-puri-della-velocita-percorso-e-altimetria-della-frazione-odierna\/#primaryimage\"},\"thumbnailUrl\":\"https:\/\/progettotouring.it\/radiotouring104\/wp-content\/uploads\/sites\/6\/2022\/05\/terza-tappa-giro.jpg\",\"keywords\":[\"Balatonfured\",\"Giro d'italia\",\"Kaposvar\",\"Lago Balaton\",\"Nagykanizsa\",\"Tihany\",\"ungheria\"],\"articleSection\":[\"News\",\"Sport\"],\"inLanguage\":\"it-IT\",\"potentialAction\":[{\"@type\":\"CommentAction\",\"name\":\"Comment\",\"target\":[\"https:\/\/progettotouring.it\/radiotouring104\/2022\/05\/08\/la-terza-tappa-del-giro-ditalia-e-adatta-ai-puri-della-velocita-percorso-e-altimetria-della-frazione-odierna\/#respond\"]}]},{\"@type\":\"WebPage\",\"@id\":\"https:\/\/progettotouring.it\/radiotouring104\/2022\/05\/08\/la-terza-tappa-del-giro-ditalia-e-adatta-ai-puri-della-velocita-percorso-e-altimetria-della-frazione-odierna\/\",\"url\":\"https:\/\/progettotouring.it\/radiotouring104\/2022\/05\/08\/la-terza-tappa-del-giro-ditalia-e-adatta-ai-puri-della-velocita-percorso-e-altimetria-della-frazione-odierna\/\",\"name\":\"La terza tappa del Giro d'Italia \u00e8 adatta ai velocisti: il percorso odierno\",\"isPartOf\":{\"@id\":\"https:\/\/progettotouring.it\/radiotouring104\/#website\"},\"primaryImageOfPage\":{\"@id\":\"https:\/\/progettotouring.it\/radiotouring104\/2022\/05\/08\/la-terza-tappa-del-giro-ditalia-e-adatta-ai-puri-della-velocita-percorso-e-altimetria-della-frazione-odierna\/#primaryimage\"},\"image\":{\"@id\":\"https:\/\/progettotouring.it\/radiotouring104\/2022\/05\/08\/la-terza-tappa-del-giro-ditalia-e-adatta-ai-puri-della-velocita-percorso-e-altimetria-della-frazione-odierna\/#primaryimage\"},\"thumbnailUrl\":\"https:\/\/progettotouring.it\/radiotouring104\/wp-content\/uploads\/sites\/6\/2022\/05\/terza-tappa-giro.jpg\",\"datePublished\":\"2022-05-08T08:18:04+00:00\",\"dateModified\":\"2022-05-08T08:21:17+00:00\",\"description\":\"La terza tappa del Giro d'Italia \u00e8 adatta ai velocisti. Il percorso odierno vedr\u00e0 le ruote veloci battagliarsi fino a Balatonfured\",\"breadcrumb\":{\"@id\":\"https:\/\/progettotouring.it\/radiotouring104\/2022\/05\/08\/la-terza-tappa-del-giro-ditalia-e-adatta-ai-puri-della-velocita-percorso-e-altimetria-della-frazione-odierna\/#breadcrumb\"},\"inLanguage\":\"it-IT\",\"potentialAction\":[{\"@type\":\"ReadAction\",\"target\":[\"https:\/\/progettotouring.it\/radiotouring104\/2022\/05\/08\/la-terza-tappa-del-giro-ditalia-e-adatta-ai-puri-della-velocita-percorso-e-altimetria-della-frazione-odierna\/\"]}]},{\"@type\":\"ImageObject\",\"inLanguage\":\"it-IT\",\"@id\":\"https:\/\/progettotouring.it\/radiotouring104\/2022\/05\/08\/la-terza-tappa-del-giro-ditalia-e-adatta-ai-puri-della-velocita-percorso-e-altimetria-della-frazione-odierna\/#primaryimage\",\"url\":\"https:\/\/progettotouring.it\/radiotouring104\/wp-content\/uploads\/sites\/6\/2022\/05\/terza-tappa-giro.jpg\",\"contentUrl\":\"https:\/\/progettotouring.it\/radiotouring104\/wp-content\/uploads\/sites\/6\/2022\/05\/terza-tappa-giro.jpg\",\"width\":1280,\"height\":852},{\"@type\":\"BreadcrumbList\",\"@id\":\"https:\/\/progettotouring.it\/radiotouring104\/2022\/05\/08\/la-terza-tappa-del-giro-ditalia-e-adatta-ai-puri-della-velocita-percorso-e-altimetria-della-frazione-odierna\/#breadcrumb\",\"itemListElement\":[{\"@type\":\"ListItem\",\"position\":1,\"name\":\"Home\",\"item\":\"https:\/\/progettotouring.it\/radiotouring104\/\"},{\"@type\":\"ListItem\",\"position\":2,\"name\":\"La terza tappa del Giro d&#8217;Italia \u00e8 adatta ai puri della velocit\u00e0: percorso e altimetria della frazione odierna\"}]},{\"@type\":\"WebSite\",\"@id\":\"https:\/\/progettotouring.it\/radiotouring104\/#website\",\"url\":\"https:\/\/progettotouring.it\/radiotouring104\/\",\"name\":\"Radio Touring 104\",\"description\":\"La prima radio Reggina\",\"publisher\":{\"@id\":\"https:\/\/progettotouring.it\/radiotouring104\/#organization\"},\"potentialAction\":[{\"@type\":\"SearchAction\",\"target\":{\"@type\":\"EntryPoint\",\"urlTemplate\":\"https:\/\/progettotouring.it\/radiotouring104\/?s={search_term_string}\"},\"query-input\":{\"@type\":\"PropertyValueSpecification\",\"valueRequired\":true,\"valueName\":\"search_term_string\"}}],\"inLanguage\":\"it-IT\"},{\"@type\":\"Organization\",\"@id\":\"https:\/\/progettotouring.it\/radiotouring104\/#organization\",\"name\":\"Radio Touring 104\",\"url\":\"https:\/\/progettotouring.it\/radiotouring104\/\",\"logo\":{\"@type\":\"ImageObject\",\"inLanguage\":\"it-IT\",\"@id\":\"https:\/\/progettotouring.it\/radiotouring104\/#\/schema\/logo\/image\/\",\"url\":\"https:\/\/progettotouring.it\/radiotouring104\/wp-content\/uploads\/sites\/6\/2022\/02\/cropped-logo-radio-touring-104.png\",\"contentUrl\":\"https:\/\/progettotouring.it\/radiotouring104\/wp-content\/uploads\/sites\/6\/2022\/02\/cropped-logo-radio-touring-104.png\",\"width\":377,\"height\":182,\"caption\":\"Radio Touring 104\"},\"image\":{\"@id\":\"https:\/\/progettotouring.it\/radiotouring104\/#\/schema\/logo\/image\/\"}},{\"@type\":\"Person\",\"@id\":\"https:\/\/progettotouring.it\/radiotouring104\/#\/schema\/person\/4a82259ca52ac8702ad1a8f9e5a3120b\",\"name\":\"Filippo Francesco Idone\",\"image\":{\"@type\":\"ImageObject\",\"inLanguage\":\"it-IT\",\"@id\":\"https:\/\/secure.gravatar.com\/avatar\/7268715d2366395c3dd314385670e6484117d44f5c442e61e230f7008b7b62d3?s=96&d=mm&r=g\",\"url\":\"https:\/\/secure.gravatar.com\/avatar\/7268715d2366395c3dd314385670e6484117d44f5c442e61e230f7008b7b62d3?s=96&d=mm&r=g\",\"contentUrl\":\"https:\/\/secure.gravatar.com\/avatar\/7268715d2366395c3dd314385670e6484117d44f5c442e61e230f7008b7b62d3?s=96&d=mm&r=g\",\"caption\":\"Filippo Francesco Idone\"},\"url\":\"https:\/\/progettotouring.it\/radiotouring104\/author\/filippoidone\/\"}]}<\/script>\n<!-- \/ Yoast SEO plugin. -->","yoast_head_json":{"title":"La terza tappa del Giro d'Italia \u00e8 adatta ai velocisti: il percorso odierno","description":"La terza tappa del Giro d'Italia \u00e8 adatta ai velocisti. Il percorso odierno vedr\u00e0 le ruote veloci battagliarsi fino a Balatonfured","robots":{"index":"index","follow":"follow","max-snippet":"max-snippet:-1","max-image-preview":"max-image-preview:large","max-video-preview":"max-video-preview:-1"},"canonical":"https:\/\/progettotouring.it\/radiotouring104\/2022\/05\/08\/la-terza-tappa-del-giro-ditalia-e-adatta-ai-puri-della-velocita-percorso-e-altimetria-della-frazione-odierna\/","og_locale":"it_IT","og_type":"article","og_title":"La terza tappa del Giro d'Italia \u00e8 adatta ai velocisti: il percorso odierno","og_description":"La terza tappa del Giro d'Italia \u00e8 adatta ai velocisti. Il percorso odierno vedr\u00e0 le ruote veloci battagliarsi fino a Balatonfured","og_url":"https:\/\/progettotouring.it\/radiotouring104\/2022\/05\/08\/la-terza-tappa-del-giro-ditalia-e-adatta-ai-puri-della-velocita-percorso-e-altimetria-della-frazione-odierna\/","og_site_name":"Radio Touring 104","article_published_time":"2022-05-08T08:18:04+00:00","article_modified_time":"2022-05-08T08:21:17+00:00","og_image":[{"width":1280,"height":852,"url":"https:\/\/progettotouring.it\/radiotouring104\/wp-content\/uploads\/sites\/6\/2022\/05\/terza-tappa-giro.jpg","type":"image\/jpeg"}],"author":"Filippo Francesco Idone","twitter_card":"summary_large_image","twitter_misc":{"Scritto da":"Filippo Francesco Idone","Tempo di lettura stimato":"1 minuto"},"schema":{"@context":"https:\/\/schema.org","@graph":[{"@type":"Article","@id":"https:\/\/progettotouring.it\/radiotouring104\/2022\/05\/08\/la-terza-tappa-del-giro-ditalia-e-adatta-ai-puri-della-velocita-percorso-e-altimetria-della-frazione-odierna\/#article","isPartOf":{"@id":"https:\/\/progettotouring.it\/radiotouring104\/2022\/05\/08\/la-terza-tappa-del-giro-ditalia-e-adatta-ai-puri-della-velocita-percorso-e-altimetria-della-frazione-odierna\/"},"author":{"name":"Filippo Francesco Idone","@id":"https:\/\/progettotouring.it\/radiotouring104\/#\/schema\/person\/4a82259ca52ac8702ad1a8f9e5a3120b"},"headline":"La terza tappa del Giro d&#8217;Italia \u00e8 adatta ai puri della velocit\u00e0: percorso e altimetria della frazione odierna","datePublished":"2022-05-08T08:18:04+00:00","dateModified":"2022-05-08T08:21:17+00:00","mainEntityOfPage":{"@id":"https:\/\/progettotouring.it\/radiotouring104\/2022\/05\/08\/la-terza-tappa-del-giro-ditalia-e-adatta-ai-puri-della-velocita-percorso-e-altimetria-della-frazione-odierna\/"},"wordCount":158,"commentCount":0,"publisher":{"@id":"https:\/\/progettotouring.it\/radiotouring104\/#organization"},"image":{"@id":"https:\/\/progettotouring.it\/radiotouring104\/2022\/05\/08\/la-terza-tappa-del-giro-ditalia-e-adatta-ai-puri-della-velocita-percorso-e-altimetria-della-frazione-odierna\/#primaryimage"},"thumbnailUrl":"https:\/\/progettotouring.it\/radiotouring104\/wp-content\/uploads\/sites\/6\/2022\/05\/terza-tappa-giro.jpg","keywords":["Balatonfured","Giro d'italia","Kaposvar","Lago Balaton","Nagykanizsa","Tihany","ungheria"],"articleSection":["News","Sport"],"inLanguage":"it-IT","potentialAction":[{"@type":"CommentAction","name":"Comment","target":["https:\/\/progettotouring.it\/radiotouring104\/2022\/05\/08\/la-terza-tappa-del-giro-ditalia-e-adatta-ai-puri-della-velocita-percorso-e-altimetria-della-frazione-odierna\/#respond"]}]},{"@type":"WebPage","@id":"https:\/\/progettotouring.it\/radiotouring104\/2022\/05\/08\/la-terza-tappa-del-giro-ditalia-e-adatta-ai-puri-della-velocita-percorso-e-altimetria-della-frazione-odierna\/","url":"https:\/\/progettotouring.it\/radiotouring104\/2022\/05\/08\/la-terza-tappa-del-giro-ditalia-e-adatta-ai-puri-della-velocita-percorso-e-altimetria-della-frazione-odierna\/","name":"La terza tappa del Giro d'Italia \u00e8 adatta ai velocisti: il percorso odierno","isPartOf":{"@id":"https:\/\/progettotouring.it\/radiotouring104\/#website"},"primaryImageOfPage":{"@id":"https:\/\/progettotouring.it\/radiotouring104\/2022\/05\/08\/la-terza-tappa-del-giro-ditalia-e-adatta-ai-puri-della-velocita-percorso-e-altimetria-della-frazione-odierna\/#primaryimage"},"image":{"@id":"https:\/\/progettotouring.it\/radiotouring104\/2022\/05\/08\/la-terza-tappa-del-giro-ditalia-e-adatta-ai-puri-della-velocita-percorso-e-altimetria-della-frazione-odierna\/#primaryimage"},"thumbnailUrl":"https:\/\/progettotouring.it\/radiotouring104\/wp-content\/uploads\/sites\/6\/2022\/05\/terza-tappa-giro.jpg","datePublished":"2022-05-08T08:18:04+00:00","dateModified":"2022-05-08T08:21:17+00:00","description":"La terza tappa del Giro d'Italia \u00e8 adatta ai velocisti. Il percorso odierno vedr\u00e0 le ruote veloci battagliarsi fino a Balatonfured","breadcrumb":{"@id":"https:\/\/progettotouring.it\/radiotouring104\/2022\/05\/08\/la-terza-tappa-del-giro-ditalia-e-adatta-ai-puri-della-velocita-percorso-e-altimetria-della-frazione-odierna\/#breadcrumb"},"inLanguage":"it-IT","potentialAction":[{"@type":"ReadAction","target":["https:\/\/progettotouring.it\/radiotouring104\/2022\/05\/08\/la-terza-tappa-del-giro-ditalia-e-adatta-ai-puri-della-velocita-percorso-e-altimetria-della-frazione-odierna\/"]}]},{"@type":"ImageObject","inLanguage":"it-IT","@id":"https:\/\/progettotouring.it\/radiotouring104\/2022\/05\/08\/la-terza-tappa-del-giro-ditalia-e-adatta-ai-puri-della-velocita-percorso-e-altimetria-della-frazione-odierna\/#primaryimage","url":"https:\/\/progettotouring.it\/radiotouring104\/wp-content\/uploads\/sites\/6\/2022\/05\/terza-tappa-giro.jpg","contentUrl":"https:\/\/progettotouring.it\/radiotouring104\/wp-content\/uploads\/sites\/6\/2022\/05\/terza-tappa-giro.jpg","width":1280,"height":852},{"@type":"BreadcrumbList","@id":"https:\/\/progettotouring.it\/radiotouring104\/2022\/05\/08\/la-terza-tappa-del-giro-ditalia-e-adatta-ai-puri-della-velocita-percorso-e-altimetria-della-frazione-odierna\/#breadcrumb","itemListElement":[{"@type":"ListItem","position":1,"name":"Home","item":"https:\/\/progettotouring.it\/radiotouring104\/"},{"@type":"ListItem","position":2,"name":"La terza tappa del Giro d&#8217;Italia \u00e8 adatta ai puri della velocit\u00e0: percorso e altimetria della frazione odierna"}]},{"@type":"WebSite","@id":"https:\/\/progettotouring.it\/radiotouring104\/#website","url":"https:\/\/progettotouring.it\/radiotouring104\/","name":"Radio Touring 104","description":"La prima radio Reggina","publisher":{"@id":"https:\/\/progettotouring.it\/radiotouring104\/#organization"},"potentialAction":[{"@type":"SearchAction","target":{"@type":"EntryPoint","urlTemplate":"https:\/\/progettotouring.it\/radiotouring104\/?s={search_term_string}"},"query-input":{"@type":"PropertyValueSpecification","valueRequired":true,"valueName":"search_term_string"}}],"inLanguage":"it-IT"},{"@type":"Organization","@id":"https:\/\/progettotouring.it\/radiotouring104\/#organization","name":"Radio Touring 104","url":"https:\/\/progettotouring.it\/radiotouring104\/","logo":{"@type":"ImageObject","inLanguage":"it-IT","@id":"https:\/\/progettotouring.it\/radiotouring104\/#\/schema\/logo\/image\/","url":"https:\/\/progettotouring.it\/radiotouring104\/wp-content\/uploads\/sites\/6\/2022\/02\/cropped-logo-radio-touring-104.png","contentUrl":"https:\/\/progettotouring.it\/radiotouring104\/wp-content\/uploads\/sites\/6\/2022\/02\/cropped-logo-radio-touring-104.png","width":377,"height":182,"caption":"Radio Touring 104"},"image":{"@id":"https:\/\/progettotouring.it\/radiotouring104\/#\/schema\/logo\/image\/"}},{"@type":"Person","@id":"https:\/\/progettotouring.it\/radiotouring104\/#\/schema\/person\/4a82259ca52ac8702ad1a8f9e5a3120b","name":"Filippo Francesco Idone","image":{"@type":"ImageObject","inLanguage":"it-IT","@id":"https:\/\/secure.gravatar.com\/avatar\/7268715d2366395c3dd314385670e6484117d44f5c442e61e230f7008b7b62d3?s=96&d=mm&r=g","url":"https:\/\/secure.gravatar.com\/avatar\/7268715d2366395c3dd314385670e6484117d44f5c442e61e230f7008b7b62d3?s=96&d=mm&r=g","contentUrl":"https:\/\/secure.gravatar.com\/avatar\/7268715d2366395c3dd314385670e6484117d44f5c442e61e230f7008b7b62d3?s=96&d=mm&r=g","caption":"Filippo Francesco Idone"},"url":"https:\/\/progettotouring.it\/radiotouring104\/author\/filippoidone\/"}]}},"jetpack_publicize_connections":[],"jetpack_featured_media_url":"https:\/\/progettotouring.it\/radiotouring104\/wp-content\/uploads\/sites\/6\/2022\/05\/terza-tappa-giro.jpg","jetpack_sharing_enabled":true,"_links":{"self":[{"href":"https:\/\/progettotouring.it\/radiotouring104\/wp-json\/wp\/v2\/posts\/4928","targetHints":{"allow":["GET"]}}],"collection":[{"href":"https:\/\/progettotouring.it\/radiotouring104\/wp-json\/wp\/v2\/posts"}],"about":[{"href":"https:\/\/progettotouring.it\/radiotouring104\/wp-json\/wp\/v2\/types\/post"}],"author":[{"embeddable":true,"href":"https:\/\/progettotouring.it\/radiotouring104\/wp-json\/wp\/v2\/users\/8"}],"replies":[{"embeddable":true,"href":"https:\/\/progettotouring.it\/radiotouring104\/wp-json\/wp\/v2\/comments?post=4928"}],"version-history":[{"count":4,"href":"https:\/\/progettotouring.it\/radiotouring104\/wp-json\/wp\/v2\/posts\/4928\/revisions"}],"predecessor-version":[{"id":4933,"href":"https:\/\/progettotouring.it\/radiotouring104\/wp-json\/wp\/v2\/posts\/4928\/revisions\/4933"}],"wp:featuredmedia":[{"embeddable":true,"href":"https:\/\/progettotouring.it\/radiotouring104\/wp-json\/wp\/v2\/media\/4929"}],"wp:attachment":[{"href":"https:\/\/progettotouring.it\/radiotouring104\/wp-json\/wp\/v2\/media?parent=4928"}],"wp:term":[{"taxonomy":"category","embeddable":true,"href":"https:\/\/progettotouring.it\/radiotouring104\/wp-json\/wp\/v2\/categories?post=4928"},{"taxonomy":"post_tag","embeddable":true,"href":"https:\/\/progettotouring.it\/radiotouring104\/wp-json\/wp\/v2\/tags?post=4928"}],"curies":[{"name":"wp","href":"https:\/\/api.w.org\/{rel}","templated":true}]}}